{"id":493,"date":"2024-12-20T00:40:00","date_gmt":"2024-12-19T23:40:00","guid":{"rendered":"https:\/\/www.site.cdcl.xyz\/2024\/12\/19\/informations-france-bayrou-souhaite-conserver-retailleau-et-a-eu-de-la-peine-pour-sarkozy-france\/"},"modified":"2024-12-20T00:40:00","modified_gmt":"2024-12-19T23:40:00","slug":"informations-france-bayrou-souhaite-conserver-retailleau-et-a-eu-de-la-peine-pour-sarkozy-france","status":"publish","type":"post","link":"https:\/\/www.cc3rivieres76.com\/blog\/informations-france-bayrou-souhaite-conserver-retailleau-et-a-eu-de-la-peine-pour-sarkozy-france\/","title":{"rendered":"Informations France: Bayrou souhaite conserver Retailleau et a eu de la \u00ab\u00a0peine\u00a0\u00bb pour Sarkozy #France"},"content":{"rendered":"\n<p>Ce post, dont le sujet est \u00ab&nbsp;Actualit\u00e9 fran\u00e7aise&nbsp;\u00bb, a \u00e9t\u00e9 d\u00e9couvert sur internet, nous sommes heureux de vous en produire l\u2019essentiel ci-dessous.<\/p>\n<h2>Ceci a \u00e9t\u00e9 diffus\u00e9 par Le Point \u2013 Politique<\/h2>\n<p><u>Signature . <\/u><\/p>\n<p><u>Date et heure de la r\u00e9ception de la d\u00e9p\u00e9che sur notre fil d\u2019info:<\/u><strong><span id=\"date\"><\/span><\/strong><\/p>\n<p><u>Date et heure de publication sur internet:<\/u> <strong><span id=\"datecrea\"><\/span><\/strong><\/p>\n<p><u>Titre exacte donn\u00e9 par le journal \u00e9tait:<\/u> <strong>Bayrou souhaite conserver Retailleau et a eu de la \u00ab&nbsp;peine&nbsp;\u00bb pour Sarkozy<\/strong><\/p>\n<p><u>Information et contenu publi\u00e9s :<\/u><\/p>\n<div id=\"contenu\"> <!-- include t_www_2023\/pages\/article\/blocs\/tag_pub.tpl --><br \/><!-- include \/t_www_2023\/pages\/article\/blocs\/tag_pub.tpl --><\/p>\n<p><span class=\"dflt-txt__lettrine\">A<\/span>vec un optimisme \u00ab&nbsp;peut-\u00eatre d\u00e9lirant&nbsp;\u00bb, Fran\u00e7ois Bayrou l\u2019assure&nbsp;: \u00ab&nbsp;On peut y arriver.&nbsp;\u00bb&nbsp;\u00c0 quoi&nbsp;? \u00c0 former un gouvernement \u00ab&nbsp;avant No\u00ebl&nbsp;\u00bb, potentiellement d\u00e8s ce week-end, \u00e0 faire adopter un budget d\u2019ici \u00e0 la \u00ab&nbsp;mi-f\u00e9vrier&nbsp;\u00bb, \u00e0 r\u00e9examiner la r\u00e9forme des retraites en trouvant une alternative aux 64&nbsp;ans ou encore \u00e0 r\u00e9duire les d\u00e9ficits publics. Invit\u00e9 de <em>L\u2019\u00c9v\u00e9nement,<\/em> sur France 2, jeudi soir, le Premier ministre a insist\u00e9&nbsp;: la France n\u2019a pas le choix. Son gouvernement, c\u2019est \u00ab&nbsp;la derni\u00e8re station avant la falaise&nbsp;\u00bb.<\/p>\n<section class=\"mbl txtcenter\">\n<div id=\"newsletter\" class=\"bloc-1 title-top\">\n<span class=\"h2\">La newsletter politique<\/span><\/p>\n<div class=\"step-1\">\n<p class=\"period\">Tous les lundis \u00e0 11h30<\/p>\n<p>Recevez en avant-premi\u00e8re les informations et analyses politiques de la r\u00e9daction du Point.<\/p>\n<\/div>\n<div class=\"step-2\">\n<p>Merci !<br \/>Votre inscription a bien \u00e9t\u00e9 prise en compte avec l\u2019adresse email :<br \/><span class=\"email-sended\"><\/span><\/p>\n<p>Pour d\u00e9couvrir toutes nos autres newsletters, rendez-vous ici : MonCompte<\/p>\n<\/div>\n<p>En vous inscrivant, vous acceptez les conditions g\u00e9n\u00e9rales d\u2019utilisations et notre politique de confidentialit\u00e9.<\/p>\n<\/div>\n<h2 class=\"intertitre-puce\">Un gouvernement avant No\u00ebl<\/h2>\n<p>Jeudi, Bayrou a re\u00e7u les chefs de parti&nbsp;et de groupe&nbsp;parlementaire&nbsp;hors LFI et RN, deux forces politiques qu\u2019il ne veut pas \u00ab&nbsp;exclure&nbsp;\u00bb du d\u00e9bat, assurant qu\u2019il trouvera un moyen de \u00ab&nbsp;les informer&nbsp;\u00bb. Pour le reste, le Premier ministre s\u2019en tient \u00e0 son ultimatum qui expire vendredi et compte former un gouvernement avant No\u00ebl, esp\u00e9rant le faire \u00ab&nbsp;dans le week-end&nbsp;\u00bb.<\/p>\n<p><span class=\"Capsule premium\"><span class=\"Phylactery\">\u00c0 LIRE AUSSI<\/span> <strong class=\"strong\">EXCLUSIF. Les premi\u00e8res confidences de Fran\u00e7ois Bayrou \u00e0 Matignon<\/strong><\/span>Fran\u00e7ois Bayrou souhaite reconduire Bruno Retailleau \u00e0 l\u2019Int\u00e9rieur, car ce dernier \u00ab&nbsp;a montr\u00e9, ces derni\u00e8res semaines et derniers mois, qu\u2019il avait trouv\u00e9 des d\u00e9cisions et des orientations qui r\u00e9pondaient \u00e0 une partie de ce que l\u2019opinion demande&nbsp;\u00bb.<\/p>\n<section class=\"mbl txtcenter\">\n<p>Apr\u00e8s les consultations, Olivier Faure a assur\u00e9 devant les cam\u00e9ras que le Parti socialiste ne participerait pas au gouvernement&nbsp;: \u00ab&nbsp;Nous n\u2019avons pas trouv\u00e9 de raisons de ne pas le censurer. Il faut vraiment que le Premier ministre, que celles et ceux qui l\u2019entourent&nbsp;se r\u00e9veillent.&nbsp;\u00bb Bayrou souhaite malgr\u00e9 tout toujours inclure \u00ab&nbsp;un courant de la gauche d\u00e9mocratique&nbsp;\u00bb. \u00ab&nbsp;Peut-\u00eatre que certains ont envie ou h\u00e9sitent. J\u2019ouvre la porte. Je serai heureux si on peut montrer que se conjuguent ces sensibilit\u00e9s.&nbsp;\u00bb<\/p>\n<h2 class=\"intertitre-puce\">Pas de 49.3,&nbsp;sauf en cas de \u00ab&nbsp;blocage absolu&nbsp;\u00bb sur le budget<\/h2>\n<p>Le maire de Pau table sur l\u2019adoption d\u2019un budget d\u2019ici \u00e0 \u00ab&nbsp;la mi-f\u00e9vrier&nbsp;\u00bb sans \u00eatre \u00ab&nbsp;s\u00fbr d\u2019y arriver&nbsp;\u00bb. Il repartira de \u00ab&nbsp;la copie vot\u00e9e&nbsp;\u00bb au Parlement. Il s\u2019engage \u00e0 ne pas utiliser le 49.3 pour gouverner, \u00ab&nbsp;sauf en cas de blocage absolu sur le budget&nbsp;\u00bb, notant que c\u2019est cette solution ou \u00ab&nbsp;des ordonnances&nbsp;\u00bb.<\/p>\n<p><span class=\"Capsule premium\"><span class=\"Phylactery\">\u00c0 LIRE AUSSI<\/span> <strong class=\"strong\">Marc Sangnier, ce chr\u00e9tien la\u00efque qui inspire Fran\u00e7ois Bayrou<\/strong><\/span>Sur le d\u00e9ficit public de la France, Bayrou s\u2019accorde de la souplesse, sans s\u2019accrocher aux 5&nbsp;% du PIB fix\u00e9s pour&nbsp;2025&nbsp;par Michel Barnier&nbsp;mais en \u00e9cartant la possibilit\u00e9 d\u2019aller jusqu\u2019\u00e0 6&nbsp;%, car la France fait face au \u00ab&nbsp;mur de la dette&nbsp;\u00bb. \u00ab&nbsp;Je pense qu\u2019il faut faire des \u00e9conomies&nbsp;\u00bb, insiste-t-il, sans vouloir en dire davantage pour laisser \u00ab&nbsp;ouverte une porte de bonne foi&nbsp;\u00bb aux discussions.<\/p>\n<section class=\"mbl txtcenter\">\n<h2 class=\"intertitre-puce\">\u00ab&nbsp;Reprendre sans suspendre&nbsp;\u00bb la r\u00e9forme des retraites<\/h2>\n<p>Pas question de suspendre la r\u00e9forme des retraites. Car \u00ab&nbsp;quand on suspend&nbsp;on ne reprend jamais&nbsp;\u00bb. Mais Fran\u00e7ois Bayrou est ouvert \u00e0 des am\u00e9nagements, notamment sur l\u2019\u00e2ge d\u2019un d\u00e9part \u00e0 64&nbsp;ans, disant \u00ab&nbsp;croire&nbsp;\u00bb \u00e0 une alternative qu\u2019il veut n\u00e9gocier avec \u00ab&nbsp;les forces qui sont au Parlement et les partenaires sociaux, les syndicats, les repr\u00e9sentants des entreprises&nbsp;\u00bb.<\/p>\n<h2 class=\"intertitre-puce\">Une reconstruction \u00e0 Mayotte \u00ab&nbsp;peut-\u00eatre en deux ans&nbsp;\u00bb<\/h2>\n<p><span class=\"Capsule discover-kangourou\"><br \/><span class=\"Phylactery\">\u00c0 D\u00e9couvrir<\/span><br \/><strong class=\"discover-kangourou__line\"><br \/><img decoding=\"async\" class=\"discover-kangourou__img\" src=\"https:\/\/www.site.cdcl.xyz\/wp-content\/uploads\/2024\/10\/Actus-nationales-Presidentielle-americaine-Kamala-Harris-hausse-le-ton-face.svg.svg+xml\"><br \/><strong class=\"discover-kangourou__txt\"><br \/><strong>Le Kangourou du jour<\/strong><\/strong><\/strong><\/span><\/p>\n<p>R\u00e9pondre<\/p>\n<p>\u00ab&nbsp;Tout le monde tremble \u00e0 l\u2019id\u00e9e du nombre r\u00e9el de victimes&nbsp;\u00bb, dit le Premier ministre&nbsp;alors que le bilan sera bien plus lourd que les&nbsp;31&nbsp;morts pour l\u2019instant recens\u00e9s sur l\u2019archipel d\u00e9vast\u00e9 par le cyclone Chido. Alors qu\u2019Emmanuel Macron est sur place, Fran\u00e7ois Bayrou se rendra \u00e0 Mayotte une fois son gouvernement form\u00e9. Il esp\u00e8re une reconstruction des infrastructures \u00ab&nbsp;dans les plus brefs d\u00e9lais&nbsp;\u00bb, \u00ab&nbsp;peut-\u00eatre en deux ans&nbsp;\u00bb.<\/p>\n<h2 class=\"intertitre-puce\">De la \u00ab&nbsp;peine&nbsp;\u00bb pour Nicolas Sarkozy<\/h2>\n<p>On peut \u00eatre adversaire politique et avoir de la compassion. Sans pouvoir commenter la d\u00e9cision de justice&nbsp;alors que Nicolas Sarkozy a \u00e9t\u00e9 d\u00e9finitivement condamn\u00e9 \u00e0 un an de prison ferme dans l\u2019affaire des \u00e9coutes, Fran\u00e7ois Bayrou l\u2019affirme&nbsp;: \u00ab&nbsp;\u00c7a m\u2019a fait peine&nbsp;pour lui, pour les siens. Je sais ce que c\u2019est que de se trouver devant l\u2019appareil de la justice.&nbsp;\u00bb Apr\u00e8s le verdict historique au proc\u00e8s des viols de Mazan, le Premier ministre s\u2019est \u00e9galement dit \u00ab&nbsp;\u00e9perdu d\u2019admiration pour Gis\u00e8le Pelicot&nbsp;\u00bb.<\/p>\n<\/section>\n<\/section>\n<\/section>\n<\/div>\n<p> <img decoding=\"async\" src=\"https:\/\/www.cc3rivieres76.com\/blog\/wp-content\/uploads\/2024\/12\/informations-france-bayrou-souhaite-conserver-retailleau-et-a-eu-de-la-peine-pour-sarkozy-france.jpg\" alt=\"Bayrou souhaite conserver Retailleau et a eu de la \u00ab&nbsp;peine&nbsp;\u00bb pour Sarkozy\"><\/p>\n<p>#Bayrou #souhaite #conserver #Retailleau #peine #pour #Sarkozy<\/p>\n<p>Reprise de l\u2019information dans un style journalistique professionnel descriptif en organisant les id\u00e9es dans un ordre coh\u00e9rent avec titres html <\/p>\n<p>Bibliographie :<\/p>\n<p>Droit fiscal\/Les distributions effectu\u00e9es par des soci\u00e9t\u00e9s \u00e9trang\u00e8res exer\u00e7ant une activit\u00e9 en France.,<a href=\"https:\/\/fr.wikibooks.org\/wiki\/Droit_fiscal\/Les_distributions_effectu%C3%A9es_par_des_soci%C3%A9t%C3%A9s_%C3%A9trang%C3%A8res_exer%C3%A7ant_une_activit%C3%A9_en_France\" target=\"_blank\" rel=\"noopener noreferrer nofollow\">Fiche du livre<\/a><span><\/span>.<\/p>\n<p>L\u2019opium des \u00e9lites.,<a href=\"https:\/\/www.kobo.com\/fr\/fr\/ebook\/l-opium-des-elites\" target=\"_blank\" rel=\"noopener noreferrer nofollow\">R\u00e9f\u00e9rences de l\u2019ouvrage<\/a><span><\/span>. Disponible dans toutes les bonnes biblioth\u00e8ques de votre d\u00e9partement.<\/p>\n<p>Photographie\/Personnalit\u00e9s\/S\/Gr\u00e9goire Soussan.,<a href=\"https:\/\/fr.wikibooks.org\/wiki\/Photographie\/Personnalit%C3%A9s\/S\/Gr%C3%A9goire_Soussan\" target=\"_blank\" rel=\"noopener noreferrer nofollow\">Clicker Ici <\/a><span><\/span>.<\/p>\n<p> Cet article, qui traite du th\u00e8me \u00ab\u00a0Les 3 rivi\u00e8res dans la Somme\u00a0\u00bb, vous est sp\u00e9cialement sugg\u00e9r\u00e9 par cc3rivieres76.com. La chronique est reproduite du mieux possible. Dans le cas o\u00f9 vous souhaitez apporter quelques pr\u00e9cisions concernant le domaine de \u00ab\u00a0Les 3 rivi\u00e8res dans la Somme\u00a0\u00bb vous pouvez solliciter notre r\u00e9daction. La destination de cc3rivieres76.com est de d\u00e9battre de Les 3 rivi\u00e8res dans la Somme dans la transparence en vous apportant la connaissance de tout ce qui est en lien avec ce sujet sur la toile Connectez-vous sur notre site cc3rivieres76.com et nos r\u00e9seaux sociaux dans le but d\u2019\u00eatre inform\u00e9 des futures publications.<\/p>\n","protected":false},"excerpt":{"rendered":"<p>Ce post, dont le sujet est \u00ab&nbsp;Actualit\u00e9 fran\u00e7aise&nbsp;\u00bb, a \u00e9t\u00e9 d\u00e9couvert sur internet, nous sommes heureux de vous en produire l\u2019essentiel ci-dessous. Ceci a \u00e9t\u00e9 diffus\u00e9 par Le Point \u2013 Politique Signature . Date et heure de la r\u00e9ception de la d\u00e9p\u00e9che sur notre fil d\u2019info: Date et heure de publication sur internet: Titre exacte &hellip; <\/p>\n<p class=\"link-more\"><a href=\"https:\/\/www.cc3rivieres76.com\/blog\/informations-france-bayrou-souhaite-conserver-retailleau-et-a-eu-de-la-peine-pour-sarkozy-france\/\" class=\"more-link\">Continuer la lecture <span class=\"screen-reader-text\"> \u00ab\u00a0Informations France: Bayrou souhaite conserver Retailleau et a eu de la \u00ab\u00a0peine\u00a0\u00bb pour Sarkozy #France\u00a0\u00bb<\/span><\/a><\/p>\n","protected":false},"author":3,"featured_media":0,"comment_status":"closed","ping_status":"closed","sticky":false,"template":"","format":"standard","meta":{"footnotes":""},"categories":[2],"tags":[],"class_list":["post-493","post","type-post","status-publish","format-standard","hentry","category-les-3-rivieres-dans-la-somme","entry"],"yoast_head":"<!-- This site is optimized with the Yoast SEO plugin v27.5 - https:\/\/yoast.com\/product\/yoast-seo-wordpress\/ -->\n<title>Informations France: Bayrou souhaite conserver Retailleau et a eu de la \u00ab\u00a0peine\u00a0\u00bb pour Sarkozy #France - CC3RIVIERES76<\/title>\n<meta name=\"robots\" content=\"index, follow, max-snippet:-1, max-image-preview:large, max-video-preview:-1\" \/>\n<link rel=\"canonical\" href=\"https:\/\/www.cc3rivieres76.com\/blog\/informations-france-bayrou-souhaite-conserver-retailleau-et-a-eu-de-la-peine-pour-sarkozy-france\/\" \/>\n<meta property=\"og:locale\" content=\"fr_FR\" \/>\n<meta property=\"og:type\" content=\"article\" \/>\n<meta property=\"og:title\" content=\"Informations France: Bayrou souhaite conserver Retailleau et a eu de la \u00ab\u00a0peine\u00a0\u00bb pour Sarkozy #France - CC3RIVIERES76\" \/>\n<meta property=\"og:description\" content=\"Ce post, dont le sujet est \u00ab&nbsp;Actualit\u00e9 fran\u00e7aise&nbsp;\u00bb, a \u00e9t\u00e9 d\u00e9couvert sur internet, nous sommes heureux de vous en produire l\u2019essentiel ci-dessous. Ceci a \u00e9t\u00e9 diffus\u00e9 par Le Point \u2013 Politique Signature . Date et heure de la r\u00e9ception de la d\u00e9p\u00e9che sur notre fil d\u2019info: Date et heure de publication sur internet: Titre exacte &hellip; Continuer la lecture \u00ab\u00a0Informations France: Bayrou souhaite conserver Retailleau et a eu de la \u00ab\u00a0peine\u00a0\u00bb pour Sarkozy #France\u00a0\u00bb\" \/>\n<meta property=\"og:url\" content=\"https:\/\/www.cc3rivieres76.com\/blog\/informations-france-bayrou-souhaite-conserver-retailleau-et-a-eu-de-la-peine-pour-sarkozy-france\/\" \/>\n<meta property=\"og:site_name\" content=\"CC3RIVIERES76\" \/>\n<meta property=\"article:published_time\" content=\"2024-12-19T23:40:00+00:00\" \/>\n<meta property=\"og:image\" content=\"https:\/\/www.site.cdcl.xyz\/wp-content\/uploads\/2024\/10\/Actus-nationales-Presidentielle-americaine-Kamala-Harris-hausse-le-ton-face.svg.svg+xml\" \/>\n<meta name=\"author\" content=\"Sylvie DE LAUZAINGHEIN\" \/>\n<meta name=\"twitter:card\" content=\"summary_large_image\" \/>\n<meta name=\"twitter:label1\" content=\"\u00c9crit par\" \/>\n\t<meta name=\"twitter:data1\" content=\"Sylvie DE LAUZAINGHEIN\" \/>\n\t<meta name=\"twitter:label2\" content=\"Dur\u00e9e de lecture estim\u00e9e\" \/>\n\t<meta name=\"twitter:data2\" content=\"6 minutes\" \/>\n<script type=\"application\/ld+json\" class=\"yoast-schema-graph\">{\"@context\":\"https:\\\/\\\/schema.org\",\"@graph\":[{\"@type\":\"Article\",\"@id\":\"https:\\\/\\\/www.cc3rivieres76.com\\\/blog\\\/informations-france-bayrou-souhaite-conserver-retailleau-et-a-eu-de-la-peine-pour-sarkozy-france\\\/#article\",\"isPartOf\":{\"@id\":\"https:\\\/\\\/www.cc3rivieres76.com\\\/blog\\\/informations-france-bayrou-souhaite-conserver-retailleau-et-a-eu-de-la-peine-pour-sarkozy-france\\\/\"},\"author\":{\"name\":\"Sylvie DE LAUZAINGHEIN\",\"@id\":\"https:\\\/\\\/www.cc3rivieres76.com\\\/blog\\\/#\\\/schema\\\/person\\\/474d457fb7747b5218f39792dfaa5a1c\"},\"headline\":\"Informations France: Bayrou souhaite conserver Retailleau et a eu de la \u00ab\u00a0peine\u00a0\u00bb pour Sarkozy #France\",\"datePublished\":\"2024-12-19T23:40:00+00:00\",\"mainEntityOfPage\":{\"@id\":\"https:\\\/\\\/www.cc3rivieres76.com\\\/blog\\\/informations-france-bayrou-souhaite-conserver-retailleau-et-a-eu-de-la-peine-pour-sarkozy-france\\\/\"},\"wordCount\":1171,\"publisher\":{\"@id\":\"https:\\\/\\\/www.cc3rivieres76.com\\\/blog\\\/#organization\"},\"image\":{\"@id\":\"https:\\\/\\\/www.cc3rivieres76.com\\\/blog\\\/informations-france-bayrou-souhaite-conserver-retailleau-et-a-eu-de-la-peine-pour-sarkozy-france\\\/#primaryimage\"},\"thumbnailUrl\":\"https:\\\/\\\/www.site.cdcl.xyz\\\/wp-content\\\/uploads\\\/2024\\\/10\\\/Actus-nationales-Presidentielle-americaine-Kamala-Harris-hausse-le-ton-face.svg.svg+xml\",\"articleSection\":[\"Les 3 Rivi\u00e8res Dans La Somme:\"],\"inLanguage\":\"fr-FR\"},{\"@type\":\"WebPage\",\"@id\":\"https:\\\/\\\/www.cc3rivieres76.com\\\/blog\\\/informations-france-bayrou-souhaite-conserver-retailleau-et-a-eu-de-la-peine-pour-sarkozy-france\\\/\",\"url\":\"https:\\\/\\\/www.cc3rivieres76.com\\\/blog\\\/informations-france-bayrou-souhaite-conserver-retailleau-et-a-eu-de-la-peine-pour-sarkozy-france\\\/\",\"name\":\"Informations France: Bayrou souhaite conserver Retailleau et a eu de la \u00ab\u00a0peine\u00a0\u00bb pour Sarkozy #France - CC3RIVIERES76\",\"isPartOf\":{\"@id\":\"https:\\\/\\\/www.cc3rivieres76.com\\\/blog\\\/#website\"},\"primaryImageOfPage\":{\"@id\":\"https:\\\/\\\/www.cc3rivieres76.com\\\/blog\\\/informations-france-bayrou-souhaite-conserver-retailleau-et-a-eu-de-la-peine-pour-sarkozy-france\\\/#primaryimage\"},\"image\":{\"@id\":\"https:\\\/\\\/www.cc3rivieres76.com\\\/blog\\\/informations-france-bayrou-souhaite-conserver-retailleau-et-a-eu-de-la-peine-pour-sarkozy-france\\\/#primaryimage\"},\"thumbnailUrl\":\"https:\\\/\\\/www.site.cdcl.xyz\\\/wp-content\\\/uploads\\\/2024\\\/10\\\/Actus-nationales-Presidentielle-americaine-Kamala-Harris-hausse-le-ton-face.svg.svg+xml\",\"datePublished\":\"2024-12-19T23:40:00+00:00\",\"breadcrumb\":{\"@id\":\"https:\\\/\\\/www.cc3rivieres76.com\\\/blog\\\/informations-france-bayrou-souhaite-conserver-retailleau-et-a-eu-de-la-peine-pour-sarkozy-france\\\/#breadcrumb\"},\"inLanguage\":\"fr-FR\",\"potentialAction\":[{\"@type\":\"ReadAction\",\"target\":[\"https:\\\/\\\/www.cc3rivieres76.com\\\/blog\\\/informations-france-bayrou-souhaite-conserver-retailleau-et-a-eu-de-la-peine-pour-sarkozy-france\\\/\"]}]},{\"@type\":\"ImageObject\",\"inLanguage\":\"fr-FR\",\"@id\":\"https:\\\/\\\/www.cc3rivieres76.com\\\/blog\\\/informations-france-bayrou-souhaite-conserver-retailleau-et-a-eu-de-la-peine-pour-sarkozy-france\\\/#primaryimage\",\"url\":\"https:\\\/\\\/www.site.cdcl.xyz\\\/wp-content\\\/uploads\\\/2024\\\/10\\\/Actus-nationales-Presidentielle-americaine-Kamala-Harris-hausse-le-ton-face.svg.svg+xml\",\"contentUrl\":\"https:\\\/\\\/www.site.cdcl.xyz\\\/wp-content\\\/uploads\\\/2024\\\/10\\\/Actus-nationales-Presidentielle-americaine-Kamala-Harris-hausse-le-ton-face.svg.svg+xml\"},{\"@type\":\"BreadcrumbList\",\"@id\":\"https:\\\/\\\/www.cc3rivieres76.com\\\/blog\\\/informations-france-bayrou-souhaite-conserver-retailleau-et-a-eu-de-la-peine-pour-sarkozy-france\\\/#breadcrumb\",\"itemListElement\":[{\"@type\":\"ListItem\",\"position\":1,\"name\":\"Accueil\",\"item\":\"https:\\\/\\\/www.cc3rivieres76.com\\\/blog\\\/\"},{\"@type\":\"ListItem\",\"position\":2,\"name\":\"Informations France: Bayrou souhaite conserver Retailleau et a eu de la \u00ab\u00a0peine\u00a0\u00bb pour Sarkozy #France\"}]},{\"@type\":\"WebSite\",\"@id\":\"https:\\\/\\\/www.cc3rivieres76.com\\\/blog\\\/#website\",\"url\":\"https:\\\/\\\/www.cc3rivieres76.com\\\/blog\\\/\",\"name\":\"CC3RIVIERES76\",\"description\":\"Les 3 rivi\u00e8res dans la Somme.\",\"publisher\":{\"@id\":\"https:\\\/\\\/www.cc3rivieres76.com\\\/blog\\\/#organization\"},\"potentialAction\":[{\"@type\":\"SearchAction\",\"target\":{\"@type\":\"EntryPoint\",\"urlTemplate\":\"https:\\\/\\\/www.cc3rivieres76.com\\\/blog\\\/?s={search_term_string}\"},\"query-input\":{\"@type\":\"PropertyValueSpecification\",\"valueRequired\":true,\"valueName\":\"search_term_string\"}}],\"inLanguage\":\"fr-FR\"},{\"@type\":\"Organization\",\"@id\":\"https:\\\/\\\/www.cc3rivieres76.com\\\/blog\\\/#organization\",\"name\":\"cc3rivieres76\",\"url\":\"https:\\\/\\\/www.cc3rivieres76.com\\\/blog\\\/\",\"logo\":{\"@type\":\"ImageObject\",\"inLanguage\":\"fr-FR\",\"@id\":\"https:\\\/\\\/www.cc3rivieres76.com\\\/blog\\\/#\\\/schema\\\/logo\\\/image\\\/\",\"url\":\"https:\\\/\\\/www.cc3rivieres76.com\\\/blog\\\/wp-content\\\/uploads\\\/2023\\\/06\\\/logo-2.png\",\"contentUrl\":\"https:\\\/\\\/www.cc3rivieres76.com\\\/blog\\\/wp-content\\\/uploads\\\/2023\\\/06\\\/logo-2.png\",\"width\":390,\"height\":388,\"caption\":\"cc3rivieres76\"},\"image\":{\"@id\":\"https:\\\/\\\/www.cc3rivieres76.com\\\/blog\\\/#\\\/schema\\\/logo\\\/image\\\/\"}},{\"@type\":\"Person\",\"@id\":\"https:\\\/\\\/www.cc3rivieres76.com\\\/blog\\\/#\\\/schema\\\/person\\\/474d457fb7747b5218f39792dfaa5a1c\",\"name\":\"Sylvie DE LAUZAINGHEIN\",\"image\":{\"@type\":\"ImageObject\",\"inLanguage\":\"fr-FR\",\"@id\":\"https:\\\/\\\/secure.gravatar.com\\\/avatar\\\/9c6a53b19e0a3431aa80de0895b9729fe665cd7e7d6cc94fc11abb152f4237d7?s=96&d=mm&r=g\",\"url\":\"https:\\\/\\\/secure.gravatar.com\\\/avatar\\\/9c6a53b19e0a3431aa80de0895b9729fe665cd7e7d6cc94fc11abb152f4237d7?s=96&d=mm&r=g\",\"contentUrl\":\"https:\\\/\\\/secure.gravatar.com\\\/avatar\\\/9c6a53b19e0a3431aa80de0895b9729fe665cd7e7d6cc94fc11abb152f4237d7?s=96&d=mm&r=g\",\"caption\":\"Sylvie DE LAUZAINGHEIN\"},\"url\":\"https:\\\/\\\/www.cc3rivieres76.com\\\/blog\\\/author\\\/s76sylvie\\\/\"}]}<\/script>\n<!-- \/ Yoast SEO plugin. -->","yoast_head_json":{"title":"Informations France: Bayrou souhaite conserver Retailleau et a eu de la \u00ab\u00a0peine\u00a0\u00bb pour Sarkozy #France - CC3RIVIERES76","robots":{"index":"index","follow":"follow","max-snippet":"max-snippet:-1","max-image-preview":"max-image-preview:large","max-video-preview":"max-video-preview:-1"},"canonical":"https:\/\/www.cc3rivieres76.com\/blog\/informations-france-bayrou-souhaite-conserver-retailleau-et-a-eu-de-la-peine-pour-sarkozy-france\/","og_locale":"fr_FR","og_type":"article","og_title":"Informations France: Bayrou souhaite conserver Retailleau et a eu de la \u00ab\u00a0peine\u00a0\u00bb pour Sarkozy #France - CC3RIVIERES76","og_description":"Ce post, dont le sujet est \u00ab&nbsp;Actualit\u00e9 fran\u00e7aise&nbsp;\u00bb, a \u00e9t\u00e9 d\u00e9couvert sur internet, nous sommes heureux de vous en produire l\u2019essentiel ci-dessous. Ceci a \u00e9t\u00e9 diffus\u00e9 par Le Point \u2013 Politique Signature . Date et heure de la r\u00e9ception de la d\u00e9p\u00e9che sur notre fil d\u2019info: Date et heure de publication sur internet: Titre exacte &hellip; Continuer la lecture \u00ab\u00a0Informations France: Bayrou souhaite conserver Retailleau et a eu de la \u00ab\u00a0peine\u00a0\u00bb pour Sarkozy #France\u00a0\u00bb","og_url":"https:\/\/www.cc3rivieres76.com\/blog\/informations-france-bayrou-souhaite-conserver-retailleau-et-a-eu-de-la-peine-pour-sarkozy-france\/","og_site_name":"CC3RIVIERES76","article_published_time":"2024-12-19T23:40:00+00:00","og_image":[{"url":"https:\/\/www.site.cdcl.xyz\/wp-content\/uploads\/2024\/10\/Actus-nationales-Presidentielle-americaine-Kamala-Harris-hausse-le-ton-face.svg.svg+xml","type":"","width":"","height":""}],"author":"Sylvie DE LAUZAINGHEIN","twitter_card":"summary_large_image","twitter_misc":{"\u00c9crit par":"Sylvie DE LAUZAINGHEIN","Dur\u00e9e de lecture estim\u00e9e":"6 minutes"},"schema":{"@context":"https:\/\/schema.org","@graph":[{"@type":"Article","@id":"https:\/\/www.cc3rivieres76.com\/blog\/informations-france-bayrou-souhaite-conserver-retailleau-et-a-eu-de-la-peine-pour-sarkozy-france\/#article","isPartOf":{"@id":"https:\/\/www.cc3rivieres76.com\/blog\/informations-france-bayrou-souhaite-conserver-retailleau-et-a-eu-de-la-peine-pour-sarkozy-france\/"},"author":{"name":"Sylvie DE LAUZAINGHEIN","@id":"https:\/\/www.cc3rivieres76.com\/blog\/#\/schema\/person\/474d457fb7747b5218f39792dfaa5a1c"},"headline":"Informations France: Bayrou souhaite conserver Retailleau et a eu de la \u00ab\u00a0peine\u00a0\u00bb pour Sarkozy #France","datePublished":"2024-12-19T23:40:00+00:00","mainEntityOfPage":{"@id":"https:\/\/www.cc3rivieres76.com\/blog\/informations-france-bayrou-souhaite-conserver-retailleau-et-a-eu-de-la-peine-pour-sarkozy-france\/"},"wordCount":1171,"publisher":{"@id":"https:\/\/www.cc3rivieres76.com\/blog\/#organization"},"image":{"@id":"https:\/\/www.cc3rivieres76.com\/blog\/informations-france-bayrou-souhaite-conserver-retailleau-et-a-eu-de-la-peine-pour-sarkozy-france\/#primaryimage"},"thumbnailUrl":"https:\/\/www.site.cdcl.xyz\/wp-content\/uploads\/2024\/10\/Actus-nationales-Presidentielle-americaine-Kamala-Harris-hausse-le-ton-face.svg.svg+xml","articleSection":["Les 3 Rivi\u00e8res Dans La Somme:"],"inLanguage":"fr-FR"},{"@type":"WebPage","@id":"https:\/\/www.cc3rivieres76.com\/blog\/informations-france-bayrou-souhaite-conserver-retailleau-et-a-eu-de-la-peine-pour-sarkozy-france\/","url":"https:\/\/www.cc3rivieres76.com\/blog\/informations-france-bayrou-souhaite-conserver-retailleau-et-a-eu-de-la-peine-pour-sarkozy-france\/","name":"Informations France: Bayrou souhaite conserver Retailleau et a eu de la \u00ab\u00a0peine\u00a0\u00bb pour Sarkozy #France - CC3RIVIERES76","isPartOf":{"@id":"https:\/\/www.cc3rivieres76.com\/blog\/#website"},"primaryImageOfPage":{"@id":"https:\/\/www.cc3rivieres76.com\/blog\/informations-france-bayrou-souhaite-conserver-retailleau-et-a-eu-de-la-peine-pour-sarkozy-france\/#primaryimage"},"image":{"@id":"https:\/\/www.cc3rivieres76.com\/blog\/informations-france-bayrou-souhaite-conserver-retailleau-et-a-eu-de-la-peine-pour-sarkozy-france\/#primaryimage"},"thumbnailUrl":"https:\/\/www.site.cdcl.xyz\/wp-content\/uploads\/2024\/10\/Actus-nationales-Presidentielle-americaine-Kamala-Harris-hausse-le-ton-face.svg.svg+xml","datePublished":"2024-12-19T23:40:00+00:00","breadcrumb":{"@id":"https:\/\/www.cc3rivieres76.com\/blog\/informations-france-bayrou-souhaite-conserver-retailleau-et-a-eu-de-la-peine-pour-sarkozy-france\/#breadcrumb"},"inLanguage":"fr-FR","potentialAction":[{"@type":"ReadAction","target":["https:\/\/www.cc3rivieres76.com\/blog\/informations-france-bayrou-souhaite-conserver-retailleau-et-a-eu-de-la-peine-pour-sarkozy-france\/"]}]},{"@type":"ImageObject","inLanguage":"fr-FR","@id":"https:\/\/www.cc3rivieres76.com\/blog\/informations-france-bayrou-souhaite-conserver-retailleau-et-a-eu-de-la-peine-pour-sarkozy-france\/#primaryimage","url":"https:\/\/www.site.cdcl.xyz\/wp-content\/uploads\/2024\/10\/Actus-nationales-Presidentielle-americaine-Kamala-Harris-hausse-le-ton-face.svg.svg+xml","contentUrl":"https:\/\/www.site.cdcl.xyz\/wp-content\/uploads\/2024\/10\/Actus-nationales-Presidentielle-americaine-Kamala-Harris-hausse-le-ton-face.svg.svg+xml"},{"@type":"BreadcrumbList","@id":"https:\/\/www.cc3rivieres76.com\/blog\/informations-france-bayrou-souhaite-conserver-retailleau-et-a-eu-de-la-peine-pour-sarkozy-france\/#breadcrumb","itemListElement":[{"@type":"ListItem","position":1,"name":"Accueil","item":"https:\/\/www.cc3rivieres76.com\/blog\/"},{"@type":"ListItem","position":2,"name":"Informations France: Bayrou souhaite conserver Retailleau et a eu de la \u00ab\u00a0peine\u00a0\u00bb pour Sarkozy #France"}]},{"@type":"WebSite","@id":"https:\/\/www.cc3rivieres76.com\/blog\/#website","url":"https:\/\/www.cc3rivieres76.com\/blog\/","name":"CC3RIVIERES76","description":"Les 3 rivi\u00e8res dans la Somme.","publisher":{"@id":"https:\/\/www.cc3rivieres76.com\/blog\/#organization"},"potentialAction":[{"@type":"SearchAction","target":{"@type":"EntryPoint","urlTemplate":"https:\/\/www.cc3rivieres76.com\/blog\/?s={search_term_string}"},"query-input":{"@type":"PropertyValueSpecification","valueRequired":true,"valueName":"search_term_string"}}],"inLanguage":"fr-FR"},{"@type":"Organization","@id":"https:\/\/www.cc3rivieres76.com\/blog\/#organization","name":"cc3rivieres76","url":"https:\/\/www.cc3rivieres76.com\/blog\/","logo":{"@type":"ImageObject","inLanguage":"fr-FR","@id":"https:\/\/www.cc3rivieres76.com\/blog\/#\/schema\/logo\/image\/","url":"https:\/\/www.cc3rivieres76.com\/blog\/wp-content\/uploads\/2023\/06\/logo-2.png","contentUrl":"https:\/\/www.cc3rivieres76.com\/blog\/wp-content\/uploads\/2023\/06\/logo-2.png","width":390,"height":388,"caption":"cc3rivieres76"},"image":{"@id":"https:\/\/www.cc3rivieres76.com\/blog\/#\/schema\/logo\/image\/"}},{"@type":"Person","@id":"https:\/\/www.cc3rivieres76.com\/blog\/#\/schema\/person\/474d457fb7747b5218f39792dfaa5a1c","name":"Sylvie DE LAUZAINGHEIN","image":{"@type":"ImageObject","inLanguage":"fr-FR","@id":"https:\/\/secure.gravatar.com\/avatar\/9c6a53b19e0a3431aa80de0895b9729fe665cd7e7d6cc94fc11abb152f4237d7?s=96&d=mm&r=g","url":"https:\/\/secure.gravatar.com\/avatar\/9c6a53b19e0a3431aa80de0895b9729fe665cd7e7d6cc94fc11abb152f4237d7?s=96&d=mm&r=g","contentUrl":"https:\/\/secure.gravatar.com\/avatar\/9c6a53b19e0a3431aa80de0895b9729fe665cd7e7d6cc94fc11abb152f4237d7?s=96&d=mm&r=g","caption":"Sylvie DE LAUZAINGHEIN"},"url":"https:\/\/www.cc3rivieres76.com\/blog\/author\/s76sylvie\/"}]}},"_links":{"self":[{"href":"https:\/\/www.cc3rivieres76.com\/blog\/wp-json\/wp\/v2\/posts\/493","targetHints":{"allow":["GET"]}}],"collection":[{"href":"https:\/\/www.cc3rivieres76.com\/blog\/wp-json\/wp\/v2\/posts"}],"about":[{"href":"https:\/\/www.cc3rivieres76.com\/blog\/wp-json\/wp\/v2\/types\/post"}],"author":[{"embeddable":true,"href":"https:\/\/www.cc3rivieres76.com\/blog\/wp-json\/wp\/v2\/users\/3"}],"replies":[{"embeddable":true,"href":"https:\/\/www.cc3rivieres76.com\/blog\/wp-json\/wp\/v2\/comments?post=493"}],"version-history":[{"count":0,"href":"https:\/\/www.cc3rivieres76.com\/blog\/wp-json\/wp\/v2\/posts\/493\/revisions"}],"wp:attachment":[{"href":"https:\/\/www.cc3rivieres76.com\/blog\/wp-json\/wp\/v2\/media?parent=493"}],"wp:term":[{"taxonomy":"category","embeddable":true,"href":"https:\/\/www.cc3rivieres76.com\/blog\/wp-json\/wp\/v2\/categories?post=493"},{"taxonomy":"post_tag","embeddable":true,"href":"https:\/\/www.cc3rivieres76.com\/blog\/wp-json\/wp\/v2\/tags?post=493"}],"curies":[{"name":"wp","href":"https:\/\/api.w.org\/{rel}","templated":true}]}}