{"id":496,"date":"2024-12-24T16:16:29","date_gmt":"2024-12-24T15:16:29","guid":{"rendered":"https:\/\/www.site.cdcl.xyz\/2024\/12\/24\/actualites-francaises-cyclisme-tadej-pogacar-va-t-il-reproduire-sa-saison-exceptionnelle-de-2024-en-2025\/"},"modified":"2024-12-24T16:16:29","modified_gmt":"2024-12-24T15:16:29","slug":"actualites-francaises-cyclisme-tadej-pogacar-va-t-il-reproduire-sa-saison-exceptionnelle-de-2024-en-2025","status":"publish","type":"post","link":"https:\/\/www.cc3rivieres76.com\/blog\/actualites-francaises-cyclisme-tadej-pogacar-va-t-il-reproduire-sa-saison-exceptionnelle-de-2024-en-2025\/","title":{"rendered":"Actualit\u00e9s fran\u00e7aises: Cyclisme : Tadej Pogacar va-t-il reproduire sa saison exceptionnelle de 2024 en 2025 ?"},"content":{"rendered":"\n<p><img decoding=\"async\" src=\"https:\/\/www.cc3rivieres76.com\/blog\/wp-content\/uploads\/2024\/12\/actualites-francaises-cyclisme-tadej-pogacar-va-t-il-reproduire-sa-saison-exceptionnelle-de-2024-en-2025.png\"><br \/>Auteur du triple Tour d&rsquo;Italie, Tour de France et Championnat du monde, vainqueur des classiques Li\u00e8ge-Bastogne-Li\u00e8ge et du Tour de Lombardie, le Slov\u00e8ne va-t-il r\u00e9\u00e9diter la m\u00eame saison en 2025 ?<\/p>\n<p>Ce propos apporte des r\u00e9ponses \u00e0 vos recherches vous appr\u00e9cierez tout autant ces publications :<\/p>\n<p>Guide d\u2019utilisation de l\u2019IRC\/Bibliographie.,<a href=\"https:\/\/fr.wikibooks.org\/wiki\/Guide_d%27utilisation_de_l%27IRC\/Bibliographie\" target=\"_blank\" rel=\"noopener noreferrer nofollow\">Fiche de l\u2019\u00e9diteur<\/a><span><\/span>.<\/p>\n<p>La France made in China.,<a href=\"https:\/\/www.kobo.com\/fr\/fr\/ebook\/la-france-made-in-china\" target=\"_blank\" rel=\"noopener noreferrer nofollow\">A voir <\/a><span><\/span>. Disponible dans toutes les bonnes librairies.<\/p>\n<p>Programmer en R\/Importer des donn\u00e9es depuis un tableur.,<a href=\"https:\/\/fr.wikibooks.org\/wiki\/Programmer_en_R\/Importer_des_donn%C3%A9es_depuis_un_tableur\" target=\"_blank\" rel=\"noopener noreferrer nofollow\">Lien sur la description <\/a><span><\/span>. Disponible dans toutes les bonnes biblioth\u00e8ques de votre d\u00e9partement.<\/p>\n<p> Cet article, qui traite du th\u00e8me \u00ab\u00a0Les 3 rivi\u00e8res dans la Somme\u00a0\u00bb, vous est sp\u00e9cialement sugg\u00e9r\u00e9 par cc3rivieres76.com. La chronique est reproduite du mieux possible. Dans le cas o\u00f9 vous souhaitez apporter quelques pr\u00e9cisions concernant le domaine de \u00ab\u00a0Les 3 rivi\u00e8res dans la Somme\u00a0\u00bb vous pouvez solliciter notre r\u00e9daction. La destination de cc3rivieres76.com est de d\u00e9battre de Les 3 rivi\u00e8res dans la Somme dans la transparence en vous apportant la connaissance de tout ce qui est en lien avec ce sujet sur la toile Connectez-vous sur notre site cc3rivieres76.com et nos r\u00e9seaux sociaux dans le but d\u2019\u00eatre inform\u00e9 des futures publications.<\/p>\n","protected":false},"excerpt":{"rendered":"<p>Auteur du triple Tour d&rsquo;Italie, Tour de France et Championnat du monde, vainqueur des classiques Li\u00e8ge-Bastogne-Li\u00e8ge et du Tour de Lombardie, le Slov\u00e8ne va-t-il r\u00e9\u00e9diter la m\u00eame saison en 2025 ? Ce propos apporte des r\u00e9ponses \u00e0 vos recherches vous appr\u00e9cierez tout autant ces publications : Guide d\u2019utilisation de l\u2019IRC\/Bibliographie.,Fiche de l\u2019\u00e9diteur. La France made &hellip; <\/p>\n<p class=\"link-more\"><a href=\"https:\/\/www.cc3rivieres76.com\/blog\/actualites-francaises-cyclisme-tadej-pogacar-va-t-il-reproduire-sa-saison-exceptionnelle-de-2024-en-2025\/\" class=\"more-link\">Continuer la lecture <span class=\"screen-reader-text\"> \u00ab\u00a0Actualit\u00e9s fran\u00e7aises: Cyclisme : Tadej Pogacar va-t-il reproduire sa saison exceptionnelle de 2024 en 2025 ?\u00a0\u00bb<\/span><\/a><\/p>\n","protected":false},"author":3,"featured_media":497,"comment_status":"closed","ping_status":"closed","sticky":false,"template":"","format":"standard","meta":{"footnotes":""},"categories":[2],"tags":[],"class_list":["post-496","post","type-post","status-publish","format-standard","has-post-thumbnail","hentry","category-les-3-rivieres-dans-la-somme","entry"],"yoast_head":"<!-- This site is optimized with the Yoast SEO plugin v27.5 - https:\/\/yoast.com\/product\/yoast-seo-wordpress\/ -->\n<title>Actualit\u00e9s fran\u00e7aises: Cyclisme : Tadej Pogacar va-t-il reproduire sa saison exceptionnelle de 2024 en 2025 ? - CC3RIVIERES76<\/title>\n<meta name=\"robots\" content=\"index, follow, max-snippet:-1, max-image-preview:large, max-video-preview:-1\" \/>\n<link rel=\"canonical\" href=\"https:\/\/www.cc3rivieres76.com\/blog\/actualites-francaises-cyclisme-tadej-pogacar-va-t-il-reproduire-sa-saison-exceptionnelle-de-2024-en-2025\/\" \/>\n<meta property=\"og:locale\" content=\"fr_FR\" \/>\n<meta property=\"og:type\" content=\"article\" \/>\n<meta property=\"og:title\" content=\"Actualit\u00e9s fran\u00e7aises: Cyclisme : Tadej Pogacar va-t-il reproduire sa saison exceptionnelle de 2024 en 2025 ? - CC3RIVIERES76\" \/>\n<meta property=\"og:description\" content=\"Auteur du triple Tour d&rsquo;Italie, Tour de France et Championnat du monde, vainqueur des classiques Li\u00e8ge-Bastogne-Li\u00e8ge et du Tour de Lombardie, le Slov\u00e8ne va-t-il r\u00e9\u00e9diter la m\u00eame saison en 2025 ? Ce propos apporte des r\u00e9ponses \u00e0 vos recherches vous appr\u00e9cierez tout autant ces publications : Guide d\u2019utilisation de l\u2019IRC\/Bibliographie.,Fiche de l\u2019\u00e9diteur. La France made &hellip; Continuer la lecture \u00ab\u00a0Actualit\u00e9s fran\u00e7aises: Cyclisme : Tadej Pogacar va-t-il reproduire sa saison exceptionnelle de 2024 en 2025 ?\u00a0\u00bb\" \/>\n<meta property=\"og:url\" content=\"https:\/\/www.cc3rivieres76.com\/blog\/actualites-francaises-cyclisme-tadej-pogacar-va-t-il-reproduire-sa-saison-exceptionnelle-de-2024-en-2025\/\" \/>\n<meta property=\"og:site_name\" content=\"CC3RIVIERES76\" \/>\n<meta property=\"article:published_time\" content=\"2024-12-24T15:16:29+00:00\" \/>\n<meta property=\"og:image\" content=\"https:\/\/www.cc3rivieres76.com\/blog\/wp-content\/uploads\/2024\/12\/actualites-francaises-cyclisme-tadej-pogacar-va-t-il-reproduire-sa-saison-exceptionnelle-de-2024-en-2025.png\" \/>\n<meta name=\"author\" content=\"Sylvie DE LAUZAINGHEIN\" \/>\n<meta name=\"twitter:card\" content=\"summary_large_image\" \/>\n<meta name=\"twitter:label1\" content=\"\u00c9crit par\" \/>\n\t<meta name=\"twitter:data1\" content=\"Sylvie DE LAUZAINGHEIN\" \/>\n\t<meta name=\"twitter:label2\" content=\"Dur\u00e9e de lecture estim\u00e9e\" \/>\n\t<meta name=\"twitter:data2\" content=\"1 minute\" \/>\n<script type=\"application\/ld+json\" class=\"yoast-schema-graph\">{\"@context\":\"https:\\\/\\\/schema.org\",\"@graph\":[{\"@type\":\"Article\",\"@id\":\"https:\\\/\\\/www.cc3rivieres76.com\\\/blog\\\/actualites-francaises-cyclisme-tadej-pogacar-va-t-il-reproduire-sa-saison-exceptionnelle-de-2024-en-2025\\\/#article\",\"isPartOf\":{\"@id\":\"https:\\\/\\\/www.cc3rivieres76.com\\\/blog\\\/actualites-francaises-cyclisme-tadej-pogacar-va-t-il-reproduire-sa-saison-exceptionnelle-de-2024-en-2025\\\/\"},\"author\":{\"name\":\"Sylvie DE LAUZAINGHEIN\",\"@id\":\"https:\\\/\\\/www.cc3rivieres76.com\\\/blog\\\/#\\\/schema\\\/person\\\/474d457fb7747b5218f39792dfaa5a1c\"},\"headline\":\"Actualit\u00e9s fran\u00e7aises: Cyclisme : Tadej Pogacar va-t-il reproduire sa saison exceptionnelle de 2024 en 2025 ?\",\"datePublished\":\"2024-12-24T15:16:29+00:00\",\"mainEntityOfPage\":{\"@id\":\"https:\\\/\\\/www.cc3rivieres76.com\\\/blog\\\/actualites-francaises-cyclisme-tadej-pogacar-va-t-il-reproduire-sa-saison-exceptionnelle-de-2024-en-2025\\\/\"},\"wordCount\":228,\"publisher\":{\"@id\":\"https:\\\/\\\/www.cc3rivieres76.com\\\/blog\\\/#organization\"},\"image\":{\"@id\":\"https:\\\/\\\/www.cc3rivieres76.com\\\/blog\\\/actualites-francaises-cyclisme-tadej-pogacar-va-t-il-reproduire-sa-saison-exceptionnelle-de-2024-en-2025\\\/#primaryimage\"},\"thumbnailUrl\":\"https:\\\/\\\/www.cc3rivieres76.com\\\/blog\\\/wp-content\\\/uploads\\\/2024\\\/12\\\/actualites-francaises-cyclisme-tadej-pogacar-va-t-il-reproduire-sa-saison-exceptionnelle-de-2024-en-2025.png\",\"articleSection\":[\"Les 3 Rivi\u00e8res Dans La Somme:\"],\"inLanguage\":\"fr-FR\"},{\"@type\":\"WebPage\",\"@id\":\"https:\\\/\\\/www.cc3rivieres76.com\\\/blog\\\/actualites-francaises-cyclisme-tadej-pogacar-va-t-il-reproduire-sa-saison-exceptionnelle-de-2024-en-2025\\\/\",\"url\":\"https:\\\/\\\/www.cc3rivieres76.com\\\/blog\\\/actualites-francaises-cyclisme-tadej-pogacar-va-t-il-reproduire-sa-saison-exceptionnelle-de-2024-en-2025\\\/\",\"name\":\"Actualit\u00e9s fran\u00e7aises: Cyclisme : Tadej Pogacar va-t-il reproduire sa saison exceptionnelle de 2024 en 2025 ? - CC3RIVIERES76\",\"isPartOf\":{\"@id\":\"https:\\\/\\\/www.cc3rivieres76.com\\\/blog\\\/#website\"},\"primaryImageOfPage\":{\"@id\":\"https:\\\/\\\/www.cc3rivieres76.com\\\/blog\\\/actualites-francaises-cyclisme-tadej-pogacar-va-t-il-reproduire-sa-saison-exceptionnelle-de-2024-en-2025\\\/#primaryimage\"},\"image\":{\"@id\":\"https:\\\/\\\/www.cc3rivieres76.com\\\/blog\\\/actualites-francaises-cyclisme-tadej-pogacar-va-t-il-reproduire-sa-saison-exceptionnelle-de-2024-en-2025\\\/#primaryimage\"},\"thumbnailUrl\":\"https:\\\/\\\/www.cc3rivieres76.com\\\/blog\\\/wp-content\\\/uploads\\\/2024\\\/12\\\/actualites-francaises-cyclisme-tadej-pogacar-va-t-il-reproduire-sa-saison-exceptionnelle-de-2024-en-2025.png\",\"datePublished\":\"2024-12-24T15:16:29+00:00\",\"breadcrumb\":{\"@id\":\"https:\\\/\\\/www.cc3rivieres76.com\\\/blog\\\/actualites-francaises-cyclisme-tadej-pogacar-va-t-il-reproduire-sa-saison-exceptionnelle-de-2024-en-2025\\\/#breadcrumb\"},\"inLanguage\":\"fr-FR\",\"potentialAction\":[{\"@type\":\"ReadAction\",\"target\":[\"https:\\\/\\\/www.cc3rivieres76.com\\\/blog\\\/actualites-francaises-cyclisme-tadej-pogacar-va-t-il-reproduire-sa-saison-exceptionnelle-de-2024-en-2025\\\/\"]}]},{\"@type\":\"ImageObject\",\"inLanguage\":\"fr-FR\",\"@id\":\"https:\\\/\\\/www.cc3rivieres76.com\\\/blog\\\/actualites-francaises-cyclisme-tadej-pogacar-va-t-il-reproduire-sa-saison-exceptionnelle-de-2024-en-2025\\\/#primaryimage\",\"url\":\"https:\\\/\\\/www.cc3rivieres76.com\\\/blog\\\/wp-content\\\/uploads\\\/2024\\\/12\\\/actualites-francaises-cyclisme-tadej-pogacar-va-t-il-reproduire-sa-saison-exceptionnelle-de-2024-en-2025.png\",\"contentUrl\":\"https:\\\/\\\/www.cc3rivieres76.com\\\/blog\\\/wp-content\\\/uploads\\\/2024\\\/12\\\/actualites-francaises-cyclisme-tadej-pogacar-va-t-il-reproduire-sa-saison-exceptionnelle-de-2024-en-2025.png\",\"width\":1024,\"height\":576,\"caption\":\"Actualit\u00e9s fran\u00e7aises: Cyclisme : Tadej Pogacar va t il reproduire sa saison exceptionnelle de 2024 en 2025 ?\"},{\"@type\":\"BreadcrumbList\",\"@id\":\"https:\\\/\\\/www.cc3rivieres76.com\\\/blog\\\/actualites-francaises-cyclisme-tadej-pogacar-va-t-il-reproduire-sa-saison-exceptionnelle-de-2024-en-2025\\\/#breadcrumb\",\"itemListElement\":[{\"@type\":\"ListItem\",\"position\":1,\"name\":\"Accueil\",\"item\":\"https:\\\/\\\/www.cc3rivieres76.com\\\/blog\\\/\"},{\"@type\":\"ListItem\",\"position\":2,\"name\":\"Actualit\u00e9s fran\u00e7aises: Cyclisme : Tadej Pogacar va-t-il reproduire sa saison exceptionnelle de 2024 en 2025 ?\"}]},{\"@type\":\"WebSite\",\"@id\":\"https:\\\/\\\/www.cc3rivieres76.com\\\/blog\\\/#website\",\"url\":\"https:\\\/\\\/www.cc3rivieres76.com\\\/blog\\\/\",\"name\":\"CC3RIVIERES76\",\"description\":\"Les 3 rivi\u00e8res dans la Somme.\",\"publisher\":{\"@id\":\"https:\\\/\\\/www.cc3rivieres76.com\\\/blog\\\/#organization\"},\"potentialAction\":[{\"@type\":\"SearchAction\",\"target\":{\"@type\":\"EntryPoint\",\"urlTemplate\":\"https:\\\/\\\/www.cc3rivieres76.com\\\/blog\\\/?s={search_term_string}\"},\"query-input\":{\"@type\":\"PropertyValueSpecification\",\"valueRequired\":true,\"valueName\":\"search_term_string\"}}],\"inLanguage\":\"fr-FR\"},{\"@type\":\"Organization\",\"@id\":\"https:\\\/\\\/www.cc3rivieres76.com\\\/blog\\\/#organization\",\"name\":\"cc3rivieres76\",\"url\":\"https:\\\/\\\/www.cc3rivieres76.com\\\/blog\\\/\",\"logo\":{\"@type\":\"ImageObject\",\"inLanguage\":\"fr-FR\",\"@id\":\"https:\\\/\\\/www.cc3rivieres76.com\\\/blog\\\/#\\\/schema\\\/logo\\\/image\\\/\",\"url\":\"https:\\\/\\\/www.cc3rivieres76.com\\\/blog\\\/wp-content\\\/uploads\\\/2023\\\/06\\\/logo-2.png\",\"contentUrl\":\"https:\\\/\\\/www.cc3rivieres76.com\\\/blog\\\/wp-content\\\/uploads\\\/2023\\\/06\\\/logo-2.png\",\"width\":390,\"height\":388,\"caption\":\"cc3rivieres76\"},\"image\":{\"@id\":\"https:\\\/\\\/www.cc3rivieres76.com\\\/blog\\\/#\\\/schema\\\/logo\\\/image\\\/\"}},{\"@type\":\"Person\",\"@id\":\"https:\\\/\\\/www.cc3rivieres76.com\\\/blog\\\/#\\\/schema\\\/person\\\/474d457fb7747b5218f39792dfaa5a1c\",\"name\":\"Sylvie DE LAUZAINGHEIN\",\"image\":{\"@type\":\"ImageObject\",\"inLanguage\":\"fr-FR\",\"@id\":\"https:\\\/\\\/secure.gravatar.com\\\/avatar\\\/9c6a53b19e0a3431aa80de0895b9729fe665cd7e7d6cc94fc11abb152f4237d7?s=96&d=mm&r=g\",\"url\":\"https:\\\/\\\/secure.gravatar.com\\\/avatar\\\/9c6a53b19e0a3431aa80de0895b9729fe665cd7e7d6cc94fc11abb152f4237d7?s=96&d=mm&r=g\",\"contentUrl\":\"https:\\\/\\\/secure.gravatar.com\\\/avatar\\\/9c6a53b19e0a3431aa80de0895b9729fe665cd7e7d6cc94fc11abb152f4237d7?s=96&d=mm&r=g\",\"caption\":\"Sylvie DE LAUZAINGHEIN\"},\"url\":\"https:\\\/\\\/www.cc3rivieres76.com\\\/blog\\\/author\\\/s76sylvie\\\/\"}]}<\/script>\n<!-- \/ Yoast SEO plugin. -->","yoast_head_json":{"title":"Actualit\u00e9s fran\u00e7aises: Cyclisme : Tadej Pogacar va-t-il reproduire sa saison exceptionnelle de 2024 en 2025 ? - CC3RIVIERES76","robots":{"index":"index","follow":"follow","max-snippet":"max-snippet:-1","max-image-preview":"max-image-preview:large","max-video-preview":"max-video-preview:-1"},"canonical":"https:\/\/www.cc3rivieres76.com\/blog\/actualites-francaises-cyclisme-tadej-pogacar-va-t-il-reproduire-sa-saison-exceptionnelle-de-2024-en-2025\/","og_locale":"fr_FR","og_type":"article","og_title":"Actualit\u00e9s fran\u00e7aises: Cyclisme : Tadej Pogacar va-t-il reproduire sa saison exceptionnelle de 2024 en 2025 ? - CC3RIVIERES76","og_description":"Auteur du triple Tour d&rsquo;Italie, Tour de France et Championnat du monde, vainqueur des classiques Li\u00e8ge-Bastogne-Li\u00e8ge et du Tour de Lombardie, le Slov\u00e8ne va-t-il r\u00e9\u00e9diter la m\u00eame saison en 2025 ? Ce propos apporte des r\u00e9ponses \u00e0 vos recherches vous appr\u00e9cierez tout autant ces publications : Guide d\u2019utilisation de l\u2019IRC\/Bibliographie.,Fiche de l\u2019\u00e9diteur. La France made &hellip; Continuer la lecture \u00ab\u00a0Actualit\u00e9s fran\u00e7aises: Cyclisme : Tadej Pogacar va-t-il reproduire sa saison exceptionnelle de 2024 en 2025 ?\u00a0\u00bb","og_url":"https:\/\/www.cc3rivieres76.com\/blog\/actualites-francaises-cyclisme-tadej-pogacar-va-t-il-reproduire-sa-saison-exceptionnelle-de-2024-en-2025\/","og_site_name":"CC3RIVIERES76","article_published_time":"2024-12-24T15:16:29+00:00","og_image":[{"url":"https:\/\/www.cc3rivieres76.com\/blog\/wp-content\/uploads\/2024\/12\/actualites-francaises-cyclisme-tadej-pogacar-va-t-il-reproduire-sa-saison-exceptionnelle-de-2024-en-2025.png","type":"","width":"","height":""}],"author":"Sylvie DE LAUZAINGHEIN","twitter_card":"summary_large_image","twitter_misc":{"\u00c9crit par":"Sylvie DE LAUZAINGHEIN","Dur\u00e9e de lecture estim\u00e9e":"1 minute"},"schema":{"@context":"https:\/\/schema.org","@graph":[{"@type":"Article","@id":"https:\/\/www.cc3rivieres76.com\/blog\/actualites-francaises-cyclisme-tadej-pogacar-va-t-il-reproduire-sa-saison-exceptionnelle-de-2024-en-2025\/#article","isPartOf":{"@id":"https:\/\/www.cc3rivieres76.com\/blog\/actualites-francaises-cyclisme-tadej-pogacar-va-t-il-reproduire-sa-saison-exceptionnelle-de-2024-en-2025\/"},"author":{"name":"Sylvie DE LAUZAINGHEIN","@id":"https:\/\/www.cc3rivieres76.com\/blog\/#\/schema\/person\/474d457fb7747b5218f39792dfaa5a1c"},"headline":"Actualit\u00e9s fran\u00e7aises: Cyclisme : Tadej Pogacar va-t-il reproduire sa saison exceptionnelle de 2024 en 2025 ?","datePublished":"2024-12-24T15:16:29+00:00","mainEntityOfPage":{"@id":"https:\/\/www.cc3rivieres76.com\/blog\/actualites-francaises-cyclisme-tadej-pogacar-va-t-il-reproduire-sa-saison-exceptionnelle-de-2024-en-2025\/"},"wordCount":228,"publisher":{"@id":"https:\/\/www.cc3rivieres76.com\/blog\/#organization"},"image":{"@id":"https:\/\/www.cc3rivieres76.com\/blog\/actualites-francaises-cyclisme-tadej-pogacar-va-t-il-reproduire-sa-saison-exceptionnelle-de-2024-en-2025\/#primaryimage"},"thumbnailUrl":"https:\/\/www.cc3rivieres76.com\/blog\/wp-content\/uploads\/2024\/12\/actualites-francaises-cyclisme-tadej-pogacar-va-t-il-reproduire-sa-saison-exceptionnelle-de-2024-en-2025.png","articleSection":["Les 3 Rivi\u00e8res Dans La Somme:"],"inLanguage":"fr-FR"},{"@type":"WebPage","@id":"https:\/\/www.cc3rivieres76.com\/blog\/actualites-francaises-cyclisme-tadej-pogacar-va-t-il-reproduire-sa-saison-exceptionnelle-de-2024-en-2025\/","url":"https:\/\/www.cc3rivieres76.com\/blog\/actualites-francaises-cyclisme-tadej-pogacar-va-t-il-reproduire-sa-saison-exceptionnelle-de-2024-en-2025\/","name":"Actualit\u00e9s fran\u00e7aises: Cyclisme : Tadej Pogacar va-t-il reproduire sa saison exceptionnelle de 2024 en 2025 ? - CC3RIVIERES76","isPartOf":{"@id":"https:\/\/www.cc3rivieres76.com\/blog\/#website"},"primaryImageOfPage":{"@id":"https:\/\/www.cc3rivieres76.com\/blog\/actualites-francaises-cyclisme-tadej-pogacar-va-t-il-reproduire-sa-saison-exceptionnelle-de-2024-en-2025\/#primaryimage"},"image":{"@id":"https:\/\/www.cc3rivieres76.com\/blog\/actualites-francaises-cyclisme-tadej-pogacar-va-t-il-reproduire-sa-saison-exceptionnelle-de-2024-en-2025\/#primaryimage"},"thumbnailUrl":"https:\/\/www.cc3rivieres76.com\/blog\/wp-content\/uploads\/2024\/12\/actualites-francaises-cyclisme-tadej-pogacar-va-t-il-reproduire-sa-saison-exceptionnelle-de-2024-en-2025.png","datePublished":"2024-12-24T15:16:29+00:00","breadcrumb":{"@id":"https:\/\/www.cc3rivieres76.com\/blog\/actualites-francaises-cyclisme-tadej-pogacar-va-t-il-reproduire-sa-saison-exceptionnelle-de-2024-en-2025\/#breadcrumb"},"inLanguage":"fr-FR","potentialAction":[{"@type":"ReadAction","target":["https:\/\/www.cc3rivieres76.com\/blog\/actualites-francaises-cyclisme-tadej-pogacar-va-t-il-reproduire-sa-saison-exceptionnelle-de-2024-en-2025\/"]}]},{"@type":"ImageObject","inLanguage":"fr-FR","@id":"https:\/\/www.cc3rivieres76.com\/blog\/actualites-francaises-cyclisme-tadej-pogacar-va-t-il-reproduire-sa-saison-exceptionnelle-de-2024-en-2025\/#primaryimage","url":"https:\/\/www.cc3rivieres76.com\/blog\/wp-content\/uploads\/2024\/12\/actualites-francaises-cyclisme-tadej-pogacar-va-t-il-reproduire-sa-saison-exceptionnelle-de-2024-en-2025.png","contentUrl":"https:\/\/www.cc3rivieres76.com\/blog\/wp-content\/uploads\/2024\/12\/actualites-francaises-cyclisme-tadej-pogacar-va-t-il-reproduire-sa-saison-exceptionnelle-de-2024-en-2025.png","width":1024,"height":576,"caption":"Actualit\u00e9s fran\u00e7aises: Cyclisme : Tadej Pogacar va t il reproduire sa saison exceptionnelle de 2024 en 2025 ?"},{"@type":"BreadcrumbList","@id":"https:\/\/www.cc3rivieres76.com\/blog\/actualites-francaises-cyclisme-tadej-pogacar-va-t-il-reproduire-sa-saison-exceptionnelle-de-2024-en-2025\/#breadcrumb","itemListElement":[{"@type":"ListItem","position":1,"name":"Accueil","item":"https:\/\/www.cc3rivieres76.com\/blog\/"},{"@type":"ListItem","position":2,"name":"Actualit\u00e9s fran\u00e7aises: Cyclisme : Tadej Pogacar va-t-il reproduire sa saison exceptionnelle de 2024 en 2025 ?"}]},{"@type":"WebSite","@id":"https:\/\/www.cc3rivieres76.com\/blog\/#website","url":"https:\/\/www.cc3rivieres76.com\/blog\/","name":"CC3RIVIERES76","description":"Les 3 rivi\u00e8res dans la Somme.","publisher":{"@id":"https:\/\/www.cc3rivieres76.com\/blog\/#organization"},"potentialAction":[{"@type":"SearchAction","target":{"@type":"EntryPoint","urlTemplate":"https:\/\/www.cc3rivieres76.com\/blog\/?s={search_term_string}"},"query-input":{"@type":"PropertyValueSpecification","valueRequired":true,"valueName":"search_term_string"}}],"inLanguage":"fr-FR"},{"@type":"Organization","@id":"https:\/\/www.cc3rivieres76.com\/blog\/#organization","name":"cc3rivieres76","url":"https:\/\/www.cc3rivieres76.com\/blog\/","logo":{"@type":"ImageObject","inLanguage":"fr-FR","@id":"https:\/\/www.cc3rivieres76.com\/blog\/#\/schema\/logo\/image\/","url":"https:\/\/www.cc3rivieres76.com\/blog\/wp-content\/uploads\/2023\/06\/logo-2.png","contentUrl":"https:\/\/www.cc3rivieres76.com\/blog\/wp-content\/uploads\/2023\/06\/logo-2.png","width":390,"height":388,"caption":"cc3rivieres76"},"image":{"@id":"https:\/\/www.cc3rivieres76.com\/blog\/#\/schema\/logo\/image\/"}},{"@type":"Person","@id":"https:\/\/www.cc3rivieres76.com\/blog\/#\/schema\/person\/474d457fb7747b5218f39792dfaa5a1c","name":"Sylvie DE LAUZAINGHEIN","image":{"@type":"ImageObject","inLanguage":"fr-FR","@id":"https:\/\/secure.gravatar.com\/avatar\/9c6a53b19e0a3431aa80de0895b9729fe665cd7e7d6cc94fc11abb152f4237d7?s=96&d=mm&r=g","url":"https:\/\/secure.gravatar.com\/avatar\/9c6a53b19e0a3431aa80de0895b9729fe665cd7e7d6cc94fc11abb152f4237d7?s=96&d=mm&r=g","contentUrl":"https:\/\/secure.gravatar.com\/avatar\/9c6a53b19e0a3431aa80de0895b9729fe665cd7e7d6cc94fc11abb152f4237d7?s=96&d=mm&r=g","caption":"Sylvie DE LAUZAINGHEIN"},"url":"https:\/\/www.cc3rivieres76.com\/blog\/author\/s76sylvie\/"}]}},"_links":{"self":[{"href":"https:\/\/www.cc3rivieres76.com\/blog\/wp-json\/wp\/v2\/posts\/496","targetHints":{"allow":["GET"]}}],"collection":[{"href":"https:\/\/www.cc3rivieres76.com\/blog\/wp-json\/wp\/v2\/posts"}],"about":[{"href":"https:\/\/www.cc3rivieres76.com\/blog\/wp-json\/wp\/v2\/types\/post"}],"author":[{"embeddable":true,"href":"https:\/\/www.cc3rivieres76.com\/blog\/wp-json\/wp\/v2\/users\/3"}],"replies":[{"embeddable":true,"href":"https:\/\/www.cc3rivieres76.com\/blog\/wp-json\/wp\/v2\/comments?post=496"}],"version-history":[{"count":0,"href":"https:\/\/www.cc3rivieres76.com\/blog\/wp-json\/wp\/v2\/posts\/496\/revisions"}],"wp:featuredmedia":[{"embeddable":true,"href":"https:\/\/www.cc3rivieres76.com\/blog\/wp-json\/wp\/v2\/media\/497"}],"wp:attachment":[{"href":"https:\/\/www.cc3rivieres76.com\/blog\/wp-json\/wp\/v2\/media?parent=496"}],"wp:term":[{"taxonomy":"category","embeddable":true,"href":"https:\/\/www.cc3rivieres76.com\/blog\/wp-json\/wp\/v2\/categories?post=496"},{"taxonomy":"post_tag","embeddable":true,"href":"https:\/\/www.cc3rivieres76.com\/blog\/wp-json\/wp\/v2\/tags?post=496"}],"curies":[{"name":"wp","href":"https:\/\/api.w.org\/{rel}","templated":true}]}}