{"id":500,"date":"2024-12-29T00:17:00","date_gmt":"2024-12-28T23:17:00","guid":{"rendered":"https:\/\/www.site.cdcl.xyz\/2024\/12\/28\/actus-france-eric-lombard-veut-dialoguer-avec-tous-les-partis-et-groupes-parlementaires-france\/"},"modified":"2024-12-29T00:17:00","modified_gmt":"2024-12-28T23:17:00","slug":"actus-france-eric-lombard-veut-dialoguer-avec-tous-les-partis-et-groupes-parlementaires-france","status":"publish","type":"post","link":"https:\/\/www.cc3rivieres76.com\/blog\/actus-france-eric-lombard-veut-dialoguer-avec-tous-les-partis-et-groupes-parlementaires-france\/","title":{"rendered":"Actus France: \u00c9ric Lombard veut dialoguer avec tous les partis et\u00a0groupes parlementaires #France"},"content":{"rendered":"\n<p>Dans le cadre de notre mission de vous alerter, nous publions ci-dessous un \u00e9ditorial vu sur le web ce jour. La th\u00e9matique est \u00abActualit\u00e9 fran\u00e7aise\u00bb.<\/p>\n<h2>\nDiffus\u00e9 sur Le Point \u2013 Politique, l\u2019article ci-dessous<\/h2>\n<p><u>Signature . <\/u><\/p>\n<p><u>Date et heure de la r\u00e9ception de la d\u00e9p\u00e9che sur notre fil d\u2019info:<\/u><strong><span id=\"date\"><\/span><\/strong><\/p>\n<p><u>Date et heure de publication sur internet:<\/u> <strong><span id=\"datecrea\"><\/span><\/strong><\/p>\n<p><u>Titre exacte donn\u00e9 par le journal \u00e9tait:<\/u> <strong>\u00c9ric Lombard veut dialoguer avec tous les partis et&nbsp;groupes parlementaires<\/strong><\/p>\n<p><u>Information et contenu publi\u00e9s :<\/u><\/p>\n<div id=\"contenu\"> <!-- include t_www_2023\/pages\/article\/blocs\/tag_pub.tpl --><br \/><!-- include \/t_www_2023\/pages\/article\/blocs\/tag_pub.tpl --><\/p>\n<p><span class=\"dflt-txt__lettrine\">L\u2019<\/span>unit\u00e9 comme mot d\u2019ordre. \u00ab&nbsp;\u00c0 la demande du Premier ministre, je vais appeler les partis politiques repr\u00e9sent\u00e9s \u00e0 l\u2019Assembl\u00e9e nationale et au S\u00e9nat, ainsi que les groupes parlementaires, \u00e0 venir dialoguer au minist\u00e8re avec Am\u00e9lie de&nbsp;Montchalin, la ministre des Comptes publics, et moi-m\u00eame&nbsp;\u00bb, assure \u00c9ric Lombard dans une interview \u00e0 <em><em>La Tribune Dimanche<\/em><\/em>.<\/p>\n<section class=\"mbl txtcenter\">\n<div id=\"newsletter\" class=\"bloc-1 title-top\">\n<span class=\"h2\">La newsletter politique<\/span><\/p>\n<div class=\"step-1\">\n<p class=\"period\">Tous les lundis \u00e0 11h30<\/p>\n<p>Recevez en avant-premi\u00e8re les informations et analyses politiques de la r\u00e9daction du Point.<\/p>\n<\/div>\n<div class=\"step-2\">\n<p>Merci !<br \/>Votre inscription a bien \u00e9t\u00e9 prise en compte avec l\u2019adresse email :<br \/><span class=\"email-sended\"><\/span><\/p>\n<p>Pour d\u00e9couvrir toutes nos autres newsletters, rendez-vous ici : MonCompte<\/p>\n<\/div>\n<p>En vous inscrivant, vous acceptez les conditions g\u00e9n\u00e9rales d\u2019utilisations et notre politique de confidentialit\u00e9.<\/p>\n<\/div>\n<p>Le nouveau ministre de l\u2019\u00c9conomie va contacter tout le monde \u00ab&nbsp;\u00e0 partir de (dimanche) matin&nbsp;\u00bb, jugeant que \u00ab&nbsp;tous les \u00e9lus sont l\u00e9gitimes&nbsp;\u00bb et semblant ainsi vouloir \u00e9viter les pol\u00e9miques r\u00e9centes, comme celle provoqu\u00e9e par son pr\u00e9d\u00e9cesseur Antoine Armand qui avait, d\u00e8s sa premi\u00e8re interview fin septembre, indiqu\u00e9 exclure le RN de l\u2019arc r\u00e9publicain, \u00e0 la grande irritation de Marine Le Pen.<\/p>\n<p>Pas non plus de pr\u00e9s\u00e9ance affich\u00e9e&nbsp;: \u00ab&nbsp;L\u2019ordre de passage d\u00e9pendra de leurs disponibilit\u00e9s, et la configuration sera celle qu\u2019ils souhaitent&nbsp;\u00bb, selon le ministre, dont la porte \u00ab&nbsp;restera ouverte jusqu\u2019au 14&nbsp;janvier, date du discours de politique g\u00e9n\u00e9rale&nbsp;\u00bb de Fran\u00e7ois Bayrou, mais \u00ab&nbsp;\u00e9galement ensuite&nbsp;\u00bb.<\/p>\n<section class=\"mbl txtcenter\">\n<p>\u00ab&nbsp;Les r\u00e9sultats de ce dialogue&nbsp;\u00bb seront pr\u00e9sent\u00e9s au Premier ministre Fran\u00e7ois Bayrou, \u00ab&nbsp;pour qu\u2019il se traduise en propositions du gouvernement&nbsp;\u00bb. Celui qui \u00e9tait jusqu\u2019\u00e0 lundi directeur g\u00e9n\u00e9ral de la Caisse des d\u00e9p\u00f4ts, premier p\u00f4le financier public, rappelle avoir \u00e9t\u00e9 \u00ab&nbsp;\u00e0 ce titre en contact permanent&nbsp;avec les \u00e9lus, locaux ou nationaux&nbsp;\u00bb.<\/p>\n<h2>Trouver des compromis<\/h2>\n<p>Alors que le premier secr\u00e9taire du Parti socialiste Olivier Faure, qui n\u2019exclut pas de censurer le gouvernement Bayrou, a n\u00e9anmoins reconnu mardi sur BFMTV que le ministre de l\u2019\u00c9conomie \u00e9tait \u00ab&nbsp;un homme de gauche et un ami&nbsp;\u00bb, le nouveau ministre a \u00e9lud\u00e9&nbsp;: \u00ab&nbsp;je dialoguerai avec tout le monde et j\u2019aurai le m\u00eame discours avec tous les \u00e9lus. Certains seront peut-\u00eatre plus engag\u00e9s, d\u2019autres plus r\u00e9ticents. Nous verrons bien. Il faut trouver des compromis, c\u2019est indispensable&nbsp;\u00bb, a-t-il ajout\u00e9.<\/p>\n<p><span class=\"Capsule discover-kangourou\"><br \/><span class=\"Phylactery\">\u00c0 D\u00e9couvrir<\/span><br \/><strong class=\"discover-kangourou__line\"><br \/><img decoding=\"async\" class=\"discover-kangourou__img\" src=\"https:\/\/www.site.cdcl.xyz\/wp-content\/uploads\/2024\/10\/Actus-nationales-Presidentielle-americaine-Kamala-Harris-hausse-le-ton-face.svg.svg+xml\"><br \/><strong class=\"discover-kangourou__txt\"><br \/><strong>Le Kangourou du jour<\/strong><\/strong><\/strong><\/span><\/p>\n<p>R\u00e9pondre<\/p>\n<p>Il compte \u00ab&nbsp;am\u00e9nager&nbsp;\u00bb le projet de loi de finances pr\u00e9par\u00e9 par le gouvernement Barnier, et laiss\u00e9 en souffrance durant la navette parlementaire par la censure du 4&nbsp;d\u00e9cembre. Le d\u00e9ficit serait inscrit dans le texte \u00e0 \u00ab&nbsp;un peu au-dessus de 5&nbsp;%&nbsp;\u00bb du PIB, \u00ab&nbsp;de fa\u00e7on \u00e0 prot\u00e9ger la croissance&nbsp;\u00bb.<\/p>\n<p>\u00c9ric Lombard \u00e9vacue au passage le risque d\u2019une possible hausse du nombre de personnes assujetties \u00e0 l\u2019imp\u00f4t sur le revenu l\u2019an prochain, si la loi sp\u00e9ciale qui permettra en d\u00e9but d\u2019ann\u00e9e le strict fonctionnement de l\u2019\u00c9tat devait perdurer&nbsp;: elle ne permet pas de pratiquer la traditionnelle indexation du bar\u00e8me de cet imp\u00f4t sur l\u2019inflation. \u00ab&nbsp;Nous aurons un budget qui comportera une indexation du bar\u00e8me&nbsp;\u00bb a-t-il coup\u00e9 court aux interrogations. \u00ab&nbsp;Les Fran\u00e7ais qui ne paient pas d\u2019imp\u00f4ts sur le revenu aujourd\u2019hui n\u2019en paieront pas demain&nbsp;\u00bb.<br \/>&nbsp;<\/p>\n<\/section>\n<\/section>\n<\/div>\n<p> <img decoding=\"async\" src=\"https:\/\/www.cc3rivieres76.com\/blog\/wp-content\/uploads\/2024\/12\/actus-france-eric-lombard-veut-dialoguer-avec-tous-les-partis-et-groupes-parlementaires-france.jpg\" alt=\"\u00c9ric Lombard veut dialoguer avec tous les partis et&nbsp;groupes parlementaires\"><\/p>\n<p>#\u00c9ric #Lombard #veut #dialoguer #avec #tous #les #partis #etgroupes #parlementaires<\/p>\n<p>Reprise de l\u2019information dans un style journalistique professionnel descriptif en organisant les id\u00e9es dans un ordre coh\u00e9rent avec titres html <\/p>\n<p>Publications sur le m\u00eame propos:<\/p>\n<p>Institutions administratives de l\u2019\u00c9tat fran\u00e7ais\/L\u2019Administration du Premier Ministre.,<a href=\"https:\/\/fr.wikibooks.org\/wiki\/Institutions_administratives_de_l%27%C3%89tat_fran%C3%A7ais\/L%27Administration_du_Premier_Ministre\" target=\"_blank\" rel=\"noopener noreferrer nofollow\">R\u00e9f\u00e9rence lit\u00e9raire de ce livre<\/a><span><\/span>.<\/p>\n<p>Parc National des C\u00e9vennes\/\u00c9cologie.,<a href=\"https:\/\/fr.wikibooks.org\/wiki\/Parc_National_des_C%C3%A9vennes\/%C3%89cologie\" target=\"_blank\" rel=\"noopener noreferrer nofollow\">Pr\u00e9sentation du livre<\/a><span><\/span>.<\/p>\n<p>Tableau de la France [\u00e9dition int\u00e9grale revue et mise \u00e0 jour].,<a href=\"https:\/\/www.kobo.com\/fr\/fr\/ebook\/tableau-de-la-france-edition-integrale-revue-et-mise-a-jour\" target=\"_blank\" rel=\"noopener noreferrer nofollow\">Ici <\/a><span><\/span>. Ouvrage de r\u00e9f\u00e9rence.<\/p>\n<p> Cet article, qui traite du th\u00e8me \u00ab\u00a0Les 3 rivi\u00e8res dans la Somme\u00a0\u00bb, vous est sp\u00e9cialement sugg\u00e9r\u00e9 par cc3rivieres76.com. La chronique est reproduite du mieux possible. Dans le cas o\u00f9 vous souhaitez apporter quelques pr\u00e9cisions concernant le domaine de \u00ab\u00a0Les 3 rivi\u00e8res dans la Somme\u00a0\u00bb vous pouvez solliciter notre r\u00e9daction. La destination de cc3rivieres76.com est de d\u00e9battre de Les 3 rivi\u00e8res dans la Somme dans la transparence en vous apportant la connaissance de tout ce qui est en lien avec ce sujet sur la toile Connectez-vous sur notre site cc3rivieres76.com et nos r\u00e9seaux sociaux dans le but d\u2019\u00eatre inform\u00e9 des futures publications.<\/p>\n","protected":false},"excerpt":{"rendered":"<p>Dans le cadre de notre mission de vous alerter, nous publions ci-dessous un \u00e9ditorial vu sur le web ce jour. La th\u00e9matique est \u00abActualit\u00e9 fran\u00e7aise\u00bb. Diffus\u00e9 sur Le Point \u2013 Politique, l\u2019article ci-dessous Signature . Date et heure de la r\u00e9ception de la d\u00e9p\u00e9che sur notre fil d\u2019info: Date et heure de publication sur internet: &hellip; <\/p>\n<p class=\"link-more\"><a href=\"https:\/\/www.cc3rivieres76.com\/blog\/actus-france-eric-lombard-veut-dialoguer-avec-tous-les-partis-et-groupes-parlementaires-france\/\" class=\"more-link\">Continuer la lecture <span class=\"screen-reader-text\"> \u00ab\u00a0Actus France: \u00c9ric Lombard veut dialoguer avec tous les partis et\u00a0groupes parlementaires #France\u00a0\u00bb<\/span><\/a><\/p>\n","protected":false},"author":3,"featured_media":0,"comment_status":"closed","ping_status":"closed","sticky":false,"template":"","format":"standard","meta":{"footnotes":""},"categories":[2],"tags":[],"class_list":["post-500","post","type-post","status-publish","format-standard","hentry","category-les-3-rivieres-dans-la-somme","entry"],"yoast_head":"<!-- This site is optimized with the Yoast SEO plugin v27.5 - https:\/\/yoast.com\/product\/yoast-seo-wordpress\/ -->\n<title>Actus France: \u00c9ric Lombard veut dialoguer avec tous les partis et\u00a0groupes parlementaires #France - CC3RIVIERES76<\/title>\n<meta name=\"robots\" content=\"index, follow, max-snippet:-1, max-image-preview:large, max-video-preview:-1\" \/>\n<link rel=\"canonical\" href=\"https:\/\/www.cc3rivieres76.com\/blog\/actus-france-eric-lombard-veut-dialoguer-avec-tous-les-partis-et-groupes-parlementaires-france\/\" \/>\n<meta property=\"og:locale\" content=\"fr_FR\" \/>\n<meta property=\"og:type\" content=\"article\" \/>\n<meta property=\"og:title\" content=\"Actus France: \u00c9ric Lombard veut dialoguer avec tous les partis et\u00a0groupes parlementaires #France - CC3RIVIERES76\" \/>\n<meta property=\"og:description\" content=\"Dans le cadre de notre mission de vous alerter, nous publions ci-dessous un \u00e9ditorial vu sur le web ce jour. La th\u00e9matique est \u00abActualit\u00e9 fran\u00e7aise\u00bb. Diffus\u00e9 sur Le Point \u2013 Politique, l\u2019article ci-dessous Signature . Date et heure de la r\u00e9ception de la d\u00e9p\u00e9che sur notre fil d\u2019info: Date et heure de publication sur internet: &hellip; Continuer la lecture \u00ab\u00a0Actus France: \u00c9ric Lombard veut dialoguer avec tous les partis et\u00a0groupes parlementaires #France\u00a0\u00bb\" \/>\n<meta property=\"og:url\" content=\"https:\/\/www.cc3rivieres76.com\/blog\/actus-france-eric-lombard-veut-dialoguer-avec-tous-les-partis-et-groupes-parlementaires-france\/\" \/>\n<meta property=\"og:site_name\" content=\"CC3RIVIERES76\" \/>\n<meta property=\"article:published_time\" content=\"2024-12-28T23:17:00+00:00\" \/>\n<meta property=\"og:image\" content=\"https:\/\/www.site.cdcl.xyz\/wp-content\/uploads\/2024\/10\/Actus-nationales-Presidentielle-americaine-Kamala-Harris-hausse-le-ton-face.svg.svg+xml\" \/>\n<meta name=\"author\" content=\"Sylvie DE LAUZAINGHEIN\" \/>\n<meta name=\"twitter:card\" content=\"summary_large_image\" \/>\n<meta name=\"twitter:label1\" content=\"\u00c9crit par\" \/>\n\t<meta name=\"twitter:data1\" content=\"Sylvie DE LAUZAINGHEIN\" \/>\n\t<meta name=\"twitter:label2\" content=\"Dur\u00e9e de lecture estim\u00e9e\" \/>\n\t<meta name=\"twitter:data2\" content=\"4 minutes\" \/>\n<script type=\"application\/ld+json\" class=\"yoast-schema-graph\">{\"@context\":\"https:\\\/\\\/schema.org\",\"@graph\":[{\"@type\":\"Article\",\"@id\":\"https:\\\/\\\/www.cc3rivieres76.com\\\/blog\\\/actus-france-eric-lombard-veut-dialoguer-avec-tous-les-partis-et-groupes-parlementaires-france\\\/#article\",\"isPartOf\":{\"@id\":\"https:\\\/\\\/www.cc3rivieres76.com\\\/blog\\\/actus-france-eric-lombard-veut-dialoguer-avec-tous-les-partis-et-groupes-parlementaires-france\\\/\"},\"author\":{\"name\":\"Sylvie DE LAUZAINGHEIN\",\"@id\":\"https:\\\/\\\/www.cc3rivieres76.com\\\/blog\\\/#\\\/schema\\\/person\\\/474d457fb7747b5218f39792dfaa5a1c\"},\"headline\":\"Actus France: \u00c9ric Lombard veut dialoguer avec tous les partis et\u00a0groupes parlementaires #France\",\"datePublished\":\"2024-12-28T23:17:00+00:00\",\"mainEntityOfPage\":{\"@id\":\"https:\\\/\\\/www.cc3rivieres76.com\\\/blog\\\/actus-france-eric-lombard-veut-dialoguer-avec-tous-les-partis-et-groupes-parlementaires-france\\\/\"},\"wordCount\":896,\"publisher\":{\"@id\":\"https:\\\/\\\/www.cc3rivieres76.com\\\/blog\\\/#organization\"},\"image\":{\"@id\":\"https:\\\/\\\/www.cc3rivieres76.com\\\/blog\\\/actus-france-eric-lombard-veut-dialoguer-avec-tous-les-partis-et-groupes-parlementaires-france\\\/#primaryimage\"},\"thumbnailUrl\":\"https:\\\/\\\/www.site.cdcl.xyz\\\/wp-content\\\/uploads\\\/2024\\\/10\\\/Actus-nationales-Presidentielle-americaine-Kamala-Harris-hausse-le-ton-face.svg.svg+xml\",\"articleSection\":[\"Les 3 Rivi\u00e8res Dans La Somme:\"],\"inLanguage\":\"fr-FR\"},{\"@type\":\"WebPage\",\"@id\":\"https:\\\/\\\/www.cc3rivieres76.com\\\/blog\\\/actus-france-eric-lombard-veut-dialoguer-avec-tous-les-partis-et-groupes-parlementaires-france\\\/\",\"url\":\"https:\\\/\\\/www.cc3rivieres76.com\\\/blog\\\/actus-france-eric-lombard-veut-dialoguer-avec-tous-les-partis-et-groupes-parlementaires-france\\\/\",\"name\":\"Actus France: \u00c9ric Lombard veut dialoguer avec tous les partis et\u00a0groupes parlementaires #France - CC3RIVIERES76\",\"isPartOf\":{\"@id\":\"https:\\\/\\\/www.cc3rivieres76.com\\\/blog\\\/#website\"},\"primaryImageOfPage\":{\"@id\":\"https:\\\/\\\/www.cc3rivieres76.com\\\/blog\\\/actus-france-eric-lombard-veut-dialoguer-avec-tous-les-partis-et-groupes-parlementaires-france\\\/#primaryimage\"},\"image\":{\"@id\":\"https:\\\/\\\/www.cc3rivieres76.com\\\/blog\\\/actus-france-eric-lombard-veut-dialoguer-avec-tous-les-partis-et-groupes-parlementaires-france\\\/#primaryimage\"},\"thumbnailUrl\":\"https:\\\/\\\/www.site.cdcl.xyz\\\/wp-content\\\/uploads\\\/2024\\\/10\\\/Actus-nationales-Presidentielle-americaine-Kamala-Harris-hausse-le-ton-face.svg.svg+xml\",\"datePublished\":\"2024-12-28T23:17:00+00:00\",\"breadcrumb\":{\"@id\":\"https:\\\/\\\/www.cc3rivieres76.com\\\/blog\\\/actus-france-eric-lombard-veut-dialoguer-avec-tous-les-partis-et-groupes-parlementaires-france\\\/#breadcrumb\"},\"inLanguage\":\"fr-FR\",\"potentialAction\":[{\"@type\":\"ReadAction\",\"target\":[\"https:\\\/\\\/www.cc3rivieres76.com\\\/blog\\\/actus-france-eric-lombard-veut-dialoguer-avec-tous-les-partis-et-groupes-parlementaires-france\\\/\"]}]},{\"@type\":\"ImageObject\",\"inLanguage\":\"fr-FR\",\"@id\":\"https:\\\/\\\/www.cc3rivieres76.com\\\/blog\\\/actus-france-eric-lombard-veut-dialoguer-avec-tous-les-partis-et-groupes-parlementaires-france\\\/#primaryimage\",\"url\":\"https:\\\/\\\/www.site.cdcl.xyz\\\/wp-content\\\/uploads\\\/2024\\\/10\\\/Actus-nationales-Presidentielle-americaine-Kamala-Harris-hausse-le-ton-face.svg.svg+xml\",\"contentUrl\":\"https:\\\/\\\/www.site.cdcl.xyz\\\/wp-content\\\/uploads\\\/2024\\\/10\\\/Actus-nationales-Presidentielle-americaine-Kamala-Harris-hausse-le-ton-face.svg.svg+xml\"},{\"@type\":\"BreadcrumbList\",\"@id\":\"https:\\\/\\\/www.cc3rivieres76.com\\\/blog\\\/actus-france-eric-lombard-veut-dialoguer-avec-tous-les-partis-et-groupes-parlementaires-france\\\/#breadcrumb\",\"itemListElement\":[{\"@type\":\"ListItem\",\"position\":1,\"name\":\"Accueil\",\"item\":\"https:\\\/\\\/www.cc3rivieres76.com\\\/blog\\\/\"},{\"@type\":\"ListItem\",\"position\":2,\"name\":\"Actus France: \u00c9ric Lombard veut dialoguer avec tous les partis et\u00a0groupes parlementaires #France\"}]},{\"@type\":\"WebSite\",\"@id\":\"https:\\\/\\\/www.cc3rivieres76.com\\\/blog\\\/#website\",\"url\":\"https:\\\/\\\/www.cc3rivieres76.com\\\/blog\\\/\",\"name\":\"CC3RIVIERES76\",\"description\":\"Les 3 rivi\u00e8res dans la Somme.\",\"publisher\":{\"@id\":\"https:\\\/\\\/www.cc3rivieres76.com\\\/blog\\\/#organization\"},\"potentialAction\":[{\"@type\":\"SearchAction\",\"target\":{\"@type\":\"EntryPoint\",\"urlTemplate\":\"https:\\\/\\\/www.cc3rivieres76.com\\\/blog\\\/?s={search_term_string}\"},\"query-input\":{\"@type\":\"PropertyValueSpecification\",\"valueRequired\":true,\"valueName\":\"search_term_string\"}}],\"inLanguage\":\"fr-FR\"},{\"@type\":\"Organization\",\"@id\":\"https:\\\/\\\/www.cc3rivieres76.com\\\/blog\\\/#organization\",\"name\":\"cc3rivieres76\",\"url\":\"https:\\\/\\\/www.cc3rivieres76.com\\\/blog\\\/\",\"logo\":{\"@type\":\"ImageObject\",\"inLanguage\":\"fr-FR\",\"@id\":\"https:\\\/\\\/www.cc3rivieres76.com\\\/blog\\\/#\\\/schema\\\/logo\\\/image\\\/\",\"url\":\"https:\\\/\\\/www.cc3rivieres76.com\\\/blog\\\/wp-content\\\/uploads\\\/2023\\\/06\\\/logo-2.png\",\"contentUrl\":\"https:\\\/\\\/www.cc3rivieres76.com\\\/blog\\\/wp-content\\\/uploads\\\/2023\\\/06\\\/logo-2.png\",\"width\":390,\"height\":388,\"caption\":\"cc3rivieres76\"},\"image\":{\"@id\":\"https:\\\/\\\/www.cc3rivieres76.com\\\/blog\\\/#\\\/schema\\\/logo\\\/image\\\/\"}},{\"@type\":\"Person\",\"@id\":\"https:\\\/\\\/www.cc3rivieres76.com\\\/blog\\\/#\\\/schema\\\/person\\\/474d457fb7747b5218f39792dfaa5a1c\",\"name\":\"Sylvie DE LAUZAINGHEIN\",\"image\":{\"@type\":\"ImageObject\",\"inLanguage\":\"fr-FR\",\"@id\":\"https:\\\/\\\/secure.gravatar.com\\\/avatar\\\/9c6a53b19e0a3431aa80de0895b9729fe665cd7e7d6cc94fc11abb152f4237d7?s=96&d=mm&r=g\",\"url\":\"https:\\\/\\\/secure.gravatar.com\\\/avatar\\\/9c6a53b19e0a3431aa80de0895b9729fe665cd7e7d6cc94fc11abb152f4237d7?s=96&d=mm&r=g\",\"contentUrl\":\"https:\\\/\\\/secure.gravatar.com\\\/avatar\\\/9c6a53b19e0a3431aa80de0895b9729fe665cd7e7d6cc94fc11abb152f4237d7?s=96&d=mm&r=g\",\"caption\":\"Sylvie DE LAUZAINGHEIN\"},\"url\":\"https:\\\/\\\/www.cc3rivieres76.com\\\/blog\\\/author\\\/s76sylvie\\\/\"}]}<\/script>\n<!-- \/ Yoast SEO plugin. -->","yoast_head_json":{"title":"Actus France: \u00c9ric Lombard veut dialoguer avec tous les partis et\u00a0groupes parlementaires #France - CC3RIVIERES76","robots":{"index":"index","follow":"follow","max-snippet":"max-snippet:-1","max-image-preview":"max-image-preview:large","max-video-preview":"max-video-preview:-1"},"canonical":"https:\/\/www.cc3rivieres76.com\/blog\/actus-france-eric-lombard-veut-dialoguer-avec-tous-les-partis-et-groupes-parlementaires-france\/","og_locale":"fr_FR","og_type":"article","og_title":"Actus France: \u00c9ric Lombard veut dialoguer avec tous les partis et\u00a0groupes parlementaires #France - CC3RIVIERES76","og_description":"Dans le cadre de notre mission de vous alerter, nous publions ci-dessous un \u00e9ditorial vu sur le web ce jour. La th\u00e9matique est \u00abActualit\u00e9 fran\u00e7aise\u00bb. Diffus\u00e9 sur Le Point \u2013 Politique, l\u2019article ci-dessous Signature . Date et heure de la r\u00e9ception de la d\u00e9p\u00e9che sur notre fil d\u2019info: Date et heure de publication sur internet: &hellip; Continuer la lecture \u00ab\u00a0Actus France: \u00c9ric Lombard veut dialoguer avec tous les partis et\u00a0groupes parlementaires #France\u00a0\u00bb","og_url":"https:\/\/www.cc3rivieres76.com\/blog\/actus-france-eric-lombard-veut-dialoguer-avec-tous-les-partis-et-groupes-parlementaires-france\/","og_site_name":"CC3RIVIERES76","article_published_time":"2024-12-28T23:17:00+00:00","og_image":[{"url":"https:\/\/www.site.cdcl.xyz\/wp-content\/uploads\/2024\/10\/Actus-nationales-Presidentielle-americaine-Kamala-Harris-hausse-le-ton-face.svg.svg+xml","type":"","width":"","height":""}],"author":"Sylvie DE LAUZAINGHEIN","twitter_card":"summary_large_image","twitter_misc":{"\u00c9crit par":"Sylvie DE LAUZAINGHEIN","Dur\u00e9e de lecture estim\u00e9e":"4 minutes"},"schema":{"@context":"https:\/\/schema.org","@graph":[{"@type":"Article","@id":"https:\/\/www.cc3rivieres76.com\/blog\/actus-france-eric-lombard-veut-dialoguer-avec-tous-les-partis-et-groupes-parlementaires-france\/#article","isPartOf":{"@id":"https:\/\/www.cc3rivieres76.com\/blog\/actus-france-eric-lombard-veut-dialoguer-avec-tous-les-partis-et-groupes-parlementaires-france\/"},"author":{"name":"Sylvie DE LAUZAINGHEIN","@id":"https:\/\/www.cc3rivieres76.com\/blog\/#\/schema\/person\/474d457fb7747b5218f39792dfaa5a1c"},"headline":"Actus France: \u00c9ric Lombard veut dialoguer avec tous les partis et\u00a0groupes parlementaires #France","datePublished":"2024-12-28T23:17:00+00:00","mainEntityOfPage":{"@id":"https:\/\/www.cc3rivieres76.com\/blog\/actus-france-eric-lombard-veut-dialoguer-avec-tous-les-partis-et-groupes-parlementaires-france\/"},"wordCount":896,"publisher":{"@id":"https:\/\/www.cc3rivieres76.com\/blog\/#organization"},"image":{"@id":"https:\/\/www.cc3rivieres76.com\/blog\/actus-france-eric-lombard-veut-dialoguer-avec-tous-les-partis-et-groupes-parlementaires-france\/#primaryimage"},"thumbnailUrl":"https:\/\/www.site.cdcl.xyz\/wp-content\/uploads\/2024\/10\/Actus-nationales-Presidentielle-americaine-Kamala-Harris-hausse-le-ton-face.svg.svg+xml","articleSection":["Les 3 Rivi\u00e8res Dans La Somme:"],"inLanguage":"fr-FR"},{"@type":"WebPage","@id":"https:\/\/www.cc3rivieres76.com\/blog\/actus-france-eric-lombard-veut-dialoguer-avec-tous-les-partis-et-groupes-parlementaires-france\/","url":"https:\/\/www.cc3rivieres76.com\/blog\/actus-france-eric-lombard-veut-dialoguer-avec-tous-les-partis-et-groupes-parlementaires-france\/","name":"Actus France: \u00c9ric Lombard veut dialoguer avec tous les partis et\u00a0groupes parlementaires #France - CC3RIVIERES76","isPartOf":{"@id":"https:\/\/www.cc3rivieres76.com\/blog\/#website"},"primaryImageOfPage":{"@id":"https:\/\/www.cc3rivieres76.com\/blog\/actus-france-eric-lombard-veut-dialoguer-avec-tous-les-partis-et-groupes-parlementaires-france\/#primaryimage"},"image":{"@id":"https:\/\/www.cc3rivieres76.com\/blog\/actus-france-eric-lombard-veut-dialoguer-avec-tous-les-partis-et-groupes-parlementaires-france\/#primaryimage"},"thumbnailUrl":"https:\/\/www.site.cdcl.xyz\/wp-content\/uploads\/2024\/10\/Actus-nationales-Presidentielle-americaine-Kamala-Harris-hausse-le-ton-face.svg.svg+xml","datePublished":"2024-12-28T23:17:00+00:00","breadcrumb":{"@id":"https:\/\/www.cc3rivieres76.com\/blog\/actus-france-eric-lombard-veut-dialoguer-avec-tous-les-partis-et-groupes-parlementaires-france\/#breadcrumb"},"inLanguage":"fr-FR","potentialAction":[{"@type":"ReadAction","target":["https:\/\/www.cc3rivieres76.com\/blog\/actus-france-eric-lombard-veut-dialoguer-avec-tous-les-partis-et-groupes-parlementaires-france\/"]}]},{"@type":"ImageObject","inLanguage":"fr-FR","@id":"https:\/\/www.cc3rivieres76.com\/blog\/actus-france-eric-lombard-veut-dialoguer-avec-tous-les-partis-et-groupes-parlementaires-france\/#primaryimage","url":"https:\/\/www.site.cdcl.xyz\/wp-content\/uploads\/2024\/10\/Actus-nationales-Presidentielle-americaine-Kamala-Harris-hausse-le-ton-face.svg.svg+xml","contentUrl":"https:\/\/www.site.cdcl.xyz\/wp-content\/uploads\/2024\/10\/Actus-nationales-Presidentielle-americaine-Kamala-Harris-hausse-le-ton-face.svg.svg+xml"},{"@type":"BreadcrumbList","@id":"https:\/\/www.cc3rivieres76.com\/blog\/actus-france-eric-lombard-veut-dialoguer-avec-tous-les-partis-et-groupes-parlementaires-france\/#breadcrumb","itemListElement":[{"@type":"ListItem","position":1,"name":"Accueil","item":"https:\/\/www.cc3rivieres76.com\/blog\/"},{"@type":"ListItem","position":2,"name":"Actus France: \u00c9ric Lombard veut dialoguer avec tous les partis et\u00a0groupes parlementaires #France"}]},{"@type":"WebSite","@id":"https:\/\/www.cc3rivieres76.com\/blog\/#website","url":"https:\/\/www.cc3rivieres76.com\/blog\/","name":"CC3RIVIERES76","description":"Les 3 rivi\u00e8res dans la Somme.","publisher":{"@id":"https:\/\/www.cc3rivieres76.com\/blog\/#organization"},"potentialAction":[{"@type":"SearchAction","target":{"@type":"EntryPoint","urlTemplate":"https:\/\/www.cc3rivieres76.com\/blog\/?s={search_term_string}"},"query-input":{"@type":"PropertyValueSpecification","valueRequired":true,"valueName":"search_term_string"}}],"inLanguage":"fr-FR"},{"@type":"Organization","@id":"https:\/\/www.cc3rivieres76.com\/blog\/#organization","name":"cc3rivieres76","url":"https:\/\/www.cc3rivieres76.com\/blog\/","logo":{"@type":"ImageObject","inLanguage":"fr-FR","@id":"https:\/\/www.cc3rivieres76.com\/blog\/#\/schema\/logo\/image\/","url":"https:\/\/www.cc3rivieres76.com\/blog\/wp-content\/uploads\/2023\/06\/logo-2.png","contentUrl":"https:\/\/www.cc3rivieres76.com\/blog\/wp-content\/uploads\/2023\/06\/logo-2.png","width":390,"height":388,"caption":"cc3rivieres76"},"image":{"@id":"https:\/\/www.cc3rivieres76.com\/blog\/#\/schema\/logo\/image\/"}},{"@type":"Person","@id":"https:\/\/www.cc3rivieres76.com\/blog\/#\/schema\/person\/474d457fb7747b5218f39792dfaa5a1c","name":"Sylvie DE LAUZAINGHEIN","image":{"@type":"ImageObject","inLanguage":"fr-FR","@id":"https:\/\/secure.gravatar.com\/avatar\/9c6a53b19e0a3431aa80de0895b9729fe665cd7e7d6cc94fc11abb152f4237d7?s=96&d=mm&r=g","url":"https:\/\/secure.gravatar.com\/avatar\/9c6a53b19e0a3431aa80de0895b9729fe665cd7e7d6cc94fc11abb152f4237d7?s=96&d=mm&r=g","contentUrl":"https:\/\/secure.gravatar.com\/avatar\/9c6a53b19e0a3431aa80de0895b9729fe665cd7e7d6cc94fc11abb152f4237d7?s=96&d=mm&r=g","caption":"Sylvie DE LAUZAINGHEIN"},"url":"https:\/\/www.cc3rivieres76.com\/blog\/author\/s76sylvie\/"}]}},"_links":{"self":[{"href":"https:\/\/www.cc3rivieres76.com\/blog\/wp-json\/wp\/v2\/posts\/500","targetHints":{"allow":["GET"]}}],"collection":[{"href":"https:\/\/www.cc3rivieres76.com\/blog\/wp-json\/wp\/v2\/posts"}],"about":[{"href":"https:\/\/www.cc3rivieres76.com\/blog\/wp-json\/wp\/v2\/types\/post"}],"author":[{"embeddable":true,"href":"https:\/\/www.cc3rivieres76.com\/blog\/wp-json\/wp\/v2\/users\/3"}],"replies":[{"embeddable":true,"href":"https:\/\/www.cc3rivieres76.com\/blog\/wp-json\/wp\/v2\/comments?post=500"}],"version-history":[{"count":0,"href":"https:\/\/www.cc3rivieres76.com\/blog\/wp-json\/wp\/v2\/posts\/500\/revisions"}],"wp:attachment":[{"href":"https:\/\/www.cc3rivieres76.com\/blog\/wp-json\/wp\/v2\/media?parent=500"}],"wp:term":[{"taxonomy":"category","embeddable":true,"href":"https:\/\/www.cc3rivieres76.com\/blog\/wp-json\/wp\/v2\/categories?post=500"},{"taxonomy":"post_tag","embeddable":true,"href":"https:\/\/www.cc3rivieres76.com\/blog\/wp-json\/wp\/v2\/tags?post=500"}],"curies":[{"name":"wp","href":"https:\/\/api.w.org\/{rel}","templated":true}]}}