{"id":517,"date":"2025-01-12T18:13:49","date_gmt":"2025-01-12T17:13:49","guid":{"rendered":"https:\/\/www.site.cdcl.xyz\/2025\/01\/12\/actus-france-athletisme-le-suedois-andreas-almgren-bat-le-record-deurope-du-10km\/"},"modified":"2025-01-12T18:13:49","modified_gmt":"2025-01-12T17:13:49","slug":"actus-france-athletisme-le-suedois-andreas-almgren-bat-le-record-deurope-du-10km","status":"publish","type":"post","link":"https:\/\/www.cc3rivieres76.com\/blog\/actus-france-athletisme-le-suedois-andreas-almgren-bat-le-record-deurope-du-10km\/","title":{"rendered":"Actus france: Athl\u00e9tisme : le Su\u00e9dois Andreas Almgren bat le record d&rsquo;Europe du 10km"},"content":{"rendered":"\n<p><img decoding=\"async\" src=\"https:\/\/www.cc3rivieres76.com\/blog\/wp-content\/uploads\/2025\/01\/actus-france-athletisme-le-suedois-andreas-almgren-bat-le-record-deurope-du-10km.jpg\"><br \/>Le Su\u00e9dois Andreas Almgren a battu ce dimanche 12 janvier \u00e0 Valence le record d&rsquo;Europe du 10km sur route, effa\u00e7ant des tablettes le Fran\u00e7ais \u00c9tienne Daguinos et devenant le premier Europ\u00e9en \u00e0 passer sous la barre des 27 minutes (26&rsquo;53) sur cette distance . Dans les rues de la \u00ab Ciudad del Running \u00bb, r\u00e9put\u00e9e pour ses courses ultra-rapides th\u00e9\u00e2tres de nombreux records du monde, Almgren a remport\u00e9 la course juste devant le Suisse Dominic Lobalu (26&rsquo;54), qui a battu lui aussi l&rsquo;ancien record continental. Depuis novembre dernier, le record d&rsquo;Europe du 10km sur route \u00e9tait d\u00e9tenu par \u00c9tienne Daguinos, qui avait couru en 27&rsquo;04 \u00e0 Lille. Avant lui, c&rsquo;est un autre Fran\u00e7ais, Jimmy Gressier, qui d\u00e9tenait la meilleure marque europ\u00e9enne (27&rsquo;07 en mars 2024). Quatri\u00e8me du 10 000m aux Championnats d&rsquo;Europe \u00e0 Rome l&rsquo;ann\u00e9e derni\u00e8re, Almgren avait d\u00fb d\u00e9clarer un forfait pour les JO \u00e0 cause d&rsquo;une blessure \u00e0 un tibia.<\/p>\n<p>Bibliographie :<\/p>\n<p>Climat et \u00e9cocitoyens\/Les circuits courts alimentaires.,<a href=\"https:\/\/fr.wikibooks.org\/wiki\/Climat_et_%C3%A9cocitoyens\/Les_circuits_courts_alimentaires\" target=\"_blank\" rel=\"noopener noreferrer nofollow\">Fiche du livre<\/a><span><\/span>.<\/p>\n<p>Lectures et lecteurs dans la France d\u2019Ancien R\u00e9gime.,<a href=\"https:\/\/www.kobo.com\/fr\/fr\/ebook\/lectures-et-lecteurs-dans-la-france-d-ancien-regime-2\" target=\"_blank\" rel=\"noopener noreferrer nofollow\">Le livre <\/a><span><\/span>.<\/p>\n<p>Secret d\u2019Etat.,<a href=\"https:\/\/www.kobo.com\/fr\/fr\/ebook\/secret-d-etat\" target=\"_blank\" rel=\"noopener noreferrer nofollow\">Redirection vers la fiche de pr\u00e9sentation<\/a><span><\/span>.<\/p>\n<p> Cet article, qui traite du th\u00e8me \u00ab\u00a0Les 3 rivi\u00e8res dans la Somme\u00a0\u00bb, vous est sp\u00e9cialement sugg\u00e9r\u00e9 par cc3rivieres76.com. La chronique est reproduite du mieux possible. Dans le cas o\u00f9 vous souhaitez apporter quelques pr\u00e9cisions concernant le domaine de \u00ab\u00a0Les 3 rivi\u00e8res dans la Somme\u00a0\u00bb vous pouvez solliciter notre r\u00e9daction. La destination de cc3rivieres76.com est de d\u00e9battre de Les 3 rivi\u00e8res dans la Somme dans la transparence en vous apportant la connaissance de tout ce qui est en lien avec ce sujet sur la toile Connectez-vous sur notre site cc3rivieres76.com et nos r\u00e9seaux sociaux dans le but d\u2019\u00eatre inform\u00e9 des futures publications.<\/p>\n","protected":false},"excerpt":{"rendered":"<p>Le Su\u00e9dois Andreas Almgren a battu ce dimanche 12 janvier \u00e0 Valence le record d&rsquo;Europe du 10km sur route, effa\u00e7ant des tablettes le Fran\u00e7ais \u00c9tienne Daguinos et devenant le premier Europ\u00e9en \u00e0 passer sous la barre des 27 minutes (26&rsquo;53) sur cette distance . Dans les rues de la \u00ab Ciudad del Running \u00bb, r\u00e9put\u00e9e &hellip; <\/p>\n<p class=\"link-more\"><a href=\"https:\/\/www.cc3rivieres76.com\/blog\/actus-france-athletisme-le-suedois-andreas-almgren-bat-le-record-deurope-du-10km\/\" class=\"more-link\">Continuer la lecture <span class=\"screen-reader-text\"> \u00ab\u00a0Actus france: Athl\u00e9tisme : le Su\u00e9dois Andreas Almgren bat le record d&rsquo;Europe du 10km\u00a0\u00bb<\/span><\/a><\/p>\n","protected":false},"author":3,"featured_media":518,"comment_status":"closed","ping_status":"closed","sticky":false,"template":"","format":"standard","meta":{"footnotes":""},"categories":[2],"tags":[],"class_list":["post-517","post","type-post","status-publish","format-standard","has-post-thumbnail","hentry","category-les-3-rivieres-dans-la-somme","entry"],"yoast_head":"<!-- This site is optimized with the Yoast SEO plugin v27.5 - https:\/\/yoast.com\/product\/yoast-seo-wordpress\/ -->\n<title>Actus france: Athl\u00e9tisme : le Su\u00e9dois Andreas Almgren bat le record d&#039;Europe du 10km - CC3RIVIERES76<\/title>\n<meta name=\"robots\" content=\"index, follow, max-snippet:-1, max-image-preview:large, max-video-preview:-1\" \/>\n<link rel=\"canonical\" href=\"https:\/\/www.cc3rivieres76.com\/blog\/actus-france-athletisme-le-suedois-andreas-almgren-bat-le-record-deurope-du-10km\/\" \/>\n<meta property=\"og:locale\" content=\"fr_FR\" \/>\n<meta property=\"og:type\" content=\"article\" \/>\n<meta property=\"og:title\" content=\"Actus france: Athl\u00e9tisme : le Su\u00e9dois Andreas Almgren bat le record d&#039;Europe du 10km - CC3RIVIERES76\" \/>\n<meta property=\"og:description\" content=\"Le Su\u00e9dois Andreas Almgren a battu ce dimanche 12 janvier \u00e0 Valence le record d&rsquo;Europe du 10km sur route, effa\u00e7ant des tablettes le Fran\u00e7ais \u00c9tienne Daguinos et devenant le premier Europ\u00e9en \u00e0 passer sous la barre des 27 minutes (26&rsquo;53) sur cette distance . Dans les rues de la \u00ab Ciudad del Running \u00bb, r\u00e9put\u00e9e &hellip; Continuer la lecture \u00ab\u00a0Actus france: Athl\u00e9tisme : le Su\u00e9dois Andreas Almgren bat le record d&rsquo;Europe du 10km\u00a0\u00bb\" \/>\n<meta property=\"og:url\" content=\"https:\/\/www.cc3rivieres76.com\/blog\/actus-france-athletisme-le-suedois-andreas-almgren-bat-le-record-deurope-du-10km\/\" \/>\n<meta property=\"og:site_name\" content=\"CC3RIVIERES76\" \/>\n<meta property=\"article:published_time\" content=\"2025-01-12T17:13:49+00:00\" \/>\n<meta property=\"og:image\" content=\"https:\/\/www.cc3rivieres76.com\/blog\/wp-content\/uploads\/2025\/01\/actus-france-athletisme-le-suedois-andreas-almgren-bat-le-record-deurope-du-10km.jpg\" \/>\n<meta name=\"author\" content=\"Sylvie DE LAUZAINGHEIN\" \/>\n<meta name=\"twitter:card\" content=\"summary_large_image\" \/>\n<meta name=\"twitter:label1\" content=\"\u00c9crit par\" \/>\n\t<meta name=\"twitter:data1\" content=\"Sylvie DE LAUZAINGHEIN\" \/>\n\t<meta name=\"twitter:label2\" content=\"Dur\u00e9e de lecture estim\u00e9e\" \/>\n\t<meta name=\"twitter:data2\" content=\"2 minutes\" \/>\n<script type=\"application\/ld+json\" class=\"yoast-schema-graph\">{\"@context\":\"https:\\\/\\\/schema.org\",\"@graph\":[{\"@type\":\"Article\",\"@id\":\"https:\\\/\\\/www.cc3rivieres76.com\\\/blog\\\/actus-france-athletisme-le-suedois-andreas-almgren-bat-le-record-deurope-du-10km\\\/#article\",\"isPartOf\":{\"@id\":\"https:\\\/\\\/www.cc3rivieres76.com\\\/blog\\\/actus-france-athletisme-le-suedois-andreas-almgren-bat-le-record-deurope-du-10km\\\/\"},\"author\":{\"name\":\"Sylvie DE LAUZAINGHEIN\",\"@id\":\"https:\\\/\\\/www.cc3rivieres76.com\\\/blog\\\/#\\\/schema\\\/person\\\/474d457fb7747b5218f39792dfaa5a1c\"},\"headline\":\"Actus france: Athl\u00e9tisme : le Su\u00e9dois Andreas Almgren bat le record d&rsquo;Europe du 10km\",\"datePublished\":\"2025-01-12T17:13:49+00:00\",\"mainEntityOfPage\":{\"@id\":\"https:\\\/\\\/www.cc3rivieres76.com\\\/blog\\\/actus-france-athletisme-le-suedois-andreas-almgren-bat-le-record-deurope-du-10km\\\/\"},\"wordCount\":321,\"publisher\":{\"@id\":\"https:\\\/\\\/www.cc3rivieres76.com\\\/blog\\\/#organization\"},\"image\":{\"@id\":\"https:\\\/\\\/www.cc3rivieres76.com\\\/blog\\\/actus-france-athletisme-le-suedois-andreas-almgren-bat-le-record-deurope-du-10km\\\/#primaryimage\"},\"thumbnailUrl\":\"https:\\\/\\\/www.cc3rivieres76.com\\\/blog\\\/wp-content\\\/uploads\\\/2025\\\/01\\\/actus-france-athletisme-le-suedois-andreas-almgren-bat-le-record-deurope-du-10km.jpg\",\"articleSection\":[\"Les 3 Rivi\u00e8res Dans La Somme:\"],\"inLanguage\":\"fr-FR\"},{\"@type\":\"WebPage\",\"@id\":\"https:\\\/\\\/www.cc3rivieres76.com\\\/blog\\\/actus-france-athletisme-le-suedois-andreas-almgren-bat-le-record-deurope-du-10km\\\/\",\"url\":\"https:\\\/\\\/www.cc3rivieres76.com\\\/blog\\\/actus-france-athletisme-le-suedois-andreas-almgren-bat-le-record-deurope-du-10km\\\/\",\"name\":\"Actus france: Athl\u00e9tisme : le Su\u00e9dois Andreas Almgren bat le record d'Europe du 10km - CC3RIVIERES76\",\"isPartOf\":{\"@id\":\"https:\\\/\\\/www.cc3rivieres76.com\\\/blog\\\/#website\"},\"primaryImageOfPage\":{\"@id\":\"https:\\\/\\\/www.cc3rivieres76.com\\\/blog\\\/actus-france-athletisme-le-suedois-andreas-almgren-bat-le-record-deurope-du-10km\\\/#primaryimage\"},\"image\":{\"@id\":\"https:\\\/\\\/www.cc3rivieres76.com\\\/blog\\\/actus-france-athletisme-le-suedois-andreas-almgren-bat-le-record-deurope-du-10km\\\/#primaryimage\"},\"thumbnailUrl\":\"https:\\\/\\\/www.cc3rivieres76.com\\\/blog\\\/wp-content\\\/uploads\\\/2025\\\/01\\\/actus-france-athletisme-le-suedois-andreas-almgren-bat-le-record-deurope-du-10km.jpg\",\"datePublished\":\"2025-01-12T17:13:49+00:00\",\"breadcrumb\":{\"@id\":\"https:\\\/\\\/www.cc3rivieres76.com\\\/blog\\\/actus-france-athletisme-le-suedois-andreas-almgren-bat-le-record-deurope-du-10km\\\/#breadcrumb\"},\"inLanguage\":\"fr-FR\",\"potentialAction\":[{\"@type\":\"ReadAction\",\"target\":[\"https:\\\/\\\/www.cc3rivieres76.com\\\/blog\\\/actus-france-athletisme-le-suedois-andreas-almgren-bat-le-record-deurope-du-10km\\\/\"]}]},{\"@type\":\"ImageObject\",\"inLanguage\":\"fr-FR\",\"@id\":\"https:\\\/\\\/www.cc3rivieres76.com\\\/blog\\\/actus-france-athletisme-le-suedois-andreas-almgren-bat-le-record-deurope-du-10km\\\/#primaryimage\",\"url\":\"https:\\\/\\\/www.cc3rivieres76.com\\\/blog\\\/wp-content\\\/uploads\\\/2025\\\/01\\\/actus-france-athletisme-le-suedois-andreas-almgren-bat-le-record-deurope-du-10km.jpg\",\"contentUrl\":\"https:\\\/\\\/www.cc3rivieres76.com\\\/blog\\\/wp-content\\\/uploads\\\/2025\\\/01\\\/actus-france-athletisme-le-suedois-andreas-almgren-bat-le-record-deurope-du-10km.jpg\",\"width\":1024,\"height\":576,\"caption\":\"Actus france: Athl\u00e9tisme : le Su\u00e9dois Andreas Almgren bat le record d'Europe du 10km\"},{\"@type\":\"BreadcrumbList\",\"@id\":\"https:\\\/\\\/www.cc3rivieres76.com\\\/blog\\\/actus-france-athletisme-le-suedois-andreas-almgren-bat-le-record-deurope-du-10km\\\/#breadcrumb\",\"itemListElement\":[{\"@type\":\"ListItem\",\"position\":1,\"name\":\"Accueil\",\"item\":\"https:\\\/\\\/www.cc3rivieres76.com\\\/blog\\\/\"},{\"@type\":\"ListItem\",\"position\":2,\"name\":\"Actus france: Athl\u00e9tisme : le Su\u00e9dois Andreas Almgren bat le record d&rsquo;Europe du 10km\"}]},{\"@type\":\"WebSite\",\"@id\":\"https:\\\/\\\/www.cc3rivieres76.com\\\/blog\\\/#website\",\"url\":\"https:\\\/\\\/www.cc3rivieres76.com\\\/blog\\\/\",\"name\":\"CC3RIVIERES76\",\"description\":\"Les 3 rivi\u00e8res dans la Somme.\",\"publisher\":{\"@id\":\"https:\\\/\\\/www.cc3rivieres76.com\\\/blog\\\/#organization\"},\"potentialAction\":[{\"@type\":\"SearchAction\",\"target\":{\"@type\":\"EntryPoint\",\"urlTemplate\":\"https:\\\/\\\/www.cc3rivieres76.com\\\/blog\\\/?s={search_term_string}\"},\"query-input\":{\"@type\":\"PropertyValueSpecification\",\"valueRequired\":true,\"valueName\":\"search_term_string\"}}],\"inLanguage\":\"fr-FR\"},{\"@type\":\"Organization\",\"@id\":\"https:\\\/\\\/www.cc3rivieres76.com\\\/blog\\\/#organization\",\"name\":\"cc3rivieres76\",\"url\":\"https:\\\/\\\/www.cc3rivieres76.com\\\/blog\\\/\",\"logo\":{\"@type\":\"ImageObject\",\"inLanguage\":\"fr-FR\",\"@id\":\"https:\\\/\\\/www.cc3rivieres76.com\\\/blog\\\/#\\\/schema\\\/logo\\\/image\\\/\",\"url\":\"https:\\\/\\\/www.cc3rivieres76.com\\\/blog\\\/wp-content\\\/uploads\\\/2023\\\/06\\\/logo-2.png\",\"contentUrl\":\"https:\\\/\\\/www.cc3rivieres76.com\\\/blog\\\/wp-content\\\/uploads\\\/2023\\\/06\\\/logo-2.png\",\"width\":390,\"height\":388,\"caption\":\"cc3rivieres76\"},\"image\":{\"@id\":\"https:\\\/\\\/www.cc3rivieres76.com\\\/blog\\\/#\\\/schema\\\/logo\\\/image\\\/\"}},{\"@type\":\"Person\",\"@id\":\"https:\\\/\\\/www.cc3rivieres76.com\\\/blog\\\/#\\\/schema\\\/person\\\/474d457fb7747b5218f39792dfaa5a1c\",\"name\":\"Sylvie DE LAUZAINGHEIN\",\"image\":{\"@type\":\"ImageObject\",\"inLanguage\":\"fr-FR\",\"@id\":\"https:\\\/\\\/secure.gravatar.com\\\/avatar\\\/9c6a53b19e0a3431aa80de0895b9729fe665cd7e7d6cc94fc11abb152f4237d7?s=96&d=mm&r=g\",\"url\":\"https:\\\/\\\/secure.gravatar.com\\\/avatar\\\/9c6a53b19e0a3431aa80de0895b9729fe665cd7e7d6cc94fc11abb152f4237d7?s=96&d=mm&r=g\",\"contentUrl\":\"https:\\\/\\\/secure.gravatar.com\\\/avatar\\\/9c6a53b19e0a3431aa80de0895b9729fe665cd7e7d6cc94fc11abb152f4237d7?s=96&d=mm&r=g\",\"caption\":\"Sylvie DE LAUZAINGHEIN\"},\"url\":\"https:\\\/\\\/www.cc3rivieres76.com\\\/blog\\\/author\\\/s76sylvie\\\/\"}]}<\/script>\n<!-- \/ Yoast SEO plugin. -->","yoast_head_json":{"title":"Actus france: Athl\u00e9tisme : le Su\u00e9dois Andreas Almgren bat le record d'Europe du 10km - CC3RIVIERES76","robots":{"index":"index","follow":"follow","max-snippet":"max-snippet:-1","max-image-preview":"max-image-preview:large","max-video-preview":"max-video-preview:-1"},"canonical":"https:\/\/www.cc3rivieres76.com\/blog\/actus-france-athletisme-le-suedois-andreas-almgren-bat-le-record-deurope-du-10km\/","og_locale":"fr_FR","og_type":"article","og_title":"Actus france: Athl\u00e9tisme : le Su\u00e9dois Andreas Almgren bat le record d'Europe du 10km - CC3RIVIERES76","og_description":"Le Su\u00e9dois Andreas Almgren a battu ce dimanche 12 janvier \u00e0 Valence le record d&rsquo;Europe du 10km sur route, effa\u00e7ant des tablettes le Fran\u00e7ais \u00c9tienne Daguinos et devenant le premier Europ\u00e9en \u00e0 passer sous la barre des 27 minutes (26&rsquo;53) sur cette distance . Dans les rues de la \u00ab Ciudad del Running \u00bb, r\u00e9put\u00e9e &hellip; Continuer la lecture \u00ab\u00a0Actus france: Athl\u00e9tisme : le Su\u00e9dois Andreas Almgren bat le record d&rsquo;Europe du 10km\u00a0\u00bb","og_url":"https:\/\/www.cc3rivieres76.com\/blog\/actus-france-athletisme-le-suedois-andreas-almgren-bat-le-record-deurope-du-10km\/","og_site_name":"CC3RIVIERES76","article_published_time":"2025-01-12T17:13:49+00:00","og_image":[{"url":"https:\/\/www.cc3rivieres76.com\/blog\/wp-content\/uploads\/2025\/01\/actus-france-athletisme-le-suedois-andreas-almgren-bat-le-record-deurope-du-10km.jpg","type":"","width":"","height":""}],"author":"Sylvie DE LAUZAINGHEIN","twitter_card":"summary_large_image","twitter_misc":{"\u00c9crit par":"Sylvie DE LAUZAINGHEIN","Dur\u00e9e de lecture estim\u00e9e":"2 minutes"},"schema":{"@context":"https:\/\/schema.org","@graph":[{"@type":"Article","@id":"https:\/\/www.cc3rivieres76.com\/blog\/actus-france-athletisme-le-suedois-andreas-almgren-bat-le-record-deurope-du-10km\/#article","isPartOf":{"@id":"https:\/\/www.cc3rivieres76.com\/blog\/actus-france-athletisme-le-suedois-andreas-almgren-bat-le-record-deurope-du-10km\/"},"author":{"name":"Sylvie DE LAUZAINGHEIN","@id":"https:\/\/www.cc3rivieres76.com\/blog\/#\/schema\/person\/474d457fb7747b5218f39792dfaa5a1c"},"headline":"Actus france: Athl\u00e9tisme : le Su\u00e9dois Andreas Almgren bat le record d&rsquo;Europe du 10km","datePublished":"2025-01-12T17:13:49+00:00","mainEntityOfPage":{"@id":"https:\/\/www.cc3rivieres76.com\/blog\/actus-france-athletisme-le-suedois-andreas-almgren-bat-le-record-deurope-du-10km\/"},"wordCount":321,"publisher":{"@id":"https:\/\/www.cc3rivieres76.com\/blog\/#organization"},"image":{"@id":"https:\/\/www.cc3rivieres76.com\/blog\/actus-france-athletisme-le-suedois-andreas-almgren-bat-le-record-deurope-du-10km\/#primaryimage"},"thumbnailUrl":"https:\/\/www.cc3rivieres76.com\/blog\/wp-content\/uploads\/2025\/01\/actus-france-athletisme-le-suedois-andreas-almgren-bat-le-record-deurope-du-10km.jpg","articleSection":["Les 3 Rivi\u00e8res Dans La Somme:"],"inLanguage":"fr-FR"},{"@type":"WebPage","@id":"https:\/\/www.cc3rivieres76.com\/blog\/actus-france-athletisme-le-suedois-andreas-almgren-bat-le-record-deurope-du-10km\/","url":"https:\/\/www.cc3rivieres76.com\/blog\/actus-france-athletisme-le-suedois-andreas-almgren-bat-le-record-deurope-du-10km\/","name":"Actus france: Athl\u00e9tisme : le Su\u00e9dois Andreas Almgren bat le record d'Europe du 10km - CC3RIVIERES76","isPartOf":{"@id":"https:\/\/www.cc3rivieres76.com\/blog\/#website"},"primaryImageOfPage":{"@id":"https:\/\/www.cc3rivieres76.com\/blog\/actus-france-athletisme-le-suedois-andreas-almgren-bat-le-record-deurope-du-10km\/#primaryimage"},"image":{"@id":"https:\/\/www.cc3rivieres76.com\/blog\/actus-france-athletisme-le-suedois-andreas-almgren-bat-le-record-deurope-du-10km\/#primaryimage"},"thumbnailUrl":"https:\/\/www.cc3rivieres76.com\/blog\/wp-content\/uploads\/2025\/01\/actus-france-athletisme-le-suedois-andreas-almgren-bat-le-record-deurope-du-10km.jpg","datePublished":"2025-01-12T17:13:49+00:00","breadcrumb":{"@id":"https:\/\/www.cc3rivieres76.com\/blog\/actus-france-athletisme-le-suedois-andreas-almgren-bat-le-record-deurope-du-10km\/#breadcrumb"},"inLanguage":"fr-FR","potentialAction":[{"@type":"ReadAction","target":["https:\/\/www.cc3rivieres76.com\/blog\/actus-france-athletisme-le-suedois-andreas-almgren-bat-le-record-deurope-du-10km\/"]}]},{"@type":"ImageObject","inLanguage":"fr-FR","@id":"https:\/\/www.cc3rivieres76.com\/blog\/actus-france-athletisme-le-suedois-andreas-almgren-bat-le-record-deurope-du-10km\/#primaryimage","url":"https:\/\/www.cc3rivieres76.com\/blog\/wp-content\/uploads\/2025\/01\/actus-france-athletisme-le-suedois-andreas-almgren-bat-le-record-deurope-du-10km.jpg","contentUrl":"https:\/\/www.cc3rivieres76.com\/blog\/wp-content\/uploads\/2025\/01\/actus-france-athletisme-le-suedois-andreas-almgren-bat-le-record-deurope-du-10km.jpg","width":1024,"height":576,"caption":"Actus france: Athl\u00e9tisme : le Su\u00e9dois Andreas Almgren bat le record d'Europe du 10km"},{"@type":"BreadcrumbList","@id":"https:\/\/www.cc3rivieres76.com\/blog\/actus-france-athletisme-le-suedois-andreas-almgren-bat-le-record-deurope-du-10km\/#breadcrumb","itemListElement":[{"@type":"ListItem","position":1,"name":"Accueil","item":"https:\/\/www.cc3rivieres76.com\/blog\/"},{"@type":"ListItem","position":2,"name":"Actus france: Athl\u00e9tisme : le Su\u00e9dois Andreas Almgren bat le record d&rsquo;Europe du 10km"}]},{"@type":"WebSite","@id":"https:\/\/www.cc3rivieres76.com\/blog\/#website","url":"https:\/\/www.cc3rivieres76.com\/blog\/","name":"CC3RIVIERES76","description":"Les 3 rivi\u00e8res dans la Somme.","publisher":{"@id":"https:\/\/www.cc3rivieres76.com\/blog\/#organization"},"potentialAction":[{"@type":"SearchAction","target":{"@type":"EntryPoint","urlTemplate":"https:\/\/www.cc3rivieres76.com\/blog\/?s={search_term_string}"},"query-input":{"@type":"PropertyValueSpecification","valueRequired":true,"valueName":"search_term_string"}}],"inLanguage":"fr-FR"},{"@type":"Organization","@id":"https:\/\/www.cc3rivieres76.com\/blog\/#organization","name":"cc3rivieres76","url":"https:\/\/www.cc3rivieres76.com\/blog\/","logo":{"@type":"ImageObject","inLanguage":"fr-FR","@id":"https:\/\/www.cc3rivieres76.com\/blog\/#\/schema\/logo\/image\/","url":"https:\/\/www.cc3rivieres76.com\/blog\/wp-content\/uploads\/2023\/06\/logo-2.png","contentUrl":"https:\/\/www.cc3rivieres76.com\/blog\/wp-content\/uploads\/2023\/06\/logo-2.png","width":390,"height":388,"caption":"cc3rivieres76"},"image":{"@id":"https:\/\/www.cc3rivieres76.com\/blog\/#\/schema\/logo\/image\/"}},{"@type":"Person","@id":"https:\/\/www.cc3rivieres76.com\/blog\/#\/schema\/person\/474d457fb7747b5218f39792dfaa5a1c","name":"Sylvie DE LAUZAINGHEIN","image":{"@type":"ImageObject","inLanguage":"fr-FR","@id":"https:\/\/secure.gravatar.com\/avatar\/9c6a53b19e0a3431aa80de0895b9729fe665cd7e7d6cc94fc11abb152f4237d7?s=96&d=mm&r=g","url":"https:\/\/secure.gravatar.com\/avatar\/9c6a53b19e0a3431aa80de0895b9729fe665cd7e7d6cc94fc11abb152f4237d7?s=96&d=mm&r=g","contentUrl":"https:\/\/secure.gravatar.com\/avatar\/9c6a53b19e0a3431aa80de0895b9729fe665cd7e7d6cc94fc11abb152f4237d7?s=96&d=mm&r=g","caption":"Sylvie DE LAUZAINGHEIN"},"url":"https:\/\/www.cc3rivieres76.com\/blog\/author\/s76sylvie\/"}]}},"_links":{"self":[{"href":"https:\/\/www.cc3rivieres76.com\/blog\/wp-json\/wp\/v2\/posts\/517","targetHints":{"allow":["GET"]}}],"collection":[{"href":"https:\/\/www.cc3rivieres76.com\/blog\/wp-json\/wp\/v2\/posts"}],"about":[{"href":"https:\/\/www.cc3rivieres76.com\/blog\/wp-json\/wp\/v2\/types\/post"}],"author":[{"embeddable":true,"href":"https:\/\/www.cc3rivieres76.com\/blog\/wp-json\/wp\/v2\/users\/3"}],"replies":[{"embeddable":true,"href":"https:\/\/www.cc3rivieres76.com\/blog\/wp-json\/wp\/v2\/comments?post=517"}],"version-history":[{"count":0,"href":"https:\/\/www.cc3rivieres76.com\/blog\/wp-json\/wp\/v2\/posts\/517\/revisions"}],"wp:featuredmedia":[{"embeddable":true,"href":"https:\/\/www.cc3rivieres76.com\/blog\/wp-json\/wp\/v2\/media\/518"}],"wp:attachment":[{"href":"https:\/\/www.cc3rivieres76.com\/blog\/wp-json\/wp\/v2\/media?parent=517"}],"wp:term":[{"taxonomy":"category","embeddable":true,"href":"https:\/\/www.cc3rivieres76.com\/blog\/wp-json\/wp\/v2\/categories?post=517"},{"taxonomy":"post_tag","embeddable":true,"href":"https:\/\/www.cc3rivieres76.com\/blog\/wp-json\/wp\/v2\/tags?post=517"}],"curies":[{"name":"wp","href":"https:\/\/api.w.org\/{rel}","templated":true}]}}