{"id":524,"date":"2025-01-17T19:03:00","date_gmt":"2025-01-17T18:03:00","guid":{"rendered":"https:\/\/www.site.cdcl.xyz\/2025\/01\/17\/actus-france-avant-on-debattait-en-conseil-municipal-maintenant-on-crie-sur-les-reseaux-sociaux-france\/"},"modified":"2025-01-17T19:03:00","modified_gmt":"2025-01-17T18:03:00","slug":"actus-france-avant-on-debattait-en-conseil-municipal-maintenant-on-crie-sur-les-reseaux-sociaux-france","status":"publish","type":"post","link":"https:\/\/www.cc3rivieres76.com\/blog\/actus-france-avant-on-debattait-en-conseil-municipal-maintenant-on-crie-sur-les-reseaux-sociaux-france\/","title":{"rendered":"Actus France: \u00ab\u00a0Avant, on d\u00e9battait en conseil municipal, maintenant, on crie sur les r\u00e9seaux sociaux\u00a0\u00bb #France"},"content":{"rendered":"\n<p>Je vais faire la lumi\u00e8re sur cet article qui vient d\u2019\u00eatre publi\u00e9, dont le sujet est \u00abActualit\u00e9 fran\u00e7aise\u00bb.<\/p>\n<h2>Ceci a \u00e9t\u00e9 diffus\u00e9 par Le Point \u2013 Toute l&rsquo;info en continu<\/h2>\n<p><u>Signature . <\/u><\/p>\n<p><u>Date et heure de la r\u00e9ception de la d\u00e9p\u00e9che sur notre fil d\u2019info:<\/u><strong><span id=\"date\"><\/span><\/strong><\/p>\n<p><u>Date et heure de publication sur internet:<\/u> <strong><span id=\"datecrea\"><\/span><\/strong><\/p>\n<p><u>Titre exacte donn\u00e9 par le journal \u00e9tait:<\/u> <strong>\u00ab&nbsp;Avant, on d\u00e9battait en conseil municipal, maintenant, on crie sur les r\u00e9seaux sociaux&nbsp;\u00bb<\/strong><\/p>\n<p><u>Information et contenu publi\u00e9s :<\/u><\/p>\n<div id=\"contenu\"> <!-- include t_www_2023\/pages\/article\/blocs\/tag_pub.tpl --><br \/><!-- include \/t_www_2023\/pages\/article\/blocs\/tag_pub.tpl --><\/p>\n<p><span class=\"dflt-txt__lettrine\">L<\/span>e cri d\u2019alerte d\u2019un \u00e9lu local. Marie Cau, maire de&nbsp;Tilloy-lez-Marchiennes depuis 2020, a annonc\u00e9 sa d\u00e9mission sur X mardi 14&nbsp;janvier. Elle invoque \u00ab&nbsp;sept raisons principales&nbsp;\u00bb, qui sont, selon elle, \u00ab&nbsp;partag\u00e9es par de nombreux maires de petites communes&nbsp;\u00bb.<\/p>\n<section class=\"mbl txtcenter\">\n<div id=\"newsletter\" class=\"bloc-1 title-top\">\n<span class=\"h2\">La newsletter politique<\/span><\/p>\n<div class=\"step-1\">\n<p class=\"period\">Tous les lundis \u00e0 11h30<\/p>\n<p>Recevez en avant-premi\u00e8re les informations et analyses politiques de la r\u00e9daction du Point.<\/p>\n<\/div>\n<div class=\"step-2\">\n<p>Merci !<br \/>Votre inscription a bien \u00e9t\u00e9 prise en compte avec l\u2019adresse email :<br \/><span class=\"email-sended\"><\/span><\/p>\n<p>Pour d\u00e9couvrir toutes nos autres newsletters, rendez-vous ici : MonCompte<\/p>\n<\/div>\n<p>En vous inscrivant, vous acceptez les conditions g\u00e9n\u00e9rales d\u2019utilisations et notre politique de confidentialit\u00e9.<\/p>\n<\/div>\n<p>La d\u00e9sormais ex-maire de la commune du Nord (moins de&nbsp;600&nbsp;habitants)&nbsp;rappelle d\u2019abord la pr\u00e9carit\u00e9 du statut d\u2019\u00e9dile. \u00ab&nbsp;Les indemnit\u00e9s sont ridicules&nbsp;\u00bb et rendent l\u2019engagement parfois impossible. Un constat partag\u00e9 par l\u2019enqu\u00eate r\u00e9alis\u00e9e en novembre&nbsp;2023 par le Cevipof et l\u2019Association des maires de France (AMF), \u00ab&nbsp;Des maires engag\u00e9s mais emp\u00each\u00e9s&nbsp;\u00bb, qui constate que 48&nbsp;% des maires en France consid\u00e8rent leurs indemnit\u00e9s comme insuffisantes, contre 25&nbsp;% en 2020.<\/p>\n<h2>La sant\u00e9 mentale des maires<\/h2>\n<p>\u00c0 l\u2019heure o\u00f9 Fran\u00e7ois Bayrou a plac\u00e9 la sant\u00e9 mentale dans ses grandes causes nationales, Marie Cau nous rappelle que, \u00ab&nbsp;oui, c\u2019est un gros probl\u00e8me&nbsp;\u00bb pour les \u00e9lus locaux. \u00ab&nbsp;Il est li\u00e9 \u00e0 deux ph\u00e9nom\u00e8nes&nbsp;: la surcharge de travail [\u2026] et l\u2019agressivit\u00e9 et la frustration&nbsp;des gens&nbsp;\u00bb qui se d\u00e9versent sur les \u00e9lus. \u00ab&nbsp;Les maires cristallisent ce m\u00e9contentement.&nbsp;\u00bb&nbsp;Toujours selon l\u2019\u00e9tude AMF-Cevipof, 86&nbsp;% des maires souffrent ou ont souffert de troubles du sommeil.<\/p>\n<section class=\"mbl txtcenter\">\n<p><span class=\"Capsule premium\"><span class=\"Phylactery\">\u00c0 LIRE AUSSI<\/span> <strong class=\"strong\">Marie Cau&nbsp;: \u00ab&nbsp;Il n\u2019existe pas de danger trans&nbsp;\u00bb<\/strong><\/span>\u00ab&nbsp;Avant, on d\u00e9battait en conseil municipal&nbsp;; maintenant,&nbsp;on crie sur les r\u00e9seaux sociaux.&nbsp;\u00bb&nbsp;L\u2019\u00e9lue d\u00e9nonce l\u2019exposition croissante aux incivilit\u00e9s et aux violences verbales. \u00ab&nbsp;Menaces, diffamations, harc\u00e8lements&nbsp;\u00bb notamment sur les r\u00e9seaux sociaux. \u00ab&nbsp;La justice ne fait plus son travail&nbsp;\u00bb, fustige-t-elle face \u00e0 l\u2019impunit\u00e9 du harc\u00e8lement en ligne. Malgr\u00e9 l\u2019incitation des autorit\u00e9s \u00e0 se tourner vers la justice, elle a \u00ab&nbsp;d\u00e9pos\u00e9 trois plaintes qui n\u2019aboutissent pas&nbsp;\u00bb.<\/p>\n<p>A son tour, la loi \u00ab&nbsp;Z\u00e9ro Artificialisation nette&nbsp;\u00bb (ZAN) est point\u00e9e du doigt. Le texte, vot\u00e9 en 2021, vise \u00e0 mettre fin \u00e0&nbsp;l\u2019artificialisation des sols en&nbsp;2050&nbsp;en arr\u00eatant la construction de b\u00e2timents sur les terres naturelles et agricoles. M\u00eame s\u2019il est \u00ab&nbsp;justifi\u00e9 de prot\u00e9ger les terres agricoles&nbsp;\u00bb, la loi \u00ab&nbsp;s\u2019est impos\u00e9e sans s\u2019adapter aux petites communes&nbsp;\u00bb. \u00ab&nbsp;On se voit p\u00e9nalis\u00e9s sur des besoins comme cr\u00e9er des logements sociaux ou m\u00eame installer un cabinet m\u00e9dical.&nbsp;\u00bb&nbsp;Et aux maires de se retrouver face aux tensions des habitants en appliquant des d\u00e9cisions gouvernementales.<\/p>\n<p><span class=\"Capsule free\"><span class=\"Phylactery\">\u00c0 LIRE AUSSI<\/span> <strong class=\"strong\">\u00ab&nbsp;On forme une g\u00e9n\u00e9ration d\u2019\u00e9lus d\u00e9connect\u00e9s&nbsp;\u00bb<\/strong><\/span>Elle regrette enfin la r\u00e9forme des retraites, qui obligerait les \u00e9lus \u00e0 \u00ab&nbsp;reprendre une activit\u00e9 professionnelle&nbsp;\u00bb. Les maires sont \u00e2g\u00e9s en moyenne de 60&nbsp;ans, et sont \u00e0 40&nbsp;% d\u2019entre eux des retrait\u00e9s. Le recul de l\u2019\u00e2ge de d\u00e9part \u00e0 le retraite d\u00e9couragerait selon elle une grande partie d\u2019entre eux \u00e0 s\u2019engager.<\/p>\n<h2>\u00ab&nbsp;Climat particuli\u00e8rement toxique&nbsp;\u00bb<\/h2>\n<p><span class=\"Capsule discover-kangourou\"><br \/><span class=\"Phylactery\">\u00c0 D\u00e9couvrir<\/span><br \/><strong class=\"discover-kangourou__line\"><br \/><img decoding=\"async\" class=\"discover-kangourou__img\" src=\"https:\/\/www.site.cdcl.xyz\/wp-content\/uploads\/2024\/10\/Actus-nationales-Presidentielle-americaine-Kamala-Harris-hausse-le-ton-face.svg.svg+xml\"><br \/><strong class=\"discover-kangourou__txt\"><br \/><strong>Le Kangourou du jour<\/strong><\/strong><\/strong><\/span><\/p>\n<p>R\u00e9pondre<\/p>\n<p>Dans une lettre distribu\u00e9e \u00e0 tous les habitants de sa commune, elle \u00e9voque un \u00ab&nbsp;climat particuli\u00e8rement toxique&nbsp;\u00bb au sein du conseil municipal qui bloquerait l\u2019avanc\u00e9e des projets. Aussi, m\u00eame si elle n\u2019est pas militante LGBTQ +, elle s\u2019afflige que certains postes minist\u00e9riels soient occup\u00e9s par des \u00ab&nbsp;personnalit\u00e9s ouvertement transphobes&nbsp;\u00bb.<\/p>\n<p>Marie Cau livre un v\u00e9ritable plaidoyer pour \u00ab&nbsp;fluidifier la d\u00e9mocratie&nbsp;\u00bb. Notamment face \u00e0 la \u00ab&nbsp;complexit\u00e9 grandissante des r\u00e9glementations&nbsp;\u00bb qui \u00ab&nbsp;p\u00e8sent lourdement sur la gestion d\u2019une petite commune&nbsp;\u00bb. L\u2019acc\u00e9l\u00e9ration du rythme de d\u00e9mission des maires et des \u00e9lus locaux est une r\u00e9alit\u00e9 aujourd\u2019hui en France. Elle est r\u00e9v\u00e9latrice d\u2019une \u00ab&nbsp;fatigue r\u00e9publicaine&nbsp;\u00bb qui va n\u00e9cessiter un courage politique pour r\u00e9habiliter et prot\u00e9ger les \u00e9lus de premi\u00e8re ligne.<\/p>\n<\/section>\n<\/section>\n<\/div>\n<p> <img decoding=\"async\" src=\"https:\/\/www.cc3rivieres76.com\/blog\/wp-content\/uploads\/2025\/01\/actus-france-avant-on-debattait-en-conseil-municipal-maintenant-on-crie-sur-les-reseaux-sociaux-france.jpg\" alt=\"\u00ab&nbsp;Avant, on d\u00e9battait en conseil municipal, maintenant, on crie sur les r\u00e9seaux sociaux&nbsp;\u00bb\"><\/p>\n<p>#Avant #d\u00e9battait #conseil #municipal #maintenant #crie #sur #les #r\u00e9seaux #sociaux<\/p>\n<p>Reprise de l\u2019information dans un style journalistique professionnel descriptif en organisant les id\u00e9es dans un ordre coh\u00e9rent avec titres html <\/p>\n<p>Ouvrages sur le m\u00eame objet:<\/p>\n<p>Droit administratif\/La jurisprudence\/Nicolo.,<a href=\"https:\/\/fr.wikibooks.org\/wiki\/Droit_administratif\/La_jurisprudence\/Nicolo\" target=\"_blank\" rel=\"noopener noreferrer nofollow\">Redirection vers l\u2019ouvrage<\/a><span><\/span>.<\/p>\n<p>Les guerres sans fin.,<a href=\"https:\/\/www.kobo.com\/fr\/fr\/ebook\/les-guerres-sans-fin\" target=\"_blank\" rel=\"noopener noreferrer nofollow\">Redirection vers la fiche de pr\u00e9sentation de cet ouvrage<\/a><span><\/span>.<\/p>\n<p>Programmer en R\/Repr\u00e9senter une carte.,<a href=\"https:\/\/fr.wikibooks.org\/wiki\/Programmer_en_R\/Repr%C3%A9senter_une_carte\" target=\"_blank\" rel=\"noopener noreferrer nofollow\">Pour en savoir plus<\/a><span><\/span>.<\/p>\n<p> Cet article, qui traite du th\u00e8me \u00ab\u00a0Les 3 rivi\u00e8res dans la Somme\u00a0\u00bb, vous est sp\u00e9cialement sugg\u00e9r\u00e9 par cc3rivieres76.com. La chronique est reproduite du mieux possible. Dans le cas o\u00f9 vous souhaitez apporter quelques pr\u00e9cisions concernant le domaine de \u00ab\u00a0Les 3 rivi\u00e8res dans la Somme\u00a0\u00bb vous pouvez solliciter notre r\u00e9daction. La destination de cc3rivieres76.com est de d\u00e9battre de Les 3 rivi\u00e8res dans la Somme dans la transparence en vous apportant la connaissance de tout ce qui est en lien avec ce sujet sur la toile Connectez-vous sur notre site cc3rivieres76.com et nos r\u00e9seaux sociaux dans le but d\u2019\u00eatre inform\u00e9 des futures publications.<\/p>\n","protected":false},"excerpt":{"rendered":"<p>Je vais faire la lumi\u00e8re sur cet article qui vient d\u2019\u00eatre publi\u00e9, dont le sujet est \u00abActualit\u00e9 fran\u00e7aise\u00bb. Ceci a \u00e9t\u00e9 diffus\u00e9 par Le Point \u2013 Toute l&rsquo;info en continu Signature . Date et heure de la r\u00e9ception de la d\u00e9p\u00e9che sur notre fil d\u2019info: Date et heure de publication sur internet: Titre exacte donn\u00e9 &hellip; <\/p>\n<p class=\"link-more\"><a href=\"https:\/\/www.cc3rivieres76.com\/blog\/actus-france-avant-on-debattait-en-conseil-municipal-maintenant-on-crie-sur-les-reseaux-sociaux-france\/\" class=\"more-link\">Continuer la lecture <span class=\"screen-reader-text\"> \u00ab\u00a0Actus France: \u00ab\u00a0Avant, on d\u00e9battait en conseil municipal, maintenant, on crie sur les r\u00e9seaux sociaux\u00a0\u00bb #France\u00a0\u00bb<\/span><\/a><\/p>\n","protected":false},"author":3,"featured_media":0,"comment_status":"closed","ping_status":"closed","sticky":false,"template":"","format":"standard","meta":{"footnotes":""},"categories":[2],"tags":[],"class_list":["post-524","post","type-post","status-publish","format-standard","hentry","category-les-3-rivieres-dans-la-somme","entry"],"yoast_head":"<!-- This site is optimized with the Yoast SEO plugin v27.5 - https:\/\/yoast.com\/product\/yoast-seo-wordpress\/ -->\n<title>Actus France: \u00ab\u00a0Avant, on d\u00e9battait en conseil municipal, maintenant, on crie sur les r\u00e9seaux sociaux\u00a0\u00bb #France - CC3RIVIERES76<\/title>\n<meta name=\"robots\" content=\"index, follow, max-snippet:-1, max-image-preview:large, max-video-preview:-1\" \/>\n<link rel=\"canonical\" href=\"https:\/\/www.cc3rivieres76.com\/blog\/actus-france-avant-on-debattait-en-conseil-municipal-maintenant-on-crie-sur-les-reseaux-sociaux-france\/\" \/>\n<meta property=\"og:locale\" content=\"fr_FR\" \/>\n<meta property=\"og:type\" content=\"article\" \/>\n<meta property=\"og:title\" content=\"Actus France: \u00ab\u00a0Avant, on d\u00e9battait en conseil municipal, maintenant, on crie sur les r\u00e9seaux sociaux\u00a0\u00bb #France - CC3RIVIERES76\" \/>\n<meta property=\"og:description\" content=\"Je vais faire la lumi\u00e8re sur cet article qui vient d\u2019\u00eatre publi\u00e9, dont le sujet est \u00abActualit\u00e9 fran\u00e7aise\u00bb. Ceci a \u00e9t\u00e9 diffus\u00e9 par Le Point \u2013 Toute l&rsquo;info en continu Signature . Date et heure de la r\u00e9ception de la d\u00e9p\u00e9che sur notre fil d\u2019info: Date et heure de publication sur internet: Titre exacte donn\u00e9 &hellip; Continuer la lecture \u00ab\u00a0Actus France: \u00ab\u00a0Avant, on d\u00e9battait en conseil municipal, maintenant, on crie sur les r\u00e9seaux sociaux\u00a0\u00bb #France\u00a0\u00bb\" \/>\n<meta property=\"og:url\" content=\"https:\/\/www.cc3rivieres76.com\/blog\/actus-france-avant-on-debattait-en-conseil-municipal-maintenant-on-crie-sur-les-reseaux-sociaux-france\/\" \/>\n<meta property=\"og:site_name\" content=\"CC3RIVIERES76\" \/>\n<meta property=\"article:published_time\" content=\"2025-01-17T18:03:00+00:00\" \/>\n<meta property=\"og:image\" content=\"https:\/\/www.site.cdcl.xyz\/wp-content\/uploads\/2024\/10\/Actus-nationales-Presidentielle-americaine-Kamala-Harris-hausse-le-ton-face.svg.svg+xml\" \/>\n<meta name=\"author\" content=\"Sylvie DE LAUZAINGHEIN\" \/>\n<meta name=\"twitter:card\" content=\"summary_large_image\" \/>\n<meta name=\"twitter:label1\" content=\"\u00c9crit par\" \/>\n\t<meta name=\"twitter:data1\" content=\"Sylvie DE LAUZAINGHEIN\" \/>\n\t<meta name=\"twitter:label2\" content=\"Dur\u00e9e de lecture estim\u00e9e\" \/>\n\t<meta name=\"twitter:data2\" content=\"5 minutes\" \/>\n<script type=\"application\/ld+json\" class=\"yoast-schema-graph\">{\"@context\":\"https:\\\/\\\/schema.org\",\"@graph\":[{\"@type\":\"Article\",\"@id\":\"https:\\\/\\\/www.cc3rivieres76.com\\\/blog\\\/actus-france-avant-on-debattait-en-conseil-municipal-maintenant-on-crie-sur-les-reseaux-sociaux-france\\\/#article\",\"isPartOf\":{\"@id\":\"https:\\\/\\\/www.cc3rivieres76.com\\\/blog\\\/actus-france-avant-on-debattait-en-conseil-municipal-maintenant-on-crie-sur-les-reseaux-sociaux-france\\\/\"},\"author\":{\"name\":\"Sylvie DE LAUZAINGHEIN\",\"@id\":\"https:\\\/\\\/www.cc3rivieres76.com\\\/blog\\\/#\\\/schema\\\/person\\\/474d457fb7747b5218f39792dfaa5a1c\"},\"headline\":\"Actus France: \u00ab\u00a0Avant, on d\u00e9battait en conseil municipal, maintenant, on crie sur les r\u00e9seaux sociaux\u00a0\u00bb #France\",\"datePublished\":\"2025-01-17T18:03:00+00:00\",\"mainEntityOfPage\":{\"@id\":\"https:\\\/\\\/www.cc3rivieres76.com\\\/blog\\\/actus-france-avant-on-debattait-en-conseil-municipal-maintenant-on-crie-sur-les-reseaux-sociaux-france\\\/\"},\"wordCount\":1046,\"publisher\":{\"@id\":\"https:\\\/\\\/www.cc3rivieres76.com\\\/blog\\\/#organization\"},\"image\":{\"@id\":\"https:\\\/\\\/www.cc3rivieres76.com\\\/blog\\\/actus-france-avant-on-debattait-en-conseil-municipal-maintenant-on-crie-sur-les-reseaux-sociaux-france\\\/#primaryimage\"},\"thumbnailUrl\":\"https:\\\/\\\/www.site.cdcl.xyz\\\/wp-content\\\/uploads\\\/2024\\\/10\\\/Actus-nationales-Presidentielle-americaine-Kamala-Harris-hausse-le-ton-face.svg.svg+xml\",\"articleSection\":[\"Les 3 Rivi\u00e8res Dans La Somme:\"],\"inLanguage\":\"fr-FR\"},{\"@type\":\"WebPage\",\"@id\":\"https:\\\/\\\/www.cc3rivieres76.com\\\/blog\\\/actus-france-avant-on-debattait-en-conseil-municipal-maintenant-on-crie-sur-les-reseaux-sociaux-france\\\/\",\"url\":\"https:\\\/\\\/www.cc3rivieres76.com\\\/blog\\\/actus-france-avant-on-debattait-en-conseil-municipal-maintenant-on-crie-sur-les-reseaux-sociaux-france\\\/\",\"name\":\"Actus France: \u00ab\u00a0Avant, on d\u00e9battait en conseil municipal, maintenant, on crie sur les r\u00e9seaux sociaux\u00a0\u00bb #France - CC3RIVIERES76\",\"isPartOf\":{\"@id\":\"https:\\\/\\\/www.cc3rivieres76.com\\\/blog\\\/#website\"},\"primaryImageOfPage\":{\"@id\":\"https:\\\/\\\/www.cc3rivieres76.com\\\/blog\\\/actus-france-avant-on-debattait-en-conseil-municipal-maintenant-on-crie-sur-les-reseaux-sociaux-france\\\/#primaryimage\"},\"image\":{\"@id\":\"https:\\\/\\\/www.cc3rivieres76.com\\\/blog\\\/actus-france-avant-on-debattait-en-conseil-municipal-maintenant-on-crie-sur-les-reseaux-sociaux-france\\\/#primaryimage\"},\"thumbnailUrl\":\"https:\\\/\\\/www.site.cdcl.xyz\\\/wp-content\\\/uploads\\\/2024\\\/10\\\/Actus-nationales-Presidentielle-americaine-Kamala-Harris-hausse-le-ton-face.svg.svg+xml\",\"datePublished\":\"2025-01-17T18:03:00+00:00\",\"breadcrumb\":{\"@id\":\"https:\\\/\\\/www.cc3rivieres76.com\\\/blog\\\/actus-france-avant-on-debattait-en-conseil-municipal-maintenant-on-crie-sur-les-reseaux-sociaux-france\\\/#breadcrumb\"},\"inLanguage\":\"fr-FR\",\"potentialAction\":[{\"@type\":\"ReadAction\",\"target\":[\"https:\\\/\\\/www.cc3rivieres76.com\\\/blog\\\/actus-france-avant-on-debattait-en-conseil-municipal-maintenant-on-crie-sur-les-reseaux-sociaux-france\\\/\"]}]},{\"@type\":\"ImageObject\",\"inLanguage\":\"fr-FR\",\"@id\":\"https:\\\/\\\/www.cc3rivieres76.com\\\/blog\\\/actus-france-avant-on-debattait-en-conseil-municipal-maintenant-on-crie-sur-les-reseaux-sociaux-france\\\/#primaryimage\",\"url\":\"https:\\\/\\\/www.site.cdcl.xyz\\\/wp-content\\\/uploads\\\/2024\\\/10\\\/Actus-nationales-Presidentielle-americaine-Kamala-Harris-hausse-le-ton-face.svg.svg+xml\",\"contentUrl\":\"https:\\\/\\\/www.site.cdcl.xyz\\\/wp-content\\\/uploads\\\/2024\\\/10\\\/Actus-nationales-Presidentielle-americaine-Kamala-Harris-hausse-le-ton-face.svg.svg+xml\"},{\"@type\":\"BreadcrumbList\",\"@id\":\"https:\\\/\\\/www.cc3rivieres76.com\\\/blog\\\/actus-france-avant-on-debattait-en-conseil-municipal-maintenant-on-crie-sur-les-reseaux-sociaux-france\\\/#breadcrumb\",\"itemListElement\":[{\"@type\":\"ListItem\",\"position\":1,\"name\":\"Accueil\",\"item\":\"https:\\\/\\\/www.cc3rivieres76.com\\\/blog\\\/\"},{\"@type\":\"ListItem\",\"position\":2,\"name\":\"Actus France: \u00ab\u00a0Avant, on d\u00e9battait en conseil municipal, maintenant, on crie sur les r\u00e9seaux sociaux\u00a0\u00bb #France\"}]},{\"@type\":\"WebSite\",\"@id\":\"https:\\\/\\\/www.cc3rivieres76.com\\\/blog\\\/#website\",\"url\":\"https:\\\/\\\/www.cc3rivieres76.com\\\/blog\\\/\",\"name\":\"CC3RIVIERES76\",\"description\":\"Les 3 rivi\u00e8res dans la Somme.\",\"publisher\":{\"@id\":\"https:\\\/\\\/www.cc3rivieres76.com\\\/blog\\\/#organization\"},\"potentialAction\":[{\"@type\":\"SearchAction\",\"target\":{\"@type\":\"EntryPoint\",\"urlTemplate\":\"https:\\\/\\\/www.cc3rivieres76.com\\\/blog\\\/?s={search_term_string}\"},\"query-input\":{\"@type\":\"PropertyValueSpecification\",\"valueRequired\":true,\"valueName\":\"search_term_string\"}}],\"inLanguage\":\"fr-FR\"},{\"@type\":\"Organization\",\"@id\":\"https:\\\/\\\/www.cc3rivieres76.com\\\/blog\\\/#organization\",\"name\":\"cc3rivieres76\",\"url\":\"https:\\\/\\\/www.cc3rivieres76.com\\\/blog\\\/\",\"logo\":{\"@type\":\"ImageObject\",\"inLanguage\":\"fr-FR\",\"@id\":\"https:\\\/\\\/www.cc3rivieres76.com\\\/blog\\\/#\\\/schema\\\/logo\\\/image\\\/\",\"url\":\"https:\\\/\\\/www.cc3rivieres76.com\\\/blog\\\/wp-content\\\/uploads\\\/2023\\\/06\\\/logo-2.png\",\"contentUrl\":\"https:\\\/\\\/www.cc3rivieres76.com\\\/blog\\\/wp-content\\\/uploads\\\/2023\\\/06\\\/logo-2.png\",\"width\":390,\"height\":388,\"caption\":\"cc3rivieres76\"},\"image\":{\"@id\":\"https:\\\/\\\/www.cc3rivieres76.com\\\/blog\\\/#\\\/schema\\\/logo\\\/image\\\/\"}},{\"@type\":\"Person\",\"@id\":\"https:\\\/\\\/www.cc3rivieres76.com\\\/blog\\\/#\\\/schema\\\/person\\\/474d457fb7747b5218f39792dfaa5a1c\",\"name\":\"Sylvie DE LAUZAINGHEIN\",\"image\":{\"@type\":\"ImageObject\",\"inLanguage\":\"fr-FR\",\"@id\":\"https:\\\/\\\/secure.gravatar.com\\\/avatar\\\/9c6a53b19e0a3431aa80de0895b9729fe665cd7e7d6cc94fc11abb152f4237d7?s=96&d=mm&r=g\",\"url\":\"https:\\\/\\\/secure.gravatar.com\\\/avatar\\\/9c6a53b19e0a3431aa80de0895b9729fe665cd7e7d6cc94fc11abb152f4237d7?s=96&d=mm&r=g\",\"contentUrl\":\"https:\\\/\\\/secure.gravatar.com\\\/avatar\\\/9c6a53b19e0a3431aa80de0895b9729fe665cd7e7d6cc94fc11abb152f4237d7?s=96&d=mm&r=g\",\"caption\":\"Sylvie DE LAUZAINGHEIN\"},\"url\":\"https:\\\/\\\/www.cc3rivieres76.com\\\/blog\\\/author\\\/s76sylvie\\\/\"}]}<\/script>\n<!-- \/ Yoast SEO plugin. -->","yoast_head_json":{"title":"Actus France: \u00ab\u00a0Avant, on d\u00e9battait en conseil municipal, maintenant, on crie sur les r\u00e9seaux sociaux\u00a0\u00bb #France - CC3RIVIERES76","robots":{"index":"index","follow":"follow","max-snippet":"max-snippet:-1","max-image-preview":"max-image-preview:large","max-video-preview":"max-video-preview:-1"},"canonical":"https:\/\/www.cc3rivieres76.com\/blog\/actus-france-avant-on-debattait-en-conseil-municipal-maintenant-on-crie-sur-les-reseaux-sociaux-france\/","og_locale":"fr_FR","og_type":"article","og_title":"Actus France: \u00ab\u00a0Avant, on d\u00e9battait en conseil municipal, maintenant, on crie sur les r\u00e9seaux sociaux\u00a0\u00bb #France - CC3RIVIERES76","og_description":"Je vais faire la lumi\u00e8re sur cet article qui vient d\u2019\u00eatre publi\u00e9, dont le sujet est \u00abActualit\u00e9 fran\u00e7aise\u00bb. Ceci a \u00e9t\u00e9 diffus\u00e9 par Le Point \u2013 Toute l&rsquo;info en continu Signature . Date et heure de la r\u00e9ception de la d\u00e9p\u00e9che sur notre fil d\u2019info: Date et heure de publication sur internet: Titre exacte donn\u00e9 &hellip; Continuer la lecture \u00ab\u00a0Actus France: \u00ab\u00a0Avant, on d\u00e9battait en conseil municipal, maintenant, on crie sur les r\u00e9seaux sociaux\u00a0\u00bb #France\u00a0\u00bb","og_url":"https:\/\/www.cc3rivieres76.com\/blog\/actus-france-avant-on-debattait-en-conseil-municipal-maintenant-on-crie-sur-les-reseaux-sociaux-france\/","og_site_name":"CC3RIVIERES76","article_published_time":"2025-01-17T18:03:00+00:00","og_image":[{"url":"https:\/\/www.site.cdcl.xyz\/wp-content\/uploads\/2024\/10\/Actus-nationales-Presidentielle-americaine-Kamala-Harris-hausse-le-ton-face.svg.svg+xml","type":"","width":"","height":""}],"author":"Sylvie DE LAUZAINGHEIN","twitter_card":"summary_large_image","twitter_misc":{"\u00c9crit par":"Sylvie DE LAUZAINGHEIN","Dur\u00e9e de lecture estim\u00e9e":"5 minutes"},"schema":{"@context":"https:\/\/schema.org","@graph":[{"@type":"Article","@id":"https:\/\/www.cc3rivieres76.com\/blog\/actus-france-avant-on-debattait-en-conseil-municipal-maintenant-on-crie-sur-les-reseaux-sociaux-france\/#article","isPartOf":{"@id":"https:\/\/www.cc3rivieres76.com\/blog\/actus-france-avant-on-debattait-en-conseil-municipal-maintenant-on-crie-sur-les-reseaux-sociaux-france\/"},"author":{"name":"Sylvie DE LAUZAINGHEIN","@id":"https:\/\/www.cc3rivieres76.com\/blog\/#\/schema\/person\/474d457fb7747b5218f39792dfaa5a1c"},"headline":"Actus France: \u00ab\u00a0Avant, on d\u00e9battait en conseil municipal, maintenant, on crie sur les r\u00e9seaux sociaux\u00a0\u00bb #France","datePublished":"2025-01-17T18:03:00+00:00","mainEntityOfPage":{"@id":"https:\/\/www.cc3rivieres76.com\/blog\/actus-france-avant-on-debattait-en-conseil-municipal-maintenant-on-crie-sur-les-reseaux-sociaux-france\/"},"wordCount":1046,"publisher":{"@id":"https:\/\/www.cc3rivieres76.com\/blog\/#organization"},"image":{"@id":"https:\/\/www.cc3rivieres76.com\/blog\/actus-france-avant-on-debattait-en-conseil-municipal-maintenant-on-crie-sur-les-reseaux-sociaux-france\/#primaryimage"},"thumbnailUrl":"https:\/\/www.site.cdcl.xyz\/wp-content\/uploads\/2024\/10\/Actus-nationales-Presidentielle-americaine-Kamala-Harris-hausse-le-ton-face.svg.svg+xml","articleSection":["Les 3 Rivi\u00e8res Dans La Somme:"],"inLanguage":"fr-FR"},{"@type":"WebPage","@id":"https:\/\/www.cc3rivieres76.com\/blog\/actus-france-avant-on-debattait-en-conseil-municipal-maintenant-on-crie-sur-les-reseaux-sociaux-france\/","url":"https:\/\/www.cc3rivieres76.com\/blog\/actus-france-avant-on-debattait-en-conseil-municipal-maintenant-on-crie-sur-les-reseaux-sociaux-france\/","name":"Actus France: \u00ab\u00a0Avant, on d\u00e9battait en conseil municipal, maintenant, on crie sur les r\u00e9seaux sociaux\u00a0\u00bb #France - CC3RIVIERES76","isPartOf":{"@id":"https:\/\/www.cc3rivieres76.com\/blog\/#website"},"primaryImageOfPage":{"@id":"https:\/\/www.cc3rivieres76.com\/blog\/actus-france-avant-on-debattait-en-conseil-municipal-maintenant-on-crie-sur-les-reseaux-sociaux-france\/#primaryimage"},"image":{"@id":"https:\/\/www.cc3rivieres76.com\/blog\/actus-france-avant-on-debattait-en-conseil-municipal-maintenant-on-crie-sur-les-reseaux-sociaux-france\/#primaryimage"},"thumbnailUrl":"https:\/\/www.site.cdcl.xyz\/wp-content\/uploads\/2024\/10\/Actus-nationales-Presidentielle-americaine-Kamala-Harris-hausse-le-ton-face.svg.svg+xml","datePublished":"2025-01-17T18:03:00+00:00","breadcrumb":{"@id":"https:\/\/www.cc3rivieres76.com\/blog\/actus-france-avant-on-debattait-en-conseil-municipal-maintenant-on-crie-sur-les-reseaux-sociaux-france\/#breadcrumb"},"inLanguage":"fr-FR","potentialAction":[{"@type":"ReadAction","target":["https:\/\/www.cc3rivieres76.com\/blog\/actus-france-avant-on-debattait-en-conseil-municipal-maintenant-on-crie-sur-les-reseaux-sociaux-france\/"]}]},{"@type":"ImageObject","inLanguage":"fr-FR","@id":"https:\/\/www.cc3rivieres76.com\/blog\/actus-france-avant-on-debattait-en-conseil-municipal-maintenant-on-crie-sur-les-reseaux-sociaux-france\/#primaryimage","url":"https:\/\/www.site.cdcl.xyz\/wp-content\/uploads\/2024\/10\/Actus-nationales-Presidentielle-americaine-Kamala-Harris-hausse-le-ton-face.svg.svg+xml","contentUrl":"https:\/\/www.site.cdcl.xyz\/wp-content\/uploads\/2024\/10\/Actus-nationales-Presidentielle-americaine-Kamala-Harris-hausse-le-ton-face.svg.svg+xml"},{"@type":"BreadcrumbList","@id":"https:\/\/www.cc3rivieres76.com\/blog\/actus-france-avant-on-debattait-en-conseil-municipal-maintenant-on-crie-sur-les-reseaux-sociaux-france\/#breadcrumb","itemListElement":[{"@type":"ListItem","position":1,"name":"Accueil","item":"https:\/\/www.cc3rivieres76.com\/blog\/"},{"@type":"ListItem","position":2,"name":"Actus France: \u00ab\u00a0Avant, on d\u00e9battait en conseil municipal, maintenant, on crie sur les r\u00e9seaux sociaux\u00a0\u00bb #France"}]},{"@type":"WebSite","@id":"https:\/\/www.cc3rivieres76.com\/blog\/#website","url":"https:\/\/www.cc3rivieres76.com\/blog\/","name":"CC3RIVIERES76","description":"Les 3 rivi\u00e8res dans la Somme.","publisher":{"@id":"https:\/\/www.cc3rivieres76.com\/blog\/#organization"},"potentialAction":[{"@type":"SearchAction","target":{"@type":"EntryPoint","urlTemplate":"https:\/\/www.cc3rivieres76.com\/blog\/?s={search_term_string}"},"query-input":{"@type":"PropertyValueSpecification","valueRequired":true,"valueName":"search_term_string"}}],"inLanguage":"fr-FR"},{"@type":"Organization","@id":"https:\/\/www.cc3rivieres76.com\/blog\/#organization","name":"cc3rivieres76","url":"https:\/\/www.cc3rivieres76.com\/blog\/","logo":{"@type":"ImageObject","inLanguage":"fr-FR","@id":"https:\/\/www.cc3rivieres76.com\/blog\/#\/schema\/logo\/image\/","url":"https:\/\/www.cc3rivieres76.com\/blog\/wp-content\/uploads\/2023\/06\/logo-2.png","contentUrl":"https:\/\/www.cc3rivieres76.com\/blog\/wp-content\/uploads\/2023\/06\/logo-2.png","width":390,"height":388,"caption":"cc3rivieres76"},"image":{"@id":"https:\/\/www.cc3rivieres76.com\/blog\/#\/schema\/logo\/image\/"}},{"@type":"Person","@id":"https:\/\/www.cc3rivieres76.com\/blog\/#\/schema\/person\/474d457fb7747b5218f39792dfaa5a1c","name":"Sylvie DE LAUZAINGHEIN","image":{"@type":"ImageObject","inLanguage":"fr-FR","@id":"https:\/\/secure.gravatar.com\/avatar\/9c6a53b19e0a3431aa80de0895b9729fe665cd7e7d6cc94fc11abb152f4237d7?s=96&d=mm&r=g","url":"https:\/\/secure.gravatar.com\/avatar\/9c6a53b19e0a3431aa80de0895b9729fe665cd7e7d6cc94fc11abb152f4237d7?s=96&d=mm&r=g","contentUrl":"https:\/\/secure.gravatar.com\/avatar\/9c6a53b19e0a3431aa80de0895b9729fe665cd7e7d6cc94fc11abb152f4237d7?s=96&d=mm&r=g","caption":"Sylvie DE LAUZAINGHEIN"},"url":"https:\/\/www.cc3rivieres76.com\/blog\/author\/s76sylvie\/"}]}},"_links":{"self":[{"href":"https:\/\/www.cc3rivieres76.com\/blog\/wp-json\/wp\/v2\/posts\/524","targetHints":{"allow":["GET"]}}],"collection":[{"href":"https:\/\/www.cc3rivieres76.com\/blog\/wp-json\/wp\/v2\/posts"}],"about":[{"href":"https:\/\/www.cc3rivieres76.com\/blog\/wp-json\/wp\/v2\/types\/post"}],"author":[{"embeddable":true,"href":"https:\/\/www.cc3rivieres76.com\/blog\/wp-json\/wp\/v2\/users\/3"}],"replies":[{"embeddable":true,"href":"https:\/\/www.cc3rivieres76.com\/blog\/wp-json\/wp\/v2\/comments?post=524"}],"version-history":[{"count":0,"href":"https:\/\/www.cc3rivieres76.com\/blog\/wp-json\/wp\/v2\/posts\/524\/revisions"}],"wp:attachment":[{"href":"https:\/\/www.cc3rivieres76.com\/blog\/wp-json\/wp\/v2\/media?parent=524"}],"wp:term":[{"taxonomy":"category","embeddable":true,"href":"https:\/\/www.cc3rivieres76.com\/blog\/wp-json\/wp\/v2\/categories?post=524"},{"taxonomy":"post_tag","embeddable":true,"href":"https:\/\/www.cc3rivieres76.com\/blog\/wp-json\/wp\/v2\/tags?post=524"}],"curies":[{"name":"wp","href":"https:\/\/api.w.org\/{rel}","templated":true}]}}