{"id":529,"date":"2025-01-24T07:20:00","date_gmt":"2025-01-24T06:20:00","guid":{"rendered":"https:\/\/www.site.cdcl.xyz\/2025\/01\/24\/actualites-francaises-le-spectre-dune-nouvelle-guerre-des-chefs-pour-2027-france\/"},"modified":"2025-01-24T07:20:00","modified_gmt":"2025-01-24T06:20:00","slug":"actualites-francaises-le-spectre-dune-nouvelle-guerre-des-chefs-pour-2027-france","status":"publish","type":"post","link":"https:\/\/www.cc3rivieres76.com\/blog\/actualites-francaises-le-spectre-dune-nouvelle-guerre-des-chefs-pour-2027-france\/","title":{"rendered":"Actualit\u00e9s fran\u00e7aises: le spectre d\u2019une nouvelle guerre des chefs pour 2027 #France"},"content":{"rendered":"\n<p>Voici le principal d\u2019un article que notre \u00e9quipe vient de relever sur le web. Le th\u00e8me va sans aucun doute vous s\u00e9duire. Car le propos est \u00ab&nbsp;Actualit\u00e9 fran\u00e7aise&nbsp;\u00bb.<\/p>\n<h2>\nPubli\u00e9 sur Le Point \u2013 Politique, l\u2019article ci-dessous<\/h2>\n<p><u>Signature . <\/u><\/p>\n<p><u>Date et heure de la r\u00e9ception de la d\u00e9p\u00e9che sur notre fil d\u2019info:<\/u><strong><span id=\"date\"><\/span><\/strong><\/p>\n<p><u>Date et heure de publication sur internet:<\/u> <strong><span id=\"datecrea\"><\/span><\/strong><\/p>\n<p><u>Titre exacte donn\u00e9 par le journal \u00e9tait:<\/u> <strong>le spectre d\u2019une nouvelle guerre des chefs pour 2027<\/strong><\/p>\n<p><u>Information et contenu publi\u00e9s :<\/u><\/p>\n<p><img decoding=\"async\" src=\"https:\/\/www.cc3rivieres76.com\/blog\/wp-content\/uploads\/2025\/01\/actualites-francaises-le-spectre-dune-nouvelle-guerre-des-chefs-pour-2027-france.jpg\"><\/p>\n<div id=\"contenu\"> <!-- include t_www_2023\/pages\/article\/blocs\/tag_pub.tpl --><br \/><!-- include \/t_www_2023\/pages\/article\/blocs\/tag_pub.tpl --><\/p>\n<p><span class=\"dflt-txt__lettrine\">I<\/span>l n\u2019est pas si commun de croiser, dans les salons de r\u00e9ception de Beauvau, le pr\u00e9sident du S\u00e9nat G\u00e9rard Larcher, le patron des d\u00e9put\u00e9s de LR Laurent Wauquiez, ceux des s\u00e9nateurs macronistes Fran\u00e7ois Patriat&nbsp;et centristes Herv\u00e9 Marseille et Claude Malhuret, ainsi que le ministre des Relations avec le Parlement Patrick Mignola, proche lieutenant de Fran\u00e7ois Bayrou. Tous convi\u00e9s, \u00e0 l\u2019instar des parlementaires du \u00ab&nbsp;socle commun&nbsp;\u00bb, pour les v\u0153ux de Bruno Retailleau.<\/p>\n<section class=\"mbl txtcenter\">\n<p>Dans l\u2019assistance, garnie, beaucoup ont longtemps \u00e9trill\u00e9 ses positions jug\u00e9es trop droiti\u00e8res et conservatrices, sur l\u2019immigration notamment. Mais voil\u00e0, le ministre de l\u2019Int\u00e9rieur fait figure d\u2019homme fort au gouvernement et plus encore, potentiellement, pour la suite. Ne jamais insulter l\u2019avenir, donc. \u00c0 peine se met-il \u00e0 parle\u2026<\/p>\n<aside id=\"article-reserve-aux-abonnes\" class=\"paywall\">\n<div class=\"paywall-content\">\n<p>Toute l\u2019actualit\u00e9 \u00e0 1\u20ac le premier mois<\/p>\n<p>S\u2019abonner<\/p>\n<p><span>ou<\/span><\/p>\n<\/div>\n<\/aside>\n<div id=\"newsletter\" class=\"bloc-1 title-top\">\n<span class=\"h2\">La newsletter politique<\/span><\/p>\n<div class=\"step-1\">\n<p class=\"period\">Tous les lundis \u00e0 11h30<\/p>\n<p>Recevez en avant-premi\u00e8re les informations et analyses politiques de la r\u00e9daction du Point.<\/p>\n<\/div>\n<div class=\"step-2\">\n<p>Merci !<br \/>Votre inscription a bien \u00e9t\u00e9 prise en compte avec l\u2019adresse email :<br \/><span class=\"email-sended\"><\/span><\/p>\n<p>Pour d\u00e9couvrir toutes nos autres newsletters, rendez-vous ici : MonCompte<\/p>\n<\/div>\n<p>En vous inscrivant, vous acceptez les conditions g\u00e9n\u00e9rales d\u2019utilisations et notre politique de confidentialit\u00e9.<\/p>\n<\/div>\n<\/section>\n<\/div>\n<p> <img decoding=\"async\" src=\"https:\/\/www.cc3rivieres76.com\/blog\/wp-content\/uploads\/2025\/01\/actualites-francaises-le-spectre-dune-nouvelle-guerre-des-chefs-pour-2027-france.jpg\" alt=\"le spectre d\u2019une nouvelle guerre des chefs pour 2027\"><\/p>\n<p>#spectre #dune #nouvelle #guerre #des #chefs #pour<\/p>\n<p>Reprise de l\u2019information dans un style journalistique professionnel descriptif en organisant les id\u00e9es dans un ordre coh\u00e9rent avec titres html <\/p>\n<p>Ouvrages sur un objet comparable:<\/p>\n<p>La documentation\/La documentation et l\u2019enseignement.,<a href=\"https:\/\/fr.wikibooks.org\/wiki\/La_documentation\/La_documentation_et_l%27enseignement\" target=\"_blank\" rel=\"noopener noreferrer nofollow\">Pour en savoir plus<\/a><span><\/span>. A emprunter en biblioth\u00e8que.<\/p>\n<p>Monsieur le Pr\u00e9fet.,<a href=\"https:\/\/www.kobo.com\/fr\/fr\/ebook\/monsieur-le-prefet\" target=\"_blank\" rel=\"noopener noreferrer nofollow\">Fiche compl\u00e8te<\/a><span><\/span>.<\/p>\n<p>So french, l\u2019amour vache d\u2019une anglaise pour la France.,<a href=\"https:\/\/www.kobo.com\/fr\/fr\/ebook\/so-french-l-amour-vache-d-une-anglaise-pour-la-france\" target=\"_blank\" rel=\"noopener noreferrer nofollow\">sur ce lien la fiche descriptive<\/a><span><\/span>.<\/p>\n<p> Cet article, qui traite du th\u00e8me \u00ab\u00a0Les 3 rivi\u00e8res dans la Somme\u00a0\u00bb, vous est sp\u00e9cialement sugg\u00e9r\u00e9 par cc3rivieres76.com. La chronique est reproduite du mieux possible. Dans le cas o\u00f9 vous souhaitez apporter quelques pr\u00e9cisions concernant le domaine de \u00ab\u00a0Les 3 rivi\u00e8res dans la Somme\u00a0\u00bb vous pouvez solliciter notre r\u00e9daction. La destination de cc3rivieres76.com est de d\u00e9battre de Les 3 rivi\u00e8res dans la Somme dans la transparence en vous apportant la connaissance de tout ce qui est en lien avec ce sujet sur la toile Connectez-vous sur notre site cc3rivieres76.com et nos r\u00e9seaux sociaux dans le but d\u2019\u00eatre inform\u00e9 des futures publications.<\/p>\n","protected":false},"excerpt":{"rendered":"<p>Voici le principal d\u2019un article que notre \u00e9quipe vient de relever sur le web. Le th\u00e8me va sans aucun doute vous s\u00e9duire. Car le propos est \u00ab&nbsp;Actualit\u00e9 fran\u00e7aise&nbsp;\u00bb. Publi\u00e9 sur Le Point \u2013 Politique, l\u2019article ci-dessous Signature . Date et heure de la r\u00e9ception de la d\u00e9p\u00e9che sur notre fil d\u2019info: Date et heure de &hellip; <\/p>\n<p class=\"link-more\"><a href=\"https:\/\/www.cc3rivieres76.com\/blog\/actualites-francaises-le-spectre-dune-nouvelle-guerre-des-chefs-pour-2027-france\/\" class=\"more-link\">Continuer la lecture <span class=\"screen-reader-text\"> \u00ab\u00a0Actualit\u00e9s fran\u00e7aises: le spectre d\u2019une nouvelle guerre des chefs pour 2027 #France\u00a0\u00bb<\/span><\/a><\/p>\n","protected":false},"author":3,"featured_media":530,"comment_status":"closed","ping_status":"closed","sticky":false,"template":"","format":"standard","meta":{"footnotes":""},"categories":[2],"tags":[],"class_list":["post-529","post","type-post","status-publish","format-standard","has-post-thumbnail","hentry","category-les-3-rivieres-dans-la-somme","entry"],"yoast_head":"<!-- This site is optimized with the Yoast SEO plugin v27.5 - https:\/\/yoast.com\/product\/yoast-seo-wordpress\/ -->\n<title>Actualit\u00e9s fran\u00e7aises: le spectre d\u2019une nouvelle guerre des chefs pour 2027 #France - CC3RIVIERES76<\/title>\n<meta name=\"robots\" content=\"index, follow, max-snippet:-1, max-image-preview:large, max-video-preview:-1\" \/>\n<link rel=\"canonical\" href=\"https:\/\/www.cc3rivieres76.com\/blog\/actualites-francaises-le-spectre-dune-nouvelle-guerre-des-chefs-pour-2027-france\/\" \/>\n<meta property=\"og:locale\" content=\"fr_FR\" \/>\n<meta property=\"og:type\" content=\"article\" \/>\n<meta property=\"og:title\" content=\"Actualit\u00e9s fran\u00e7aises: le spectre d\u2019une nouvelle guerre des chefs pour 2027 #France - CC3RIVIERES76\" \/>\n<meta property=\"og:description\" content=\"Voici le principal d\u2019un article que notre \u00e9quipe vient de relever sur le web. Le th\u00e8me va sans aucun doute vous s\u00e9duire. Car le propos est \u00ab&nbsp;Actualit\u00e9 fran\u00e7aise&nbsp;\u00bb. Publi\u00e9 sur Le Point \u2013 Politique, l\u2019article ci-dessous Signature . Date et heure de la r\u00e9ception de la d\u00e9p\u00e9che sur notre fil d\u2019info: Date et heure de &hellip; Continuer la lecture \u00ab\u00a0Actualit\u00e9s fran\u00e7aises: le spectre d\u2019une nouvelle guerre des chefs pour 2027 #France\u00a0\u00bb\" \/>\n<meta property=\"og:url\" content=\"https:\/\/www.cc3rivieres76.com\/blog\/actualites-francaises-le-spectre-dune-nouvelle-guerre-des-chefs-pour-2027-france\/\" \/>\n<meta property=\"og:site_name\" content=\"CC3RIVIERES76\" \/>\n<meta property=\"article:published_time\" content=\"2025-01-24T06:20:00+00:00\" \/>\n<meta property=\"og:image\" content=\"https:\/\/www.cc3rivieres76.com\/blog\/wp-content\/uploads\/2025\/01\/actualites-francaises-le-spectre-dune-nouvelle-guerre-des-chefs-pour-2027-france.jpg\" \/>\n<meta name=\"author\" content=\"Sylvie DE LAUZAINGHEIN\" \/>\n<meta name=\"twitter:card\" content=\"summary_large_image\" \/>\n<meta name=\"twitter:label1\" content=\"\u00c9crit par\" \/>\n\t<meta name=\"twitter:data1\" content=\"Sylvie DE LAUZAINGHEIN\" \/>\n\t<meta name=\"twitter:label2\" content=\"Dur\u00e9e de lecture estim\u00e9e\" \/>\n\t<meta name=\"twitter:data2\" content=\"2 minutes\" \/>\n<script type=\"application\/ld+json\" class=\"yoast-schema-graph\">{\"@context\":\"https:\\\/\\\/schema.org\",\"@graph\":[{\"@type\":\"Article\",\"@id\":\"https:\\\/\\\/www.cc3rivieres76.com\\\/blog\\\/actualites-francaises-le-spectre-dune-nouvelle-guerre-des-chefs-pour-2027-france\\\/#article\",\"isPartOf\":{\"@id\":\"https:\\\/\\\/www.cc3rivieres76.com\\\/blog\\\/actualites-francaises-le-spectre-dune-nouvelle-guerre-des-chefs-pour-2027-france\\\/\"},\"author\":{\"name\":\"Sylvie DE LAUZAINGHEIN\",\"@id\":\"https:\\\/\\\/www.cc3rivieres76.com\\\/blog\\\/#\\\/schema\\\/person\\\/474d457fb7747b5218f39792dfaa5a1c\"},\"headline\":\"Actualit\u00e9s fran\u00e7aises: le spectre d\u2019une nouvelle guerre des chefs pour 2027 #France\",\"datePublished\":\"2025-01-24T06:20:00+00:00\",\"mainEntityOfPage\":{\"@id\":\"https:\\\/\\\/www.cc3rivieres76.com\\\/blog\\\/actualites-francaises-le-spectre-dune-nouvelle-guerre-des-chefs-pour-2027-france\\\/\"},\"wordCount\":503,\"publisher\":{\"@id\":\"https:\\\/\\\/www.cc3rivieres76.com\\\/blog\\\/#organization\"},\"image\":{\"@id\":\"https:\\\/\\\/www.cc3rivieres76.com\\\/blog\\\/actualites-francaises-le-spectre-dune-nouvelle-guerre-des-chefs-pour-2027-france\\\/#primaryimage\"},\"thumbnailUrl\":\"https:\\\/\\\/www.cc3rivieres76.com\\\/blog\\\/wp-content\\\/uploads\\\/2025\\\/01\\\/actualites-francaises-le-spectre-dune-nouvelle-guerre-des-chefs-pour-2027-france.jpg\",\"articleSection\":[\"Les 3 Rivi\u00e8res Dans La Somme:\"],\"inLanguage\":\"fr-FR\"},{\"@type\":\"WebPage\",\"@id\":\"https:\\\/\\\/www.cc3rivieres76.com\\\/blog\\\/actualites-francaises-le-spectre-dune-nouvelle-guerre-des-chefs-pour-2027-france\\\/\",\"url\":\"https:\\\/\\\/www.cc3rivieres76.com\\\/blog\\\/actualites-francaises-le-spectre-dune-nouvelle-guerre-des-chefs-pour-2027-france\\\/\",\"name\":\"Actualit\u00e9s fran\u00e7aises: le spectre d\u2019une nouvelle guerre des chefs pour 2027 #France - CC3RIVIERES76\",\"isPartOf\":{\"@id\":\"https:\\\/\\\/www.cc3rivieres76.com\\\/blog\\\/#website\"},\"primaryImageOfPage\":{\"@id\":\"https:\\\/\\\/www.cc3rivieres76.com\\\/blog\\\/actualites-francaises-le-spectre-dune-nouvelle-guerre-des-chefs-pour-2027-france\\\/#primaryimage\"},\"image\":{\"@id\":\"https:\\\/\\\/www.cc3rivieres76.com\\\/blog\\\/actualites-francaises-le-spectre-dune-nouvelle-guerre-des-chefs-pour-2027-france\\\/#primaryimage\"},\"thumbnailUrl\":\"https:\\\/\\\/www.cc3rivieres76.com\\\/blog\\\/wp-content\\\/uploads\\\/2025\\\/01\\\/actualites-francaises-le-spectre-dune-nouvelle-guerre-des-chefs-pour-2027-france.jpg\",\"datePublished\":\"2025-01-24T06:20:00+00:00\",\"breadcrumb\":{\"@id\":\"https:\\\/\\\/www.cc3rivieres76.com\\\/blog\\\/actualites-francaises-le-spectre-dune-nouvelle-guerre-des-chefs-pour-2027-france\\\/#breadcrumb\"},\"inLanguage\":\"fr-FR\",\"potentialAction\":[{\"@type\":\"ReadAction\",\"target\":[\"https:\\\/\\\/www.cc3rivieres76.com\\\/blog\\\/actualites-francaises-le-spectre-dune-nouvelle-guerre-des-chefs-pour-2027-france\\\/\"]}]},{\"@type\":\"ImageObject\",\"inLanguage\":\"fr-FR\",\"@id\":\"https:\\\/\\\/www.cc3rivieres76.com\\\/blog\\\/actualites-francaises-le-spectre-dune-nouvelle-guerre-des-chefs-pour-2027-france\\\/#primaryimage\",\"url\":\"https:\\\/\\\/www.cc3rivieres76.com\\\/blog\\\/wp-content\\\/uploads\\\/2025\\\/01\\\/actualites-francaises-le-spectre-dune-nouvelle-guerre-des-chefs-pour-2027-france.jpg\",\"contentUrl\":\"https:\\\/\\\/www.cc3rivieres76.com\\\/blog\\\/wp-content\\\/uploads\\\/2025\\\/01\\\/actualites-francaises-le-spectre-dune-nouvelle-guerre-des-chefs-pour-2027-france.jpg\",\"width\":1440,\"height\":959,\"caption\":\"Actualit\u00e9s fran\u00e7aises: le spectre d\u2019une nouvelle guerre des chefs pour 2027 #France\"},{\"@type\":\"BreadcrumbList\",\"@id\":\"https:\\\/\\\/www.cc3rivieres76.com\\\/blog\\\/actualites-francaises-le-spectre-dune-nouvelle-guerre-des-chefs-pour-2027-france\\\/#breadcrumb\",\"itemListElement\":[{\"@type\":\"ListItem\",\"position\":1,\"name\":\"Accueil\",\"item\":\"https:\\\/\\\/www.cc3rivieres76.com\\\/blog\\\/\"},{\"@type\":\"ListItem\",\"position\":2,\"name\":\"Actualit\u00e9s fran\u00e7aises: le spectre d\u2019une nouvelle guerre des chefs pour 2027 #France\"}]},{\"@type\":\"WebSite\",\"@id\":\"https:\\\/\\\/www.cc3rivieres76.com\\\/blog\\\/#website\",\"url\":\"https:\\\/\\\/www.cc3rivieres76.com\\\/blog\\\/\",\"name\":\"CC3RIVIERES76\",\"description\":\"Les 3 rivi\u00e8res dans la Somme.\",\"publisher\":{\"@id\":\"https:\\\/\\\/www.cc3rivieres76.com\\\/blog\\\/#organization\"},\"potentialAction\":[{\"@type\":\"SearchAction\",\"target\":{\"@type\":\"EntryPoint\",\"urlTemplate\":\"https:\\\/\\\/www.cc3rivieres76.com\\\/blog\\\/?s={search_term_string}\"},\"query-input\":{\"@type\":\"PropertyValueSpecification\",\"valueRequired\":true,\"valueName\":\"search_term_string\"}}],\"inLanguage\":\"fr-FR\"},{\"@type\":\"Organization\",\"@id\":\"https:\\\/\\\/www.cc3rivieres76.com\\\/blog\\\/#organization\",\"name\":\"cc3rivieres76\",\"url\":\"https:\\\/\\\/www.cc3rivieres76.com\\\/blog\\\/\",\"logo\":{\"@type\":\"ImageObject\",\"inLanguage\":\"fr-FR\",\"@id\":\"https:\\\/\\\/www.cc3rivieres76.com\\\/blog\\\/#\\\/schema\\\/logo\\\/image\\\/\",\"url\":\"https:\\\/\\\/www.cc3rivieres76.com\\\/blog\\\/wp-content\\\/uploads\\\/2023\\\/06\\\/logo-2.png\",\"contentUrl\":\"https:\\\/\\\/www.cc3rivieres76.com\\\/blog\\\/wp-content\\\/uploads\\\/2023\\\/06\\\/logo-2.png\",\"width\":390,\"height\":388,\"caption\":\"cc3rivieres76\"},\"image\":{\"@id\":\"https:\\\/\\\/www.cc3rivieres76.com\\\/blog\\\/#\\\/schema\\\/logo\\\/image\\\/\"}},{\"@type\":\"Person\",\"@id\":\"https:\\\/\\\/www.cc3rivieres76.com\\\/blog\\\/#\\\/schema\\\/person\\\/474d457fb7747b5218f39792dfaa5a1c\",\"name\":\"Sylvie DE LAUZAINGHEIN\",\"image\":{\"@type\":\"ImageObject\",\"inLanguage\":\"fr-FR\",\"@id\":\"https:\\\/\\\/secure.gravatar.com\\\/avatar\\\/9c6a53b19e0a3431aa80de0895b9729fe665cd7e7d6cc94fc11abb152f4237d7?s=96&d=mm&r=g\",\"url\":\"https:\\\/\\\/secure.gravatar.com\\\/avatar\\\/9c6a53b19e0a3431aa80de0895b9729fe665cd7e7d6cc94fc11abb152f4237d7?s=96&d=mm&r=g\",\"contentUrl\":\"https:\\\/\\\/secure.gravatar.com\\\/avatar\\\/9c6a53b19e0a3431aa80de0895b9729fe665cd7e7d6cc94fc11abb152f4237d7?s=96&d=mm&r=g\",\"caption\":\"Sylvie DE LAUZAINGHEIN\"},\"url\":\"https:\\\/\\\/www.cc3rivieres76.com\\\/blog\\\/author\\\/s76sylvie\\\/\"}]}<\/script>\n<!-- \/ Yoast SEO plugin. -->","yoast_head_json":{"title":"Actualit\u00e9s fran\u00e7aises: le spectre d\u2019une nouvelle guerre des chefs pour 2027 #France - CC3RIVIERES76","robots":{"index":"index","follow":"follow","max-snippet":"max-snippet:-1","max-image-preview":"max-image-preview:large","max-video-preview":"max-video-preview:-1"},"canonical":"https:\/\/www.cc3rivieres76.com\/blog\/actualites-francaises-le-spectre-dune-nouvelle-guerre-des-chefs-pour-2027-france\/","og_locale":"fr_FR","og_type":"article","og_title":"Actualit\u00e9s fran\u00e7aises: le spectre d\u2019une nouvelle guerre des chefs pour 2027 #France - CC3RIVIERES76","og_description":"Voici le principal d\u2019un article que notre \u00e9quipe vient de relever sur le web. Le th\u00e8me va sans aucun doute vous s\u00e9duire. Car le propos est \u00ab&nbsp;Actualit\u00e9 fran\u00e7aise&nbsp;\u00bb. Publi\u00e9 sur Le Point \u2013 Politique, l\u2019article ci-dessous Signature . Date et heure de la r\u00e9ception de la d\u00e9p\u00e9che sur notre fil d\u2019info: Date et heure de &hellip; Continuer la lecture \u00ab\u00a0Actualit\u00e9s fran\u00e7aises: le spectre d\u2019une nouvelle guerre des chefs pour 2027 #France\u00a0\u00bb","og_url":"https:\/\/www.cc3rivieres76.com\/blog\/actualites-francaises-le-spectre-dune-nouvelle-guerre-des-chefs-pour-2027-france\/","og_site_name":"CC3RIVIERES76","article_published_time":"2025-01-24T06:20:00+00:00","og_image":[{"url":"https:\/\/www.cc3rivieres76.com\/blog\/wp-content\/uploads\/2025\/01\/actualites-francaises-le-spectre-dune-nouvelle-guerre-des-chefs-pour-2027-france.jpg","type":"","width":"","height":""}],"author":"Sylvie DE LAUZAINGHEIN","twitter_card":"summary_large_image","twitter_misc":{"\u00c9crit par":"Sylvie DE LAUZAINGHEIN","Dur\u00e9e de lecture estim\u00e9e":"2 minutes"},"schema":{"@context":"https:\/\/schema.org","@graph":[{"@type":"Article","@id":"https:\/\/www.cc3rivieres76.com\/blog\/actualites-francaises-le-spectre-dune-nouvelle-guerre-des-chefs-pour-2027-france\/#article","isPartOf":{"@id":"https:\/\/www.cc3rivieres76.com\/blog\/actualites-francaises-le-spectre-dune-nouvelle-guerre-des-chefs-pour-2027-france\/"},"author":{"name":"Sylvie DE LAUZAINGHEIN","@id":"https:\/\/www.cc3rivieres76.com\/blog\/#\/schema\/person\/474d457fb7747b5218f39792dfaa5a1c"},"headline":"Actualit\u00e9s fran\u00e7aises: le spectre d\u2019une nouvelle guerre des chefs pour 2027 #France","datePublished":"2025-01-24T06:20:00+00:00","mainEntityOfPage":{"@id":"https:\/\/www.cc3rivieres76.com\/blog\/actualites-francaises-le-spectre-dune-nouvelle-guerre-des-chefs-pour-2027-france\/"},"wordCount":503,"publisher":{"@id":"https:\/\/www.cc3rivieres76.com\/blog\/#organization"},"image":{"@id":"https:\/\/www.cc3rivieres76.com\/blog\/actualites-francaises-le-spectre-dune-nouvelle-guerre-des-chefs-pour-2027-france\/#primaryimage"},"thumbnailUrl":"https:\/\/www.cc3rivieres76.com\/blog\/wp-content\/uploads\/2025\/01\/actualites-francaises-le-spectre-dune-nouvelle-guerre-des-chefs-pour-2027-france.jpg","articleSection":["Les 3 Rivi\u00e8res Dans La Somme:"],"inLanguage":"fr-FR"},{"@type":"WebPage","@id":"https:\/\/www.cc3rivieres76.com\/blog\/actualites-francaises-le-spectre-dune-nouvelle-guerre-des-chefs-pour-2027-france\/","url":"https:\/\/www.cc3rivieres76.com\/blog\/actualites-francaises-le-spectre-dune-nouvelle-guerre-des-chefs-pour-2027-france\/","name":"Actualit\u00e9s fran\u00e7aises: le spectre d\u2019une nouvelle guerre des chefs pour 2027 #France - CC3RIVIERES76","isPartOf":{"@id":"https:\/\/www.cc3rivieres76.com\/blog\/#website"},"primaryImageOfPage":{"@id":"https:\/\/www.cc3rivieres76.com\/blog\/actualites-francaises-le-spectre-dune-nouvelle-guerre-des-chefs-pour-2027-france\/#primaryimage"},"image":{"@id":"https:\/\/www.cc3rivieres76.com\/blog\/actualites-francaises-le-spectre-dune-nouvelle-guerre-des-chefs-pour-2027-france\/#primaryimage"},"thumbnailUrl":"https:\/\/www.cc3rivieres76.com\/blog\/wp-content\/uploads\/2025\/01\/actualites-francaises-le-spectre-dune-nouvelle-guerre-des-chefs-pour-2027-france.jpg","datePublished":"2025-01-24T06:20:00+00:00","breadcrumb":{"@id":"https:\/\/www.cc3rivieres76.com\/blog\/actualites-francaises-le-spectre-dune-nouvelle-guerre-des-chefs-pour-2027-france\/#breadcrumb"},"inLanguage":"fr-FR","potentialAction":[{"@type":"ReadAction","target":["https:\/\/www.cc3rivieres76.com\/blog\/actualites-francaises-le-spectre-dune-nouvelle-guerre-des-chefs-pour-2027-france\/"]}]},{"@type":"ImageObject","inLanguage":"fr-FR","@id":"https:\/\/www.cc3rivieres76.com\/blog\/actualites-francaises-le-spectre-dune-nouvelle-guerre-des-chefs-pour-2027-france\/#primaryimage","url":"https:\/\/www.cc3rivieres76.com\/blog\/wp-content\/uploads\/2025\/01\/actualites-francaises-le-spectre-dune-nouvelle-guerre-des-chefs-pour-2027-france.jpg","contentUrl":"https:\/\/www.cc3rivieres76.com\/blog\/wp-content\/uploads\/2025\/01\/actualites-francaises-le-spectre-dune-nouvelle-guerre-des-chefs-pour-2027-france.jpg","width":1440,"height":959,"caption":"Actualit\u00e9s fran\u00e7aises: le spectre d\u2019une nouvelle guerre des chefs pour 2027 #France"},{"@type":"BreadcrumbList","@id":"https:\/\/www.cc3rivieres76.com\/blog\/actualites-francaises-le-spectre-dune-nouvelle-guerre-des-chefs-pour-2027-france\/#breadcrumb","itemListElement":[{"@type":"ListItem","position":1,"name":"Accueil","item":"https:\/\/www.cc3rivieres76.com\/blog\/"},{"@type":"ListItem","position":2,"name":"Actualit\u00e9s fran\u00e7aises: le spectre d\u2019une nouvelle guerre des chefs pour 2027 #France"}]},{"@type":"WebSite","@id":"https:\/\/www.cc3rivieres76.com\/blog\/#website","url":"https:\/\/www.cc3rivieres76.com\/blog\/","name":"CC3RIVIERES76","description":"Les 3 rivi\u00e8res dans la Somme.","publisher":{"@id":"https:\/\/www.cc3rivieres76.com\/blog\/#organization"},"potentialAction":[{"@type":"SearchAction","target":{"@type":"EntryPoint","urlTemplate":"https:\/\/www.cc3rivieres76.com\/blog\/?s={search_term_string}"},"query-input":{"@type":"PropertyValueSpecification","valueRequired":true,"valueName":"search_term_string"}}],"inLanguage":"fr-FR"},{"@type":"Organization","@id":"https:\/\/www.cc3rivieres76.com\/blog\/#organization","name":"cc3rivieres76","url":"https:\/\/www.cc3rivieres76.com\/blog\/","logo":{"@type":"ImageObject","inLanguage":"fr-FR","@id":"https:\/\/www.cc3rivieres76.com\/blog\/#\/schema\/logo\/image\/","url":"https:\/\/www.cc3rivieres76.com\/blog\/wp-content\/uploads\/2023\/06\/logo-2.png","contentUrl":"https:\/\/www.cc3rivieres76.com\/blog\/wp-content\/uploads\/2023\/06\/logo-2.png","width":390,"height":388,"caption":"cc3rivieres76"},"image":{"@id":"https:\/\/www.cc3rivieres76.com\/blog\/#\/schema\/logo\/image\/"}},{"@type":"Person","@id":"https:\/\/www.cc3rivieres76.com\/blog\/#\/schema\/person\/474d457fb7747b5218f39792dfaa5a1c","name":"Sylvie DE LAUZAINGHEIN","image":{"@type":"ImageObject","inLanguage":"fr-FR","@id":"https:\/\/secure.gravatar.com\/avatar\/9c6a53b19e0a3431aa80de0895b9729fe665cd7e7d6cc94fc11abb152f4237d7?s=96&d=mm&r=g","url":"https:\/\/secure.gravatar.com\/avatar\/9c6a53b19e0a3431aa80de0895b9729fe665cd7e7d6cc94fc11abb152f4237d7?s=96&d=mm&r=g","contentUrl":"https:\/\/secure.gravatar.com\/avatar\/9c6a53b19e0a3431aa80de0895b9729fe665cd7e7d6cc94fc11abb152f4237d7?s=96&d=mm&r=g","caption":"Sylvie DE LAUZAINGHEIN"},"url":"https:\/\/www.cc3rivieres76.com\/blog\/author\/s76sylvie\/"}]}},"_links":{"self":[{"href":"https:\/\/www.cc3rivieres76.com\/blog\/wp-json\/wp\/v2\/posts\/529","targetHints":{"allow":["GET"]}}],"collection":[{"href":"https:\/\/www.cc3rivieres76.com\/blog\/wp-json\/wp\/v2\/posts"}],"about":[{"href":"https:\/\/www.cc3rivieres76.com\/blog\/wp-json\/wp\/v2\/types\/post"}],"author":[{"embeddable":true,"href":"https:\/\/www.cc3rivieres76.com\/blog\/wp-json\/wp\/v2\/users\/3"}],"replies":[{"embeddable":true,"href":"https:\/\/www.cc3rivieres76.com\/blog\/wp-json\/wp\/v2\/comments?post=529"}],"version-history":[{"count":0,"href":"https:\/\/www.cc3rivieres76.com\/blog\/wp-json\/wp\/v2\/posts\/529\/revisions"}],"wp:featuredmedia":[{"embeddable":true,"href":"https:\/\/www.cc3rivieres76.com\/blog\/wp-json\/wp\/v2\/media\/530"}],"wp:attachment":[{"href":"https:\/\/www.cc3rivieres76.com\/blog\/wp-json\/wp\/v2\/media?parent=529"}],"wp:term":[{"taxonomy":"category","embeddable":true,"href":"https:\/\/www.cc3rivieres76.com\/blog\/wp-json\/wp\/v2\/categories?post=529"},{"taxonomy":"post_tag","embeddable":true,"href":"https:\/\/www.cc3rivieres76.com\/blog\/wp-json\/wp\/v2\/tags?post=529"}],"curies":[{"name":"wp","href":"https:\/\/api.w.org\/{rel}","templated":true}]}}