{"id":531,"date":"2025-01-27T13:42:21","date_gmt":"2025-01-27T12:42:21","guid":{"rendered":"https:\/\/www.site.cdcl.xyz\/2025\/01\/27\/actus-francaises-pologne-commemoration-de-la-liberation-dauschwitz-la-parole-aux-rescapes\/"},"modified":"2025-01-27T13:42:21","modified_gmt":"2025-01-27T12:42:21","slug":"actus-francaises-pologne-commemoration-de-la-liberation-dauschwitz-la-parole-aux-rescapes","status":"publish","type":"post","link":"https:\/\/www.cc3rivieres76.com\/blog\/actus-francaises-pologne-commemoration-de-la-liberation-dauschwitz-la-parole-aux-rescapes\/","title":{"rendered":"Actus fran\u00e7aises: Pologne: Comm\u00e9moration de la Lib\u00e9ration d&rsquo;Auschwitz, La parole aux Rescap\u00e9s"},"content":{"rendered":"\n<p><img decoding=\"async\" src=\"https:\/\/www.cc3rivieres76.com\/blog\/wp-content\/uploads\/2025\/01\/actus-francaises-pologne-commemoration-de-la-liberation-dauschwitz-la-parole-aux-rescapes.jpg\"><br \/>En Pologne, Se d\u00e9roulent ce lundi 27 Janvier Les Comm\u00e9morations des 80 ans de la D\u00e9couverte des camps de concentration et d&rsquo;extermination par l&rsquo;arm\u00e9 Rouge. Une Cinantaine de Rescap\u00e9s Participe aux C\u00e9r\u00e9monies, Probablement Le Dernier anniversaire Auquel Ils pour la participateur Puisque la Plupart Sont Aujourd&rsquo;hui Centenaires. La C\u00e9r\u00e9monie Internationale Doit Comminer dans L&rsquo;APR\u00c8S-MIDI ET LES ORGANISATEURS ONT PR\u00c9VENU QUE LES COMMORATIONS CENTRES SERAIENTS SUR LA PAROLE DES RESSAP\u00c9S.<\/p>\n<p>Ouvrages sur un sujet semblable:<\/p>\n<p>Dictionnaire de la France moderne.,<a href=\"https:\/\/www.kobo.com\/fr\/fr\/ebook\/dictionnaire-de-la-france-moderne\" target=\"_blank\" rel=\"noopener noreferrer nofollow\">(la couverture) <\/a><span><\/span>. Disponible Sur AMAZON.<\/p>\n<p>L\u2019Anglais qui voulait nettoyer la France.,<a href=\"https:\/\/www.kobo.com\/fr\/fr\/ebook\/l-anglais-qui-voulait-nettoyer-la-france\" target=\"_blank\" rel=\"noopener noreferrer nofollow\">Ici la fiche descriptive<\/a><span><\/span>.<\/p>\n<p>Photographie\/Soci\u00e9t\u00e9s et Organisations\/\u00c9diteurs de cartes postales.,<a href=\"https:\/\/fr.wikibooks.org\/wiki\/Photographie\/Soci%C3%A9t%C3%A9s_et_Organisations\/%C3%89diteurs_de_cartes_postales\" target=\"_blank\" rel=\"noopener noreferrer nofollow\">Infos sur ce livre<\/a><span><\/span>.<\/p>\n<p> Cet article, qui traite du th\u00e8me \u00ab\u00a0Les 3 rivi\u00e8res dans la Somme\u00a0\u00bb, vous est sp\u00e9cialement sugg\u00e9r\u00e9 par cc3rivieres76.com. La chronique est reproduite du mieux possible. Dans le cas o\u00f9 vous souhaitez apporter quelques pr\u00e9cisions concernant le domaine de \u00ab\u00a0Les 3 rivi\u00e8res dans la Somme\u00a0\u00bb vous pouvez solliciter notre r\u00e9daction. La destination de cc3rivieres76.com est de d\u00e9battre de Les 3 rivi\u00e8res dans la Somme dans la transparence en vous apportant la connaissance de tout ce qui est en lien avec ce sujet sur la toile Connectez-vous sur notre site cc3rivieres76.com et nos r\u00e9seaux sociaux dans le but d\u2019\u00eatre inform\u00e9 des futures publications.<\/p>\n","protected":false},"excerpt":{"rendered":"<p>En Pologne, Se d\u00e9roulent ce lundi 27 Janvier Les Comm\u00e9morations des 80 ans de la D\u00e9couverte des camps de concentration et d&rsquo;extermination par l&rsquo;arm\u00e9 Rouge. Une Cinantaine de Rescap\u00e9s Participe aux C\u00e9r\u00e9monies, Probablement Le Dernier anniversaire Auquel Ils pour la participateur Puisque la Plupart Sont Aujourd&rsquo;hui Centenaires. La C\u00e9r\u00e9monie Internationale Doit Comminer dans L&rsquo;APR\u00c8S-MIDI ET &hellip; <\/p>\n<p class=\"link-more\"><a href=\"https:\/\/www.cc3rivieres76.com\/blog\/actus-francaises-pologne-commemoration-de-la-liberation-dauschwitz-la-parole-aux-rescapes\/\" class=\"more-link\">Continuer la lecture <span class=\"screen-reader-text\"> \u00ab\u00a0Actus fran\u00e7aises: Pologne: Comm\u00e9moration de la Lib\u00e9ration d&rsquo;Auschwitz, La parole aux Rescap\u00e9s\u00a0\u00bb<\/span><\/a><\/p>\n","protected":false},"author":3,"featured_media":532,"comment_status":"closed","ping_status":"closed","sticky":false,"template":"","format":"standard","meta":{"footnotes":""},"categories":[2],"tags":[],"class_list":["post-531","post","type-post","status-publish","format-standard","has-post-thumbnail","hentry","category-les-3-rivieres-dans-la-somme","entry"],"yoast_head":"<!-- This site is optimized with the Yoast SEO plugin v27.5 - https:\/\/yoast.com\/product\/yoast-seo-wordpress\/ -->\n<title>Actus fran\u00e7aises: Pologne: Comm\u00e9moration de la Lib\u00e9ration d&#039;Auschwitz, La parole aux Rescap\u00e9s - CC3RIVIERES76<\/title>\n<meta name=\"robots\" content=\"index, follow, max-snippet:-1, max-image-preview:large, max-video-preview:-1\" \/>\n<link rel=\"canonical\" href=\"https:\/\/www.cc3rivieres76.com\/blog\/actus-francaises-pologne-commemoration-de-la-liberation-dauschwitz-la-parole-aux-rescapes\/\" \/>\n<meta property=\"og:locale\" content=\"fr_FR\" \/>\n<meta property=\"og:type\" content=\"article\" \/>\n<meta property=\"og:title\" content=\"Actus fran\u00e7aises: Pologne: Comm\u00e9moration de la Lib\u00e9ration d&#039;Auschwitz, La parole aux Rescap\u00e9s - CC3RIVIERES76\" \/>\n<meta property=\"og:description\" content=\"En Pologne, Se d\u00e9roulent ce lundi 27 Janvier Les Comm\u00e9morations des 80 ans de la D\u00e9couverte des camps de concentration et d&rsquo;extermination par l&rsquo;arm\u00e9 Rouge. Une Cinantaine de Rescap\u00e9s Participe aux C\u00e9r\u00e9monies, Probablement Le Dernier anniversaire Auquel Ils pour la participateur Puisque la Plupart Sont Aujourd&rsquo;hui Centenaires. La C\u00e9r\u00e9monie Internationale Doit Comminer dans L&rsquo;APR\u00c8S-MIDI ET &hellip; Continuer la lecture \u00ab\u00a0Actus fran\u00e7aises: Pologne: Comm\u00e9moration de la Lib\u00e9ration d&rsquo;Auschwitz, La parole aux Rescap\u00e9s\u00a0\u00bb\" \/>\n<meta property=\"og:url\" content=\"https:\/\/www.cc3rivieres76.com\/blog\/actus-francaises-pologne-commemoration-de-la-liberation-dauschwitz-la-parole-aux-rescapes\/\" \/>\n<meta property=\"og:site_name\" content=\"CC3RIVIERES76\" \/>\n<meta property=\"article:published_time\" content=\"2025-01-27T12:42:21+00:00\" \/>\n<meta property=\"og:image\" content=\"https:\/\/www.cc3rivieres76.com\/blog\/wp-content\/uploads\/2025\/01\/actus-francaises-pologne-commemoration-de-la-liberation-dauschwitz-la-parole-aux-rescapes.jpg\" \/>\n<meta name=\"author\" content=\"Sylvie DE LAUZAINGHEIN\" \/>\n<meta name=\"twitter:card\" content=\"summary_large_image\" \/>\n<meta name=\"twitter:label1\" content=\"\u00c9crit par\" \/>\n\t<meta name=\"twitter:data1\" content=\"Sylvie DE LAUZAINGHEIN\" \/>\n\t<meta name=\"twitter:label2\" content=\"Dur\u00e9e de lecture estim\u00e9e\" \/>\n\t<meta name=\"twitter:data2\" content=\"1 minute\" \/>\n<script type=\"application\/ld+json\" class=\"yoast-schema-graph\">{\"@context\":\"https:\\\/\\\/schema.org\",\"@graph\":[{\"@type\":\"Article\",\"@id\":\"https:\\\/\\\/www.cc3rivieres76.com\\\/blog\\\/actus-francaises-pologne-commemoration-de-la-liberation-dauschwitz-la-parole-aux-rescapes\\\/#article\",\"isPartOf\":{\"@id\":\"https:\\\/\\\/www.cc3rivieres76.com\\\/blog\\\/actus-francaises-pologne-commemoration-de-la-liberation-dauschwitz-la-parole-aux-rescapes\\\/\"},\"author\":{\"name\":\"Sylvie DE LAUZAINGHEIN\",\"@id\":\"https:\\\/\\\/www.cc3rivieres76.com\\\/blog\\\/#\\\/schema\\\/person\\\/474d457fb7747b5218f39792dfaa5a1c\"},\"headline\":\"Actus fran\u00e7aises: Pologne: Comm\u00e9moration de la Lib\u00e9ration d&rsquo;Auschwitz, La parole aux Rescap\u00e9s\",\"datePublished\":\"2025-01-27T12:42:21+00:00\",\"mainEntityOfPage\":{\"@id\":\"https:\\\/\\\/www.cc3rivieres76.com\\\/blog\\\/actus-francaises-pologne-commemoration-de-la-liberation-dauschwitz-la-parole-aux-rescapes\\\/\"},\"wordCount\":254,\"publisher\":{\"@id\":\"https:\\\/\\\/www.cc3rivieres76.com\\\/blog\\\/#organization\"},\"image\":{\"@id\":\"https:\\\/\\\/www.cc3rivieres76.com\\\/blog\\\/actus-francaises-pologne-commemoration-de-la-liberation-dauschwitz-la-parole-aux-rescapes\\\/#primaryimage\"},\"thumbnailUrl\":\"https:\\\/\\\/www.cc3rivieres76.com\\\/blog\\\/wp-content\\\/uploads\\\/2025\\\/01\\\/actus-francaises-pologne-commemoration-de-la-liberation-dauschwitz-la-parole-aux-rescapes.jpg\",\"articleSection\":[\"Les 3 Rivi\u00e8res Dans La Somme:\"],\"inLanguage\":\"fr-FR\"},{\"@type\":\"WebPage\",\"@id\":\"https:\\\/\\\/www.cc3rivieres76.com\\\/blog\\\/actus-francaises-pologne-commemoration-de-la-liberation-dauschwitz-la-parole-aux-rescapes\\\/\",\"url\":\"https:\\\/\\\/www.cc3rivieres76.com\\\/blog\\\/actus-francaises-pologne-commemoration-de-la-liberation-dauschwitz-la-parole-aux-rescapes\\\/\",\"name\":\"Actus fran\u00e7aises: Pologne: Comm\u00e9moration de la Lib\u00e9ration d'Auschwitz, La parole aux Rescap\u00e9s - CC3RIVIERES76\",\"isPartOf\":{\"@id\":\"https:\\\/\\\/www.cc3rivieres76.com\\\/blog\\\/#website\"},\"primaryImageOfPage\":{\"@id\":\"https:\\\/\\\/www.cc3rivieres76.com\\\/blog\\\/actus-francaises-pologne-commemoration-de-la-liberation-dauschwitz-la-parole-aux-rescapes\\\/#primaryimage\"},\"image\":{\"@id\":\"https:\\\/\\\/www.cc3rivieres76.com\\\/blog\\\/actus-francaises-pologne-commemoration-de-la-liberation-dauschwitz-la-parole-aux-rescapes\\\/#primaryimage\"},\"thumbnailUrl\":\"https:\\\/\\\/www.cc3rivieres76.com\\\/blog\\\/wp-content\\\/uploads\\\/2025\\\/01\\\/actus-francaises-pologne-commemoration-de-la-liberation-dauschwitz-la-parole-aux-rescapes.jpg\",\"datePublished\":\"2025-01-27T12:42:21+00:00\",\"breadcrumb\":{\"@id\":\"https:\\\/\\\/www.cc3rivieres76.com\\\/blog\\\/actus-francaises-pologne-commemoration-de-la-liberation-dauschwitz-la-parole-aux-rescapes\\\/#breadcrumb\"},\"inLanguage\":\"fr-FR\",\"potentialAction\":[{\"@type\":\"ReadAction\",\"target\":[\"https:\\\/\\\/www.cc3rivieres76.com\\\/blog\\\/actus-francaises-pologne-commemoration-de-la-liberation-dauschwitz-la-parole-aux-rescapes\\\/\"]}]},{\"@type\":\"ImageObject\",\"inLanguage\":\"fr-FR\",\"@id\":\"https:\\\/\\\/www.cc3rivieres76.com\\\/blog\\\/actus-francaises-pologne-commemoration-de-la-liberation-dauschwitz-la-parole-aux-rescapes\\\/#primaryimage\",\"url\":\"https:\\\/\\\/www.cc3rivieres76.com\\\/blog\\\/wp-content\\\/uploads\\\/2025\\\/01\\\/actus-francaises-pologne-commemoration-de-la-liberation-dauschwitz-la-parole-aux-rescapes.jpg\",\"contentUrl\":\"https:\\\/\\\/www.cc3rivieres76.com\\\/blog\\\/wp-content\\\/uploads\\\/2025\\\/01\\\/actus-francaises-pologne-commemoration-de-la-liberation-dauschwitz-la-parole-aux-rescapes.jpg\",\"width\":1024,\"height\":576,\"caption\":\"Actus fran\u00e7aises: Pologne: Comm\u00e9moration de la Lib\u00e9ration d'Auschwitz, La parole aux Rescap\u00e9s\"},{\"@type\":\"BreadcrumbList\",\"@id\":\"https:\\\/\\\/www.cc3rivieres76.com\\\/blog\\\/actus-francaises-pologne-commemoration-de-la-liberation-dauschwitz-la-parole-aux-rescapes\\\/#breadcrumb\",\"itemListElement\":[{\"@type\":\"ListItem\",\"position\":1,\"name\":\"Accueil\",\"item\":\"https:\\\/\\\/www.cc3rivieres76.com\\\/blog\\\/\"},{\"@type\":\"ListItem\",\"position\":2,\"name\":\"Actus fran\u00e7aises: Pologne: Comm\u00e9moration de la Lib\u00e9ration d&rsquo;Auschwitz, La parole aux Rescap\u00e9s\"}]},{\"@type\":\"WebSite\",\"@id\":\"https:\\\/\\\/www.cc3rivieres76.com\\\/blog\\\/#website\",\"url\":\"https:\\\/\\\/www.cc3rivieres76.com\\\/blog\\\/\",\"name\":\"CC3RIVIERES76\",\"description\":\"Les 3 rivi\u00e8res dans la Somme.\",\"publisher\":{\"@id\":\"https:\\\/\\\/www.cc3rivieres76.com\\\/blog\\\/#organization\"},\"potentialAction\":[{\"@type\":\"SearchAction\",\"target\":{\"@type\":\"EntryPoint\",\"urlTemplate\":\"https:\\\/\\\/www.cc3rivieres76.com\\\/blog\\\/?s={search_term_string}\"},\"query-input\":{\"@type\":\"PropertyValueSpecification\",\"valueRequired\":true,\"valueName\":\"search_term_string\"}}],\"inLanguage\":\"fr-FR\"},{\"@type\":\"Organization\",\"@id\":\"https:\\\/\\\/www.cc3rivieres76.com\\\/blog\\\/#organization\",\"name\":\"cc3rivieres76\",\"url\":\"https:\\\/\\\/www.cc3rivieres76.com\\\/blog\\\/\",\"logo\":{\"@type\":\"ImageObject\",\"inLanguage\":\"fr-FR\",\"@id\":\"https:\\\/\\\/www.cc3rivieres76.com\\\/blog\\\/#\\\/schema\\\/logo\\\/image\\\/\",\"url\":\"https:\\\/\\\/www.cc3rivieres76.com\\\/blog\\\/wp-content\\\/uploads\\\/2023\\\/06\\\/logo-2.png\",\"contentUrl\":\"https:\\\/\\\/www.cc3rivieres76.com\\\/blog\\\/wp-content\\\/uploads\\\/2023\\\/06\\\/logo-2.png\",\"width\":390,\"height\":388,\"caption\":\"cc3rivieres76\"},\"image\":{\"@id\":\"https:\\\/\\\/www.cc3rivieres76.com\\\/blog\\\/#\\\/schema\\\/logo\\\/image\\\/\"}},{\"@type\":\"Person\",\"@id\":\"https:\\\/\\\/www.cc3rivieres76.com\\\/blog\\\/#\\\/schema\\\/person\\\/474d457fb7747b5218f39792dfaa5a1c\",\"name\":\"Sylvie DE LAUZAINGHEIN\",\"image\":{\"@type\":\"ImageObject\",\"inLanguage\":\"fr-FR\",\"@id\":\"https:\\\/\\\/secure.gravatar.com\\\/avatar\\\/9c6a53b19e0a3431aa80de0895b9729fe665cd7e7d6cc94fc11abb152f4237d7?s=96&d=mm&r=g\",\"url\":\"https:\\\/\\\/secure.gravatar.com\\\/avatar\\\/9c6a53b19e0a3431aa80de0895b9729fe665cd7e7d6cc94fc11abb152f4237d7?s=96&d=mm&r=g\",\"contentUrl\":\"https:\\\/\\\/secure.gravatar.com\\\/avatar\\\/9c6a53b19e0a3431aa80de0895b9729fe665cd7e7d6cc94fc11abb152f4237d7?s=96&d=mm&r=g\",\"caption\":\"Sylvie DE LAUZAINGHEIN\"},\"url\":\"https:\\\/\\\/www.cc3rivieres76.com\\\/blog\\\/author\\\/s76sylvie\\\/\"}]}<\/script>\n<!-- \/ Yoast SEO plugin. -->","yoast_head_json":{"title":"Actus fran\u00e7aises: Pologne: Comm\u00e9moration de la Lib\u00e9ration d'Auschwitz, La parole aux Rescap\u00e9s - CC3RIVIERES76","robots":{"index":"index","follow":"follow","max-snippet":"max-snippet:-1","max-image-preview":"max-image-preview:large","max-video-preview":"max-video-preview:-1"},"canonical":"https:\/\/www.cc3rivieres76.com\/blog\/actus-francaises-pologne-commemoration-de-la-liberation-dauschwitz-la-parole-aux-rescapes\/","og_locale":"fr_FR","og_type":"article","og_title":"Actus fran\u00e7aises: Pologne: Comm\u00e9moration de la Lib\u00e9ration d'Auschwitz, La parole aux Rescap\u00e9s - CC3RIVIERES76","og_description":"En Pologne, Se d\u00e9roulent ce lundi 27 Janvier Les Comm\u00e9morations des 80 ans de la D\u00e9couverte des camps de concentration et d&rsquo;extermination par l&rsquo;arm\u00e9 Rouge. Une Cinantaine de Rescap\u00e9s Participe aux C\u00e9r\u00e9monies, Probablement Le Dernier anniversaire Auquel Ils pour la participateur Puisque la Plupart Sont Aujourd&rsquo;hui Centenaires. La C\u00e9r\u00e9monie Internationale Doit Comminer dans L&rsquo;APR\u00c8S-MIDI ET &hellip; Continuer la lecture \u00ab\u00a0Actus fran\u00e7aises: Pologne: Comm\u00e9moration de la Lib\u00e9ration d&rsquo;Auschwitz, La parole aux Rescap\u00e9s\u00a0\u00bb","og_url":"https:\/\/www.cc3rivieres76.com\/blog\/actus-francaises-pologne-commemoration-de-la-liberation-dauschwitz-la-parole-aux-rescapes\/","og_site_name":"CC3RIVIERES76","article_published_time":"2025-01-27T12:42:21+00:00","og_image":[{"url":"https:\/\/www.cc3rivieres76.com\/blog\/wp-content\/uploads\/2025\/01\/actus-francaises-pologne-commemoration-de-la-liberation-dauschwitz-la-parole-aux-rescapes.jpg","type":"","width":"","height":""}],"author":"Sylvie DE LAUZAINGHEIN","twitter_card":"summary_large_image","twitter_misc":{"\u00c9crit par":"Sylvie DE LAUZAINGHEIN","Dur\u00e9e de lecture estim\u00e9e":"1 minute"},"schema":{"@context":"https:\/\/schema.org","@graph":[{"@type":"Article","@id":"https:\/\/www.cc3rivieres76.com\/blog\/actus-francaises-pologne-commemoration-de-la-liberation-dauschwitz-la-parole-aux-rescapes\/#article","isPartOf":{"@id":"https:\/\/www.cc3rivieres76.com\/blog\/actus-francaises-pologne-commemoration-de-la-liberation-dauschwitz-la-parole-aux-rescapes\/"},"author":{"name":"Sylvie DE LAUZAINGHEIN","@id":"https:\/\/www.cc3rivieres76.com\/blog\/#\/schema\/person\/474d457fb7747b5218f39792dfaa5a1c"},"headline":"Actus fran\u00e7aises: Pologne: Comm\u00e9moration de la Lib\u00e9ration d&rsquo;Auschwitz, La parole aux Rescap\u00e9s","datePublished":"2025-01-27T12:42:21+00:00","mainEntityOfPage":{"@id":"https:\/\/www.cc3rivieres76.com\/blog\/actus-francaises-pologne-commemoration-de-la-liberation-dauschwitz-la-parole-aux-rescapes\/"},"wordCount":254,"publisher":{"@id":"https:\/\/www.cc3rivieres76.com\/blog\/#organization"},"image":{"@id":"https:\/\/www.cc3rivieres76.com\/blog\/actus-francaises-pologne-commemoration-de-la-liberation-dauschwitz-la-parole-aux-rescapes\/#primaryimage"},"thumbnailUrl":"https:\/\/www.cc3rivieres76.com\/blog\/wp-content\/uploads\/2025\/01\/actus-francaises-pologne-commemoration-de-la-liberation-dauschwitz-la-parole-aux-rescapes.jpg","articleSection":["Les 3 Rivi\u00e8res Dans La Somme:"],"inLanguage":"fr-FR"},{"@type":"WebPage","@id":"https:\/\/www.cc3rivieres76.com\/blog\/actus-francaises-pologne-commemoration-de-la-liberation-dauschwitz-la-parole-aux-rescapes\/","url":"https:\/\/www.cc3rivieres76.com\/blog\/actus-francaises-pologne-commemoration-de-la-liberation-dauschwitz-la-parole-aux-rescapes\/","name":"Actus fran\u00e7aises: Pologne: Comm\u00e9moration de la Lib\u00e9ration d'Auschwitz, La parole aux Rescap\u00e9s - CC3RIVIERES76","isPartOf":{"@id":"https:\/\/www.cc3rivieres76.com\/blog\/#website"},"primaryImageOfPage":{"@id":"https:\/\/www.cc3rivieres76.com\/blog\/actus-francaises-pologne-commemoration-de-la-liberation-dauschwitz-la-parole-aux-rescapes\/#primaryimage"},"image":{"@id":"https:\/\/www.cc3rivieres76.com\/blog\/actus-francaises-pologne-commemoration-de-la-liberation-dauschwitz-la-parole-aux-rescapes\/#primaryimage"},"thumbnailUrl":"https:\/\/www.cc3rivieres76.com\/blog\/wp-content\/uploads\/2025\/01\/actus-francaises-pologne-commemoration-de-la-liberation-dauschwitz-la-parole-aux-rescapes.jpg","datePublished":"2025-01-27T12:42:21+00:00","breadcrumb":{"@id":"https:\/\/www.cc3rivieres76.com\/blog\/actus-francaises-pologne-commemoration-de-la-liberation-dauschwitz-la-parole-aux-rescapes\/#breadcrumb"},"inLanguage":"fr-FR","potentialAction":[{"@type":"ReadAction","target":["https:\/\/www.cc3rivieres76.com\/blog\/actus-francaises-pologne-commemoration-de-la-liberation-dauschwitz-la-parole-aux-rescapes\/"]}]},{"@type":"ImageObject","inLanguage":"fr-FR","@id":"https:\/\/www.cc3rivieres76.com\/blog\/actus-francaises-pologne-commemoration-de-la-liberation-dauschwitz-la-parole-aux-rescapes\/#primaryimage","url":"https:\/\/www.cc3rivieres76.com\/blog\/wp-content\/uploads\/2025\/01\/actus-francaises-pologne-commemoration-de-la-liberation-dauschwitz-la-parole-aux-rescapes.jpg","contentUrl":"https:\/\/www.cc3rivieres76.com\/blog\/wp-content\/uploads\/2025\/01\/actus-francaises-pologne-commemoration-de-la-liberation-dauschwitz-la-parole-aux-rescapes.jpg","width":1024,"height":576,"caption":"Actus fran\u00e7aises: Pologne: Comm\u00e9moration de la Lib\u00e9ration d'Auschwitz, La parole aux Rescap\u00e9s"},{"@type":"BreadcrumbList","@id":"https:\/\/www.cc3rivieres76.com\/blog\/actus-francaises-pologne-commemoration-de-la-liberation-dauschwitz-la-parole-aux-rescapes\/#breadcrumb","itemListElement":[{"@type":"ListItem","position":1,"name":"Accueil","item":"https:\/\/www.cc3rivieres76.com\/blog\/"},{"@type":"ListItem","position":2,"name":"Actus fran\u00e7aises: Pologne: Comm\u00e9moration de la Lib\u00e9ration d&rsquo;Auschwitz, La parole aux Rescap\u00e9s"}]},{"@type":"WebSite","@id":"https:\/\/www.cc3rivieres76.com\/blog\/#website","url":"https:\/\/www.cc3rivieres76.com\/blog\/","name":"CC3RIVIERES76","description":"Les 3 rivi\u00e8res dans la Somme.","publisher":{"@id":"https:\/\/www.cc3rivieres76.com\/blog\/#organization"},"potentialAction":[{"@type":"SearchAction","target":{"@type":"EntryPoint","urlTemplate":"https:\/\/www.cc3rivieres76.com\/blog\/?s={search_term_string}"},"query-input":{"@type":"PropertyValueSpecification","valueRequired":true,"valueName":"search_term_string"}}],"inLanguage":"fr-FR"},{"@type":"Organization","@id":"https:\/\/www.cc3rivieres76.com\/blog\/#organization","name":"cc3rivieres76","url":"https:\/\/www.cc3rivieres76.com\/blog\/","logo":{"@type":"ImageObject","inLanguage":"fr-FR","@id":"https:\/\/www.cc3rivieres76.com\/blog\/#\/schema\/logo\/image\/","url":"https:\/\/www.cc3rivieres76.com\/blog\/wp-content\/uploads\/2023\/06\/logo-2.png","contentUrl":"https:\/\/www.cc3rivieres76.com\/blog\/wp-content\/uploads\/2023\/06\/logo-2.png","width":390,"height":388,"caption":"cc3rivieres76"},"image":{"@id":"https:\/\/www.cc3rivieres76.com\/blog\/#\/schema\/logo\/image\/"}},{"@type":"Person","@id":"https:\/\/www.cc3rivieres76.com\/blog\/#\/schema\/person\/474d457fb7747b5218f39792dfaa5a1c","name":"Sylvie DE LAUZAINGHEIN","image":{"@type":"ImageObject","inLanguage":"fr-FR","@id":"https:\/\/secure.gravatar.com\/avatar\/9c6a53b19e0a3431aa80de0895b9729fe665cd7e7d6cc94fc11abb152f4237d7?s=96&d=mm&r=g","url":"https:\/\/secure.gravatar.com\/avatar\/9c6a53b19e0a3431aa80de0895b9729fe665cd7e7d6cc94fc11abb152f4237d7?s=96&d=mm&r=g","contentUrl":"https:\/\/secure.gravatar.com\/avatar\/9c6a53b19e0a3431aa80de0895b9729fe665cd7e7d6cc94fc11abb152f4237d7?s=96&d=mm&r=g","caption":"Sylvie DE LAUZAINGHEIN"},"url":"https:\/\/www.cc3rivieres76.com\/blog\/author\/s76sylvie\/"}]}},"_links":{"self":[{"href":"https:\/\/www.cc3rivieres76.com\/blog\/wp-json\/wp\/v2\/posts\/531","targetHints":{"allow":["GET"]}}],"collection":[{"href":"https:\/\/www.cc3rivieres76.com\/blog\/wp-json\/wp\/v2\/posts"}],"about":[{"href":"https:\/\/www.cc3rivieres76.com\/blog\/wp-json\/wp\/v2\/types\/post"}],"author":[{"embeddable":true,"href":"https:\/\/www.cc3rivieres76.com\/blog\/wp-json\/wp\/v2\/users\/3"}],"replies":[{"embeddable":true,"href":"https:\/\/www.cc3rivieres76.com\/blog\/wp-json\/wp\/v2\/comments?post=531"}],"version-history":[{"count":0,"href":"https:\/\/www.cc3rivieres76.com\/blog\/wp-json\/wp\/v2\/posts\/531\/revisions"}],"wp:featuredmedia":[{"embeddable":true,"href":"https:\/\/www.cc3rivieres76.com\/blog\/wp-json\/wp\/v2\/media\/532"}],"wp:attachment":[{"href":"https:\/\/www.cc3rivieres76.com\/blog\/wp-json\/wp\/v2\/media?parent=531"}],"wp:term":[{"taxonomy":"category","embeddable":true,"href":"https:\/\/www.cc3rivieres76.com\/blog\/wp-json\/wp\/v2\/categories?post=531"},{"taxonomy":"post_tag","embeddable":true,"href":"https:\/\/www.cc3rivieres76.com\/blog\/wp-json\/wp\/v2\/tags?post=531"}],"curies":[{"name":"wp","href":"https:\/\/api.w.org\/{rel}","templated":true}]}}