{"id":535,"date":"2025-01-30T13:53:47","date_gmt":"2025-01-30T12:53:47","guid":{"rendered":"https:\/\/www.site.cdcl.xyz\/2025\/01\/30\/infos-france-le-cyclisme-sapprete-a-banir-lutilisation-de-monoxyde-de-carbone\/"},"modified":"2025-01-30T13:53:47","modified_gmt":"2025-01-30T12:53:47","slug":"infos-france-le-cyclisme-sapprete-a-banir-lutilisation-de-monoxyde-de-carbone","status":"publish","type":"post","link":"https:\/\/www.cc3rivieres76.com\/blog\/infos-france-le-cyclisme-sapprete-a-banir-lutilisation-de-monoxyde-de-carbone\/","title":{"rendered":"Infos france: Le cyclisme S&rsquo;Appr\u00eate \u00e0 Banir L&rsquo;utilisation de Monoxyde de Carbone"},"content":{"rendered":"\n<p><img decoding=\"async\" src=\"https:\/\/www.cc3rivieres76.com\/blog\/wp-content\/uploads\/2025\/01\/infos-france-le-cyclisme-sapprete-a-banir-lutilisation-de-monoxyde-de-carbone.jpg\"><br \/>L&rsquo;Union Cycliste Internationale (UCI) S&rsquo;Appr\u00eate \u00e0 Interdire L&rsquo;Usage du Monoxyde de Carbone \u00e0 l&rsquo;occasion de Son comit\u00e9 Directeur Qui se r\u00e9unnit Vendredi 31 Janvier et Samedi 1er F\u00e9vrier \u00e0 Arras, en marge des monnions de cyclo-cross. Comme Cela a \u00e9t\u00e9 le cas dans le pass\u00e9 avec, par exemple, le tramadol, L&rsquo;Uci Prend les Devants pour Bannir, au Moins dans sa version potentilement detourne, une methode qui reste e stade autoris\u00e9 ) Mais qui Agite le Monde du V\u00e9lo. La controverse est n\u00e9e lors duriers tour de france aptr\u00e8s la publication d&rsquo;article du M\u00e9dia Sp\u00e9cialis\u00e9 Escape Collective Indiquant Qu&rsquo;au Moins Trois \u00c9quipes, Don&rsquo;t Uae de Tadej Pogacar et Visma de Jonas Vingegaard, AVAIENT EU Recouour Carbone. Cet Appareil Permet de Mesurer La Masse Totale d&rsquo;H\u00e9moglobine et, par extension, Les bienfaits des entroiments en altitude sur l&rsquo;organisme. Interroges par la presse Pendant le Tour, Vingegaard et Pogacar en avaitant rennum utilisation, let en d\u00e9coratisant L&rsquo;affaire. \u00abIl n&rsquo;y a Rien de Suspiceux\u00bb, Avait Assur\u00e9 le Premier, insistant sur le fait que le Proc\u00e9d\u00e9 Servait Unilement \u00e0 Mesurer le Volume Sanguin. \u00abSur les sufffle dans le pendentif ballon un peu de pas de test non test\u00e9 \u00e0 la foire \u00e0 deux semines d&rsquo;intercalle. J&rsquo;Aai Seulement Fait la Premi\u00e8re Partie voiture pour la deuxi\u00e8me, La Fille Qui Devait le Faire N&rsquo;EST JAMAIS. Ce n&rsquo;est pas comme si sur le respirait \u00e7a tous lesrirs \u00bb, avait ajout\u00e9 pogacar.<\/p>\n<p>Parutions sur le m\u00eame th\u00e8me:<\/p>\n<p>L\u2019 Atome et la France.,<a href=\"https:\/\/www.kobo.com\/fr\/fr\/ebook\/l-atome-et-la-france\" target=\"_blank\" rel=\"noopener noreferrer nofollow\">Fiche de l\u2019\u00e9diteur<\/a><span><\/span>.<\/p>\n<p>La lib\u00e9ration de la France, l\u2019Indochine: Souvenirs de guerre d\u2019un 2e classe \u2013 1941-1947.,<a href=\"https:\/\/www.kobo.com\/fr\/fr\/ebook\/la-liberation-de-la-france-l-indochine-souvenirs-de-guerre-d-un-2e-classe-1941-1947\" target=\"_blank\" rel=\"noopener noreferrer nofollow\">Lien sur la description <\/a><span><\/span>.<\/p>\n<p> Cet article, qui traite du th\u00e8me \u00ab\u00a0Les 3 rivi\u00e8res dans la Somme\u00a0\u00bb, vous est sp\u00e9cialement sugg\u00e9r\u00e9 par cc3rivieres76.com. La chronique est reproduite du mieux possible. Dans le cas o\u00f9 vous souhaitez apporter quelques pr\u00e9cisions concernant le domaine de \u00ab\u00a0Les 3 rivi\u00e8res dans la Somme\u00a0\u00bb vous pouvez solliciter notre r\u00e9daction. La destination de cc3rivieres76.com est de d\u00e9battre de Les 3 rivi\u00e8res dans la Somme dans la transparence en vous apportant la connaissance de tout ce qui est en lien avec ce sujet sur la toile Connectez-vous sur notre site cc3rivieres76.com et nos r\u00e9seaux sociaux dans le but d\u2019\u00eatre inform\u00e9 des futures publications.<\/p>\n","protected":false},"excerpt":{"rendered":"<p>L&rsquo;Union Cycliste Internationale (UCI) S&rsquo;Appr\u00eate \u00e0 Interdire L&rsquo;Usage du Monoxyde de Carbone \u00e0 l&rsquo;occasion de Son comit\u00e9 Directeur Qui se r\u00e9unnit Vendredi 31 Janvier et Samedi 1er F\u00e9vrier \u00e0 Arras, en marge des monnions de cyclo-cross. Comme Cela a \u00e9t\u00e9 le cas dans le pass\u00e9 avec, par exemple, le tramadol, L&rsquo;Uci Prend les Devants pour &hellip; <\/p>\n<p class=\"link-more\"><a href=\"https:\/\/www.cc3rivieres76.com\/blog\/infos-france-le-cyclisme-sapprete-a-banir-lutilisation-de-monoxyde-de-carbone\/\" class=\"more-link\">Continuer la lecture <span class=\"screen-reader-text\"> \u00ab\u00a0Infos france: Le cyclisme S&rsquo;Appr\u00eate \u00e0 Banir L&rsquo;utilisation de Monoxyde de Carbone\u00a0\u00bb<\/span><\/a><\/p>\n","protected":false},"author":3,"featured_media":536,"comment_status":"closed","ping_status":"closed","sticky":false,"template":"","format":"standard","meta":{"footnotes":""},"categories":[2],"tags":[],"class_list":["post-535","post","type-post","status-publish","format-standard","has-post-thumbnail","hentry","category-les-3-rivieres-dans-la-somme","entry"],"yoast_head":"<!-- This site is optimized with the Yoast SEO plugin v27.5 - https:\/\/yoast.com\/product\/yoast-seo-wordpress\/ -->\n<title>Infos france: Le cyclisme S&#039;Appr\u00eate \u00e0 Banir L&#039;utilisation de Monoxyde de Carbone - CC3RIVIERES76<\/title>\n<meta name=\"robots\" content=\"index, follow, max-snippet:-1, max-image-preview:large, max-video-preview:-1\" \/>\n<link rel=\"canonical\" href=\"https:\/\/www.cc3rivieres76.com\/blog\/infos-france-le-cyclisme-sapprete-a-banir-lutilisation-de-monoxyde-de-carbone\/\" \/>\n<meta property=\"og:locale\" content=\"fr_FR\" \/>\n<meta property=\"og:type\" content=\"article\" \/>\n<meta property=\"og:title\" content=\"Infos france: Le cyclisme S&#039;Appr\u00eate \u00e0 Banir L&#039;utilisation de Monoxyde de Carbone - CC3RIVIERES76\" \/>\n<meta property=\"og:description\" content=\"L&rsquo;Union Cycliste Internationale (UCI) S&rsquo;Appr\u00eate \u00e0 Interdire L&rsquo;Usage du Monoxyde de Carbone \u00e0 l&rsquo;occasion de Son comit\u00e9 Directeur Qui se r\u00e9unnit Vendredi 31 Janvier et Samedi 1er F\u00e9vrier \u00e0 Arras, en marge des monnions de cyclo-cross. Comme Cela a \u00e9t\u00e9 le cas dans le pass\u00e9 avec, par exemple, le tramadol, L&rsquo;Uci Prend les Devants pour &hellip; Continuer la lecture \u00ab\u00a0Infos france: Le cyclisme S&rsquo;Appr\u00eate \u00e0 Banir L&rsquo;utilisation de Monoxyde de Carbone\u00a0\u00bb\" \/>\n<meta property=\"og:url\" content=\"https:\/\/www.cc3rivieres76.com\/blog\/infos-france-le-cyclisme-sapprete-a-banir-lutilisation-de-monoxyde-de-carbone\/\" \/>\n<meta property=\"og:site_name\" content=\"CC3RIVIERES76\" \/>\n<meta property=\"article:published_time\" content=\"2025-01-30T12:53:47+00:00\" \/>\n<meta property=\"og:image\" content=\"https:\/\/www.cc3rivieres76.com\/blog\/wp-content\/uploads\/2025\/01\/infos-france-le-cyclisme-sapprete-a-banir-lutilisation-de-monoxyde-de-carbone.jpg\" \/>\n<meta name=\"author\" content=\"Sylvie DE LAUZAINGHEIN\" \/>\n<meta name=\"twitter:card\" content=\"summary_large_image\" \/>\n<meta name=\"twitter:label1\" content=\"\u00c9crit par\" \/>\n\t<meta name=\"twitter:data1\" content=\"Sylvie DE LAUZAINGHEIN\" \/>\n\t<meta name=\"twitter:label2\" content=\"Dur\u00e9e de lecture estim\u00e9e\" \/>\n\t<meta name=\"twitter:data2\" content=\"2 minutes\" \/>\n<script type=\"application\/ld+json\" class=\"yoast-schema-graph\">{\"@context\":\"https:\\\/\\\/schema.org\",\"@graph\":[{\"@type\":\"Article\",\"@id\":\"https:\\\/\\\/www.cc3rivieres76.com\\\/blog\\\/infos-france-le-cyclisme-sapprete-a-banir-lutilisation-de-monoxyde-de-carbone\\\/#article\",\"isPartOf\":{\"@id\":\"https:\\\/\\\/www.cc3rivieres76.com\\\/blog\\\/infos-france-le-cyclisme-sapprete-a-banir-lutilisation-de-monoxyde-de-carbone\\\/\"},\"author\":{\"name\":\"Sylvie DE LAUZAINGHEIN\",\"@id\":\"https:\\\/\\\/www.cc3rivieres76.com\\\/blog\\\/#\\\/schema\\\/person\\\/474d457fb7747b5218f39792dfaa5a1c\"},\"headline\":\"Infos france: Le cyclisme S&rsquo;Appr\u00eate \u00e0 Banir L&rsquo;utilisation de Monoxyde de Carbone\",\"datePublished\":\"2025-01-30T12:53:47+00:00\",\"mainEntityOfPage\":{\"@id\":\"https:\\\/\\\/www.cc3rivieres76.com\\\/blog\\\/infos-france-le-cyclisme-sapprete-a-banir-lutilisation-de-monoxyde-de-carbone\\\/\"},\"wordCount\":417,\"publisher\":{\"@id\":\"https:\\\/\\\/www.cc3rivieres76.com\\\/blog\\\/#organization\"},\"image\":{\"@id\":\"https:\\\/\\\/www.cc3rivieres76.com\\\/blog\\\/infos-france-le-cyclisme-sapprete-a-banir-lutilisation-de-monoxyde-de-carbone\\\/#primaryimage\"},\"thumbnailUrl\":\"https:\\\/\\\/www.cc3rivieres76.com\\\/blog\\\/wp-content\\\/uploads\\\/2025\\\/01\\\/infos-france-le-cyclisme-sapprete-a-banir-lutilisation-de-monoxyde-de-carbone.jpg\",\"articleSection\":[\"Les 3 Rivi\u00e8res Dans La Somme:\"],\"inLanguage\":\"fr-FR\"},{\"@type\":\"WebPage\",\"@id\":\"https:\\\/\\\/www.cc3rivieres76.com\\\/blog\\\/infos-france-le-cyclisme-sapprete-a-banir-lutilisation-de-monoxyde-de-carbone\\\/\",\"url\":\"https:\\\/\\\/www.cc3rivieres76.com\\\/blog\\\/infos-france-le-cyclisme-sapprete-a-banir-lutilisation-de-monoxyde-de-carbone\\\/\",\"name\":\"Infos france: Le cyclisme S'Appr\u00eate \u00e0 Banir L'utilisation de Monoxyde de Carbone - CC3RIVIERES76\",\"isPartOf\":{\"@id\":\"https:\\\/\\\/www.cc3rivieres76.com\\\/blog\\\/#website\"},\"primaryImageOfPage\":{\"@id\":\"https:\\\/\\\/www.cc3rivieres76.com\\\/blog\\\/infos-france-le-cyclisme-sapprete-a-banir-lutilisation-de-monoxyde-de-carbone\\\/#primaryimage\"},\"image\":{\"@id\":\"https:\\\/\\\/www.cc3rivieres76.com\\\/blog\\\/infos-france-le-cyclisme-sapprete-a-banir-lutilisation-de-monoxyde-de-carbone\\\/#primaryimage\"},\"thumbnailUrl\":\"https:\\\/\\\/www.cc3rivieres76.com\\\/blog\\\/wp-content\\\/uploads\\\/2025\\\/01\\\/infos-france-le-cyclisme-sapprete-a-banir-lutilisation-de-monoxyde-de-carbone.jpg\",\"datePublished\":\"2025-01-30T12:53:47+00:00\",\"breadcrumb\":{\"@id\":\"https:\\\/\\\/www.cc3rivieres76.com\\\/blog\\\/infos-france-le-cyclisme-sapprete-a-banir-lutilisation-de-monoxyde-de-carbone\\\/#breadcrumb\"},\"inLanguage\":\"fr-FR\",\"potentialAction\":[{\"@type\":\"ReadAction\",\"target\":[\"https:\\\/\\\/www.cc3rivieres76.com\\\/blog\\\/infos-france-le-cyclisme-sapprete-a-banir-lutilisation-de-monoxyde-de-carbone\\\/\"]}]},{\"@type\":\"ImageObject\",\"inLanguage\":\"fr-FR\",\"@id\":\"https:\\\/\\\/www.cc3rivieres76.com\\\/blog\\\/infos-france-le-cyclisme-sapprete-a-banir-lutilisation-de-monoxyde-de-carbone\\\/#primaryimage\",\"url\":\"https:\\\/\\\/www.cc3rivieres76.com\\\/blog\\\/wp-content\\\/uploads\\\/2025\\\/01\\\/infos-france-le-cyclisme-sapprete-a-banir-lutilisation-de-monoxyde-de-carbone.jpg\",\"contentUrl\":\"https:\\\/\\\/www.cc3rivieres76.com\\\/blog\\\/wp-content\\\/uploads\\\/2025\\\/01\\\/infos-france-le-cyclisme-sapprete-a-banir-lutilisation-de-monoxyde-de-carbone.jpg\",\"width\":1024,\"height\":576,\"caption\":\"Infos france: Le cyclisme S'Appr\u00eate \u00e0 Banir L'utilisation de Monoxyde de Carbone\"},{\"@type\":\"BreadcrumbList\",\"@id\":\"https:\\\/\\\/www.cc3rivieres76.com\\\/blog\\\/infos-france-le-cyclisme-sapprete-a-banir-lutilisation-de-monoxyde-de-carbone\\\/#breadcrumb\",\"itemListElement\":[{\"@type\":\"ListItem\",\"position\":1,\"name\":\"Accueil\",\"item\":\"https:\\\/\\\/www.cc3rivieres76.com\\\/blog\\\/\"},{\"@type\":\"ListItem\",\"position\":2,\"name\":\"Infos france: Le cyclisme S&rsquo;Appr\u00eate \u00e0 Banir L&rsquo;utilisation de Monoxyde de Carbone\"}]},{\"@type\":\"WebSite\",\"@id\":\"https:\\\/\\\/www.cc3rivieres76.com\\\/blog\\\/#website\",\"url\":\"https:\\\/\\\/www.cc3rivieres76.com\\\/blog\\\/\",\"name\":\"CC3RIVIERES76\",\"description\":\"Les 3 rivi\u00e8res dans la Somme.\",\"publisher\":{\"@id\":\"https:\\\/\\\/www.cc3rivieres76.com\\\/blog\\\/#organization\"},\"potentialAction\":[{\"@type\":\"SearchAction\",\"target\":{\"@type\":\"EntryPoint\",\"urlTemplate\":\"https:\\\/\\\/www.cc3rivieres76.com\\\/blog\\\/?s={search_term_string}\"},\"query-input\":{\"@type\":\"PropertyValueSpecification\",\"valueRequired\":true,\"valueName\":\"search_term_string\"}}],\"inLanguage\":\"fr-FR\"},{\"@type\":\"Organization\",\"@id\":\"https:\\\/\\\/www.cc3rivieres76.com\\\/blog\\\/#organization\",\"name\":\"cc3rivieres76\",\"url\":\"https:\\\/\\\/www.cc3rivieres76.com\\\/blog\\\/\",\"logo\":{\"@type\":\"ImageObject\",\"inLanguage\":\"fr-FR\",\"@id\":\"https:\\\/\\\/www.cc3rivieres76.com\\\/blog\\\/#\\\/schema\\\/logo\\\/image\\\/\",\"url\":\"https:\\\/\\\/www.cc3rivieres76.com\\\/blog\\\/wp-content\\\/uploads\\\/2023\\\/06\\\/logo-2.png\",\"contentUrl\":\"https:\\\/\\\/www.cc3rivieres76.com\\\/blog\\\/wp-content\\\/uploads\\\/2023\\\/06\\\/logo-2.png\",\"width\":390,\"height\":388,\"caption\":\"cc3rivieres76\"},\"image\":{\"@id\":\"https:\\\/\\\/www.cc3rivieres76.com\\\/blog\\\/#\\\/schema\\\/logo\\\/image\\\/\"}},{\"@type\":\"Person\",\"@id\":\"https:\\\/\\\/www.cc3rivieres76.com\\\/blog\\\/#\\\/schema\\\/person\\\/474d457fb7747b5218f39792dfaa5a1c\",\"name\":\"Sylvie DE LAUZAINGHEIN\",\"image\":{\"@type\":\"ImageObject\",\"inLanguage\":\"fr-FR\",\"@id\":\"https:\\\/\\\/secure.gravatar.com\\\/avatar\\\/9c6a53b19e0a3431aa80de0895b9729fe665cd7e7d6cc94fc11abb152f4237d7?s=96&d=mm&r=g\",\"url\":\"https:\\\/\\\/secure.gravatar.com\\\/avatar\\\/9c6a53b19e0a3431aa80de0895b9729fe665cd7e7d6cc94fc11abb152f4237d7?s=96&d=mm&r=g\",\"contentUrl\":\"https:\\\/\\\/secure.gravatar.com\\\/avatar\\\/9c6a53b19e0a3431aa80de0895b9729fe665cd7e7d6cc94fc11abb152f4237d7?s=96&d=mm&r=g\",\"caption\":\"Sylvie DE LAUZAINGHEIN\"},\"url\":\"https:\\\/\\\/www.cc3rivieres76.com\\\/blog\\\/author\\\/s76sylvie\\\/\"}]}<\/script>\n<!-- \/ Yoast SEO plugin. -->","yoast_head_json":{"title":"Infos france: Le cyclisme S'Appr\u00eate \u00e0 Banir L'utilisation de Monoxyde de Carbone - CC3RIVIERES76","robots":{"index":"index","follow":"follow","max-snippet":"max-snippet:-1","max-image-preview":"max-image-preview:large","max-video-preview":"max-video-preview:-1"},"canonical":"https:\/\/www.cc3rivieres76.com\/blog\/infos-france-le-cyclisme-sapprete-a-banir-lutilisation-de-monoxyde-de-carbone\/","og_locale":"fr_FR","og_type":"article","og_title":"Infos france: Le cyclisme S'Appr\u00eate \u00e0 Banir L'utilisation de Monoxyde de Carbone - CC3RIVIERES76","og_description":"L&rsquo;Union Cycliste Internationale (UCI) S&rsquo;Appr\u00eate \u00e0 Interdire L&rsquo;Usage du Monoxyde de Carbone \u00e0 l&rsquo;occasion de Son comit\u00e9 Directeur Qui se r\u00e9unnit Vendredi 31 Janvier et Samedi 1er F\u00e9vrier \u00e0 Arras, en marge des monnions de cyclo-cross. Comme Cela a \u00e9t\u00e9 le cas dans le pass\u00e9 avec, par exemple, le tramadol, L&rsquo;Uci Prend les Devants pour &hellip; Continuer la lecture \u00ab\u00a0Infos france: Le cyclisme S&rsquo;Appr\u00eate \u00e0 Banir L&rsquo;utilisation de Monoxyde de Carbone\u00a0\u00bb","og_url":"https:\/\/www.cc3rivieres76.com\/blog\/infos-france-le-cyclisme-sapprete-a-banir-lutilisation-de-monoxyde-de-carbone\/","og_site_name":"CC3RIVIERES76","article_published_time":"2025-01-30T12:53:47+00:00","og_image":[{"url":"https:\/\/www.cc3rivieres76.com\/blog\/wp-content\/uploads\/2025\/01\/infos-france-le-cyclisme-sapprete-a-banir-lutilisation-de-monoxyde-de-carbone.jpg","type":"","width":"","height":""}],"author":"Sylvie DE LAUZAINGHEIN","twitter_card":"summary_large_image","twitter_misc":{"\u00c9crit par":"Sylvie DE LAUZAINGHEIN","Dur\u00e9e de lecture estim\u00e9e":"2 minutes"},"schema":{"@context":"https:\/\/schema.org","@graph":[{"@type":"Article","@id":"https:\/\/www.cc3rivieres76.com\/blog\/infos-france-le-cyclisme-sapprete-a-banir-lutilisation-de-monoxyde-de-carbone\/#article","isPartOf":{"@id":"https:\/\/www.cc3rivieres76.com\/blog\/infos-france-le-cyclisme-sapprete-a-banir-lutilisation-de-monoxyde-de-carbone\/"},"author":{"name":"Sylvie DE LAUZAINGHEIN","@id":"https:\/\/www.cc3rivieres76.com\/blog\/#\/schema\/person\/474d457fb7747b5218f39792dfaa5a1c"},"headline":"Infos france: Le cyclisme S&rsquo;Appr\u00eate \u00e0 Banir L&rsquo;utilisation de Monoxyde de Carbone","datePublished":"2025-01-30T12:53:47+00:00","mainEntityOfPage":{"@id":"https:\/\/www.cc3rivieres76.com\/blog\/infos-france-le-cyclisme-sapprete-a-banir-lutilisation-de-monoxyde-de-carbone\/"},"wordCount":417,"publisher":{"@id":"https:\/\/www.cc3rivieres76.com\/blog\/#organization"},"image":{"@id":"https:\/\/www.cc3rivieres76.com\/blog\/infos-france-le-cyclisme-sapprete-a-banir-lutilisation-de-monoxyde-de-carbone\/#primaryimage"},"thumbnailUrl":"https:\/\/www.cc3rivieres76.com\/blog\/wp-content\/uploads\/2025\/01\/infos-france-le-cyclisme-sapprete-a-banir-lutilisation-de-monoxyde-de-carbone.jpg","articleSection":["Les 3 Rivi\u00e8res Dans La Somme:"],"inLanguage":"fr-FR"},{"@type":"WebPage","@id":"https:\/\/www.cc3rivieres76.com\/blog\/infos-france-le-cyclisme-sapprete-a-banir-lutilisation-de-monoxyde-de-carbone\/","url":"https:\/\/www.cc3rivieres76.com\/blog\/infos-france-le-cyclisme-sapprete-a-banir-lutilisation-de-monoxyde-de-carbone\/","name":"Infos france: Le cyclisme S'Appr\u00eate \u00e0 Banir L'utilisation de Monoxyde de Carbone - CC3RIVIERES76","isPartOf":{"@id":"https:\/\/www.cc3rivieres76.com\/blog\/#website"},"primaryImageOfPage":{"@id":"https:\/\/www.cc3rivieres76.com\/blog\/infos-france-le-cyclisme-sapprete-a-banir-lutilisation-de-monoxyde-de-carbone\/#primaryimage"},"image":{"@id":"https:\/\/www.cc3rivieres76.com\/blog\/infos-france-le-cyclisme-sapprete-a-banir-lutilisation-de-monoxyde-de-carbone\/#primaryimage"},"thumbnailUrl":"https:\/\/www.cc3rivieres76.com\/blog\/wp-content\/uploads\/2025\/01\/infos-france-le-cyclisme-sapprete-a-banir-lutilisation-de-monoxyde-de-carbone.jpg","datePublished":"2025-01-30T12:53:47+00:00","breadcrumb":{"@id":"https:\/\/www.cc3rivieres76.com\/blog\/infos-france-le-cyclisme-sapprete-a-banir-lutilisation-de-monoxyde-de-carbone\/#breadcrumb"},"inLanguage":"fr-FR","potentialAction":[{"@type":"ReadAction","target":["https:\/\/www.cc3rivieres76.com\/blog\/infos-france-le-cyclisme-sapprete-a-banir-lutilisation-de-monoxyde-de-carbone\/"]}]},{"@type":"ImageObject","inLanguage":"fr-FR","@id":"https:\/\/www.cc3rivieres76.com\/blog\/infos-france-le-cyclisme-sapprete-a-banir-lutilisation-de-monoxyde-de-carbone\/#primaryimage","url":"https:\/\/www.cc3rivieres76.com\/blog\/wp-content\/uploads\/2025\/01\/infos-france-le-cyclisme-sapprete-a-banir-lutilisation-de-monoxyde-de-carbone.jpg","contentUrl":"https:\/\/www.cc3rivieres76.com\/blog\/wp-content\/uploads\/2025\/01\/infos-france-le-cyclisme-sapprete-a-banir-lutilisation-de-monoxyde-de-carbone.jpg","width":1024,"height":576,"caption":"Infos france: Le cyclisme S'Appr\u00eate \u00e0 Banir L'utilisation de Monoxyde de Carbone"},{"@type":"BreadcrumbList","@id":"https:\/\/www.cc3rivieres76.com\/blog\/infos-france-le-cyclisme-sapprete-a-banir-lutilisation-de-monoxyde-de-carbone\/#breadcrumb","itemListElement":[{"@type":"ListItem","position":1,"name":"Accueil","item":"https:\/\/www.cc3rivieres76.com\/blog\/"},{"@type":"ListItem","position":2,"name":"Infos france: Le cyclisme S&rsquo;Appr\u00eate \u00e0 Banir L&rsquo;utilisation de Monoxyde de Carbone"}]},{"@type":"WebSite","@id":"https:\/\/www.cc3rivieres76.com\/blog\/#website","url":"https:\/\/www.cc3rivieres76.com\/blog\/","name":"CC3RIVIERES76","description":"Les 3 rivi\u00e8res dans la Somme.","publisher":{"@id":"https:\/\/www.cc3rivieres76.com\/blog\/#organization"},"potentialAction":[{"@type":"SearchAction","target":{"@type":"EntryPoint","urlTemplate":"https:\/\/www.cc3rivieres76.com\/blog\/?s={search_term_string}"},"query-input":{"@type":"PropertyValueSpecification","valueRequired":true,"valueName":"search_term_string"}}],"inLanguage":"fr-FR"},{"@type":"Organization","@id":"https:\/\/www.cc3rivieres76.com\/blog\/#organization","name":"cc3rivieres76","url":"https:\/\/www.cc3rivieres76.com\/blog\/","logo":{"@type":"ImageObject","inLanguage":"fr-FR","@id":"https:\/\/www.cc3rivieres76.com\/blog\/#\/schema\/logo\/image\/","url":"https:\/\/www.cc3rivieres76.com\/blog\/wp-content\/uploads\/2023\/06\/logo-2.png","contentUrl":"https:\/\/www.cc3rivieres76.com\/blog\/wp-content\/uploads\/2023\/06\/logo-2.png","width":390,"height":388,"caption":"cc3rivieres76"},"image":{"@id":"https:\/\/www.cc3rivieres76.com\/blog\/#\/schema\/logo\/image\/"}},{"@type":"Person","@id":"https:\/\/www.cc3rivieres76.com\/blog\/#\/schema\/person\/474d457fb7747b5218f39792dfaa5a1c","name":"Sylvie DE LAUZAINGHEIN","image":{"@type":"ImageObject","inLanguage":"fr-FR","@id":"https:\/\/secure.gravatar.com\/avatar\/9c6a53b19e0a3431aa80de0895b9729fe665cd7e7d6cc94fc11abb152f4237d7?s=96&d=mm&r=g","url":"https:\/\/secure.gravatar.com\/avatar\/9c6a53b19e0a3431aa80de0895b9729fe665cd7e7d6cc94fc11abb152f4237d7?s=96&d=mm&r=g","contentUrl":"https:\/\/secure.gravatar.com\/avatar\/9c6a53b19e0a3431aa80de0895b9729fe665cd7e7d6cc94fc11abb152f4237d7?s=96&d=mm&r=g","caption":"Sylvie DE LAUZAINGHEIN"},"url":"https:\/\/www.cc3rivieres76.com\/blog\/author\/s76sylvie\/"}]}},"_links":{"self":[{"href":"https:\/\/www.cc3rivieres76.com\/blog\/wp-json\/wp\/v2\/posts\/535","targetHints":{"allow":["GET"]}}],"collection":[{"href":"https:\/\/www.cc3rivieres76.com\/blog\/wp-json\/wp\/v2\/posts"}],"about":[{"href":"https:\/\/www.cc3rivieres76.com\/blog\/wp-json\/wp\/v2\/types\/post"}],"author":[{"embeddable":true,"href":"https:\/\/www.cc3rivieres76.com\/blog\/wp-json\/wp\/v2\/users\/3"}],"replies":[{"embeddable":true,"href":"https:\/\/www.cc3rivieres76.com\/blog\/wp-json\/wp\/v2\/comments?post=535"}],"version-history":[{"count":0,"href":"https:\/\/www.cc3rivieres76.com\/blog\/wp-json\/wp\/v2\/posts\/535\/revisions"}],"wp:featuredmedia":[{"embeddable":true,"href":"https:\/\/www.cc3rivieres76.com\/blog\/wp-json\/wp\/v2\/media\/536"}],"wp:attachment":[{"href":"https:\/\/www.cc3rivieres76.com\/blog\/wp-json\/wp\/v2\/media?parent=535"}],"wp:term":[{"taxonomy":"category","embeddable":true,"href":"https:\/\/www.cc3rivieres76.com\/blog\/wp-json\/wp\/v2\/categories?post=535"},{"taxonomy":"post_tag","embeddable":true,"href":"https:\/\/www.cc3rivieres76.com\/blog\/wp-json\/wp\/v2\/tags?post=535"}],"curies":[{"name":"wp","href":"https:\/\/api.w.org\/{rel}","templated":true}]}}