{"id":537,"date":"2025-02-02T18:51:00","date_gmt":"2025-02-02T17:51:00","guid":{"rendered":"https:\/\/www.site.cdcl.xyz\/2025\/02\/02\/infos-france-que-vaut-le-tome-3-des-annees-glorieuses-de-pierre-lemaitre-france\/"},"modified":"2025-02-02T18:51:00","modified_gmt":"2025-02-02T17:51:00","slug":"infos-france-que-vaut-le-tome-3-des-annees-glorieuses-de-pierre-lemaitre-france","status":"publish","type":"post","link":"https:\/\/www.cc3rivieres76.com\/blog\/infos-france-que-vaut-le-tome-3-des-annees-glorieuses-de-pierre-lemaitre-france\/","title":{"rendered":"Infos France: que vaut le tome 3 des \u00ab Ann\u00e9es glorieuses \u00bb de Pierre Lemaitre ? #France"},"content":{"rendered":"\n<p>Un fois de plus, ce blog va vous diffuser un \u00e9ditorial qui a \u00e9t\u00e9 vu sur internet. Le sujet est \u00abActualit\u00e9 fran\u00e7aise\u00bb.<\/p>\n<h2>L\u2019article ci-dessous a \u00e9t\u00e9 publi\u00e9 par Le Point \u2013 Toute l&rsquo;info en continu<\/h2>\n<p><u>Signature . <\/u><\/p>\n<p><u>Date et heure de la r\u00e9ception de la d\u00e9p\u00e9che sur notre fil d\u2019info:<\/u><strong><span id=\"date\"><\/span><\/strong><\/p>\n<p><u>Date et heure de publication sur internet:<\/u> <strong><span id=\"datecrea\"><\/span><\/strong><\/p>\n<p><u>Titre exacte donn\u00e9 par le journal \u00e9tait:<\/u> <strong>que vaut le tome 3 des \u00ab Ann\u00e9es glorieuses \u00bb de Pierre Lemaitre ?<\/strong><\/p>\n<p><u>Information et contenu publi\u00e9s :<\/u><\/p>\n<div id=\"contenu\"> <!-- include t_www_2023\/pages\/article\/blocs\/tag_pub.tpl --><br \/><!-- include \/t_www_2023\/pages\/article\/blocs\/tag_pub.tpl --><\/p>\n<p><span class=\"dflt-txt__lettrine\">N<\/span>\u00e9 en 1951, Pierre Lemaitre est un enfant des Trente Glorieuses, p\u00e9riode synonyme de progr\u00e8s dans les livres d\u2019histoire, mais au sein de laquelle s\u2019est model\u00e9 pour l\u2019\u00e9crivain notre drame contemporain. En t\u00e9moigne ce troisi\u00e8me volet de la t\u00e9tralogie <em>Les Ann\u00e9es glorieuses<\/em> o\u00f9 l\u2019on suit, depuis <em>Le Grand Monde<\/em> (Calmann-L\u00e9vy, 2022) et <em>Le Silence et la Col\u00e8re<\/em> (2023), les aventures de la famille Pelletier entre Paris, Beyrouth et l\u2019Indochine.<\/p>\n<section class=\"mbl txtcenter\">\n<div id=\"newsletter\" class=\"bloc-1 title-top\">\n<span class=\"h2\">La newsletter culture<\/span><\/p>\n<div class=\"step-1\">\n<p class=\"period\">Tous les mercredis \u00e0 16h<\/p>\n<p>Recevez l\u2019actualit\u00e9 culturelle de la semaine \u00e0 ne pas manquer ainsi que les Enqu\u00eates, d\u00e9cryptages, portraits, tendances\u2026<\/p>\n<\/div>\n<div class=\"step-2\">\n<p>Merci !<br \/>Votre inscription a bien \u00e9t\u00e9 prise en compte avec l\u2019adresse email :<br \/><span class=\"email-sended\"><\/span><\/p>\n<p>Pour d\u00e9couvrir toutes nos autres newsletters, rendez-vous ici : MonCompte<\/p>\n<\/div>\n<p>En vous inscrivant, vous acceptez les conditions g\u00e9n\u00e9rales d\u2019utilisations et notre politique de confidentialit\u00e9.<\/p>\n<\/div>\n<p>En 1959, <em>\u00ab&nbsp;le pays de l\u2019avenir radieux&nbsp;\u00bb<\/em> se trouve de l\u2019autre c\u00f4t\u00e9 du rideau de fer. Jean, l\u2019un des fils Pelletier, directeur des magasins Dixie, doit se rendre \u00e0 Prague, officiellement pour <em>\u00ab&nbsp;donner une nouvelle impulsion&nbsp;\u00bb<\/em> \u00e0 un accord commercial vieux de dix ans entre la France et la Tch\u00e9coslovaquie.<\/p>\n<p><span class=\"Capsule free\"><span class=\"Phylactery\">\u00c0 LIRE AUSSI<\/span> <strong class=\"strong\">Que vaut le dernier livre de Le\u00efla Slimani ?<\/strong><\/span><em>\u00ab&nbsp;Ils ne laissent entrer personne, \u00eates-vous certain que vous pourrez repartir&nbsp;?&nbsp;\u00bb <\/em>s\u2019inqui\u00e8te-t-on lors d\u2019un d\u00eener en ville pr\u00e9c\u00e9dant son d\u00e9part. <em>\u00ab&nbsp;Nous&nbsp; &nbsp; &nbsp;sommes invit\u00e9s par le gouvernement <\/em>[\u2026].<em> Ils ne vont pas nous embastiller&nbsp;\u00bb, <\/em>r\u00e9pond l\u2019int\u00e9ress\u00e9. Jean ignore alors que c\u2019est finalement son fr\u00e8re, Fran\u00e7ois, journaliste au <em>Journal du soir<\/em>, qui va se retrouver pris au pi\u00e8ge de cette capitale infest\u00e9e de miliciens, de d\u00e9lateurs et de jolies espionnes. \u00c0 l\u2019Ouest, sa s\u0153ur, H\u00e9l\u00e8ne, son \u00e9pouse, Nine, sa belle-s\u0153ur Genevi\u00e8ve et sa ni\u00e8ce Colette composent avec cette absence qui affecte toute la famille, et avec leurs propres d\u00e9mons.<\/p>\n<section class=\"mbl txtcenter\">\n<h2><strong>Exactitude des faits, art de la narration <\/strong><\/h2>\n<p>\u00c0 l\u2019image des feuilletonistes du XIX<sup>e<\/sup>&nbsp;si\u00e8cle, Pierre Lemaitre immerge son lecteur en pleine guerre froide et confronte ses personnages \u00e0 des choix corn\u00e9liens, entre int\u00e9r\u00eats personnels et raison d\u2019\u00c9tat. Avec le recul de l\u2019Histoire, l\u2019\u00e9crivain poursuit l\u2019entreprise lanc\u00e9e avec <em>Au revoir l\u00e0-haut<\/em>, prix Goncourt 2013, de <em>\u00ab&nbsp;feuilleter le XX<\/em><sup>e&nbsp;<\/sup><em>\u00bb<\/em> et une \u00e9poque o\u00f9 s\u2019est forg\u00e9 notre monde actuel, o\u00f9 la croissance \u00e9conomique ne signifiait pas encore r\u00e9chauffement climatique. Les pr\u00e9mices d\u2019une catastrophe qui, dans <em>Un avenir radieux<\/em>, frappe l\u2019attachante Colette, troisi\u00e8me g\u00e9n\u00e9ration des Pelletier \u00e0 entrer en sc\u00e8ne, laquelle, pour sauver ses abeilles, n\u2019h\u00e9site pas \u00e0 d\u00e9truire les bidons d\u2019insecticide du voisin, l\u2019ignoble Macagne.<\/p>\n<p><span class=\"Capsule discover-kangourou\"><br \/><span class=\"Phylactery\">\u00c0 D\u00e9couvrir<\/span><br \/><strong class=\"discover-kangourou__line\"><br \/><img decoding=\"async\" class=\"discover-kangourou__img\" src=\"https:\/\/www.site.cdcl.xyz\/wp-content\/uploads\/2024\/10\/Actus-nationales-Presidentielle-americaine-Kamala-Harris-hausse-le-ton-face.svg.svg+xml\"><br \/><strong class=\"discover-kangourou__txt\"><br \/><strong>Le Kangourou du jour<\/strong><\/strong><\/strong><\/span><\/p>\n<p>R\u00e9pondre<\/p>\n<p>S\u2019il ne pr\u00e9tend pas livrer une version objective de l\u2019Histoire, Lemaitre conjugue id\u00e9alement l\u2019exactitude des faits et l\u2019art de la narration, au c\u0153ur d\u2019un projet romanesque populaire dans lequel tout lecteur est susceptible de trouver son compte. De la belle ouvrage, empreinte de cette fibre sociale indissociable du style Lemaitre.<\/p>\n<p><em>\u00ab&nbsp;Un avenir radieux&nbsp;\u00bb<\/em>, de Pierre Lemaitre (Calmann-L\u00e9vy, 592&nbsp;p., 23,90&nbsp;\u20ac).<\/p>\n<\/section>\n<\/section>\n<\/div>\n<p> <img decoding=\"async\" src=\"https:\/\/www.cc3rivieres76.com\/blog\/wp-content\/uploads\/2025\/02\/infos-france-que-vaut-le-tome-3-des-annees-glorieuses-de-pierre-lemaitre-france.jpg\" alt=\"que vaut le tome 3 des \u00ab Ann\u00e9es glorieuses \u00bb de Pierre Lemaitre ?\"><\/p>\n<p>#vaut #tome #des #Ann\u00e9es #glorieuses #Pierre #Lemaitre<\/p>\n<p>Reprise de l\u2019information dans un style journalistique professionnel descriptif en organisant les id\u00e9es dans un ordre coh\u00e9rent avec titres html <\/p>\n<p>Publications sur un th\u00e8me \u00e9quivalent:<\/p>\n<p>God save la France.,<a href=\"https:\/\/booknode.com\/god_save_la_france_019885\" target=\"_blank\" rel=\"noopener noreferrer nofollow\">R\u00e9f\u00e9rences de l\u2019ouvrage<\/a><span><\/span>. Disponible dans toutes les bonnes biblioth\u00e8ques de votre d\u00e9partement.<\/p>\n<p>Les ASCII de 0 \u00e0 127\/Avant l\u2019ASCII.,<a href=\"https:\/\/fr.wikibooks.org\/wiki\/Les_ASCII_de_0_%C3%A0_127\/Avant_l%27ASCII\" target=\"_blank\" rel=\"noopener noreferrer nofollow\">Redirection vers la description <\/a><span><\/span>.<\/p>\n<p>Technologie\/Lignes et services de tramways\/Prolongements et cr\u00e9ations de lignes de tramways en \u00cele-de-France\/La cr\u00e9ation du T6.,<a href=\"https:\/\/fr.wikibooks.org\/wiki\/Technologie\/Lignes_et_services_de_tramways\/Prolongements_et_cr%C3%A9ations_de_lignes_de_tramways_en_%C3%8Ele-de-France\/La_cr%C3%A9ation_du_T6\" target=\"_blank\" rel=\"noopener noreferrer nofollow\">Lien sur la fiche de librairie<\/a><span><\/span>. Disponible \u00e0 l\u2019achat sur les plateformes Amazon, Fnac, Cultura \u2026.<\/p>\n<p> Cet article, qui traite du th\u00e8me \u00ab\u00a0Les 3 rivi\u00e8res dans la Somme\u00a0\u00bb, vous est sp\u00e9cialement sugg\u00e9r\u00e9 par cc3rivieres76.com. La chronique est reproduite du mieux possible. Dans le cas o\u00f9 vous souhaitez apporter quelques pr\u00e9cisions concernant le domaine de \u00ab\u00a0Les 3 rivi\u00e8res dans la Somme\u00a0\u00bb vous pouvez solliciter notre r\u00e9daction. La destination de cc3rivieres76.com est de d\u00e9battre de Les 3 rivi\u00e8res dans la Somme dans la transparence en vous apportant la connaissance de tout ce qui est en lien avec ce sujet sur la toile Connectez-vous sur notre site cc3rivieres76.com et nos r\u00e9seaux sociaux dans le but d\u2019\u00eatre inform\u00e9 des futures publications.<\/p>\n","protected":false},"excerpt":{"rendered":"<p>Un fois de plus, ce blog va vous diffuser un \u00e9ditorial qui a \u00e9t\u00e9 vu sur internet. Le sujet est \u00abActualit\u00e9 fran\u00e7aise\u00bb. L\u2019article ci-dessous a \u00e9t\u00e9 publi\u00e9 par Le Point \u2013 Toute l&rsquo;info en continu Signature . Date et heure de la r\u00e9ception de la d\u00e9p\u00e9che sur notre fil d\u2019info: Date et heure de publication &hellip; <\/p>\n<p class=\"link-more\"><a href=\"https:\/\/www.cc3rivieres76.com\/blog\/infos-france-que-vaut-le-tome-3-des-annees-glorieuses-de-pierre-lemaitre-france\/\" class=\"more-link\">Continuer la lecture <span class=\"screen-reader-text\"> \u00ab\u00a0Infos France: que vaut le tome 3 des \u00ab Ann\u00e9es glorieuses \u00bb de Pierre Lemaitre ? #France\u00a0\u00bb<\/span><\/a><\/p>\n","protected":false},"author":3,"featured_media":0,"comment_status":"closed","ping_status":"closed","sticky":false,"template":"","format":"standard","meta":{"footnotes":""},"categories":[2],"tags":[],"class_list":["post-537","post","type-post","status-publish","format-standard","hentry","category-les-3-rivieres-dans-la-somme","entry"],"yoast_head":"<!-- This site is optimized with the Yoast SEO plugin v27.5 - https:\/\/yoast.com\/product\/yoast-seo-wordpress\/ -->\n<title>Infos France: que vaut le tome 3 des \u00ab Ann\u00e9es glorieuses \u00bb de Pierre Lemaitre ? #France - CC3RIVIERES76<\/title>\n<meta name=\"robots\" content=\"index, follow, max-snippet:-1, max-image-preview:large, max-video-preview:-1\" \/>\n<link rel=\"canonical\" href=\"https:\/\/www.cc3rivieres76.com\/blog\/infos-france-que-vaut-le-tome-3-des-annees-glorieuses-de-pierre-lemaitre-france\/\" \/>\n<meta property=\"og:locale\" content=\"fr_FR\" \/>\n<meta property=\"og:type\" content=\"article\" \/>\n<meta property=\"og:title\" content=\"Infos France: que vaut le tome 3 des \u00ab Ann\u00e9es glorieuses \u00bb de Pierre Lemaitre ? #France - CC3RIVIERES76\" \/>\n<meta property=\"og:description\" content=\"Un fois de plus, ce blog va vous diffuser un \u00e9ditorial qui a \u00e9t\u00e9 vu sur internet. Le sujet est \u00abActualit\u00e9 fran\u00e7aise\u00bb. L\u2019article ci-dessous a \u00e9t\u00e9 publi\u00e9 par Le Point \u2013 Toute l&rsquo;info en continu Signature . Date et heure de la r\u00e9ception de la d\u00e9p\u00e9che sur notre fil d\u2019info: Date et heure de publication &hellip; Continuer la lecture \u00ab\u00a0Infos France: que vaut le tome 3 des \u00ab Ann\u00e9es glorieuses \u00bb de Pierre Lemaitre ? #France\u00a0\u00bb\" \/>\n<meta property=\"og:url\" content=\"https:\/\/www.cc3rivieres76.com\/blog\/infos-france-que-vaut-le-tome-3-des-annees-glorieuses-de-pierre-lemaitre-france\/\" \/>\n<meta property=\"og:site_name\" content=\"CC3RIVIERES76\" \/>\n<meta property=\"article:published_time\" content=\"2025-02-02T17:51:00+00:00\" \/>\n<meta property=\"og:image\" content=\"https:\/\/www.site.cdcl.xyz\/wp-content\/uploads\/2024\/10\/Actus-nationales-Presidentielle-americaine-Kamala-Harris-hausse-le-ton-face.svg.svg+xml\" \/>\n<meta name=\"author\" content=\"Sylvie DE LAUZAINGHEIN\" \/>\n<meta name=\"twitter:card\" content=\"summary_large_image\" \/>\n<meta name=\"twitter:label1\" content=\"\u00c9crit par\" \/>\n\t<meta name=\"twitter:data1\" content=\"Sylvie DE LAUZAINGHEIN\" \/>\n\t<meta name=\"twitter:label2\" content=\"Dur\u00e9e de lecture estim\u00e9e\" \/>\n\t<meta name=\"twitter:data2\" content=\"4 minutes\" \/>\n<script type=\"application\/ld+json\" class=\"yoast-schema-graph\">{\"@context\":\"https:\\\/\\\/schema.org\",\"@graph\":[{\"@type\":\"Article\",\"@id\":\"https:\\\/\\\/www.cc3rivieres76.com\\\/blog\\\/infos-france-que-vaut-le-tome-3-des-annees-glorieuses-de-pierre-lemaitre-france\\\/#article\",\"isPartOf\":{\"@id\":\"https:\\\/\\\/www.cc3rivieres76.com\\\/blog\\\/infos-france-que-vaut-le-tome-3-des-annees-glorieuses-de-pierre-lemaitre-france\\\/\"},\"author\":{\"name\":\"Sylvie DE LAUZAINGHEIN\",\"@id\":\"https:\\\/\\\/www.cc3rivieres76.com\\\/blog\\\/#\\\/schema\\\/person\\\/474d457fb7747b5218f39792dfaa5a1c\"},\"headline\":\"Infos France: que vaut le tome 3 des \u00ab Ann\u00e9es glorieuses \u00bb de Pierre Lemaitre ? #France\",\"datePublished\":\"2025-02-02T17:51:00+00:00\",\"mainEntityOfPage\":{\"@id\":\"https:\\\/\\\/www.cc3rivieres76.com\\\/blog\\\/infos-france-que-vaut-le-tome-3-des-annees-glorieuses-de-pierre-lemaitre-france\\\/\"},\"wordCount\":873,\"publisher\":{\"@id\":\"https:\\\/\\\/www.cc3rivieres76.com\\\/blog\\\/#organization\"},\"image\":{\"@id\":\"https:\\\/\\\/www.cc3rivieres76.com\\\/blog\\\/infos-france-que-vaut-le-tome-3-des-annees-glorieuses-de-pierre-lemaitre-france\\\/#primaryimage\"},\"thumbnailUrl\":\"https:\\\/\\\/www.site.cdcl.xyz\\\/wp-content\\\/uploads\\\/2024\\\/10\\\/Actus-nationales-Presidentielle-americaine-Kamala-Harris-hausse-le-ton-face.svg.svg+xml\",\"articleSection\":[\"Les 3 Rivi\u00e8res Dans La Somme:\"],\"inLanguage\":\"fr-FR\"},{\"@type\":\"WebPage\",\"@id\":\"https:\\\/\\\/www.cc3rivieres76.com\\\/blog\\\/infos-france-que-vaut-le-tome-3-des-annees-glorieuses-de-pierre-lemaitre-france\\\/\",\"url\":\"https:\\\/\\\/www.cc3rivieres76.com\\\/blog\\\/infos-france-que-vaut-le-tome-3-des-annees-glorieuses-de-pierre-lemaitre-france\\\/\",\"name\":\"Infos France: que vaut le tome 3 des \u00ab Ann\u00e9es glorieuses \u00bb de Pierre Lemaitre ? #France - CC3RIVIERES76\",\"isPartOf\":{\"@id\":\"https:\\\/\\\/www.cc3rivieres76.com\\\/blog\\\/#website\"},\"primaryImageOfPage\":{\"@id\":\"https:\\\/\\\/www.cc3rivieres76.com\\\/blog\\\/infos-france-que-vaut-le-tome-3-des-annees-glorieuses-de-pierre-lemaitre-france\\\/#primaryimage\"},\"image\":{\"@id\":\"https:\\\/\\\/www.cc3rivieres76.com\\\/blog\\\/infos-france-que-vaut-le-tome-3-des-annees-glorieuses-de-pierre-lemaitre-france\\\/#primaryimage\"},\"thumbnailUrl\":\"https:\\\/\\\/www.site.cdcl.xyz\\\/wp-content\\\/uploads\\\/2024\\\/10\\\/Actus-nationales-Presidentielle-americaine-Kamala-Harris-hausse-le-ton-face.svg.svg+xml\",\"datePublished\":\"2025-02-02T17:51:00+00:00\",\"breadcrumb\":{\"@id\":\"https:\\\/\\\/www.cc3rivieres76.com\\\/blog\\\/infos-france-que-vaut-le-tome-3-des-annees-glorieuses-de-pierre-lemaitre-france\\\/#breadcrumb\"},\"inLanguage\":\"fr-FR\",\"potentialAction\":[{\"@type\":\"ReadAction\",\"target\":[\"https:\\\/\\\/www.cc3rivieres76.com\\\/blog\\\/infos-france-que-vaut-le-tome-3-des-annees-glorieuses-de-pierre-lemaitre-france\\\/\"]}]},{\"@type\":\"ImageObject\",\"inLanguage\":\"fr-FR\",\"@id\":\"https:\\\/\\\/www.cc3rivieres76.com\\\/blog\\\/infos-france-que-vaut-le-tome-3-des-annees-glorieuses-de-pierre-lemaitre-france\\\/#primaryimage\",\"url\":\"https:\\\/\\\/www.site.cdcl.xyz\\\/wp-content\\\/uploads\\\/2024\\\/10\\\/Actus-nationales-Presidentielle-americaine-Kamala-Harris-hausse-le-ton-face.svg.svg+xml\",\"contentUrl\":\"https:\\\/\\\/www.site.cdcl.xyz\\\/wp-content\\\/uploads\\\/2024\\\/10\\\/Actus-nationales-Presidentielle-americaine-Kamala-Harris-hausse-le-ton-face.svg.svg+xml\"},{\"@type\":\"BreadcrumbList\",\"@id\":\"https:\\\/\\\/www.cc3rivieres76.com\\\/blog\\\/infos-france-que-vaut-le-tome-3-des-annees-glorieuses-de-pierre-lemaitre-france\\\/#breadcrumb\",\"itemListElement\":[{\"@type\":\"ListItem\",\"position\":1,\"name\":\"Accueil\",\"item\":\"https:\\\/\\\/www.cc3rivieres76.com\\\/blog\\\/\"},{\"@type\":\"ListItem\",\"position\":2,\"name\":\"Infos France: que vaut le tome 3 des \u00ab Ann\u00e9es glorieuses \u00bb de Pierre Lemaitre ? #France\"}]},{\"@type\":\"WebSite\",\"@id\":\"https:\\\/\\\/www.cc3rivieres76.com\\\/blog\\\/#website\",\"url\":\"https:\\\/\\\/www.cc3rivieres76.com\\\/blog\\\/\",\"name\":\"CC3RIVIERES76\",\"description\":\"Les 3 rivi\u00e8res dans la Somme.\",\"publisher\":{\"@id\":\"https:\\\/\\\/www.cc3rivieres76.com\\\/blog\\\/#organization\"},\"potentialAction\":[{\"@type\":\"SearchAction\",\"target\":{\"@type\":\"EntryPoint\",\"urlTemplate\":\"https:\\\/\\\/www.cc3rivieres76.com\\\/blog\\\/?s={search_term_string}\"},\"query-input\":{\"@type\":\"PropertyValueSpecification\",\"valueRequired\":true,\"valueName\":\"search_term_string\"}}],\"inLanguage\":\"fr-FR\"},{\"@type\":\"Organization\",\"@id\":\"https:\\\/\\\/www.cc3rivieres76.com\\\/blog\\\/#organization\",\"name\":\"cc3rivieres76\",\"url\":\"https:\\\/\\\/www.cc3rivieres76.com\\\/blog\\\/\",\"logo\":{\"@type\":\"ImageObject\",\"inLanguage\":\"fr-FR\",\"@id\":\"https:\\\/\\\/www.cc3rivieres76.com\\\/blog\\\/#\\\/schema\\\/logo\\\/image\\\/\",\"url\":\"https:\\\/\\\/www.cc3rivieres76.com\\\/blog\\\/wp-content\\\/uploads\\\/2023\\\/06\\\/logo-2.png\",\"contentUrl\":\"https:\\\/\\\/www.cc3rivieres76.com\\\/blog\\\/wp-content\\\/uploads\\\/2023\\\/06\\\/logo-2.png\",\"width\":390,\"height\":388,\"caption\":\"cc3rivieres76\"},\"image\":{\"@id\":\"https:\\\/\\\/www.cc3rivieres76.com\\\/blog\\\/#\\\/schema\\\/logo\\\/image\\\/\"}},{\"@type\":\"Person\",\"@id\":\"https:\\\/\\\/www.cc3rivieres76.com\\\/blog\\\/#\\\/schema\\\/person\\\/474d457fb7747b5218f39792dfaa5a1c\",\"name\":\"Sylvie DE LAUZAINGHEIN\",\"image\":{\"@type\":\"ImageObject\",\"inLanguage\":\"fr-FR\",\"@id\":\"https:\\\/\\\/secure.gravatar.com\\\/avatar\\\/9c6a53b19e0a3431aa80de0895b9729fe665cd7e7d6cc94fc11abb152f4237d7?s=96&d=mm&r=g\",\"url\":\"https:\\\/\\\/secure.gravatar.com\\\/avatar\\\/9c6a53b19e0a3431aa80de0895b9729fe665cd7e7d6cc94fc11abb152f4237d7?s=96&d=mm&r=g\",\"contentUrl\":\"https:\\\/\\\/secure.gravatar.com\\\/avatar\\\/9c6a53b19e0a3431aa80de0895b9729fe665cd7e7d6cc94fc11abb152f4237d7?s=96&d=mm&r=g\",\"caption\":\"Sylvie DE LAUZAINGHEIN\"},\"url\":\"https:\\\/\\\/www.cc3rivieres76.com\\\/blog\\\/author\\\/s76sylvie\\\/\"}]}<\/script>\n<!-- \/ Yoast SEO plugin. -->","yoast_head_json":{"title":"Infos France: que vaut le tome 3 des \u00ab Ann\u00e9es glorieuses \u00bb de Pierre Lemaitre ? #France - CC3RIVIERES76","robots":{"index":"index","follow":"follow","max-snippet":"max-snippet:-1","max-image-preview":"max-image-preview:large","max-video-preview":"max-video-preview:-1"},"canonical":"https:\/\/www.cc3rivieres76.com\/blog\/infos-france-que-vaut-le-tome-3-des-annees-glorieuses-de-pierre-lemaitre-france\/","og_locale":"fr_FR","og_type":"article","og_title":"Infos France: que vaut le tome 3 des \u00ab Ann\u00e9es glorieuses \u00bb de Pierre Lemaitre ? #France - CC3RIVIERES76","og_description":"Un fois de plus, ce blog va vous diffuser un \u00e9ditorial qui a \u00e9t\u00e9 vu sur internet. Le sujet est \u00abActualit\u00e9 fran\u00e7aise\u00bb. L\u2019article ci-dessous a \u00e9t\u00e9 publi\u00e9 par Le Point \u2013 Toute l&rsquo;info en continu Signature . Date et heure de la r\u00e9ception de la d\u00e9p\u00e9che sur notre fil d\u2019info: Date et heure de publication &hellip; Continuer la lecture \u00ab\u00a0Infos France: que vaut le tome 3 des \u00ab Ann\u00e9es glorieuses \u00bb de Pierre Lemaitre ? #France\u00a0\u00bb","og_url":"https:\/\/www.cc3rivieres76.com\/blog\/infos-france-que-vaut-le-tome-3-des-annees-glorieuses-de-pierre-lemaitre-france\/","og_site_name":"CC3RIVIERES76","article_published_time":"2025-02-02T17:51:00+00:00","og_image":[{"url":"https:\/\/www.site.cdcl.xyz\/wp-content\/uploads\/2024\/10\/Actus-nationales-Presidentielle-americaine-Kamala-Harris-hausse-le-ton-face.svg.svg+xml","type":"","width":"","height":""}],"author":"Sylvie DE LAUZAINGHEIN","twitter_card":"summary_large_image","twitter_misc":{"\u00c9crit par":"Sylvie DE LAUZAINGHEIN","Dur\u00e9e de lecture estim\u00e9e":"4 minutes"},"schema":{"@context":"https:\/\/schema.org","@graph":[{"@type":"Article","@id":"https:\/\/www.cc3rivieres76.com\/blog\/infos-france-que-vaut-le-tome-3-des-annees-glorieuses-de-pierre-lemaitre-france\/#article","isPartOf":{"@id":"https:\/\/www.cc3rivieres76.com\/blog\/infos-france-que-vaut-le-tome-3-des-annees-glorieuses-de-pierre-lemaitre-france\/"},"author":{"name":"Sylvie DE LAUZAINGHEIN","@id":"https:\/\/www.cc3rivieres76.com\/blog\/#\/schema\/person\/474d457fb7747b5218f39792dfaa5a1c"},"headline":"Infos France: que vaut le tome 3 des \u00ab Ann\u00e9es glorieuses \u00bb de Pierre Lemaitre ? #France","datePublished":"2025-02-02T17:51:00+00:00","mainEntityOfPage":{"@id":"https:\/\/www.cc3rivieres76.com\/blog\/infos-france-que-vaut-le-tome-3-des-annees-glorieuses-de-pierre-lemaitre-france\/"},"wordCount":873,"publisher":{"@id":"https:\/\/www.cc3rivieres76.com\/blog\/#organization"},"image":{"@id":"https:\/\/www.cc3rivieres76.com\/blog\/infos-france-que-vaut-le-tome-3-des-annees-glorieuses-de-pierre-lemaitre-france\/#primaryimage"},"thumbnailUrl":"https:\/\/www.site.cdcl.xyz\/wp-content\/uploads\/2024\/10\/Actus-nationales-Presidentielle-americaine-Kamala-Harris-hausse-le-ton-face.svg.svg+xml","articleSection":["Les 3 Rivi\u00e8res Dans La Somme:"],"inLanguage":"fr-FR"},{"@type":"WebPage","@id":"https:\/\/www.cc3rivieres76.com\/blog\/infos-france-que-vaut-le-tome-3-des-annees-glorieuses-de-pierre-lemaitre-france\/","url":"https:\/\/www.cc3rivieres76.com\/blog\/infos-france-que-vaut-le-tome-3-des-annees-glorieuses-de-pierre-lemaitre-france\/","name":"Infos France: que vaut le tome 3 des \u00ab Ann\u00e9es glorieuses \u00bb de Pierre Lemaitre ? #France - CC3RIVIERES76","isPartOf":{"@id":"https:\/\/www.cc3rivieres76.com\/blog\/#website"},"primaryImageOfPage":{"@id":"https:\/\/www.cc3rivieres76.com\/blog\/infos-france-que-vaut-le-tome-3-des-annees-glorieuses-de-pierre-lemaitre-france\/#primaryimage"},"image":{"@id":"https:\/\/www.cc3rivieres76.com\/blog\/infos-france-que-vaut-le-tome-3-des-annees-glorieuses-de-pierre-lemaitre-france\/#primaryimage"},"thumbnailUrl":"https:\/\/www.site.cdcl.xyz\/wp-content\/uploads\/2024\/10\/Actus-nationales-Presidentielle-americaine-Kamala-Harris-hausse-le-ton-face.svg.svg+xml","datePublished":"2025-02-02T17:51:00+00:00","breadcrumb":{"@id":"https:\/\/www.cc3rivieres76.com\/blog\/infos-france-que-vaut-le-tome-3-des-annees-glorieuses-de-pierre-lemaitre-france\/#breadcrumb"},"inLanguage":"fr-FR","potentialAction":[{"@type":"ReadAction","target":["https:\/\/www.cc3rivieres76.com\/blog\/infos-france-que-vaut-le-tome-3-des-annees-glorieuses-de-pierre-lemaitre-france\/"]}]},{"@type":"ImageObject","inLanguage":"fr-FR","@id":"https:\/\/www.cc3rivieres76.com\/blog\/infos-france-que-vaut-le-tome-3-des-annees-glorieuses-de-pierre-lemaitre-france\/#primaryimage","url":"https:\/\/www.site.cdcl.xyz\/wp-content\/uploads\/2024\/10\/Actus-nationales-Presidentielle-americaine-Kamala-Harris-hausse-le-ton-face.svg.svg+xml","contentUrl":"https:\/\/www.site.cdcl.xyz\/wp-content\/uploads\/2024\/10\/Actus-nationales-Presidentielle-americaine-Kamala-Harris-hausse-le-ton-face.svg.svg+xml"},{"@type":"BreadcrumbList","@id":"https:\/\/www.cc3rivieres76.com\/blog\/infos-france-que-vaut-le-tome-3-des-annees-glorieuses-de-pierre-lemaitre-france\/#breadcrumb","itemListElement":[{"@type":"ListItem","position":1,"name":"Accueil","item":"https:\/\/www.cc3rivieres76.com\/blog\/"},{"@type":"ListItem","position":2,"name":"Infos France: que vaut le tome 3 des \u00ab Ann\u00e9es glorieuses \u00bb de Pierre Lemaitre ? #France"}]},{"@type":"WebSite","@id":"https:\/\/www.cc3rivieres76.com\/blog\/#website","url":"https:\/\/www.cc3rivieres76.com\/blog\/","name":"CC3RIVIERES76","description":"Les 3 rivi\u00e8res dans la Somme.","publisher":{"@id":"https:\/\/www.cc3rivieres76.com\/blog\/#organization"},"potentialAction":[{"@type":"SearchAction","target":{"@type":"EntryPoint","urlTemplate":"https:\/\/www.cc3rivieres76.com\/blog\/?s={search_term_string}"},"query-input":{"@type":"PropertyValueSpecification","valueRequired":true,"valueName":"search_term_string"}}],"inLanguage":"fr-FR"},{"@type":"Organization","@id":"https:\/\/www.cc3rivieres76.com\/blog\/#organization","name":"cc3rivieres76","url":"https:\/\/www.cc3rivieres76.com\/blog\/","logo":{"@type":"ImageObject","inLanguage":"fr-FR","@id":"https:\/\/www.cc3rivieres76.com\/blog\/#\/schema\/logo\/image\/","url":"https:\/\/www.cc3rivieres76.com\/blog\/wp-content\/uploads\/2023\/06\/logo-2.png","contentUrl":"https:\/\/www.cc3rivieres76.com\/blog\/wp-content\/uploads\/2023\/06\/logo-2.png","width":390,"height":388,"caption":"cc3rivieres76"},"image":{"@id":"https:\/\/www.cc3rivieres76.com\/blog\/#\/schema\/logo\/image\/"}},{"@type":"Person","@id":"https:\/\/www.cc3rivieres76.com\/blog\/#\/schema\/person\/474d457fb7747b5218f39792dfaa5a1c","name":"Sylvie DE LAUZAINGHEIN","image":{"@type":"ImageObject","inLanguage":"fr-FR","@id":"https:\/\/secure.gravatar.com\/avatar\/9c6a53b19e0a3431aa80de0895b9729fe665cd7e7d6cc94fc11abb152f4237d7?s=96&d=mm&r=g","url":"https:\/\/secure.gravatar.com\/avatar\/9c6a53b19e0a3431aa80de0895b9729fe665cd7e7d6cc94fc11abb152f4237d7?s=96&d=mm&r=g","contentUrl":"https:\/\/secure.gravatar.com\/avatar\/9c6a53b19e0a3431aa80de0895b9729fe665cd7e7d6cc94fc11abb152f4237d7?s=96&d=mm&r=g","caption":"Sylvie DE LAUZAINGHEIN"},"url":"https:\/\/www.cc3rivieres76.com\/blog\/author\/s76sylvie\/"}]}},"_links":{"self":[{"href":"https:\/\/www.cc3rivieres76.com\/blog\/wp-json\/wp\/v2\/posts\/537","targetHints":{"allow":["GET"]}}],"collection":[{"href":"https:\/\/www.cc3rivieres76.com\/blog\/wp-json\/wp\/v2\/posts"}],"about":[{"href":"https:\/\/www.cc3rivieres76.com\/blog\/wp-json\/wp\/v2\/types\/post"}],"author":[{"embeddable":true,"href":"https:\/\/www.cc3rivieres76.com\/blog\/wp-json\/wp\/v2\/users\/3"}],"replies":[{"embeddable":true,"href":"https:\/\/www.cc3rivieres76.com\/blog\/wp-json\/wp\/v2\/comments?post=537"}],"version-history":[{"count":0,"href":"https:\/\/www.cc3rivieres76.com\/blog\/wp-json\/wp\/v2\/posts\/537\/revisions"}],"wp:attachment":[{"href":"https:\/\/www.cc3rivieres76.com\/blog\/wp-json\/wp\/v2\/media?parent=537"}],"wp:term":[{"taxonomy":"category","embeddable":true,"href":"https:\/\/www.cc3rivieres76.com\/blog\/wp-json\/wp\/v2\/categories?post=537"},{"taxonomy":"post_tag","embeddable":true,"href":"https:\/\/www.cc3rivieres76.com\/blog\/wp-json\/wp\/v2\/tags?post=537"}],"curies":[{"name":"wp","href":"https:\/\/api.w.org\/{rel}","templated":true}]}}