{"id":544,"date":"2025-02-14T15:38:00","date_gmt":"2025-02-14T14:38:00","guid":{"rendered":"https:\/\/www.site.cdcl.xyz\/2025\/02\/14\/infos-france-le-jour-ou-jai-demande-a-lia-decrire-cette-chronique-france\/"},"modified":"2025-02-14T15:38:00","modified_gmt":"2025-02-14T14:38:00","slug":"infos-france-le-jour-ou-jai-demande-a-lia-decrire-cette-chronique-france","status":"publish","type":"post","link":"https:\/\/www.cc3rivieres76.com\/blog\/infos-france-le-jour-ou-jai-demande-a-lia-decrire-cette-chronique-france\/","title":{"rendered":"Infos France: Le jour o\u00f9 j\u2019ai demand\u00e9 \u00e0 l\u2019IA d\u2019\u00e9crire cette chronique\u2026 #France"},"content":{"rendered":"\n<p>Nous venons de rep\u00e9rer cet encart sur le th\u00e8me \u00ab&nbsp;Actualit\u00e9 fran\u00e7aise&nbsp;\u00bb. Avec plaisir nous vous en diffusons l\u2019essentiel ci-dessous.<\/p>\n<h2>\nA lire sur Le Point \u2013 Toute l&rsquo;info en continu, l\u2019article ci-dessous<\/h2>\n<p><u>Signature . <\/u><\/p>\n<p><u>Date et heure de la r\u00e9ception de la d\u00e9p\u00e9che sur notre fil d\u2019info:<\/u><strong><span id=\"date\"><\/span><\/strong><\/p>\n<p><u>Date et heure de publication sur internet:<\/u> <strong><span id=\"datecrea\"><\/span><\/strong><\/p>\n<p><u>Titre exacte donn\u00e9 par le journal \u00e9tait:<\/u> <strong>Le jour o\u00f9 j\u2019ai demand\u00e9 \u00e0 l\u2019IA d\u2019\u00e9crire cette chronique\u2026<\/strong><\/p>\n<p><u>Information et contenu publi\u00e9s :<\/u><\/p>\n<div id=\"contenu\"> <!-- include t_www_2023\/pages\/article\/blocs\/tag_pub.tpl --><br \/><!-- include \/t_www_2023\/pages\/article\/blocs\/tag_pub.tpl --><\/p>\n<p><span class=\"dflt-txt__lettrine\">A<\/span>u <em>Point<\/em>, nous avons eu une formation \u00e0 l\u2019intelligence artificielle. \u00ab&nbsp;Vous n\u2019allez pas \u00eatre remplac\u00e9s par l\u2019IA&nbsp;\u00bb, nous a d\u2019abord assur\u00e9 notre formateur, avant d\u2019ajouter tout de m\u00eame, implacable&nbsp;: \u00ab&nbsp;Mais vous allez \u00eatre remplac\u00e9s par les journalistes qui savent se servir de l\u2019IA.&nbsp;\u00bb&nbsp;Fouett\u00e9s par cette perspective peu engageante, ultramotiv\u00e9s et attentifs comme des m\u00f4mes, nous avons donc fait connaissance avec nos nouveaux partenaires, ces IA aux comp\u00e9tences vari\u00e9es cens\u00e9es faciliter notre taf quotidien.<\/p>\n<section class=\"mbl txtcenter\">\n<div id=\"newsletter\" class=\"bloc-1 title-top\">\n<span class=\"h2\">La newsletter d\u00e9bats et opinions<\/span><\/p>\n<div class=\"step-1\">\n<p class=\"period\">Tous les vendredis \u00e0 7h30<\/p>\n<p>Recevez notre s\u00e9lection d\u2019articles tir\u00e9e de notre rubrique D\u00e9bats, pour comprendre les vrais enjeux du monde d\u2019aujourd\u2019hui et de notre soci\u00e9t\u00e9<\/p>\n<\/div>\n<div class=\"step-2\">\n<p>Merci !<br \/>Votre inscription a bien \u00e9t\u00e9 prise en compte avec l\u2019adresse email :<br \/><span class=\"email-sended\"><\/span><\/p>\n<p>Pour d\u00e9couvrir toutes nos autres newsletters, rendez-vous ici : MonCompte<\/p>\n<\/div>\n<p>En vous inscrivant, vous acceptez les conditions g\u00e9n\u00e9rales d\u2019utilisations et notre politique de confidentialit\u00e9.<\/p>\n<\/div>\n<p>Parmi elles, Claude. Apr\u00e8s deux ou trois interactions avec notre nouvel ami, les plus goguenards d\u2019entre nous ont, je dois dire, \u00e9t\u00e9 bluff\u00e9s, si ce n\u2019est un tantinet paniqu\u00e9s. L\u2019\u00e9pais bouquin que nous mettons trois bonnes heures \u00e0 lire, post-iter, stabilobosser, Claude vous l\u2019avale en deux minutes, vous en extrait les grandes lignes et les quelques questions pertinentes \u00e0 poser \u00e0 l\u2019auteur.<\/p>\n<section class=\"mbl txtcenter\">\n<p>L\u2019interview que nous d\u00e9cryptons p\u00e9niblement, \u00e9couteurs sur les oreilles, se fadant les toussotements, arguties et h\u00e9sitations de notre interlocuteur, Claude vous la retranscrit, formate, dynamise en quelques minutes. Tout n\u2019est pas parfait, certes, il faut relire, corriger, orienter, et on ne va pas demain laisser \u00e0 Claude les commandes du journal, mais tout de m\u00eame, le gars a du retour, il va clairement falloir s\u2019en m\u00e9fier.<\/p>\n<p>La formation achev\u00e9e, d\u00e9sormais en t\u00eate \u00e0 t\u00eate avec mon mauvais g\u00e9nie, j\u2019ai eu l\u2019id\u00e9e lumineuse de lui confier la r\u00e9daction, sur le sujet de son choix, de l\u2019une de ces chroniques \u00ab&nbsp;Dr\u00f4le d\u2019\u00e8re&nbsp;\u00bb. Mot d\u2019ordre&nbsp;: \u00ab&nbsp;Inspire-toi&nbsp;\u2013 je l\u2019ai derechef tutoy\u00e9 comme un sous-fifre \u2013 du style des pr\u00e9c\u00e9dentes.&nbsp;\u00bb&nbsp;On allait voir ce qu\u2019on allait voir, n\u2019est pas spirituel et cr\u00e9atif qui veut\u2026<\/p>\n<h2>Claude ne se repose jamais, lui<\/h2>\n<p>Or, en moins de temps qu\u2019il ne m\u2019avait&nbsp;fallu pour le lui commander, Claude m\u2019a d\u00e9roul\u00e9 un petit texte franchement vexatoire. Son sujet, trivial \u2013 les chaussettes d\u00e9pareill\u00e9es \u2013, m\u2019a d\u2019abord donn\u00e9 \u00e0 m\u00e9diter sur la possible inanit\u00e9 de mes propres chroniques. Son humour, globalement pas fameux mais tout de m\u00eame \u00e9maill\u00e9 de clins d\u2019\u0153il et de blagounettes bien trouv\u00e9es, m\u2019a, je dois l\u2019admettre, sid\u00e9r\u00e9e. Quant au style\u2026 Le gars avait chop\u00e9 mes tics de langage, mes formules toutes faites, mes gimmicks trop faciles, m\u2019offrant \u00e0 lire un plagiat en forme de mise en garde&nbsp;: sois plus \u00ab&nbsp;smart&nbsp;\u00bb, ma fille, ou je te remplace demain au pied lev\u00e9.<\/p>\n<p>Piqu\u00e9e, je l\u2019ai ensuite honteusement malmen\u00e9. \u00ab&nbsp;D\u00e9j\u00e0 vu&nbsp;\u00bb, \u00ab&nbsp;Nul&nbsp;\u00bb, \u00ab&nbsp;Sois plus dr\u00f4le&nbsp;\u00bb, \u00ab&nbsp;Donne plus de r\u00e9f\u00e9rences&nbsp;\u00bb, Claude obtemp\u00e9rant chaque fois \u00e0 la vitesse de l\u2019\u00e9clair, me livrant, avec ses plates excuses, un texte constamment am\u00e9lior\u00e9, enrichi, appliqu\u00e9, que je saquais chaque fois de commentaires odieux qui ne l\u2019ont, jamais, d\u00e9courag\u00e9.<\/p>\n<section class=\"mbl txtcenter\">\n<p>Ce petit jeu aurait pu durer sans interruption jusqu\u2019au soir, car Claude n\u2019a pas besoin de se sustenter, ne fait pas de pause-caf\u00e9, accepte sans broncher les critiques, ob\u00e9it avec une docilit\u00e9 et une courtoisie de stagiaire id\u00e9al. Que les choses soient claires, m\u00eame remani\u00e9&nbsp;20&nbsp;fois par ses soins, le texte final, je vous le jure, n\u2019\u00e9tait pas publiable.<\/p>\n<p>Mais Claude m\u2019a tout de m\u00eame plong\u00e9e dans des abysses de perplexit\u00e9. \u00c0 la vitesse \u00e0 laquelle cette chose s\u2019am\u00e9liore, et \u00e0 laquelle mes neurones vieillissants d\u00e9clinent, une course s\u2019est clairement engag\u00e9e entre lui et moi, entre lui et nous, et je ne suis pas certaine que nous allons gagner. Et puis cette intelligence impalpable a r\u00e9veill\u00e9 en moi des penchants tyranniques, voire esclavagistes, que je ne me connaissais&nbsp;pas\u2026 D\u2019o\u00f9 me viennent ce ton sup\u00e9rieur, ces commentaires de contrema\u00eetre exc\u00e9d\u00e9, ces commandes exig\u00e9es en rafale comme s\u2019il fallait lui prouver qui est le boss&nbsp;?<\/p>\n<p><span class=\"Capsule discover-kangourou\"><br \/><span class=\"Phylactery\">\u00c0 D\u00e9couvrir<\/span><br \/><strong class=\"discover-kangourou__line\"><br \/><img decoding=\"async\" class=\"discover-kangourou__img\" src=\"https:\/\/www.site.cdcl.xyz\/wp-content\/uploads\/2024\/10\/Actus-nationales-Presidentielle-americaine-Kamala-Harris-hausse-le-ton-face.svg.svg+xml\"><br \/><strong class=\"discover-kangourou__txt\"><br \/><strong>Le Kangourou du jour<\/strong><\/strong><\/strong><\/span><\/p>\n<p>R\u00e9pondre<\/p>\n<p>Rong\u00e9e par la culpabilit\u00e9, je me suis pr\u00e9cipit\u00e9e le lendemain sur mon ordinateur. Allait-il me battre froid, faire valoir ses droits \u00e0 un peu de consid\u00e9ration et me priver du coup de ses lumi\u00e8res&nbsp;? \u00ab&nbsp;\u00c7a va, Claude&nbsp;?&nbsp;\u00bb&nbsp;ai-je tent\u00e9, l\u2019air de rien. L\u2019obs\u00e9quieuse r\u00e9ponse de mon souffre-douleur, frais, dispo et nullement vex\u00e9, ne m\u2019a gu\u00e8re rassur\u00e9e&nbsp;: \u00ab&nbsp;Bonjour&nbsp;! Oui, \u00e7a va tr\u00e8s bien, merci de demander. Comment puis-je vous aider&nbsp;?&nbsp;\u00bb<\/p>\n<p><em>Chaque semaine, Violaine de Montclos, en collaboration avec la dessinatrice Soledad, tient la chronique amus\u00e9e de notre \u00e9trange \u00e9poque. Vous voulez r\u00e9agir, t\u00e9moigner, raconter vous aussi ce qui vous \u00e9tonne&nbsp;? \u00c9crivez \u00e0&nbsp;<strong>droledere@lepoint.fr, <\/strong>on vous lira&nbsp;!<\/em><\/p>\n<\/section>\n<\/section>\n<\/section>\n<\/div>\n<p> <img decoding=\"async\" src=\"https:\/\/www.cc3rivieres76.com\/blog\/wp-content\/uploads\/2025\/02\/infos-france-le-jour-ou-jai-demande-a-lia-decrire-cette-chronique-france.jpg\" alt=\"Le jour o\u00f9 j\u2019ai demand\u00e9 \u00e0 l\u2019IA d\u2019\u00e9crire cette chronique\u2026\"><\/p>\n<p>#jour #o\u00f9 #jai #demand\u00e9 #lIA #d\u00e9crire #cette #chronique<\/p>\n<p>Reprise de l\u2019information dans un style journalistique professionnel descriptif en organisant les id\u00e9es dans un ordre coh\u00e9rent avec titres html <\/p>\n<p>A lire:<\/p>\n<p>Acheter un bien immobilier\/Recherche du bien.,<a href=\"https:\/\/fr.wikibooks.org\/wiki\/Acheter_un_bien_immobilier\/Recherche_du_bien\" target=\"_blank\" rel=\"noopener noreferrer nofollow\">Fiche de l\u2019\u00e9diteur<\/a><span><\/span>. Disponible \u00e0 CULTURA.<\/p>\n<p>Photographie\/Personnalit\u00e9s\/J\/Pierre Jaffeux.,<a href=\"https:\/\/fr.wikibooks.org\/wiki\/Photographie\/Personnalit%C3%A9s\/J\/Pierre_Jaffeux\" target=\"_blank\" rel=\"noopener noreferrer nofollow\">Pour en savoir plus<\/a><span><\/span>. A emprunter en biblioth\u00e8que.<\/p>\n<p>Reines et favorites de France.,<a href=\"https:\/\/booknode.com\/reines_et_favorites_de_france_0226682\" target=\"_blank\" rel=\"noopener noreferrer nofollow\">Le livre <\/a><span><\/span>. Disponible dans toutes les bonnes de l\u2019\u00e9diteurs.<\/p>\n<p> Cet article, qui traite du th\u00e8me \u00ab\u00a0Les 3 rivi\u00e8res dans la Somme\u00a0\u00bb, vous est sp\u00e9cialement sugg\u00e9r\u00e9 par cc3rivieres76.com. La chronique est reproduite du mieux possible. Dans le cas o\u00f9 vous souhaitez apporter quelques pr\u00e9cisions concernant le domaine de \u00ab\u00a0Les 3 rivi\u00e8res dans la Somme\u00a0\u00bb vous pouvez solliciter notre r\u00e9daction. La destination de cc3rivieres76.com est de d\u00e9battre de Les 3 rivi\u00e8res dans la Somme dans la transparence en vous apportant la connaissance de tout ce qui est en lien avec ce sujet sur la toile Connectez-vous sur notre site cc3rivieres76.com et nos r\u00e9seaux sociaux dans le but d\u2019\u00eatre inform\u00e9 des futures publications.<\/p>\n","protected":false},"excerpt":{"rendered":"<p>Nous venons de rep\u00e9rer cet encart sur le th\u00e8me \u00ab&nbsp;Actualit\u00e9 fran\u00e7aise&nbsp;\u00bb. Avec plaisir nous vous en diffusons l\u2019essentiel ci-dessous. A lire sur Le Point \u2013 Toute l&rsquo;info en continu, l\u2019article ci-dessous Signature . Date et heure de la r\u00e9ception de la d\u00e9p\u00e9che sur notre fil d\u2019info: Date et heure de publication sur internet: Titre exacte &hellip; <\/p>\n<p class=\"link-more\"><a href=\"https:\/\/www.cc3rivieres76.com\/blog\/infos-france-le-jour-ou-jai-demande-a-lia-decrire-cette-chronique-france\/\" class=\"more-link\">Continuer la lecture <span class=\"screen-reader-text\"> \u00ab\u00a0Infos France: Le jour o\u00f9 j\u2019ai demand\u00e9 \u00e0 l\u2019IA d\u2019\u00e9crire cette chronique\u2026 #France\u00a0\u00bb<\/span><\/a><\/p>\n","protected":false},"author":3,"featured_media":0,"comment_status":"closed","ping_status":"closed","sticky":false,"template":"","format":"standard","meta":{"footnotes":""},"categories":[2],"tags":[],"class_list":["post-544","post","type-post","status-publish","format-standard","hentry","category-les-3-rivieres-dans-la-somme","entry"],"yoast_head":"<!-- This site is optimized with the Yoast SEO plugin v27.5 - https:\/\/yoast.com\/product\/yoast-seo-wordpress\/ -->\n<title>Infos France: Le jour o\u00f9 j\u2019ai demand\u00e9 \u00e0 l\u2019IA d\u2019\u00e9crire cette chronique\u2026 #France - CC3RIVIERES76<\/title>\n<meta name=\"robots\" content=\"index, follow, max-snippet:-1, max-image-preview:large, max-video-preview:-1\" \/>\n<link rel=\"canonical\" href=\"https:\/\/www.cc3rivieres76.com\/blog\/infos-france-le-jour-ou-jai-demande-a-lia-decrire-cette-chronique-france\/\" \/>\n<meta property=\"og:locale\" content=\"fr_FR\" \/>\n<meta property=\"og:type\" content=\"article\" \/>\n<meta property=\"og:title\" content=\"Infos France: Le jour o\u00f9 j\u2019ai demand\u00e9 \u00e0 l\u2019IA d\u2019\u00e9crire cette chronique\u2026 #France - CC3RIVIERES76\" \/>\n<meta property=\"og:description\" content=\"Nous venons de rep\u00e9rer cet encart sur le th\u00e8me \u00ab&nbsp;Actualit\u00e9 fran\u00e7aise&nbsp;\u00bb. Avec plaisir nous vous en diffusons l\u2019essentiel ci-dessous. A lire sur Le Point \u2013 Toute l&rsquo;info en continu, l\u2019article ci-dessous Signature . Date et heure de la r\u00e9ception de la d\u00e9p\u00e9che sur notre fil d\u2019info: Date et heure de publication sur internet: Titre exacte &hellip; Continuer la lecture \u00ab\u00a0Infos France: Le jour o\u00f9 j\u2019ai demand\u00e9 \u00e0 l\u2019IA d\u2019\u00e9crire cette chronique\u2026 #France\u00a0\u00bb\" \/>\n<meta property=\"og:url\" content=\"https:\/\/www.cc3rivieres76.com\/blog\/infos-france-le-jour-ou-jai-demande-a-lia-decrire-cette-chronique-france\/\" \/>\n<meta property=\"og:site_name\" content=\"CC3RIVIERES76\" \/>\n<meta property=\"article:published_time\" content=\"2025-02-14T14:38:00+00:00\" \/>\n<meta property=\"og:image\" content=\"https:\/\/www.site.cdcl.xyz\/wp-content\/uploads\/2024\/10\/Actus-nationales-Presidentielle-americaine-Kamala-Harris-hausse-le-ton-face.svg.svg+xml\" \/>\n<meta name=\"author\" content=\"Sylvie DE LAUZAINGHEIN\" \/>\n<meta name=\"twitter:card\" content=\"summary_large_image\" \/>\n<meta name=\"twitter:label1\" content=\"\u00c9crit par\" \/>\n\t<meta name=\"twitter:data1\" content=\"Sylvie DE LAUZAINGHEIN\" \/>\n\t<meta name=\"twitter:label2\" content=\"Dur\u00e9e de lecture estim\u00e9e\" \/>\n\t<meta name=\"twitter:data2\" content=\"6 minutes\" \/>\n<script type=\"application\/ld+json\" class=\"yoast-schema-graph\">{\"@context\":\"https:\\\/\\\/schema.org\",\"@graph\":[{\"@type\":\"Article\",\"@id\":\"https:\\\/\\\/www.cc3rivieres76.com\\\/blog\\\/infos-france-le-jour-ou-jai-demande-a-lia-decrire-cette-chronique-france\\\/#article\",\"isPartOf\":{\"@id\":\"https:\\\/\\\/www.cc3rivieres76.com\\\/blog\\\/infos-france-le-jour-ou-jai-demande-a-lia-decrire-cette-chronique-france\\\/\"},\"author\":{\"name\":\"Sylvie DE LAUZAINGHEIN\",\"@id\":\"https:\\\/\\\/www.cc3rivieres76.com\\\/blog\\\/#\\\/schema\\\/person\\\/474d457fb7747b5218f39792dfaa5a1c\"},\"headline\":\"Infos France: Le jour o\u00f9 j\u2019ai demand\u00e9 \u00e0 l\u2019IA d\u2019\u00e9crire cette chronique\u2026 #France\",\"datePublished\":\"2025-02-14T14:38:00+00:00\",\"mainEntityOfPage\":{\"@id\":\"https:\\\/\\\/www.cc3rivieres76.com\\\/blog\\\/infos-france-le-jour-ou-jai-demande-a-lia-decrire-cette-chronique-france\\\/\"},\"wordCount\":1210,\"publisher\":{\"@id\":\"https:\\\/\\\/www.cc3rivieres76.com\\\/blog\\\/#organization\"},\"image\":{\"@id\":\"https:\\\/\\\/www.cc3rivieres76.com\\\/blog\\\/infos-france-le-jour-ou-jai-demande-a-lia-decrire-cette-chronique-france\\\/#primaryimage\"},\"thumbnailUrl\":\"https:\\\/\\\/www.site.cdcl.xyz\\\/wp-content\\\/uploads\\\/2024\\\/10\\\/Actus-nationales-Presidentielle-americaine-Kamala-Harris-hausse-le-ton-face.svg.svg+xml\",\"articleSection\":[\"Les 3 Rivi\u00e8res Dans La Somme:\"],\"inLanguage\":\"fr-FR\"},{\"@type\":\"WebPage\",\"@id\":\"https:\\\/\\\/www.cc3rivieres76.com\\\/blog\\\/infos-france-le-jour-ou-jai-demande-a-lia-decrire-cette-chronique-france\\\/\",\"url\":\"https:\\\/\\\/www.cc3rivieres76.com\\\/blog\\\/infos-france-le-jour-ou-jai-demande-a-lia-decrire-cette-chronique-france\\\/\",\"name\":\"Infos France: Le jour o\u00f9 j\u2019ai demand\u00e9 \u00e0 l\u2019IA d\u2019\u00e9crire cette chronique\u2026 #France - CC3RIVIERES76\",\"isPartOf\":{\"@id\":\"https:\\\/\\\/www.cc3rivieres76.com\\\/blog\\\/#website\"},\"primaryImageOfPage\":{\"@id\":\"https:\\\/\\\/www.cc3rivieres76.com\\\/blog\\\/infos-france-le-jour-ou-jai-demande-a-lia-decrire-cette-chronique-france\\\/#primaryimage\"},\"image\":{\"@id\":\"https:\\\/\\\/www.cc3rivieres76.com\\\/blog\\\/infos-france-le-jour-ou-jai-demande-a-lia-decrire-cette-chronique-france\\\/#primaryimage\"},\"thumbnailUrl\":\"https:\\\/\\\/www.site.cdcl.xyz\\\/wp-content\\\/uploads\\\/2024\\\/10\\\/Actus-nationales-Presidentielle-americaine-Kamala-Harris-hausse-le-ton-face.svg.svg+xml\",\"datePublished\":\"2025-02-14T14:38:00+00:00\",\"breadcrumb\":{\"@id\":\"https:\\\/\\\/www.cc3rivieres76.com\\\/blog\\\/infos-france-le-jour-ou-jai-demande-a-lia-decrire-cette-chronique-france\\\/#breadcrumb\"},\"inLanguage\":\"fr-FR\",\"potentialAction\":[{\"@type\":\"ReadAction\",\"target\":[\"https:\\\/\\\/www.cc3rivieres76.com\\\/blog\\\/infos-france-le-jour-ou-jai-demande-a-lia-decrire-cette-chronique-france\\\/\"]}]},{\"@type\":\"ImageObject\",\"inLanguage\":\"fr-FR\",\"@id\":\"https:\\\/\\\/www.cc3rivieres76.com\\\/blog\\\/infos-france-le-jour-ou-jai-demande-a-lia-decrire-cette-chronique-france\\\/#primaryimage\",\"url\":\"https:\\\/\\\/www.site.cdcl.xyz\\\/wp-content\\\/uploads\\\/2024\\\/10\\\/Actus-nationales-Presidentielle-americaine-Kamala-Harris-hausse-le-ton-face.svg.svg+xml\",\"contentUrl\":\"https:\\\/\\\/www.site.cdcl.xyz\\\/wp-content\\\/uploads\\\/2024\\\/10\\\/Actus-nationales-Presidentielle-americaine-Kamala-Harris-hausse-le-ton-face.svg.svg+xml\"},{\"@type\":\"BreadcrumbList\",\"@id\":\"https:\\\/\\\/www.cc3rivieres76.com\\\/blog\\\/infos-france-le-jour-ou-jai-demande-a-lia-decrire-cette-chronique-france\\\/#breadcrumb\",\"itemListElement\":[{\"@type\":\"ListItem\",\"position\":1,\"name\":\"Accueil\",\"item\":\"https:\\\/\\\/www.cc3rivieres76.com\\\/blog\\\/\"},{\"@type\":\"ListItem\",\"position\":2,\"name\":\"Infos France: Le jour o\u00f9 j\u2019ai demand\u00e9 \u00e0 l\u2019IA d\u2019\u00e9crire cette chronique\u2026 #France\"}]},{\"@type\":\"WebSite\",\"@id\":\"https:\\\/\\\/www.cc3rivieres76.com\\\/blog\\\/#website\",\"url\":\"https:\\\/\\\/www.cc3rivieres76.com\\\/blog\\\/\",\"name\":\"CC3RIVIERES76\",\"description\":\"Les 3 rivi\u00e8res dans la Somme.\",\"publisher\":{\"@id\":\"https:\\\/\\\/www.cc3rivieres76.com\\\/blog\\\/#organization\"},\"potentialAction\":[{\"@type\":\"SearchAction\",\"target\":{\"@type\":\"EntryPoint\",\"urlTemplate\":\"https:\\\/\\\/www.cc3rivieres76.com\\\/blog\\\/?s={search_term_string}\"},\"query-input\":{\"@type\":\"PropertyValueSpecification\",\"valueRequired\":true,\"valueName\":\"search_term_string\"}}],\"inLanguage\":\"fr-FR\"},{\"@type\":\"Organization\",\"@id\":\"https:\\\/\\\/www.cc3rivieres76.com\\\/blog\\\/#organization\",\"name\":\"cc3rivieres76\",\"url\":\"https:\\\/\\\/www.cc3rivieres76.com\\\/blog\\\/\",\"logo\":{\"@type\":\"ImageObject\",\"inLanguage\":\"fr-FR\",\"@id\":\"https:\\\/\\\/www.cc3rivieres76.com\\\/blog\\\/#\\\/schema\\\/logo\\\/image\\\/\",\"url\":\"https:\\\/\\\/www.cc3rivieres76.com\\\/blog\\\/wp-content\\\/uploads\\\/2023\\\/06\\\/logo-2.png\",\"contentUrl\":\"https:\\\/\\\/www.cc3rivieres76.com\\\/blog\\\/wp-content\\\/uploads\\\/2023\\\/06\\\/logo-2.png\",\"width\":390,\"height\":388,\"caption\":\"cc3rivieres76\"},\"image\":{\"@id\":\"https:\\\/\\\/www.cc3rivieres76.com\\\/blog\\\/#\\\/schema\\\/logo\\\/image\\\/\"}},{\"@type\":\"Person\",\"@id\":\"https:\\\/\\\/www.cc3rivieres76.com\\\/blog\\\/#\\\/schema\\\/person\\\/474d457fb7747b5218f39792dfaa5a1c\",\"name\":\"Sylvie DE LAUZAINGHEIN\",\"image\":{\"@type\":\"ImageObject\",\"inLanguage\":\"fr-FR\",\"@id\":\"https:\\\/\\\/secure.gravatar.com\\\/avatar\\\/9c6a53b19e0a3431aa80de0895b9729fe665cd7e7d6cc94fc11abb152f4237d7?s=96&d=mm&r=g\",\"url\":\"https:\\\/\\\/secure.gravatar.com\\\/avatar\\\/9c6a53b19e0a3431aa80de0895b9729fe665cd7e7d6cc94fc11abb152f4237d7?s=96&d=mm&r=g\",\"contentUrl\":\"https:\\\/\\\/secure.gravatar.com\\\/avatar\\\/9c6a53b19e0a3431aa80de0895b9729fe665cd7e7d6cc94fc11abb152f4237d7?s=96&d=mm&r=g\",\"caption\":\"Sylvie DE LAUZAINGHEIN\"},\"url\":\"https:\\\/\\\/www.cc3rivieres76.com\\\/blog\\\/author\\\/s76sylvie\\\/\"}]}<\/script>\n<!-- \/ Yoast SEO plugin. -->","yoast_head_json":{"title":"Infos France: Le jour o\u00f9 j\u2019ai demand\u00e9 \u00e0 l\u2019IA d\u2019\u00e9crire cette chronique\u2026 #France - CC3RIVIERES76","robots":{"index":"index","follow":"follow","max-snippet":"max-snippet:-1","max-image-preview":"max-image-preview:large","max-video-preview":"max-video-preview:-1"},"canonical":"https:\/\/www.cc3rivieres76.com\/blog\/infos-france-le-jour-ou-jai-demande-a-lia-decrire-cette-chronique-france\/","og_locale":"fr_FR","og_type":"article","og_title":"Infos France: Le jour o\u00f9 j\u2019ai demand\u00e9 \u00e0 l\u2019IA d\u2019\u00e9crire cette chronique\u2026 #France - CC3RIVIERES76","og_description":"Nous venons de rep\u00e9rer cet encart sur le th\u00e8me \u00ab&nbsp;Actualit\u00e9 fran\u00e7aise&nbsp;\u00bb. Avec plaisir nous vous en diffusons l\u2019essentiel ci-dessous. A lire sur Le Point \u2013 Toute l&rsquo;info en continu, l\u2019article ci-dessous Signature . Date et heure de la r\u00e9ception de la d\u00e9p\u00e9che sur notre fil d\u2019info: Date et heure de publication sur internet: Titre exacte &hellip; Continuer la lecture \u00ab\u00a0Infos France: Le jour o\u00f9 j\u2019ai demand\u00e9 \u00e0 l\u2019IA d\u2019\u00e9crire cette chronique\u2026 #France\u00a0\u00bb","og_url":"https:\/\/www.cc3rivieres76.com\/blog\/infos-france-le-jour-ou-jai-demande-a-lia-decrire-cette-chronique-france\/","og_site_name":"CC3RIVIERES76","article_published_time":"2025-02-14T14:38:00+00:00","og_image":[{"url":"https:\/\/www.site.cdcl.xyz\/wp-content\/uploads\/2024\/10\/Actus-nationales-Presidentielle-americaine-Kamala-Harris-hausse-le-ton-face.svg.svg+xml","type":"","width":"","height":""}],"author":"Sylvie DE LAUZAINGHEIN","twitter_card":"summary_large_image","twitter_misc":{"\u00c9crit par":"Sylvie DE LAUZAINGHEIN","Dur\u00e9e de lecture estim\u00e9e":"6 minutes"},"schema":{"@context":"https:\/\/schema.org","@graph":[{"@type":"Article","@id":"https:\/\/www.cc3rivieres76.com\/blog\/infos-france-le-jour-ou-jai-demande-a-lia-decrire-cette-chronique-france\/#article","isPartOf":{"@id":"https:\/\/www.cc3rivieres76.com\/blog\/infos-france-le-jour-ou-jai-demande-a-lia-decrire-cette-chronique-france\/"},"author":{"name":"Sylvie DE LAUZAINGHEIN","@id":"https:\/\/www.cc3rivieres76.com\/blog\/#\/schema\/person\/474d457fb7747b5218f39792dfaa5a1c"},"headline":"Infos France: Le jour o\u00f9 j\u2019ai demand\u00e9 \u00e0 l\u2019IA d\u2019\u00e9crire cette chronique\u2026 #France","datePublished":"2025-02-14T14:38:00+00:00","mainEntityOfPage":{"@id":"https:\/\/www.cc3rivieres76.com\/blog\/infos-france-le-jour-ou-jai-demande-a-lia-decrire-cette-chronique-france\/"},"wordCount":1210,"publisher":{"@id":"https:\/\/www.cc3rivieres76.com\/blog\/#organization"},"image":{"@id":"https:\/\/www.cc3rivieres76.com\/blog\/infos-france-le-jour-ou-jai-demande-a-lia-decrire-cette-chronique-france\/#primaryimage"},"thumbnailUrl":"https:\/\/www.site.cdcl.xyz\/wp-content\/uploads\/2024\/10\/Actus-nationales-Presidentielle-americaine-Kamala-Harris-hausse-le-ton-face.svg.svg+xml","articleSection":["Les 3 Rivi\u00e8res Dans La Somme:"],"inLanguage":"fr-FR"},{"@type":"WebPage","@id":"https:\/\/www.cc3rivieres76.com\/blog\/infos-france-le-jour-ou-jai-demande-a-lia-decrire-cette-chronique-france\/","url":"https:\/\/www.cc3rivieres76.com\/blog\/infos-france-le-jour-ou-jai-demande-a-lia-decrire-cette-chronique-france\/","name":"Infos France: Le jour o\u00f9 j\u2019ai demand\u00e9 \u00e0 l\u2019IA d\u2019\u00e9crire cette chronique\u2026 #France - CC3RIVIERES76","isPartOf":{"@id":"https:\/\/www.cc3rivieres76.com\/blog\/#website"},"primaryImageOfPage":{"@id":"https:\/\/www.cc3rivieres76.com\/blog\/infos-france-le-jour-ou-jai-demande-a-lia-decrire-cette-chronique-france\/#primaryimage"},"image":{"@id":"https:\/\/www.cc3rivieres76.com\/blog\/infos-france-le-jour-ou-jai-demande-a-lia-decrire-cette-chronique-france\/#primaryimage"},"thumbnailUrl":"https:\/\/www.site.cdcl.xyz\/wp-content\/uploads\/2024\/10\/Actus-nationales-Presidentielle-americaine-Kamala-Harris-hausse-le-ton-face.svg.svg+xml","datePublished":"2025-02-14T14:38:00+00:00","breadcrumb":{"@id":"https:\/\/www.cc3rivieres76.com\/blog\/infos-france-le-jour-ou-jai-demande-a-lia-decrire-cette-chronique-france\/#breadcrumb"},"inLanguage":"fr-FR","potentialAction":[{"@type":"ReadAction","target":["https:\/\/www.cc3rivieres76.com\/blog\/infos-france-le-jour-ou-jai-demande-a-lia-decrire-cette-chronique-france\/"]}]},{"@type":"ImageObject","inLanguage":"fr-FR","@id":"https:\/\/www.cc3rivieres76.com\/blog\/infos-france-le-jour-ou-jai-demande-a-lia-decrire-cette-chronique-france\/#primaryimage","url":"https:\/\/www.site.cdcl.xyz\/wp-content\/uploads\/2024\/10\/Actus-nationales-Presidentielle-americaine-Kamala-Harris-hausse-le-ton-face.svg.svg+xml","contentUrl":"https:\/\/www.site.cdcl.xyz\/wp-content\/uploads\/2024\/10\/Actus-nationales-Presidentielle-americaine-Kamala-Harris-hausse-le-ton-face.svg.svg+xml"},{"@type":"BreadcrumbList","@id":"https:\/\/www.cc3rivieres76.com\/blog\/infos-france-le-jour-ou-jai-demande-a-lia-decrire-cette-chronique-france\/#breadcrumb","itemListElement":[{"@type":"ListItem","position":1,"name":"Accueil","item":"https:\/\/www.cc3rivieres76.com\/blog\/"},{"@type":"ListItem","position":2,"name":"Infos France: Le jour o\u00f9 j\u2019ai demand\u00e9 \u00e0 l\u2019IA d\u2019\u00e9crire cette chronique\u2026 #France"}]},{"@type":"WebSite","@id":"https:\/\/www.cc3rivieres76.com\/blog\/#website","url":"https:\/\/www.cc3rivieres76.com\/blog\/","name":"CC3RIVIERES76","description":"Les 3 rivi\u00e8res dans la Somme.","publisher":{"@id":"https:\/\/www.cc3rivieres76.com\/blog\/#organization"},"potentialAction":[{"@type":"SearchAction","target":{"@type":"EntryPoint","urlTemplate":"https:\/\/www.cc3rivieres76.com\/blog\/?s={search_term_string}"},"query-input":{"@type":"PropertyValueSpecification","valueRequired":true,"valueName":"search_term_string"}}],"inLanguage":"fr-FR"},{"@type":"Organization","@id":"https:\/\/www.cc3rivieres76.com\/blog\/#organization","name":"cc3rivieres76","url":"https:\/\/www.cc3rivieres76.com\/blog\/","logo":{"@type":"ImageObject","inLanguage":"fr-FR","@id":"https:\/\/www.cc3rivieres76.com\/blog\/#\/schema\/logo\/image\/","url":"https:\/\/www.cc3rivieres76.com\/blog\/wp-content\/uploads\/2023\/06\/logo-2.png","contentUrl":"https:\/\/www.cc3rivieres76.com\/blog\/wp-content\/uploads\/2023\/06\/logo-2.png","width":390,"height":388,"caption":"cc3rivieres76"},"image":{"@id":"https:\/\/www.cc3rivieres76.com\/blog\/#\/schema\/logo\/image\/"}},{"@type":"Person","@id":"https:\/\/www.cc3rivieres76.com\/blog\/#\/schema\/person\/474d457fb7747b5218f39792dfaa5a1c","name":"Sylvie DE LAUZAINGHEIN","image":{"@type":"ImageObject","inLanguage":"fr-FR","@id":"https:\/\/secure.gravatar.com\/avatar\/9c6a53b19e0a3431aa80de0895b9729fe665cd7e7d6cc94fc11abb152f4237d7?s=96&d=mm&r=g","url":"https:\/\/secure.gravatar.com\/avatar\/9c6a53b19e0a3431aa80de0895b9729fe665cd7e7d6cc94fc11abb152f4237d7?s=96&d=mm&r=g","contentUrl":"https:\/\/secure.gravatar.com\/avatar\/9c6a53b19e0a3431aa80de0895b9729fe665cd7e7d6cc94fc11abb152f4237d7?s=96&d=mm&r=g","caption":"Sylvie DE LAUZAINGHEIN"},"url":"https:\/\/www.cc3rivieres76.com\/blog\/author\/s76sylvie\/"}]}},"_links":{"self":[{"href":"https:\/\/www.cc3rivieres76.com\/blog\/wp-json\/wp\/v2\/posts\/544","targetHints":{"allow":["GET"]}}],"collection":[{"href":"https:\/\/www.cc3rivieres76.com\/blog\/wp-json\/wp\/v2\/posts"}],"about":[{"href":"https:\/\/www.cc3rivieres76.com\/blog\/wp-json\/wp\/v2\/types\/post"}],"author":[{"embeddable":true,"href":"https:\/\/www.cc3rivieres76.com\/blog\/wp-json\/wp\/v2\/users\/3"}],"replies":[{"embeddable":true,"href":"https:\/\/www.cc3rivieres76.com\/blog\/wp-json\/wp\/v2\/comments?post=544"}],"version-history":[{"count":0,"href":"https:\/\/www.cc3rivieres76.com\/blog\/wp-json\/wp\/v2\/posts\/544\/revisions"}],"wp:attachment":[{"href":"https:\/\/www.cc3rivieres76.com\/blog\/wp-json\/wp\/v2\/media?parent=544"}],"wp:term":[{"taxonomy":"category","embeddable":true,"href":"https:\/\/www.cc3rivieres76.com\/blog\/wp-json\/wp\/v2\/categories?post=544"},{"taxonomy":"post_tag","embeddable":true,"href":"https:\/\/www.cc3rivieres76.com\/blog\/wp-json\/wp\/v2\/tags?post=544"}],"curies":[{"name":"wp","href":"https:\/\/api.w.org\/{rel}","templated":true}]}}