{"id":560,"date":"2025-03-02T17:43:01","date_gmt":"2025-03-02T16:43:01","guid":{"rendered":"https:\/\/www.site.cdcl.xyz\/2025\/03\/02\/infos-france-cyclisme-le-francais-doubey-remppente-le-tour-du-rwanda-la-derniere-etape-annulee\/"},"modified":"2025-03-02T17:43:01","modified_gmt":"2025-03-02T16:43:01","slug":"infos-france-cyclisme-le-francais-doubey-remppente-le-tour-du-rwanda-la-derniere-etape-annulee","status":"publish","type":"post","link":"https:\/\/www.cc3rivieres76.com\/blog\/infos-france-cyclisme-le-francais-doubey-remppente-le-tour-du-rwanda-la-derniere-etape-annulee\/","title":{"rendered":"Infos france: Cyclisme: Le Fran\u00e7ais Doubey Remppente le Tour du Rwanda, La Derni\u00e8re \u00c9tape Annul\u00e9e"},"content":{"rendered":"\n<p><img decoding=\"async\" src=\"https:\/\/www.cc3rivieres76.com\/blog\/wp-content\/uploads\/2025\/03\/infos-france-cyclisme-le-francais-doubey-remppente-le-tour-du-rwanda-la-derniere-etape-annulee.jpg\"><br \/>Le Fran\u00e7ais Fabien Doubey de L&rsquo;\u00e9quipe TotalEngegies A Rempl\u00e9 Dimanche le Tour du Rwanda Apr\u00e8s L&rsquo;annonce de la Septi\u00e8me et Derni\u00e8re \u00e9tape en raison de la pluie et des routes glissantes \u00e0 Kigali. Le Coureur de 31 Ans, Qui avait pris la T\u00eate du Classivement G\u00e9n\u00e9ral La Veille, D\u00e9croche sa Premi\u00e8re Victoire Chez Les Profestionnels Avec Six Secondes d&rsquo;Avance sur l&rsquo;\u00c9rythr\u00e9n Henok Mulubrhan et sur l&rsquo;allemand Oliver Mattheis. La Course s&rsquo;est termin\u00e9e en queue de Poisson Avec L&rsquo;annonce de la Derni\u00e8re \u00e9tape en Circuit DIMANCE \u00c0 KIGALI, LA CAPITALE DU PAYS QUI DOIT ACCUEILILL EN SEPTEMBRE Les Premiers Championnats Du Monde Sur Route Jamais Organis\u00e9s Sur le Continent Africain. \u00abEnaison de conditions m\u00e9t\u00e9orologiques impr\u00e9vus le rendu les routes glissantes, le Pr\u00e9sident du Jury de l&rsquo;uci a d\u00e9c\u00e9d\u00e9 d&rsquo;Arr\u00eater la Derni\u00e8re \u00e9tape du Tour du Rwanda alors Qu&rsquo;il Restait Un Tour \u00e0 Parcourir\u00bb, indu\u00e9 Les Organis\u00e9s.<\/p>\n<p>Livres sur le m\u00eame objet:<\/p>\n<p>Fortune de France, tome 2 : En nos vertes ann\u00e9es.,<a href=\"https:\/\/booknode.com\/fortune_de_france_tome_2_en_nos_vertes_annees_01263\" target=\"_blank\" rel=\"noopener noreferrer nofollow\">A lire. <\/a><span><\/span>. Disponible sur internet.<\/p>\n<p>La guerre froide de la France.,<a href=\"https:\/\/www.kobo.com\/fr\/fr\/ebook\/la-guerre-froide-de-la-france-1\" target=\"_blank\" rel=\"noopener noreferrer nofollow\">Ici <\/a><span><\/span>.<\/p>\n<p>Voir la France loin de la foule.,<a href=\"https:\/\/images.epagine.fr\/032\/9782013959032_1_m.jpg\" target=\"_blank\" rel=\"noopener noreferrer nofollow\">Ici <\/a><span><\/span>.<\/p>\n<p> Cet article, qui traite du th\u00e8me \u00ab\u00a0Les 3 rivi\u00e8res dans la Somme\u00a0\u00bb, vous est sp\u00e9cialement sugg\u00e9r\u00e9 par cc3rivieres76.com. La chronique est reproduite du mieux possible. Dans le cas o\u00f9 vous souhaitez apporter quelques pr\u00e9cisions concernant le domaine de \u00ab\u00a0Les 3 rivi\u00e8res dans la Somme\u00a0\u00bb vous pouvez solliciter notre r\u00e9daction. La destination de cc3rivieres76.com est de d\u00e9battre de Les 3 rivi\u00e8res dans la Somme dans la transparence en vous apportant la connaissance de tout ce qui est en lien avec ce sujet sur la toile Connectez-vous sur notre site cc3rivieres76.com et nos r\u00e9seaux sociaux dans le but d\u2019\u00eatre inform\u00e9 des futures publications.<\/p>\n","protected":false},"excerpt":{"rendered":"<p>Le Fran\u00e7ais Fabien Doubey de L&rsquo;\u00e9quipe TotalEngegies A Rempl\u00e9 Dimanche le Tour du Rwanda Apr\u00e8s L&rsquo;annonce de la Septi\u00e8me et Derni\u00e8re \u00e9tape en raison de la pluie et des routes glissantes \u00e0 Kigali. Le Coureur de 31 Ans, Qui avait pris la T\u00eate du Classivement G\u00e9n\u00e9ral La Veille, D\u00e9croche sa Premi\u00e8re Victoire Chez Les Profestionnels &hellip; <\/p>\n<p class=\"link-more\"><a href=\"https:\/\/www.cc3rivieres76.com\/blog\/infos-france-cyclisme-le-francais-doubey-remppente-le-tour-du-rwanda-la-derniere-etape-annulee\/\" class=\"more-link\">Continuer la lecture <span class=\"screen-reader-text\"> \u00ab\u00a0Infos france: Cyclisme: Le Fran\u00e7ais Doubey Remppente le Tour du Rwanda, La Derni\u00e8re \u00c9tape Annul\u00e9e\u00a0\u00bb<\/span><\/a><\/p>\n","protected":false},"author":3,"featured_media":561,"comment_status":"closed","ping_status":"closed","sticky":false,"template":"","format":"standard","meta":{"footnotes":""},"categories":[2],"tags":[],"class_list":["post-560","post","type-post","status-publish","format-standard","has-post-thumbnail","hentry","category-les-3-rivieres-dans-la-somme","entry"],"yoast_head":"<!-- This site is optimized with the Yoast SEO plugin v27.5 - https:\/\/yoast.com\/product\/yoast-seo-wordpress\/ -->\n<title>Infos france: Cyclisme: Le Fran\u00e7ais Doubey Remppente le Tour du Rwanda, La Derni\u00e8re \u00c9tape Annul\u00e9e - CC3RIVIERES76<\/title>\n<meta name=\"robots\" content=\"index, follow, max-snippet:-1, max-image-preview:large, max-video-preview:-1\" \/>\n<link rel=\"canonical\" href=\"https:\/\/www.cc3rivieres76.com\/blog\/infos-france-cyclisme-le-francais-doubey-remppente-le-tour-du-rwanda-la-derniere-etape-annulee\/\" \/>\n<meta property=\"og:locale\" content=\"fr_FR\" \/>\n<meta property=\"og:type\" content=\"article\" \/>\n<meta property=\"og:title\" content=\"Infos france: Cyclisme: Le Fran\u00e7ais Doubey Remppente le Tour du Rwanda, La Derni\u00e8re \u00c9tape Annul\u00e9e - CC3RIVIERES76\" \/>\n<meta property=\"og:description\" content=\"Le Fran\u00e7ais Fabien Doubey de L&rsquo;\u00e9quipe TotalEngegies A Rempl\u00e9 Dimanche le Tour du Rwanda Apr\u00e8s L&rsquo;annonce de la Septi\u00e8me et Derni\u00e8re \u00e9tape en raison de la pluie et des routes glissantes \u00e0 Kigali. Le Coureur de 31 Ans, Qui avait pris la T\u00eate du Classivement G\u00e9n\u00e9ral La Veille, D\u00e9croche sa Premi\u00e8re Victoire Chez Les Profestionnels &hellip; Continuer la lecture \u00ab\u00a0Infos france: Cyclisme: Le Fran\u00e7ais Doubey Remppente le Tour du Rwanda, La Derni\u00e8re \u00c9tape Annul\u00e9e\u00a0\u00bb\" \/>\n<meta property=\"og:url\" content=\"https:\/\/www.cc3rivieres76.com\/blog\/infos-france-cyclisme-le-francais-doubey-remppente-le-tour-du-rwanda-la-derniere-etape-annulee\/\" \/>\n<meta property=\"og:site_name\" content=\"CC3RIVIERES76\" \/>\n<meta property=\"article:published_time\" content=\"2025-03-02T16:43:01+00:00\" \/>\n<meta property=\"og:image\" content=\"https:\/\/www.cc3rivieres76.com\/blog\/wp-content\/uploads\/2025\/03\/infos-france-cyclisme-le-francais-doubey-remppente-le-tour-du-rwanda-la-derniere-etape-annulee.jpg\" \/>\n<meta name=\"author\" content=\"Sylvie DE LAUZAINGHEIN\" \/>\n<meta name=\"twitter:card\" content=\"summary_large_image\" \/>\n<meta name=\"twitter:label1\" content=\"\u00c9crit par\" \/>\n\t<meta name=\"twitter:data1\" content=\"Sylvie DE LAUZAINGHEIN\" \/>\n\t<meta name=\"twitter:label2\" content=\"Dur\u00e9e de lecture estim\u00e9e\" \/>\n\t<meta name=\"twitter:data2\" content=\"2 minutes\" \/>\n<script type=\"application\/ld+json\" class=\"yoast-schema-graph\">{\"@context\":\"https:\\\/\\\/schema.org\",\"@graph\":[{\"@type\":\"Article\",\"@id\":\"https:\\\/\\\/www.cc3rivieres76.com\\\/blog\\\/infos-france-cyclisme-le-francais-doubey-remppente-le-tour-du-rwanda-la-derniere-etape-annulee\\\/#article\",\"isPartOf\":{\"@id\":\"https:\\\/\\\/www.cc3rivieres76.com\\\/blog\\\/infos-france-cyclisme-le-francais-doubey-remppente-le-tour-du-rwanda-la-derniere-etape-annulee\\\/\"},\"author\":{\"name\":\"Sylvie DE LAUZAINGHEIN\",\"@id\":\"https:\\\/\\\/www.cc3rivieres76.com\\\/blog\\\/#\\\/schema\\\/person\\\/474d457fb7747b5218f39792dfaa5a1c\"},\"headline\":\"Infos france: Cyclisme: Le Fran\u00e7ais Doubey Remppente le Tour du Rwanda, La Derni\u00e8re \u00c9tape Annul\u00e9e\",\"datePublished\":\"2025-03-02T16:43:01+00:00\",\"mainEntityOfPage\":{\"@id\":\"https:\\\/\\\/www.cc3rivieres76.com\\\/blog\\\/infos-france-cyclisme-le-francais-doubey-remppente-le-tour-du-rwanda-la-derniere-etape-annulee\\\/\"},\"wordCount\":341,\"publisher\":{\"@id\":\"https:\\\/\\\/www.cc3rivieres76.com\\\/blog\\\/#organization\"},\"image\":{\"@id\":\"https:\\\/\\\/www.cc3rivieres76.com\\\/blog\\\/infos-france-cyclisme-le-francais-doubey-remppente-le-tour-du-rwanda-la-derniere-etape-annulee\\\/#primaryimage\"},\"thumbnailUrl\":\"https:\\\/\\\/www.cc3rivieres76.com\\\/blog\\\/wp-content\\\/uploads\\\/2025\\\/03\\\/infos-france-cyclisme-le-francais-doubey-remppente-le-tour-du-rwanda-la-derniere-etape-annulee.jpg\",\"articleSection\":[\"Les 3 Rivi\u00e8res Dans La Somme:\"],\"inLanguage\":\"fr-FR\"},{\"@type\":\"WebPage\",\"@id\":\"https:\\\/\\\/www.cc3rivieres76.com\\\/blog\\\/infos-france-cyclisme-le-francais-doubey-remppente-le-tour-du-rwanda-la-derniere-etape-annulee\\\/\",\"url\":\"https:\\\/\\\/www.cc3rivieres76.com\\\/blog\\\/infos-france-cyclisme-le-francais-doubey-remppente-le-tour-du-rwanda-la-derniere-etape-annulee\\\/\",\"name\":\"Infos france: Cyclisme: Le Fran\u00e7ais Doubey Remppente le Tour du Rwanda, La Derni\u00e8re \u00c9tape Annul\u00e9e - CC3RIVIERES76\",\"isPartOf\":{\"@id\":\"https:\\\/\\\/www.cc3rivieres76.com\\\/blog\\\/#website\"},\"primaryImageOfPage\":{\"@id\":\"https:\\\/\\\/www.cc3rivieres76.com\\\/blog\\\/infos-france-cyclisme-le-francais-doubey-remppente-le-tour-du-rwanda-la-derniere-etape-annulee\\\/#primaryimage\"},\"image\":{\"@id\":\"https:\\\/\\\/www.cc3rivieres76.com\\\/blog\\\/infos-france-cyclisme-le-francais-doubey-remppente-le-tour-du-rwanda-la-derniere-etape-annulee\\\/#primaryimage\"},\"thumbnailUrl\":\"https:\\\/\\\/www.cc3rivieres76.com\\\/blog\\\/wp-content\\\/uploads\\\/2025\\\/03\\\/infos-france-cyclisme-le-francais-doubey-remppente-le-tour-du-rwanda-la-derniere-etape-annulee.jpg\",\"datePublished\":\"2025-03-02T16:43:01+00:00\",\"breadcrumb\":{\"@id\":\"https:\\\/\\\/www.cc3rivieres76.com\\\/blog\\\/infos-france-cyclisme-le-francais-doubey-remppente-le-tour-du-rwanda-la-derniere-etape-annulee\\\/#breadcrumb\"},\"inLanguage\":\"fr-FR\",\"potentialAction\":[{\"@type\":\"ReadAction\",\"target\":[\"https:\\\/\\\/www.cc3rivieres76.com\\\/blog\\\/infos-france-cyclisme-le-francais-doubey-remppente-le-tour-du-rwanda-la-derniere-etape-annulee\\\/\"]}]},{\"@type\":\"ImageObject\",\"inLanguage\":\"fr-FR\",\"@id\":\"https:\\\/\\\/www.cc3rivieres76.com\\\/blog\\\/infos-france-cyclisme-le-francais-doubey-remppente-le-tour-du-rwanda-la-derniere-etape-annulee\\\/#primaryimage\",\"url\":\"https:\\\/\\\/www.cc3rivieres76.com\\\/blog\\\/wp-content\\\/uploads\\\/2025\\\/03\\\/infos-france-cyclisme-le-francais-doubey-remppente-le-tour-du-rwanda-la-derniere-etape-annulee.jpg\",\"contentUrl\":\"https:\\\/\\\/www.cc3rivieres76.com\\\/blog\\\/wp-content\\\/uploads\\\/2025\\\/03\\\/infos-france-cyclisme-le-francais-doubey-remppente-le-tour-du-rwanda-la-derniere-etape-annulee.jpg\",\"width\":1024,\"height\":576,\"caption\":\"Infos france: Cyclisme: Le Fran\u00e7ais Doubey Remppente le Tour du Rwanda, La Derni\u00e8re \u00c9tape Annul\u00e9e\"},{\"@type\":\"BreadcrumbList\",\"@id\":\"https:\\\/\\\/www.cc3rivieres76.com\\\/blog\\\/infos-france-cyclisme-le-francais-doubey-remppente-le-tour-du-rwanda-la-derniere-etape-annulee\\\/#breadcrumb\",\"itemListElement\":[{\"@type\":\"ListItem\",\"position\":1,\"name\":\"Accueil\",\"item\":\"https:\\\/\\\/www.cc3rivieres76.com\\\/blog\\\/\"},{\"@type\":\"ListItem\",\"position\":2,\"name\":\"Infos france: Cyclisme: Le Fran\u00e7ais Doubey Remppente le Tour du Rwanda, La Derni\u00e8re \u00c9tape Annul\u00e9e\"}]},{\"@type\":\"WebSite\",\"@id\":\"https:\\\/\\\/www.cc3rivieres76.com\\\/blog\\\/#website\",\"url\":\"https:\\\/\\\/www.cc3rivieres76.com\\\/blog\\\/\",\"name\":\"CC3RIVIERES76\",\"description\":\"Les 3 rivi\u00e8res dans la Somme.\",\"publisher\":{\"@id\":\"https:\\\/\\\/www.cc3rivieres76.com\\\/blog\\\/#organization\"},\"potentialAction\":[{\"@type\":\"SearchAction\",\"target\":{\"@type\":\"EntryPoint\",\"urlTemplate\":\"https:\\\/\\\/www.cc3rivieres76.com\\\/blog\\\/?s={search_term_string}\"},\"query-input\":{\"@type\":\"PropertyValueSpecification\",\"valueRequired\":true,\"valueName\":\"search_term_string\"}}],\"inLanguage\":\"fr-FR\"},{\"@type\":\"Organization\",\"@id\":\"https:\\\/\\\/www.cc3rivieres76.com\\\/blog\\\/#organization\",\"name\":\"cc3rivieres76\",\"url\":\"https:\\\/\\\/www.cc3rivieres76.com\\\/blog\\\/\",\"logo\":{\"@type\":\"ImageObject\",\"inLanguage\":\"fr-FR\",\"@id\":\"https:\\\/\\\/www.cc3rivieres76.com\\\/blog\\\/#\\\/schema\\\/logo\\\/image\\\/\",\"url\":\"https:\\\/\\\/www.cc3rivieres76.com\\\/blog\\\/wp-content\\\/uploads\\\/2023\\\/06\\\/logo-2.png\",\"contentUrl\":\"https:\\\/\\\/www.cc3rivieres76.com\\\/blog\\\/wp-content\\\/uploads\\\/2023\\\/06\\\/logo-2.png\",\"width\":390,\"height\":388,\"caption\":\"cc3rivieres76\"},\"image\":{\"@id\":\"https:\\\/\\\/www.cc3rivieres76.com\\\/blog\\\/#\\\/schema\\\/logo\\\/image\\\/\"}},{\"@type\":\"Person\",\"@id\":\"https:\\\/\\\/www.cc3rivieres76.com\\\/blog\\\/#\\\/schema\\\/person\\\/474d457fb7747b5218f39792dfaa5a1c\",\"name\":\"Sylvie DE LAUZAINGHEIN\",\"image\":{\"@type\":\"ImageObject\",\"inLanguage\":\"fr-FR\",\"@id\":\"https:\\\/\\\/secure.gravatar.com\\\/avatar\\\/9c6a53b19e0a3431aa80de0895b9729fe665cd7e7d6cc94fc11abb152f4237d7?s=96&d=mm&r=g\",\"url\":\"https:\\\/\\\/secure.gravatar.com\\\/avatar\\\/9c6a53b19e0a3431aa80de0895b9729fe665cd7e7d6cc94fc11abb152f4237d7?s=96&d=mm&r=g\",\"contentUrl\":\"https:\\\/\\\/secure.gravatar.com\\\/avatar\\\/9c6a53b19e0a3431aa80de0895b9729fe665cd7e7d6cc94fc11abb152f4237d7?s=96&d=mm&r=g\",\"caption\":\"Sylvie DE LAUZAINGHEIN\"},\"url\":\"https:\\\/\\\/www.cc3rivieres76.com\\\/blog\\\/author\\\/s76sylvie\\\/\"}]}<\/script>\n<!-- \/ Yoast SEO plugin. -->","yoast_head_json":{"title":"Infos france: Cyclisme: Le Fran\u00e7ais Doubey Remppente le Tour du Rwanda, La Derni\u00e8re \u00c9tape Annul\u00e9e - CC3RIVIERES76","robots":{"index":"index","follow":"follow","max-snippet":"max-snippet:-1","max-image-preview":"max-image-preview:large","max-video-preview":"max-video-preview:-1"},"canonical":"https:\/\/www.cc3rivieres76.com\/blog\/infos-france-cyclisme-le-francais-doubey-remppente-le-tour-du-rwanda-la-derniere-etape-annulee\/","og_locale":"fr_FR","og_type":"article","og_title":"Infos france: Cyclisme: Le Fran\u00e7ais Doubey Remppente le Tour du Rwanda, La Derni\u00e8re \u00c9tape Annul\u00e9e - CC3RIVIERES76","og_description":"Le Fran\u00e7ais Fabien Doubey de L&rsquo;\u00e9quipe TotalEngegies A Rempl\u00e9 Dimanche le Tour du Rwanda Apr\u00e8s L&rsquo;annonce de la Septi\u00e8me et Derni\u00e8re \u00e9tape en raison de la pluie et des routes glissantes \u00e0 Kigali. Le Coureur de 31 Ans, Qui avait pris la T\u00eate du Classivement G\u00e9n\u00e9ral La Veille, D\u00e9croche sa Premi\u00e8re Victoire Chez Les Profestionnels &hellip; Continuer la lecture \u00ab\u00a0Infos france: Cyclisme: Le Fran\u00e7ais Doubey Remppente le Tour du Rwanda, La Derni\u00e8re \u00c9tape Annul\u00e9e\u00a0\u00bb","og_url":"https:\/\/www.cc3rivieres76.com\/blog\/infos-france-cyclisme-le-francais-doubey-remppente-le-tour-du-rwanda-la-derniere-etape-annulee\/","og_site_name":"CC3RIVIERES76","article_published_time":"2025-03-02T16:43:01+00:00","og_image":[{"url":"https:\/\/www.cc3rivieres76.com\/blog\/wp-content\/uploads\/2025\/03\/infos-france-cyclisme-le-francais-doubey-remppente-le-tour-du-rwanda-la-derniere-etape-annulee.jpg","type":"","width":"","height":""}],"author":"Sylvie DE LAUZAINGHEIN","twitter_card":"summary_large_image","twitter_misc":{"\u00c9crit par":"Sylvie DE LAUZAINGHEIN","Dur\u00e9e de lecture estim\u00e9e":"2 minutes"},"schema":{"@context":"https:\/\/schema.org","@graph":[{"@type":"Article","@id":"https:\/\/www.cc3rivieres76.com\/blog\/infos-france-cyclisme-le-francais-doubey-remppente-le-tour-du-rwanda-la-derniere-etape-annulee\/#article","isPartOf":{"@id":"https:\/\/www.cc3rivieres76.com\/blog\/infos-france-cyclisme-le-francais-doubey-remppente-le-tour-du-rwanda-la-derniere-etape-annulee\/"},"author":{"name":"Sylvie DE LAUZAINGHEIN","@id":"https:\/\/www.cc3rivieres76.com\/blog\/#\/schema\/person\/474d457fb7747b5218f39792dfaa5a1c"},"headline":"Infos france: Cyclisme: Le Fran\u00e7ais Doubey Remppente le Tour du Rwanda, La Derni\u00e8re \u00c9tape Annul\u00e9e","datePublished":"2025-03-02T16:43:01+00:00","mainEntityOfPage":{"@id":"https:\/\/www.cc3rivieres76.com\/blog\/infos-france-cyclisme-le-francais-doubey-remppente-le-tour-du-rwanda-la-derniere-etape-annulee\/"},"wordCount":341,"publisher":{"@id":"https:\/\/www.cc3rivieres76.com\/blog\/#organization"},"image":{"@id":"https:\/\/www.cc3rivieres76.com\/blog\/infos-france-cyclisme-le-francais-doubey-remppente-le-tour-du-rwanda-la-derniere-etape-annulee\/#primaryimage"},"thumbnailUrl":"https:\/\/www.cc3rivieres76.com\/blog\/wp-content\/uploads\/2025\/03\/infos-france-cyclisme-le-francais-doubey-remppente-le-tour-du-rwanda-la-derniere-etape-annulee.jpg","articleSection":["Les 3 Rivi\u00e8res Dans La Somme:"],"inLanguage":"fr-FR"},{"@type":"WebPage","@id":"https:\/\/www.cc3rivieres76.com\/blog\/infos-france-cyclisme-le-francais-doubey-remppente-le-tour-du-rwanda-la-derniere-etape-annulee\/","url":"https:\/\/www.cc3rivieres76.com\/blog\/infos-france-cyclisme-le-francais-doubey-remppente-le-tour-du-rwanda-la-derniere-etape-annulee\/","name":"Infos france: Cyclisme: Le Fran\u00e7ais Doubey Remppente le Tour du Rwanda, La Derni\u00e8re \u00c9tape Annul\u00e9e - CC3RIVIERES76","isPartOf":{"@id":"https:\/\/www.cc3rivieres76.com\/blog\/#website"},"primaryImageOfPage":{"@id":"https:\/\/www.cc3rivieres76.com\/blog\/infos-france-cyclisme-le-francais-doubey-remppente-le-tour-du-rwanda-la-derniere-etape-annulee\/#primaryimage"},"image":{"@id":"https:\/\/www.cc3rivieres76.com\/blog\/infos-france-cyclisme-le-francais-doubey-remppente-le-tour-du-rwanda-la-derniere-etape-annulee\/#primaryimage"},"thumbnailUrl":"https:\/\/www.cc3rivieres76.com\/blog\/wp-content\/uploads\/2025\/03\/infos-france-cyclisme-le-francais-doubey-remppente-le-tour-du-rwanda-la-derniere-etape-annulee.jpg","datePublished":"2025-03-02T16:43:01+00:00","breadcrumb":{"@id":"https:\/\/www.cc3rivieres76.com\/blog\/infos-france-cyclisme-le-francais-doubey-remppente-le-tour-du-rwanda-la-derniere-etape-annulee\/#breadcrumb"},"inLanguage":"fr-FR","potentialAction":[{"@type":"ReadAction","target":["https:\/\/www.cc3rivieres76.com\/blog\/infos-france-cyclisme-le-francais-doubey-remppente-le-tour-du-rwanda-la-derniere-etape-annulee\/"]}]},{"@type":"ImageObject","inLanguage":"fr-FR","@id":"https:\/\/www.cc3rivieres76.com\/blog\/infos-france-cyclisme-le-francais-doubey-remppente-le-tour-du-rwanda-la-derniere-etape-annulee\/#primaryimage","url":"https:\/\/www.cc3rivieres76.com\/blog\/wp-content\/uploads\/2025\/03\/infos-france-cyclisme-le-francais-doubey-remppente-le-tour-du-rwanda-la-derniere-etape-annulee.jpg","contentUrl":"https:\/\/www.cc3rivieres76.com\/blog\/wp-content\/uploads\/2025\/03\/infos-france-cyclisme-le-francais-doubey-remppente-le-tour-du-rwanda-la-derniere-etape-annulee.jpg","width":1024,"height":576,"caption":"Infos france: Cyclisme: Le Fran\u00e7ais Doubey Remppente le Tour du Rwanda, La Derni\u00e8re \u00c9tape Annul\u00e9e"},{"@type":"BreadcrumbList","@id":"https:\/\/www.cc3rivieres76.com\/blog\/infos-france-cyclisme-le-francais-doubey-remppente-le-tour-du-rwanda-la-derniere-etape-annulee\/#breadcrumb","itemListElement":[{"@type":"ListItem","position":1,"name":"Accueil","item":"https:\/\/www.cc3rivieres76.com\/blog\/"},{"@type":"ListItem","position":2,"name":"Infos france: Cyclisme: Le Fran\u00e7ais Doubey Remppente le Tour du Rwanda, La Derni\u00e8re \u00c9tape Annul\u00e9e"}]},{"@type":"WebSite","@id":"https:\/\/www.cc3rivieres76.com\/blog\/#website","url":"https:\/\/www.cc3rivieres76.com\/blog\/","name":"CC3RIVIERES76","description":"Les 3 rivi\u00e8res dans la Somme.","publisher":{"@id":"https:\/\/www.cc3rivieres76.com\/blog\/#organization"},"potentialAction":[{"@type":"SearchAction","target":{"@type":"EntryPoint","urlTemplate":"https:\/\/www.cc3rivieres76.com\/blog\/?s={search_term_string}"},"query-input":{"@type":"PropertyValueSpecification","valueRequired":true,"valueName":"search_term_string"}}],"inLanguage":"fr-FR"},{"@type":"Organization","@id":"https:\/\/www.cc3rivieres76.com\/blog\/#organization","name":"cc3rivieres76","url":"https:\/\/www.cc3rivieres76.com\/blog\/","logo":{"@type":"ImageObject","inLanguage":"fr-FR","@id":"https:\/\/www.cc3rivieres76.com\/blog\/#\/schema\/logo\/image\/","url":"https:\/\/www.cc3rivieres76.com\/blog\/wp-content\/uploads\/2023\/06\/logo-2.png","contentUrl":"https:\/\/www.cc3rivieres76.com\/blog\/wp-content\/uploads\/2023\/06\/logo-2.png","width":390,"height":388,"caption":"cc3rivieres76"},"image":{"@id":"https:\/\/www.cc3rivieres76.com\/blog\/#\/schema\/logo\/image\/"}},{"@type":"Person","@id":"https:\/\/www.cc3rivieres76.com\/blog\/#\/schema\/person\/474d457fb7747b5218f39792dfaa5a1c","name":"Sylvie DE LAUZAINGHEIN","image":{"@type":"ImageObject","inLanguage":"fr-FR","@id":"https:\/\/secure.gravatar.com\/avatar\/9c6a53b19e0a3431aa80de0895b9729fe665cd7e7d6cc94fc11abb152f4237d7?s=96&d=mm&r=g","url":"https:\/\/secure.gravatar.com\/avatar\/9c6a53b19e0a3431aa80de0895b9729fe665cd7e7d6cc94fc11abb152f4237d7?s=96&d=mm&r=g","contentUrl":"https:\/\/secure.gravatar.com\/avatar\/9c6a53b19e0a3431aa80de0895b9729fe665cd7e7d6cc94fc11abb152f4237d7?s=96&d=mm&r=g","caption":"Sylvie DE LAUZAINGHEIN"},"url":"https:\/\/www.cc3rivieres76.com\/blog\/author\/s76sylvie\/"}]}},"_links":{"self":[{"href":"https:\/\/www.cc3rivieres76.com\/blog\/wp-json\/wp\/v2\/posts\/560","targetHints":{"allow":["GET"]}}],"collection":[{"href":"https:\/\/www.cc3rivieres76.com\/blog\/wp-json\/wp\/v2\/posts"}],"about":[{"href":"https:\/\/www.cc3rivieres76.com\/blog\/wp-json\/wp\/v2\/types\/post"}],"author":[{"embeddable":true,"href":"https:\/\/www.cc3rivieres76.com\/blog\/wp-json\/wp\/v2\/users\/3"}],"replies":[{"embeddable":true,"href":"https:\/\/www.cc3rivieres76.com\/blog\/wp-json\/wp\/v2\/comments?post=560"}],"version-history":[{"count":0,"href":"https:\/\/www.cc3rivieres76.com\/blog\/wp-json\/wp\/v2\/posts\/560\/revisions"}],"wp:featuredmedia":[{"embeddable":true,"href":"https:\/\/www.cc3rivieres76.com\/blog\/wp-json\/wp\/v2\/media\/561"}],"wp:attachment":[{"href":"https:\/\/www.cc3rivieres76.com\/blog\/wp-json\/wp\/v2\/media?parent=560"}],"wp:term":[{"taxonomy":"category","embeddable":true,"href":"https:\/\/www.cc3rivieres76.com\/blog\/wp-json\/wp\/v2\/categories?post=560"},{"taxonomy":"post_tag","embeddable":true,"href":"https:\/\/www.cc3rivieres76.com\/blog\/wp-json\/wp\/v2\/tags?post=560"}],"curies":[{"name":"wp","href":"https:\/\/api.w.org\/{rel}","templated":true}]}}