{"id":572,"date":"2025-03-07T14:10:00","date_gmt":"2025-03-07T13:10:00","guid":{"rendered":"https:\/\/www.site.cdcl.xyz\/2025\/03\/07\/informations-nationales-macron-nous-demande-de-preparer-la-guerre-france\/"},"modified":"2025-03-07T14:10:00","modified_gmt":"2025-03-07T13:10:00","slug":"informations-nationales-macron-nous-demande-de-preparer-la-guerre-france","status":"publish","type":"post","link":"https:\/\/www.cc3rivieres76.com\/blog\/informations-nationales-macron-nous-demande-de-preparer-la-guerre-france\/","title":{"rendered":"Informations nationales: \u00ab\u00a0Macron nous demande de pr\u00e9parer la guerre\u00a0\u00bb #France"},"content":{"rendered":"\n<p>A voir, ce papier sur le web dont la th\u00e9matique est \u00ab&nbsp;Actualit\u00e9 fran\u00e7aise&nbsp;\u00bb et qui a des chances de vous plaire.<\/p>\n<h2>L\u2019article suivant a \u00e9t\u00e9 publi\u00e9 par Le Point \u2013 Politique<\/h2>\n<p><u>Signature . <\/u><\/p>\n<p><u>Date et heure de la r\u00e9ception de la d\u00e9p\u00e9che sur notre fil d\u2019info:<\/u><strong><span id=\"date\"><\/span><\/strong><\/p>\n<p><u>Date et heure de publication sur internet:<\/u> <strong><span id=\"datecrea\"><\/span><\/strong><\/p>\n<p><u>Titre exacte donn\u00e9 par le journal \u00e9tait:<\/u> <strong>\u00ab&nbsp;Macron nous demande de pr\u00e9parer la guerre&nbsp;\u00bb<\/strong><\/p>\n<p><u>Information et contenu publi\u00e9s :<\/u><\/p>\n<div id=\"contenu\"> <!-- include t_www_2023\/pages\/article\/blocs\/tag_pub.tpl --><br \/><!-- include \/t_www_2023\/pages\/article\/blocs\/tag_pub.tpl --><\/p>\n<p><span class=\"dflt-txt__lettrine\">F<\/span>ace au bras de fer engag\u00e9 par Donald Trump avec Volodymyr Zelensky, ainsi que sur la place de l\u2019Europe sur le plan g\u00e9opolitique, chacun est somm\u00e9 de s\u2019engager. Et Marine Le&nbsp;Pen n\u2019a pas \u00e9chapp\u00e9 \u00e0 la r\u00e8gle. Souvent accus\u00e9e de tropisme russe (elle avait rencontr\u00e9 Vladimir Poutine au Kremlin, en mars&nbsp;2017), elle s\u2019est exprim\u00e9e dans les colonnes du&nbsp;<em><em>Figaro<\/em>&nbsp;<\/em>concernant, notamment, le positionnement d\u2019Emmanuel Macron sur la \u00ab&nbsp;menace&nbsp;\u00bb russe.<\/p>\n<section class=\"mbl txtcenter\">\n<div id=\"newsletter\" class=\"bloc-1 title-top\">\n<span class=\"h2\">La newsletter politique<\/span><\/p>\n<div class=\"step-1\">\n<p class=\"period\">Tous les lundis \u00e0 11h30<\/p>\n<p>Recevez en avant-premi\u00e8re les informations et analyses politiques de la r\u00e9daction du Point.<\/p>\n<\/div>\n<div class=\"step-2\">\n<p>Merci !<br \/>Votre inscription a bien \u00e9t\u00e9 prise en compte avec l\u2019adresse email :<br \/><span class=\"email-sended\"><\/span><\/p>\n<p>Pour d\u00e9couvrir toutes nos autres newsletters, rendez-vous ici : MonCompte<\/p>\n<\/div>\n<p>En vous inscrivant, vous acceptez les conditions g\u00e9n\u00e9rales d\u2019utilisations et notre politique de confidentialit\u00e9.<\/p>\n<\/div>\n<p>\u00ab&nbsp;Son message est \u00e9trange dans l\u2019urgence qu\u2019il exprime, estime-t-elle. Alors que s\u2019ouvre peut-\u00eatre, pour la premi\u00e8re fois depuis trois ans, la perspective d\u2019une paix possible en Ukraine, Emmanuel Macron nous demande de pr\u00e9parer la guerre&nbsp;\u00bb, d\u00e9nonce-t-elle, accusant le pr\u00e9sident de la R\u00e9publique d\u2019avoir \u00e9t\u00e9, depuis 2017, \u00ab&nbsp;le pr\u00e9sident du d\u00e9sarmement de notre souverainet\u00e9&nbsp;\u00bb.<\/p>\n<p><span class=\"Capsule premium\"><span class=\"Phylactery\">\u00c0 LIRE AUSSI<\/span> <strong class=\"strong\">Face \u00e0 Trump et Poutine, l\u2019Europe fait sa r\u00e9volution militaire<\/strong><\/span>\u00c0 ses yeux, la Russie n\u2019est pas le premier danger de la France&nbsp;: \u00ab&nbsp;Le&nbsp;fondamentalisme islamiste reste la premi\u00e8re des menaces&nbsp;\u00bb, d\u00e9crit celle qui explique avoir propos\u00e9 de faire de l\u2019Otan \u00ab&nbsp;un outil de lutte contre le fondamentalisme islamiste&nbsp;\u00bb. \u00ab&nbsp;Si&nbsp;au bout de trois ans, la Russie a du mal \u00e0 avancer en Ukraine, il y a peu de chances pour qu\u2019elle ambitionne de venir jusqu\u2019\u00e0 Paris&nbsp;\u00bb, estime-t-elle encore.<\/p>\n<section class=\"mbl txtcenter\">\n<h2>\u00ab&nbsp;Nous allons accro\u00eetre notre d\u00e9pendance aux \u00c9tats-Unis&nbsp;\u00bb<\/h2>\n<p>Si elle reconna\u00eet que \u00ab&nbsp;Vladimir Poutine a \u00e9volu\u00e9 dans un sens qui est de plus en plus hostile \u00e0 l\u2019Occident&nbsp;\u00bb, elle sugg\u00e8re de ne \u00ab&nbsp;pas \u00eatre caricatural&nbsp;\u00bb et ne pense pas, \u00e0 cette heure, que le Kremlin envisage une guerre contre le Vieux Continent, et ce alors que Macron et Poutine ne cessent de s\u2019attaquer verbalement. Plut\u00f4t que la \u00ab&nbsp;nouvelle \u00e8re&nbsp;\u00bb d\u2019Emmanuel Macron, elle voit plut\u00f4t un \u00ab&nbsp;grand retour des nations&nbsp;\u00bb.<\/p>\n<p>Mettant par l\u00e0 au ban l\u2019Union europ\u00e9enne, \u00ab&nbsp;des \u201cserial pilleurs\u201d qui&nbsp;profitent de chaque crise pour s\u2019attribuer de nouvelles comp\u00e9tences. [\u2026] Ce qu\u2019ils souhaitent, c\u2019est une arm\u00e9e europ\u00e9enne, avec une gouvernance europ\u00e9enne de l\u2019arm\u00e9e. Or, si nous avions eu une arm\u00e9e europ\u00e9enne, nos soldats seraient en train de se battre en Ukraine.&nbsp;\u00bb<\/p>\n<p><span class=\"Capsule premium\"><span class=\"Phylactery\">\u00c0 LIRE AUSSI<\/span> <strong class=\"strong\">D\u00e9fense europ\u00e9enne&nbsp;: Paris, Londres et Berlin au c\u0153ur d\u2019une nouvelle alliance<\/strong><\/span> \u00ab&nbsp;Les achats communs de mat\u00e9riel annonc\u00e9s par Ursula von der Leyen signifient non seulement que nous allons, de fait, instaurer une gouvernance commune, mais aussi que nous allons accro\u00eetre notre d\u00e9pendance aux \u00c9tats-Unis avec ce \u201ctout, tout de suite\u201d, car reb\u00e2tir une industrie europ\u00e9enne de l\u2019armement, cela prendrait en fait dix ans&nbsp;\u00bb, s\u2019inqui\u00e8te-t-elle.<\/p>\n<h2>Vers un nouveau trait\u00e9 de Versailles&nbsp;?<\/h2>\n<p><span class=\"Capsule discover-kangourou\"><br \/><span class=\"Phylactery\">\u00c0 D\u00e9couvrir<\/span><br \/><strong class=\"discover-kangourou__line\"><br \/><img decoding=\"async\" class=\"discover-kangourou__img\" src=\"https:\/\/www.site.cdcl.xyz\/wp-content\/uploads\/2024\/10\/Actus-nationales-Presidentielle-americaine-Kamala-Harris-hausse-le-ton-face.svg.svg+xml\"><br \/><strong class=\"discover-kangourou__txt\"><br \/><strong>Le Kangourou du jour<\/strong><\/strong><\/strong><\/span><\/p>\n<p>R\u00e9pondre<\/p>\n<p>Enfin, elle voit dans l\u2019\u00e9lection de Donald Trump un rappel, \u00ab&nbsp;c\u2019est qu\u2019un pays peut changer d\u2019option&nbsp;: c\u2019est d\u2019ailleurs le principe m\u00eame des nations souveraines&nbsp;\u00bb. \u00ab&nbsp;Au moment o\u00f9 je vous parle, je ne sais pas s\u2019il arrivera \u00e0 obtenir la paix. Mais ma premi\u00e8re crainte, c\u2019est que la paix se n\u00e9gocie uniquement entre la Russie et les \u00c9tats-Unis&nbsp;\u00bb, explique-t-elle, appelant les pays europ\u00e9ens, \u00ab&nbsp;la France en t\u00eate&nbsp;\u00bb, \u00e0 se mettre \u00e0 la table des n\u00e9gociations.<\/p>\n<p><span class=\"Capsule premium\"><span class=\"Phylactery\">\u00c0 LIRE AUSSI<\/span> <strong class=\"strong\">EXCLUSIF. S\u00e9bastien Lecornu&nbsp;: \u00ab&nbsp;Nous devons armer l\u2019Ukraine sur le long terme&nbsp;\u00bb<\/strong><\/span> Pour \u00e9viter, explique-t-elle, que la n\u00e9gociation&nbsp;m\u00e8ne \u00e0 un trait\u00e9 de Versailles. Le trait\u00e9 de paix sign\u00e9 entre l\u2019Allemagne et les Alli\u00e9s \u00e0 la fin de la Premi\u00e8re Guerre mondiale, avait \u00e9t\u00e9&nbsp;vu, de l\u2019autre c\u00f4t\u00e9 du Rhin, comme une humiliation. Et avait pav\u00e9 la voie au ressentiment allemand, et <em>in fine&nbsp;<\/em>\u00e0 la Seconde Guerre mondiale. Pour quelqu\u2019un qui dit ne pas craindre aujourd\u2019hui la guerre, la comparaison n\u2019est pas anodine\u2026<\/p>\n<\/section>\n<\/section>\n<\/div>\n<p> <img decoding=\"async\" src=\"https:\/\/www.cc3rivieres76.com\/blog\/wp-content\/uploads\/2025\/03\/informations-nationales-macron-nous-demande-de-preparer-la-guerre-france.jpg\" alt=\"\u00ab&nbsp;Macron nous demande de pr\u00e9parer la guerre&nbsp;\u00bb\"><\/p>\n<p>#Macron #nous #demande #pr\u00e9parer #guerre<\/p>\n<p>Reprise de l\u2019information dans un style journalistique professionnel descriptif en organisant les id\u00e9es dans un ordre coh\u00e9rent avec titres html <\/p>\n<p>Parutions sur le m\u00eame sujet:<\/p>\n<p>\u00c9tats g\u00e9n\u00e9raux du multilinguisme dans les outre-mer\/Textes de r\u00e9f\u00e9rence.,<a href=\"https:\/\/fr.wikibooks.org\/wiki\/%C3%89tats_g%C3%A9n%C3%A9raux_du_multilinguisme_dans_les_outre-mer\/Textes_de_r%C3%A9f%C3%A9rence\" target=\"_blank\" rel=\"noopener noreferrer nofollow\">Infos sur ce livre<\/a><span><\/span>.<\/p>\n<p>Photographie\/Fabricants\/Toshiba.,<a href=\"https:\/\/fr.wikibooks.org\/wiki\/Photographie\/Fabricants\/Toshiba\" target=\"_blank\" rel=\"noopener noreferrer nofollow\">A lire. <\/a><span><\/span>.<\/p>\n<p>Programmer en R\/Comprendre la grammaire des graphiques.,<a href=\"https:\/\/fr.wikibooks.org\/wiki\/Programmer_en_R\/Comprendre_la_grammaire_des_graphiques\" target=\"_blank\" rel=\"noopener noreferrer nofollow\">A voir <\/a><span><\/span>.<\/p>\n<p> Cet article, qui traite du th\u00e8me \u00ab\u00a0Les 3 rivi\u00e8res dans la Somme\u00a0\u00bb, vous est sp\u00e9cialement sugg\u00e9r\u00e9 par cc3rivieres76.com. La chronique est reproduite du mieux possible. Dans le cas o\u00f9 vous souhaitez apporter quelques pr\u00e9cisions concernant le domaine de \u00ab\u00a0Les 3 rivi\u00e8res dans la Somme\u00a0\u00bb vous pouvez solliciter notre r\u00e9daction. La destination de cc3rivieres76.com est de d\u00e9battre de Les 3 rivi\u00e8res dans la Somme dans la transparence en vous apportant la connaissance de tout ce qui est en lien avec ce sujet sur la toile Connectez-vous sur notre site cc3rivieres76.com et nos r\u00e9seaux sociaux dans le but d\u2019\u00eatre inform\u00e9 des futures publications.<\/p>\n","protected":false},"excerpt":{"rendered":"<p>A voir, ce papier sur le web dont la th\u00e9matique est \u00ab&nbsp;Actualit\u00e9 fran\u00e7aise&nbsp;\u00bb et qui a des chances de vous plaire. L\u2019article suivant a \u00e9t\u00e9 publi\u00e9 par Le Point \u2013 Politique Signature . Date et heure de la r\u00e9ception de la d\u00e9p\u00e9che sur notre fil d\u2019info: Date et heure de publication sur internet: Titre exacte &hellip; <\/p>\n<p class=\"link-more\"><a href=\"https:\/\/www.cc3rivieres76.com\/blog\/informations-nationales-macron-nous-demande-de-preparer-la-guerre-france\/\" class=\"more-link\">Continuer la lecture <span class=\"screen-reader-text\"> \u00ab\u00a0Informations nationales: \u00ab\u00a0Macron nous demande de pr\u00e9parer la guerre\u00a0\u00bb #France\u00a0\u00bb<\/span><\/a><\/p>\n","protected":false},"author":3,"featured_media":0,"comment_status":"closed","ping_status":"closed","sticky":false,"template":"","format":"standard","meta":{"footnotes":""},"categories":[2],"tags":[],"class_list":["post-572","post","type-post","status-publish","format-standard","hentry","category-les-3-rivieres-dans-la-somme","entry"],"yoast_head":"<!-- This site is optimized with the Yoast SEO plugin v27.5 - https:\/\/yoast.com\/product\/yoast-seo-wordpress\/ -->\n<title>Informations nationales: \u00ab\u00a0Macron nous demande de pr\u00e9parer la guerre\u00a0\u00bb #France - CC3RIVIERES76<\/title>\n<meta name=\"robots\" content=\"index, follow, max-snippet:-1, max-image-preview:large, max-video-preview:-1\" \/>\n<link rel=\"canonical\" href=\"https:\/\/www.cc3rivieres76.com\/blog\/informations-nationales-macron-nous-demande-de-preparer-la-guerre-france\/\" \/>\n<meta property=\"og:locale\" content=\"fr_FR\" \/>\n<meta property=\"og:type\" content=\"article\" \/>\n<meta property=\"og:title\" content=\"Informations nationales: \u00ab\u00a0Macron nous demande de pr\u00e9parer la guerre\u00a0\u00bb #France - CC3RIVIERES76\" \/>\n<meta property=\"og:description\" content=\"A voir, ce papier sur le web dont la th\u00e9matique est \u00ab&nbsp;Actualit\u00e9 fran\u00e7aise&nbsp;\u00bb et qui a des chances de vous plaire. L\u2019article suivant a \u00e9t\u00e9 publi\u00e9 par Le Point \u2013 Politique Signature . Date et heure de la r\u00e9ception de la d\u00e9p\u00e9che sur notre fil d\u2019info: Date et heure de publication sur internet: Titre exacte &hellip; Continuer la lecture \u00ab\u00a0Informations nationales: \u00ab\u00a0Macron nous demande de pr\u00e9parer la guerre\u00a0\u00bb #France\u00a0\u00bb\" \/>\n<meta property=\"og:url\" content=\"https:\/\/www.cc3rivieres76.com\/blog\/informations-nationales-macron-nous-demande-de-preparer-la-guerre-france\/\" \/>\n<meta property=\"og:site_name\" content=\"CC3RIVIERES76\" \/>\n<meta property=\"article:published_time\" content=\"2025-03-07T13:10:00+00:00\" \/>\n<meta property=\"og:image\" content=\"https:\/\/www.site.cdcl.xyz\/wp-content\/uploads\/2024\/10\/Actus-nationales-Presidentielle-americaine-Kamala-Harris-hausse-le-ton-face.svg.svg+xml\" \/>\n<meta name=\"author\" content=\"Sylvie DE LAUZAINGHEIN\" \/>\n<meta name=\"twitter:card\" content=\"summary_large_image\" \/>\n<meta name=\"twitter:label1\" content=\"\u00c9crit par\" \/>\n\t<meta name=\"twitter:data1\" content=\"Sylvie DE LAUZAINGHEIN\" \/>\n\t<meta name=\"twitter:label2\" content=\"Dur\u00e9e de lecture estim\u00e9e\" \/>\n\t<meta name=\"twitter:data2\" content=\"5 minutes\" \/>\n<script type=\"application\/ld+json\" class=\"yoast-schema-graph\">{\"@context\":\"https:\\\/\\\/schema.org\",\"@graph\":[{\"@type\":\"Article\",\"@id\":\"https:\\\/\\\/www.cc3rivieres76.com\\\/blog\\\/informations-nationales-macron-nous-demande-de-preparer-la-guerre-france\\\/#article\",\"isPartOf\":{\"@id\":\"https:\\\/\\\/www.cc3rivieres76.com\\\/blog\\\/informations-nationales-macron-nous-demande-de-preparer-la-guerre-france\\\/\"},\"author\":{\"name\":\"Sylvie DE LAUZAINGHEIN\",\"@id\":\"https:\\\/\\\/www.cc3rivieres76.com\\\/blog\\\/#\\\/schema\\\/person\\\/474d457fb7747b5218f39792dfaa5a1c\"},\"headline\":\"Informations nationales: \u00ab\u00a0Macron nous demande de pr\u00e9parer la guerre\u00a0\u00bb #France\",\"datePublished\":\"2025-03-07T13:10:00+00:00\",\"mainEntityOfPage\":{\"@id\":\"https:\\\/\\\/www.cc3rivieres76.com\\\/blog\\\/informations-nationales-macron-nous-demande-de-preparer-la-guerre-france\\\/\"},\"wordCount\":1036,\"publisher\":{\"@id\":\"https:\\\/\\\/www.cc3rivieres76.com\\\/blog\\\/#organization\"},\"image\":{\"@id\":\"https:\\\/\\\/www.cc3rivieres76.com\\\/blog\\\/informations-nationales-macron-nous-demande-de-preparer-la-guerre-france\\\/#primaryimage\"},\"thumbnailUrl\":\"https:\\\/\\\/www.site.cdcl.xyz\\\/wp-content\\\/uploads\\\/2024\\\/10\\\/Actus-nationales-Presidentielle-americaine-Kamala-Harris-hausse-le-ton-face.svg.svg+xml\",\"articleSection\":[\"Les 3 Rivi\u00e8res Dans La Somme:\"],\"inLanguage\":\"fr-FR\"},{\"@type\":\"WebPage\",\"@id\":\"https:\\\/\\\/www.cc3rivieres76.com\\\/blog\\\/informations-nationales-macron-nous-demande-de-preparer-la-guerre-france\\\/\",\"url\":\"https:\\\/\\\/www.cc3rivieres76.com\\\/blog\\\/informations-nationales-macron-nous-demande-de-preparer-la-guerre-france\\\/\",\"name\":\"Informations nationales: \u00ab\u00a0Macron nous demande de pr\u00e9parer la guerre\u00a0\u00bb #France - CC3RIVIERES76\",\"isPartOf\":{\"@id\":\"https:\\\/\\\/www.cc3rivieres76.com\\\/blog\\\/#website\"},\"primaryImageOfPage\":{\"@id\":\"https:\\\/\\\/www.cc3rivieres76.com\\\/blog\\\/informations-nationales-macron-nous-demande-de-preparer-la-guerre-france\\\/#primaryimage\"},\"image\":{\"@id\":\"https:\\\/\\\/www.cc3rivieres76.com\\\/blog\\\/informations-nationales-macron-nous-demande-de-preparer-la-guerre-france\\\/#primaryimage\"},\"thumbnailUrl\":\"https:\\\/\\\/www.site.cdcl.xyz\\\/wp-content\\\/uploads\\\/2024\\\/10\\\/Actus-nationales-Presidentielle-americaine-Kamala-Harris-hausse-le-ton-face.svg.svg+xml\",\"datePublished\":\"2025-03-07T13:10:00+00:00\",\"breadcrumb\":{\"@id\":\"https:\\\/\\\/www.cc3rivieres76.com\\\/blog\\\/informations-nationales-macron-nous-demande-de-preparer-la-guerre-france\\\/#breadcrumb\"},\"inLanguage\":\"fr-FR\",\"potentialAction\":[{\"@type\":\"ReadAction\",\"target\":[\"https:\\\/\\\/www.cc3rivieres76.com\\\/blog\\\/informations-nationales-macron-nous-demande-de-preparer-la-guerre-france\\\/\"]}]},{\"@type\":\"ImageObject\",\"inLanguage\":\"fr-FR\",\"@id\":\"https:\\\/\\\/www.cc3rivieres76.com\\\/blog\\\/informations-nationales-macron-nous-demande-de-preparer-la-guerre-france\\\/#primaryimage\",\"url\":\"https:\\\/\\\/www.site.cdcl.xyz\\\/wp-content\\\/uploads\\\/2024\\\/10\\\/Actus-nationales-Presidentielle-americaine-Kamala-Harris-hausse-le-ton-face.svg.svg+xml\",\"contentUrl\":\"https:\\\/\\\/www.site.cdcl.xyz\\\/wp-content\\\/uploads\\\/2024\\\/10\\\/Actus-nationales-Presidentielle-americaine-Kamala-Harris-hausse-le-ton-face.svg.svg+xml\"},{\"@type\":\"BreadcrumbList\",\"@id\":\"https:\\\/\\\/www.cc3rivieres76.com\\\/blog\\\/informations-nationales-macron-nous-demande-de-preparer-la-guerre-france\\\/#breadcrumb\",\"itemListElement\":[{\"@type\":\"ListItem\",\"position\":1,\"name\":\"Accueil\",\"item\":\"https:\\\/\\\/www.cc3rivieres76.com\\\/blog\\\/\"},{\"@type\":\"ListItem\",\"position\":2,\"name\":\"Informations nationales: \u00ab\u00a0Macron nous demande de pr\u00e9parer la guerre\u00a0\u00bb #France\"}]},{\"@type\":\"WebSite\",\"@id\":\"https:\\\/\\\/www.cc3rivieres76.com\\\/blog\\\/#website\",\"url\":\"https:\\\/\\\/www.cc3rivieres76.com\\\/blog\\\/\",\"name\":\"CC3RIVIERES76\",\"description\":\"Les 3 rivi\u00e8res dans la Somme.\",\"publisher\":{\"@id\":\"https:\\\/\\\/www.cc3rivieres76.com\\\/blog\\\/#organization\"},\"potentialAction\":[{\"@type\":\"SearchAction\",\"target\":{\"@type\":\"EntryPoint\",\"urlTemplate\":\"https:\\\/\\\/www.cc3rivieres76.com\\\/blog\\\/?s={search_term_string}\"},\"query-input\":{\"@type\":\"PropertyValueSpecification\",\"valueRequired\":true,\"valueName\":\"search_term_string\"}}],\"inLanguage\":\"fr-FR\"},{\"@type\":\"Organization\",\"@id\":\"https:\\\/\\\/www.cc3rivieres76.com\\\/blog\\\/#organization\",\"name\":\"cc3rivieres76\",\"url\":\"https:\\\/\\\/www.cc3rivieres76.com\\\/blog\\\/\",\"logo\":{\"@type\":\"ImageObject\",\"inLanguage\":\"fr-FR\",\"@id\":\"https:\\\/\\\/www.cc3rivieres76.com\\\/blog\\\/#\\\/schema\\\/logo\\\/image\\\/\",\"url\":\"https:\\\/\\\/www.cc3rivieres76.com\\\/blog\\\/wp-content\\\/uploads\\\/2023\\\/06\\\/logo-2.png\",\"contentUrl\":\"https:\\\/\\\/www.cc3rivieres76.com\\\/blog\\\/wp-content\\\/uploads\\\/2023\\\/06\\\/logo-2.png\",\"width\":390,\"height\":388,\"caption\":\"cc3rivieres76\"},\"image\":{\"@id\":\"https:\\\/\\\/www.cc3rivieres76.com\\\/blog\\\/#\\\/schema\\\/logo\\\/image\\\/\"}},{\"@type\":\"Person\",\"@id\":\"https:\\\/\\\/www.cc3rivieres76.com\\\/blog\\\/#\\\/schema\\\/person\\\/474d457fb7747b5218f39792dfaa5a1c\",\"name\":\"Sylvie DE LAUZAINGHEIN\",\"image\":{\"@type\":\"ImageObject\",\"inLanguage\":\"fr-FR\",\"@id\":\"https:\\\/\\\/secure.gravatar.com\\\/avatar\\\/9c6a53b19e0a3431aa80de0895b9729fe665cd7e7d6cc94fc11abb152f4237d7?s=96&d=mm&r=g\",\"url\":\"https:\\\/\\\/secure.gravatar.com\\\/avatar\\\/9c6a53b19e0a3431aa80de0895b9729fe665cd7e7d6cc94fc11abb152f4237d7?s=96&d=mm&r=g\",\"contentUrl\":\"https:\\\/\\\/secure.gravatar.com\\\/avatar\\\/9c6a53b19e0a3431aa80de0895b9729fe665cd7e7d6cc94fc11abb152f4237d7?s=96&d=mm&r=g\",\"caption\":\"Sylvie DE LAUZAINGHEIN\"},\"url\":\"https:\\\/\\\/www.cc3rivieres76.com\\\/blog\\\/author\\\/s76sylvie\\\/\"}]}<\/script>\n<!-- \/ Yoast SEO plugin. -->","yoast_head_json":{"title":"Informations nationales: \u00ab\u00a0Macron nous demande de pr\u00e9parer la guerre\u00a0\u00bb #France - CC3RIVIERES76","robots":{"index":"index","follow":"follow","max-snippet":"max-snippet:-1","max-image-preview":"max-image-preview:large","max-video-preview":"max-video-preview:-1"},"canonical":"https:\/\/www.cc3rivieres76.com\/blog\/informations-nationales-macron-nous-demande-de-preparer-la-guerre-france\/","og_locale":"fr_FR","og_type":"article","og_title":"Informations nationales: \u00ab\u00a0Macron nous demande de pr\u00e9parer la guerre\u00a0\u00bb #France - CC3RIVIERES76","og_description":"A voir, ce papier sur le web dont la th\u00e9matique est \u00ab&nbsp;Actualit\u00e9 fran\u00e7aise&nbsp;\u00bb et qui a des chances de vous plaire. L\u2019article suivant a \u00e9t\u00e9 publi\u00e9 par Le Point \u2013 Politique Signature . Date et heure de la r\u00e9ception de la d\u00e9p\u00e9che sur notre fil d\u2019info: Date et heure de publication sur internet: Titre exacte &hellip; Continuer la lecture \u00ab\u00a0Informations nationales: \u00ab\u00a0Macron nous demande de pr\u00e9parer la guerre\u00a0\u00bb #France\u00a0\u00bb","og_url":"https:\/\/www.cc3rivieres76.com\/blog\/informations-nationales-macron-nous-demande-de-preparer-la-guerre-france\/","og_site_name":"CC3RIVIERES76","article_published_time":"2025-03-07T13:10:00+00:00","og_image":[{"url":"https:\/\/www.site.cdcl.xyz\/wp-content\/uploads\/2024\/10\/Actus-nationales-Presidentielle-americaine-Kamala-Harris-hausse-le-ton-face.svg.svg+xml","type":"","width":"","height":""}],"author":"Sylvie DE LAUZAINGHEIN","twitter_card":"summary_large_image","twitter_misc":{"\u00c9crit par":"Sylvie DE LAUZAINGHEIN","Dur\u00e9e de lecture estim\u00e9e":"5 minutes"},"schema":{"@context":"https:\/\/schema.org","@graph":[{"@type":"Article","@id":"https:\/\/www.cc3rivieres76.com\/blog\/informations-nationales-macron-nous-demande-de-preparer-la-guerre-france\/#article","isPartOf":{"@id":"https:\/\/www.cc3rivieres76.com\/blog\/informations-nationales-macron-nous-demande-de-preparer-la-guerre-france\/"},"author":{"name":"Sylvie DE LAUZAINGHEIN","@id":"https:\/\/www.cc3rivieres76.com\/blog\/#\/schema\/person\/474d457fb7747b5218f39792dfaa5a1c"},"headline":"Informations nationales: \u00ab\u00a0Macron nous demande de pr\u00e9parer la guerre\u00a0\u00bb #France","datePublished":"2025-03-07T13:10:00+00:00","mainEntityOfPage":{"@id":"https:\/\/www.cc3rivieres76.com\/blog\/informations-nationales-macron-nous-demande-de-preparer-la-guerre-france\/"},"wordCount":1036,"publisher":{"@id":"https:\/\/www.cc3rivieres76.com\/blog\/#organization"},"image":{"@id":"https:\/\/www.cc3rivieres76.com\/blog\/informations-nationales-macron-nous-demande-de-preparer-la-guerre-france\/#primaryimage"},"thumbnailUrl":"https:\/\/www.site.cdcl.xyz\/wp-content\/uploads\/2024\/10\/Actus-nationales-Presidentielle-americaine-Kamala-Harris-hausse-le-ton-face.svg.svg+xml","articleSection":["Les 3 Rivi\u00e8res Dans La Somme:"],"inLanguage":"fr-FR"},{"@type":"WebPage","@id":"https:\/\/www.cc3rivieres76.com\/blog\/informations-nationales-macron-nous-demande-de-preparer-la-guerre-france\/","url":"https:\/\/www.cc3rivieres76.com\/blog\/informations-nationales-macron-nous-demande-de-preparer-la-guerre-france\/","name":"Informations nationales: \u00ab\u00a0Macron nous demande de pr\u00e9parer la guerre\u00a0\u00bb #France - CC3RIVIERES76","isPartOf":{"@id":"https:\/\/www.cc3rivieres76.com\/blog\/#website"},"primaryImageOfPage":{"@id":"https:\/\/www.cc3rivieres76.com\/blog\/informations-nationales-macron-nous-demande-de-preparer-la-guerre-france\/#primaryimage"},"image":{"@id":"https:\/\/www.cc3rivieres76.com\/blog\/informations-nationales-macron-nous-demande-de-preparer-la-guerre-france\/#primaryimage"},"thumbnailUrl":"https:\/\/www.site.cdcl.xyz\/wp-content\/uploads\/2024\/10\/Actus-nationales-Presidentielle-americaine-Kamala-Harris-hausse-le-ton-face.svg.svg+xml","datePublished":"2025-03-07T13:10:00+00:00","breadcrumb":{"@id":"https:\/\/www.cc3rivieres76.com\/blog\/informations-nationales-macron-nous-demande-de-preparer-la-guerre-france\/#breadcrumb"},"inLanguage":"fr-FR","potentialAction":[{"@type":"ReadAction","target":["https:\/\/www.cc3rivieres76.com\/blog\/informations-nationales-macron-nous-demande-de-preparer-la-guerre-france\/"]}]},{"@type":"ImageObject","inLanguage":"fr-FR","@id":"https:\/\/www.cc3rivieres76.com\/blog\/informations-nationales-macron-nous-demande-de-preparer-la-guerre-france\/#primaryimage","url":"https:\/\/www.site.cdcl.xyz\/wp-content\/uploads\/2024\/10\/Actus-nationales-Presidentielle-americaine-Kamala-Harris-hausse-le-ton-face.svg.svg+xml","contentUrl":"https:\/\/www.site.cdcl.xyz\/wp-content\/uploads\/2024\/10\/Actus-nationales-Presidentielle-americaine-Kamala-Harris-hausse-le-ton-face.svg.svg+xml"},{"@type":"BreadcrumbList","@id":"https:\/\/www.cc3rivieres76.com\/blog\/informations-nationales-macron-nous-demande-de-preparer-la-guerre-france\/#breadcrumb","itemListElement":[{"@type":"ListItem","position":1,"name":"Accueil","item":"https:\/\/www.cc3rivieres76.com\/blog\/"},{"@type":"ListItem","position":2,"name":"Informations nationales: \u00ab\u00a0Macron nous demande de pr\u00e9parer la guerre\u00a0\u00bb #France"}]},{"@type":"WebSite","@id":"https:\/\/www.cc3rivieres76.com\/blog\/#website","url":"https:\/\/www.cc3rivieres76.com\/blog\/","name":"CC3RIVIERES76","description":"Les 3 rivi\u00e8res dans la Somme.","publisher":{"@id":"https:\/\/www.cc3rivieres76.com\/blog\/#organization"},"potentialAction":[{"@type":"SearchAction","target":{"@type":"EntryPoint","urlTemplate":"https:\/\/www.cc3rivieres76.com\/blog\/?s={search_term_string}"},"query-input":{"@type":"PropertyValueSpecification","valueRequired":true,"valueName":"search_term_string"}}],"inLanguage":"fr-FR"},{"@type":"Organization","@id":"https:\/\/www.cc3rivieres76.com\/blog\/#organization","name":"cc3rivieres76","url":"https:\/\/www.cc3rivieres76.com\/blog\/","logo":{"@type":"ImageObject","inLanguage":"fr-FR","@id":"https:\/\/www.cc3rivieres76.com\/blog\/#\/schema\/logo\/image\/","url":"https:\/\/www.cc3rivieres76.com\/blog\/wp-content\/uploads\/2023\/06\/logo-2.png","contentUrl":"https:\/\/www.cc3rivieres76.com\/blog\/wp-content\/uploads\/2023\/06\/logo-2.png","width":390,"height":388,"caption":"cc3rivieres76"},"image":{"@id":"https:\/\/www.cc3rivieres76.com\/blog\/#\/schema\/logo\/image\/"}},{"@type":"Person","@id":"https:\/\/www.cc3rivieres76.com\/blog\/#\/schema\/person\/474d457fb7747b5218f39792dfaa5a1c","name":"Sylvie DE LAUZAINGHEIN","image":{"@type":"ImageObject","inLanguage":"fr-FR","@id":"https:\/\/secure.gravatar.com\/avatar\/9c6a53b19e0a3431aa80de0895b9729fe665cd7e7d6cc94fc11abb152f4237d7?s=96&d=mm&r=g","url":"https:\/\/secure.gravatar.com\/avatar\/9c6a53b19e0a3431aa80de0895b9729fe665cd7e7d6cc94fc11abb152f4237d7?s=96&d=mm&r=g","contentUrl":"https:\/\/secure.gravatar.com\/avatar\/9c6a53b19e0a3431aa80de0895b9729fe665cd7e7d6cc94fc11abb152f4237d7?s=96&d=mm&r=g","caption":"Sylvie DE LAUZAINGHEIN"},"url":"https:\/\/www.cc3rivieres76.com\/blog\/author\/s76sylvie\/"}]}},"_links":{"self":[{"href":"https:\/\/www.cc3rivieres76.com\/blog\/wp-json\/wp\/v2\/posts\/572","targetHints":{"allow":["GET"]}}],"collection":[{"href":"https:\/\/www.cc3rivieres76.com\/blog\/wp-json\/wp\/v2\/posts"}],"about":[{"href":"https:\/\/www.cc3rivieres76.com\/blog\/wp-json\/wp\/v2\/types\/post"}],"author":[{"embeddable":true,"href":"https:\/\/www.cc3rivieres76.com\/blog\/wp-json\/wp\/v2\/users\/3"}],"replies":[{"embeddable":true,"href":"https:\/\/www.cc3rivieres76.com\/blog\/wp-json\/wp\/v2\/comments?post=572"}],"version-history":[{"count":0,"href":"https:\/\/www.cc3rivieres76.com\/blog\/wp-json\/wp\/v2\/posts\/572\/revisions"}],"wp:attachment":[{"href":"https:\/\/www.cc3rivieres76.com\/blog\/wp-json\/wp\/v2\/media?parent=572"}],"wp:term":[{"taxonomy":"category","embeddable":true,"href":"https:\/\/www.cc3rivieres76.com\/blog\/wp-json\/wp\/v2\/categories?post=572"},{"taxonomy":"post_tag","embeddable":true,"href":"https:\/\/www.cc3rivieres76.com\/blog\/wp-json\/wp\/v2\/tags?post=572"}],"curies":[{"name":"wp","href":"https:\/\/api.w.org\/{rel}","templated":true}]}}