{"id":593,"date":"2025-03-20T09:31:00","date_gmt":"2025-03-20T08:31:00","guid":{"rendered":"https:\/\/www.site.cdcl.xyz\/2025\/03\/20\/infos-nationales-eternelle-opposante-a-latome-dominique-voynet-nommee-a-un-comite-sur-le-nucleaire-france\/"},"modified":"2025-03-20T09:31:00","modified_gmt":"2025-03-20T08:31:00","slug":"infos-nationales-eternelle-opposante-a-latome-dominique-voynet-nommee-a-un-comite-sur-le-nucleaire-france","status":"publish","type":"post","link":"https:\/\/www.cc3rivieres76.com\/blog\/infos-nationales-eternelle-opposante-a-latome-dominique-voynet-nommee-a-un-comite-sur-le-nucleaire-france\/","title":{"rendered":"Infos nationales: \u00c9ternelle opposante \u00e0 l\u2019atome, Dominique Voynet nomm\u00e9e \u00e0\u2026 un comit\u00e9 sur le nucl\u00e9aire #France"},"content":{"rendered":"\n<p>Voici les \u00ab bonnes pages \u00bb d\u2019un texte que je viens de trouver sur internet. Le sujet va carr\u00e9ment vous satisfaire. Car la th\u00e9matique est \u00ab&nbsp;Actualit\u00e9 fran\u00e7aise&nbsp;\u00bb.<\/p>\n<h2>Ceci a \u00e9t\u00e9 publi\u00e9 par Le Point \u2013 Politique<\/h2>\n<p><u>Signature . <\/u><\/p>\n<p><u>Date et heure de la r\u00e9ception de la d\u00e9p\u00e9che sur notre fil d\u2019info:<\/u><strong><span id=\"date\"><\/span><\/strong><\/p>\n<p><u>Date et heure de publication sur internet:<\/u> <strong><span id=\"datecrea\"><\/span><\/strong><\/p>\n<p><u>Titre exacte donn\u00e9 par le journal \u00e9tait:<\/u> <strong>\u00c9ternelle opposante \u00e0 l\u2019atome, Dominique Voynet nomm\u00e9e \u00e0\u2026 un comit\u00e9 sur le nucl\u00e9aire<\/strong><\/p>\n<p><u>Information et contenu publi\u00e9s :<\/u><\/p>\n<div id=\"contenu\"> <!-- include t_www_2023\/pages\/article\/blocs\/tag_pub.tpl --><br \/><!-- include \/t_www_2023\/pages\/article\/blocs\/tag_pub.tpl --><\/p>\n<p><span class=\"dflt-txt__lettrine\">L\u2019<\/span>annonce, ce mercredi 19&nbsp;mars, a eu de quoi surprendre\u2026 Dominique Voynet, ancienne ministre de l\u2019Environnement, a \u00e9t\u00e9 nomm\u00e9e&nbsp;au sein du Haut Comit\u00e9 pour la transparence et l\u2019information sur la s\u00e9curit\u00e9 nucl\u00e9aire (HCTISN). Une nomination,&nbsp;d\u00e9cid\u00e9e par la pr\u00e9sidente de l\u2019Assembl\u00e9e nationale, Ya\u00ebl Braun-Pivet, qui a de quoi \u00e9tonner&nbsp;au vu des positions de l\u2019int\u00e9ress\u00e9e sur le nucl\u00e9aire.<\/p>\n<section class=\"mbl txtcenter\">\n<div id=\"newsletter\" class=\"bloc-1 title-top\">\n<span class=\"h2\">La newsletter politique<\/span><\/p>\n<div class=\"step-1\">\n<p class=\"period\">Tous les lundis \u00e0 11h30<\/p>\n<p>Recevez en avant-premi\u00e8re les informations et analyses politiques de la r\u00e9daction du Point.<\/p>\n<\/div>\n<div class=\"step-2\">\n<p>Merci !<br \/>Votre inscription a bien \u00e9t\u00e9 prise en compte avec l\u2019adresse email :<br \/><span class=\"email-sended\"><\/span><\/p>\n<p>Pour d\u00e9couvrir toutes nos autres newsletters, rendez-vous ici : MonCompte<\/p>\n<\/div>\n<p>En vous inscrivant, vous acceptez les conditions g\u00e9n\u00e9rales d\u2019utilisations et notre politique de confidentialit\u00e9.<\/p>\n<\/div>\n<p>Il lui est notamment reproch\u00e9 son r\u00f4le dans l\u2019arr\u00eat de la production du r\u00e9acteur Superph\u00e9nix, mis en service en&nbsp;1985&nbsp;et \u00e0 l\u2019arr\u00eat en 1998, sous le mandat de Lionel Jospin au poste de Premier ministre. En commission d\u2019enqu\u00eate parlementaire en 1998, elle estimait que Superph\u00e9nix traduisait la \u00ab&nbsp;folie des grandeurs&nbsp;\u00bb et \u00ab&nbsp;une mauvaise appr\u00e9ciation des besoins d\u2019\u00e9lectricit\u00e9 du pays&nbsp;\u00bb, critiquant une \u00ab&nbsp;classe politique qui baign[ait] dans l\u2019euphorie nucl\u00e9aire&nbsp;\u00bb.<\/p>\n<p><span class=\"Capsule premium\"><span class=\"Phylactery\">\u00c0 LIRE AUSSI<\/span> <strong class=\"strong\">Nucl\u00e9aire&nbsp;: une commission d\u2019enqu\u00eate, un scandale\u2026 et apr\u00e8s&nbsp;?<\/strong><\/span> Elle est r\u00e9put\u00e9e par certains observateurs comme \u00e9tant la \u00ab&nbsp;fossoyeuse du nucl\u00e9aire&nbsp;\u00bb. Lors de son retour \u00e0 l\u2019Assembl\u00e9e nationale&nbsp;apr\u00e8s les l\u00e9gislatives de juillet dernier, une vid\u00e9o pr\u00e9sentait&nbsp;la mani\u00e8re dont elle avait \u00ab&nbsp;sabord\u00e9&nbsp;\u00bb le nucl\u00e9aire fran\u00e7ais \u00e0 Bruxelles. Sur ce point, la d\u00e9put\u00e9e s\u2019est d\u00e9fendue&nbsp;depuis lors en affirmant que ses propos ont \u00e9t\u00e9 tronqu\u00e9s.<\/p>\n<section class=\"mbl txtcenter\">\n<h2>Un comit\u00e9 qui accueille des antiatomes<\/h2>\n<p>En 1995, dans son programme pour l\u2019\u00e9lection pr\u00e9sidentielle (dans laquelle elle r\u00e9coltera 3,32&nbsp;% des voix) figurait d\u00e9j\u00e0 la \u00ab&nbsp;sortie progressive du nucl\u00e9aire&nbsp;\u00bb pour favoriser plut\u00f4t \u00ab&nbsp;les \u00e9conomies d\u2019\u00e9nergie et les \u00e9nergies nouvelles&nbsp;\u00bb. Plusieurs d\u00e9put\u00e9s, comme Jean-Philippe Tanguy (RN) ou Antoine Armand (ancien ministre de l\u2019\u00c9conomie, des Finances et de l\u2019Industrie) ou encore le maire de Cannes, David Lisnard, ont critiqu\u00e9 la d\u00e9cision sur X, les deux premiers adressant m\u00eame une lettre \u00e0 la pr\u00e9sidente de l\u2019Assembl\u00e9e nationale.<\/p>\n<div class=\"mts\">\n<div class=\"reset-text mtm mbm\">\n<div class=\"art-twitter\">\n<blockquote class=\"twitter-tweet-unloaded\" data-media-max-width=\"560\" data-twitter-extracted-i174245407443889446=\"true\">\n<p dir=\"ltr\" lang=\"fr\"><span class=\"Capsule discover-kangourou\"><br \/><span class=\"Phylactery\">\u00c0 D\u00e9couvrir<\/span><br \/><strong class=\"discover-kangourou__line\"><br \/><img decoding=\"async\" class=\"discover-kangourou__img\" src=\"https:\/\/www.site.cdcl.xyz\/wp-content\/uploads\/2024\/10\/Actus-nationales-Presidentielle-americaine-Kamala-Harris-hausse-le-ton-face.svg.svg+xml\"><br \/><strong class=\"discover-kangourou__txt\"><br \/><strong>Le Kangourou du jour<\/strong><\/strong><\/strong><\/span><\/p>\n<p>R\u00e9pondre<\/p>\n<p>Ce nom peut vous dire quelque chose et vous rappeler une \u00e9poque que nous pensions lointaine. Dominique Voynet se vantait d\u2019avoir sabot\u00e9 le nucl\u00e9aire fran\u00e7ais. La France et les Fran\u00e7ais en ont pay\u00e9 les cons\u00e9quences \u00e0 tous les niveaux, y compris sur leurs factures. La nature en a\u2026<\/p>\n<p> \u2014 David Lisnard (@davidlisnard) <a rel=\"nofollow\" target=\"_blank\" href=\"https:\/\/twitter.com\/davidlisnard\/status\/1902425556215345465?ref_src=twsrc%5Etfw\">March 19, 2025<\/a> <\/p>\n<\/blockquote>\n<\/div>\n<\/div>\n<\/div>\n<p>Le HCTISN compte dans ses rangs une diversit\u00e9 d\u2019acteurs, dont des&nbsp;associations environnementales r\u00e9put\u00e9es oppos\u00e9es au d\u00e9veloppement du nucl\u00e9aire en France, comme Greenpeace ou France Nature Environnement. Dominique Voynet remplace le d\u00e9put\u00e9 Insoumis Davy Rimane, tandis que Pierre Cazeneuve remplace&nbsp;la d\u00e9put\u00e9e et ancienne salari\u00e9e du nucl\u00e9aire&nbsp;Maud Bregeon. De surcro\u00eet, ce comit\u00e9 est une instance purement consultative, sans pouvoir d\u2019action.<\/p>\n<\/section>\n<\/section>\n<\/div>\n<p> <img decoding=\"async\" src=\"https:\/\/www.cc3rivieres76.com\/blog\/wp-content\/uploads\/2025\/03\/infos-nationales-eternelle-opposante-a-latome-dominique-voynet-nommee-a-un-comite-sur-le-nucleaire-france.jpg\" alt=\"\u00c9ternelle opposante \u00e0 l\u2019atome, Dominique Voynet nomm\u00e9e \u00e0\u2026 un comit\u00e9 sur le nucl\u00e9aire\"><\/p>\n<p>#\u00c9ternelle #opposante #latome #Dominique #Voynet #nomm\u00e9e #comit\u00e9 #sur #nucl\u00e9aire<\/p>\n<p>Reprise de l\u2019information dans un style journalistique professionnel descriptif en organisant les id\u00e9es dans un ordre coh\u00e9rent avec titres html <\/p>\n<p>Ce propos apporte des r\u00e9ponses \u00e0 vos recherches vous aimerez tout autant ces livres:<\/p>\n<p>G\u00e9ographie de la France.,<a href=\"https:\/\/www.kobo.com\/fr\/fr\/ebook\/geographie-de-la-france-3\" target=\"_blank\" rel=\"noopener noreferrer nofollow\">Fiche de l\u2019ouvrage<\/a><span><\/span>.<\/p>\n<p>Photographie\/Personnalit\u00e9s\/C\/\u00c9tienne Carjat.,<a href=\"https:\/\/fr.wikibooks.org\/wiki\/Photographie\/Personnalit%C3%A9s\/C\/%C3%89tienne_Carjat\" target=\"_blank\" rel=\"noopener noreferrer nofollow\">Lien sur la fiche descriptive<\/a><span><\/span>.<\/p>\n<p>Photographie\/Personnalit\u00e9s\/S\/Jean-Louis Swiners.,<a href=\"https:\/\/fr.wikibooks.org\/wiki\/Photographie\/Personnalit%C3%A9s\/S\/Jean-Louis_Swiners\" target=\"_blank\" rel=\"noopener noreferrer nofollow\">A lire. <\/a><span><\/span>.<\/p>\n<p> Cet article, qui traite du th\u00e8me \u00ab\u00a0Les 3 rivi\u00e8res dans la Somme\u00a0\u00bb, vous est sp\u00e9cialement sugg\u00e9r\u00e9 par cc3rivieres76.com. La chronique est reproduite du mieux possible. Dans le cas o\u00f9 vous souhaitez apporter quelques pr\u00e9cisions concernant le domaine de \u00ab\u00a0Les 3 rivi\u00e8res dans la Somme\u00a0\u00bb vous pouvez solliciter notre r\u00e9daction. La destination de cc3rivieres76.com est de d\u00e9battre de Les 3 rivi\u00e8res dans la Somme dans la transparence en vous apportant la connaissance de tout ce qui est en lien avec ce sujet sur la toile Connectez-vous sur notre site cc3rivieres76.com et nos r\u00e9seaux sociaux dans le but d\u2019\u00eatre inform\u00e9 des futures publications.<\/p>\n","protected":false},"excerpt":{"rendered":"<p>Voici les \u00ab bonnes pages \u00bb d\u2019un texte que je viens de trouver sur internet. Le sujet va carr\u00e9ment vous satisfaire. Car la th\u00e9matique est \u00ab&nbsp;Actualit\u00e9 fran\u00e7aise&nbsp;\u00bb. Ceci a \u00e9t\u00e9 publi\u00e9 par Le Point \u2013 Politique Signature . Date et heure de la r\u00e9ception de la d\u00e9p\u00e9che sur notre fil d\u2019info: Date et heure de &hellip; <\/p>\n<p class=\"link-more\"><a href=\"https:\/\/www.cc3rivieres76.com\/blog\/infos-nationales-eternelle-opposante-a-latome-dominique-voynet-nommee-a-un-comite-sur-le-nucleaire-france\/\" class=\"more-link\">Continuer la lecture <span class=\"screen-reader-text\"> \u00ab\u00a0Infos nationales: \u00c9ternelle opposante \u00e0 l\u2019atome, Dominique Voynet nomm\u00e9e \u00e0\u2026 un comit\u00e9 sur le nucl\u00e9aire #France\u00a0\u00bb<\/span><\/a><\/p>\n","protected":false},"author":3,"featured_media":0,"comment_status":"closed","ping_status":"closed","sticky":false,"template":"","format":"standard","meta":{"footnotes":""},"categories":[2],"tags":[],"class_list":["post-593","post","type-post","status-publish","format-standard","hentry","category-les-3-rivieres-dans-la-somme","entry"],"yoast_head":"<!-- This site is optimized with the Yoast SEO plugin v27.5 - https:\/\/yoast.com\/product\/yoast-seo-wordpress\/ -->\n<title>Infos nationales: \u00c9ternelle opposante \u00e0 l\u2019atome, Dominique Voynet nomm\u00e9e \u00e0\u2026 un comit\u00e9 sur le nucl\u00e9aire #France - CC3RIVIERES76<\/title>\n<meta name=\"robots\" content=\"index, follow, max-snippet:-1, max-image-preview:large, max-video-preview:-1\" \/>\n<link rel=\"canonical\" href=\"https:\/\/www.cc3rivieres76.com\/blog\/infos-nationales-eternelle-opposante-a-latome-dominique-voynet-nommee-a-un-comite-sur-le-nucleaire-france\/\" \/>\n<meta property=\"og:locale\" content=\"fr_FR\" \/>\n<meta property=\"og:type\" content=\"article\" \/>\n<meta property=\"og:title\" content=\"Infos nationales: \u00c9ternelle opposante \u00e0 l\u2019atome, Dominique Voynet nomm\u00e9e \u00e0\u2026 un comit\u00e9 sur le nucl\u00e9aire #France - CC3RIVIERES76\" \/>\n<meta property=\"og:description\" content=\"Voici les \u00ab bonnes pages \u00bb d\u2019un texte que je viens de trouver sur internet. Le sujet va carr\u00e9ment vous satisfaire. Car la th\u00e9matique est \u00ab&nbsp;Actualit\u00e9 fran\u00e7aise&nbsp;\u00bb. Ceci a \u00e9t\u00e9 publi\u00e9 par Le Point \u2013 Politique Signature . Date et heure de la r\u00e9ception de la d\u00e9p\u00e9che sur notre fil d\u2019info: Date et heure de &hellip; Continuer la lecture \u00ab\u00a0Infos nationales: \u00c9ternelle opposante \u00e0 l\u2019atome, Dominique Voynet nomm\u00e9e \u00e0\u2026 un comit\u00e9 sur le nucl\u00e9aire #France\u00a0\u00bb\" \/>\n<meta property=\"og:url\" content=\"https:\/\/www.cc3rivieres76.com\/blog\/infos-nationales-eternelle-opposante-a-latome-dominique-voynet-nommee-a-un-comite-sur-le-nucleaire-france\/\" \/>\n<meta property=\"og:site_name\" content=\"CC3RIVIERES76\" \/>\n<meta property=\"article:published_time\" content=\"2025-03-20T08:31:00+00:00\" \/>\n<meta property=\"og:image\" content=\"https:\/\/www.site.cdcl.xyz\/wp-content\/uploads\/2024\/10\/Actus-nationales-Presidentielle-americaine-Kamala-Harris-hausse-le-ton-face.svg.svg+xml\" \/>\n<meta name=\"author\" content=\"Sylvie DE LAUZAINGHEIN\" \/>\n<meta name=\"twitter:card\" content=\"summary_large_image\" \/>\n<meta name=\"twitter:label1\" content=\"\u00c9crit par\" \/>\n\t<meta name=\"twitter:data1\" content=\"Sylvie DE LAUZAINGHEIN\" \/>\n\t<meta name=\"twitter:label2\" content=\"Dur\u00e9e de lecture estim\u00e9e\" \/>\n\t<meta name=\"twitter:data2\" content=\"4 minutes\" \/>\n<script type=\"application\/ld+json\" class=\"yoast-schema-graph\">{\"@context\":\"https:\\\/\\\/schema.org\",\"@graph\":[{\"@type\":\"Article\",\"@id\":\"https:\\\/\\\/www.cc3rivieres76.com\\\/blog\\\/infos-nationales-eternelle-opposante-a-latome-dominique-voynet-nommee-a-un-comite-sur-le-nucleaire-france\\\/#article\",\"isPartOf\":{\"@id\":\"https:\\\/\\\/www.cc3rivieres76.com\\\/blog\\\/infos-nationales-eternelle-opposante-a-latome-dominique-voynet-nommee-a-un-comite-sur-le-nucleaire-france\\\/\"},\"author\":{\"name\":\"Sylvie DE LAUZAINGHEIN\",\"@id\":\"https:\\\/\\\/www.cc3rivieres76.com\\\/blog\\\/#\\\/schema\\\/person\\\/474d457fb7747b5218f39792dfaa5a1c\"},\"headline\":\"Infos nationales: \u00c9ternelle opposante \u00e0 l\u2019atome, Dominique Voynet nomm\u00e9e \u00e0\u2026 un comit\u00e9 sur le nucl\u00e9aire #France\",\"datePublished\":\"2025-03-20T08:31:00+00:00\",\"mainEntityOfPage\":{\"@id\":\"https:\\\/\\\/www.cc3rivieres76.com\\\/blog\\\/infos-nationales-eternelle-opposante-a-latome-dominique-voynet-nommee-a-un-comite-sur-le-nucleaire-france\\\/\"},\"wordCount\":862,\"publisher\":{\"@id\":\"https:\\\/\\\/www.cc3rivieres76.com\\\/blog\\\/#organization\"},\"image\":{\"@id\":\"https:\\\/\\\/www.cc3rivieres76.com\\\/blog\\\/infos-nationales-eternelle-opposante-a-latome-dominique-voynet-nommee-a-un-comite-sur-le-nucleaire-france\\\/#primaryimage\"},\"thumbnailUrl\":\"https:\\\/\\\/www.site.cdcl.xyz\\\/wp-content\\\/uploads\\\/2024\\\/10\\\/Actus-nationales-Presidentielle-americaine-Kamala-Harris-hausse-le-ton-face.svg.svg+xml\",\"articleSection\":[\"Les 3 Rivi\u00e8res Dans La Somme:\"],\"inLanguage\":\"fr-FR\"},{\"@type\":\"WebPage\",\"@id\":\"https:\\\/\\\/www.cc3rivieres76.com\\\/blog\\\/infos-nationales-eternelle-opposante-a-latome-dominique-voynet-nommee-a-un-comite-sur-le-nucleaire-france\\\/\",\"url\":\"https:\\\/\\\/www.cc3rivieres76.com\\\/blog\\\/infos-nationales-eternelle-opposante-a-latome-dominique-voynet-nommee-a-un-comite-sur-le-nucleaire-france\\\/\",\"name\":\"Infos nationales: \u00c9ternelle opposante \u00e0 l\u2019atome, Dominique Voynet nomm\u00e9e \u00e0\u2026 un comit\u00e9 sur le nucl\u00e9aire #France - CC3RIVIERES76\",\"isPartOf\":{\"@id\":\"https:\\\/\\\/www.cc3rivieres76.com\\\/blog\\\/#website\"},\"primaryImageOfPage\":{\"@id\":\"https:\\\/\\\/www.cc3rivieres76.com\\\/blog\\\/infos-nationales-eternelle-opposante-a-latome-dominique-voynet-nommee-a-un-comite-sur-le-nucleaire-france\\\/#primaryimage\"},\"image\":{\"@id\":\"https:\\\/\\\/www.cc3rivieres76.com\\\/blog\\\/infos-nationales-eternelle-opposante-a-latome-dominique-voynet-nommee-a-un-comite-sur-le-nucleaire-france\\\/#primaryimage\"},\"thumbnailUrl\":\"https:\\\/\\\/www.site.cdcl.xyz\\\/wp-content\\\/uploads\\\/2024\\\/10\\\/Actus-nationales-Presidentielle-americaine-Kamala-Harris-hausse-le-ton-face.svg.svg+xml\",\"datePublished\":\"2025-03-20T08:31:00+00:00\",\"breadcrumb\":{\"@id\":\"https:\\\/\\\/www.cc3rivieres76.com\\\/blog\\\/infos-nationales-eternelle-opposante-a-latome-dominique-voynet-nommee-a-un-comite-sur-le-nucleaire-france\\\/#breadcrumb\"},\"inLanguage\":\"fr-FR\",\"potentialAction\":[{\"@type\":\"ReadAction\",\"target\":[\"https:\\\/\\\/www.cc3rivieres76.com\\\/blog\\\/infos-nationales-eternelle-opposante-a-latome-dominique-voynet-nommee-a-un-comite-sur-le-nucleaire-france\\\/\"]}]},{\"@type\":\"ImageObject\",\"inLanguage\":\"fr-FR\",\"@id\":\"https:\\\/\\\/www.cc3rivieres76.com\\\/blog\\\/infos-nationales-eternelle-opposante-a-latome-dominique-voynet-nommee-a-un-comite-sur-le-nucleaire-france\\\/#primaryimage\",\"url\":\"https:\\\/\\\/www.site.cdcl.xyz\\\/wp-content\\\/uploads\\\/2024\\\/10\\\/Actus-nationales-Presidentielle-americaine-Kamala-Harris-hausse-le-ton-face.svg.svg+xml\",\"contentUrl\":\"https:\\\/\\\/www.site.cdcl.xyz\\\/wp-content\\\/uploads\\\/2024\\\/10\\\/Actus-nationales-Presidentielle-americaine-Kamala-Harris-hausse-le-ton-face.svg.svg+xml\"},{\"@type\":\"BreadcrumbList\",\"@id\":\"https:\\\/\\\/www.cc3rivieres76.com\\\/blog\\\/infos-nationales-eternelle-opposante-a-latome-dominique-voynet-nommee-a-un-comite-sur-le-nucleaire-france\\\/#breadcrumb\",\"itemListElement\":[{\"@type\":\"ListItem\",\"position\":1,\"name\":\"Accueil\",\"item\":\"https:\\\/\\\/www.cc3rivieres76.com\\\/blog\\\/\"},{\"@type\":\"ListItem\",\"position\":2,\"name\":\"Infos nationales: \u00c9ternelle opposante \u00e0 l\u2019atome, Dominique Voynet nomm\u00e9e \u00e0\u2026 un comit\u00e9 sur le nucl\u00e9aire #France\"}]},{\"@type\":\"WebSite\",\"@id\":\"https:\\\/\\\/www.cc3rivieres76.com\\\/blog\\\/#website\",\"url\":\"https:\\\/\\\/www.cc3rivieres76.com\\\/blog\\\/\",\"name\":\"CC3RIVIERES76\",\"description\":\"Les 3 rivi\u00e8res dans la Somme.\",\"publisher\":{\"@id\":\"https:\\\/\\\/www.cc3rivieres76.com\\\/blog\\\/#organization\"},\"potentialAction\":[{\"@type\":\"SearchAction\",\"target\":{\"@type\":\"EntryPoint\",\"urlTemplate\":\"https:\\\/\\\/www.cc3rivieres76.com\\\/blog\\\/?s={search_term_string}\"},\"query-input\":{\"@type\":\"PropertyValueSpecification\",\"valueRequired\":true,\"valueName\":\"search_term_string\"}}],\"inLanguage\":\"fr-FR\"},{\"@type\":\"Organization\",\"@id\":\"https:\\\/\\\/www.cc3rivieres76.com\\\/blog\\\/#organization\",\"name\":\"cc3rivieres76\",\"url\":\"https:\\\/\\\/www.cc3rivieres76.com\\\/blog\\\/\",\"logo\":{\"@type\":\"ImageObject\",\"inLanguage\":\"fr-FR\",\"@id\":\"https:\\\/\\\/www.cc3rivieres76.com\\\/blog\\\/#\\\/schema\\\/logo\\\/image\\\/\",\"url\":\"https:\\\/\\\/www.cc3rivieres76.com\\\/blog\\\/wp-content\\\/uploads\\\/2023\\\/06\\\/logo-2.png\",\"contentUrl\":\"https:\\\/\\\/www.cc3rivieres76.com\\\/blog\\\/wp-content\\\/uploads\\\/2023\\\/06\\\/logo-2.png\",\"width\":390,\"height\":388,\"caption\":\"cc3rivieres76\"},\"image\":{\"@id\":\"https:\\\/\\\/www.cc3rivieres76.com\\\/blog\\\/#\\\/schema\\\/logo\\\/image\\\/\"}},{\"@type\":\"Person\",\"@id\":\"https:\\\/\\\/www.cc3rivieres76.com\\\/blog\\\/#\\\/schema\\\/person\\\/474d457fb7747b5218f39792dfaa5a1c\",\"name\":\"Sylvie DE LAUZAINGHEIN\",\"image\":{\"@type\":\"ImageObject\",\"inLanguage\":\"fr-FR\",\"@id\":\"https:\\\/\\\/secure.gravatar.com\\\/avatar\\\/9c6a53b19e0a3431aa80de0895b9729fe665cd7e7d6cc94fc11abb152f4237d7?s=96&d=mm&r=g\",\"url\":\"https:\\\/\\\/secure.gravatar.com\\\/avatar\\\/9c6a53b19e0a3431aa80de0895b9729fe665cd7e7d6cc94fc11abb152f4237d7?s=96&d=mm&r=g\",\"contentUrl\":\"https:\\\/\\\/secure.gravatar.com\\\/avatar\\\/9c6a53b19e0a3431aa80de0895b9729fe665cd7e7d6cc94fc11abb152f4237d7?s=96&d=mm&r=g\",\"caption\":\"Sylvie DE LAUZAINGHEIN\"},\"url\":\"https:\\\/\\\/www.cc3rivieres76.com\\\/blog\\\/author\\\/s76sylvie\\\/\"}]}<\/script>\n<!-- \/ Yoast SEO plugin. -->","yoast_head_json":{"title":"Infos nationales: \u00c9ternelle opposante \u00e0 l\u2019atome, Dominique Voynet nomm\u00e9e \u00e0\u2026 un comit\u00e9 sur le nucl\u00e9aire #France - CC3RIVIERES76","robots":{"index":"index","follow":"follow","max-snippet":"max-snippet:-1","max-image-preview":"max-image-preview:large","max-video-preview":"max-video-preview:-1"},"canonical":"https:\/\/www.cc3rivieres76.com\/blog\/infos-nationales-eternelle-opposante-a-latome-dominique-voynet-nommee-a-un-comite-sur-le-nucleaire-france\/","og_locale":"fr_FR","og_type":"article","og_title":"Infos nationales: \u00c9ternelle opposante \u00e0 l\u2019atome, Dominique Voynet nomm\u00e9e \u00e0\u2026 un comit\u00e9 sur le nucl\u00e9aire #France - CC3RIVIERES76","og_description":"Voici les \u00ab bonnes pages \u00bb d\u2019un texte que je viens de trouver sur internet. Le sujet va carr\u00e9ment vous satisfaire. Car la th\u00e9matique est \u00ab&nbsp;Actualit\u00e9 fran\u00e7aise&nbsp;\u00bb. Ceci a \u00e9t\u00e9 publi\u00e9 par Le Point \u2013 Politique Signature . Date et heure de la r\u00e9ception de la d\u00e9p\u00e9che sur notre fil d\u2019info: Date et heure de &hellip; Continuer la lecture \u00ab\u00a0Infos nationales: \u00c9ternelle opposante \u00e0 l\u2019atome, Dominique Voynet nomm\u00e9e \u00e0\u2026 un comit\u00e9 sur le nucl\u00e9aire #France\u00a0\u00bb","og_url":"https:\/\/www.cc3rivieres76.com\/blog\/infos-nationales-eternelle-opposante-a-latome-dominique-voynet-nommee-a-un-comite-sur-le-nucleaire-france\/","og_site_name":"CC3RIVIERES76","article_published_time":"2025-03-20T08:31:00+00:00","og_image":[{"url":"https:\/\/www.site.cdcl.xyz\/wp-content\/uploads\/2024\/10\/Actus-nationales-Presidentielle-americaine-Kamala-Harris-hausse-le-ton-face.svg.svg+xml","type":"","width":"","height":""}],"author":"Sylvie DE LAUZAINGHEIN","twitter_card":"summary_large_image","twitter_misc":{"\u00c9crit par":"Sylvie DE LAUZAINGHEIN","Dur\u00e9e de lecture estim\u00e9e":"4 minutes"},"schema":{"@context":"https:\/\/schema.org","@graph":[{"@type":"Article","@id":"https:\/\/www.cc3rivieres76.com\/blog\/infos-nationales-eternelle-opposante-a-latome-dominique-voynet-nommee-a-un-comite-sur-le-nucleaire-france\/#article","isPartOf":{"@id":"https:\/\/www.cc3rivieres76.com\/blog\/infos-nationales-eternelle-opposante-a-latome-dominique-voynet-nommee-a-un-comite-sur-le-nucleaire-france\/"},"author":{"name":"Sylvie DE LAUZAINGHEIN","@id":"https:\/\/www.cc3rivieres76.com\/blog\/#\/schema\/person\/474d457fb7747b5218f39792dfaa5a1c"},"headline":"Infos nationales: \u00c9ternelle opposante \u00e0 l\u2019atome, Dominique Voynet nomm\u00e9e \u00e0\u2026 un comit\u00e9 sur le nucl\u00e9aire #France","datePublished":"2025-03-20T08:31:00+00:00","mainEntityOfPage":{"@id":"https:\/\/www.cc3rivieres76.com\/blog\/infos-nationales-eternelle-opposante-a-latome-dominique-voynet-nommee-a-un-comite-sur-le-nucleaire-france\/"},"wordCount":862,"publisher":{"@id":"https:\/\/www.cc3rivieres76.com\/blog\/#organization"},"image":{"@id":"https:\/\/www.cc3rivieres76.com\/blog\/infos-nationales-eternelle-opposante-a-latome-dominique-voynet-nommee-a-un-comite-sur-le-nucleaire-france\/#primaryimage"},"thumbnailUrl":"https:\/\/www.site.cdcl.xyz\/wp-content\/uploads\/2024\/10\/Actus-nationales-Presidentielle-americaine-Kamala-Harris-hausse-le-ton-face.svg.svg+xml","articleSection":["Les 3 Rivi\u00e8res Dans La Somme:"],"inLanguage":"fr-FR"},{"@type":"WebPage","@id":"https:\/\/www.cc3rivieres76.com\/blog\/infos-nationales-eternelle-opposante-a-latome-dominique-voynet-nommee-a-un-comite-sur-le-nucleaire-france\/","url":"https:\/\/www.cc3rivieres76.com\/blog\/infos-nationales-eternelle-opposante-a-latome-dominique-voynet-nommee-a-un-comite-sur-le-nucleaire-france\/","name":"Infos nationales: \u00c9ternelle opposante \u00e0 l\u2019atome, Dominique Voynet nomm\u00e9e \u00e0\u2026 un comit\u00e9 sur le nucl\u00e9aire #France - CC3RIVIERES76","isPartOf":{"@id":"https:\/\/www.cc3rivieres76.com\/blog\/#website"},"primaryImageOfPage":{"@id":"https:\/\/www.cc3rivieres76.com\/blog\/infos-nationales-eternelle-opposante-a-latome-dominique-voynet-nommee-a-un-comite-sur-le-nucleaire-france\/#primaryimage"},"image":{"@id":"https:\/\/www.cc3rivieres76.com\/blog\/infos-nationales-eternelle-opposante-a-latome-dominique-voynet-nommee-a-un-comite-sur-le-nucleaire-france\/#primaryimage"},"thumbnailUrl":"https:\/\/www.site.cdcl.xyz\/wp-content\/uploads\/2024\/10\/Actus-nationales-Presidentielle-americaine-Kamala-Harris-hausse-le-ton-face.svg.svg+xml","datePublished":"2025-03-20T08:31:00+00:00","breadcrumb":{"@id":"https:\/\/www.cc3rivieres76.com\/blog\/infos-nationales-eternelle-opposante-a-latome-dominique-voynet-nommee-a-un-comite-sur-le-nucleaire-france\/#breadcrumb"},"inLanguage":"fr-FR","potentialAction":[{"@type":"ReadAction","target":["https:\/\/www.cc3rivieres76.com\/blog\/infos-nationales-eternelle-opposante-a-latome-dominique-voynet-nommee-a-un-comite-sur-le-nucleaire-france\/"]}]},{"@type":"ImageObject","inLanguage":"fr-FR","@id":"https:\/\/www.cc3rivieres76.com\/blog\/infos-nationales-eternelle-opposante-a-latome-dominique-voynet-nommee-a-un-comite-sur-le-nucleaire-france\/#primaryimage","url":"https:\/\/www.site.cdcl.xyz\/wp-content\/uploads\/2024\/10\/Actus-nationales-Presidentielle-americaine-Kamala-Harris-hausse-le-ton-face.svg.svg+xml","contentUrl":"https:\/\/www.site.cdcl.xyz\/wp-content\/uploads\/2024\/10\/Actus-nationales-Presidentielle-americaine-Kamala-Harris-hausse-le-ton-face.svg.svg+xml"},{"@type":"BreadcrumbList","@id":"https:\/\/www.cc3rivieres76.com\/blog\/infos-nationales-eternelle-opposante-a-latome-dominique-voynet-nommee-a-un-comite-sur-le-nucleaire-france\/#breadcrumb","itemListElement":[{"@type":"ListItem","position":1,"name":"Accueil","item":"https:\/\/www.cc3rivieres76.com\/blog\/"},{"@type":"ListItem","position":2,"name":"Infos nationales: \u00c9ternelle opposante \u00e0 l\u2019atome, Dominique Voynet nomm\u00e9e \u00e0\u2026 un comit\u00e9 sur le nucl\u00e9aire #France"}]},{"@type":"WebSite","@id":"https:\/\/www.cc3rivieres76.com\/blog\/#website","url":"https:\/\/www.cc3rivieres76.com\/blog\/","name":"CC3RIVIERES76","description":"Les 3 rivi\u00e8res dans la Somme.","publisher":{"@id":"https:\/\/www.cc3rivieres76.com\/blog\/#organization"},"potentialAction":[{"@type":"SearchAction","target":{"@type":"EntryPoint","urlTemplate":"https:\/\/www.cc3rivieres76.com\/blog\/?s={search_term_string}"},"query-input":{"@type":"PropertyValueSpecification","valueRequired":true,"valueName":"search_term_string"}}],"inLanguage":"fr-FR"},{"@type":"Organization","@id":"https:\/\/www.cc3rivieres76.com\/blog\/#organization","name":"cc3rivieres76","url":"https:\/\/www.cc3rivieres76.com\/blog\/","logo":{"@type":"ImageObject","inLanguage":"fr-FR","@id":"https:\/\/www.cc3rivieres76.com\/blog\/#\/schema\/logo\/image\/","url":"https:\/\/www.cc3rivieres76.com\/blog\/wp-content\/uploads\/2023\/06\/logo-2.png","contentUrl":"https:\/\/www.cc3rivieres76.com\/blog\/wp-content\/uploads\/2023\/06\/logo-2.png","width":390,"height":388,"caption":"cc3rivieres76"},"image":{"@id":"https:\/\/www.cc3rivieres76.com\/blog\/#\/schema\/logo\/image\/"}},{"@type":"Person","@id":"https:\/\/www.cc3rivieres76.com\/blog\/#\/schema\/person\/474d457fb7747b5218f39792dfaa5a1c","name":"Sylvie DE LAUZAINGHEIN","image":{"@type":"ImageObject","inLanguage":"fr-FR","@id":"https:\/\/secure.gravatar.com\/avatar\/9c6a53b19e0a3431aa80de0895b9729fe665cd7e7d6cc94fc11abb152f4237d7?s=96&d=mm&r=g","url":"https:\/\/secure.gravatar.com\/avatar\/9c6a53b19e0a3431aa80de0895b9729fe665cd7e7d6cc94fc11abb152f4237d7?s=96&d=mm&r=g","contentUrl":"https:\/\/secure.gravatar.com\/avatar\/9c6a53b19e0a3431aa80de0895b9729fe665cd7e7d6cc94fc11abb152f4237d7?s=96&d=mm&r=g","caption":"Sylvie DE LAUZAINGHEIN"},"url":"https:\/\/www.cc3rivieres76.com\/blog\/author\/s76sylvie\/"}]}},"_links":{"self":[{"href":"https:\/\/www.cc3rivieres76.com\/blog\/wp-json\/wp\/v2\/posts\/593","targetHints":{"allow":["GET"]}}],"collection":[{"href":"https:\/\/www.cc3rivieres76.com\/blog\/wp-json\/wp\/v2\/posts"}],"about":[{"href":"https:\/\/www.cc3rivieres76.com\/blog\/wp-json\/wp\/v2\/types\/post"}],"author":[{"embeddable":true,"href":"https:\/\/www.cc3rivieres76.com\/blog\/wp-json\/wp\/v2\/users\/3"}],"replies":[{"embeddable":true,"href":"https:\/\/www.cc3rivieres76.com\/blog\/wp-json\/wp\/v2\/comments?post=593"}],"version-history":[{"count":0,"href":"https:\/\/www.cc3rivieres76.com\/blog\/wp-json\/wp\/v2\/posts\/593\/revisions"}],"wp:attachment":[{"href":"https:\/\/www.cc3rivieres76.com\/blog\/wp-json\/wp\/v2\/media?parent=593"}],"wp:term":[{"taxonomy":"category","embeddable":true,"href":"https:\/\/www.cc3rivieres76.com\/blog\/wp-json\/wp\/v2\/categories?post=593"},{"taxonomy":"post_tag","embeddable":true,"href":"https:\/\/www.cc3rivieres76.com\/blog\/wp-json\/wp\/v2\/tags?post=593"}],"curies":[{"name":"wp","href":"https:\/\/api.w.org\/{rel}","templated":true}]}}