{"id":649,"date":"2025-04-20T18:33:00","date_gmt":"2025-04-20T16:33:00","guid":{"rendered":"https:\/\/www.site.cdcl.xyz\/2025\/04\/20\/actualites-nationales-pourquoi-la-condamnation-de-marine-le-pen-fracture-la-droite-intellectuelle-france\/"},"modified":"2025-04-20T18:33:00","modified_gmt":"2025-04-20T16:33:00","slug":"actualites-nationales-pourquoi-la-condamnation-de-marine-le-pen-fracture-la-droite-intellectuelle-france","status":"publish","type":"post","link":"https:\/\/www.cc3rivieres76.com\/blog\/actualites-nationales-pourquoi-la-condamnation-de-marine-le-pen-fracture-la-droite-intellectuelle-france\/","title":{"rendered":"Actualit\u00e9s nationales: Pourquoi la condamnation de Marine Le\u00a0Pen fracture la droite intellectuelle #France"},"content":{"rendered":"\n<p>Je vous produit un tout nouvel \u00e9ditorial qui va couronner notre revue de presse sur \u00ab&nbsp;Actualit\u00e9 fran\u00e7aise&nbsp;\u00bb.<\/p>\n<h2>\nA lire sur Le Point \u2013 Toute l&rsquo;info en continu, l\u2019article suivant<\/h2>\n<p><u>Signature . <\/u><\/p>\n<p><u>Date et heure de la r\u00e9ception de la d\u00e9p\u00e9che sur notre fil d\u2019info:<\/u><strong><span id=\"date\"><\/span><\/strong><\/p>\n<p><u>Date et heure de publication sur internet:<\/u> <strong><span id=\"datecrea\"><\/span><\/strong><\/p>\n<p><u>Titre exacte donn\u00e9 par le journal \u00e9tait:<\/u> <strong>Pourquoi la condamnation de Marine Le&nbsp;Pen fracture la droite intellectuelle<\/strong><\/p>\n<p><u>Information et contenu publi\u00e9s :<\/u><\/p>\n<p><img decoding=\"async\" src=\"https:\/\/www.cc3rivieres76.com\/blog\/wp-content\/uploads\/2025\/04\/actualites-nationales-pourquoi-la-condamnation-de-marine-le-pen-fracture-la-droite-intellectuelle-france.jpg\"><\/p>\n<div id=\"contenu\"> <!-- include t_www_2023\/pages\/article\/blocs\/tag_pub.tpl --><br \/><!-- include \/t_www_2023\/pages\/article\/blocs\/tag_pub.tpl --><\/p>\n<p><span class=\"dflt-txt__lettrine\">S<\/span>\u00e9paration des pouvoirs d\u2019un c\u00f4t\u00e9, souverainet\u00e9 populaire de l\u2019autre. La condamnation de Marine Le&nbsp;Pen, le 31&nbsp;mars, \u00e0 une peine d\u2019in\u00e9ligibilit\u00e9 de cinq ans avec ex\u00e9cution provisoire, dans le cadre de l\u2019affaire des parlementaires europ\u00e9ens du Front national (FN devenu Rassemblement national, RN), fait resurgir une ligne de fracture chez les intellectuels conservateurs.<\/p>\n<section class=\"mbl txtcenter\">\n<p>D\u2019un c\u00f4t\u00e9, les tenants d\u2019une tradition lib\u00e9rale incarn\u00e9e par Raymond Aron et Jean-Fran\u00e7ois Revel, comme la philosophe Monique Canto-Sperber et la sociologue Dominique Schnapper, rechignent \u00e0 contester une d\u00e9cision de justice. \u00ab&nbsp;La s\u00e9paration des pouvoirs constitue un fondement de la d\u00e9mocratie. On peut discuter de l\u2019opportunit\u00e9 politique de la condamnation de Marine Le&nbsp;Pen, mais non remettre en question sa l\u00e9gitimit\u00e9, a for\u2026<\/p>\n<aside id=\"article-reserve-aux-abonnes\" class=\"paywall hide-iframe\">\n<div class=\"paywall-content\">\n<p>Toute l\u2019actualit\u00e9 \u00e0 1\u20ac le premier mois<\/p>\n<p>S\u2019abonner<\/p>\n<p><span>ou<\/span><\/p>\n<\/div>\n<\/aside>\n<div id=\"art-debats-nldebats\">\n<div id=\"newsletter\" class=\"bloc-1 title-top\">\n<span class=\"h2\">La newsletter d\u00e9bats et opinions<\/span><\/p>\n<div class=\"step-1\">\n<p class=\"period\">Tous les vendredis \u00e0 7h30<\/p>\n<p>Recevez notre s\u00e9lection d\u2019articles tir\u00e9e de notre rubrique D\u00e9bats, pour comprendre les vrais enjeux du monde d\u2019aujourd\u2019hui et de notre soci\u00e9t\u00e9<\/p>\n<\/div>\n<div class=\"step-2\">\n<p>Merci !<br \/>Votre inscription a bien \u00e9t\u00e9 prise en compte avec l\u2019adresse email :<br \/><span class=\"email-sended\"><\/span><\/p>\n<p>Pour d\u00e9couvrir toutes nos autres newsletters, rendez-vous ici : MonCompte<\/p>\n<\/div>\n<p>En vous inscrivant, vous acceptez les conditions g\u00e9n\u00e9rales d\u2019utilisations et notre politique de confidentialit\u00e9.<\/p>\n<\/div>\n<\/div>\n<\/section>\n<\/div>\n<p> <img decoding=\"async\" src=\"https:\/\/www.cc3rivieres76.com\/blog\/wp-content\/uploads\/2025\/04\/actualites-nationales-pourquoi-la-condamnation-de-marine-le-pen-fracture-la-droite-intellectuelle-france.jpg\" alt=\"Pourquoi la condamnation de Marine Le&nbsp;Pen fracture la droite intellectuelle\"><\/p>\n<p>#Pourquoi #condamnation #Marine #LePen #fracture #droite #intellectuelle<\/p>\n<p>Reprise de l\u2019information dans un style journalistique professionnel descriptif en organisant les id\u00e9es dans un ordre coh\u00e9rent avec titres html <\/p>\n<p>Livres sur un th\u00e8me analogue:<\/p>\n<p>Atlas de la France du futur. Notre avenir en 72 cartes.,<a href=\"https:\/\/www.kobo.com\/fr\/fr\/ebook\/atlas-de-la-france-du-futur-notre-avenir-en-72-cartes\" target=\"_blank\" rel=\"noopener noreferrer nofollow\">A lire. <\/a><span><\/span>.<\/p>\n<p>Photographie\/Personnalit\u00e9s\/R\/Marc Riboud.,<a href=\"https:\/\/fr.wikibooks.org\/wiki\/Photographie\/Personnalit%C3%A9s\/R\/Marc_Riboud\" target=\"_blank\" rel=\"noopener noreferrer nofollow\">Redirection vers la fiche de pr\u00e9sentation de ce livre<\/a><span><\/span>.<\/p>\n<p>Samba pour la France.,<a href=\"https:\/\/www.kobo.com\/fr\/fr\/ebook\/samba-pour-la-france-4\" target=\"_blank\" rel=\"noopener noreferrer nofollow\">R\u00e9f\u00e9rences de l\u2019ouvrage<\/a><span><\/span>.<\/p>\n<p> Cet article, qui traite du th\u00e8me \u00ab\u00a0Les 3 rivi\u00e8res dans la Somme\u00a0\u00bb, vous est sp\u00e9cialement sugg\u00e9r\u00e9 par cc3rivieres76.com. La chronique est reproduite du mieux possible. Dans le cas o\u00f9 vous souhaitez apporter quelques pr\u00e9cisions concernant le domaine de \u00ab\u00a0Les 3 rivi\u00e8res dans la Somme\u00a0\u00bb vous pouvez solliciter notre r\u00e9daction. La destination de cc3rivieres76.com est de d\u00e9battre de Les 3 rivi\u00e8res dans la Somme dans la transparence en vous apportant la connaissance de tout ce qui est en lien avec ce sujet sur la toile Connectez-vous sur notre site cc3rivieres76.com et nos r\u00e9seaux sociaux dans le but d\u2019\u00eatre inform\u00e9 des futures publications.<\/p>\n","protected":false},"excerpt":{"rendered":"<p>Je vous produit un tout nouvel \u00e9ditorial qui va couronner notre revue de presse sur \u00ab&nbsp;Actualit\u00e9 fran\u00e7aise&nbsp;\u00bb. A lire sur Le Point \u2013 Toute l&rsquo;info en continu, l\u2019article suivant Signature . Date et heure de la r\u00e9ception de la d\u00e9p\u00e9che sur notre fil d\u2019info: Date et heure de publication sur internet: Titre exacte donn\u00e9 par &hellip; <\/p>\n<p class=\"link-more\"><a href=\"https:\/\/www.cc3rivieres76.com\/blog\/actualites-nationales-pourquoi-la-condamnation-de-marine-le-pen-fracture-la-droite-intellectuelle-france\/\" class=\"more-link\">Continuer la lecture <span class=\"screen-reader-text\"> \u00ab\u00a0Actualit\u00e9s nationales: Pourquoi la condamnation de Marine Le\u00a0Pen fracture la droite intellectuelle #France\u00a0\u00bb<\/span><\/a><\/p>\n","protected":false},"author":3,"featured_media":650,"comment_status":"closed","ping_status":"closed","sticky":false,"template":"","format":"standard","meta":{"footnotes":""},"categories":[2],"tags":[],"class_list":["post-649","post","type-post","status-publish","format-standard","has-post-thumbnail","hentry","category-les-3-rivieres-dans-la-somme","entry"],"yoast_head":"<!-- This site is optimized with the Yoast SEO plugin v27.5 - https:\/\/yoast.com\/product\/yoast-seo-wordpress\/ -->\n<title>Actualit\u00e9s nationales: Pourquoi la condamnation de Marine Le\u00a0Pen fracture la droite intellectuelle #France - CC3RIVIERES76<\/title>\n<meta name=\"robots\" content=\"index, follow, max-snippet:-1, max-image-preview:large, max-video-preview:-1\" \/>\n<link rel=\"canonical\" href=\"https:\/\/www.cc3rivieres76.com\/blog\/actualites-nationales-pourquoi-la-condamnation-de-marine-le-pen-fracture-la-droite-intellectuelle-france\/\" \/>\n<meta property=\"og:locale\" content=\"fr_FR\" \/>\n<meta property=\"og:type\" content=\"article\" \/>\n<meta property=\"og:title\" content=\"Actualit\u00e9s nationales: Pourquoi la condamnation de Marine Le\u00a0Pen fracture la droite intellectuelle #France - CC3RIVIERES76\" \/>\n<meta property=\"og:description\" content=\"Je vous produit un tout nouvel \u00e9ditorial qui va couronner notre revue de presse sur \u00ab&nbsp;Actualit\u00e9 fran\u00e7aise&nbsp;\u00bb. A lire sur Le Point \u2013 Toute l&rsquo;info en continu, l\u2019article suivant Signature . Date et heure de la r\u00e9ception de la d\u00e9p\u00e9che sur notre fil d\u2019info: Date et heure de publication sur internet: Titre exacte donn\u00e9 par &hellip; Continuer la lecture \u00ab\u00a0Actualit\u00e9s nationales: Pourquoi la condamnation de Marine Le\u00a0Pen fracture la droite intellectuelle #France\u00a0\u00bb\" \/>\n<meta property=\"og:url\" content=\"https:\/\/www.cc3rivieres76.com\/blog\/actualites-nationales-pourquoi-la-condamnation-de-marine-le-pen-fracture-la-droite-intellectuelle-france\/\" \/>\n<meta property=\"og:site_name\" content=\"CC3RIVIERES76\" \/>\n<meta property=\"article:published_time\" content=\"2025-04-20T16:33:00+00:00\" \/>\n<meta property=\"og:image\" content=\"https:\/\/www.cc3rivieres76.com\/blog\/wp-content\/uploads\/2025\/04\/actualites-nationales-pourquoi-la-condamnation-de-marine-le-pen-fracture-la-droite-intellectuelle-france.jpg\" \/>\n<meta name=\"author\" content=\"Sylvie DE LAUZAINGHEIN\" \/>\n<meta name=\"twitter:card\" content=\"summary_large_image\" \/>\n<meta name=\"twitter:label1\" content=\"\u00c9crit par\" \/>\n\t<meta name=\"twitter:data1\" content=\"Sylvie DE LAUZAINGHEIN\" \/>\n\t<meta name=\"twitter:label2\" content=\"Dur\u00e9e de lecture estim\u00e9e\" \/>\n\t<meta name=\"twitter:data2\" content=\"2 minutes\" \/>\n<script type=\"application\/ld+json\" class=\"yoast-schema-graph\">{\"@context\":\"https:\\\/\\\/schema.org\",\"@graph\":[{\"@type\":\"Article\",\"@id\":\"https:\\\/\\\/www.cc3rivieres76.com\\\/blog\\\/actualites-nationales-pourquoi-la-condamnation-de-marine-le-pen-fracture-la-droite-intellectuelle-france\\\/#article\",\"isPartOf\":{\"@id\":\"https:\\\/\\\/www.cc3rivieres76.com\\\/blog\\\/actualites-nationales-pourquoi-la-condamnation-de-marine-le-pen-fracture-la-droite-intellectuelle-france\\\/\"},\"author\":{\"name\":\"Sylvie DE LAUZAINGHEIN\",\"@id\":\"https:\\\/\\\/www.cc3rivieres76.com\\\/blog\\\/#\\\/schema\\\/person\\\/474d457fb7747b5218f39792dfaa5a1c\"},\"headline\":\"Actualit\u00e9s nationales: Pourquoi la condamnation de Marine Le\u00a0Pen fracture la droite intellectuelle #France\",\"datePublished\":\"2025-04-20T16:33:00+00:00\",\"mainEntityOfPage\":{\"@id\":\"https:\\\/\\\/www.cc3rivieres76.com\\\/blog\\\/actualites-nationales-pourquoi-la-condamnation-de-marine-le-pen-fracture-la-droite-intellectuelle-france\\\/\"},\"wordCount\":511,\"publisher\":{\"@id\":\"https:\\\/\\\/www.cc3rivieres76.com\\\/blog\\\/#organization\"},\"image\":{\"@id\":\"https:\\\/\\\/www.cc3rivieres76.com\\\/blog\\\/actualites-nationales-pourquoi-la-condamnation-de-marine-le-pen-fracture-la-droite-intellectuelle-france\\\/#primaryimage\"},\"thumbnailUrl\":\"https:\\\/\\\/www.cc3rivieres76.com\\\/blog\\\/wp-content\\\/uploads\\\/2025\\\/04\\\/actualites-nationales-pourquoi-la-condamnation-de-marine-le-pen-fracture-la-droite-intellectuelle-france.jpg\",\"articleSection\":[\"Les 3 Rivi\u00e8res Dans La Somme:\"],\"inLanguage\":\"fr-FR\"},{\"@type\":\"WebPage\",\"@id\":\"https:\\\/\\\/www.cc3rivieres76.com\\\/blog\\\/actualites-nationales-pourquoi-la-condamnation-de-marine-le-pen-fracture-la-droite-intellectuelle-france\\\/\",\"url\":\"https:\\\/\\\/www.cc3rivieres76.com\\\/blog\\\/actualites-nationales-pourquoi-la-condamnation-de-marine-le-pen-fracture-la-droite-intellectuelle-france\\\/\",\"name\":\"Actualit\u00e9s nationales: Pourquoi la condamnation de Marine Le\u00a0Pen fracture la droite intellectuelle #France - CC3RIVIERES76\",\"isPartOf\":{\"@id\":\"https:\\\/\\\/www.cc3rivieres76.com\\\/blog\\\/#website\"},\"primaryImageOfPage\":{\"@id\":\"https:\\\/\\\/www.cc3rivieres76.com\\\/blog\\\/actualites-nationales-pourquoi-la-condamnation-de-marine-le-pen-fracture-la-droite-intellectuelle-france\\\/#primaryimage\"},\"image\":{\"@id\":\"https:\\\/\\\/www.cc3rivieres76.com\\\/blog\\\/actualites-nationales-pourquoi-la-condamnation-de-marine-le-pen-fracture-la-droite-intellectuelle-france\\\/#primaryimage\"},\"thumbnailUrl\":\"https:\\\/\\\/www.cc3rivieres76.com\\\/blog\\\/wp-content\\\/uploads\\\/2025\\\/04\\\/actualites-nationales-pourquoi-la-condamnation-de-marine-le-pen-fracture-la-droite-intellectuelle-france.jpg\",\"datePublished\":\"2025-04-20T16:33:00+00:00\",\"breadcrumb\":{\"@id\":\"https:\\\/\\\/www.cc3rivieres76.com\\\/blog\\\/actualites-nationales-pourquoi-la-condamnation-de-marine-le-pen-fracture-la-droite-intellectuelle-france\\\/#breadcrumb\"},\"inLanguage\":\"fr-FR\",\"potentialAction\":[{\"@type\":\"ReadAction\",\"target\":[\"https:\\\/\\\/www.cc3rivieres76.com\\\/blog\\\/actualites-nationales-pourquoi-la-condamnation-de-marine-le-pen-fracture-la-droite-intellectuelle-france\\\/\"]}]},{\"@type\":\"ImageObject\",\"inLanguage\":\"fr-FR\",\"@id\":\"https:\\\/\\\/www.cc3rivieres76.com\\\/blog\\\/actualites-nationales-pourquoi-la-condamnation-de-marine-le-pen-fracture-la-droite-intellectuelle-france\\\/#primaryimage\",\"url\":\"https:\\\/\\\/www.cc3rivieres76.com\\\/blog\\\/wp-content\\\/uploads\\\/2025\\\/04\\\/actualites-nationales-pourquoi-la-condamnation-de-marine-le-pen-fracture-la-droite-intellectuelle-france.jpg\",\"contentUrl\":\"https:\\\/\\\/www.cc3rivieres76.com\\\/blog\\\/wp-content\\\/uploads\\\/2025\\\/04\\\/actualites-nationales-pourquoi-la-condamnation-de-marine-le-pen-fracture-la-droite-intellectuelle-france.jpg\",\"width\":1439,\"height\":960,\"caption\":\"Actualit\u00e9s nationales: Pourquoi la condamnation de Marine Le\u00a0Pen fracture la droite intellectuelle #France\"},{\"@type\":\"BreadcrumbList\",\"@id\":\"https:\\\/\\\/www.cc3rivieres76.com\\\/blog\\\/actualites-nationales-pourquoi-la-condamnation-de-marine-le-pen-fracture-la-droite-intellectuelle-france\\\/#breadcrumb\",\"itemListElement\":[{\"@type\":\"ListItem\",\"position\":1,\"name\":\"Accueil\",\"item\":\"https:\\\/\\\/www.cc3rivieres76.com\\\/blog\\\/\"},{\"@type\":\"ListItem\",\"position\":2,\"name\":\"Actualit\u00e9s nationales: Pourquoi la condamnation de Marine Le\u00a0Pen fracture la droite intellectuelle #France\"}]},{\"@type\":\"WebSite\",\"@id\":\"https:\\\/\\\/www.cc3rivieres76.com\\\/blog\\\/#website\",\"url\":\"https:\\\/\\\/www.cc3rivieres76.com\\\/blog\\\/\",\"name\":\"CC3RIVIERES76\",\"description\":\"Les 3 rivi\u00e8res dans la Somme.\",\"publisher\":{\"@id\":\"https:\\\/\\\/www.cc3rivieres76.com\\\/blog\\\/#organization\"},\"potentialAction\":[{\"@type\":\"SearchAction\",\"target\":{\"@type\":\"EntryPoint\",\"urlTemplate\":\"https:\\\/\\\/www.cc3rivieres76.com\\\/blog\\\/?s={search_term_string}\"},\"query-input\":{\"@type\":\"PropertyValueSpecification\",\"valueRequired\":true,\"valueName\":\"search_term_string\"}}],\"inLanguage\":\"fr-FR\"},{\"@type\":\"Organization\",\"@id\":\"https:\\\/\\\/www.cc3rivieres76.com\\\/blog\\\/#organization\",\"name\":\"cc3rivieres76\",\"url\":\"https:\\\/\\\/www.cc3rivieres76.com\\\/blog\\\/\",\"logo\":{\"@type\":\"ImageObject\",\"inLanguage\":\"fr-FR\",\"@id\":\"https:\\\/\\\/www.cc3rivieres76.com\\\/blog\\\/#\\\/schema\\\/logo\\\/image\\\/\",\"url\":\"https:\\\/\\\/www.cc3rivieres76.com\\\/blog\\\/wp-content\\\/uploads\\\/2023\\\/06\\\/logo-2.png\",\"contentUrl\":\"https:\\\/\\\/www.cc3rivieres76.com\\\/blog\\\/wp-content\\\/uploads\\\/2023\\\/06\\\/logo-2.png\",\"width\":390,\"height\":388,\"caption\":\"cc3rivieres76\"},\"image\":{\"@id\":\"https:\\\/\\\/www.cc3rivieres76.com\\\/blog\\\/#\\\/schema\\\/logo\\\/image\\\/\"}},{\"@type\":\"Person\",\"@id\":\"https:\\\/\\\/www.cc3rivieres76.com\\\/blog\\\/#\\\/schema\\\/person\\\/474d457fb7747b5218f39792dfaa5a1c\",\"name\":\"Sylvie DE LAUZAINGHEIN\",\"image\":{\"@type\":\"ImageObject\",\"inLanguage\":\"fr-FR\",\"@id\":\"https:\\\/\\\/secure.gravatar.com\\\/avatar\\\/9c6a53b19e0a3431aa80de0895b9729fe665cd7e7d6cc94fc11abb152f4237d7?s=96&d=mm&r=g\",\"url\":\"https:\\\/\\\/secure.gravatar.com\\\/avatar\\\/9c6a53b19e0a3431aa80de0895b9729fe665cd7e7d6cc94fc11abb152f4237d7?s=96&d=mm&r=g\",\"contentUrl\":\"https:\\\/\\\/secure.gravatar.com\\\/avatar\\\/9c6a53b19e0a3431aa80de0895b9729fe665cd7e7d6cc94fc11abb152f4237d7?s=96&d=mm&r=g\",\"caption\":\"Sylvie DE LAUZAINGHEIN\"},\"url\":\"https:\\\/\\\/www.cc3rivieres76.com\\\/blog\\\/author\\\/s76sylvie\\\/\"}]}<\/script>\n<!-- \/ Yoast SEO plugin. -->","yoast_head_json":{"title":"Actualit\u00e9s nationales: Pourquoi la condamnation de Marine Le\u00a0Pen fracture la droite intellectuelle #France - CC3RIVIERES76","robots":{"index":"index","follow":"follow","max-snippet":"max-snippet:-1","max-image-preview":"max-image-preview:large","max-video-preview":"max-video-preview:-1"},"canonical":"https:\/\/www.cc3rivieres76.com\/blog\/actualites-nationales-pourquoi-la-condamnation-de-marine-le-pen-fracture-la-droite-intellectuelle-france\/","og_locale":"fr_FR","og_type":"article","og_title":"Actualit\u00e9s nationales: Pourquoi la condamnation de Marine Le\u00a0Pen fracture la droite intellectuelle #France - CC3RIVIERES76","og_description":"Je vous produit un tout nouvel \u00e9ditorial qui va couronner notre revue de presse sur \u00ab&nbsp;Actualit\u00e9 fran\u00e7aise&nbsp;\u00bb. A lire sur Le Point \u2013 Toute l&rsquo;info en continu, l\u2019article suivant Signature . Date et heure de la r\u00e9ception de la d\u00e9p\u00e9che sur notre fil d\u2019info: Date et heure de publication sur internet: Titre exacte donn\u00e9 par &hellip; Continuer la lecture \u00ab\u00a0Actualit\u00e9s nationales: Pourquoi la condamnation de Marine Le\u00a0Pen fracture la droite intellectuelle #France\u00a0\u00bb","og_url":"https:\/\/www.cc3rivieres76.com\/blog\/actualites-nationales-pourquoi-la-condamnation-de-marine-le-pen-fracture-la-droite-intellectuelle-france\/","og_site_name":"CC3RIVIERES76","article_published_time":"2025-04-20T16:33:00+00:00","og_image":[{"url":"https:\/\/www.cc3rivieres76.com\/blog\/wp-content\/uploads\/2025\/04\/actualites-nationales-pourquoi-la-condamnation-de-marine-le-pen-fracture-la-droite-intellectuelle-france.jpg","type":"","width":"","height":""}],"author":"Sylvie DE LAUZAINGHEIN","twitter_card":"summary_large_image","twitter_misc":{"\u00c9crit par":"Sylvie DE LAUZAINGHEIN","Dur\u00e9e de lecture estim\u00e9e":"2 minutes"},"schema":{"@context":"https:\/\/schema.org","@graph":[{"@type":"Article","@id":"https:\/\/www.cc3rivieres76.com\/blog\/actualites-nationales-pourquoi-la-condamnation-de-marine-le-pen-fracture-la-droite-intellectuelle-france\/#article","isPartOf":{"@id":"https:\/\/www.cc3rivieres76.com\/blog\/actualites-nationales-pourquoi-la-condamnation-de-marine-le-pen-fracture-la-droite-intellectuelle-france\/"},"author":{"name":"Sylvie DE LAUZAINGHEIN","@id":"https:\/\/www.cc3rivieres76.com\/blog\/#\/schema\/person\/474d457fb7747b5218f39792dfaa5a1c"},"headline":"Actualit\u00e9s nationales: Pourquoi la condamnation de Marine Le\u00a0Pen fracture la droite intellectuelle #France","datePublished":"2025-04-20T16:33:00+00:00","mainEntityOfPage":{"@id":"https:\/\/www.cc3rivieres76.com\/blog\/actualites-nationales-pourquoi-la-condamnation-de-marine-le-pen-fracture-la-droite-intellectuelle-france\/"},"wordCount":511,"publisher":{"@id":"https:\/\/www.cc3rivieres76.com\/blog\/#organization"},"image":{"@id":"https:\/\/www.cc3rivieres76.com\/blog\/actualites-nationales-pourquoi-la-condamnation-de-marine-le-pen-fracture-la-droite-intellectuelle-france\/#primaryimage"},"thumbnailUrl":"https:\/\/www.cc3rivieres76.com\/blog\/wp-content\/uploads\/2025\/04\/actualites-nationales-pourquoi-la-condamnation-de-marine-le-pen-fracture-la-droite-intellectuelle-france.jpg","articleSection":["Les 3 Rivi\u00e8res Dans La Somme:"],"inLanguage":"fr-FR"},{"@type":"WebPage","@id":"https:\/\/www.cc3rivieres76.com\/blog\/actualites-nationales-pourquoi-la-condamnation-de-marine-le-pen-fracture-la-droite-intellectuelle-france\/","url":"https:\/\/www.cc3rivieres76.com\/blog\/actualites-nationales-pourquoi-la-condamnation-de-marine-le-pen-fracture-la-droite-intellectuelle-france\/","name":"Actualit\u00e9s nationales: Pourquoi la condamnation de Marine Le\u00a0Pen fracture la droite intellectuelle #France - CC3RIVIERES76","isPartOf":{"@id":"https:\/\/www.cc3rivieres76.com\/blog\/#website"},"primaryImageOfPage":{"@id":"https:\/\/www.cc3rivieres76.com\/blog\/actualites-nationales-pourquoi-la-condamnation-de-marine-le-pen-fracture-la-droite-intellectuelle-france\/#primaryimage"},"image":{"@id":"https:\/\/www.cc3rivieres76.com\/blog\/actualites-nationales-pourquoi-la-condamnation-de-marine-le-pen-fracture-la-droite-intellectuelle-france\/#primaryimage"},"thumbnailUrl":"https:\/\/www.cc3rivieres76.com\/blog\/wp-content\/uploads\/2025\/04\/actualites-nationales-pourquoi-la-condamnation-de-marine-le-pen-fracture-la-droite-intellectuelle-france.jpg","datePublished":"2025-04-20T16:33:00+00:00","breadcrumb":{"@id":"https:\/\/www.cc3rivieres76.com\/blog\/actualites-nationales-pourquoi-la-condamnation-de-marine-le-pen-fracture-la-droite-intellectuelle-france\/#breadcrumb"},"inLanguage":"fr-FR","potentialAction":[{"@type":"ReadAction","target":["https:\/\/www.cc3rivieres76.com\/blog\/actualites-nationales-pourquoi-la-condamnation-de-marine-le-pen-fracture-la-droite-intellectuelle-france\/"]}]},{"@type":"ImageObject","inLanguage":"fr-FR","@id":"https:\/\/www.cc3rivieres76.com\/blog\/actualites-nationales-pourquoi-la-condamnation-de-marine-le-pen-fracture-la-droite-intellectuelle-france\/#primaryimage","url":"https:\/\/www.cc3rivieres76.com\/blog\/wp-content\/uploads\/2025\/04\/actualites-nationales-pourquoi-la-condamnation-de-marine-le-pen-fracture-la-droite-intellectuelle-france.jpg","contentUrl":"https:\/\/www.cc3rivieres76.com\/blog\/wp-content\/uploads\/2025\/04\/actualites-nationales-pourquoi-la-condamnation-de-marine-le-pen-fracture-la-droite-intellectuelle-france.jpg","width":1439,"height":960,"caption":"Actualit\u00e9s nationales: Pourquoi la condamnation de Marine Le\u00a0Pen fracture la droite intellectuelle #France"},{"@type":"BreadcrumbList","@id":"https:\/\/www.cc3rivieres76.com\/blog\/actualites-nationales-pourquoi-la-condamnation-de-marine-le-pen-fracture-la-droite-intellectuelle-france\/#breadcrumb","itemListElement":[{"@type":"ListItem","position":1,"name":"Accueil","item":"https:\/\/www.cc3rivieres76.com\/blog\/"},{"@type":"ListItem","position":2,"name":"Actualit\u00e9s nationales: Pourquoi la condamnation de Marine Le\u00a0Pen fracture la droite intellectuelle #France"}]},{"@type":"WebSite","@id":"https:\/\/www.cc3rivieres76.com\/blog\/#website","url":"https:\/\/www.cc3rivieres76.com\/blog\/","name":"CC3RIVIERES76","description":"Les 3 rivi\u00e8res dans la Somme.","publisher":{"@id":"https:\/\/www.cc3rivieres76.com\/blog\/#organization"},"potentialAction":[{"@type":"SearchAction","target":{"@type":"EntryPoint","urlTemplate":"https:\/\/www.cc3rivieres76.com\/blog\/?s={search_term_string}"},"query-input":{"@type":"PropertyValueSpecification","valueRequired":true,"valueName":"search_term_string"}}],"inLanguage":"fr-FR"},{"@type":"Organization","@id":"https:\/\/www.cc3rivieres76.com\/blog\/#organization","name":"cc3rivieres76","url":"https:\/\/www.cc3rivieres76.com\/blog\/","logo":{"@type":"ImageObject","inLanguage":"fr-FR","@id":"https:\/\/www.cc3rivieres76.com\/blog\/#\/schema\/logo\/image\/","url":"https:\/\/www.cc3rivieres76.com\/blog\/wp-content\/uploads\/2023\/06\/logo-2.png","contentUrl":"https:\/\/www.cc3rivieres76.com\/blog\/wp-content\/uploads\/2023\/06\/logo-2.png","width":390,"height":388,"caption":"cc3rivieres76"},"image":{"@id":"https:\/\/www.cc3rivieres76.com\/blog\/#\/schema\/logo\/image\/"}},{"@type":"Person","@id":"https:\/\/www.cc3rivieres76.com\/blog\/#\/schema\/person\/474d457fb7747b5218f39792dfaa5a1c","name":"Sylvie DE LAUZAINGHEIN","image":{"@type":"ImageObject","inLanguage":"fr-FR","@id":"https:\/\/secure.gravatar.com\/avatar\/9c6a53b19e0a3431aa80de0895b9729fe665cd7e7d6cc94fc11abb152f4237d7?s=96&d=mm&r=g","url":"https:\/\/secure.gravatar.com\/avatar\/9c6a53b19e0a3431aa80de0895b9729fe665cd7e7d6cc94fc11abb152f4237d7?s=96&d=mm&r=g","contentUrl":"https:\/\/secure.gravatar.com\/avatar\/9c6a53b19e0a3431aa80de0895b9729fe665cd7e7d6cc94fc11abb152f4237d7?s=96&d=mm&r=g","caption":"Sylvie DE LAUZAINGHEIN"},"url":"https:\/\/www.cc3rivieres76.com\/blog\/author\/s76sylvie\/"}]}},"_links":{"self":[{"href":"https:\/\/www.cc3rivieres76.com\/blog\/wp-json\/wp\/v2\/posts\/649","targetHints":{"allow":["GET"]}}],"collection":[{"href":"https:\/\/www.cc3rivieres76.com\/blog\/wp-json\/wp\/v2\/posts"}],"about":[{"href":"https:\/\/www.cc3rivieres76.com\/blog\/wp-json\/wp\/v2\/types\/post"}],"author":[{"embeddable":true,"href":"https:\/\/www.cc3rivieres76.com\/blog\/wp-json\/wp\/v2\/users\/3"}],"replies":[{"embeddable":true,"href":"https:\/\/www.cc3rivieres76.com\/blog\/wp-json\/wp\/v2\/comments?post=649"}],"version-history":[{"count":0,"href":"https:\/\/www.cc3rivieres76.com\/blog\/wp-json\/wp\/v2\/posts\/649\/revisions"}],"wp:featuredmedia":[{"embeddable":true,"href":"https:\/\/www.cc3rivieres76.com\/blog\/wp-json\/wp\/v2\/media\/650"}],"wp:attachment":[{"href":"https:\/\/www.cc3rivieres76.com\/blog\/wp-json\/wp\/v2\/media?parent=649"}],"wp:term":[{"taxonomy":"category","embeddable":true,"href":"https:\/\/www.cc3rivieres76.com\/blog\/wp-json\/wp\/v2\/categories?post=649"},{"taxonomy":"post_tag","embeddable":true,"href":"https:\/\/www.cc3rivieres76.com\/blog\/wp-json\/wp\/v2\/tags?post=649"}],"curies":[{"name":"wp","href":"https:\/\/api.w.org\/{rel}","templated":true}]}}