{"id":657,"date":"2025-04-25T11:44:00","date_gmt":"2025-04-25T09:44:00","guid":{"rendered":"https:\/\/www.site.cdcl.xyz\/2025\/04\/25\/actualites-france-la-presence-de-bardella-aux-obseques-du-pape-francois-divise-le-rn-france\/"},"modified":"2025-04-25T11:44:00","modified_gmt":"2025-04-25T09:44:00","slug":"actualites-france-la-presence-de-bardella-aux-obseques-du-pape-francois-divise-le-rn-france","status":"publish","type":"post","link":"https:\/\/www.cc3rivieres76.com\/blog\/actualites-france-la-presence-de-bardella-aux-obseques-du-pape-francois-divise-le-rn-france\/","title":{"rendered":"Actualit\u00e9s France: La pr\u00e9sence de Bardella aux obs\u00e8ques du pape Fran\u00e7ois divise le RN #France"},"content":{"rendered":"\n<p>Je viens de voir cet encart sur la th\u00e9matique \u00ab&nbsp;Actualit\u00e9 fran\u00e7aise&nbsp;\u00bb. Avec r\u00e9gal nous vous en offrons l\u2019essentiel dans cette publication.<\/p>\n<h2>\nDiffus\u00e9 sur Le Point \u2013 Politique, l\u2019article ci-dessous<\/h2>\n<p><u>Signature . <\/u><\/p>\n<p><u>Date et heure de la r\u00e9ception de la d\u00e9p\u00e9che sur notre fil d\u2019info:<\/u><strong><span id=\"date\"><\/span><\/strong><\/p>\n<p><u>Date et heure de publication sur internet:<\/u> <strong><span id=\"datecrea\"><\/span><\/strong><\/p>\n<p><u>Titre exacte donn\u00e9 par le journal \u00e9tait:<\/u> <strong>La pr\u00e9sence de Bardella aux obs\u00e8ques du pape Fran\u00e7ois divise le RN<\/strong><\/p>\n<p><u>Information et contenu publi\u00e9s :<\/u><\/p>\n<div id=\"contenu\"> <!-- include t_www_2023\/pages\/article\/blocs\/tag_pub.tpl --><br \/><!-- include \/t_www_2023\/pages\/article\/blocs\/tag_pub.tpl --><\/p>\n<p><span class=\"dflt-txt__lettrine\">U<\/span>n d\u00e9placement qui passe mal. Le pr\u00e9sident du Rassemblement national, Jordan Bardella, va se rendre aux obs\u00e8ques du pape Fran\u00e7ois, mort lundi \u00e0 88&nbsp;ans. Selon BFMTV, il va se rendre aupr\u00e8s de la d\u00e9pouille du souverain pontife ce vendredi apr\u00e8s-midi, avant d\u2019assister aux fun\u00e9railles, pr\u00e9vues le lendemain matin \u00e0 Rome.&nbsp;Mais la pr\u00e9sence du dirigeant divise au sein m\u00eame du parti \u00e0 la flamme, alors qu\u2019il s\u2019est toujours pr\u00e9sent\u00e9 comme une personne non baptis\u00e9e et ath\u00e9e.<\/p>\n<section class=\"mbl txtcenter\">\n<div id=\"art-politique-nlpolitique\">\n<div id=\"newsletter\" class=\"bloc-1 title-top\">\n<span class=\"h2\">La newsletter politique<\/span><\/p>\n<div class=\"step-1\">\n<p class=\"period\">Tous les lundis \u00e0 11h30<\/p>\n<p>Recevez en avant-premi\u00e8re les informations et analyses politiques de la r\u00e9daction du Point.<\/p>\n<\/div>\n<div class=\"step-2\">\n<p>Merci !<br \/>Votre inscription a bien \u00e9t\u00e9 prise en compte avec l\u2019adresse email :<br \/><span class=\"email-sended\"><\/span><\/p>\n<p>Pour d\u00e9couvrir toutes nos autres newsletters, rendez-vous ici : MonCompte<\/p>\n<\/div>\n<p>En vous inscrivant, vous acceptez les conditions g\u00e9n\u00e9rales d\u2019utilisations et notre politique de confidentialit\u00e9.<\/p>\n<\/div>\n<\/div>\n<p>\u00ab&nbsp;Je me suis demand\u00e9 si ce n\u2019\u00e9tait pas un fake&nbsp;! Je trouve cela plus ridicule qu\u2019autre chose. Il dit \u00e0 longueur de page&nbsp;qu\u2019il n\u2019est pas croyant&nbsp;\u00bb, confie une source au sein du RN \u00e0 BFMTV, d\u00e9plorant une \u00ab&nbsp;dr\u00f4le de communication&nbsp;\u00bb. \u00ab&nbsp;On ne fait pas un signe aux catholiques en se rendant aux obs\u00e8ques du pape. C\u2019est se tromper&nbsp;\u00bb, a-t-il rench\u00e9ri, estimant que leur&nbsp;\u00e9lectorat n\u2019est pas \u00ab&nbsp;fan du pape&nbsp;\u00bb.<\/p>\n<p><span class=\"Capsule premium\"><span class=\"Phylactery\">\u00c0 LIRE AUSSI<\/span> <strong class=\"strong\">Mort du pape Fran\u00e7ois&nbsp;: le deuil embarrass\u00e9 de la droite dure italienne<\/strong><\/span>Selon un conseiller de Marine Le&nbsp;Pen, la cheffe de file des d\u00e9put\u00e9s RN est bien au courant de ce d\u00e9placement. Lundi, elle avait rendu un bref hommage au souverain pontife, \u00ab&nbsp;une figure spirituelle [\u2026] laissant derri\u00e8re elle un h\u00e9ritage de foi, de paix et de dialogue&nbsp;\u00bb. \u00ab&nbsp;Pens\u00e9es pour la communaut\u00e9 catholique endeuill\u00e9e par sa disparition&nbsp;\u00bb, a-t-elle \u00e9crit sur X.<\/p>\n<section class=\"mbl txtcenter\">\n<h2>\u00ab&nbsp;Pape de charit\u00e9 et d\u2019humilit\u00e9&nbsp;\u00bb<\/h2>\n<p>La personnalit\u00e9 de&nbsp;Fran\u00e7ois n\u2019\u00e9tait pas appr\u00e9ci\u00e9e par tous les membres du Rassemblement national. \u00ab&nbsp;Les torrents d\u2019\u00e9loges fun\u00e8bres des islamo-gauchistes de LFI en disent long sur le v\u00e9ritable bilan du pape Fran\u00e7ois&nbsp;\u00bb, a estim\u00e9 le porte-parole du parti, Julien Odoul, sur X, apr\u00e8s l\u2019annonce de la mort du souverain pontife.<\/p>\n<p><span class=\"Capsule discover-kangourou\"><br \/><span class=\"Phylactery\">\u00c0 D\u00e9couvrir<\/span><br \/><strong class=\"discover-kangourou__line\"><br \/><img decoding=\"async\" class=\"discover-kangourou__img\" src=\"https:\/\/www.site.cdcl.xyz\/wp-content\/uploads\/2024\/10\/Actus-nationales-Presidentielle-americaine-Kamala-Harris-hausse-le-ton-face.svg.svg+xml\"><br \/><strong class=\"discover-kangourou__txt\"><br \/><strong>Le Kangourou du jour<\/strong><\/strong><\/strong><\/span><\/p>\n<p>R\u00e9pondre<\/p>\n<p>Son vice-pr\u00e9sident, S\u00e9bastien Chenu, a estim\u00e9, ce mercredi sur France Info, que le pape argentin&nbsp;avait \u00ab&nbsp;cherch\u00e9 \u00e0 culpabiliser l\u2019Occident sur le fait de ne pas accueillir les migrants&nbsp;\u00bb. Selon lui, il avait \u00ab&nbsp;ferm\u00e9 les yeux sur l\u2019islamisme&nbsp;\u00bb, tout en reconnaissant que c\u2019\u00e9tait&nbsp;un \u00ab&nbsp;pape de charit\u00e9 et d\u2019humilit\u00e9&nbsp;\u00bb. En 2023, Jordan Bardella ciblait aussi le souverain pontife&nbsp;qui n\u2019avait \u00ab&nbsp;pas conscience du probl\u00e8me de l\u2019immigration en Europe&nbsp;\u00bb, jusqu\u2019\u00e0 porter une \u00ab&nbsp;responsabilit\u00e9 sur la croyance et l\u2019eldorado&nbsp;\u00bb que fantasmeraient les migrants, comme le rapporte <em><em>La Croix<\/em><\/em>.<\/p>\n<p>Au moins&nbsp;50&nbsp;chefs d\u2019\u00c9tat \u00e9lus et&nbsp;10&nbsp;souverains seront pr\u00e9sents aux obs\u00e8ques du pape Fran\u00e7ois. Parmi eux, le pr\u00e9sident am\u00e9ricain Donald Trump, ses homologues fran\u00e7ais, Emmanuel Macron, et ukrainien, Volodymyr Zelensky, ou encore le secr\u00e9taire g\u00e9n\u00e9ral de l\u2019ONU, Antonio Guterres.<\/p>\n<\/section>\n<\/section>\n<\/div>\n<p> <img decoding=\"async\" src=\"https:\/\/www.cc3rivieres76.com\/blog\/wp-content\/uploads\/2025\/04\/actualites-france-la-presence-de-bardella-aux-obseques-du-pape-francois-divise-le-rn-france.jpg\" alt=\"La pr\u00e9sence de Bardella aux obs\u00e8ques du pape Fran\u00e7ois divise le RN\"><\/p>\n<p>#pr\u00e9sence #Bardella #aux #obs\u00e8ques #pape #Fran\u00e7ois #divise<\/p>\n<p>Reprise de l\u2019information dans un style journalistique professionnel descriptif en organisant les id\u00e9es dans un ordre coh\u00e9rent avec titres html <\/p>\n<p>Lecture:<\/p>\n<p>Comment \u00eatre rentier sans quitter la France.,<a href=\"https:\/\/www.kobo.com\/fr\/fr\/ebook\/comment-etre-rentier-sans-quitter-la-france\" target=\"_blank\" rel=\"noopener noreferrer nofollow\">Le livre <\/a><span><\/span>.<\/p>\n<p>Les Carnets de Julie.,<a href=\"https:\/\/www.kobo.com\/fr\/fr\/ebook\/les-carnets-de-julie\" target=\"_blank\" rel=\"noopener noreferrer nofollow\">Informations sur cet ouvrage<\/a><span><\/span>.<\/p>\n<p>Photographie\/Soci\u00e9t\u00e9s et Organisations\/\u00c9diteurs de cartes postales\/Henry Cunge.,<a href=\"https:\/\/fr.wikibooks.org\/wiki\/Photographie\/Soci%C3%A9t%C3%A9s_et_Organisations\/%C3%89diteurs_de_cartes_postales\/Henry_Cunge\" target=\"_blank\" rel=\"noopener noreferrer nofollow\">R\u00e9f\u00e9rences de l\u2019ouvrage<\/a><span><\/span>.<\/p>\n<p> Cet article, qui traite du th\u00e8me \u00ab\u00a0Les 3 rivi\u00e8res dans la Somme\u00a0\u00bb, vous est sp\u00e9cialement sugg\u00e9r\u00e9 par cc3rivieres76.com. La chronique est reproduite du mieux possible. Dans le cas o\u00f9 vous souhaitez apporter quelques pr\u00e9cisions concernant le domaine de \u00ab\u00a0Les 3 rivi\u00e8res dans la Somme\u00a0\u00bb vous pouvez solliciter notre r\u00e9daction. La destination de cc3rivieres76.com est de d\u00e9battre de Les 3 rivi\u00e8res dans la Somme dans la transparence en vous apportant la connaissance de tout ce qui est en lien avec ce sujet sur la toile Connectez-vous sur notre site cc3rivieres76.com et nos r\u00e9seaux sociaux dans le but d\u2019\u00eatre inform\u00e9 des futures publications.<\/p>\n","protected":false},"excerpt":{"rendered":"<p>Je viens de voir cet encart sur la th\u00e9matique \u00ab&nbsp;Actualit\u00e9 fran\u00e7aise&nbsp;\u00bb. Avec r\u00e9gal nous vous en offrons l\u2019essentiel dans cette publication. Diffus\u00e9 sur Le Point \u2013 Politique, l\u2019article ci-dessous Signature . Date et heure de la r\u00e9ception de la d\u00e9p\u00e9che sur notre fil d\u2019info: Date et heure de publication sur internet: Titre exacte donn\u00e9 par &hellip; <\/p>\n<p class=\"link-more\"><a href=\"https:\/\/www.cc3rivieres76.com\/blog\/actualites-france-la-presence-de-bardella-aux-obseques-du-pape-francois-divise-le-rn-france\/\" class=\"more-link\">Continuer la lecture <span class=\"screen-reader-text\"> \u00ab\u00a0Actualit\u00e9s France: La pr\u00e9sence de Bardella aux obs\u00e8ques du pape Fran\u00e7ois divise le RN #France\u00a0\u00bb<\/span><\/a><\/p>\n","protected":false},"author":3,"featured_media":0,"comment_status":"closed","ping_status":"closed","sticky":false,"template":"","format":"standard","meta":{"footnotes":""},"categories":[2],"tags":[],"class_list":["post-657","post","type-post","status-publish","format-standard","hentry","category-les-3-rivieres-dans-la-somme","entry"],"yoast_head":"<!-- This site is optimized with the Yoast SEO plugin v27.5 - https:\/\/yoast.com\/product\/yoast-seo-wordpress\/ -->\n<title>Actualit\u00e9s France: La pr\u00e9sence de Bardella aux obs\u00e8ques du pape Fran\u00e7ois divise le RN #France - CC3RIVIERES76<\/title>\n<meta name=\"robots\" content=\"index, follow, max-snippet:-1, max-image-preview:large, max-video-preview:-1\" \/>\n<link rel=\"canonical\" href=\"https:\/\/www.cc3rivieres76.com\/blog\/actualites-france-la-presence-de-bardella-aux-obseques-du-pape-francois-divise-le-rn-france\/\" \/>\n<meta property=\"og:locale\" content=\"fr_FR\" \/>\n<meta property=\"og:type\" content=\"article\" \/>\n<meta property=\"og:title\" content=\"Actualit\u00e9s France: La pr\u00e9sence de Bardella aux obs\u00e8ques du pape Fran\u00e7ois divise le RN #France - CC3RIVIERES76\" \/>\n<meta property=\"og:description\" content=\"Je viens de voir cet encart sur la th\u00e9matique \u00ab&nbsp;Actualit\u00e9 fran\u00e7aise&nbsp;\u00bb. Avec r\u00e9gal nous vous en offrons l\u2019essentiel dans cette publication. Diffus\u00e9 sur Le Point \u2013 Politique, l\u2019article ci-dessous Signature . Date et heure de la r\u00e9ception de la d\u00e9p\u00e9che sur notre fil d\u2019info: Date et heure de publication sur internet: Titre exacte donn\u00e9 par &hellip; Continuer la lecture \u00ab\u00a0Actualit\u00e9s France: La pr\u00e9sence de Bardella aux obs\u00e8ques du pape Fran\u00e7ois divise le RN #France\u00a0\u00bb\" \/>\n<meta property=\"og:url\" content=\"https:\/\/www.cc3rivieres76.com\/blog\/actualites-france-la-presence-de-bardella-aux-obseques-du-pape-francois-divise-le-rn-france\/\" \/>\n<meta property=\"og:site_name\" content=\"CC3RIVIERES76\" \/>\n<meta property=\"article:published_time\" content=\"2025-04-25T09:44:00+00:00\" \/>\n<meta property=\"og:image\" content=\"https:\/\/www.site.cdcl.xyz\/wp-content\/uploads\/2024\/10\/Actus-nationales-Presidentielle-americaine-Kamala-Harris-hausse-le-ton-face.svg.svg+xml\" \/>\n<meta name=\"author\" content=\"Sylvie DE LAUZAINGHEIN\" \/>\n<meta name=\"twitter:card\" content=\"summary_large_image\" \/>\n<meta name=\"twitter:label1\" content=\"\u00c9crit par\" \/>\n\t<meta name=\"twitter:data1\" content=\"Sylvie DE LAUZAINGHEIN\" \/>\n\t<meta name=\"twitter:label2\" content=\"Dur\u00e9e de lecture estim\u00e9e\" \/>\n\t<meta name=\"twitter:data2\" content=\"4 minutes\" \/>\n<script type=\"application\/ld+json\" class=\"yoast-schema-graph\">{\"@context\":\"https:\\\/\\\/schema.org\",\"@graph\":[{\"@type\":\"Article\",\"@id\":\"https:\\\/\\\/www.cc3rivieres76.com\\\/blog\\\/actualites-france-la-presence-de-bardella-aux-obseques-du-pape-francois-divise-le-rn-france\\\/#article\",\"isPartOf\":{\"@id\":\"https:\\\/\\\/www.cc3rivieres76.com\\\/blog\\\/actualites-france-la-presence-de-bardella-aux-obseques-du-pape-francois-divise-le-rn-france\\\/\"},\"author\":{\"name\":\"Sylvie DE LAUZAINGHEIN\",\"@id\":\"https:\\\/\\\/www.cc3rivieres76.com\\\/blog\\\/#\\\/schema\\\/person\\\/474d457fb7747b5218f39792dfaa5a1c\"},\"headline\":\"Actualit\u00e9s France: La pr\u00e9sence de Bardella aux obs\u00e8ques du pape Fran\u00e7ois divise le RN #France\",\"datePublished\":\"2025-04-25T09:44:00+00:00\",\"mainEntityOfPage\":{\"@id\":\"https:\\\/\\\/www.cc3rivieres76.com\\\/blog\\\/actualites-france-la-presence-de-bardella-aux-obseques-du-pape-francois-divise-le-rn-france\\\/\"},\"wordCount\":860,\"publisher\":{\"@id\":\"https:\\\/\\\/www.cc3rivieres76.com\\\/blog\\\/#organization\"},\"image\":{\"@id\":\"https:\\\/\\\/www.cc3rivieres76.com\\\/blog\\\/actualites-france-la-presence-de-bardella-aux-obseques-du-pape-francois-divise-le-rn-france\\\/#primaryimage\"},\"thumbnailUrl\":\"https:\\\/\\\/www.site.cdcl.xyz\\\/wp-content\\\/uploads\\\/2024\\\/10\\\/Actus-nationales-Presidentielle-americaine-Kamala-Harris-hausse-le-ton-face.svg.svg+xml\",\"articleSection\":[\"Les 3 Rivi\u00e8res Dans La Somme:\"],\"inLanguage\":\"fr-FR\"},{\"@type\":\"WebPage\",\"@id\":\"https:\\\/\\\/www.cc3rivieres76.com\\\/blog\\\/actualites-france-la-presence-de-bardella-aux-obseques-du-pape-francois-divise-le-rn-france\\\/\",\"url\":\"https:\\\/\\\/www.cc3rivieres76.com\\\/blog\\\/actualites-france-la-presence-de-bardella-aux-obseques-du-pape-francois-divise-le-rn-france\\\/\",\"name\":\"Actualit\u00e9s France: La pr\u00e9sence de Bardella aux obs\u00e8ques du pape Fran\u00e7ois divise le RN #France - CC3RIVIERES76\",\"isPartOf\":{\"@id\":\"https:\\\/\\\/www.cc3rivieres76.com\\\/blog\\\/#website\"},\"primaryImageOfPage\":{\"@id\":\"https:\\\/\\\/www.cc3rivieres76.com\\\/blog\\\/actualites-france-la-presence-de-bardella-aux-obseques-du-pape-francois-divise-le-rn-france\\\/#primaryimage\"},\"image\":{\"@id\":\"https:\\\/\\\/www.cc3rivieres76.com\\\/blog\\\/actualites-france-la-presence-de-bardella-aux-obseques-du-pape-francois-divise-le-rn-france\\\/#primaryimage\"},\"thumbnailUrl\":\"https:\\\/\\\/www.site.cdcl.xyz\\\/wp-content\\\/uploads\\\/2024\\\/10\\\/Actus-nationales-Presidentielle-americaine-Kamala-Harris-hausse-le-ton-face.svg.svg+xml\",\"datePublished\":\"2025-04-25T09:44:00+00:00\",\"breadcrumb\":{\"@id\":\"https:\\\/\\\/www.cc3rivieres76.com\\\/blog\\\/actualites-france-la-presence-de-bardella-aux-obseques-du-pape-francois-divise-le-rn-france\\\/#breadcrumb\"},\"inLanguage\":\"fr-FR\",\"potentialAction\":[{\"@type\":\"ReadAction\",\"target\":[\"https:\\\/\\\/www.cc3rivieres76.com\\\/blog\\\/actualites-france-la-presence-de-bardella-aux-obseques-du-pape-francois-divise-le-rn-france\\\/\"]}]},{\"@type\":\"ImageObject\",\"inLanguage\":\"fr-FR\",\"@id\":\"https:\\\/\\\/www.cc3rivieres76.com\\\/blog\\\/actualites-france-la-presence-de-bardella-aux-obseques-du-pape-francois-divise-le-rn-france\\\/#primaryimage\",\"url\":\"https:\\\/\\\/www.site.cdcl.xyz\\\/wp-content\\\/uploads\\\/2024\\\/10\\\/Actus-nationales-Presidentielle-americaine-Kamala-Harris-hausse-le-ton-face.svg.svg+xml\",\"contentUrl\":\"https:\\\/\\\/www.site.cdcl.xyz\\\/wp-content\\\/uploads\\\/2024\\\/10\\\/Actus-nationales-Presidentielle-americaine-Kamala-Harris-hausse-le-ton-face.svg.svg+xml\"},{\"@type\":\"BreadcrumbList\",\"@id\":\"https:\\\/\\\/www.cc3rivieres76.com\\\/blog\\\/actualites-france-la-presence-de-bardella-aux-obseques-du-pape-francois-divise-le-rn-france\\\/#breadcrumb\",\"itemListElement\":[{\"@type\":\"ListItem\",\"position\":1,\"name\":\"Accueil\",\"item\":\"https:\\\/\\\/www.cc3rivieres76.com\\\/blog\\\/\"},{\"@type\":\"ListItem\",\"position\":2,\"name\":\"Actualit\u00e9s France: La pr\u00e9sence de Bardella aux obs\u00e8ques du pape Fran\u00e7ois divise le RN #France\"}]},{\"@type\":\"WebSite\",\"@id\":\"https:\\\/\\\/www.cc3rivieres76.com\\\/blog\\\/#website\",\"url\":\"https:\\\/\\\/www.cc3rivieres76.com\\\/blog\\\/\",\"name\":\"CC3RIVIERES76\",\"description\":\"Les 3 rivi\u00e8res dans la Somme.\",\"publisher\":{\"@id\":\"https:\\\/\\\/www.cc3rivieres76.com\\\/blog\\\/#organization\"},\"potentialAction\":[{\"@type\":\"SearchAction\",\"target\":{\"@type\":\"EntryPoint\",\"urlTemplate\":\"https:\\\/\\\/www.cc3rivieres76.com\\\/blog\\\/?s={search_term_string}\"},\"query-input\":{\"@type\":\"PropertyValueSpecification\",\"valueRequired\":true,\"valueName\":\"search_term_string\"}}],\"inLanguage\":\"fr-FR\"},{\"@type\":\"Organization\",\"@id\":\"https:\\\/\\\/www.cc3rivieres76.com\\\/blog\\\/#organization\",\"name\":\"cc3rivieres76\",\"url\":\"https:\\\/\\\/www.cc3rivieres76.com\\\/blog\\\/\",\"logo\":{\"@type\":\"ImageObject\",\"inLanguage\":\"fr-FR\",\"@id\":\"https:\\\/\\\/www.cc3rivieres76.com\\\/blog\\\/#\\\/schema\\\/logo\\\/image\\\/\",\"url\":\"https:\\\/\\\/www.cc3rivieres76.com\\\/blog\\\/wp-content\\\/uploads\\\/2023\\\/06\\\/logo-2.png\",\"contentUrl\":\"https:\\\/\\\/www.cc3rivieres76.com\\\/blog\\\/wp-content\\\/uploads\\\/2023\\\/06\\\/logo-2.png\",\"width\":390,\"height\":388,\"caption\":\"cc3rivieres76\"},\"image\":{\"@id\":\"https:\\\/\\\/www.cc3rivieres76.com\\\/blog\\\/#\\\/schema\\\/logo\\\/image\\\/\"}},{\"@type\":\"Person\",\"@id\":\"https:\\\/\\\/www.cc3rivieres76.com\\\/blog\\\/#\\\/schema\\\/person\\\/474d457fb7747b5218f39792dfaa5a1c\",\"name\":\"Sylvie DE LAUZAINGHEIN\",\"image\":{\"@type\":\"ImageObject\",\"inLanguage\":\"fr-FR\",\"@id\":\"https:\\\/\\\/secure.gravatar.com\\\/avatar\\\/9c6a53b19e0a3431aa80de0895b9729fe665cd7e7d6cc94fc11abb152f4237d7?s=96&d=mm&r=g\",\"url\":\"https:\\\/\\\/secure.gravatar.com\\\/avatar\\\/9c6a53b19e0a3431aa80de0895b9729fe665cd7e7d6cc94fc11abb152f4237d7?s=96&d=mm&r=g\",\"contentUrl\":\"https:\\\/\\\/secure.gravatar.com\\\/avatar\\\/9c6a53b19e0a3431aa80de0895b9729fe665cd7e7d6cc94fc11abb152f4237d7?s=96&d=mm&r=g\",\"caption\":\"Sylvie DE LAUZAINGHEIN\"},\"url\":\"https:\\\/\\\/www.cc3rivieres76.com\\\/blog\\\/author\\\/s76sylvie\\\/\"}]}<\/script>\n<!-- \/ Yoast SEO plugin. -->","yoast_head_json":{"title":"Actualit\u00e9s France: La pr\u00e9sence de Bardella aux obs\u00e8ques du pape Fran\u00e7ois divise le RN #France - CC3RIVIERES76","robots":{"index":"index","follow":"follow","max-snippet":"max-snippet:-1","max-image-preview":"max-image-preview:large","max-video-preview":"max-video-preview:-1"},"canonical":"https:\/\/www.cc3rivieres76.com\/blog\/actualites-france-la-presence-de-bardella-aux-obseques-du-pape-francois-divise-le-rn-france\/","og_locale":"fr_FR","og_type":"article","og_title":"Actualit\u00e9s France: La pr\u00e9sence de Bardella aux obs\u00e8ques du pape Fran\u00e7ois divise le RN #France - CC3RIVIERES76","og_description":"Je viens de voir cet encart sur la th\u00e9matique \u00ab&nbsp;Actualit\u00e9 fran\u00e7aise&nbsp;\u00bb. Avec r\u00e9gal nous vous en offrons l\u2019essentiel dans cette publication. Diffus\u00e9 sur Le Point \u2013 Politique, l\u2019article ci-dessous Signature . Date et heure de la r\u00e9ception de la d\u00e9p\u00e9che sur notre fil d\u2019info: Date et heure de publication sur internet: Titre exacte donn\u00e9 par &hellip; Continuer la lecture \u00ab\u00a0Actualit\u00e9s France: La pr\u00e9sence de Bardella aux obs\u00e8ques du pape Fran\u00e7ois divise le RN #France\u00a0\u00bb","og_url":"https:\/\/www.cc3rivieres76.com\/blog\/actualites-france-la-presence-de-bardella-aux-obseques-du-pape-francois-divise-le-rn-france\/","og_site_name":"CC3RIVIERES76","article_published_time":"2025-04-25T09:44:00+00:00","og_image":[{"url":"https:\/\/www.site.cdcl.xyz\/wp-content\/uploads\/2024\/10\/Actus-nationales-Presidentielle-americaine-Kamala-Harris-hausse-le-ton-face.svg.svg+xml","type":"","width":"","height":""}],"author":"Sylvie DE LAUZAINGHEIN","twitter_card":"summary_large_image","twitter_misc":{"\u00c9crit par":"Sylvie DE LAUZAINGHEIN","Dur\u00e9e de lecture estim\u00e9e":"4 minutes"},"schema":{"@context":"https:\/\/schema.org","@graph":[{"@type":"Article","@id":"https:\/\/www.cc3rivieres76.com\/blog\/actualites-france-la-presence-de-bardella-aux-obseques-du-pape-francois-divise-le-rn-france\/#article","isPartOf":{"@id":"https:\/\/www.cc3rivieres76.com\/blog\/actualites-france-la-presence-de-bardella-aux-obseques-du-pape-francois-divise-le-rn-france\/"},"author":{"name":"Sylvie DE LAUZAINGHEIN","@id":"https:\/\/www.cc3rivieres76.com\/blog\/#\/schema\/person\/474d457fb7747b5218f39792dfaa5a1c"},"headline":"Actualit\u00e9s France: La pr\u00e9sence de Bardella aux obs\u00e8ques du pape Fran\u00e7ois divise le RN #France","datePublished":"2025-04-25T09:44:00+00:00","mainEntityOfPage":{"@id":"https:\/\/www.cc3rivieres76.com\/blog\/actualites-france-la-presence-de-bardella-aux-obseques-du-pape-francois-divise-le-rn-france\/"},"wordCount":860,"publisher":{"@id":"https:\/\/www.cc3rivieres76.com\/blog\/#organization"},"image":{"@id":"https:\/\/www.cc3rivieres76.com\/blog\/actualites-france-la-presence-de-bardella-aux-obseques-du-pape-francois-divise-le-rn-france\/#primaryimage"},"thumbnailUrl":"https:\/\/www.site.cdcl.xyz\/wp-content\/uploads\/2024\/10\/Actus-nationales-Presidentielle-americaine-Kamala-Harris-hausse-le-ton-face.svg.svg+xml","articleSection":["Les 3 Rivi\u00e8res Dans La Somme:"],"inLanguage":"fr-FR"},{"@type":"WebPage","@id":"https:\/\/www.cc3rivieres76.com\/blog\/actualites-france-la-presence-de-bardella-aux-obseques-du-pape-francois-divise-le-rn-france\/","url":"https:\/\/www.cc3rivieres76.com\/blog\/actualites-france-la-presence-de-bardella-aux-obseques-du-pape-francois-divise-le-rn-france\/","name":"Actualit\u00e9s France: La pr\u00e9sence de Bardella aux obs\u00e8ques du pape Fran\u00e7ois divise le RN #France - CC3RIVIERES76","isPartOf":{"@id":"https:\/\/www.cc3rivieres76.com\/blog\/#website"},"primaryImageOfPage":{"@id":"https:\/\/www.cc3rivieres76.com\/blog\/actualites-france-la-presence-de-bardella-aux-obseques-du-pape-francois-divise-le-rn-france\/#primaryimage"},"image":{"@id":"https:\/\/www.cc3rivieres76.com\/blog\/actualites-france-la-presence-de-bardella-aux-obseques-du-pape-francois-divise-le-rn-france\/#primaryimage"},"thumbnailUrl":"https:\/\/www.site.cdcl.xyz\/wp-content\/uploads\/2024\/10\/Actus-nationales-Presidentielle-americaine-Kamala-Harris-hausse-le-ton-face.svg.svg+xml","datePublished":"2025-04-25T09:44:00+00:00","breadcrumb":{"@id":"https:\/\/www.cc3rivieres76.com\/blog\/actualites-france-la-presence-de-bardella-aux-obseques-du-pape-francois-divise-le-rn-france\/#breadcrumb"},"inLanguage":"fr-FR","potentialAction":[{"@type":"ReadAction","target":["https:\/\/www.cc3rivieres76.com\/blog\/actualites-france-la-presence-de-bardella-aux-obseques-du-pape-francois-divise-le-rn-france\/"]}]},{"@type":"ImageObject","inLanguage":"fr-FR","@id":"https:\/\/www.cc3rivieres76.com\/blog\/actualites-france-la-presence-de-bardella-aux-obseques-du-pape-francois-divise-le-rn-france\/#primaryimage","url":"https:\/\/www.site.cdcl.xyz\/wp-content\/uploads\/2024\/10\/Actus-nationales-Presidentielle-americaine-Kamala-Harris-hausse-le-ton-face.svg.svg+xml","contentUrl":"https:\/\/www.site.cdcl.xyz\/wp-content\/uploads\/2024\/10\/Actus-nationales-Presidentielle-americaine-Kamala-Harris-hausse-le-ton-face.svg.svg+xml"},{"@type":"BreadcrumbList","@id":"https:\/\/www.cc3rivieres76.com\/blog\/actualites-france-la-presence-de-bardella-aux-obseques-du-pape-francois-divise-le-rn-france\/#breadcrumb","itemListElement":[{"@type":"ListItem","position":1,"name":"Accueil","item":"https:\/\/www.cc3rivieres76.com\/blog\/"},{"@type":"ListItem","position":2,"name":"Actualit\u00e9s France: La pr\u00e9sence de Bardella aux obs\u00e8ques du pape Fran\u00e7ois divise le RN #France"}]},{"@type":"WebSite","@id":"https:\/\/www.cc3rivieres76.com\/blog\/#website","url":"https:\/\/www.cc3rivieres76.com\/blog\/","name":"CC3RIVIERES76","description":"Les 3 rivi\u00e8res dans la Somme.","publisher":{"@id":"https:\/\/www.cc3rivieres76.com\/blog\/#organization"},"potentialAction":[{"@type":"SearchAction","target":{"@type":"EntryPoint","urlTemplate":"https:\/\/www.cc3rivieres76.com\/blog\/?s={search_term_string}"},"query-input":{"@type":"PropertyValueSpecification","valueRequired":true,"valueName":"search_term_string"}}],"inLanguage":"fr-FR"},{"@type":"Organization","@id":"https:\/\/www.cc3rivieres76.com\/blog\/#organization","name":"cc3rivieres76","url":"https:\/\/www.cc3rivieres76.com\/blog\/","logo":{"@type":"ImageObject","inLanguage":"fr-FR","@id":"https:\/\/www.cc3rivieres76.com\/blog\/#\/schema\/logo\/image\/","url":"https:\/\/www.cc3rivieres76.com\/blog\/wp-content\/uploads\/2023\/06\/logo-2.png","contentUrl":"https:\/\/www.cc3rivieres76.com\/blog\/wp-content\/uploads\/2023\/06\/logo-2.png","width":390,"height":388,"caption":"cc3rivieres76"},"image":{"@id":"https:\/\/www.cc3rivieres76.com\/blog\/#\/schema\/logo\/image\/"}},{"@type":"Person","@id":"https:\/\/www.cc3rivieres76.com\/blog\/#\/schema\/person\/474d457fb7747b5218f39792dfaa5a1c","name":"Sylvie DE LAUZAINGHEIN","image":{"@type":"ImageObject","inLanguage":"fr-FR","@id":"https:\/\/secure.gravatar.com\/avatar\/9c6a53b19e0a3431aa80de0895b9729fe665cd7e7d6cc94fc11abb152f4237d7?s=96&d=mm&r=g","url":"https:\/\/secure.gravatar.com\/avatar\/9c6a53b19e0a3431aa80de0895b9729fe665cd7e7d6cc94fc11abb152f4237d7?s=96&d=mm&r=g","contentUrl":"https:\/\/secure.gravatar.com\/avatar\/9c6a53b19e0a3431aa80de0895b9729fe665cd7e7d6cc94fc11abb152f4237d7?s=96&d=mm&r=g","caption":"Sylvie DE LAUZAINGHEIN"},"url":"https:\/\/www.cc3rivieres76.com\/blog\/author\/s76sylvie\/"}]}},"_links":{"self":[{"href":"https:\/\/www.cc3rivieres76.com\/blog\/wp-json\/wp\/v2\/posts\/657","targetHints":{"allow":["GET"]}}],"collection":[{"href":"https:\/\/www.cc3rivieres76.com\/blog\/wp-json\/wp\/v2\/posts"}],"about":[{"href":"https:\/\/www.cc3rivieres76.com\/blog\/wp-json\/wp\/v2\/types\/post"}],"author":[{"embeddable":true,"href":"https:\/\/www.cc3rivieres76.com\/blog\/wp-json\/wp\/v2\/users\/3"}],"replies":[{"embeddable":true,"href":"https:\/\/www.cc3rivieres76.com\/blog\/wp-json\/wp\/v2\/comments?post=657"}],"version-history":[{"count":0,"href":"https:\/\/www.cc3rivieres76.com\/blog\/wp-json\/wp\/v2\/posts\/657\/revisions"}],"wp:attachment":[{"href":"https:\/\/www.cc3rivieres76.com\/blog\/wp-json\/wp\/v2\/media?parent=657"}],"wp:term":[{"taxonomy":"category","embeddable":true,"href":"https:\/\/www.cc3rivieres76.com\/blog\/wp-json\/wp\/v2\/categories?post=657"},{"taxonomy":"post_tag","embeddable":true,"href":"https:\/\/www.cc3rivieres76.com\/blog\/wp-json\/wp\/v2\/tags?post=657"}],"curies":[{"name":"wp","href":"https:\/\/api.w.org\/{rel}","templated":true}]}}