{"id":705,"date":"2025-05-23T11:30:00","date_gmt":"2025-05-23T09:30:00","guid":{"rendered":"https:\/\/www.site.cdcl.xyz\/2025\/05\/23\/actus-nationales-que-risque-omar-sy-accuse-davoir-menace-des-agents-sncf-france\/"},"modified":"2025-05-23T11:30:00","modified_gmt":"2025-05-23T09:30:00","slug":"actus-nationales-que-risque-omar-sy-accuse-davoir-menace-des-agents-sncf-france","status":"publish","type":"post","link":"https:\/\/www.cc3rivieres76.com\/blog\/actus-nationales-que-risque-omar-sy-accuse-davoir-menace-des-agents-sncf-france\/","title":{"rendered":"Actus nationales: Que risque Omar Sy, accus\u00e9 d\u2019avoir menac\u00e9 des agents SNCF\u00a0? #France"},"content":{"rendered":"\n<p>En visitant internet nos r\u00e9dacteurs ont vu un papier qui va vous int\u00e9resser. Son th\u00e8me est \u00ab&nbsp;Actualit\u00e9 fran\u00e7aise&nbsp;\u00bb.<\/p>\n<h2>Ceci a \u00e9t\u00e9 publi\u00e9 par Le Point \u2013 Toute l&rsquo;info en continu<\/h2>\n<p><u>Signature . <\/u><\/p>\n<p><u>Date et heure de la r\u00e9ception de la d\u00e9p\u00e9che sur notre fil d\u2019info:<\/u><strong><span id=\"date\"><\/span><\/strong><\/p>\n<p><u>Date et heure de publication sur internet:<\/u> <strong><span id=\"datecrea\"><\/span><\/strong><\/p>\n<p><u>Titre exacte donn\u00e9 par le journal \u00e9tait:<\/u> <strong>Que risque Omar Sy, accus\u00e9 d\u2019avoir menac\u00e9 des agents SNCF&nbsp;?<\/strong><\/p>\n<p><u>Information et contenu publi\u00e9s :<\/u><\/p>\n<div id=\"contenu\"> <!-- include t_www_2023\/pages\/article\/blocs\/tag_pub.tpl --><br \/><!-- include \/t_www_2023\/pages\/article\/blocs\/tag_pub.tpl --><\/p>\n<p><span class=\"dflt-txt__lettrine\">O<\/span>mar Sy a-t-il eu des \u00ab&nbsp;propos mena\u00e7ants&nbsp;\u00bb envers des agents de la SNCF&nbsp;? C\u2019est ce qu\u2019affirment des membres de l\u2019entreprise de chemin de fer, qui a indiqu\u00e9 qu\u2019elle allait engager des poursuites \u00e0 son encontre. En cause&nbsp;: un incident impliquant son chien.<\/p>\n<section class=\"mbl txtcenter\">\n<div id=\"art-soir-nlsoir\">\n<div id=\"newsletter\" class=\"bloc-1 title-top\">\n<span class=\"h2\">Le point du soir<\/span><\/p>\n<div class=\"step-1\">\n<p class=\"period\">Tous les soirs \u00e0 partir de 18h<\/p>\n<p>Recevez l\u2019information analys\u00e9e et d\u00e9crypt\u00e9e par la r\u00e9daction du Point.<\/p>\n<\/div>\n<div class=\"step-2\">\n<p>Merci !<br \/>Votre inscription a bien \u00e9t\u00e9 prise en compte avec l\u2019adresse email :<br \/><span class=\"email-sended\"><\/span><\/p>\n<p>Pour d\u00e9couvrir toutes nos autres newsletters, rendez-vous ici : MonCompte<\/p>\n<\/div>\n<p>En vous inscrivant, vous acceptez les conditions g\u00e9n\u00e9rales d\u2019utilisations et notre politique de confidentialit\u00e9.<\/p>\n<\/div>\n<\/div>\n<p>Dans le d\u00e9tail, l\u2019altercation a eu lieu ce jeudi 22&nbsp;mai, aux alentours de 7&nbsp;heures, \u00e0 la gare de Lyon. L\u2019acteur&nbsp;star de <em>Lupin<\/em>, qui vit \u00e0 Los Angeles une bonne partie de l\u2019ann\u00e9e, devait monter dans un train direction Marseille et en descendre \u00e0 Avignon, pour assister \u00e0 un d\u00e9fil\u00e9 Louis Vuitton.<\/p>\n<p>C\u2019est son chien, un&nbsp;American Staff nomm\u00e9 Tato, qui a \u00e9t\u00e9 la source du conflit, d\u2019apr\u00e8s les informations de nos confr\u00e8res du <em>Parisien<\/em>. Sur le quai, des agents de la SNCF ont demand\u00e9 \u00e0 l\u2019artiste de museler son animal de compagnie pour monter \u00e0 bord \u2013 comme l\u2019exige le r\u00e8glement.&nbsp;L\u2019acteur, qui&nbsp;aurait refus\u00e9, est ensuite accus\u00e9 d\u2019avoir insult\u00e9 et menac\u00e9 les contr\u00f4leurs, ainsi que d\u2019autres passagers.<\/p>\n<section class=\"mbl txtcenter\">\n<p>\u00c0 son arriv\u00e9e \u00e0 Avignon, les forces de l\u2019ordre locales, averties, l\u2019ont contr\u00f4l\u00e9 avant de le&nbsp;laisser&nbsp;repartir. Les agents vis\u00e9s par ces menaces ont d\u00e9pos\u00e9 une plainte contre Omar Sy \u00e0 leur arriv\u00e9e \u00e0 Marseille, toujours selon <em>Le Parisien<\/em>.<\/p>\n<h2>Jusqu\u2019\u00e0 six mois d\u2019emprisonnement et une amende<\/h2>\n<p><span class=\"Capsule discover-kangourou\"><br \/><span class=\"Phylactery\">\u00c0 D\u00e9couvrir<\/span><br \/><strong class=\"discover-kangourou__line\"><br \/><img decoding=\"async\" class=\"discover-kangourou__img\" src=\"https:\/\/www.site.cdcl.xyz\/wp-content\/uploads\/2024\/10\/Actus-nationales-Presidentielle-americaine-Kamala-Harris-hausse-le-ton-face.svg.svg+xml\"><br \/><strong class=\"discover-kangourou__txt\"><br \/><strong>Le Kangourou du jour<\/strong><\/strong><\/strong><\/span><\/p>\n<p>R\u00e9pondre<\/p>\n<p>Si la proc\u00e9dure va \u00e0 son terme, et que l\u2019acteur reconna\u00eet avoir tenu ces propos, l\u2019homme \u00e9lu \u00e0 deux reprises personnalit\u00e9 pr\u00e9f\u00e9r\u00e9e des Fran\u00e7ais risque jusqu\u2019\u00e0 six mois d\u2019emprisonnement et \/ ou 7&nbsp;500&nbsp;euros d\u2019amende pour \u00ab&nbsp;outrage \u00e0 l\u2019encontre d\u2019un agent de transport public de personnes&nbsp;\u00bb. Par ailleurs, l\u2019article&nbsp;433-3 du Code p\u00e9nal indique \u00e9galement qu\u2019une menace de mort peut \u00eatre punie jusqu\u2019\u00e0 cinq ans d\u2019emprisonnement et 75&nbsp;000&nbsp;euros d\u2019amende.<\/p>\n<p>Omar Sy ne s\u2019est pas encore exprim\u00e9 sur ce sujet.<\/p>\n<\/section>\n<\/section>\n<\/div>\n<p> <img decoding=\"async\" src=\"https:\/\/www.cc3rivieres76.com\/blog\/wp-content\/uploads\/2025\/05\/actus-nationales-que-risque-omar-sy-accuse-davoir-menace-des-agents-sncf-france.jpg\" alt=\"Que risque Omar Sy, accus\u00e9 d\u2019avoir menac\u00e9 des agents SNCF&nbsp;?\"><\/p>\n<p>#risque #Omar #accus\u00e9 #davoir #menac\u00e9 #des #agents #SNCF<\/p>\n<p>Reprise de l\u2019information dans un style journalistique professionnel descriptif en organisant les id\u00e9es dans un ordre coh\u00e9rent avec titres html <\/p>\n<p>Bibliographie :<\/p>\n<p>46 villes, bourgs &amp; autres lieux.,<a href=\"https:\/\/www.kobo.com\/fr\/fr\/ebook\/46-villes-bourgs-autres-lieux\" target=\"_blank\" rel=\"noopener noreferrer nofollow\">Pr\u00e9sentation de l\u2019ouvrage<\/a><span><\/span>.<\/p>\n<p>N\u00e9erlandais\/Pour adultes\/Introduction.,<a href=\"https:\/\/fr.wikibooks.org\/wiki\/N%C3%A9erlandais\/Pour_adultes\/Introduction\" target=\"_blank\" rel=\"noopener noreferrer nofollow\">Ici la fiche de pr\u00e9sentation<\/a><span><\/span>.<\/p>\n<p>Technologie\/Lignes et services de tramways\/Prolongements et cr\u00e9ations de lignes de tramways en \u00cele-de-France\/Le prolongement du T3.,<a href=\"https:\/\/fr.wikibooks.org\/wiki\/Technologie\/Lignes_et_services_de_tramways\/Prolongements_et_cr%C3%A9ations_de_lignes_de_tramways_en_%C3%8Ele-de-France\/Le_prolongement_du_T3\" target=\"_blank\" rel=\"noopener noreferrer nofollow\">Ici la fiche descriptive<\/a><span><\/span>.<\/p>\n<p> Cet article, qui traite du th\u00e8me \u00ab\u00a0Les 3 rivi\u00e8res dans la Somme\u00a0\u00bb, vous est sp\u00e9cialement sugg\u00e9r\u00e9 par cc3rivieres76.com. La chronique est reproduite du mieux possible. Dans le cas o\u00f9 vous souhaitez apporter quelques pr\u00e9cisions concernant le domaine de \u00ab\u00a0Les 3 rivi\u00e8res dans la Somme\u00a0\u00bb vous pouvez solliciter notre r\u00e9daction. La destination de cc3rivieres76.com est de d\u00e9battre de Les 3 rivi\u00e8res dans la Somme dans la transparence en vous apportant la connaissance de tout ce qui est en lien avec ce sujet sur la toile Connectez-vous sur notre site cc3rivieres76.com et nos r\u00e9seaux sociaux dans le but d\u2019\u00eatre inform\u00e9 des futures publications.<\/p>\n","protected":false},"excerpt":{"rendered":"<p>En visitant internet nos r\u00e9dacteurs ont vu un papier qui va vous int\u00e9resser. Son th\u00e8me est \u00ab&nbsp;Actualit\u00e9 fran\u00e7aise&nbsp;\u00bb. Ceci a \u00e9t\u00e9 publi\u00e9 par Le Point \u2013 Toute l&rsquo;info en continu Signature . Date et heure de la r\u00e9ception de la d\u00e9p\u00e9che sur notre fil d\u2019info: Date et heure de publication sur internet: Titre exacte donn\u00e9 &hellip; <\/p>\n<p class=\"link-more\"><a href=\"https:\/\/www.cc3rivieres76.com\/blog\/actus-nationales-que-risque-omar-sy-accuse-davoir-menace-des-agents-sncf-france\/\" class=\"more-link\">Continuer la lecture <span class=\"screen-reader-text\"> \u00ab\u00a0Actus nationales: Que risque Omar Sy, accus\u00e9 d\u2019avoir menac\u00e9 des agents SNCF\u00a0? #France\u00a0\u00bb<\/span><\/a><\/p>\n","protected":false},"author":3,"featured_media":0,"comment_status":"closed","ping_status":"closed","sticky":false,"template":"","format":"standard","meta":{"footnotes":""},"categories":[2],"tags":[],"class_list":["post-705","post","type-post","status-publish","format-standard","hentry","category-les-3-rivieres-dans-la-somme","entry"],"yoast_head":"<!-- This site is optimized with the Yoast SEO plugin v27.5 - https:\/\/yoast.com\/product\/yoast-seo-wordpress\/ -->\n<title>Actus nationales: Que risque Omar Sy, accus\u00e9 d\u2019avoir menac\u00e9 des agents SNCF\u00a0? #France - CC3RIVIERES76<\/title>\n<meta name=\"robots\" content=\"index, follow, max-snippet:-1, max-image-preview:large, max-video-preview:-1\" \/>\n<link rel=\"canonical\" href=\"https:\/\/www.cc3rivieres76.com\/blog\/actus-nationales-que-risque-omar-sy-accuse-davoir-menace-des-agents-sncf-france\/\" \/>\n<meta property=\"og:locale\" content=\"fr_FR\" \/>\n<meta property=\"og:type\" content=\"article\" \/>\n<meta property=\"og:title\" content=\"Actus nationales: Que risque Omar Sy, accus\u00e9 d\u2019avoir menac\u00e9 des agents SNCF\u00a0? #France - CC3RIVIERES76\" \/>\n<meta property=\"og:description\" content=\"En visitant internet nos r\u00e9dacteurs ont vu un papier qui va vous int\u00e9resser. Son th\u00e8me est \u00ab&nbsp;Actualit\u00e9 fran\u00e7aise&nbsp;\u00bb. Ceci a \u00e9t\u00e9 publi\u00e9 par Le Point \u2013 Toute l&rsquo;info en continu Signature . Date et heure de la r\u00e9ception de la d\u00e9p\u00e9che sur notre fil d\u2019info: Date et heure de publication sur internet: Titre exacte donn\u00e9 &hellip; Continuer la lecture \u00ab\u00a0Actus nationales: Que risque Omar Sy, accus\u00e9 d\u2019avoir menac\u00e9 des agents SNCF\u00a0? #France\u00a0\u00bb\" \/>\n<meta property=\"og:url\" content=\"https:\/\/www.cc3rivieres76.com\/blog\/actus-nationales-que-risque-omar-sy-accuse-davoir-menace-des-agents-sncf-france\/\" \/>\n<meta property=\"og:site_name\" content=\"CC3RIVIERES76\" \/>\n<meta property=\"article:published_time\" content=\"2025-05-23T09:30:00+00:00\" \/>\n<meta property=\"og:image\" content=\"https:\/\/www.site.cdcl.xyz\/wp-content\/uploads\/2024\/10\/Actus-nationales-Presidentielle-americaine-Kamala-Harris-hausse-le-ton-face.svg.svg+xml\" \/>\n<meta name=\"author\" content=\"Sylvie DE LAUZAINGHEIN\" \/>\n<meta name=\"twitter:card\" content=\"summary_large_image\" \/>\n<meta name=\"twitter:label1\" content=\"\u00c9crit par\" \/>\n\t<meta name=\"twitter:data1\" content=\"Sylvie DE LAUZAINGHEIN\" \/>\n\t<meta name=\"twitter:label2\" content=\"Dur\u00e9e de lecture estim\u00e9e\" \/>\n\t<meta name=\"twitter:data2\" content=\"3 minutes\" \/>\n<script type=\"application\/ld+json\" class=\"yoast-schema-graph\">{\"@context\":\"https:\\\/\\\/schema.org\",\"@graph\":[{\"@type\":\"Article\",\"@id\":\"https:\\\/\\\/www.cc3rivieres76.com\\\/blog\\\/actus-nationales-que-risque-omar-sy-accuse-davoir-menace-des-agents-sncf-france\\\/#article\",\"isPartOf\":{\"@id\":\"https:\\\/\\\/www.cc3rivieres76.com\\\/blog\\\/actus-nationales-que-risque-omar-sy-accuse-davoir-menace-des-agents-sncf-france\\\/\"},\"author\":{\"name\":\"Sylvie DE LAUZAINGHEIN\",\"@id\":\"https:\\\/\\\/www.cc3rivieres76.com\\\/blog\\\/#\\\/schema\\\/person\\\/474d457fb7747b5218f39792dfaa5a1c\"},\"headline\":\"Actus nationales: Que risque Omar Sy, accus\u00e9 d\u2019avoir menac\u00e9 des agents SNCF\u00a0? #France\",\"datePublished\":\"2025-05-23T09:30:00+00:00\",\"mainEntityOfPage\":{\"@id\":\"https:\\\/\\\/www.cc3rivieres76.com\\\/blog\\\/actus-nationales-que-risque-omar-sy-accuse-davoir-menace-des-agents-sncf-france\\\/\"},\"wordCount\":701,\"publisher\":{\"@id\":\"https:\\\/\\\/www.cc3rivieres76.com\\\/blog\\\/#organization\"},\"image\":{\"@id\":\"https:\\\/\\\/www.cc3rivieres76.com\\\/blog\\\/actus-nationales-que-risque-omar-sy-accuse-davoir-menace-des-agents-sncf-france\\\/#primaryimage\"},\"thumbnailUrl\":\"https:\\\/\\\/www.site.cdcl.xyz\\\/wp-content\\\/uploads\\\/2024\\\/10\\\/Actus-nationales-Presidentielle-americaine-Kamala-Harris-hausse-le-ton-face.svg.svg+xml\",\"articleSection\":[\"Les 3 Rivi\u00e8res Dans La Somme:\"],\"inLanguage\":\"fr-FR\"},{\"@type\":\"WebPage\",\"@id\":\"https:\\\/\\\/www.cc3rivieres76.com\\\/blog\\\/actus-nationales-que-risque-omar-sy-accuse-davoir-menace-des-agents-sncf-france\\\/\",\"url\":\"https:\\\/\\\/www.cc3rivieres76.com\\\/blog\\\/actus-nationales-que-risque-omar-sy-accuse-davoir-menace-des-agents-sncf-france\\\/\",\"name\":\"Actus nationales: Que risque Omar Sy, accus\u00e9 d\u2019avoir menac\u00e9 des agents SNCF\u00a0? #France - CC3RIVIERES76\",\"isPartOf\":{\"@id\":\"https:\\\/\\\/www.cc3rivieres76.com\\\/blog\\\/#website\"},\"primaryImageOfPage\":{\"@id\":\"https:\\\/\\\/www.cc3rivieres76.com\\\/blog\\\/actus-nationales-que-risque-omar-sy-accuse-davoir-menace-des-agents-sncf-france\\\/#primaryimage\"},\"image\":{\"@id\":\"https:\\\/\\\/www.cc3rivieres76.com\\\/blog\\\/actus-nationales-que-risque-omar-sy-accuse-davoir-menace-des-agents-sncf-france\\\/#primaryimage\"},\"thumbnailUrl\":\"https:\\\/\\\/www.site.cdcl.xyz\\\/wp-content\\\/uploads\\\/2024\\\/10\\\/Actus-nationales-Presidentielle-americaine-Kamala-Harris-hausse-le-ton-face.svg.svg+xml\",\"datePublished\":\"2025-05-23T09:30:00+00:00\",\"breadcrumb\":{\"@id\":\"https:\\\/\\\/www.cc3rivieres76.com\\\/blog\\\/actus-nationales-que-risque-omar-sy-accuse-davoir-menace-des-agents-sncf-france\\\/#breadcrumb\"},\"inLanguage\":\"fr-FR\",\"potentialAction\":[{\"@type\":\"ReadAction\",\"target\":[\"https:\\\/\\\/www.cc3rivieres76.com\\\/blog\\\/actus-nationales-que-risque-omar-sy-accuse-davoir-menace-des-agents-sncf-france\\\/\"]}]},{\"@type\":\"ImageObject\",\"inLanguage\":\"fr-FR\",\"@id\":\"https:\\\/\\\/www.cc3rivieres76.com\\\/blog\\\/actus-nationales-que-risque-omar-sy-accuse-davoir-menace-des-agents-sncf-france\\\/#primaryimage\",\"url\":\"https:\\\/\\\/www.site.cdcl.xyz\\\/wp-content\\\/uploads\\\/2024\\\/10\\\/Actus-nationales-Presidentielle-americaine-Kamala-Harris-hausse-le-ton-face.svg.svg+xml\",\"contentUrl\":\"https:\\\/\\\/www.site.cdcl.xyz\\\/wp-content\\\/uploads\\\/2024\\\/10\\\/Actus-nationales-Presidentielle-americaine-Kamala-Harris-hausse-le-ton-face.svg.svg+xml\"},{\"@type\":\"BreadcrumbList\",\"@id\":\"https:\\\/\\\/www.cc3rivieres76.com\\\/blog\\\/actus-nationales-que-risque-omar-sy-accuse-davoir-menace-des-agents-sncf-france\\\/#breadcrumb\",\"itemListElement\":[{\"@type\":\"ListItem\",\"position\":1,\"name\":\"Accueil\",\"item\":\"https:\\\/\\\/www.cc3rivieres76.com\\\/blog\\\/\"},{\"@type\":\"ListItem\",\"position\":2,\"name\":\"Actus nationales: Que risque Omar Sy, accus\u00e9 d\u2019avoir menac\u00e9 des agents SNCF\u00a0? #France\"}]},{\"@type\":\"WebSite\",\"@id\":\"https:\\\/\\\/www.cc3rivieres76.com\\\/blog\\\/#website\",\"url\":\"https:\\\/\\\/www.cc3rivieres76.com\\\/blog\\\/\",\"name\":\"CC3RIVIERES76\",\"description\":\"Les 3 rivi\u00e8res dans la Somme.\",\"publisher\":{\"@id\":\"https:\\\/\\\/www.cc3rivieres76.com\\\/blog\\\/#organization\"},\"potentialAction\":[{\"@type\":\"SearchAction\",\"target\":{\"@type\":\"EntryPoint\",\"urlTemplate\":\"https:\\\/\\\/www.cc3rivieres76.com\\\/blog\\\/?s={search_term_string}\"},\"query-input\":{\"@type\":\"PropertyValueSpecification\",\"valueRequired\":true,\"valueName\":\"search_term_string\"}}],\"inLanguage\":\"fr-FR\"},{\"@type\":\"Organization\",\"@id\":\"https:\\\/\\\/www.cc3rivieres76.com\\\/blog\\\/#organization\",\"name\":\"cc3rivieres76\",\"url\":\"https:\\\/\\\/www.cc3rivieres76.com\\\/blog\\\/\",\"logo\":{\"@type\":\"ImageObject\",\"inLanguage\":\"fr-FR\",\"@id\":\"https:\\\/\\\/www.cc3rivieres76.com\\\/blog\\\/#\\\/schema\\\/logo\\\/image\\\/\",\"url\":\"https:\\\/\\\/www.cc3rivieres76.com\\\/blog\\\/wp-content\\\/uploads\\\/2023\\\/06\\\/logo-2.png\",\"contentUrl\":\"https:\\\/\\\/www.cc3rivieres76.com\\\/blog\\\/wp-content\\\/uploads\\\/2023\\\/06\\\/logo-2.png\",\"width\":390,\"height\":388,\"caption\":\"cc3rivieres76\"},\"image\":{\"@id\":\"https:\\\/\\\/www.cc3rivieres76.com\\\/blog\\\/#\\\/schema\\\/logo\\\/image\\\/\"}},{\"@type\":\"Person\",\"@id\":\"https:\\\/\\\/www.cc3rivieres76.com\\\/blog\\\/#\\\/schema\\\/person\\\/474d457fb7747b5218f39792dfaa5a1c\",\"name\":\"Sylvie DE LAUZAINGHEIN\",\"image\":{\"@type\":\"ImageObject\",\"inLanguage\":\"fr-FR\",\"@id\":\"https:\\\/\\\/secure.gravatar.com\\\/avatar\\\/9c6a53b19e0a3431aa80de0895b9729fe665cd7e7d6cc94fc11abb152f4237d7?s=96&d=mm&r=g\",\"url\":\"https:\\\/\\\/secure.gravatar.com\\\/avatar\\\/9c6a53b19e0a3431aa80de0895b9729fe665cd7e7d6cc94fc11abb152f4237d7?s=96&d=mm&r=g\",\"contentUrl\":\"https:\\\/\\\/secure.gravatar.com\\\/avatar\\\/9c6a53b19e0a3431aa80de0895b9729fe665cd7e7d6cc94fc11abb152f4237d7?s=96&d=mm&r=g\",\"caption\":\"Sylvie DE LAUZAINGHEIN\"},\"url\":\"https:\\\/\\\/www.cc3rivieres76.com\\\/blog\\\/author\\\/s76sylvie\\\/\"}]}<\/script>\n<!-- \/ Yoast SEO plugin. -->","yoast_head_json":{"title":"Actus nationales: Que risque Omar Sy, accus\u00e9 d\u2019avoir menac\u00e9 des agents SNCF\u00a0? #France - CC3RIVIERES76","robots":{"index":"index","follow":"follow","max-snippet":"max-snippet:-1","max-image-preview":"max-image-preview:large","max-video-preview":"max-video-preview:-1"},"canonical":"https:\/\/www.cc3rivieres76.com\/blog\/actus-nationales-que-risque-omar-sy-accuse-davoir-menace-des-agents-sncf-france\/","og_locale":"fr_FR","og_type":"article","og_title":"Actus nationales: Que risque Omar Sy, accus\u00e9 d\u2019avoir menac\u00e9 des agents SNCF\u00a0? #France - CC3RIVIERES76","og_description":"En visitant internet nos r\u00e9dacteurs ont vu un papier qui va vous int\u00e9resser. Son th\u00e8me est \u00ab&nbsp;Actualit\u00e9 fran\u00e7aise&nbsp;\u00bb. Ceci a \u00e9t\u00e9 publi\u00e9 par Le Point \u2013 Toute l&rsquo;info en continu Signature . Date et heure de la r\u00e9ception de la d\u00e9p\u00e9che sur notre fil d\u2019info: Date et heure de publication sur internet: Titre exacte donn\u00e9 &hellip; Continuer la lecture \u00ab\u00a0Actus nationales: Que risque Omar Sy, accus\u00e9 d\u2019avoir menac\u00e9 des agents SNCF\u00a0? #France\u00a0\u00bb","og_url":"https:\/\/www.cc3rivieres76.com\/blog\/actus-nationales-que-risque-omar-sy-accuse-davoir-menace-des-agents-sncf-france\/","og_site_name":"CC3RIVIERES76","article_published_time":"2025-05-23T09:30:00+00:00","og_image":[{"url":"https:\/\/www.site.cdcl.xyz\/wp-content\/uploads\/2024\/10\/Actus-nationales-Presidentielle-americaine-Kamala-Harris-hausse-le-ton-face.svg.svg+xml","type":"","width":"","height":""}],"author":"Sylvie DE LAUZAINGHEIN","twitter_card":"summary_large_image","twitter_misc":{"\u00c9crit par":"Sylvie DE LAUZAINGHEIN","Dur\u00e9e de lecture estim\u00e9e":"3 minutes"},"schema":{"@context":"https:\/\/schema.org","@graph":[{"@type":"Article","@id":"https:\/\/www.cc3rivieres76.com\/blog\/actus-nationales-que-risque-omar-sy-accuse-davoir-menace-des-agents-sncf-france\/#article","isPartOf":{"@id":"https:\/\/www.cc3rivieres76.com\/blog\/actus-nationales-que-risque-omar-sy-accuse-davoir-menace-des-agents-sncf-france\/"},"author":{"name":"Sylvie DE LAUZAINGHEIN","@id":"https:\/\/www.cc3rivieres76.com\/blog\/#\/schema\/person\/474d457fb7747b5218f39792dfaa5a1c"},"headline":"Actus nationales: Que risque Omar Sy, accus\u00e9 d\u2019avoir menac\u00e9 des agents SNCF\u00a0? #France","datePublished":"2025-05-23T09:30:00+00:00","mainEntityOfPage":{"@id":"https:\/\/www.cc3rivieres76.com\/blog\/actus-nationales-que-risque-omar-sy-accuse-davoir-menace-des-agents-sncf-france\/"},"wordCount":701,"publisher":{"@id":"https:\/\/www.cc3rivieres76.com\/blog\/#organization"},"image":{"@id":"https:\/\/www.cc3rivieres76.com\/blog\/actus-nationales-que-risque-omar-sy-accuse-davoir-menace-des-agents-sncf-france\/#primaryimage"},"thumbnailUrl":"https:\/\/www.site.cdcl.xyz\/wp-content\/uploads\/2024\/10\/Actus-nationales-Presidentielle-americaine-Kamala-Harris-hausse-le-ton-face.svg.svg+xml","articleSection":["Les 3 Rivi\u00e8res Dans La Somme:"],"inLanguage":"fr-FR"},{"@type":"WebPage","@id":"https:\/\/www.cc3rivieres76.com\/blog\/actus-nationales-que-risque-omar-sy-accuse-davoir-menace-des-agents-sncf-france\/","url":"https:\/\/www.cc3rivieres76.com\/blog\/actus-nationales-que-risque-omar-sy-accuse-davoir-menace-des-agents-sncf-france\/","name":"Actus nationales: Que risque Omar Sy, accus\u00e9 d\u2019avoir menac\u00e9 des agents SNCF\u00a0? #France - CC3RIVIERES76","isPartOf":{"@id":"https:\/\/www.cc3rivieres76.com\/blog\/#website"},"primaryImageOfPage":{"@id":"https:\/\/www.cc3rivieres76.com\/blog\/actus-nationales-que-risque-omar-sy-accuse-davoir-menace-des-agents-sncf-france\/#primaryimage"},"image":{"@id":"https:\/\/www.cc3rivieres76.com\/blog\/actus-nationales-que-risque-omar-sy-accuse-davoir-menace-des-agents-sncf-france\/#primaryimage"},"thumbnailUrl":"https:\/\/www.site.cdcl.xyz\/wp-content\/uploads\/2024\/10\/Actus-nationales-Presidentielle-americaine-Kamala-Harris-hausse-le-ton-face.svg.svg+xml","datePublished":"2025-05-23T09:30:00+00:00","breadcrumb":{"@id":"https:\/\/www.cc3rivieres76.com\/blog\/actus-nationales-que-risque-omar-sy-accuse-davoir-menace-des-agents-sncf-france\/#breadcrumb"},"inLanguage":"fr-FR","potentialAction":[{"@type":"ReadAction","target":["https:\/\/www.cc3rivieres76.com\/blog\/actus-nationales-que-risque-omar-sy-accuse-davoir-menace-des-agents-sncf-france\/"]}]},{"@type":"ImageObject","inLanguage":"fr-FR","@id":"https:\/\/www.cc3rivieres76.com\/blog\/actus-nationales-que-risque-omar-sy-accuse-davoir-menace-des-agents-sncf-france\/#primaryimage","url":"https:\/\/www.site.cdcl.xyz\/wp-content\/uploads\/2024\/10\/Actus-nationales-Presidentielle-americaine-Kamala-Harris-hausse-le-ton-face.svg.svg+xml","contentUrl":"https:\/\/www.site.cdcl.xyz\/wp-content\/uploads\/2024\/10\/Actus-nationales-Presidentielle-americaine-Kamala-Harris-hausse-le-ton-face.svg.svg+xml"},{"@type":"BreadcrumbList","@id":"https:\/\/www.cc3rivieres76.com\/blog\/actus-nationales-que-risque-omar-sy-accuse-davoir-menace-des-agents-sncf-france\/#breadcrumb","itemListElement":[{"@type":"ListItem","position":1,"name":"Accueil","item":"https:\/\/www.cc3rivieres76.com\/blog\/"},{"@type":"ListItem","position":2,"name":"Actus nationales: Que risque Omar Sy, accus\u00e9 d\u2019avoir menac\u00e9 des agents SNCF\u00a0? #France"}]},{"@type":"WebSite","@id":"https:\/\/www.cc3rivieres76.com\/blog\/#website","url":"https:\/\/www.cc3rivieres76.com\/blog\/","name":"CC3RIVIERES76","description":"Les 3 rivi\u00e8res dans la Somme.","publisher":{"@id":"https:\/\/www.cc3rivieres76.com\/blog\/#organization"},"potentialAction":[{"@type":"SearchAction","target":{"@type":"EntryPoint","urlTemplate":"https:\/\/www.cc3rivieres76.com\/blog\/?s={search_term_string}"},"query-input":{"@type":"PropertyValueSpecification","valueRequired":true,"valueName":"search_term_string"}}],"inLanguage":"fr-FR"},{"@type":"Organization","@id":"https:\/\/www.cc3rivieres76.com\/blog\/#organization","name":"cc3rivieres76","url":"https:\/\/www.cc3rivieres76.com\/blog\/","logo":{"@type":"ImageObject","inLanguage":"fr-FR","@id":"https:\/\/www.cc3rivieres76.com\/blog\/#\/schema\/logo\/image\/","url":"https:\/\/www.cc3rivieres76.com\/blog\/wp-content\/uploads\/2023\/06\/logo-2.png","contentUrl":"https:\/\/www.cc3rivieres76.com\/blog\/wp-content\/uploads\/2023\/06\/logo-2.png","width":390,"height":388,"caption":"cc3rivieres76"},"image":{"@id":"https:\/\/www.cc3rivieres76.com\/blog\/#\/schema\/logo\/image\/"}},{"@type":"Person","@id":"https:\/\/www.cc3rivieres76.com\/blog\/#\/schema\/person\/474d457fb7747b5218f39792dfaa5a1c","name":"Sylvie DE LAUZAINGHEIN","image":{"@type":"ImageObject","inLanguage":"fr-FR","@id":"https:\/\/secure.gravatar.com\/avatar\/9c6a53b19e0a3431aa80de0895b9729fe665cd7e7d6cc94fc11abb152f4237d7?s=96&d=mm&r=g","url":"https:\/\/secure.gravatar.com\/avatar\/9c6a53b19e0a3431aa80de0895b9729fe665cd7e7d6cc94fc11abb152f4237d7?s=96&d=mm&r=g","contentUrl":"https:\/\/secure.gravatar.com\/avatar\/9c6a53b19e0a3431aa80de0895b9729fe665cd7e7d6cc94fc11abb152f4237d7?s=96&d=mm&r=g","caption":"Sylvie DE LAUZAINGHEIN"},"url":"https:\/\/www.cc3rivieres76.com\/blog\/author\/s76sylvie\/"}]}},"_links":{"self":[{"href":"https:\/\/www.cc3rivieres76.com\/blog\/wp-json\/wp\/v2\/posts\/705","targetHints":{"allow":["GET"]}}],"collection":[{"href":"https:\/\/www.cc3rivieres76.com\/blog\/wp-json\/wp\/v2\/posts"}],"about":[{"href":"https:\/\/www.cc3rivieres76.com\/blog\/wp-json\/wp\/v2\/types\/post"}],"author":[{"embeddable":true,"href":"https:\/\/www.cc3rivieres76.com\/blog\/wp-json\/wp\/v2\/users\/3"}],"replies":[{"embeddable":true,"href":"https:\/\/www.cc3rivieres76.com\/blog\/wp-json\/wp\/v2\/comments?post=705"}],"version-history":[{"count":0,"href":"https:\/\/www.cc3rivieres76.com\/blog\/wp-json\/wp\/v2\/posts\/705\/revisions"}],"wp:attachment":[{"href":"https:\/\/www.cc3rivieres76.com\/blog\/wp-json\/wp\/v2\/media?parent=705"}],"wp:term":[{"taxonomy":"category","embeddable":true,"href":"https:\/\/www.cc3rivieres76.com\/blog\/wp-json\/wp\/v2\/categories?post=705"},{"taxonomy":"post_tag","embeddable":true,"href":"https:\/\/www.cc3rivieres76.com\/blog\/wp-json\/wp\/v2\/tags?post=705"}],"curies":[{"name":"wp","href":"https:\/\/api.w.org\/{rel}","templated":true}]}}