{"id":709,"date":"2025-05-24T13:46:00","date_gmt":"2025-05-24T11:46:00","guid":{"rendered":"https:\/\/www.site.cdcl.xyz\/2025\/05\/24\/informations-francaises-anne-sophie-lapix-repond-aux-rumeurs-sur-son-depart-du-20-heures-de-france-2-france\/"},"modified":"2025-05-24T13:46:00","modified_gmt":"2025-05-24T11:46:00","slug":"informations-francaises-anne-sophie-lapix-repond-aux-rumeurs-sur-son-depart-du-20-heures-de-france-2-france","status":"publish","type":"post","link":"https:\/\/www.cc3rivieres76.com\/blog\/informations-francaises-anne-sophie-lapix-repond-aux-rumeurs-sur-son-depart-du-20-heures-de-france-2-france\/","title":{"rendered":"Informations fran\u00e7aises: Anne-Sophie Lapix r\u00e9pond aux rumeurs sur son d\u00e9part du 20\u00a0heures de France 2 #France"},"content":{"rendered":"\n<p>Voil\u00e0 qui va vous convenir : Un nouvel encart que notre \u00e9quipe vient de trouver sur le web et que nous vous produisons ci-dessous. Le th\u00e8me est \u00ab&nbsp;Actualit\u00e9 fran\u00e7aise&nbsp;\u00bb.<\/p>\n<h2>L\u2019article suivant a \u00e9t\u00e9 publi\u00e9 par Le Point \u2013 Toute l&rsquo;info en continu<\/h2>\n<p><u>Signature . <\/u><\/p>\n<p><u>Date et heure de la r\u00e9ception de la d\u00e9p\u00e9che sur notre fil d\u2019info:<\/u><strong><span id=\"date\"><\/span><\/strong><\/p>\n<p><u>Date et heure de publication sur internet:<\/u> <strong><span id=\"datecrea\"><\/span><\/strong><\/p>\n<p><u>Titre exacte donn\u00e9 par le journal \u00e9tait:<\/u> <strong>Anne-Sophie Lapix r\u00e9pond aux rumeurs sur son d\u00e9part du 20&nbsp;heures de France 2<\/strong><\/p>\n<p><u>Information et contenu publi\u00e9s :<\/u><\/p>\n<div id=\"contenu\"> <!-- include t_www_2023\/pages\/article\/blocs\/tag_pub.tpl --><br \/><!-- include \/t_www_2023\/pages\/article\/blocs\/tag_pub.tpl --><\/p>\n<p><span class=\"dflt-txt__lettrine\">I<\/span>l n\u2019y a pas que dans le foot que l\u2019on joue aux pronostics du mercato, et Anne-Sophie Lapix en fait r\u00e9guli\u00e8rement l\u2019exp\u00e9rience. Depuis quelques ann\u00e9es, on lui pr\u00eate des envies d\u2019aller voir si l\u2019herbe est plus verte ailleurs et, cette fois, les rumeurs insistantes faisaient \u00e9tat de son d\u00e9part pour BFMTV.<\/p>\n<section class=\"mbl txtcenter\">\n<div id=\"art-culture-nlculture\">\n<div id=\"newsletter\" class=\"bloc-1 title-top\">\n<span class=\"h2\">La newsletter culture<\/span><\/p>\n<div class=\"step-1\">\n<p class=\"period\">Tous les mercredis \u00e0 16h<\/p>\n<p>Recevez l\u2019actualit\u00e9 culturelle de la semaine \u00e0 ne pas manquer ainsi que les Enqu\u00eates, d\u00e9cryptages, portraits, tendances\u2026<\/p>\n<\/div>\n<div class=\"step-2\">\n<p>Merci !<br \/>Votre inscription a bien \u00e9t\u00e9 prise en compte avec l\u2019adresse email :<br \/><span class=\"email-sended\"><\/span><\/p>\n<p>Pour d\u00e9couvrir toutes nos autres newsletters, rendez-vous ici : MonCompte<\/p>\n<\/div>\n<p>En vous inscrivant, vous acceptez les conditions g\u00e9n\u00e9rales d\u2019utilisations et notre politique de confidentialit\u00e9.<\/p>\n<\/div>\n<\/div>\n<p>Alors que la cha\u00eene d\u2019info en continu vient d\u2019\u00eatre rachet\u00e9e par le chef d\u2019entreprise et milliardaire franco-libanais Rodolphe Saad\u00e9, certains voyaient bien Anne-Sophie Lapix&nbsp;assumer la volont\u00e9 du nouveau patron de donner \u00e0 la cha\u00eene un positionnement \u00ab&nbsp;actualit\u00e9 pour les actifs&nbsp;\u00bb.&nbsp;Or il n\u2019en est rien.<\/p>\n<h2>\u00ab&nbsp;Toujours passionn\u00e9e par ce que je fais&nbsp;\u00bb<\/h2>\n<p>\u00ab&nbsp;Je reste \u00e0 France T\u00e9l\u00e9&nbsp;\u00bb, a simplement d\u00e9clar\u00e9&nbsp;au <em><em>Parisien<\/em><\/em>&nbsp;celle qui est aux commandes du 20&nbsp;heures de la cha\u00eene nationale depuis huit ans. En janvier, elle avait confi\u00e9 \u00e0 <em>TV Magazine<\/em>&nbsp;: \u00ab&nbsp;Le probl\u00e8me, c\u2019est que je suis une bonne \u00e9l\u00e8ve, je r\u00e9ponds toujours aux questions, y compris sur mon \u00e9ventuel d\u00e9part. Au d\u00e9but, j\u2019ai dit que je restais souvent cinq ans \u00e0 un poste. Et l\u00e0,&nbsp;c\u2019est ma huiti\u00e8me ann\u00e9e et je suis toujours passionn\u00e9e par ce que je fais.&nbsp;\u00bb<\/p>\n<section class=\"mbl txtcenter\">\n<p><span class=\"Capsule free\"><span class=\"Phylactery\">\u00c0 LIRE AUSSI<\/span> <strong class=\"strong\">Place aux journaux t\u00e9l\u00e9vis\u00e9s sans pr\u00e9sentateurs\u2026 humains<\/strong><\/span>Et pourquoi changer&nbsp;alors qu\u2019elle exp\u00e9rimente, depuis janvier, une formule \u00e9tendue d\u2019un quart d\u2019heure&nbsp;? D\u2019autant que le retour est \u00ab&nbsp;tr\u00e8s positif&nbsp;\u00bb parmi les t\u00e9l\u00e9spectateurs. En une heure, celle qui est en place depuis&nbsp;2017&nbsp;estime avoir le temps de traiter correctement l\u2019actualit\u00e9 et d\u2019\u00eatre, avec les \u00ab&nbsp;grands formats, vraiment pr\u00e8s des gens&nbsp;\u00bb.<\/p>\n<h2>\u00ab&nbsp;On me fait confiance&nbsp;\u00bb<\/h2>\n<p>Les audiences de son journal se situent au-dessus de&nbsp;4&nbsp;millions de t\u00e9l\u00e9spectateurs, certes loin de celles enregistr\u00e9es par&nbsp;TF1. Gilles Bouleau draine plus de&nbsp;5&nbsp;millions de personnes \u00e0 l\u2019heure du d\u00eener, mais celui de France&nbsp;2&nbsp;reste n\u00e9anmoins le deuxi\u00e8me journal t\u00e9l\u00e9 de France. Certes, redresser la barre de BFMTV, concurrenc\u00e9e&nbsp;par CNews, malgr\u00e9 sa nouvelle grille depuis janvier, pourrait \u00eatre un challenge. Mais est-ce l\u2019ambition, \u00e0 52&nbsp;ans, de la native de Saint-Jean-de-Luz&nbsp;?<\/p>\n<p><span class=\"Capsule discover-kangourou\"><br \/><span class=\"Phylactery\">\u00c0 D\u00e9couvrir<\/span><br \/><strong class=\"discover-kangourou__line\"><br \/><img decoding=\"async\" class=\"discover-kangourou__img\" src=\"https:\/\/www.site.cdcl.xyz\/wp-content\/uploads\/2024\/10\/Actus-nationales-Presidentielle-americaine-Kamala-Harris-hausse-le-ton-face.svg.svg+xml\"><br \/><strong class=\"discover-kangourou__txt\"><br \/><strong>Le Kangourou du jour<\/strong><\/strong><\/strong><\/span><\/p>\n<p>R\u00e9pondre<\/p>\n<p>Son public est fid\u00e8le et l\u2019appr\u00e9cie, peut-\u00eatre parce qu\u2019avec son ton direct en interview elle n\u2019est pas la \u00ab&nbsp;favorite&nbsp;\u00bb des hommes et femmes politiques (Marine Le&nbsp;Pen avait demand\u00e9 qu\u2019elle soit exclue du d\u00e9bat d\u2019entre-deux-tours en 2022).<\/p>\n<p>\u00ab&nbsp;Pour l\u2019instant, je suis toujours l\u00e0, et sans m\u2019attacher \u00e0 mon si\u00e8ge avec des menottes&nbsp;\u00bb, avait-elle r\u00e9pondu en septembre&nbsp;2024, toujours au <em>Parisien<\/em>. Et d\u2019ajouter&nbsp;: \u00ab&nbsp;Quand je demande ce qu\u2019il en est \u00e0 ma direction, on me dit simplement qu\u2019on me fait confiance.&nbsp;\u00bb<\/p>\n<\/section>\n<\/section>\n<\/div>\n<p> <img decoding=\"async\" src=\"https:\/\/www.cc3rivieres76.com\/blog\/wp-content\/uploads\/2025\/05\/informations-francaises-anne-sophie-lapix-repond-aux-rumeurs-sur-son-depart-du-20-heures-de-france-2-france.jpg\" alt=\"Anne-Sophie Lapix r\u00e9pond aux rumeurs sur son d\u00e9part du 20&nbsp;heures de France 2\"><\/p>\n<p>#AnneSophie #Lapix #r\u00e9pond #aux #rumeurs #sur #son #d\u00e9part #20heures #France<\/p>\n<p>Reprise de l\u2019information dans un style journalistique professionnel descriptif en organisant les id\u00e9es dans un ordre coh\u00e9rent avec titres html <\/p>\n<p>Ouvrages sur le m\u00eame propos:<\/p>\n<p>Histoire de France ; de la pr\u00e9histoire \u00e0 nos jours.,<a href=\"https:\/\/images.epagine.fr\/176\/9782371043176_1_m.jpg\" target=\"_blank\" rel=\"noopener noreferrer nofollow\">Infos sur ce livre<\/a><span><\/span>.<\/p>\n<p>La France made in China.,<a href=\"https:\/\/www.kobo.com\/fr\/fr\/ebook\/la-france-made-in-china\" target=\"_blank\" rel=\"noopener noreferrer nofollow\">A voir <\/a><span><\/span>.<\/p>\n<p>Photographie\/Soci\u00e9t\u00e9s et Organisations\/Centre national de la photographie.,<a href=\"https:\/\/fr.wikibooks.org\/wiki\/Photographie\/Soci%C3%A9t%C3%A9s_et_Organisations\/Centre_national_de_la_photographie\" target=\"_blank\" rel=\"noopener noreferrer nofollow\">Infos sur l\u2019ouvrage<\/a><span><\/span>.<\/p>\n<p> Cet article, qui traite du th\u00e8me \u00ab\u00a0Les 3 rivi\u00e8res dans la Somme\u00a0\u00bb, vous est sp\u00e9cialement sugg\u00e9r\u00e9 par cc3rivieres76.com. La chronique est reproduite du mieux possible. Dans le cas o\u00f9 vous souhaitez apporter quelques pr\u00e9cisions concernant le domaine de \u00ab\u00a0Les 3 rivi\u00e8res dans la Somme\u00a0\u00bb vous pouvez solliciter notre r\u00e9daction. La destination de cc3rivieres76.com est de d\u00e9battre de Les 3 rivi\u00e8res dans la Somme dans la transparence en vous apportant la connaissance de tout ce qui est en lien avec ce sujet sur la toile Connectez-vous sur notre site cc3rivieres76.com et nos r\u00e9seaux sociaux dans le but d\u2019\u00eatre inform\u00e9 des futures publications.<\/p>\n","protected":false},"excerpt":{"rendered":"<p>Voil\u00e0 qui va vous convenir : Un nouvel encart que notre \u00e9quipe vient de trouver sur le web et que nous vous produisons ci-dessous. Le th\u00e8me est \u00ab&nbsp;Actualit\u00e9 fran\u00e7aise&nbsp;\u00bb. L\u2019article suivant a \u00e9t\u00e9 publi\u00e9 par Le Point \u2013 Toute l&rsquo;info en continu Signature . Date et heure de la r\u00e9ception de la d\u00e9p\u00e9che sur notre &hellip; <\/p>\n<p class=\"link-more\"><a href=\"https:\/\/www.cc3rivieres76.com\/blog\/informations-francaises-anne-sophie-lapix-repond-aux-rumeurs-sur-son-depart-du-20-heures-de-france-2-france\/\" class=\"more-link\">Continuer la lecture <span class=\"screen-reader-text\"> \u00ab\u00a0Informations fran\u00e7aises: Anne-Sophie Lapix r\u00e9pond aux rumeurs sur son d\u00e9part du 20\u00a0heures de France 2 #France\u00a0\u00bb<\/span><\/a><\/p>\n","protected":false},"author":3,"featured_media":0,"comment_status":"closed","ping_status":"closed","sticky":false,"template":"","format":"standard","meta":{"footnotes":""},"categories":[2],"tags":[],"class_list":["post-709","post","type-post","status-publish","format-standard","hentry","category-les-3-rivieres-dans-la-somme","entry"],"yoast_head":"<!-- This site is optimized with the Yoast SEO plugin v27.5 - https:\/\/yoast.com\/product\/yoast-seo-wordpress\/ -->\n<title>Informations fran\u00e7aises: Anne-Sophie Lapix r\u00e9pond aux rumeurs sur son d\u00e9part du 20\u00a0heures de France 2 #France - CC3RIVIERES76<\/title>\n<meta name=\"robots\" content=\"index, follow, max-snippet:-1, max-image-preview:large, max-video-preview:-1\" \/>\n<link rel=\"canonical\" href=\"https:\/\/www.cc3rivieres76.com\/blog\/informations-francaises-anne-sophie-lapix-repond-aux-rumeurs-sur-son-depart-du-20-heures-de-france-2-france\/\" \/>\n<meta property=\"og:locale\" content=\"fr_FR\" \/>\n<meta property=\"og:type\" content=\"article\" \/>\n<meta property=\"og:title\" content=\"Informations fran\u00e7aises: Anne-Sophie Lapix r\u00e9pond aux rumeurs sur son d\u00e9part du 20\u00a0heures de France 2 #France - CC3RIVIERES76\" \/>\n<meta property=\"og:description\" content=\"Voil\u00e0 qui va vous convenir : Un nouvel encart que notre \u00e9quipe vient de trouver sur le web et que nous vous produisons ci-dessous. Le th\u00e8me est \u00ab&nbsp;Actualit\u00e9 fran\u00e7aise&nbsp;\u00bb. L\u2019article suivant a \u00e9t\u00e9 publi\u00e9 par Le Point \u2013 Toute l&rsquo;info en continu Signature . Date et heure de la r\u00e9ception de la d\u00e9p\u00e9che sur notre &hellip; Continuer la lecture \u00ab\u00a0Informations fran\u00e7aises: Anne-Sophie Lapix r\u00e9pond aux rumeurs sur son d\u00e9part du 20\u00a0heures de France 2 #France\u00a0\u00bb\" \/>\n<meta property=\"og:url\" content=\"https:\/\/www.cc3rivieres76.com\/blog\/informations-francaises-anne-sophie-lapix-repond-aux-rumeurs-sur-son-depart-du-20-heures-de-france-2-france\/\" \/>\n<meta property=\"og:site_name\" content=\"CC3RIVIERES76\" \/>\n<meta property=\"article:published_time\" content=\"2025-05-24T11:46:00+00:00\" \/>\n<meta property=\"og:image\" content=\"https:\/\/www.site.cdcl.xyz\/wp-content\/uploads\/2024\/10\/Actus-nationales-Presidentielle-americaine-Kamala-Harris-hausse-le-ton-face.svg.svg+xml\" \/>\n<meta name=\"author\" content=\"Sylvie DE LAUZAINGHEIN\" \/>\n<meta name=\"twitter:card\" content=\"summary_large_image\" \/>\n<meta name=\"twitter:label1\" content=\"\u00c9crit par\" \/>\n\t<meta name=\"twitter:data1\" content=\"Sylvie DE LAUZAINGHEIN\" \/>\n\t<meta name=\"twitter:label2\" content=\"Dur\u00e9e de lecture estim\u00e9e\" \/>\n\t<meta name=\"twitter:data2\" content=\"4 minutes\" \/>\n<script type=\"application\/ld+json\" class=\"yoast-schema-graph\">{\"@context\":\"https:\\\/\\\/schema.org\",\"@graph\":[{\"@type\":\"Article\",\"@id\":\"https:\\\/\\\/www.cc3rivieres76.com\\\/blog\\\/informations-francaises-anne-sophie-lapix-repond-aux-rumeurs-sur-son-depart-du-20-heures-de-france-2-france\\\/#article\",\"isPartOf\":{\"@id\":\"https:\\\/\\\/www.cc3rivieres76.com\\\/blog\\\/informations-francaises-anne-sophie-lapix-repond-aux-rumeurs-sur-son-depart-du-20-heures-de-france-2-france\\\/\"},\"author\":{\"name\":\"Sylvie DE LAUZAINGHEIN\",\"@id\":\"https:\\\/\\\/www.cc3rivieres76.com\\\/blog\\\/#\\\/schema\\\/person\\\/474d457fb7747b5218f39792dfaa5a1c\"},\"headline\":\"Informations fran\u00e7aises: Anne-Sophie Lapix r\u00e9pond aux rumeurs sur son d\u00e9part du 20\u00a0heures de France 2 #France\",\"datePublished\":\"2025-05-24T11:46:00+00:00\",\"mainEntityOfPage\":{\"@id\":\"https:\\\/\\\/www.cc3rivieres76.com\\\/blog\\\/informations-francaises-anne-sophie-lapix-repond-aux-rumeurs-sur-son-depart-du-20-heures-de-france-2-france\\\/\"},\"wordCount\":890,\"publisher\":{\"@id\":\"https:\\\/\\\/www.cc3rivieres76.com\\\/blog\\\/#organization\"},\"image\":{\"@id\":\"https:\\\/\\\/www.cc3rivieres76.com\\\/blog\\\/informations-francaises-anne-sophie-lapix-repond-aux-rumeurs-sur-son-depart-du-20-heures-de-france-2-france\\\/#primaryimage\"},\"thumbnailUrl\":\"https:\\\/\\\/www.site.cdcl.xyz\\\/wp-content\\\/uploads\\\/2024\\\/10\\\/Actus-nationales-Presidentielle-americaine-Kamala-Harris-hausse-le-ton-face.svg.svg+xml\",\"articleSection\":[\"Les 3 Rivi\u00e8res Dans La Somme:\"],\"inLanguage\":\"fr-FR\"},{\"@type\":\"WebPage\",\"@id\":\"https:\\\/\\\/www.cc3rivieres76.com\\\/blog\\\/informations-francaises-anne-sophie-lapix-repond-aux-rumeurs-sur-son-depart-du-20-heures-de-france-2-france\\\/\",\"url\":\"https:\\\/\\\/www.cc3rivieres76.com\\\/blog\\\/informations-francaises-anne-sophie-lapix-repond-aux-rumeurs-sur-son-depart-du-20-heures-de-france-2-france\\\/\",\"name\":\"Informations fran\u00e7aises: Anne-Sophie Lapix r\u00e9pond aux rumeurs sur son d\u00e9part du 20\u00a0heures de France 2 #France - CC3RIVIERES76\",\"isPartOf\":{\"@id\":\"https:\\\/\\\/www.cc3rivieres76.com\\\/blog\\\/#website\"},\"primaryImageOfPage\":{\"@id\":\"https:\\\/\\\/www.cc3rivieres76.com\\\/blog\\\/informations-francaises-anne-sophie-lapix-repond-aux-rumeurs-sur-son-depart-du-20-heures-de-france-2-france\\\/#primaryimage\"},\"image\":{\"@id\":\"https:\\\/\\\/www.cc3rivieres76.com\\\/blog\\\/informations-francaises-anne-sophie-lapix-repond-aux-rumeurs-sur-son-depart-du-20-heures-de-france-2-france\\\/#primaryimage\"},\"thumbnailUrl\":\"https:\\\/\\\/www.site.cdcl.xyz\\\/wp-content\\\/uploads\\\/2024\\\/10\\\/Actus-nationales-Presidentielle-americaine-Kamala-Harris-hausse-le-ton-face.svg.svg+xml\",\"datePublished\":\"2025-05-24T11:46:00+00:00\",\"breadcrumb\":{\"@id\":\"https:\\\/\\\/www.cc3rivieres76.com\\\/blog\\\/informations-francaises-anne-sophie-lapix-repond-aux-rumeurs-sur-son-depart-du-20-heures-de-france-2-france\\\/#breadcrumb\"},\"inLanguage\":\"fr-FR\",\"potentialAction\":[{\"@type\":\"ReadAction\",\"target\":[\"https:\\\/\\\/www.cc3rivieres76.com\\\/blog\\\/informations-francaises-anne-sophie-lapix-repond-aux-rumeurs-sur-son-depart-du-20-heures-de-france-2-france\\\/\"]}]},{\"@type\":\"ImageObject\",\"inLanguage\":\"fr-FR\",\"@id\":\"https:\\\/\\\/www.cc3rivieres76.com\\\/blog\\\/informations-francaises-anne-sophie-lapix-repond-aux-rumeurs-sur-son-depart-du-20-heures-de-france-2-france\\\/#primaryimage\",\"url\":\"https:\\\/\\\/www.site.cdcl.xyz\\\/wp-content\\\/uploads\\\/2024\\\/10\\\/Actus-nationales-Presidentielle-americaine-Kamala-Harris-hausse-le-ton-face.svg.svg+xml\",\"contentUrl\":\"https:\\\/\\\/www.site.cdcl.xyz\\\/wp-content\\\/uploads\\\/2024\\\/10\\\/Actus-nationales-Presidentielle-americaine-Kamala-Harris-hausse-le-ton-face.svg.svg+xml\"},{\"@type\":\"BreadcrumbList\",\"@id\":\"https:\\\/\\\/www.cc3rivieres76.com\\\/blog\\\/informations-francaises-anne-sophie-lapix-repond-aux-rumeurs-sur-son-depart-du-20-heures-de-france-2-france\\\/#breadcrumb\",\"itemListElement\":[{\"@type\":\"ListItem\",\"position\":1,\"name\":\"Accueil\",\"item\":\"https:\\\/\\\/www.cc3rivieres76.com\\\/blog\\\/\"},{\"@type\":\"ListItem\",\"position\":2,\"name\":\"Informations fran\u00e7aises: Anne-Sophie Lapix r\u00e9pond aux rumeurs sur son d\u00e9part du 20\u00a0heures de France 2 #France\"}]},{\"@type\":\"WebSite\",\"@id\":\"https:\\\/\\\/www.cc3rivieres76.com\\\/blog\\\/#website\",\"url\":\"https:\\\/\\\/www.cc3rivieres76.com\\\/blog\\\/\",\"name\":\"CC3RIVIERES76\",\"description\":\"Les 3 rivi\u00e8res dans la Somme.\",\"publisher\":{\"@id\":\"https:\\\/\\\/www.cc3rivieres76.com\\\/blog\\\/#organization\"},\"potentialAction\":[{\"@type\":\"SearchAction\",\"target\":{\"@type\":\"EntryPoint\",\"urlTemplate\":\"https:\\\/\\\/www.cc3rivieres76.com\\\/blog\\\/?s={search_term_string}\"},\"query-input\":{\"@type\":\"PropertyValueSpecification\",\"valueRequired\":true,\"valueName\":\"search_term_string\"}}],\"inLanguage\":\"fr-FR\"},{\"@type\":\"Organization\",\"@id\":\"https:\\\/\\\/www.cc3rivieres76.com\\\/blog\\\/#organization\",\"name\":\"cc3rivieres76\",\"url\":\"https:\\\/\\\/www.cc3rivieres76.com\\\/blog\\\/\",\"logo\":{\"@type\":\"ImageObject\",\"inLanguage\":\"fr-FR\",\"@id\":\"https:\\\/\\\/www.cc3rivieres76.com\\\/blog\\\/#\\\/schema\\\/logo\\\/image\\\/\",\"url\":\"https:\\\/\\\/www.cc3rivieres76.com\\\/blog\\\/wp-content\\\/uploads\\\/2023\\\/06\\\/logo-2.png\",\"contentUrl\":\"https:\\\/\\\/www.cc3rivieres76.com\\\/blog\\\/wp-content\\\/uploads\\\/2023\\\/06\\\/logo-2.png\",\"width\":390,\"height\":388,\"caption\":\"cc3rivieres76\"},\"image\":{\"@id\":\"https:\\\/\\\/www.cc3rivieres76.com\\\/blog\\\/#\\\/schema\\\/logo\\\/image\\\/\"}},{\"@type\":\"Person\",\"@id\":\"https:\\\/\\\/www.cc3rivieres76.com\\\/blog\\\/#\\\/schema\\\/person\\\/474d457fb7747b5218f39792dfaa5a1c\",\"name\":\"Sylvie DE LAUZAINGHEIN\",\"image\":{\"@type\":\"ImageObject\",\"inLanguage\":\"fr-FR\",\"@id\":\"https:\\\/\\\/secure.gravatar.com\\\/avatar\\\/9c6a53b19e0a3431aa80de0895b9729fe665cd7e7d6cc94fc11abb152f4237d7?s=96&d=mm&r=g\",\"url\":\"https:\\\/\\\/secure.gravatar.com\\\/avatar\\\/9c6a53b19e0a3431aa80de0895b9729fe665cd7e7d6cc94fc11abb152f4237d7?s=96&d=mm&r=g\",\"contentUrl\":\"https:\\\/\\\/secure.gravatar.com\\\/avatar\\\/9c6a53b19e0a3431aa80de0895b9729fe665cd7e7d6cc94fc11abb152f4237d7?s=96&d=mm&r=g\",\"caption\":\"Sylvie DE LAUZAINGHEIN\"},\"url\":\"https:\\\/\\\/www.cc3rivieres76.com\\\/blog\\\/author\\\/s76sylvie\\\/\"}]}<\/script>\n<!-- \/ Yoast SEO plugin. -->","yoast_head_json":{"title":"Informations fran\u00e7aises: Anne-Sophie Lapix r\u00e9pond aux rumeurs sur son d\u00e9part du 20\u00a0heures de France 2 #France - CC3RIVIERES76","robots":{"index":"index","follow":"follow","max-snippet":"max-snippet:-1","max-image-preview":"max-image-preview:large","max-video-preview":"max-video-preview:-1"},"canonical":"https:\/\/www.cc3rivieres76.com\/blog\/informations-francaises-anne-sophie-lapix-repond-aux-rumeurs-sur-son-depart-du-20-heures-de-france-2-france\/","og_locale":"fr_FR","og_type":"article","og_title":"Informations fran\u00e7aises: Anne-Sophie Lapix r\u00e9pond aux rumeurs sur son d\u00e9part du 20\u00a0heures de France 2 #France - CC3RIVIERES76","og_description":"Voil\u00e0 qui va vous convenir : Un nouvel encart que notre \u00e9quipe vient de trouver sur le web et que nous vous produisons ci-dessous. Le th\u00e8me est \u00ab&nbsp;Actualit\u00e9 fran\u00e7aise&nbsp;\u00bb. L\u2019article suivant a \u00e9t\u00e9 publi\u00e9 par Le Point \u2013 Toute l&rsquo;info en continu Signature . Date et heure de la r\u00e9ception de la d\u00e9p\u00e9che sur notre &hellip; Continuer la lecture \u00ab\u00a0Informations fran\u00e7aises: Anne-Sophie Lapix r\u00e9pond aux rumeurs sur son d\u00e9part du 20\u00a0heures de France 2 #France\u00a0\u00bb","og_url":"https:\/\/www.cc3rivieres76.com\/blog\/informations-francaises-anne-sophie-lapix-repond-aux-rumeurs-sur-son-depart-du-20-heures-de-france-2-france\/","og_site_name":"CC3RIVIERES76","article_published_time":"2025-05-24T11:46:00+00:00","og_image":[{"url":"https:\/\/www.site.cdcl.xyz\/wp-content\/uploads\/2024\/10\/Actus-nationales-Presidentielle-americaine-Kamala-Harris-hausse-le-ton-face.svg.svg+xml","type":"","width":"","height":""}],"author":"Sylvie DE LAUZAINGHEIN","twitter_card":"summary_large_image","twitter_misc":{"\u00c9crit par":"Sylvie DE LAUZAINGHEIN","Dur\u00e9e de lecture estim\u00e9e":"4 minutes"},"schema":{"@context":"https:\/\/schema.org","@graph":[{"@type":"Article","@id":"https:\/\/www.cc3rivieres76.com\/blog\/informations-francaises-anne-sophie-lapix-repond-aux-rumeurs-sur-son-depart-du-20-heures-de-france-2-france\/#article","isPartOf":{"@id":"https:\/\/www.cc3rivieres76.com\/blog\/informations-francaises-anne-sophie-lapix-repond-aux-rumeurs-sur-son-depart-du-20-heures-de-france-2-france\/"},"author":{"name":"Sylvie DE LAUZAINGHEIN","@id":"https:\/\/www.cc3rivieres76.com\/blog\/#\/schema\/person\/474d457fb7747b5218f39792dfaa5a1c"},"headline":"Informations fran\u00e7aises: Anne-Sophie Lapix r\u00e9pond aux rumeurs sur son d\u00e9part du 20\u00a0heures de France 2 #France","datePublished":"2025-05-24T11:46:00+00:00","mainEntityOfPage":{"@id":"https:\/\/www.cc3rivieres76.com\/blog\/informations-francaises-anne-sophie-lapix-repond-aux-rumeurs-sur-son-depart-du-20-heures-de-france-2-france\/"},"wordCount":890,"publisher":{"@id":"https:\/\/www.cc3rivieres76.com\/blog\/#organization"},"image":{"@id":"https:\/\/www.cc3rivieres76.com\/blog\/informations-francaises-anne-sophie-lapix-repond-aux-rumeurs-sur-son-depart-du-20-heures-de-france-2-france\/#primaryimage"},"thumbnailUrl":"https:\/\/www.site.cdcl.xyz\/wp-content\/uploads\/2024\/10\/Actus-nationales-Presidentielle-americaine-Kamala-Harris-hausse-le-ton-face.svg.svg+xml","articleSection":["Les 3 Rivi\u00e8res Dans La Somme:"],"inLanguage":"fr-FR"},{"@type":"WebPage","@id":"https:\/\/www.cc3rivieres76.com\/blog\/informations-francaises-anne-sophie-lapix-repond-aux-rumeurs-sur-son-depart-du-20-heures-de-france-2-france\/","url":"https:\/\/www.cc3rivieres76.com\/blog\/informations-francaises-anne-sophie-lapix-repond-aux-rumeurs-sur-son-depart-du-20-heures-de-france-2-france\/","name":"Informations fran\u00e7aises: Anne-Sophie Lapix r\u00e9pond aux rumeurs sur son d\u00e9part du 20\u00a0heures de France 2 #France - CC3RIVIERES76","isPartOf":{"@id":"https:\/\/www.cc3rivieres76.com\/blog\/#website"},"primaryImageOfPage":{"@id":"https:\/\/www.cc3rivieres76.com\/blog\/informations-francaises-anne-sophie-lapix-repond-aux-rumeurs-sur-son-depart-du-20-heures-de-france-2-france\/#primaryimage"},"image":{"@id":"https:\/\/www.cc3rivieres76.com\/blog\/informations-francaises-anne-sophie-lapix-repond-aux-rumeurs-sur-son-depart-du-20-heures-de-france-2-france\/#primaryimage"},"thumbnailUrl":"https:\/\/www.site.cdcl.xyz\/wp-content\/uploads\/2024\/10\/Actus-nationales-Presidentielle-americaine-Kamala-Harris-hausse-le-ton-face.svg.svg+xml","datePublished":"2025-05-24T11:46:00+00:00","breadcrumb":{"@id":"https:\/\/www.cc3rivieres76.com\/blog\/informations-francaises-anne-sophie-lapix-repond-aux-rumeurs-sur-son-depart-du-20-heures-de-france-2-france\/#breadcrumb"},"inLanguage":"fr-FR","potentialAction":[{"@type":"ReadAction","target":["https:\/\/www.cc3rivieres76.com\/blog\/informations-francaises-anne-sophie-lapix-repond-aux-rumeurs-sur-son-depart-du-20-heures-de-france-2-france\/"]}]},{"@type":"ImageObject","inLanguage":"fr-FR","@id":"https:\/\/www.cc3rivieres76.com\/blog\/informations-francaises-anne-sophie-lapix-repond-aux-rumeurs-sur-son-depart-du-20-heures-de-france-2-france\/#primaryimage","url":"https:\/\/www.site.cdcl.xyz\/wp-content\/uploads\/2024\/10\/Actus-nationales-Presidentielle-americaine-Kamala-Harris-hausse-le-ton-face.svg.svg+xml","contentUrl":"https:\/\/www.site.cdcl.xyz\/wp-content\/uploads\/2024\/10\/Actus-nationales-Presidentielle-americaine-Kamala-Harris-hausse-le-ton-face.svg.svg+xml"},{"@type":"BreadcrumbList","@id":"https:\/\/www.cc3rivieres76.com\/blog\/informations-francaises-anne-sophie-lapix-repond-aux-rumeurs-sur-son-depart-du-20-heures-de-france-2-france\/#breadcrumb","itemListElement":[{"@type":"ListItem","position":1,"name":"Accueil","item":"https:\/\/www.cc3rivieres76.com\/blog\/"},{"@type":"ListItem","position":2,"name":"Informations fran\u00e7aises: Anne-Sophie Lapix r\u00e9pond aux rumeurs sur son d\u00e9part du 20\u00a0heures de France 2 #France"}]},{"@type":"WebSite","@id":"https:\/\/www.cc3rivieres76.com\/blog\/#website","url":"https:\/\/www.cc3rivieres76.com\/blog\/","name":"CC3RIVIERES76","description":"Les 3 rivi\u00e8res dans la Somme.","publisher":{"@id":"https:\/\/www.cc3rivieres76.com\/blog\/#organization"},"potentialAction":[{"@type":"SearchAction","target":{"@type":"EntryPoint","urlTemplate":"https:\/\/www.cc3rivieres76.com\/blog\/?s={search_term_string}"},"query-input":{"@type":"PropertyValueSpecification","valueRequired":true,"valueName":"search_term_string"}}],"inLanguage":"fr-FR"},{"@type":"Organization","@id":"https:\/\/www.cc3rivieres76.com\/blog\/#organization","name":"cc3rivieres76","url":"https:\/\/www.cc3rivieres76.com\/blog\/","logo":{"@type":"ImageObject","inLanguage":"fr-FR","@id":"https:\/\/www.cc3rivieres76.com\/blog\/#\/schema\/logo\/image\/","url":"https:\/\/www.cc3rivieres76.com\/blog\/wp-content\/uploads\/2023\/06\/logo-2.png","contentUrl":"https:\/\/www.cc3rivieres76.com\/blog\/wp-content\/uploads\/2023\/06\/logo-2.png","width":390,"height":388,"caption":"cc3rivieres76"},"image":{"@id":"https:\/\/www.cc3rivieres76.com\/blog\/#\/schema\/logo\/image\/"}},{"@type":"Person","@id":"https:\/\/www.cc3rivieres76.com\/blog\/#\/schema\/person\/474d457fb7747b5218f39792dfaa5a1c","name":"Sylvie DE LAUZAINGHEIN","image":{"@type":"ImageObject","inLanguage":"fr-FR","@id":"https:\/\/secure.gravatar.com\/avatar\/9c6a53b19e0a3431aa80de0895b9729fe665cd7e7d6cc94fc11abb152f4237d7?s=96&d=mm&r=g","url":"https:\/\/secure.gravatar.com\/avatar\/9c6a53b19e0a3431aa80de0895b9729fe665cd7e7d6cc94fc11abb152f4237d7?s=96&d=mm&r=g","contentUrl":"https:\/\/secure.gravatar.com\/avatar\/9c6a53b19e0a3431aa80de0895b9729fe665cd7e7d6cc94fc11abb152f4237d7?s=96&d=mm&r=g","caption":"Sylvie DE LAUZAINGHEIN"},"url":"https:\/\/www.cc3rivieres76.com\/blog\/author\/s76sylvie\/"}]}},"_links":{"self":[{"href":"https:\/\/www.cc3rivieres76.com\/blog\/wp-json\/wp\/v2\/posts\/709","targetHints":{"allow":["GET"]}}],"collection":[{"href":"https:\/\/www.cc3rivieres76.com\/blog\/wp-json\/wp\/v2\/posts"}],"about":[{"href":"https:\/\/www.cc3rivieres76.com\/blog\/wp-json\/wp\/v2\/types\/post"}],"author":[{"embeddable":true,"href":"https:\/\/www.cc3rivieres76.com\/blog\/wp-json\/wp\/v2\/users\/3"}],"replies":[{"embeddable":true,"href":"https:\/\/www.cc3rivieres76.com\/blog\/wp-json\/wp\/v2\/comments?post=709"}],"version-history":[{"count":0,"href":"https:\/\/www.cc3rivieres76.com\/blog\/wp-json\/wp\/v2\/posts\/709\/revisions"}],"wp:attachment":[{"href":"https:\/\/www.cc3rivieres76.com\/blog\/wp-json\/wp\/v2\/media?parent=709"}],"wp:term":[{"taxonomy":"category","embeddable":true,"href":"https:\/\/www.cc3rivieres76.com\/blog\/wp-json\/wp\/v2\/categories?post=709"},{"taxonomy":"post_tag","embeddable":true,"href":"https:\/\/www.cc3rivieres76.com\/blog\/wp-json\/wp\/v2\/tags?post=709"}],"curies":[{"name":"wp","href":"https:\/\/api.w.org\/{rel}","templated":true}]}}