{"id":714,"date":"2025-06-02T23:01:00","date_gmt":"2025-06-02T21:01:00","guid":{"rendered":"https:\/\/www.site.cdcl.xyz\/2025\/06\/02\/le-parc-du-fauconnier-va-etre-inaugure-ce-mardi\/"},"modified":"2025-06-02T23:01:00","modified_gmt":"2025-06-02T21:01:00","slug":"le-parc-du-fauconnier-va-etre-inaugure-ce-mardi","status":"publish","type":"post","link":"https:\/\/www.cc3rivieres76.com\/blog\/le-parc-du-fauconnier-va-etre-inaugure-ce-mardi\/","title":{"rendered":"Le parc du Fauconnier va \u00eatre inaugur\u00e9 ce mardi"},"content":{"rendered":"<br \/>\n<h2>\nLe titre mentionn\u00e9 dans cet article : Le parc du Fauconnier va \u00eatre inaugur\u00e9 ce mardi<br \/>\n<\/h2>\n<div> <!-- Pub DFP Position (outstream) --><\/p>\n<p>Instaur\u00e9es depuis plusieurs ann\u00e9es, les r\u00e9unions de quartier permettent aux habitants et aux \u00e9lus d\u2019\u00e9changer sur les probl\u00e8mes rencontr\u00e9s dans la vie quotidienne et sur des besoins sp\u00e9cifiques de chaque secteur du territoire communal. Ces rencontres seront les derni\u00e8res avant l\u2019\u00e9ch\u00e9ance des \u00e9lections municipales de mars 2026.<\/p>\n<p>L\u2019occasion, sans doute, pour le maire, \u00c9tienne Malachanne, et les conseillers municipaux qui l\u2019accompagneront d\u2019\u00e9voquer le bilan de leur mandat tout en faisant le point sur les chantiers en cours et \u00e0 venir.<\/p>\n<p>Dans le cadre de la politique de proximit\u00e9 et bien vivre ensemble, qui leur tient \u00e0 c\u0153ur, ils ne manqueront pas d\u2019aborder des sujets, tels que l\u2019entretien des voiries, la s\u00e9curit\u00e9 et la vid\u00e9o protection, la propret\u00e9, les exc\u00e8s de vitesse, les d\u00e9p\u00f4ts sauvages, les espaces publics, etc. Source pr\u00e9cieuse pour am\u00e9liorer l\u2019action municipale, ces retours de terrain et les diverses requ\u00eates pourront leur \u00eatre adress\u00e9s lors des r\u00e9unions qui se d\u00e9rouleront tout au long du mois de juin, \u00e0 18 heures (annulation en cas de pluie).<\/p>\n<h2 class=\"txt-int\"><b>Quatre autres r\u00e9unions de quartier pr\u00e9vues en juin<\/b><\/h2>\n<p>Cependant, une nouveaut\u00e9 est annonc\u00e9e, \u00e0 savoir que, contrairement aux ann\u00e9es pr\u00e9c\u00e9dentes, les riverains ne seront pas avertis par annonce gliss\u00e9e dans leurs bo\u00eetes aux lettres, ils pourront ainsi assister \u00e0 la r\u00e9union de leur choix le mardi ou le jeudi. Le premier rendez-vous est fix\u00e9 \u00e0 ce mardi 3 juin au parc du Fauconnier (La Crois\u00e9e). La r\u00e9union sera suivie par l\u2019inauguration du jardin public qui portera le nom de Mme Chabalier, la g\u00e9n\u00e9reuse donatrice ayant permis la r\u00e9alisation des travaux d\u2019am\u00e9nagement.<\/p>\n<p>Les autres r\u00e9unions de quartier sont pr\u00e9vues jeudi 5 \u00e0 la Boucle des Ugranasses, mardi 10 au jardin public des Isnards, jeudi 12 au Foyer de vie l\u2019Oustalado et jeudi 19 juin sur la placette de Cauvas.<\/p>\n<p>Correspondante Midi Libre : 04 66 85 67 07<\/p>\n<\/div>\n<p>.\n<\/p>\n<h2>Les mesures essentielles pour endiguer le ph\u00e9nom\u00e8ne des d\u00e9charges ill\u00e9gales<\/h2>\n<h3>Les meilleures strat\u00e9gies pour pr\u00e9venir et sensibiliser contre les d\u00e9charges sauvages<\/h3>\n<p>Pour freiner l\u2019expansion des d\u00e9charges sauvages, une combinaison de mesures est indispensable. La sensibilisation des citoyens est un levier important pour leur faire comprendre les risques environnementaux et sanitaires li\u00e9s \u00e0 l\u2019abandon des d\u00e9chets. Il est aussi primordial de renforcer les contr\u00f4les et les sanctions pour dissuader les contrevenants. L\u2019extension des horaires des d\u00e9chetteries et l\u2019installation de points de collecte mobiles favoriseraient un tri des d\u00e9chets plus efficace et une gestion plus responsable.<\/p>\n<h3>Les bonnes pratiques locales et r\u00e9gionales pour lutter contre les d\u00e9p\u00f4ts sauvages de d\u00e9chets<\/h3>\n<p>Plusieurs villes ont adopt\u00e9 des solutions innovantes pour r\u00e9pondre \u00e0 la probl\u00e9matique des d\u00e9charges sauvages. Des plateformes telles que \u00ab&nbsp;Je Signale&nbsp;\u00bb permettent aux citoyens de signaler les d\u00e9p\u00f4ts ill\u00e9gaux afin de faciliter leur prise en charge par les autorit\u00e9s. Les brigades environnementales municipales assurent \u00e9galement une surveillance constante et verbalisent les contrevenants. Par ailleurs, des projets de recyclage participatif sont mis en place pour encourager un meilleur tri et une gestion durable des d\u00e9chets. Pour un signalement rapide et efficace, <a href=\"https:\/\/www.applijesignale.fr\/\" rel=\"noopener noreferrer \" target=\"_blank\">AppliJeSignale.fr <\/a>est la plateforme parfaite pour aider \u00e0 lutter contre l\u2019abandon des d\u00e9chets sauvages.<\/p>\n<h3>Sensibiliser au recyclage et \u00e0 la gestion responsable des d\u00e9chets<\/h3>\n<p>Pour \u00e9viter l\u2019abandon des d\u00e9chets, il est crucial d\u2019encourager une gestion des d\u00e9chets plus responsable et durable. Le tri s\u00e9lectif et la valorisation \u00e9nerg\u00e9tique aident \u00e0 r\u00e9duire le volume des d\u00e9chets enfouis, limitant ainsi leur impact sur l\u2019environnement. L\u2019usage de mat\u00e9riaux recyclables est \u00e9galement une strat\u00e9gie efficace pour r\u00e9duire la production de d\u00e9chets d\u00e8s leur origine. De plus, soutenir les fili\u00e8res de r\u00e9emploi, comme les ressourceries et les associations de r\u00e9cup\u00e9ration, favorise la r\u00e9utilisation des objets et soutient une \u00e9conomie circulaire respectueuse de l\u2019environnement.<\/p>\n<h2>Comment les d\u00e9charges ill\u00e9gales affectent notre environnement ?<\/h2>\n<h3>Le ph\u00e9nom\u00e8ne des d\u00e9charges sauvages en France : une analyse approfondie<\/h3>\n<p>En France, les d\u00e9charges sauvages repr\u00e9sentent un d\u00e9fi majeur \u00e0 la fois pour l\u2019environnement et pour les finances publiques. Chaque ann\u00e9e, des millions de tonnes de d\u00e9chets sont abandonn\u00e9s ill\u00e9galement, entra\u00eenant des co\u00fbts \u00e9lev\u00e9s pour les collectivit\u00e9s locales. L\u2019ADEME rapporte que plus de 100 000 sites sont touch\u00e9s, tant en milieu urbain qu\u2019en milieu rural, avec des d\u00e9p\u00f4ts identifi\u00e9s pr\u00e8s des routes et dans les zones bois\u00e9es.<\/p>\n<h3>Les causes principales des d\u00e9charges sauvages de d\u00e9chets<\/h3>\n<p>La prolif\u00e9ration des d\u00e9charges sauvages r\u00e9sulte de multiples facteurs. Parmi eux, le co\u00fbt des services de collecte incite des particuliers et des professionnels \u00e0 se d\u00e9barrasser de leurs d\u00e9chets en les abandonnant, pour ne pas avoir \u00e0 payer pour leur traitement. Le manque de structures adapt\u00e9es dans les zones rurales complique la gestion des d\u00e9chets, tout comme le d\u00e9ficit de sensibilisation aux risques environnementaux. Enfin, l\u2019inefficacit\u00e9 des contr\u00f4les et des sanctions explique pourquoi ces infractions se multiplient.<\/p>\n<h3>Une d\u00e9charge sauvage : d\u00e9finition et points \u00e0 conna\u00eetre<\/h3>\n<p>Une d\u00e9charge sauvage d\u00e9signe un d\u00e9p\u00f4t ill\u00e9gal de d\u00e9chets effectu\u00e9 dans des endroits non pr\u00e9vus \u00e0 cet effet, comme les bords de routes ou des terrains priv\u00e9s. Ces lieux \u00e9chappent \u00e0 tout contr\u00f4le, engendrant une pollution des sols et des nappes phr\u00e9atiques. Les d\u00e9chets abandonn\u00e9s peuvent \u00eatre des ordures m\u00e9nag\u00e8res, des gravats, des d\u00e9chets du BTP ou des substances toxiques.<\/p>\n<h2>La Gestion des D\u00e9chets : Un D\u00e9fi pour la Protection de la Plan\u00e8te et de la Sant\u00e9<\/h2>\n<p>Pour contrer l\u2019essor des d\u00e9charges sauvages, une mobilisation collective est indispensable. Par des actions de sensibilisation, un renforcement l\u00e9gislatif et des solutions adapt\u00e9es sur le terrain, nous pouvons lutter contre cette pratique nuisible. Chaque geste de tri, de signalement ou de recyclage fait la diff\u00e9rence.<\/p>\n<h2>L\u2019arsenal juridique face aux d\u00e9charges sauvages et leurs sanctions<\/h2>\n<h3>Le r\u00f4le des autorit\u00e9s locales dans la lutte contre les d\u00e9p\u00f4ts sauvages<\/h3>\n<p>Les maires et les pr\u00e9fets, en tant que repr\u00e9sentants des collectivit\u00e9s locales, ont le pouvoir d\u2019imposer des sanctions aux contrevenants et d\u2019organiser la collecte des d\u00e9chets abandonn\u00e9s. En outre, ils peuvent obliger les responsables \u00e0 nettoyer les sites concern\u00e9s sous peine de sanctions administratives.<\/p>\n<h3>D\u00e9tails des peines et amendes pr\u00e9vues par la loi contre les d\u00e9charges sauvages<\/h3>\n<p>Les peines encourues pour un d\u00e9p\u00f4t ill\u00e9gal de d\u00e9chets sont tr\u00e8s s\u00e9v\u00e8res. Si des d\u00e9chets dangereux sont abandonn\u00e9s en grande quantit\u00e9, les responsables peuvent se voir infliger une amende de 75 000 \u20ac et une peine de prison de deux ans. Pour les d\u00e9p\u00f4ts moins importants, comme jeter des d\u00e9chets sur la voie publique, l\u2019amende peut atteindre 1 500 \u20ac. En outre, les v\u00e9hicules utilis\u00e9s pour ces d\u00e9p\u00f4ts ill\u00e9gaux risquent d\u2019\u00eatre saisis. En cas de r\u00e9cidive, ces sanctions sont durcies pour \u00e9viter que de telles pratiques ne se reproduisent.<\/p>\n<h3>Pr\u00e9sentation des lois r\u00e9gissant les d\u00e9charges sauvages<\/h3>\n<p>Le Code de l\u2019environnement, dans son article L.541-3, r\u00e9git strictement l\u2019abandon de d\u00e9chets. Toute personne physique ou morale impliqu\u00e9e dans un tel acte peut \u00eatre poursuivie en raison de son impact n\u00e9gatif sur l\u2019environnement.<\/p>\n<h2>Les effets sur la sant\u00e9 et l\u2019environnement des d\u00e9p\u00f4ts ill\u00e9gaux de d\u00e9chets<\/h2>\n<h3>Comprendre comment les d\u00e9charges sauvages affectent la biodiversit\u00e9 et les \u00e9cosyst\u00e8mes<\/h3>\n<p>Les d\u00e9p\u00f4ts sauvages de d\u00e9chets causent des ravages dans l\u2019\u00e9cosyst\u00e8me local. Plastiques et m\u00e9taux polluent enti\u00e8rement les sols et les nappes phr\u00e9atiques, et les d\u00e9chets toxiques tels que les solvants, piles et batteries empoisonnent les animaux et les v\u00e9g\u00e9taux. En outre, ces d\u00e9charges sont des foyers propices \u00e0 la prolif\u00e9ration de nuisibles comme les rats et les insectes, mena\u00e7ant ainsi les \u00e9quilibres naturels.<\/p>\n<h3>Examiner les cons\u00e9quences sanitaires des d\u00e9charges ill\u00e9gales<\/h3>\n<p>L\u2019exposition aux d\u00e9charges sauvages engendre des risques importants pour la sant\u00e9 publique. Les eaux stagnantes provenant de ces d\u00e9p\u00f4ts ill\u00e9gaux deviennent un terrain fertile pour les bact\u00e9ries et virus, favorisant ainsi la propagation de maladies. De plus, la pollution de l\u2019air et de l\u2019eau devient un enjeu majeur, les substances toxiques des d\u00e9chets s\u2019infiltrant dans le sol et contaminant les nappes phr\u00e9atiques utilis\u00e9es pour l\u2019eau potable. \u00c0 cela s\u2019ajoute le danger d\u2019incendies, caus\u00e9 par les d\u00e9chets inflammables comme les solvants et les huiles, susceptibles de provoquer des feux de grande ampleur.<\/p>\n<h3>Les d\u00e9charges ill\u00e9gales et leurs cons\u00e9quences sur le climat et l\u2019efficacit\u00e9 \u00e9nerg\u00e9tique<\/h3>\n<p>L\u2019abandon de d\u00e9chets g\u00e9n\u00e8re du m\u00e9thane, un gaz qui, compar\u00e9 au CO\u2082, a un pouvoir de r\u00e9chauffement climatique 25 fois plus important. De plus, l\u2019absence de tri et de recyclage provoque un gaspillage de ressources pr\u00e9cieuses, alors que la valorisation des d\u00e9chets pourrait r\u00e9duire la consommation d\u2019\u00e9nergie et les \u00e9missions de gaz \u00e0 effet de serre.\n<\/p>\n<p>\n<br \/><a href=\"http:\/\/www.bing.com\/news\/apiclick.aspx?ref=FexRss&amp;aid=&amp;tid=683e754ad70141a7ba21eb43f5e153d2&amp;url=https%3A%2F%2Fwww.midilibre.fr%2F2025%2F06%2F03%2Fle-parc-du-fauconnier-va-etre-inaugure-ce-mardi-12736823.php&amp;c=12115557807836317743&amp;mkt=fr-fr\">Source link <\/a><\/p>\n<p>#parc #Fauconnier #\u00eatre #inaugur\u00e9 #mardi<\/p>\n<p> Cet article, qui traite du th\u00e8me \u00ab\u00a0Les 3 rivi\u00e8res dans la Somme\u00a0\u00bb, vous est sp\u00e9cialement sugg\u00e9r\u00e9 par cc3rivieres76.com. La chronique est reproduite du mieux possible. Dans le cas o\u00f9 vous souhaitez apporter quelques pr\u00e9cisions concernant le domaine de \u00ab\u00a0Les 3 rivi\u00e8res dans la Somme\u00a0\u00bb vous pouvez solliciter notre r\u00e9daction. La destination de cc3rivieres76.com est de d\u00e9battre de Les 3 rivi\u00e8res dans la Somme dans la transparence en vous apportant la connaissance de tout ce qui est en lien avec ce sujet sur la toile Connectez-vous sur notre site cc3rivieres76.com et nos r\u00e9seaux sociaux dans le but d\u2019\u00eatre inform\u00e9 des futures publications.<\/p>\n","protected":false},"excerpt":{"rendered":"<p>Le titre mentionn\u00e9 dans cet article : Le parc du Fauconnier va \u00eatre inaugur\u00e9 ce mardi Instaur\u00e9es depuis plusieurs ann\u00e9es, les r\u00e9unions de quartier permettent aux habitants et aux \u00e9lus d\u2019\u00e9changer sur les probl\u00e8mes rencontr\u00e9s dans la vie quotidienne et sur des besoins sp\u00e9cifiques de chaque secteur du territoire communal. Ces rencontres seront les derni\u00e8res &hellip; <\/p>\n<p class=\"link-more\"><a href=\"https:\/\/www.cc3rivieres76.com\/blog\/le-parc-du-fauconnier-va-etre-inaugure-ce-mardi\/\" class=\"more-link\">Continuer la lecture <span class=\"screen-reader-text\"> \u00ab\u00a0Le parc du Fauconnier va \u00eatre inaugur\u00e9 ce mardi\u00a0\u00bb<\/span><\/a><\/p>\n","protected":false},"author":3,"featured_media":715,"comment_status":"closed","ping_status":"closed","sticky":false,"template":"","format":"standard","meta":{"footnotes":""},"categories":[2],"tags":[],"class_list":["post-714","post","type-post","status-publish","format-standard","has-post-thumbnail","hentry","category-les-3-rivieres-dans-la-somme","entry"],"yoast_head":"<!-- This site is optimized with the Yoast SEO plugin v27.5 - https:\/\/yoast.com\/product\/yoast-seo-wordpress\/ -->\n<title>Le parc du Fauconnier va \u00eatre inaugur\u00e9 ce mardi - CC3RIVIERES76<\/title>\n<meta name=\"robots\" content=\"index, follow, max-snippet:-1, max-image-preview:large, max-video-preview:-1\" \/>\n<link rel=\"canonical\" href=\"https:\/\/www.cc3rivieres76.com\/blog\/le-parc-du-fauconnier-va-etre-inaugure-ce-mardi\/\" \/>\n<meta property=\"og:locale\" content=\"fr_FR\" \/>\n<meta property=\"og:type\" content=\"article\" \/>\n<meta property=\"og:title\" content=\"Le parc du Fauconnier va \u00eatre inaugur\u00e9 ce mardi - CC3RIVIERES76\" \/>\n<meta property=\"og:description\" content=\"Le titre mentionn\u00e9 dans cet article : Le parc du Fauconnier va \u00eatre inaugur\u00e9 ce mardi Instaur\u00e9es depuis plusieurs ann\u00e9es, les r\u00e9unions de quartier permettent aux habitants et aux \u00e9lus d\u2019\u00e9changer sur les probl\u00e8mes rencontr\u00e9s dans la vie quotidienne et sur des besoins sp\u00e9cifiques de chaque secteur du territoire communal. Ces rencontres seront les derni\u00e8res &hellip; Continuer la lecture \u00ab\u00a0Le parc du Fauconnier va \u00eatre inaugur\u00e9 ce mardi\u00a0\u00bb\" \/>\n<meta property=\"og:url\" content=\"https:\/\/www.cc3rivieres76.com\/blog\/le-parc-du-fauconnier-va-etre-inaugure-ce-mardi\/\" \/>\n<meta property=\"og:site_name\" content=\"CC3RIVIERES76\" \/>\n<meta property=\"article:published_time\" content=\"2025-06-02T21:01:00+00:00\" \/>\n<meta name=\"author\" content=\"Sylvie DE LAUZAINGHEIN\" \/>\n<meta name=\"twitter:card\" content=\"summary_large_image\" \/>\n<meta name=\"twitter:label1\" content=\"\u00c9crit par\" \/>\n\t<meta name=\"twitter:data1\" content=\"Sylvie DE LAUZAINGHEIN\" \/>\n\t<meta name=\"twitter:label2\" content=\"Dur\u00e9e de lecture estim\u00e9e\" \/>\n\t<meta name=\"twitter:data2\" content=\"9 minutes\" \/>\n<script type=\"application\/ld+json\" class=\"yoast-schema-graph\">{\"@context\":\"https:\\\/\\\/schema.org\",\"@graph\":[{\"@type\":\"Article\",\"@id\":\"https:\\\/\\\/www.cc3rivieres76.com\\\/blog\\\/le-parc-du-fauconnier-va-etre-inaugure-ce-mardi\\\/#article\",\"isPartOf\":{\"@id\":\"https:\\\/\\\/www.cc3rivieres76.com\\\/blog\\\/le-parc-du-fauconnier-va-etre-inaugure-ce-mardi\\\/\"},\"author\":{\"name\":\"Sylvie DE LAUZAINGHEIN\",\"@id\":\"https:\\\/\\\/www.cc3rivieres76.com\\\/blog\\\/#\\\/schema\\\/person\\\/474d457fb7747b5218f39792dfaa5a1c\"},\"headline\":\"Le parc du Fauconnier va \u00eatre inaugur\u00e9 ce mardi\",\"datePublished\":\"2025-06-02T21:01:00+00:00\",\"mainEntityOfPage\":{\"@id\":\"https:\\\/\\\/www.cc3rivieres76.com\\\/blog\\\/le-parc-du-fauconnier-va-etre-inaugure-ce-mardi\\\/\"},\"wordCount\":1732,\"publisher\":{\"@id\":\"https:\\\/\\\/www.cc3rivieres76.com\\\/blog\\\/#organization\"},\"image\":{\"@id\":\"https:\\\/\\\/www.cc3rivieres76.com\\\/blog\\\/le-parc-du-fauconnier-va-etre-inaugure-ce-mardi\\\/#primaryimage\"},\"thumbnailUrl\":\"https:\\\/\\\/www.cc3rivieres76.com\\\/blog\\\/wp-content\\\/uploads\\\/2025\\\/06\\\/le-parc-du-fauconnier-va-etre-inaugure-ce-mardi.jpg\",\"articleSection\":[\"Les 3 Rivi\u00e8res Dans La Somme:\"],\"inLanguage\":\"fr-FR\"},{\"@type\":\"WebPage\",\"@id\":\"https:\\\/\\\/www.cc3rivieres76.com\\\/blog\\\/le-parc-du-fauconnier-va-etre-inaugure-ce-mardi\\\/\",\"url\":\"https:\\\/\\\/www.cc3rivieres76.com\\\/blog\\\/le-parc-du-fauconnier-va-etre-inaugure-ce-mardi\\\/\",\"name\":\"Le parc du Fauconnier va \u00eatre inaugur\u00e9 ce mardi - CC3RIVIERES76\",\"isPartOf\":{\"@id\":\"https:\\\/\\\/www.cc3rivieres76.com\\\/blog\\\/#website\"},\"primaryImageOfPage\":{\"@id\":\"https:\\\/\\\/www.cc3rivieres76.com\\\/blog\\\/le-parc-du-fauconnier-va-etre-inaugure-ce-mardi\\\/#primaryimage\"},\"image\":{\"@id\":\"https:\\\/\\\/www.cc3rivieres76.com\\\/blog\\\/le-parc-du-fauconnier-va-etre-inaugure-ce-mardi\\\/#primaryimage\"},\"thumbnailUrl\":\"https:\\\/\\\/www.cc3rivieres76.com\\\/blog\\\/wp-content\\\/uploads\\\/2025\\\/06\\\/le-parc-du-fauconnier-va-etre-inaugure-ce-mardi.jpg\",\"datePublished\":\"2025-06-02T21:01:00+00:00\",\"breadcrumb\":{\"@id\":\"https:\\\/\\\/www.cc3rivieres76.com\\\/blog\\\/le-parc-du-fauconnier-va-etre-inaugure-ce-mardi\\\/#breadcrumb\"},\"inLanguage\":\"fr-FR\",\"potentialAction\":[{\"@type\":\"ReadAction\",\"target\":[\"https:\\\/\\\/www.cc3rivieres76.com\\\/blog\\\/le-parc-du-fauconnier-va-etre-inaugure-ce-mardi\\\/\"]}]},{\"@type\":\"ImageObject\",\"inLanguage\":\"fr-FR\",\"@id\":\"https:\\\/\\\/www.cc3rivieres76.com\\\/blog\\\/le-parc-du-fauconnier-va-etre-inaugure-ce-mardi\\\/#primaryimage\",\"url\":\"https:\\\/\\\/www.cc3rivieres76.com\\\/blog\\\/wp-content\\\/uploads\\\/2025\\\/06\\\/le-parc-du-fauconnier-va-etre-inaugure-ce-mardi.jpg\",\"contentUrl\":\"https:\\\/\\\/www.cc3rivieres76.com\\\/blog\\\/wp-content\\\/uploads\\\/2025\\\/06\\\/le-parc-du-fauconnier-va-etre-inaugure-ce-mardi.jpg\",\"width\":885,\"height\":500,\"caption\":\"Le parc du Fauconnier va \u00eatre inaugur\u00e9 ce mardi\"},{\"@type\":\"BreadcrumbList\",\"@id\":\"https:\\\/\\\/www.cc3rivieres76.com\\\/blog\\\/le-parc-du-fauconnier-va-etre-inaugure-ce-mardi\\\/#breadcrumb\",\"itemListElement\":[{\"@type\":\"ListItem\",\"position\":1,\"name\":\"Accueil\",\"item\":\"https:\\\/\\\/www.cc3rivieres76.com\\\/blog\\\/\"},{\"@type\":\"ListItem\",\"position\":2,\"name\":\"Le parc du Fauconnier va \u00eatre inaugur\u00e9 ce mardi\"}]},{\"@type\":\"WebSite\",\"@id\":\"https:\\\/\\\/www.cc3rivieres76.com\\\/blog\\\/#website\",\"url\":\"https:\\\/\\\/www.cc3rivieres76.com\\\/blog\\\/\",\"name\":\"CC3RIVIERES76\",\"description\":\"Les 3 rivi\u00e8res dans la Somme.\",\"publisher\":{\"@id\":\"https:\\\/\\\/www.cc3rivieres76.com\\\/blog\\\/#organization\"},\"potentialAction\":[{\"@type\":\"SearchAction\",\"target\":{\"@type\":\"EntryPoint\",\"urlTemplate\":\"https:\\\/\\\/www.cc3rivieres76.com\\\/blog\\\/?s={search_term_string}\"},\"query-input\":{\"@type\":\"PropertyValueSpecification\",\"valueRequired\":true,\"valueName\":\"search_term_string\"}}],\"inLanguage\":\"fr-FR\"},{\"@type\":\"Organization\",\"@id\":\"https:\\\/\\\/www.cc3rivieres76.com\\\/blog\\\/#organization\",\"name\":\"cc3rivieres76\",\"url\":\"https:\\\/\\\/www.cc3rivieres76.com\\\/blog\\\/\",\"logo\":{\"@type\":\"ImageObject\",\"inLanguage\":\"fr-FR\",\"@id\":\"https:\\\/\\\/www.cc3rivieres76.com\\\/blog\\\/#\\\/schema\\\/logo\\\/image\\\/\",\"url\":\"https:\\\/\\\/www.cc3rivieres76.com\\\/blog\\\/wp-content\\\/uploads\\\/2023\\\/06\\\/logo-2.png\",\"contentUrl\":\"https:\\\/\\\/www.cc3rivieres76.com\\\/blog\\\/wp-content\\\/uploads\\\/2023\\\/06\\\/logo-2.png\",\"width\":390,\"height\":388,\"caption\":\"cc3rivieres76\"},\"image\":{\"@id\":\"https:\\\/\\\/www.cc3rivieres76.com\\\/blog\\\/#\\\/schema\\\/logo\\\/image\\\/\"}},{\"@type\":\"Person\",\"@id\":\"https:\\\/\\\/www.cc3rivieres76.com\\\/blog\\\/#\\\/schema\\\/person\\\/474d457fb7747b5218f39792dfaa5a1c\",\"name\":\"Sylvie DE LAUZAINGHEIN\",\"image\":{\"@type\":\"ImageObject\",\"inLanguage\":\"fr-FR\",\"@id\":\"https:\\\/\\\/secure.gravatar.com\\\/avatar\\\/9c6a53b19e0a3431aa80de0895b9729fe665cd7e7d6cc94fc11abb152f4237d7?s=96&d=mm&r=g\",\"url\":\"https:\\\/\\\/secure.gravatar.com\\\/avatar\\\/9c6a53b19e0a3431aa80de0895b9729fe665cd7e7d6cc94fc11abb152f4237d7?s=96&d=mm&r=g\",\"contentUrl\":\"https:\\\/\\\/secure.gravatar.com\\\/avatar\\\/9c6a53b19e0a3431aa80de0895b9729fe665cd7e7d6cc94fc11abb152f4237d7?s=96&d=mm&r=g\",\"caption\":\"Sylvie DE LAUZAINGHEIN\"},\"url\":\"https:\\\/\\\/www.cc3rivieres76.com\\\/blog\\\/author\\\/s76sylvie\\\/\"}]}<\/script>\n<!-- \/ Yoast SEO plugin. -->","yoast_head_json":{"title":"Le parc du Fauconnier va \u00eatre inaugur\u00e9 ce mardi - CC3RIVIERES76","robots":{"index":"index","follow":"follow","max-snippet":"max-snippet:-1","max-image-preview":"max-image-preview:large","max-video-preview":"max-video-preview:-1"},"canonical":"https:\/\/www.cc3rivieres76.com\/blog\/le-parc-du-fauconnier-va-etre-inaugure-ce-mardi\/","og_locale":"fr_FR","og_type":"article","og_title":"Le parc du Fauconnier va \u00eatre inaugur\u00e9 ce mardi - CC3RIVIERES76","og_description":"Le titre mentionn\u00e9 dans cet article : Le parc du Fauconnier va \u00eatre inaugur\u00e9 ce mardi Instaur\u00e9es depuis plusieurs ann\u00e9es, les r\u00e9unions de quartier permettent aux habitants et aux \u00e9lus d\u2019\u00e9changer sur les probl\u00e8mes rencontr\u00e9s dans la vie quotidienne et sur des besoins sp\u00e9cifiques de chaque secteur du territoire communal. Ces rencontres seront les derni\u00e8res &hellip; Continuer la lecture \u00ab\u00a0Le parc du Fauconnier va \u00eatre inaugur\u00e9 ce mardi\u00a0\u00bb","og_url":"https:\/\/www.cc3rivieres76.com\/blog\/le-parc-du-fauconnier-va-etre-inaugure-ce-mardi\/","og_site_name":"CC3RIVIERES76","article_published_time":"2025-06-02T21:01:00+00:00","author":"Sylvie DE LAUZAINGHEIN","twitter_card":"summary_large_image","twitter_misc":{"\u00c9crit par":"Sylvie DE LAUZAINGHEIN","Dur\u00e9e de lecture estim\u00e9e":"9 minutes"},"schema":{"@context":"https:\/\/schema.org","@graph":[{"@type":"Article","@id":"https:\/\/www.cc3rivieres76.com\/blog\/le-parc-du-fauconnier-va-etre-inaugure-ce-mardi\/#article","isPartOf":{"@id":"https:\/\/www.cc3rivieres76.com\/blog\/le-parc-du-fauconnier-va-etre-inaugure-ce-mardi\/"},"author":{"name":"Sylvie DE LAUZAINGHEIN","@id":"https:\/\/www.cc3rivieres76.com\/blog\/#\/schema\/person\/474d457fb7747b5218f39792dfaa5a1c"},"headline":"Le parc du Fauconnier va \u00eatre inaugur\u00e9 ce mardi","datePublished":"2025-06-02T21:01:00+00:00","mainEntityOfPage":{"@id":"https:\/\/www.cc3rivieres76.com\/blog\/le-parc-du-fauconnier-va-etre-inaugure-ce-mardi\/"},"wordCount":1732,"publisher":{"@id":"https:\/\/www.cc3rivieres76.com\/blog\/#organization"},"image":{"@id":"https:\/\/www.cc3rivieres76.com\/blog\/le-parc-du-fauconnier-va-etre-inaugure-ce-mardi\/#primaryimage"},"thumbnailUrl":"https:\/\/www.cc3rivieres76.com\/blog\/wp-content\/uploads\/2025\/06\/le-parc-du-fauconnier-va-etre-inaugure-ce-mardi.jpg","articleSection":["Les 3 Rivi\u00e8res Dans La Somme:"],"inLanguage":"fr-FR"},{"@type":"WebPage","@id":"https:\/\/www.cc3rivieres76.com\/blog\/le-parc-du-fauconnier-va-etre-inaugure-ce-mardi\/","url":"https:\/\/www.cc3rivieres76.com\/blog\/le-parc-du-fauconnier-va-etre-inaugure-ce-mardi\/","name":"Le parc du Fauconnier va \u00eatre inaugur\u00e9 ce mardi - CC3RIVIERES76","isPartOf":{"@id":"https:\/\/www.cc3rivieres76.com\/blog\/#website"},"primaryImageOfPage":{"@id":"https:\/\/www.cc3rivieres76.com\/blog\/le-parc-du-fauconnier-va-etre-inaugure-ce-mardi\/#primaryimage"},"image":{"@id":"https:\/\/www.cc3rivieres76.com\/blog\/le-parc-du-fauconnier-va-etre-inaugure-ce-mardi\/#primaryimage"},"thumbnailUrl":"https:\/\/www.cc3rivieres76.com\/blog\/wp-content\/uploads\/2025\/06\/le-parc-du-fauconnier-va-etre-inaugure-ce-mardi.jpg","datePublished":"2025-06-02T21:01:00+00:00","breadcrumb":{"@id":"https:\/\/www.cc3rivieres76.com\/blog\/le-parc-du-fauconnier-va-etre-inaugure-ce-mardi\/#breadcrumb"},"inLanguage":"fr-FR","potentialAction":[{"@type":"ReadAction","target":["https:\/\/www.cc3rivieres76.com\/blog\/le-parc-du-fauconnier-va-etre-inaugure-ce-mardi\/"]}]},{"@type":"ImageObject","inLanguage":"fr-FR","@id":"https:\/\/www.cc3rivieres76.com\/blog\/le-parc-du-fauconnier-va-etre-inaugure-ce-mardi\/#primaryimage","url":"https:\/\/www.cc3rivieres76.com\/blog\/wp-content\/uploads\/2025\/06\/le-parc-du-fauconnier-va-etre-inaugure-ce-mardi.jpg","contentUrl":"https:\/\/www.cc3rivieres76.com\/blog\/wp-content\/uploads\/2025\/06\/le-parc-du-fauconnier-va-etre-inaugure-ce-mardi.jpg","width":885,"height":500,"caption":"Le parc du Fauconnier va \u00eatre inaugur\u00e9 ce mardi"},{"@type":"BreadcrumbList","@id":"https:\/\/www.cc3rivieres76.com\/blog\/le-parc-du-fauconnier-va-etre-inaugure-ce-mardi\/#breadcrumb","itemListElement":[{"@type":"ListItem","position":1,"name":"Accueil","item":"https:\/\/www.cc3rivieres76.com\/blog\/"},{"@type":"ListItem","position":2,"name":"Le parc du Fauconnier va \u00eatre inaugur\u00e9 ce mardi"}]},{"@type":"WebSite","@id":"https:\/\/www.cc3rivieres76.com\/blog\/#website","url":"https:\/\/www.cc3rivieres76.com\/blog\/","name":"CC3RIVIERES76","description":"Les 3 rivi\u00e8res dans la Somme.","publisher":{"@id":"https:\/\/www.cc3rivieres76.com\/blog\/#organization"},"potentialAction":[{"@type":"SearchAction","target":{"@type":"EntryPoint","urlTemplate":"https:\/\/www.cc3rivieres76.com\/blog\/?s={search_term_string}"},"query-input":{"@type":"PropertyValueSpecification","valueRequired":true,"valueName":"search_term_string"}}],"inLanguage":"fr-FR"},{"@type":"Organization","@id":"https:\/\/www.cc3rivieres76.com\/blog\/#organization","name":"cc3rivieres76","url":"https:\/\/www.cc3rivieres76.com\/blog\/","logo":{"@type":"ImageObject","inLanguage":"fr-FR","@id":"https:\/\/www.cc3rivieres76.com\/blog\/#\/schema\/logo\/image\/","url":"https:\/\/www.cc3rivieres76.com\/blog\/wp-content\/uploads\/2023\/06\/logo-2.png","contentUrl":"https:\/\/www.cc3rivieres76.com\/blog\/wp-content\/uploads\/2023\/06\/logo-2.png","width":390,"height":388,"caption":"cc3rivieres76"},"image":{"@id":"https:\/\/www.cc3rivieres76.com\/blog\/#\/schema\/logo\/image\/"}},{"@type":"Person","@id":"https:\/\/www.cc3rivieres76.com\/blog\/#\/schema\/person\/474d457fb7747b5218f39792dfaa5a1c","name":"Sylvie DE LAUZAINGHEIN","image":{"@type":"ImageObject","inLanguage":"fr-FR","@id":"https:\/\/secure.gravatar.com\/avatar\/9c6a53b19e0a3431aa80de0895b9729fe665cd7e7d6cc94fc11abb152f4237d7?s=96&d=mm&r=g","url":"https:\/\/secure.gravatar.com\/avatar\/9c6a53b19e0a3431aa80de0895b9729fe665cd7e7d6cc94fc11abb152f4237d7?s=96&d=mm&r=g","contentUrl":"https:\/\/secure.gravatar.com\/avatar\/9c6a53b19e0a3431aa80de0895b9729fe665cd7e7d6cc94fc11abb152f4237d7?s=96&d=mm&r=g","caption":"Sylvie DE LAUZAINGHEIN"},"url":"https:\/\/www.cc3rivieres76.com\/blog\/author\/s76sylvie\/"}]}},"_links":{"self":[{"href":"https:\/\/www.cc3rivieres76.com\/blog\/wp-json\/wp\/v2\/posts\/714","targetHints":{"allow":["GET"]}}],"collection":[{"href":"https:\/\/www.cc3rivieres76.com\/blog\/wp-json\/wp\/v2\/posts"}],"about":[{"href":"https:\/\/www.cc3rivieres76.com\/blog\/wp-json\/wp\/v2\/types\/post"}],"author":[{"embeddable":true,"href":"https:\/\/www.cc3rivieres76.com\/blog\/wp-json\/wp\/v2\/users\/3"}],"replies":[{"embeddable":true,"href":"https:\/\/www.cc3rivieres76.com\/blog\/wp-json\/wp\/v2\/comments?post=714"}],"version-history":[{"count":0,"href":"https:\/\/www.cc3rivieres76.com\/blog\/wp-json\/wp\/v2\/posts\/714\/revisions"}],"wp:featuredmedia":[{"embeddable":true,"href":"https:\/\/www.cc3rivieres76.com\/blog\/wp-json\/wp\/v2\/media\/715"}],"wp:attachment":[{"href":"https:\/\/www.cc3rivieres76.com\/blog\/wp-json\/wp\/v2\/media?parent=714"}],"wp:term":[{"taxonomy":"category","embeddable":true,"href":"https:\/\/www.cc3rivieres76.com\/blog\/wp-json\/wp\/v2\/categories?post=714"},{"taxonomy":"post_tag","embeddable":true,"href":"https:\/\/www.cc3rivieres76.com\/blog\/wp-json\/wp\/v2\/tags?post=714"}],"curies":[{"name":"wp","href":"https:\/\/api.w.org\/{rel}","templated":true}]}}