{"id":724,"date":"2025-06-10T17:13:37","date_gmt":"2025-06-10T15:13:37","guid":{"rendered":"https:\/\/www.site.cdcl.xyz\/2025\/06\/10\/actus-france-attaque-contre-miguel-uribe-en-colombie-fils-avocat-porte-plainte-contre-lunite-de-protection\/"},"modified":"2025-06-10T17:13:37","modified_gmt":"2025-06-10T15:13:37","slug":"actus-france-attaque-contre-miguel-uribe-en-colombie-fils-avocat-porte-plainte-contre-lunite-de-protection","status":"publish","type":"post","link":"https:\/\/www.cc3rivieres76.com\/blog\/actus-france-attaque-contre-miguel-uribe-en-colombie-fils-avocat-porte-plainte-contre-lunite-de-protection\/","title":{"rendered":"Actus france: Attaque contre Miguel Uribe en Colombie: fils avocat Porte Plainte Contre l&rsquo;unit\u00e9 de Protection"},"content":{"rendered":"\n<p><img decoding=\"async\" src=\"https:\/\/www.cc3rivieres76.com\/blog\/wp-content\/uploads\/2025\/06\/actus-france-attaque-contre-miguel-uribe-en-colombie-fils-avocat-porte-plainte-contre-lunite-de-protection.jpg\"><br \/>Deux jours aptr\u00e8s l&rsquo;attaque Contre le S\u00e9nauur Miguel Uribe, se pose la question de sa protection. Le Candidat D\u00e9clar\u00e9 \u00e0 la Pr\u00e9sidentiellle de L&rsquo;Ann\u00e9e Prochaine A \u00c9t\u00e9 Touch\u00e9 de Deuts Balles dans la T\u00eate Lors d&rsquo;Un Meeting \u00c9lectoral.<\/p>\n<p>Bibliographie :<\/p>\n<p>Itin\u00e9raires de Paris \u00e0 J\u00e9rusalem : La France et le conflit isra\u00e9lo-arabe (1).,<a href=\"https:\/\/www.kobo.com\/fr\/fr\/ebook\/itineraires-de-paris-a-jerusalem-la-france-et-le-conflit-israelo-arabe-1\" target=\"_blank\" rel=\"noopener noreferrer nofollow\">Pr\u00e9sentation de l\u2019ouvrage<\/a><span><\/span>.<\/p>\n<p>Photographie\/Fabricants\/Gaumont.,<a href=\"https:\/\/fr.wikibooks.org\/wiki\/Photographie\/Fabricants\/Gaumont\" target=\"_blank\" rel=\"noopener noreferrer nofollow\">sur ce lien la fiche de pr\u00e9sentation<\/a><span><\/span>.<\/p>\n<p>Photographie\/Personnalit\u00e9s\/W\/Joel-Peter Witkin.,<a href=\"https:\/\/fr.wikibooks.org\/wiki\/Photographie\/Personnalit%C3%A9s\/W\/Joel-Peter_Witkin\" target=\"_blank\" rel=\"noopener noreferrer nofollow\">A voir <\/a><span><\/span>.<\/p>\n<p> Cet article, qui traite du th\u00e8me \u00ab\u00a0Les 3 rivi\u00e8res dans la Somme\u00a0\u00bb, vous est sp\u00e9cialement sugg\u00e9r\u00e9 par cc3rivieres76.com. La chronique est reproduite du mieux possible. Dans le cas o\u00f9 vous souhaitez apporter quelques pr\u00e9cisions concernant le domaine de \u00ab\u00a0Les 3 rivi\u00e8res dans la Somme\u00a0\u00bb vous pouvez solliciter notre r\u00e9daction. La destination de cc3rivieres76.com est de d\u00e9battre de Les 3 rivi\u00e8res dans la Somme dans la transparence en vous apportant la connaissance de tout ce qui est en lien avec ce sujet sur la toile Connectez-vous sur notre site cc3rivieres76.com et nos r\u00e9seaux sociaux dans le but d\u2019\u00eatre inform\u00e9 des futures publications.<\/p>\n","protected":false},"excerpt":{"rendered":"<p>Deux jours aptr\u00e8s l&rsquo;attaque Contre le S\u00e9nauur Miguel Uribe, se pose la question de sa protection. Le Candidat D\u00e9clar\u00e9 \u00e0 la Pr\u00e9sidentiellle de L&rsquo;Ann\u00e9e Prochaine A \u00c9t\u00e9 Touch\u00e9 de Deuts Balles dans la T\u00eate Lors d&rsquo;Un Meeting \u00c9lectoral. Bibliographie : Itin\u00e9raires de Paris \u00e0 J\u00e9rusalem : La France et le conflit isra\u00e9lo-arabe (1).,Pr\u00e9sentation de l\u2019ouvrage. &hellip; <\/p>\n<p class=\"link-more\"><a href=\"https:\/\/www.cc3rivieres76.com\/blog\/actus-france-attaque-contre-miguel-uribe-en-colombie-fils-avocat-porte-plainte-contre-lunite-de-protection\/\" class=\"more-link\">Continuer la lecture <span class=\"screen-reader-text\"> \u00ab\u00a0Actus france: Attaque contre Miguel Uribe en Colombie: fils avocat Porte Plainte Contre l&rsquo;unit\u00e9 de Protection\u00a0\u00bb<\/span><\/a><\/p>\n","protected":false},"author":3,"featured_media":725,"comment_status":"closed","ping_status":"closed","sticky":false,"template":"","format":"standard","meta":{"footnotes":""},"categories":[2],"tags":[],"class_list":["post-724","post","type-post","status-publish","format-standard","has-post-thumbnail","hentry","category-les-3-rivieres-dans-la-somme","entry"],"yoast_head":"<!-- This site is optimized with the Yoast SEO plugin v27.5 - https:\/\/yoast.com\/product\/yoast-seo-wordpress\/ -->\n<title>Actus france: Attaque contre Miguel Uribe en Colombie: fils avocat Porte Plainte Contre l&#039;unit\u00e9 de Protection - CC3RIVIERES76<\/title>\n<meta name=\"robots\" content=\"index, follow, max-snippet:-1, max-image-preview:large, max-video-preview:-1\" \/>\n<link rel=\"canonical\" href=\"https:\/\/www.cc3rivieres76.com\/blog\/actus-france-attaque-contre-miguel-uribe-en-colombie-fils-avocat-porte-plainte-contre-lunite-de-protection\/\" \/>\n<meta property=\"og:locale\" content=\"fr_FR\" \/>\n<meta property=\"og:type\" content=\"article\" \/>\n<meta property=\"og:title\" content=\"Actus france: Attaque contre Miguel Uribe en Colombie: fils avocat Porte Plainte Contre l&#039;unit\u00e9 de Protection - CC3RIVIERES76\" \/>\n<meta property=\"og:description\" content=\"Deux jours aptr\u00e8s l&rsquo;attaque Contre le S\u00e9nauur Miguel Uribe, se pose la question de sa protection. Le Candidat D\u00e9clar\u00e9 \u00e0 la Pr\u00e9sidentiellle de L&rsquo;Ann\u00e9e Prochaine A \u00c9t\u00e9 Touch\u00e9 de Deuts Balles dans la T\u00eate Lors d&rsquo;Un Meeting \u00c9lectoral. Bibliographie : Itin\u00e9raires de Paris \u00e0 J\u00e9rusalem : La France et le conflit isra\u00e9lo-arabe (1).,Pr\u00e9sentation de l\u2019ouvrage. &hellip; Continuer la lecture \u00ab\u00a0Actus france: Attaque contre Miguel Uribe en Colombie: fils avocat Porte Plainte Contre l&rsquo;unit\u00e9 de Protection\u00a0\u00bb\" \/>\n<meta property=\"og:url\" content=\"https:\/\/www.cc3rivieres76.com\/blog\/actus-france-attaque-contre-miguel-uribe-en-colombie-fils-avocat-porte-plainte-contre-lunite-de-protection\/\" \/>\n<meta property=\"og:site_name\" content=\"CC3RIVIERES76\" \/>\n<meta property=\"article:published_time\" content=\"2025-06-10T15:13:37+00:00\" \/>\n<meta property=\"og:image\" content=\"https:\/\/www.cc3rivieres76.com\/blog\/wp-content\/uploads\/2025\/06\/actus-france-attaque-contre-miguel-uribe-en-colombie-fils-avocat-porte-plainte-contre-lunite-de-protection.jpg\" \/>\n<meta name=\"author\" content=\"Sylvie DE LAUZAINGHEIN\" \/>\n<meta name=\"twitter:card\" content=\"summary_large_image\" \/>\n<meta name=\"twitter:label1\" content=\"\u00c9crit par\" \/>\n\t<meta name=\"twitter:data1\" content=\"Sylvie DE LAUZAINGHEIN\" \/>\n\t<meta name=\"twitter:label2\" content=\"Dur\u00e9e de lecture estim\u00e9e\" \/>\n\t<meta name=\"twitter:data2\" content=\"1 minute\" \/>\n<script type=\"application\/ld+json\" class=\"yoast-schema-graph\">{\"@context\":\"https:\\\/\\\/schema.org\",\"@graph\":[{\"@type\":\"Article\",\"@id\":\"https:\\\/\\\/www.cc3rivieres76.com\\\/blog\\\/actus-france-attaque-contre-miguel-uribe-en-colombie-fils-avocat-porte-plainte-contre-lunite-de-protection\\\/#article\",\"isPartOf\":{\"@id\":\"https:\\\/\\\/www.cc3rivieres76.com\\\/blog\\\/actus-france-attaque-contre-miguel-uribe-en-colombie-fils-avocat-porte-plainte-contre-lunite-de-protection\\\/\"},\"author\":{\"name\":\"Sylvie DE LAUZAINGHEIN\",\"@id\":\"https:\\\/\\\/www.cc3rivieres76.com\\\/blog\\\/#\\\/schema\\\/person\\\/474d457fb7747b5218f39792dfaa5a1c\"},\"headline\":\"Actus france: Attaque contre Miguel Uribe en Colombie: fils avocat Porte Plainte Contre l&rsquo;unit\u00e9 de Protection\",\"datePublished\":\"2025-06-10T15:13:37+00:00\",\"mainEntityOfPage\":{\"@id\":\"https:\\\/\\\/www.cc3rivieres76.com\\\/blog\\\/actus-france-attaque-contre-miguel-uribe-en-colombie-fils-avocat-porte-plainte-contre-lunite-de-protection\\\/\"},\"wordCount\":216,\"publisher\":{\"@id\":\"https:\\\/\\\/www.cc3rivieres76.com\\\/blog\\\/#organization\"},\"image\":{\"@id\":\"https:\\\/\\\/www.cc3rivieres76.com\\\/blog\\\/actus-france-attaque-contre-miguel-uribe-en-colombie-fils-avocat-porte-plainte-contre-lunite-de-protection\\\/#primaryimage\"},\"thumbnailUrl\":\"https:\\\/\\\/www.cc3rivieres76.com\\\/blog\\\/wp-content\\\/uploads\\\/2025\\\/06\\\/actus-france-attaque-contre-miguel-uribe-en-colombie-fils-avocat-porte-plainte-contre-lunite-de-protection.jpg\",\"articleSection\":[\"Les 3 Rivi\u00e8res Dans La Somme:\"],\"inLanguage\":\"fr-FR\"},{\"@type\":\"WebPage\",\"@id\":\"https:\\\/\\\/www.cc3rivieres76.com\\\/blog\\\/actus-france-attaque-contre-miguel-uribe-en-colombie-fils-avocat-porte-plainte-contre-lunite-de-protection\\\/\",\"url\":\"https:\\\/\\\/www.cc3rivieres76.com\\\/blog\\\/actus-france-attaque-contre-miguel-uribe-en-colombie-fils-avocat-porte-plainte-contre-lunite-de-protection\\\/\",\"name\":\"Actus france: Attaque contre Miguel Uribe en Colombie: fils avocat Porte Plainte Contre l'unit\u00e9 de Protection - CC3RIVIERES76\",\"isPartOf\":{\"@id\":\"https:\\\/\\\/www.cc3rivieres76.com\\\/blog\\\/#website\"},\"primaryImageOfPage\":{\"@id\":\"https:\\\/\\\/www.cc3rivieres76.com\\\/blog\\\/actus-france-attaque-contre-miguel-uribe-en-colombie-fils-avocat-porte-plainte-contre-lunite-de-protection\\\/#primaryimage\"},\"image\":{\"@id\":\"https:\\\/\\\/www.cc3rivieres76.com\\\/blog\\\/actus-france-attaque-contre-miguel-uribe-en-colombie-fils-avocat-porte-plainte-contre-lunite-de-protection\\\/#primaryimage\"},\"thumbnailUrl\":\"https:\\\/\\\/www.cc3rivieres76.com\\\/blog\\\/wp-content\\\/uploads\\\/2025\\\/06\\\/actus-france-attaque-contre-miguel-uribe-en-colombie-fils-avocat-porte-plainte-contre-lunite-de-protection.jpg\",\"datePublished\":\"2025-06-10T15:13:37+00:00\",\"breadcrumb\":{\"@id\":\"https:\\\/\\\/www.cc3rivieres76.com\\\/blog\\\/actus-france-attaque-contre-miguel-uribe-en-colombie-fils-avocat-porte-plainte-contre-lunite-de-protection\\\/#breadcrumb\"},\"inLanguage\":\"fr-FR\",\"potentialAction\":[{\"@type\":\"ReadAction\",\"target\":[\"https:\\\/\\\/www.cc3rivieres76.com\\\/blog\\\/actus-france-attaque-contre-miguel-uribe-en-colombie-fils-avocat-porte-plainte-contre-lunite-de-protection\\\/\"]}]},{\"@type\":\"ImageObject\",\"inLanguage\":\"fr-FR\",\"@id\":\"https:\\\/\\\/www.cc3rivieres76.com\\\/blog\\\/actus-france-attaque-contre-miguel-uribe-en-colombie-fils-avocat-porte-plainte-contre-lunite-de-protection\\\/#primaryimage\",\"url\":\"https:\\\/\\\/www.cc3rivieres76.com\\\/blog\\\/wp-content\\\/uploads\\\/2025\\\/06\\\/actus-france-attaque-contre-miguel-uribe-en-colombie-fils-avocat-porte-plainte-contre-lunite-de-protection.jpg\",\"contentUrl\":\"https:\\\/\\\/www.cc3rivieres76.com\\\/blog\\\/wp-content\\\/uploads\\\/2025\\\/06\\\/actus-france-attaque-contre-miguel-uribe-en-colombie-fils-avocat-porte-plainte-contre-lunite-de-protection.jpg\",\"width\":1024,\"height\":576,\"caption\":\"Actus france: Attaque contre Miguel Uribe en Colombie: fils avocat Porte Plainte Contre l'unit\u00e9 de Protection\"},{\"@type\":\"BreadcrumbList\",\"@id\":\"https:\\\/\\\/www.cc3rivieres76.com\\\/blog\\\/actus-france-attaque-contre-miguel-uribe-en-colombie-fils-avocat-porte-plainte-contre-lunite-de-protection\\\/#breadcrumb\",\"itemListElement\":[{\"@type\":\"ListItem\",\"position\":1,\"name\":\"Accueil\",\"item\":\"https:\\\/\\\/www.cc3rivieres76.com\\\/blog\\\/\"},{\"@type\":\"ListItem\",\"position\":2,\"name\":\"Actus france: Attaque contre Miguel Uribe en Colombie: fils avocat Porte Plainte Contre l&rsquo;unit\u00e9 de Protection\"}]},{\"@type\":\"WebSite\",\"@id\":\"https:\\\/\\\/www.cc3rivieres76.com\\\/blog\\\/#website\",\"url\":\"https:\\\/\\\/www.cc3rivieres76.com\\\/blog\\\/\",\"name\":\"CC3RIVIERES76\",\"description\":\"Les 3 rivi\u00e8res dans la Somme.\",\"publisher\":{\"@id\":\"https:\\\/\\\/www.cc3rivieres76.com\\\/blog\\\/#organization\"},\"potentialAction\":[{\"@type\":\"SearchAction\",\"target\":{\"@type\":\"EntryPoint\",\"urlTemplate\":\"https:\\\/\\\/www.cc3rivieres76.com\\\/blog\\\/?s={search_term_string}\"},\"query-input\":{\"@type\":\"PropertyValueSpecification\",\"valueRequired\":true,\"valueName\":\"search_term_string\"}}],\"inLanguage\":\"fr-FR\"},{\"@type\":\"Organization\",\"@id\":\"https:\\\/\\\/www.cc3rivieres76.com\\\/blog\\\/#organization\",\"name\":\"cc3rivieres76\",\"url\":\"https:\\\/\\\/www.cc3rivieres76.com\\\/blog\\\/\",\"logo\":{\"@type\":\"ImageObject\",\"inLanguage\":\"fr-FR\",\"@id\":\"https:\\\/\\\/www.cc3rivieres76.com\\\/blog\\\/#\\\/schema\\\/logo\\\/image\\\/\",\"url\":\"https:\\\/\\\/www.cc3rivieres76.com\\\/blog\\\/wp-content\\\/uploads\\\/2023\\\/06\\\/logo-2.png\",\"contentUrl\":\"https:\\\/\\\/www.cc3rivieres76.com\\\/blog\\\/wp-content\\\/uploads\\\/2023\\\/06\\\/logo-2.png\",\"width\":390,\"height\":388,\"caption\":\"cc3rivieres76\"},\"image\":{\"@id\":\"https:\\\/\\\/www.cc3rivieres76.com\\\/blog\\\/#\\\/schema\\\/logo\\\/image\\\/\"}},{\"@type\":\"Person\",\"@id\":\"https:\\\/\\\/www.cc3rivieres76.com\\\/blog\\\/#\\\/schema\\\/person\\\/474d457fb7747b5218f39792dfaa5a1c\",\"name\":\"Sylvie DE LAUZAINGHEIN\",\"image\":{\"@type\":\"ImageObject\",\"inLanguage\":\"fr-FR\",\"@id\":\"https:\\\/\\\/secure.gravatar.com\\\/avatar\\\/9c6a53b19e0a3431aa80de0895b9729fe665cd7e7d6cc94fc11abb152f4237d7?s=96&d=mm&r=g\",\"url\":\"https:\\\/\\\/secure.gravatar.com\\\/avatar\\\/9c6a53b19e0a3431aa80de0895b9729fe665cd7e7d6cc94fc11abb152f4237d7?s=96&d=mm&r=g\",\"contentUrl\":\"https:\\\/\\\/secure.gravatar.com\\\/avatar\\\/9c6a53b19e0a3431aa80de0895b9729fe665cd7e7d6cc94fc11abb152f4237d7?s=96&d=mm&r=g\",\"caption\":\"Sylvie DE LAUZAINGHEIN\"},\"url\":\"https:\\\/\\\/www.cc3rivieres76.com\\\/blog\\\/author\\\/s76sylvie\\\/\"}]}<\/script>\n<!-- \/ Yoast SEO plugin. -->","yoast_head_json":{"title":"Actus france: Attaque contre Miguel Uribe en Colombie: fils avocat Porte Plainte Contre l'unit\u00e9 de Protection - CC3RIVIERES76","robots":{"index":"index","follow":"follow","max-snippet":"max-snippet:-1","max-image-preview":"max-image-preview:large","max-video-preview":"max-video-preview:-1"},"canonical":"https:\/\/www.cc3rivieres76.com\/blog\/actus-france-attaque-contre-miguel-uribe-en-colombie-fils-avocat-porte-plainte-contre-lunite-de-protection\/","og_locale":"fr_FR","og_type":"article","og_title":"Actus france: Attaque contre Miguel Uribe en Colombie: fils avocat Porte Plainte Contre l'unit\u00e9 de Protection - CC3RIVIERES76","og_description":"Deux jours aptr\u00e8s l&rsquo;attaque Contre le S\u00e9nauur Miguel Uribe, se pose la question de sa protection. Le Candidat D\u00e9clar\u00e9 \u00e0 la Pr\u00e9sidentiellle de L&rsquo;Ann\u00e9e Prochaine A \u00c9t\u00e9 Touch\u00e9 de Deuts Balles dans la T\u00eate Lors d&rsquo;Un Meeting \u00c9lectoral. Bibliographie : Itin\u00e9raires de Paris \u00e0 J\u00e9rusalem : La France et le conflit isra\u00e9lo-arabe (1).,Pr\u00e9sentation de l\u2019ouvrage. &hellip; Continuer la lecture \u00ab\u00a0Actus france: Attaque contre Miguel Uribe en Colombie: fils avocat Porte Plainte Contre l&rsquo;unit\u00e9 de Protection\u00a0\u00bb","og_url":"https:\/\/www.cc3rivieres76.com\/blog\/actus-france-attaque-contre-miguel-uribe-en-colombie-fils-avocat-porte-plainte-contre-lunite-de-protection\/","og_site_name":"CC3RIVIERES76","article_published_time":"2025-06-10T15:13:37+00:00","og_image":[{"url":"https:\/\/www.cc3rivieres76.com\/blog\/wp-content\/uploads\/2025\/06\/actus-france-attaque-contre-miguel-uribe-en-colombie-fils-avocat-porte-plainte-contre-lunite-de-protection.jpg","type":"","width":"","height":""}],"author":"Sylvie DE LAUZAINGHEIN","twitter_card":"summary_large_image","twitter_misc":{"\u00c9crit par":"Sylvie DE LAUZAINGHEIN","Dur\u00e9e de lecture estim\u00e9e":"1 minute"},"schema":{"@context":"https:\/\/schema.org","@graph":[{"@type":"Article","@id":"https:\/\/www.cc3rivieres76.com\/blog\/actus-france-attaque-contre-miguel-uribe-en-colombie-fils-avocat-porte-plainte-contre-lunite-de-protection\/#article","isPartOf":{"@id":"https:\/\/www.cc3rivieres76.com\/blog\/actus-france-attaque-contre-miguel-uribe-en-colombie-fils-avocat-porte-plainte-contre-lunite-de-protection\/"},"author":{"name":"Sylvie DE LAUZAINGHEIN","@id":"https:\/\/www.cc3rivieres76.com\/blog\/#\/schema\/person\/474d457fb7747b5218f39792dfaa5a1c"},"headline":"Actus france: Attaque contre Miguel Uribe en Colombie: fils avocat Porte Plainte Contre l&rsquo;unit\u00e9 de Protection","datePublished":"2025-06-10T15:13:37+00:00","mainEntityOfPage":{"@id":"https:\/\/www.cc3rivieres76.com\/blog\/actus-france-attaque-contre-miguel-uribe-en-colombie-fils-avocat-porte-plainte-contre-lunite-de-protection\/"},"wordCount":216,"publisher":{"@id":"https:\/\/www.cc3rivieres76.com\/blog\/#organization"},"image":{"@id":"https:\/\/www.cc3rivieres76.com\/blog\/actus-france-attaque-contre-miguel-uribe-en-colombie-fils-avocat-porte-plainte-contre-lunite-de-protection\/#primaryimage"},"thumbnailUrl":"https:\/\/www.cc3rivieres76.com\/blog\/wp-content\/uploads\/2025\/06\/actus-france-attaque-contre-miguel-uribe-en-colombie-fils-avocat-porte-plainte-contre-lunite-de-protection.jpg","articleSection":["Les 3 Rivi\u00e8res Dans La Somme:"],"inLanguage":"fr-FR"},{"@type":"WebPage","@id":"https:\/\/www.cc3rivieres76.com\/blog\/actus-france-attaque-contre-miguel-uribe-en-colombie-fils-avocat-porte-plainte-contre-lunite-de-protection\/","url":"https:\/\/www.cc3rivieres76.com\/blog\/actus-france-attaque-contre-miguel-uribe-en-colombie-fils-avocat-porte-plainte-contre-lunite-de-protection\/","name":"Actus france: Attaque contre Miguel Uribe en Colombie: fils avocat Porte Plainte Contre l'unit\u00e9 de Protection - CC3RIVIERES76","isPartOf":{"@id":"https:\/\/www.cc3rivieres76.com\/blog\/#website"},"primaryImageOfPage":{"@id":"https:\/\/www.cc3rivieres76.com\/blog\/actus-france-attaque-contre-miguel-uribe-en-colombie-fils-avocat-porte-plainte-contre-lunite-de-protection\/#primaryimage"},"image":{"@id":"https:\/\/www.cc3rivieres76.com\/blog\/actus-france-attaque-contre-miguel-uribe-en-colombie-fils-avocat-porte-plainte-contre-lunite-de-protection\/#primaryimage"},"thumbnailUrl":"https:\/\/www.cc3rivieres76.com\/blog\/wp-content\/uploads\/2025\/06\/actus-france-attaque-contre-miguel-uribe-en-colombie-fils-avocat-porte-plainte-contre-lunite-de-protection.jpg","datePublished":"2025-06-10T15:13:37+00:00","breadcrumb":{"@id":"https:\/\/www.cc3rivieres76.com\/blog\/actus-france-attaque-contre-miguel-uribe-en-colombie-fils-avocat-porte-plainte-contre-lunite-de-protection\/#breadcrumb"},"inLanguage":"fr-FR","potentialAction":[{"@type":"ReadAction","target":["https:\/\/www.cc3rivieres76.com\/blog\/actus-france-attaque-contre-miguel-uribe-en-colombie-fils-avocat-porte-plainte-contre-lunite-de-protection\/"]}]},{"@type":"ImageObject","inLanguage":"fr-FR","@id":"https:\/\/www.cc3rivieres76.com\/blog\/actus-france-attaque-contre-miguel-uribe-en-colombie-fils-avocat-porte-plainte-contre-lunite-de-protection\/#primaryimage","url":"https:\/\/www.cc3rivieres76.com\/blog\/wp-content\/uploads\/2025\/06\/actus-france-attaque-contre-miguel-uribe-en-colombie-fils-avocat-porte-plainte-contre-lunite-de-protection.jpg","contentUrl":"https:\/\/www.cc3rivieres76.com\/blog\/wp-content\/uploads\/2025\/06\/actus-france-attaque-contre-miguel-uribe-en-colombie-fils-avocat-porte-plainte-contre-lunite-de-protection.jpg","width":1024,"height":576,"caption":"Actus france: Attaque contre Miguel Uribe en Colombie: fils avocat Porte Plainte Contre l'unit\u00e9 de Protection"},{"@type":"BreadcrumbList","@id":"https:\/\/www.cc3rivieres76.com\/blog\/actus-france-attaque-contre-miguel-uribe-en-colombie-fils-avocat-porte-plainte-contre-lunite-de-protection\/#breadcrumb","itemListElement":[{"@type":"ListItem","position":1,"name":"Accueil","item":"https:\/\/www.cc3rivieres76.com\/blog\/"},{"@type":"ListItem","position":2,"name":"Actus france: Attaque contre Miguel Uribe en Colombie: fils avocat Porte Plainte Contre l&rsquo;unit\u00e9 de Protection"}]},{"@type":"WebSite","@id":"https:\/\/www.cc3rivieres76.com\/blog\/#website","url":"https:\/\/www.cc3rivieres76.com\/blog\/","name":"CC3RIVIERES76","description":"Les 3 rivi\u00e8res dans la Somme.","publisher":{"@id":"https:\/\/www.cc3rivieres76.com\/blog\/#organization"},"potentialAction":[{"@type":"SearchAction","target":{"@type":"EntryPoint","urlTemplate":"https:\/\/www.cc3rivieres76.com\/blog\/?s={search_term_string}"},"query-input":{"@type":"PropertyValueSpecification","valueRequired":true,"valueName":"search_term_string"}}],"inLanguage":"fr-FR"},{"@type":"Organization","@id":"https:\/\/www.cc3rivieres76.com\/blog\/#organization","name":"cc3rivieres76","url":"https:\/\/www.cc3rivieres76.com\/blog\/","logo":{"@type":"ImageObject","inLanguage":"fr-FR","@id":"https:\/\/www.cc3rivieres76.com\/blog\/#\/schema\/logo\/image\/","url":"https:\/\/www.cc3rivieres76.com\/blog\/wp-content\/uploads\/2023\/06\/logo-2.png","contentUrl":"https:\/\/www.cc3rivieres76.com\/blog\/wp-content\/uploads\/2023\/06\/logo-2.png","width":390,"height":388,"caption":"cc3rivieres76"},"image":{"@id":"https:\/\/www.cc3rivieres76.com\/blog\/#\/schema\/logo\/image\/"}},{"@type":"Person","@id":"https:\/\/www.cc3rivieres76.com\/blog\/#\/schema\/person\/474d457fb7747b5218f39792dfaa5a1c","name":"Sylvie DE LAUZAINGHEIN","image":{"@type":"ImageObject","inLanguage":"fr-FR","@id":"https:\/\/secure.gravatar.com\/avatar\/9c6a53b19e0a3431aa80de0895b9729fe665cd7e7d6cc94fc11abb152f4237d7?s=96&d=mm&r=g","url":"https:\/\/secure.gravatar.com\/avatar\/9c6a53b19e0a3431aa80de0895b9729fe665cd7e7d6cc94fc11abb152f4237d7?s=96&d=mm&r=g","contentUrl":"https:\/\/secure.gravatar.com\/avatar\/9c6a53b19e0a3431aa80de0895b9729fe665cd7e7d6cc94fc11abb152f4237d7?s=96&d=mm&r=g","caption":"Sylvie DE LAUZAINGHEIN"},"url":"https:\/\/www.cc3rivieres76.com\/blog\/author\/s76sylvie\/"}]}},"_links":{"self":[{"href":"https:\/\/www.cc3rivieres76.com\/blog\/wp-json\/wp\/v2\/posts\/724","targetHints":{"allow":["GET"]}}],"collection":[{"href":"https:\/\/www.cc3rivieres76.com\/blog\/wp-json\/wp\/v2\/posts"}],"about":[{"href":"https:\/\/www.cc3rivieres76.com\/blog\/wp-json\/wp\/v2\/types\/post"}],"author":[{"embeddable":true,"href":"https:\/\/www.cc3rivieres76.com\/blog\/wp-json\/wp\/v2\/users\/3"}],"replies":[{"embeddable":true,"href":"https:\/\/www.cc3rivieres76.com\/blog\/wp-json\/wp\/v2\/comments?post=724"}],"version-history":[{"count":0,"href":"https:\/\/www.cc3rivieres76.com\/blog\/wp-json\/wp\/v2\/posts\/724\/revisions"}],"wp:featuredmedia":[{"embeddable":true,"href":"https:\/\/www.cc3rivieres76.com\/blog\/wp-json\/wp\/v2\/media\/725"}],"wp:attachment":[{"href":"https:\/\/www.cc3rivieres76.com\/blog\/wp-json\/wp\/v2\/media?parent=724"}],"wp:term":[{"taxonomy":"category","embeddable":true,"href":"https:\/\/www.cc3rivieres76.com\/blog\/wp-json\/wp\/v2\/categories?post=724"},{"taxonomy":"post_tag","embeddable":true,"href":"https:\/\/www.cc3rivieres76.com\/blog\/wp-json\/wp\/v2\/tags?post=724"}],"curies":[{"name":"wp","href":"https:\/\/api.w.org\/{rel}","templated":true}]}}