{"id":733,"date":"2025-06-12T03:50:00","date_gmt":"2025-06-12T01:50:00","guid":{"rendered":"https:\/\/www.site.cdcl.xyz\/2025\/06\/12\/le-nimois-est-interpelle-par-la-police-municipale-au-grau-du-roi-et-est-mis-en-cause-dans-les-vols-de-telephones-portables-et-de-cartes-bancaires\/"},"modified":"2025-06-12T03:50:00","modified_gmt":"2025-06-12T01:50:00","slug":"le-nimois-est-interpelle-par-la-police-municipale-au-grau-du-roi-et-est-mis-en-cause-dans-les-vols-de-telephones-portables-et-de-cartes-bancaires","status":"publish","type":"post","link":"https:\/\/www.cc3rivieres76.com\/blog\/le-nimois-est-interpelle-par-la-police-municipale-au-grau-du-roi-et-est-mis-en-cause-dans-les-vols-de-telephones-portables-et-de-cartes-bancaires\/","title":{"rendered":"Le N\u00eemois est interpell\u00e9 par la police municipale au Grau-du-Roi et est mis en cause dans les vols de t\u00e9l\u00e9phones portables et de cartes bancaires"},"content":{"rendered":"<br \/>\n<h2>\nVoici le nom de cet article : Le N\u00eemois est interpell\u00e9 par la police municipale au Grau-du-Roi et est mis en cause dans les vols de t\u00e9l\u00e9phones portables et de cartes bancaires<br \/>\n<\/h2>\n<p> Le N\u00eemois qui logeait \u00e0 l\u2019h\u00f4tel au Grau-du-Roi a \u00e9t\u00e9 interpell\u00e9 ce lundi 9&nbsp;juin par les policiers municipaux. <\/p>\n<div data-state=\"fixed-height\" data-selection=\"disabled\"> <!-- Pub DFP Position (outstream) --><\/p>\n<p>Une vendeuse a \u00e9t\u00e9 victime d\u2019un vol de t\u00e9l\u00e9phone portable, ce lundi au Grau-du-Roi. Le suspect a, tr\u00e8s vite, \u00e9t\u00e9 rep\u00e9r\u00e9 par les policiers municipaux et interpell\u00e9. Il \u00e9tait venu, avec sa famille, passer&nbsp;le week-end au Grau-du-Roi et logeait dans un H\u00f4tel. Plac\u00e9 en garde \u00e0 vue \u00e0 la gendarmerie, cet homme&nbsp;est mis en cause dans le vol d\u2019un second t\u00e9l\u00e9phone portable mais encore dans le vol d\u2019un sac sur plage.<\/p>\n<h2 class=\"txt-int\">Vol d\u2019un sac sur la plage et de cartes de paiement<\/h2>\n<p>Les gendarmes ont fait le lien avec la plainte d\u2019une victime qui a signal\u00e9 le vol de ce sac et de plusieurs cartes de paiement sans contact.&nbsp;Le suspect a \u00e9t\u00e9 d\u00e9f\u00e9r\u00e9 au parquet de N\u00eemes, ce mercredi 11&nbsp;juin, et aurait \u00e9t\u00e9 plac\u00e9 en d\u00e9tention.<\/p>\n<\/div>\n<p>.\n<\/p>\n<h2>La police municipale : Garantir la tranquillit\u00e9 publique gr\u00e2ce \u00e0 la proximit\u00e9<\/h2>\n<p>Les agents de la police municipale sont au c\u0153ur de la tranquillit\u00e9 publique dans nos quartiers. Gr\u00e2ce \u00e0 leur surveillance constante des voies publiques et \u00e0 leur intervention rapide en cas de besoin, ils assurent la s\u00e9curit\u00e9 de tous les citoyens. Cet article vous pr\u00e9sente les missions, les strat\u00e9gies de pr\u00e9vention, les enjeux contemporains et l\u2019avenir de la police municipale.<\/p>\n<h2>La police municipale : Gardienne de la s\u00e9r\u00e9nit\u00e9 locale<\/h2>\n<h3>L\u2019influence sur la paix publique<\/h3>\n<p>La police municipale contribue activement \u00e0 la pr\u00e9servation de la tranquillit\u00e9 publique. Gr\u00e2ce \u00e0 des patrouilles r\u00e9guli\u00e8res, les agents veillent \u00e0 limiter les comportements perturbateurs et \u00e0 pr\u00e9venir la d\u00e9linquance. Leur pr\u00e9sence offre un sentiment de s\u00e9curit\u00e9 aux habitants, assurant ainsi une vie plus paisible au quotidien. La police municipale, sous la direction du maire, joue un r\u00f4le crucial dans le maintien de l\u2019ordre et de la s\u00e9curit\u00e9 publique. Ses agents interviennent sur le terrain pour veiller \u00e0 la tranquillit\u00e9 des habitants, surveiller les espaces publics, r\u00e9soudre les conflits et appliquer les arr\u00eat\u00e9s municipaux, en collaboration avec la police nationale.<\/p>\n<h3>La relation de proximit\u00e9 avec les habitants<\/h3>\n<p>La proximit\u00e9 g\u00e9ographique de la police municipale lui conf\u00e8re un avantage consid\u00e9rable pour offrir un traitement administratif r\u00e9actif dans le cadre du droit judiciaire. Pr\u00e9sente dans les quartiers, elle r\u00e9pond rapidement aux pr\u00e9occupations des habitants, assurant que les mesures de s\u00e9curit\u00e9 sont adapt\u00e9es tout en favorisant un \u00e9change d\u2019informations pour la pr\u00e9vention des risques.<\/p>\n<h3>Les missions et expertises de la police municipale<\/h3>\n<p>Les policiers municipaux jouent un r\u00f4le polyvalent au sein de la brigade de police municipale. En plus de leur pr\u00e9sence sur le terrain avec des patrouilles r\u00e9guli\u00e8res, ils sont charg\u00e9s de r\u00e9guler la circulation, le stationnement, de g\u00e9rer les animaux errants et de faire respecter le calme public. Ils interviennent \u00e9galement en cas d\u2019infractions routi\u00e8res, de troubles \u00e0 l\u2019ordre public ou de situations d\u2019urgence.<\/p>\n<h2>Mesures pr\u00e9ventives et r\u00e9ponses adapt\u00e9es<\/h2>\n<p>La police municipale n\u2019attend pas qu\u2019un trouble survienne pour agir, elle met en place des strat\u00e9gies pr\u00e9ventives pour assurer la s\u00e9curit\u00e9 de la collectivit\u00e9.<\/p>\n<h3>Proc\u00e9dures de surveillance et de patrouille dans les quartiers<\/h3>\n<p>Pour garantir une s\u00e9curit\u00e9 optimale, les policiers municipaux surveillent activement les rues \u00e0 pied et en v\u00e9hicule, en compl\u00e9ment des cam\u00e9ras de s\u00e9curit\u00e9, afin de d\u00e9tecter toute situation suspecte et de r\u00e9agir en urgence si n\u00e9cessaire.<\/p>\n<h3>Initiatives de sensibilisation \u00e0 la s\u00e9curit\u00e9 publique<\/h3>\n<p>L\u2019une des priorit\u00e9s de la police municipale est de pr\u00e9venir la d\u00e9linquance. Pour ce faire, elle organise des campagnes de sensibilisation \u00e0 la s\u00e9curit\u00e9 routi\u00e8re, des r\u00e9unions de quartier pour discuter des pr\u00e9occupations locales, et des actions \u00e9ducatives pour pr\u00e9venir les nuisances. L\u2019implication des habitants dans ces actions renforce les liens entre la police et la communaut\u00e9.<\/p>\n<h3>Travail d\u2019\u00e9quipe avec les forces de s\u00e9curit\u00e9 nationales et locales<\/h3>\n<p>La police municipale collabore activement avec la police nationale et les services de secours pour r\u00e9pondre rapidement et de mani\u00e8re coordonn\u00e9e aux urgences. Cette coop\u00e9ration assure une protection renforc\u00e9e et une meilleure efficacit\u00e9 des interventions.<\/p>\n<h2>\u00c9volutions \u00e0 venir dans le domaine de la police municipale<\/h2>\n<p>De nombreuses transformations se profilent pour la police municipale dans les ann\u00e9es \u00e0 venir.<\/p>\n<h3>Projets pionniers pour une s\u00e9curit\u00e9 renforc\u00e9e<\/h3>\n<p>L\u2019arriv\u00e9e de nouvelles technologies comme les drones, les cam\u00e9ras de surveillance et les applications mobiles de signalement pourrait r\u00e9volutionner la mani\u00e8re dont la police municipale g\u00e8re les situations de s\u00e9curit\u00e9 et d\u2019urgence. La police municipale est un pilier de la s\u00e9curit\u00e9 publique, garantissant la s\u00e9r\u00e9nit\u00e9 des citoyens. Son r\u00f4le pr\u00e9ventif et ses interventions rapides participent \u00e0 cr\u00e9er des environnements s\u00e9curis\u00e9s, mais elle doit continuellement \u00e9voluer pour r\u00e9pondre aux d\u00e9fis contemporains.<\/p>\n<h3>Changements dans la l\u00e9gislation et les r\u00e9gulations<\/h3>\n<p>Les changements l\u00e9gislatifs qui concernent la police municipale visent \u00e0 en renforcer l\u2019efficacit\u00e9 en \u00e9largissant ses champs d\u2019action.<\/p>\n<h3>La police municipale et son avenir dans les collectivit\u00e9s locales<\/h3>\n<p>\u00c0 l\u2019avenir, il est envisageable que la police municipale soit davantage impliqu\u00e9e dans la protection des citoyens, en particulier lors d\u2019\u00e9v\u00e9nements publics ou de l\u2019instauration de mesures de s\u00e9curit\u00e9 innovantes.<\/p>\n<h2>Les enjeux majeurs du moment<\/h2>\n<h3>Les enjeux prioritaires pour la s\u00e9curit\u00e9 publique<\/h3>\n<p>Face \u00e0 une soci\u00e9t\u00e9 en perp\u00e9tuelle mutation, la police municipale adapte ses priorit\u00e9s. La s\u00e9curit\u00e9 routi\u00e8re, la gestion des espaces publics et la lutte contre la d\u00e9linquance restent des enjeux de taille, mais les \u00e9volutions technologiques et la criminalit\u00e9 en ligne exigent de nouveaux ajustements. Les enjeux de la s\u00e9curit\u00e9 publique changent en permanence, et la police municipale se doit de r\u00e9pondre \u00e0 de nombreux d\u00e9fis.<\/p>\n<h3>Renforcer l\u2019efficacit\u00e9 des actions<\/h3>\n<p>Pour r\u00e9pondre aux d\u00e9fis de s\u00e9curit\u00e9 actuels, la police municipale doit progresser sans cesse. Il est crucial d\u2019am\u00e9liorer la formation des agents, d\u2019investir dans de nouveaux \u00e9quipements de surveillance et de d\u00e9velopper des solutions num\u00e9riques pour rendre les interventions plus efficaces. L\u2019application<a href=\"https:\/\/www.applijesignale.fr\/alerter-la-police-municipale\/\" rel=\"noopener noreferrer nofollow\" target=\"_blank\"> l\u2019application Je Signale <\/a>permet aux citoyens de signaler des probl\u00e8mes de s\u00e9curit\u00e9 \u00e0 la police municipale.<\/p>\n<h3>Troubles et comportements d\u00e9linquants<\/h3>\n<p>Face \u00e0 des nuisances fr\u00e9quentes comme le bruit ou les probl\u00e8mes de stationnement, les policiers municipaux s\u2019assurent du bon ordre public. Bien que la d\u00e9linquance soit moins marqu\u00e9e, elle demeure une r\u00e9alit\u00e9 \u00e0 traiter.\n<\/p>\n<p>\n<br \/><a href=\"http:\/\/www.bing.com\/news\/apiclick.aspx?ref=FexRss&amp;aid=&amp;tid=684ad0832ca84d1bb2930fe0920f61ec&amp;url=https%3A%2F%2Fwww.midilibre.fr%2F2025%2F06%2F12%2Fle-nimois-est-interpelle-par-la-police-municipale-au-grau-du-roi-et-est-mis-en-cause-dans-les-vols-de-telephones-portables-et-de-cartes-bancaires-12756833.php&amp;c=12736619547650541393&amp;mkt=fr-fr\">Source link <\/a><\/p>\n<p>#N\u00eemois #est #interpell\u00e9 #par #police #municipale #GrauduRoi #est #mis #dans #les #vols #t\u00e9l\u00e9phones #portables #cartes #bancaires<\/p>\n<p> Cet article, qui traite du th\u00e8me \u00ab\u00a0Les 3 rivi\u00e8res dans la Somme\u00a0\u00bb, vous est sp\u00e9cialement sugg\u00e9r\u00e9 par cc3rivieres76.com. La chronique est reproduite du mieux possible. Dans le cas o\u00f9 vous souhaitez apporter quelques pr\u00e9cisions concernant le domaine de \u00ab\u00a0Les 3 rivi\u00e8res dans la Somme\u00a0\u00bb vous pouvez solliciter notre r\u00e9daction. La destination de cc3rivieres76.com est de d\u00e9battre de Les 3 rivi\u00e8res dans la Somme dans la transparence en vous apportant la connaissance de tout ce qui est en lien avec ce sujet sur la toile Connectez-vous sur notre site cc3rivieres76.com et nos r\u00e9seaux sociaux dans le but d\u2019\u00eatre inform\u00e9 des futures publications.<\/p>\n","protected":false},"excerpt":{"rendered":"<p>Voici le nom de cet article : Le N\u00eemois est interpell\u00e9 par la police municipale au Grau-du-Roi et est mis en cause dans les vols de t\u00e9l\u00e9phones portables et de cartes bancaires Le N\u00eemois qui logeait \u00e0 l\u2019h\u00f4tel au Grau-du-Roi a \u00e9t\u00e9 interpell\u00e9 ce lundi 9&nbsp;juin par les policiers municipaux. Une vendeuse a \u00e9t\u00e9 victime &hellip; <\/p>\n<p class=\"link-more\"><a href=\"https:\/\/www.cc3rivieres76.com\/blog\/le-nimois-est-interpelle-par-la-police-municipale-au-grau-du-roi-et-est-mis-en-cause-dans-les-vols-de-telephones-portables-et-de-cartes-bancaires\/\" class=\"more-link\">Continuer la lecture <span class=\"screen-reader-text\"> \u00ab\u00a0Le N\u00eemois est interpell\u00e9 par la police municipale au Grau-du-Roi et est mis en cause dans les vols de t\u00e9l\u00e9phones portables et de cartes bancaires\u00a0\u00bb<\/span><\/a><\/p>\n","protected":false},"author":3,"featured_media":734,"comment_status":"closed","ping_status":"closed","sticky":false,"template":"","format":"standard","meta":{"footnotes":""},"categories":[2],"tags":[],"class_list":["post-733","post","type-post","status-publish","format-standard","has-post-thumbnail","hentry","category-les-3-rivieres-dans-la-somme","entry"],"yoast_head":"<!-- This site is optimized with the Yoast SEO plugin v27.5 - https:\/\/yoast.com\/product\/yoast-seo-wordpress\/ -->\n<title>Le N\u00eemois est interpell\u00e9 par la police municipale au Grau-du-Roi et est mis en cause dans les vols de t\u00e9l\u00e9phones portables et de cartes bancaires - CC3RIVIERES76<\/title>\n<meta name=\"robots\" content=\"index, follow, max-snippet:-1, max-image-preview:large, max-video-preview:-1\" \/>\n<link rel=\"canonical\" href=\"https:\/\/www.cc3rivieres76.com\/blog\/le-nimois-est-interpelle-par-la-police-municipale-au-grau-du-roi-et-est-mis-en-cause-dans-les-vols-de-telephones-portables-et-de-cartes-bancaires\/\" \/>\n<meta property=\"og:locale\" content=\"fr_FR\" \/>\n<meta property=\"og:type\" content=\"article\" \/>\n<meta property=\"og:title\" content=\"Le N\u00eemois est interpell\u00e9 par la police municipale au Grau-du-Roi et est mis en cause dans les vols de t\u00e9l\u00e9phones portables et de cartes bancaires - CC3RIVIERES76\" \/>\n<meta property=\"og:description\" content=\"Voici le nom de cet article : Le N\u00eemois est interpell\u00e9 par la police municipale au Grau-du-Roi et est mis en cause dans les vols de t\u00e9l\u00e9phones portables et de cartes bancaires Le N\u00eemois qui logeait \u00e0 l\u2019h\u00f4tel au Grau-du-Roi a \u00e9t\u00e9 interpell\u00e9 ce lundi 9&nbsp;juin par les policiers municipaux. Une vendeuse a \u00e9t\u00e9 victime &hellip; Continuer la lecture \u00ab\u00a0Le N\u00eemois est interpell\u00e9 par la police municipale au Grau-du-Roi et est mis en cause dans les vols de t\u00e9l\u00e9phones portables et de cartes bancaires\u00a0\u00bb\" \/>\n<meta property=\"og:url\" content=\"https:\/\/www.cc3rivieres76.com\/blog\/le-nimois-est-interpelle-par-la-police-municipale-au-grau-du-roi-et-est-mis-en-cause-dans-les-vols-de-telephones-portables-et-de-cartes-bancaires\/\" \/>\n<meta property=\"og:site_name\" content=\"CC3RIVIERES76\" \/>\n<meta property=\"article:published_time\" content=\"2025-06-12T01:50:00+00:00\" \/>\n<meta name=\"author\" content=\"Sylvie DE LAUZAINGHEIN\" \/>\n<meta name=\"twitter:card\" content=\"summary_large_image\" \/>\n<meta name=\"twitter:label1\" content=\"\u00c9crit par\" \/>\n\t<meta name=\"twitter:data1\" content=\"Sylvie DE LAUZAINGHEIN\" \/>\n\t<meta name=\"twitter:label2\" content=\"Dur\u00e9e de lecture estim\u00e9e\" \/>\n\t<meta name=\"twitter:data2\" content=\"7 minutes\" \/>\n<script type=\"application\/ld+json\" class=\"yoast-schema-graph\">{\"@context\":\"https:\\\/\\\/schema.org\",\"@graph\":[{\"@type\":\"Article\",\"@id\":\"https:\\\/\\\/www.cc3rivieres76.com\\\/blog\\\/le-nimois-est-interpelle-par-la-police-municipale-au-grau-du-roi-et-est-mis-en-cause-dans-les-vols-de-telephones-portables-et-de-cartes-bancaires\\\/#article\",\"isPartOf\":{\"@id\":\"https:\\\/\\\/www.cc3rivieres76.com\\\/blog\\\/le-nimois-est-interpelle-par-la-police-municipale-au-grau-du-roi-et-est-mis-en-cause-dans-les-vols-de-telephones-portables-et-de-cartes-bancaires\\\/\"},\"author\":{\"name\":\"Sylvie DE LAUZAINGHEIN\",\"@id\":\"https:\\\/\\\/www.cc3rivieres76.com\\\/blog\\\/#\\\/schema\\\/person\\\/474d457fb7747b5218f39792dfaa5a1c\"},\"headline\":\"Le N\u00eemois est interpell\u00e9 par la police municipale au Grau-du-Roi et est mis en cause dans les vols de t\u00e9l\u00e9phones portables et de cartes bancaires\",\"datePublished\":\"2025-06-12T01:50:00+00:00\",\"mainEntityOfPage\":{\"@id\":\"https:\\\/\\\/www.cc3rivieres76.com\\\/blog\\\/le-nimois-est-interpelle-par-la-police-municipale-au-grau-du-roi-et-est-mis-en-cause-dans-les-vols-de-telephones-portables-et-de-cartes-bancaires\\\/\"},\"wordCount\":1332,\"publisher\":{\"@id\":\"https:\\\/\\\/www.cc3rivieres76.com\\\/blog\\\/#organization\"},\"image\":{\"@id\":\"https:\\\/\\\/www.cc3rivieres76.com\\\/blog\\\/le-nimois-est-interpelle-par-la-police-municipale-au-grau-du-roi-et-est-mis-en-cause-dans-les-vols-de-telephones-portables-et-de-cartes-bancaires\\\/#primaryimage\"},\"thumbnailUrl\":\"https:\\\/\\\/www.cc3rivieres76.com\\\/blog\\\/wp-content\\\/uploads\\\/2025\\\/06\\\/le-nimois-est-interpelle-par-la-police-municipale-au-grau-du-roi-et-est-mis-en-cause-dans-les-vols-de-telephones-portables-et-de-cartes-bancaires.jpg\",\"articleSection\":[\"Les 3 Rivi\u00e8res Dans La Somme:\"],\"inLanguage\":\"fr-FR\"},{\"@type\":\"WebPage\",\"@id\":\"https:\\\/\\\/www.cc3rivieres76.com\\\/blog\\\/le-nimois-est-interpelle-par-la-police-municipale-au-grau-du-roi-et-est-mis-en-cause-dans-les-vols-de-telephones-portables-et-de-cartes-bancaires\\\/\",\"url\":\"https:\\\/\\\/www.cc3rivieres76.com\\\/blog\\\/le-nimois-est-interpelle-par-la-police-municipale-au-grau-du-roi-et-est-mis-en-cause-dans-les-vols-de-telephones-portables-et-de-cartes-bancaires\\\/\",\"name\":\"Le N\u00eemois est interpell\u00e9 par la police municipale au Grau-du-Roi et est mis en cause dans les vols de t\u00e9l\u00e9phones portables et de cartes bancaires - CC3RIVIERES76\",\"isPartOf\":{\"@id\":\"https:\\\/\\\/www.cc3rivieres76.com\\\/blog\\\/#website\"},\"primaryImageOfPage\":{\"@id\":\"https:\\\/\\\/www.cc3rivieres76.com\\\/blog\\\/le-nimois-est-interpelle-par-la-police-municipale-au-grau-du-roi-et-est-mis-en-cause-dans-les-vols-de-telephones-portables-et-de-cartes-bancaires\\\/#primaryimage\"},\"image\":{\"@id\":\"https:\\\/\\\/www.cc3rivieres76.com\\\/blog\\\/le-nimois-est-interpelle-par-la-police-municipale-au-grau-du-roi-et-est-mis-en-cause-dans-les-vols-de-telephones-portables-et-de-cartes-bancaires\\\/#primaryimage\"},\"thumbnailUrl\":\"https:\\\/\\\/www.cc3rivieres76.com\\\/blog\\\/wp-content\\\/uploads\\\/2025\\\/06\\\/le-nimois-est-interpelle-par-la-police-municipale-au-grau-du-roi-et-est-mis-en-cause-dans-les-vols-de-telephones-portables-et-de-cartes-bancaires.jpg\",\"datePublished\":\"2025-06-12T01:50:00+00:00\",\"breadcrumb\":{\"@id\":\"https:\\\/\\\/www.cc3rivieres76.com\\\/blog\\\/le-nimois-est-interpelle-par-la-police-municipale-au-grau-du-roi-et-est-mis-en-cause-dans-les-vols-de-telephones-portables-et-de-cartes-bancaires\\\/#breadcrumb\"},\"inLanguage\":\"fr-FR\",\"potentialAction\":[{\"@type\":\"ReadAction\",\"target\":[\"https:\\\/\\\/www.cc3rivieres76.com\\\/blog\\\/le-nimois-est-interpelle-par-la-police-municipale-au-grau-du-roi-et-est-mis-en-cause-dans-les-vols-de-telephones-portables-et-de-cartes-bancaires\\\/\"]}]},{\"@type\":\"ImageObject\",\"inLanguage\":\"fr-FR\",\"@id\":\"https:\\\/\\\/www.cc3rivieres76.com\\\/blog\\\/le-nimois-est-interpelle-par-la-police-municipale-au-grau-du-roi-et-est-mis-en-cause-dans-les-vols-de-telephones-portables-et-de-cartes-bancaires\\\/#primaryimage\",\"url\":\"https:\\\/\\\/www.cc3rivieres76.com\\\/blog\\\/wp-content\\\/uploads\\\/2025\\\/06\\\/le-nimois-est-interpelle-par-la-police-municipale-au-grau-du-roi-et-est-mis-en-cause-dans-les-vols-de-telephones-portables-et-de-cartes-bancaires.jpg\",\"contentUrl\":\"https:\\\/\\\/www.cc3rivieres76.com\\\/blog\\\/wp-content\\\/uploads\\\/2025\\\/06\\\/le-nimois-est-interpelle-par-la-police-municipale-au-grau-du-roi-et-est-mis-en-cause-dans-les-vols-de-telephones-portables-et-de-cartes-bancaires.jpg\",\"width\":885,\"height\":500,\"caption\":\"Le N\u00eemois est interpell\u00e9 par la police municipale au Grau du Roi et est mis en cause dans les vols de t\u00e9l\u00e9phones portables et de cartes bancaires\"},{\"@type\":\"BreadcrumbList\",\"@id\":\"https:\\\/\\\/www.cc3rivieres76.com\\\/blog\\\/le-nimois-est-interpelle-par-la-police-municipale-au-grau-du-roi-et-est-mis-en-cause-dans-les-vols-de-telephones-portables-et-de-cartes-bancaires\\\/#breadcrumb\",\"itemListElement\":[{\"@type\":\"ListItem\",\"position\":1,\"name\":\"Accueil\",\"item\":\"https:\\\/\\\/www.cc3rivieres76.com\\\/blog\\\/\"},{\"@type\":\"ListItem\",\"position\":2,\"name\":\"Le N\u00eemois est interpell\u00e9 par la police municipale au Grau-du-Roi et est mis en cause dans les vols de t\u00e9l\u00e9phones portables et de cartes bancaires\"}]},{\"@type\":\"WebSite\",\"@id\":\"https:\\\/\\\/www.cc3rivieres76.com\\\/blog\\\/#website\",\"url\":\"https:\\\/\\\/www.cc3rivieres76.com\\\/blog\\\/\",\"name\":\"CC3RIVIERES76\",\"description\":\"Les 3 rivi\u00e8res dans la Somme.\",\"publisher\":{\"@id\":\"https:\\\/\\\/www.cc3rivieres76.com\\\/blog\\\/#organization\"},\"potentialAction\":[{\"@type\":\"SearchAction\",\"target\":{\"@type\":\"EntryPoint\",\"urlTemplate\":\"https:\\\/\\\/www.cc3rivieres76.com\\\/blog\\\/?s={search_term_string}\"},\"query-input\":{\"@type\":\"PropertyValueSpecification\",\"valueRequired\":true,\"valueName\":\"search_term_string\"}}],\"inLanguage\":\"fr-FR\"},{\"@type\":\"Organization\",\"@id\":\"https:\\\/\\\/www.cc3rivieres76.com\\\/blog\\\/#organization\",\"name\":\"cc3rivieres76\",\"url\":\"https:\\\/\\\/www.cc3rivieres76.com\\\/blog\\\/\",\"logo\":{\"@type\":\"ImageObject\",\"inLanguage\":\"fr-FR\",\"@id\":\"https:\\\/\\\/www.cc3rivieres76.com\\\/blog\\\/#\\\/schema\\\/logo\\\/image\\\/\",\"url\":\"https:\\\/\\\/www.cc3rivieres76.com\\\/blog\\\/wp-content\\\/uploads\\\/2023\\\/06\\\/logo-2.png\",\"contentUrl\":\"https:\\\/\\\/www.cc3rivieres76.com\\\/blog\\\/wp-content\\\/uploads\\\/2023\\\/06\\\/logo-2.png\",\"width\":390,\"height\":388,\"caption\":\"cc3rivieres76\"},\"image\":{\"@id\":\"https:\\\/\\\/www.cc3rivieres76.com\\\/blog\\\/#\\\/schema\\\/logo\\\/image\\\/\"}},{\"@type\":\"Person\",\"@id\":\"https:\\\/\\\/www.cc3rivieres76.com\\\/blog\\\/#\\\/schema\\\/person\\\/474d457fb7747b5218f39792dfaa5a1c\",\"name\":\"Sylvie DE LAUZAINGHEIN\",\"image\":{\"@type\":\"ImageObject\",\"inLanguage\":\"fr-FR\",\"@id\":\"https:\\\/\\\/secure.gravatar.com\\\/avatar\\\/9c6a53b19e0a3431aa80de0895b9729fe665cd7e7d6cc94fc11abb152f4237d7?s=96&d=mm&r=g\",\"url\":\"https:\\\/\\\/secure.gravatar.com\\\/avatar\\\/9c6a53b19e0a3431aa80de0895b9729fe665cd7e7d6cc94fc11abb152f4237d7?s=96&d=mm&r=g\",\"contentUrl\":\"https:\\\/\\\/secure.gravatar.com\\\/avatar\\\/9c6a53b19e0a3431aa80de0895b9729fe665cd7e7d6cc94fc11abb152f4237d7?s=96&d=mm&r=g\",\"caption\":\"Sylvie DE LAUZAINGHEIN\"},\"url\":\"https:\\\/\\\/www.cc3rivieres76.com\\\/blog\\\/author\\\/s76sylvie\\\/\"}]}<\/script>\n<!-- \/ Yoast SEO plugin. -->","yoast_head_json":{"title":"Le N\u00eemois est interpell\u00e9 par la police municipale au Grau-du-Roi et est mis en cause dans les vols de t\u00e9l\u00e9phones portables et de cartes bancaires - CC3RIVIERES76","robots":{"index":"index","follow":"follow","max-snippet":"max-snippet:-1","max-image-preview":"max-image-preview:large","max-video-preview":"max-video-preview:-1"},"canonical":"https:\/\/www.cc3rivieres76.com\/blog\/le-nimois-est-interpelle-par-la-police-municipale-au-grau-du-roi-et-est-mis-en-cause-dans-les-vols-de-telephones-portables-et-de-cartes-bancaires\/","og_locale":"fr_FR","og_type":"article","og_title":"Le N\u00eemois est interpell\u00e9 par la police municipale au Grau-du-Roi et est mis en cause dans les vols de t\u00e9l\u00e9phones portables et de cartes bancaires - CC3RIVIERES76","og_description":"Voici le nom de cet article : Le N\u00eemois est interpell\u00e9 par la police municipale au Grau-du-Roi et est mis en cause dans les vols de t\u00e9l\u00e9phones portables et de cartes bancaires Le N\u00eemois qui logeait \u00e0 l\u2019h\u00f4tel au Grau-du-Roi a \u00e9t\u00e9 interpell\u00e9 ce lundi 9&nbsp;juin par les policiers municipaux. Une vendeuse a \u00e9t\u00e9 victime &hellip; Continuer la lecture \u00ab\u00a0Le N\u00eemois est interpell\u00e9 par la police municipale au Grau-du-Roi et est mis en cause dans les vols de t\u00e9l\u00e9phones portables et de cartes bancaires\u00a0\u00bb","og_url":"https:\/\/www.cc3rivieres76.com\/blog\/le-nimois-est-interpelle-par-la-police-municipale-au-grau-du-roi-et-est-mis-en-cause-dans-les-vols-de-telephones-portables-et-de-cartes-bancaires\/","og_site_name":"CC3RIVIERES76","article_published_time":"2025-06-12T01:50:00+00:00","author":"Sylvie DE LAUZAINGHEIN","twitter_card":"summary_large_image","twitter_misc":{"\u00c9crit par":"Sylvie DE LAUZAINGHEIN","Dur\u00e9e de lecture estim\u00e9e":"7 minutes"},"schema":{"@context":"https:\/\/schema.org","@graph":[{"@type":"Article","@id":"https:\/\/www.cc3rivieres76.com\/blog\/le-nimois-est-interpelle-par-la-police-municipale-au-grau-du-roi-et-est-mis-en-cause-dans-les-vols-de-telephones-portables-et-de-cartes-bancaires\/#article","isPartOf":{"@id":"https:\/\/www.cc3rivieres76.com\/blog\/le-nimois-est-interpelle-par-la-police-municipale-au-grau-du-roi-et-est-mis-en-cause-dans-les-vols-de-telephones-portables-et-de-cartes-bancaires\/"},"author":{"name":"Sylvie DE LAUZAINGHEIN","@id":"https:\/\/www.cc3rivieres76.com\/blog\/#\/schema\/person\/474d457fb7747b5218f39792dfaa5a1c"},"headline":"Le N\u00eemois est interpell\u00e9 par la police municipale au Grau-du-Roi et est mis en cause dans les vols de t\u00e9l\u00e9phones portables et de cartes bancaires","datePublished":"2025-06-12T01:50:00+00:00","mainEntityOfPage":{"@id":"https:\/\/www.cc3rivieres76.com\/blog\/le-nimois-est-interpelle-par-la-police-municipale-au-grau-du-roi-et-est-mis-en-cause-dans-les-vols-de-telephones-portables-et-de-cartes-bancaires\/"},"wordCount":1332,"publisher":{"@id":"https:\/\/www.cc3rivieres76.com\/blog\/#organization"},"image":{"@id":"https:\/\/www.cc3rivieres76.com\/blog\/le-nimois-est-interpelle-par-la-police-municipale-au-grau-du-roi-et-est-mis-en-cause-dans-les-vols-de-telephones-portables-et-de-cartes-bancaires\/#primaryimage"},"thumbnailUrl":"https:\/\/www.cc3rivieres76.com\/blog\/wp-content\/uploads\/2025\/06\/le-nimois-est-interpelle-par-la-police-municipale-au-grau-du-roi-et-est-mis-en-cause-dans-les-vols-de-telephones-portables-et-de-cartes-bancaires.jpg","articleSection":["Les 3 Rivi\u00e8res Dans La Somme:"],"inLanguage":"fr-FR"},{"@type":"WebPage","@id":"https:\/\/www.cc3rivieres76.com\/blog\/le-nimois-est-interpelle-par-la-police-municipale-au-grau-du-roi-et-est-mis-en-cause-dans-les-vols-de-telephones-portables-et-de-cartes-bancaires\/","url":"https:\/\/www.cc3rivieres76.com\/blog\/le-nimois-est-interpelle-par-la-police-municipale-au-grau-du-roi-et-est-mis-en-cause-dans-les-vols-de-telephones-portables-et-de-cartes-bancaires\/","name":"Le N\u00eemois est interpell\u00e9 par la police municipale au Grau-du-Roi et est mis en cause dans les vols de t\u00e9l\u00e9phones portables et de cartes bancaires - CC3RIVIERES76","isPartOf":{"@id":"https:\/\/www.cc3rivieres76.com\/blog\/#website"},"primaryImageOfPage":{"@id":"https:\/\/www.cc3rivieres76.com\/blog\/le-nimois-est-interpelle-par-la-police-municipale-au-grau-du-roi-et-est-mis-en-cause-dans-les-vols-de-telephones-portables-et-de-cartes-bancaires\/#primaryimage"},"image":{"@id":"https:\/\/www.cc3rivieres76.com\/blog\/le-nimois-est-interpelle-par-la-police-municipale-au-grau-du-roi-et-est-mis-en-cause-dans-les-vols-de-telephones-portables-et-de-cartes-bancaires\/#primaryimage"},"thumbnailUrl":"https:\/\/www.cc3rivieres76.com\/blog\/wp-content\/uploads\/2025\/06\/le-nimois-est-interpelle-par-la-police-municipale-au-grau-du-roi-et-est-mis-en-cause-dans-les-vols-de-telephones-portables-et-de-cartes-bancaires.jpg","datePublished":"2025-06-12T01:50:00+00:00","breadcrumb":{"@id":"https:\/\/www.cc3rivieres76.com\/blog\/le-nimois-est-interpelle-par-la-police-municipale-au-grau-du-roi-et-est-mis-en-cause-dans-les-vols-de-telephones-portables-et-de-cartes-bancaires\/#breadcrumb"},"inLanguage":"fr-FR","potentialAction":[{"@type":"ReadAction","target":["https:\/\/www.cc3rivieres76.com\/blog\/le-nimois-est-interpelle-par-la-police-municipale-au-grau-du-roi-et-est-mis-en-cause-dans-les-vols-de-telephones-portables-et-de-cartes-bancaires\/"]}]},{"@type":"ImageObject","inLanguage":"fr-FR","@id":"https:\/\/www.cc3rivieres76.com\/blog\/le-nimois-est-interpelle-par-la-police-municipale-au-grau-du-roi-et-est-mis-en-cause-dans-les-vols-de-telephones-portables-et-de-cartes-bancaires\/#primaryimage","url":"https:\/\/www.cc3rivieres76.com\/blog\/wp-content\/uploads\/2025\/06\/le-nimois-est-interpelle-par-la-police-municipale-au-grau-du-roi-et-est-mis-en-cause-dans-les-vols-de-telephones-portables-et-de-cartes-bancaires.jpg","contentUrl":"https:\/\/www.cc3rivieres76.com\/blog\/wp-content\/uploads\/2025\/06\/le-nimois-est-interpelle-par-la-police-municipale-au-grau-du-roi-et-est-mis-en-cause-dans-les-vols-de-telephones-portables-et-de-cartes-bancaires.jpg","width":885,"height":500,"caption":"Le N\u00eemois est interpell\u00e9 par la police municipale au Grau du Roi et est mis en cause dans les vols de t\u00e9l\u00e9phones portables et de cartes bancaires"},{"@type":"BreadcrumbList","@id":"https:\/\/www.cc3rivieres76.com\/blog\/le-nimois-est-interpelle-par-la-police-municipale-au-grau-du-roi-et-est-mis-en-cause-dans-les-vols-de-telephones-portables-et-de-cartes-bancaires\/#breadcrumb","itemListElement":[{"@type":"ListItem","position":1,"name":"Accueil","item":"https:\/\/www.cc3rivieres76.com\/blog\/"},{"@type":"ListItem","position":2,"name":"Le N\u00eemois est interpell\u00e9 par la police municipale au Grau-du-Roi et est mis en cause dans les vols de t\u00e9l\u00e9phones portables et de cartes bancaires"}]},{"@type":"WebSite","@id":"https:\/\/www.cc3rivieres76.com\/blog\/#website","url":"https:\/\/www.cc3rivieres76.com\/blog\/","name":"CC3RIVIERES76","description":"Les 3 rivi\u00e8res dans la Somme.","publisher":{"@id":"https:\/\/www.cc3rivieres76.com\/blog\/#organization"},"potentialAction":[{"@type":"SearchAction","target":{"@type":"EntryPoint","urlTemplate":"https:\/\/www.cc3rivieres76.com\/blog\/?s={search_term_string}"},"query-input":{"@type":"PropertyValueSpecification","valueRequired":true,"valueName":"search_term_string"}}],"inLanguage":"fr-FR"},{"@type":"Organization","@id":"https:\/\/www.cc3rivieres76.com\/blog\/#organization","name":"cc3rivieres76","url":"https:\/\/www.cc3rivieres76.com\/blog\/","logo":{"@type":"ImageObject","inLanguage":"fr-FR","@id":"https:\/\/www.cc3rivieres76.com\/blog\/#\/schema\/logo\/image\/","url":"https:\/\/www.cc3rivieres76.com\/blog\/wp-content\/uploads\/2023\/06\/logo-2.png","contentUrl":"https:\/\/www.cc3rivieres76.com\/blog\/wp-content\/uploads\/2023\/06\/logo-2.png","width":390,"height":388,"caption":"cc3rivieres76"},"image":{"@id":"https:\/\/www.cc3rivieres76.com\/blog\/#\/schema\/logo\/image\/"}},{"@type":"Person","@id":"https:\/\/www.cc3rivieres76.com\/blog\/#\/schema\/person\/474d457fb7747b5218f39792dfaa5a1c","name":"Sylvie DE LAUZAINGHEIN","image":{"@type":"ImageObject","inLanguage":"fr-FR","@id":"https:\/\/secure.gravatar.com\/avatar\/9c6a53b19e0a3431aa80de0895b9729fe665cd7e7d6cc94fc11abb152f4237d7?s=96&d=mm&r=g","url":"https:\/\/secure.gravatar.com\/avatar\/9c6a53b19e0a3431aa80de0895b9729fe665cd7e7d6cc94fc11abb152f4237d7?s=96&d=mm&r=g","contentUrl":"https:\/\/secure.gravatar.com\/avatar\/9c6a53b19e0a3431aa80de0895b9729fe665cd7e7d6cc94fc11abb152f4237d7?s=96&d=mm&r=g","caption":"Sylvie DE LAUZAINGHEIN"},"url":"https:\/\/www.cc3rivieres76.com\/blog\/author\/s76sylvie\/"}]}},"_links":{"self":[{"href":"https:\/\/www.cc3rivieres76.com\/blog\/wp-json\/wp\/v2\/posts\/733","targetHints":{"allow":["GET"]}}],"collection":[{"href":"https:\/\/www.cc3rivieres76.com\/blog\/wp-json\/wp\/v2\/posts"}],"about":[{"href":"https:\/\/www.cc3rivieres76.com\/blog\/wp-json\/wp\/v2\/types\/post"}],"author":[{"embeddable":true,"href":"https:\/\/www.cc3rivieres76.com\/blog\/wp-json\/wp\/v2\/users\/3"}],"replies":[{"embeddable":true,"href":"https:\/\/www.cc3rivieres76.com\/blog\/wp-json\/wp\/v2\/comments?post=733"}],"version-history":[{"count":0,"href":"https:\/\/www.cc3rivieres76.com\/blog\/wp-json\/wp\/v2\/posts\/733\/revisions"}],"wp:featuredmedia":[{"embeddable":true,"href":"https:\/\/www.cc3rivieres76.com\/blog\/wp-json\/wp\/v2\/media\/734"}],"wp:attachment":[{"href":"https:\/\/www.cc3rivieres76.com\/blog\/wp-json\/wp\/v2\/media?parent=733"}],"wp:term":[{"taxonomy":"category","embeddable":true,"href":"https:\/\/www.cc3rivieres76.com\/blog\/wp-json\/wp\/v2\/categories?post=733"},{"taxonomy":"post_tag","embeddable":true,"href":"https:\/\/www.cc3rivieres76.com\/blog\/wp-json\/wp\/v2\/tags?post=733"}],"curies":[{"name":"wp","href":"https:\/\/api.w.org\/{rel}","templated":true}]}}