{"id":741,"date":"2025-06-21T15:40:00","date_gmt":"2025-06-21T13:40:00","guid":{"rendered":"https:\/\/www.site.cdcl.xyz\/2025\/06\/21\/actus-francaises-lexposition-evenement-de-celeste-boursier-mougenot-a-la-bourse-de-commerce-france\/"},"modified":"2025-06-21T15:40:00","modified_gmt":"2025-06-21T13:40:00","slug":"actus-francaises-lexposition-evenement-de-celeste-boursier-mougenot-a-la-bourse-de-commerce-france","status":"publish","type":"post","link":"https:\/\/www.cc3rivieres76.com\/blog\/actus-francaises-lexposition-evenement-de-celeste-boursier-mougenot-a-la-bourse-de-commerce-france\/","title":{"rendered":"Actus fran\u00e7aises: l\u2019exposition \u00e9v\u00e9nement de C\u00e9leste Boursier-Mougenot, \u00e0 la Bourse de commerce #France"},"content":{"rendered":"\n<p>Je vais mettre en pleine lumi\u00e8re ce papier qui vient de para\u00eetre, dont la th\u00e9matique est \u00abActualit\u00e9 fran\u00e7aise\u00bb.<\/p>\n<h2>Ceci a \u00e9t\u00e9 diffus\u00e9 par Le Point \u2013 Toute l&rsquo;info en continu<\/h2>\n<p><u>Signature . <\/u><\/p>\n<p><u>Date et heure de la r\u00e9ception de la d\u00e9p\u00e9che sur notre fil d\u2019info:<\/u><strong><span id=\"date\"><\/span><\/strong><\/p>\n<p><u>Date et heure de publication sur internet:<\/u> <strong><span id=\"datecrea\"><\/span><\/strong><\/p>\n<p><u>Titre exacte donn\u00e9 par le journal \u00e9tait:<\/u> <strong>l\u2019exposition \u00e9v\u00e9nement de C\u00e9leste Boursier-Mougenot, \u00e0 la Bourse de commerce<\/strong><\/p>\n<p><u>Information et contenu publi\u00e9s :<\/u><\/p>\n<div id=\"contenu\"> <!-- include t_www_2023\/pages\/article\/blocs\/tag_pub.tpl --><br \/><!-- include \/t_www_2023\/pages\/article\/blocs\/tag_pub.tpl --><\/p>\n<p><span class=\"dflt-txt__lettrine\">I<\/span>l y a un nouveau lac au c\u0153ur de Paris. On ne s\u2019y baigne pas. On n\u2019y nourrit pas les canards. Non&nbsp;: on le regarde, on l\u2019\u00e9coute, on y r\u00eave. D\u2019autant que ce lac est constell\u00e9 de multiples bols en porcelaine qui flottent \u00e0 sa surface. Mus par un courant invisible, ils s\u2019entrechoquent avec douceur, produisant un tintement similaire \u00e0 celui que ferait le vent dans un mobile compos\u00e9 de fragments de cristal. Ce lac musical, parfaitement rond, de 18&nbsp;m\u00e8tres de diam\u00e8tre, est une \u0153uvre d\u2019art.<\/p>\n<section class=\"mbl txtcenter\">\n<div id=\"art-culture-nlculture\">\n<div id=\"newsletter\" class=\"bloc-1 title-top\">\n<span class=\"h2\">La newsletter culture<\/span><\/p>\n<div class=\"step-1\">\n<p class=\"period\">Tous les mercredis \u00e0 16h<\/p>\n<p>Recevez l\u2019actualit\u00e9 culturelle de la semaine \u00e0 ne pas manquer ainsi que les Enqu\u00eates, d\u00e9cryptages, portraits, tendances\u2026<\/p>\n<\/div>\n<div class=\"step-2\">\n<p>Merci !<br \/>Votre inscription a bien \u00e9t\u00e9 prise en compte avec l\u2019adresse email :<br \/><span class=\"email-sended\"><\/span><\/p>\n<p>Pour d\u00e9couvrir toutes nos autres newsletters, rendez-vous ici : MonCompte<\/p>\n<\/div>\n<p>En vous inscrivant, vous acceptez les conditions g\u00e9n\u00e9rales d\u2019utilisations et notre politique de confidentialit\u00e9.<\/p>\n<\/div>\n<\/div>\n<p>On peut l\u2019admirer sous la coupole de verre de la Bourse de commerce, au centre de sa rotonde de b\u00e9ton clair. Baptis\u00e9e <em>Clinamen<\/em> \u2013 le nom que donnait le philosophe antique Lucr\u00e8ce \u00e0 la d\u00e9viation spontan\u00e9e des atomes dont le choc permet \u00e0 la&nbsp;nature de cr\u00e9er \u2013, elle est due \u00e0 l\u2019artiste C\u00e9leste Boursier-Mougenot, qui n\u2019avait sans doute jamais eu pour elle d\u2019\u00e9crin aussi parfait.<\/p>\n<h2>Les jeux de C\u00e9leste Boursier-Mougenot<\/h2>\n<p><span class=\"Capsule discover-kangourou\"><br \/><span class=\"Phylactery\">\u00c0 D\u00e9couvrir<\/span><br \/><strong class=\"discover-kangourou__line\"><br \/><img decoding=\"async\" class=\"discover-kangourou__img\" src=\"https:\/\/www.site.cdcl.xyz\/wp-content\/uploads\/2024\/10\/Actus-nationales-Presidentielle-americaine-Kamala-Harris-hausse-le-ton-face.svg.svg+xml\"><br \/><strong class=\"discover-kangourou__txt\"><br \/><strong>Le Kangourou du jour<\/strong><\/strong><\/strong><\/span><\/p>\n<p>R\u00e9pondre<\/p>\n<p>\u00c0 son sujet, Emma Lavigne, commissaire de l\u2019exposition, conservatrice g\u00e9n\u00e9rale et directrice g\u00e9n\u00e9rale de la Collection Pinault (Fran\u00e7ois Pinault est propri\u00e9taire du <em>Point<\/em>), \u00e9voque Miro capturant \u00ab&nbsp;l\u2019infini dans l\u2019espace clos de la toile&nbsp;\u00bb ou Monet conf\u00e9rant \u00e0 un \u00e9tang \u00ab&nbsp;les dimensions de l\u2019illimit\u00e9.&nbsp;\u00bb L\u2019\u00e9t\u00e9 va bien \u00e0 <em>Clinamen<\/em>&nbsp;: les jeux d\u2019ombre et de lumi\u00e8re, orchestr\u00e9s par le soleil dans les membrures de la verri\u00e8re, dessinent sur l\u2019eau les fl\u00e8ches mouvantes d\u2019un cadran solaire autant que les longitudes d\u2019une fantastique mappemonde. La Terre est un lac sonore.<\/p>\n<p><em>\u00ab&nbsp;Clinamen&nbsp;\u00bb, de C\u00e9leste Boursier-Mougenot, \u00e0 la Bourse de commerce, \u00e0 Paris. Jusqu\u2019au 21&nbsp;septembre 2025.<\/em><\/p>\n<\/section>\n<\/div>\n<p> <img decoding=\"async\" src=\"https:\/\/www.cc3rivieres76.com\/blog\/wp-content\/uploads\/2025\/06\/actus-francaises-lexposition-evenement-de-celeste-boursier-mougenot-a-la-bourse-de-commerce-france.jpg\" alt=\"l\u2019exposition \u00e9v\u00e9nement de C\u00e9leste Boursier-Mougenot, \u00e0 la Bourse de commerce\"><\/p>\n<p>#lexposition #\u00e9v\u00e9nement #C\u00e9leste #BoursierMougenot #Bourse #commerce<\/p>\n<p>Reprise de l\u2019information dans un style journalistique professionnel descriptif en organisant les id\u00e9es dans un ordre coh\u00e9rent avec titres html <\/p>\n<p>Livres sur le m\u00eame th\u00e8me:<\/p>\n<p>Itin\u00e9raires de Paris \u00e0 J\u00e9rusalem : La France et le conflit isra\u00e9lo-arabe (1).,<a href=\"https:\/\/www.kobo.com\/fr\/fr\/ebook\/itineraires-de-paris-a-jerusalem-la-france-et-le-conflit-israelo-arabe-1\" target=\"_blank\" rel=\"noopener noreferrer nofollow\">Pr\u00e9sentation du livre<\/a><span><\/span>. Disponible dans toutes les bonnes de l\u2019\u00e9diteurs.<\/p>\n<p>La France en Chine.,<a href=\"https:\/\/www.kobo.com\/fr\/fr\/ebook\/la-france-en-chine\" target=\"_blank\" rel=\"noopener noreferrer nofollow\">Fiche compl\u00e8te<\/a><span><\/span>.<\/p>\n<p>Transformer la France.,<a href=\"https:\/\/www.kobo.com\/fr\/fr\/ebook\/transformer-la-france\" target=\"_blank\" rel=\"noopener noreferrer nofollow\">A d\u00e9couvrir <\/a><span><\/span>.<\/p>\n<p> Cet article, qui traite du th\u00e8me \u00ab\u00a0Les 3 rivi\u00e8res dans la Somme\u00a0\u00bb, vous est sp\u00e9cialement sugg\u00e9r\u00e9 par cc3rivieres76.com. La chronique est reproduite du mieux possible. Dans le cas o\u00f9 vous souhaitez apporter quelques pr\u00e9cisions concernant le domaine de \u00ab\u00a0Les 3 rivi\u00e8res dans la Somme\u00a0\u00bb vous pouvez solliciter notre r\u00e9daction. La destination de cc3rivieres76.com est de d\u00e9battre de Les 3 rivi\u00e8res dans la Somme dans la transparence en vous apportant la connaissance de tout ce qui est en lien avec ce sujet sur la toile Connectez-vous sur notre site cc3rivieres76.com et nos r\u00e9seaux sociaux dans le but d\u2019\u00eatre inform\u00e9 des futures publications.<\/p>\n","protected":false},"excerpt":{"rendered":"<p>Je vais mettre en pleine lumi\u00e8re ce papier qui vient de para\u00eetre, dont la th\u00e9matique est \u00abActualit\u00e9 fran\u00e7aise\u00bb. Ceci a \u00e9t\u00e9 diffus\u00e9 par Le Point \u2013 Toute l&rsquo;info en continu Signature . Date et heure de la r\u00e9ception de la d\u00e9p\u00e9che sur notre fil d\u2019info: Date et heure de publication sur internet: Titre exacte donn\u00e9 &hellip; <\/p>\n<p class=\"link-more\"><a href=\"https:\/\/www.cc3rivieres76.com\/blog\/actus-francaises-lexposition-evenement-de-celeste-boursier-mougenot-a-la-bourse-de-commerce-france\/\" class=\"more-link\">Continuer la lecture <span class=\"screen-reader-text\"> \u00ab\u00a0Actus fran\u00e7aises: l\u2019exposition \u00e9v\u00e9nement de C\u00e9leste Boursier-Mougenot, \u00e0 la Bourse de commerce #France\u00a0\u00bb<\/span><\/a><\/p>\n","protected":false},"author":3,"featured_media":0,"comment_status":"closed","ping_status":"closed","sticky":false,"template":"","format":"standard","meta":{"footnotes":""},"categories":[2],"tags":[],"class_list":["post-741","post","type-post","status-publish","format-standard","hentry","category-les-3-rivieres-dans-la-somme","entry"],"yoast_head":"<!-- This site is optimized with the Yoast SEO plugin v27.5 - https:\/\/yoast.com\/product\/yoast-seo-wordpress\/ -->\n<title>Actus fran\u00e7aises: l\u2019exposition \u00e9v\u00e9nement de C\u00e9leste Boursier-Mougenot, \u00e0 la Bourse de commerce #France - CC3RIVIERES76<\/title>\n<meta name=\"robots\" content=\"index, follow, max-snippet:-1, max-image-preview:large, max-video-preview:-1\" \/>\n<link rel=\"canonical\" href=\"https:\/\/www.cc3rivieres76.com\/blog\/actus-francaises-lexposition-evenement-de-celeste-boursier-mougenot-a-la-bourse-de-commerce-france\/\" \/>\n<meta property=\"og:locale\" content=\"fr_FR\" \/>\n<meta property=\"og:type\" content=\"article\" \/>\n<meta property=\"og:title\" content=\"Actus fran\u00e7aises: l\u2019exposition \u00e9v\u00e9nement de C\u00e9leste Boursier-Mougenot, \u00e0 la Bourse de commerce #France - CC3RIVIERES76\" \/>\n<meta property=\"og:description\" content=\"Je vais mettre en pleine lumi\u00e8re ce papier qui vient de para\u00eetre, dont la th\u00e9matique est \u00abActualit\u00e9 fran\u00e7aise\u00bb. Ceci a \u00e9t\u00e9 diffus\u00e9 par Le Point \u2013 Toute l&rsquo;info en continu Signature . Date et heure de la r\u00e9ception de la d\u00e9p\u00e9che sur notre fil d\u2019info: Date et heure de publication sur internet: Titre exacte donn\u00e9 &hellip; Continuer la lecture \u00ab\u00a0Actus fran\u00e7aises: l\u2019exposition \u00e9v\u00e9nement de C\u00e9leste Boursier-Mougenot, \u00e0 la Bourse de commerce #France\u00a0\u00bb\" \/>\n<meta property=\"og:url\" content=\"https:\/\/www.cc3rivieres76.com\/blog\/actus-francaises-lexposition-evenement-de-celeste-boursier-mougenot-a-la-bourse-de-commerce-france\/\" \/>\n<meta property=\"og:site_name\" content=\"CC3RIVIERES76\" \/>\n<meta property=\"article:published_time\" content=\"2025-06-21T13:40:00+00:00\" \/>\n<meta property=\"og:image\" content=\"https:\/\/www.site.cdcl.xyz\/wp-content\/uploads\/2024\/10\/Actus-nationales-Presidentielle-americaine-Kamala-Harris-hausse-le-ton-face.svg.svg+xml\" \/>\n<meta name=\"author\" content=\"Sylvie DE LAUZAINGHEIN\" \/>\n<meta name=\"twitter:card\" content=\"summary_large_image\" \/>\n<meta name=\"twitter:label1\" content=\"\u00c9crit par\" \/>\n\t<meta name=\"twitter:data1\" content=\"Sylvie DE LAUZAINGHEIN\" \/>\n\t<meta name=\"twitter:label2\" content=\"Dur\u00e9e de lecture estim\u00e9e\" \/>\n\t<meta name=\"twitter:data2\" content=\"3 minutes\" \/>\n<script type=\"application\/ld+json\" class=\"yoast-schema-graph\">{\"@context\":\"https:\\\/\\\/schema.org\",\"@graph\":[{\"@type\":\"Article\",\"@id\":\"https:\\\/\\\/www.cc3rivieres76.com\\\/blog\\\/actus-francaises-lexposition-evenement-de-celeste-boursier-mougenot-a-la-bourse-de-commerce-france\\\/#article\",\"isPartOf\":{\"@id\":\"https:\\\/\\\/www.cc3rivieres76.com\\\/blog\\\/actus-francaises-lexposition-evenement-de-celeste-boursier-mougenot-a-la-bourse-de-commerce-france\\\/\"},\"author\":{\"name\":\"Sylvie DE LAUZAINGHEIN\",\"@id\":\"https:\\\/\\\/www.cc3rivieres76.com\\\/blog\\\/#\\\/schema\\\/person\\\/474d457fb7747b5218f39792dfaa5a1c\"},\"headline\":\"Actus fran\u00e7aises: l\u2019exposition \u00e9v\u00e9nement de C\u00e9leste Boursier-Mougenot, \u00e0 la Bourse de commerce #France\",\"datePublished\":\"2025-06-21T13:40:00+00:00\",\"mainEntityOfPage\":{\"@id\":\"https:\\\/\\\/www.cc3rivieres76.com\\\/blog\\\/actus-francaises-lexposition-evenement-de-celeste-boursier-mougenot-a-la-bourse-de-commerce-france\\\/\"},\"wordCount\":663,\"publisher\":{\"@id\":\"https:\\\/\\\/www.cc3rivieres76.com\\\/blog\\\/#organization\"},\"image\":{\"@id\":\"https:\\\/\\\/www.cc3rivieres76.com\\\/blog\\\/actus-francaises-lexposition-evenement-de-celeste-boursier-mougenot-a-la-bourse-de-commerce-france\\\/#primaryimage\"},\"thumbnailUrl\":\"https:\\\/\\\/www.site.cdcl.xyz\\\/wp-content\\\/uploads\\\/2024\\\/10\\\/Actus-nationales-Presidentielle-americaine-Kamala-Harris-hausse-le-ton-face.svg.svg+xml\",\"articleSection\":[\"Les 3 Rivi\u00e8res Dans La Somme:\"],\"inLanguage\":\"fr-FR\"},{\"@type\":\"WebPage\",\"@id\":\"https:\\\/\\\/www.cc3rivieres76.com\\\/blog\\\/actus-francaises-lexposition-evenement-de-celeste-boursier-mougenot-a-la-bourse-de-commerce-france\\\/\",\"url\":\"https:\\\/\\\/www.cc3rivieres76.com\\\/blog\\\/actus-francaises-lexposition-evenement-de-celeste-boursier-mougenot-a-la-bourse-de-commerce-france\\\/\",\"name\":\"Actus fran\u00e7aises: l\u2019exposition \u00e9v\u00e9nement de C\u00e9leste Boursier-Mougenot, \u00e0 la Bourse de commerce #France - CC3RIVIERES76\",\"isPartOf\":{\"@id\":\"https:\\\/\\\/www.cc3rivieres76.com\\\/blog\\\/#website\"},\"primaryImageOfPage\":{\"@id\":\"https:\\\/\\\/www.cc3rivieres76.com\\\/blog\\\/actus-francaises-lexposition-evenement-de-celeste-boursier-mougenot-a-la-bourse-de-commerce-france\\\/#primaryimage\"},\"image\":{\"@id\":\"https:\\\/\\\/www.cc3rivieres76.com\\\/blog\\\/actus-francaises-lexposition-evenement-de-celeste-boursier-mougenot-a-la-bourse-de-commerce-france\\\/#primaryimage\"},\"thumbnailUrl\":\"https:\\\/\\\/www.site.cdcl.xyz\\\/wp-content\\\/uploads\\\/2024\\\/10\\\/Actus-nationales-Presidentielle-americaine-Kamala-Harris-hausse-le-ton-face.svg.svg+xml\",\"datePublished\":\"2025-06-21T13:40:00+00:00\",\"breadcrumb\":{\"@id\":\"https:\\\/\\\/www.cc3rivieres76.com\\\/blog\\\/actus-francaises-lexposition-evenement-de-celeste-boursier-mougenot-a-la-bourse-de-commerce-france\\\/#breadcrumb\"},\"inLanguage\":\"fr-FR\",\"potentialAction\":[{\"@type\":\"ReadAction\",\"target\":[\"https:\\\/\\\/www.cc3rivieres76.com\\\/blog\\\/actus-francaises-lexposition-evenement-de-celeste-boursier-mougenot-a-la-bourse-de-commerce-france\\\/\"]}]},{\"@type\":\"ImageObject\",\"inLanguage\":\"fr-FR\",\"@id\":\"https:\\\/\\\/www.cc3rivieres76.com\\\/blog\\\/actus-francaises-lexposition-evenement-de-celeste-boursier-mougenot-a-la-bourse-de-commerce-france\\\/#primaryimage\",\"url\":\"https:\\\/\\\/www.site.cdcl.xyz\\\/wp-content\\\/uploads\\\/2024\\\/10\\\/Actus-nationales-Presidentielle-americaine-Kamala-Harris-hausse-le-ton-face.svg.svg+xml\",\"contentUrl\":\"https:\\\/\\\/www.site.cdcl.xyz\\\/wp-content\\\/uploads\\\/2024\\\/10\\\/Actus-nationales-Presidentielle-americaine-Kamala-Harris-hausse-le-ton-face.svg.svg+xml\"},{\"@type\":\"BreadcrumbList\",\"@id\":\"https:\\\/\\\/www.cc3rivieres76.com\\\/blog\\\/actus-francaises-lexposition-evenement-de-celeste-boursier-mougenot-a-la-bourse-de-commerce-france\\\/#breadcrumb\",\"itemListElement\":[{\"@type\":\"ListItem\",\"position\":1,\"name\":\"Accueil\",\"item\":\"https:\\\/\\\/www.cc3rivieres76.com\\\/blog\\\/\"},{\"@type\":\"ListItem\",\"position\":2,\"name\":\"Actus fran\u00e7aises: l\u2019exposition \u00e9v\u00e9nement de C\u00e9leste Boursier-Mougenot, \u00e0 la Bourse de commerce #France\"}]},{\"@type\":\"WebSite\",\"@id\":\"https:\\\/\\\/www.cc3rivieres76.com\\\/blog\\\/#website\",\"url\":\"https:\\\/\\\/www.cc3rivieres76.com\\\/blog\\\/\",\"name\":\"CC3RIVIERES76\",\"description\":\"Les 3 rivi\u00e8res dans la Somme.\",\"publisher\":{\"@id\":\"https:\\\/\\\/www.cc3rivieres76.com\\\/blog\\\/#organization\"},\"potentialAction\":[{\"@type\":\"SearchAction\",\"target\":{\"@type\":\"EntryPoint\",\"urlTemplate\":\"https:\\\/\\\/www.cc3rivieres76.com\\\/blog\\\/?s={search_term_string}\"},\"query-input\":{\"@type\":\"PropertyValueSpecification\",\"valueRequired\":true,\"valueName\":\"search_term_string\"}}],\"inLanguage\":\"fr-FR\"},{\"@type\":\"Organization\",\"@id\":\"https:\\\/\\\/www.cc3rivieres76.com\\\/blog\\\/#organization\",\"name\":\"cc3rivieres76\",\"url\":\"https:\\\/\\\/www.cc3rivieres76.com\\\/blog\\\/\",\"logo\":{\"@type\":\"ImageObject\",\"inLanguage\":\"fr-FR\",\"@id\":\"https:\\\/\\\/www.cc3rivieres76.com\\\/blog\\\/#\\\/schema\\\/logo\\\/image\\\/\",\"url\":\"https:\\\/\\\/www.cc3rivieres76.com\\\/blog\\\/wp-content\\\/uploads\\\/2023\\\/06\\\/logo-2.png\",\"contentUrl\":\"https:\\\/\\\/www.cc3rivieres76.com\\\/blog\\\/wp-content\\\/uploads\\\/2023\\\/06\\\/logo-2.png\",\"width\":390,\"height\":388,\"caption\":\"cc3rivieres76\"},\"image\":{\"@id\":\"https:\\\/\\\/www.cc3rivieres76.com\\\/blog\\\/#\\\/schema\\\/logo\\\/image\\\/\"}},{\"@type\":\"Person\",\"@id\":\"https:\\\/\\\/www.cc3rivieres76.com\\\/blog\\\/#\\\/schema\\\/person\\\/474d457fb7747b5218f39792dfaa5a1c\",\"name\":\"Sylvie DE LAUZAINGHEIN\",\"image\":{\"@type\":\"ImageObject\",\"inLanguage\":\"fr-FR\",\"@id\":\"https:\\\/\\\/secure.gravatar.com\\\/avatar\\\/9c6a53b19e0a3431aa80de0895b9729fe665cd7e7d6cc94fc11abb152f4237d7?s=96&d=mm&r=g\",\"url\":\"https:\\\/\\\/secure.gravatar.com\\\/avatar\\\/9c6a53b19e0a3431aa80de0895b9729fe665cd7e7d6cc94fc11abb152f4237d7?s=96&d=mm&r=g\",\"contentUrl\":\"https:\\\/\\\/secure.gravatar.com\\\/avatar\\\/9c6a53b19e0a3431aa80de0895b9729fe665cd7e7d6cc94fc11abb152f4237d7?s=96&d=mm&r=g\",\"caption\":\"Sylvie DE LAUZAINGHEIN\"},\"url\":\"https:\\\/\\\/www.cc3rivieres76.com\\\/blog\\\/author\\\/s76sylvie\\\/\"}]}<\/script>\n<!-- \/ Yoast SEO plugin. -->","yoast_head_json":{"title":"Actus fran\u00e7aises: l\u2019exposition \u00e9v\u00e9nement de C\u00e9leste Boursier-Mougenot, \u00e0 la Bourse de commerce #France - CC3RIVIERES76","robots":{"index":"index","follow":"follow","max-snippet":"max-snippet:-1","max-image-preview":"max-image-preview:large","max-video-preview":"max-video-preview:-1"},"canonical":"https:\/\/www.cc3rivieres76.com\/blog\/actus-francaises-lexposition-evenement-de-celeste-boursier-mougenot-a-la-bourse-de-commerce-france\/","og_locale":"fr_FR","og_type":"article","og_title":"Actus fran\u00e7aises: l\u2019exposition \u00e9v\u00e9nement de C\u00e9leste Boursier-Mougenot, \u00e0 la Bourse de commerce #France - CC3RIVIERES76","og_description":"Je vais mettre en pleine lumi\u00e8re ce papier qui vient de para\u00eetre, dont la th\u00e9matique est \u00abActualit\u00e9 fran\u00e7aise\u00bb. Ceci a \u00e9t\u00e9 diffus\u00e9 par Le Point \u2013 Toute l&rsquo;info en continu Signature . Date et heure de la r\u00e9ception de la d\u00e9p\u00e9che sur notre fil d\u2019info: Date et heure de publication sur internet: Titre exacte donn\u00e9 &hellip; Continuer la lecture \u00ab\u00a0Actus fran\u00e7aises: l\u2019exposition \u00e9v\u00e9nement de C\u00e9leste Boursier-Mougenot, \u00e0 la Bourse de commerce #France\u00a0\u00bb","og_url":"https:\/\/www.cc3rivieres76.com\/blog\/actus-francaises-lexposition-evenement-de-celeste-boursier-mougenot-a-la-bourse-de-commerce-france\/","og_site_name":"CC3RIVIERES76","article_published_time":"2025-06-21T13:40:00+00:00","og_image":[{"url":"https:\/\/www.site.cdcl.xyz\/wp-content\/uploads\/2024\/10\/Actus-nationales-Presidentielle-americaine-Kamala-Harris-hausse-le-ton-face.svg.svg+xml","type":"","width":"","height":""}],"author":"Sylvie DE LAUZAINGHEIN","twitter_card":"summary_large_image","twitter_misc":{"\u00c9crit par":"Sylvie DE LAUZAINGHEIN","Dur\u00e9e de lecture estim\u00e9e":"3 minutes"},"schema":{"@context":"https:\/\/schema.org","@graph":[{"@type":"Article","@id":"https:\/\/www.cc3rivieres76.com\/blog\/actus-francaises-lexposition-evenement-de-celeste-boursier-mougenot-a-la-bourse-de-commerce-france\/#article","isPartOf":{"@id":"https:\/\/www.cc3rivieres76.com\/blog\/actus-francaises-lexposition-evenement-de-celeste-boursier-mougenot-a-la-bourse-de-commerce-france\/"},"author":{"name":"Sylvie DE LAUZAINGHEIN","@id":"https:\/\/www.cc3rivieres76.com\/blog\/#\/schema\/person\/474d457fb7747b5218f39792dfaa5a1c"},"headline":"Actus fran\u00e7aises: l\u2019exposition \u00e9v\u00e9nement de C\u00e9leste Boursier-Mougenot, \u00e0 la Bourse de commerce #France","datePublished":"2025-06-21T13:40:00+00:00","mainEntityOfPage":{"@id":"https:\/\/www.cc3rivieres76.com\/blog\/actus-francaises-lexposition-evenement-de-celeste-boursier-mougenot-a-la-bourse-de-commerce-france\/"},"wordCount":663,"publisher":{"@id":"https:\/\/www.cc3rivieres76.com\/blog\/#organization"},"image":{"@id":"https:\/\/www.cc3rivieres76.com\/blog\/actus-francaises-lexposition-evenement-de-celeste-boursier-mougenot-a-la-bourse-de-commerce-france\/#primaryimage"},"thumbnailUrl":"https:\/\/www.site.cdcl.xyz\/wp-content\/uploads\/2024\/10\/Actus-nationales-Presidentielle-americaine-Kamala-Harris-hausse-le-ton-face.svg.svg+xml","articleSection":["Les 3 Rivi\u00e8res Dans La Somme:"],"inLanguage":"fr-FR"},{"@type":"WebPage","@id":"https:\/\/www.cc3rivieres76.com\/blog\/actus-francaises-lexposition-evenement-de-celeste-boursier-mougenot-a-la-bourse-de-commerce-france\/","url":"https:\/\/www.cc3rivieres76.com\/blog\/actus-francaises-lexposition-evenement-de-celeste-boursier-mougenot-a-la-bourse-de-commerce-france\/","name":"Actus fran\u00e7aises: l\u2019exposition \u00e9v\u00e9nement de C\u00e9leste Boursier-Mougenot, \u00e0 la Bourse de commerce #France - CC3RIVIERES76","isPartOf":{"@id":"https:\/\/www.cc3rivieres76.com\/blog\/#website"},"primaryImageOfPage":{"@id":"https:\/\/www.cc3rivieres76.com\/blog\/actus-francaises-lexposition-evenement-de-celeste-boursier-mougenot-a-la-bourse-de-commerce-france\/#primaryimage"},"image":{"@id":"https:\/\/www.cc3rivieres76.com\/blog\/actus-francaises-lexposition-evenement-de-celeste-boursier-mougenot-a-la-bourse-de-commerce-france\/#primaryimage"},"thumbnailUrl":"https:\/\/www.site.cdcl.xyz\/wp-content\/uploads\/2024\/10\/Actus-nationales-Presidentielle-americaine-Kamala-Harris-hausse-le-ton-face.svg.svg+xml","datePublished":"2025-06-21T13:40:00+00:00","breadcrumb":{"@id":"https:\/\/www.cc3rivieres76.com\/blog\/actus-francaises-lexposition-evenement-de-celeste-boursier-mougenot-a-la-bourse-de-commerce-france\/#breadcrumb"},"inLanguage":"fr-FR","potentialAction":[{"@type":"ReadAction","target":["https:\/\/www.cc3rivieres76.com\/blog\/actus-francaises-lexposition-evenement-de-celeste-boursier-mougenot-a-la-bourse-de-commerce-france\/"]}]},{"@type":"ImageObject","inLanguage":"fr-FR","@id":"https:\/\/www.cc3rivieres76.com\/blog\/actus-francaises-lexposition-evenement-de-celeste-boursier-mougenot-a-la-bourse-de-commerce-france\/#primaryimage","url":"https:\/\/www.site.cdcl.xyz\/wp-content\/uploads\/2024\/10\/Actus-nationales-Presidentielle-americaine-Kamala-Harris-hausse-le-ton-face.svg.svg+xml","contentUrl":"https:\/\/www.site.cdcl.xyz\/wp-content\/uploads\/2024\/10\/Actus-nationales-Presidentielle-americaine-Kamala-Harris-hausse-le-ton-face.svg.svg+xml"},{"@type":"BreadcrumbList","@id":"https:\/\/www.cc3rivieres76.com\/blog\/actus-francaises-lexposition-evenement-de-celeste-boursier-mougenot-a-la-bourse-de-commerce-france\/#breadcrumb","itemListElement":[{"@type":"ListItem","position":1,"name":"Accueil","item":"https:\/\/www.cc3rivieres76.com\/blog\/"},{"@type":"ListItem","position":2,"name":"Actus fran\u00e7aises: l\u2019exposition \u00e9v\u00e9nement de C\u00e9leste Boursier-Mougenot, \u00e0 la Bourse de commerce #France"}]},{"@type":"WebSite","@id":"https:\/\/www.cc3rivieres76.com\/blog\/#website","url":"https:\/\/www.cc3rivieres76.com\/blog\/","name":"CC3RIVIERES76","description":"Les 3 rivi\u00e8res dans la Somme.","publisher":{"@id":"https:\/\/www.cc3rivieres76.com\/blog\/#organization"},"potentialAction":[{"@type":"SearchAction","target":{"@type":"EntryPoint","urlTemplate":"https:\/\/www.cc3rivieres76.com\/blog\/?s={search_term_string}"},"query-input":{"@type":"PropertyValueSpecification","valueRequired":true,"valueName":"search_term_string"}}],"inLanguage":"fr-FR"},{"@type":"Organization","@id":"https:\/\/www.cc3rivieres76.com\/blog\/#organization","name":"cc3rivieres76","url":"https:\/\/www.cc3rivieres76.com\/blog\/","logo":{"@type":"ImageObject","inLanguage":"fr-FR","@id":"https:\/\/www.cc3rivieres76.com\/blog\/#\/schema\/logo\/image\/","url":"https:\/\/www.cc3rivieres76.com\/blog\/wp-content\/uploads\/2023\/06\/logo-2.png","contentUrl":"https:\/\/www.cc3rivieres76.com\/blog\/wp-content\/uploads\/2023\/06\/logo-2.png","width":390,"height":388,"caption":"cc3rivieres76"},"image":{"@id":"https:\/\/www.cc3rivieres76.com\/blog\/#\/schema\/logo\/image\/"}},{"@type":"Person","@id":"https:\/\/www.cc3rivieres76.com\/blog\/#\/schema\/person\/474d457fb7747b5218f39792dfaa5a1c","name":"Sylvie DE LAUZAINGHEIN","image":{"@type":"ImageObject","inLanguage":"fr-FR","@id":"https:\/\/secure.gravatar.com\/avatar\/9c6a53b19e0a3431aa80de0895b9729fe665cd7e7d6cc94fc11abb152f4237d7?s=96&d=mm&r=g","url":"https:\/\/secure.gravatar.com\/avatar\/9c6a53b19e0a3431aa80de0895b9729fe665cd7e7d6cc94fc11abb152f4237d7?s=96&d=mm&r=g","contentUrl":"https:\/\/secure.gravatar.com\/avatar\/9c6a53b19e0a3431aa80de0895b9729fe665cd7e7d6cc94fc11abb152f4237d7?s=96&d=mm&r=g","caption":"Sylvie DE LAUZAINGHEIN"},"url":"https:\/\/www.cc3rivieres76.com\/blog\/author\/s76sylvie\/"}]}},"_links":{"self":[{"href":"https:\/\/www.cc3rivieres76.com\/blog\/wp-json\/wp\/v2\/posts\/741","targetHints":{"allow":["GET"]}}],"collection":[{"href":"https:\/\/www.cc3rivieres76.com\/blog\/wp-json\/wp\/v2\/posts"}],"about":[{"href":"https:\/\/www.cc3rivieres76.com\/blog\/wp-json\/wp\/v2\/types\/post"}],"author":[{"embeddable":true,"href":"https:\/\/www.cc3rivieres76.com\/blog\/wp-json\/wp\/v2\/users\/3"}],"replies":[{"embeddable":true,"href":"https:\/\/www.cc3rivieres76.com\/blog\/wp-json\/wp\/v2\/comments?post=741"}],"version-history":[{"count":0,"href":"https:\/\/www.cc3rivieres76.com\/blog\/wp-json\/wp\/v2\/posts\/741\/revisions"}],"wp:attachment":[{"href":"https:\/\/www.cc3rivieres76.com\/blog\/wp-json\/wp\/v2\/media?parent=741"}],"wp:term":[{"taxonomy":"category","embeddable":true,"href":"https:\/\/www.cc3rivieres76.com\/blog\/wp-json\/wp\/v2\/categories?post=741"},{"taxonomy":"post_tag","embeddable":true,"href":"https:\/\/www.cc3rivieres76.com\/blog\/wp-json\/wp\/v2\/tags?post=741"}],"curies":[{"name":"wp","href":"https:\/\/api.w.org\/{rel}","templated":true}]}}