{"id":753,"date":"2025-06-24T17:51:00","date_gmt":"2025-06-24T15:51:00","guid":{"rendered":"https:\/\/www.site.cdcl.xyz\/2025\/06\/24\/actus-francaises-site-dexposition-a-la-rougeole-supplementaire-nomme-dans-le-comte-de-lamar\/"},"modified":"2025-06-24T17:51:00","modified_gmt":"2025-06-24T15:51:00","slug":"actus-francaises-site-dexposition-a-la-rougeole-supplementaire-nomme-dans-le-comte-de-lamar","status":"publish","type":"post","link":"https:\/\/www.cc3rivieres76.com\/blog\/actus-francaises-site-dexposition-a-la-rougeole-supplementaire-nomme-dans-le-comte-de-lamar\/","title":{"rendered":"Actus fran\u00e7aises: Site d&rsquo;exposition \u00e0 la rougeole suppl\u00e9mentaire nomm\u00e9 dans le comt\u00e9 de Lamar"},"content":{"rendered":"\n<p><img decoding=\"async\" src=\"https:\/\/www.cc3rivieres76.com\/blog\/wp-content\/uploads\/2025\/06\/actus-francaises-site-dexposition-a-la-rougeole-supplementaire-nomme-dans-le-comte-de-lamar.jpg\"><br \/>Lundi, selon l&rsquo;\u00e9pid\u00e9miologiste Allison Thrasher Allen du d\u00e9partement de sant\u00e9 du comt\u00e9 de Paris \/ Lamar, le 23 juin, un cas de rougeole suppl\u00e9mentaire a \u00e9t\u00e9 signal\u00e9 dans le comt\u00e9 de Lamar, portant le total \u00e0 25 cas totaux dans le comt\u00e9.<\/p>\n<p>Publications sur le m\u00eame th\u00e8me:<\/p>\n<p>Histoire de France (Volume 5) \u2013 La France des lumi\u00e8res et des r\u00e9volutions, de 1715 \u00e0 1815.,<a href=\"https:\/\/www.kobo.com\/fr\/fr\/audiobook\/histoire-de-france-volume-5-la-france-des-lumieres-et-des-revolutions-de-1715-a-1815\" target=\"_blank\" rel=\"noopener noreferrer nofollow\">Pour en savoir plus<\/a><span><\/span>.<\/p>\n<p>L\u2019\u00e9conomie de la t\u00e9l\u00e9phonie\/La r\u00e9gulation.,<a href=\"https:\/\/fr.wikibooks.org\/wiki\/L%27%C3%A9conomie_de_la_t%C3%A9l%C3%A9phonie\/La_r%C3%A9gulation\" target=\"_blank\" rel=\"noopener noreferrer nofollow\">Lien sur la fiche de pr\u00e9sentation de cet ouvrage<\/a><span><\/span>. Disponible dans toutes les bonnes librairies.<\/p>\n<p>Quand la France commence-t-elle ?.,<a href=\"https:\/\/www.kobo.com\/fr\/fr\/ebook\/quand-la-france-commence-t-elle\" target=\"_blank\" rel=\"noopener noreferrer nofollow\">Pr\u00e9sentation de l\u2019ouvrage<\/a><span><\/span>. Disponible chez votre libraire.<\/p>\n<p> Cet article, qui traite du th\u00e8me \u00ab\u00a0Les 3 rivi\u00e8res dans la Somme\u00a0\u00bb, vous est sp\u00e9cialement sugg\u00e9r\u00e9 par cc3rivieres76.com. La chronique est reproduite du mieux possible. Dans le cas o\u00f9 vous souhaitez apporter quelques pr\u00e9cisions concernant le domaine de \u00ab\u00a0Les 3 rivi\u00e8res dans la Somme\u00a0\u00bb vous pouvez solliciter notre r\u00e9daction. La destination de cc3rivieres76.com est de d\u00e9battre de Les 3 rivi\u00e8res dans la Somme dans la transparence en vous apportant la connaissance de tout ce qui est en lien avec ce sujet sur la toile Connectez-vous sur notre site cc3rivieres76.com et nos r\u00e9seaux sociaux dans le but d\u2019\u00eatre inform\u00e9 des futures publications.<\/p>\n","protected":false},"excerpt":{"rendered":"<p>Lundi, selon l&rsquo;\u00e9pid\u00e9miologiste Allison Thrasher Allen du d\u00e9partement de sant\u00e9 du comt\u00e9 de Paris \/ Lamar, le 23 juin, un cas de rougeole suppl\u00e9mentaire a \u00e9t\u00e9 signal\u00e9 dans le comt\u00e9 de Lamar, portant le total \u00e0 25 cas totaux dans le comt\u00e9. Publications sur le m\u00eame th\u00e8me: Histoire de France (Volume 5) \u2013 La France &hellip; <\/p>\n<p class=\"link-more\"><a href=\"https:\/\/www.cc3rivieres76.com\/blog\/actus-francaises-site-dexposition-a-la-rougeole-supplementaire-nomme-dans-le-comte-de-lamar\/\" class=\"more-link\">Continuer la lecture <span class=\"screen-reader-text\"> \u00ab\u00a0Actus fran\u00e7aises: Site d&rsquo;exposition \u00e0 la rougeole suppl\u00e9mentaire nomm\u00e9 dans le comt\u00e9 de Lamar\u00a0\u00bb<\/span><\/a><\/p>\n","protected":false},"author":3,"featured_media":754,"comment_status":"closed","ping_status":"closed","sticky":false,"template":"","format":"standard","meta":{"footnotes":""},"categories":[2],"tags":[],"class_list":["post-753","post","type-post","status-publish","format-standard","has-post-thumbnail","hentry","category-les-3-rivieres-dans-la-somme","entry"],"yoast_head":"<!-- This site is optimized with the Yoast SEO plugin v27.5 - https:\/\/yoast.com\/product\/yoast-seo-wordpress\/ -->\n<title>Actus fran\u00e7aises: Site d&#039;exposition \u00e0 la rougeole suppl\u00e9mentaire nomm\u00e9 dans le comt\u00e9 de Lamar - CC3RIVIERES76<\/title>\n<meta name=\"robots\" content=\"index, follow, max-snippet:-1, max-image-preview:large, max-video-preview:-1\" \/>\n<link rel=\"canonical\" href=\"https:\/\/www.cc3rivieres76.com\/blog\/actus-francaises-site-dexposition-a-la-rougeole-supplementaire-nomme-dans-le-comte-de-lamar\/\" \/>\n<meta property=\"og:locale\" content=\"fr_FR\" \/>\n<meta property=\"og:type\" content=\"article\" \/>\n<meta property=\"og:title\" content=\"Actus fran\u00e7aises: Site d&#039;exposition \u00e0 la rougeole suppl\u00e9mentaire nomm\u00e9 dans le comt\u00e9 de Lamar - CC3RIVIERES76\" \/>\n<meta property=\"og:description\" content=\"Lundi, selon l&rsquo;\u00e9pid\u00e9miologiste Allison Thrasher Allen du d\u00e9partement de sant\u00e9 du comt\u00e9 de Paris \/ Lamar, le 23 juin, un cas de rougeole suppl\u00e9mentaire a \u00e9t\u00e9 signal\u00e9 dans le comt\u00e9 de Lamar, portant le total \u00e0 25 cas totaux dans le comt\u00e9. Publications sur le m\u00eame th\u00e8me: Histoire de France (Volume 5) \u2013 La France &hellip; Continuer la lecture \u00ab\u00a0Actus fran\u00e7aises: Site d&rsquo;exposition \u00e0 la rougeole suppl\u00e9mentaire nomm\u00e9 dans le comt\u00e9 de Lamar\u00a0\u00bb\" \/>\n<meta property=\"og:url\" content=\"https:\/\/www.cc3rivieres76.com\/blog\/actus-francaises-site-dexposition-a-la-rougeole-supplementaire-nomme-dans-le-comte-de-lamar\/\" \/>\n<meta property=\"og:site_name\" content=\"CC3RIVIERES76\" \/>\n<meta property=\"article:published_time\" content=\"2025-06-24T15:51:00+00:00\" \/>\n<meta property=\"og:image\" content=\"https:\/\/www.cc3rivieres76.com\/blog\/wp-content\/uploads\/2025\/06\/actus-francaises-site-dexposition-a-la-rougeole-supplementaire-nomme-dans-le-comte-de-lamar.jpg\" \/>\n<meta name=\"author\" content=\"Sylvie DE LAUZAINGHEIN\" \/>\n<meta name=\"twitter:card\" content=\"summary_large_image\" \/>\n<meta name=\"twitter:label1\" content=\"\u00c9crit par\" \/>\n\t<meta name=\"twitter:data1\" content=\"Sylvie DE LAUZAINGHEIN\" \/>\n\t<meta name=\"twitter:label2\" content=\"Dur\u00e9e de lecture estim\u00e9e\" \/>\n\t<meta name=\"twitter:data2\" content=\"1 minute\" \/>\n<script type=\"application\/ld+json\" class=\"yoast-schema-graph\">{\"@context\":\"https:\\\/\\\/schema.org\",\"@graph\":[{\"@type\":\"Article\",\"@id\":\"https:\\\/\\\/www.cc3rivieres76.com\\\/blog\\\/actus-francaises-site-dexposition-a-la-rougeole-supplementaire-nomme-dans-le-comte-de-lamar\\\/#article\",\"isPartOf\":{\"@id\":\"https:\\\/\\\/www.cc3rivieres76.com\\\/blog\\\/actus-francaises-site-dexposition-a-la-rougeole-supplementaire-nomme-dans-le-comte-de-lamar\\\/\"},\"author\":{\"name\":\"Sylvie DE LAUZAINGHEIN\",\"@id\":\"https:\\\/\\\/www.cc3rivieres76.com\\\/blog\\\/#\\\/schema\\\/person\\\/474d457fb7747b5218f39792dfaa5a1c\"},\"headline\":\"Actus fran\u00e7aises: Site d&rsquo;exposition \u00e0 la rougeole suppl\u00e9mentaire nomm\u00e9 dans le comt\u00e9 de Lamar\",\"datePublished\":\"2025-06-24T15:51:00+00:00\",\"mainEntityOfPage\":{\"@id\":\"https:\\\/\\\/www.cc3rivieres76.com\\\/blog\\\/actus-francaises-site-dexposition-a-la-rougeole-supplementaire-nomme-dans-le-comte-de-lamar\\\/\"},\"wordCount\":237,\"publisher\":{\"@id\":\"https:\\\/\\\/www.cc3rivieres76.com\\\/blog\\\/#organization\"},\"image\":{\"@id\":\"https:\\\/\\\/www.cc3rivieres76.com\\\/blog\\\/actus-francaises-site-dexposition-a-la-rougeole-supplementaire-nomme-dans-le-comte-de-lamar\\\/#primaryimage\"},\"thumbnailUrl\":\"https:\\\/\\\/www.cc3rivieres76.com\\\/blog\\\/wp-content\\\/uploads\\\/2025\\\/06\\\/actus-francaises-site-dexposition-a-la-rougeole-supplementaire-nomme-dans-le-comte-de-lamar.jpg\",\"articleSection\":[\"Les 3 Rivi\u00e8res Dans La Somme:\"],\"inLanguage\":\"fr-FR\"},{\"@type\":\"WebPage\",\"@id\":\"https:\\\/\\\/www.cc3rivieres76.com\\\/blog\\\/actus-francaises-site-dexposition-a-la-rougeole-supplementaire-nomme-dans-le-comte-de-lamar\\\/\",\"url\":\"https:\\\/\\\/www.cc3rivieres76.com\\\/blog\\\/actus-francaises-site-dexposition-a-la-rougeole-supplementaire-nomme-dans-le-comte-de-lamar\\\/\",\"name\":\"Actus fran\u00e7aises: Site d'exposition \u00e0 la rougeole suppl\u00e9mentaire nomm\u00e9 dans le comt\u00e9 de Lamar - CC3RIVIERES76\",\"isPartOf\":{\"@id\":\"https:\\\/\\\/www.cc3rivieres76.com\\\/blog\\\/#website\"},\"primaryImageOfPage\":{\"@id\":\"https:\\\/\\\/www.cc3rivieres76.com\\\/blog\\\/actus-francaises-site-dexposition-a-la-rougeole-supplementaire-nomme-dans-le-comte-de-lamar\\\/#primaryimage\"},\"image\":{\"@id\":\"https:\\\/\\\/www.cc3rivieres76.com\\\/blog\\\/actus-francaises-site-dexposition-a-la-rougeole-supplementaire-nomme-dans-le-comte-de-lamar\\\/#primaryimage\"},\"thumbnailUrl\":\"https:\\\/\\\/www.cc3rivieres76.com\\\/blog\\\/wp-content\\\/uploads\\\/2025\\\/06\\\/actus-francaises-site-dexposition-a-la-rougeole-supplementaire-nomme-dans-le-comte-de-lamar.jpg\",\"datePublished\":\"2025-06-24T15:51:00+00:00\",\"breadcrumb\":{\"@id\":\"https:\\\/\\\/www.cc3rivieres76.com\\\/blog\\\/actus-francaises-site-dexposition-a-la-rougeole-supplementaire-nomme-dans-le-comte-de-lamar\\\/#breadcrumb\"},\"inLanguage\":\"fr-FR\",\"potentialAction\":[{\"@type\":\"ReadAction\",\"target\":[\"https:\\\/\\\/www.cc3rivieres76.com\\\/blog\\\/actus-francaises-site-dexposition-a-la-rougeole-supplementaire-nomme-dans-le-comte-de-lamar\\\/\"]}]},{\"@type\":\"ImageObject\",\"inLanguage\":\"fr-FR\",\"@id\":\"https:\\\/\\\/www.cc3rivieres76.com\\\/blog\\\/actus-francaises-site-dexposition-a-la-rougeole-supplementaire-nomme-dans-le-comte-de-lamar\\\/#primaryimage\",\"url\":\"https:\\\/\\\/www.cc3rivieres76.com\\\/blog\\\/wp-content\\\/uploads\\\/2025\\\/06\\\/actus-francaises-site-dexposition-a-la-rougeole-supplementaire-nomme-dans-le-comte-de-lamar.jpg\",\"contentUrl\":\"https:\\\/\\\/www.cc3rivieres76.com\\\/blog\\\/wp-content\\\/uploads\\\/2025\\\/06\\\/actus-francaises-site-dexposition-a-la-rougeole-supplementaire-nomme-dans-le-comte-de-lamar.jpg\",\"width\":300,\"height\":251,\"caption\":\"Actus fran\u00e7aises: Site d'exposition \u00e0 la rougeole suppl\u00e9mentaire nomm\u00e9 dans le comt\u00e9 de Lamar\"},{\"@type\":\"BreadcrumbList\",\"@id\":\"https:\\\/\\\/www.cc3rivieres76.com\\\/blog\\\/actus-francaises-site-dexposition-a-la-rougeole-supplementaire-nomme-dans-le-comte-de-lamar\\\/#breadcrumb\",\"itemListElement\":[{\"@type\":\"ListItem\",\"position\":1,\"name\":\"Accueil\",\"item\":\"https:\\\/\\\/www.cc3rivieres76.com\\\/blog\\\/\"},{\"@type\":\"ListItem\",\"position\":2,\"name\":\"Actus fran\u00e7aises: Site d&rsquo;exposition \u00e0 la rougeole suppl\u00e9mentaire nomm\u00e9 dans le comt\u00e9 de Lamar\"}]},{\"@type\":\"WebSite\",\"@id\":\"https:\\\/\\\/www.cc3rivieres76.com\\\/blog\\\/#website\",\"url\":\"https:\\\/\\\/www.cc3rivieres76.com\\\/blog\\\/\",\"name\":\"CC3RIVIERES76\",\"description\":\"Les 3 rivi\u00e8res dans la Somme.\",\"publisher\":{\"@id\":\"https:\\\/\\\/www.cc3rivieres76.com\\\/blog\\\/#organization\"},\"potentialAction\":[{\"@type\":\"SearchAction\",\"target\":{\"@type\":\"EntryPoint\",\"urlTemplate\":\"https:\\\/\\\/www.cc3rivieres76.com\\\/blog\\\/?s={search_term_string}\"},\"query-input\":{\"@type\":\"PropertyValueSpecification\",\"valueRequired\":true,\"valueName\":\"search_term_string\"}}],\"inLanguage\":\"fr-FR\"},{\"@type\":\"Organization\",\"@id\":\"https:\\\/\\\/www.cc3rivieres76.com\\\/blog\\\/#organization\",\"name\":\"cc3rivieres76\",\"url\":\"https:\\\/\\\/www.cc3rivieres76.com\\\/blog\\\/\",\"logo\":{\"@type\":\"ImageObject\",\"inLanguage\":\"fr-FR\",\"@id\":\"https:\\\/\\\/www.cc3rivieres76.com\\\/blog\\\/#\\\/schema\\\/logo\\\/image\\\/\",\"url\":\"https:\\\/\\\/www.cc3rivieres76.com\\\/blog\\\/wp-content\\\/uploads\\\/2023\\\/06\\\/logo-2.png\",\"contentUrl\":\"https:\\\/\\\/www.cc3rivieres76.com\\\/blog\\\/wp-content\\\/uploads\\\/2023\\\/06\\\/logo-2.png\",\"width\":390,\"height\":388,\"caption\":\"cc3rivieres76\"},\"image\":{\"@id\":\"https:\\\/\\\/www.cc3rivieres76.com\\\/blog\\\/#\\\/schema\\\/logo\\\/image\\\/\"}},{\"@type\":\"Person\",\"@id\":\"https:\\\/\\\/www.cc3rivieres76.com\\\/blog\\\/#\\\/schema\\\/person\\\/474d457fb7747b5218f39792dfaa5a1c\",\"name\":\"Sylvie DE LAUZAINGHEIN\",\"image\":{\"@type\":\"ImageObject\",\"inLanguage\":\"fr-FR\",\"@id\":\"https:\\\/\\\/secure.gravatar.com\\\/avatar\\\/9c6a53b19e0a3431aa80de0895b9729fe665cd7e7d6cc94fc11abb152f4237d7?s=96&d=mm&r=g\",\"url\":\"https:\\\/\\\/secure.gravatar.com\\\/avatar\\\/9c6a53b19e0a3431aa80de0895b9729fe665cd7e7d6cc94fc11abb152f4237d7?s=96&d=mm&r=g\",\"contentUrl\":\"https:\\\/\\\/secure.gravatar.com\\\/avatar\\\/9c6a53b19e0a3431aa80de0895b9729fe665cd7e7d6cc94fc11abb152f4237d7?s=96&d=mm&r=g\",\"caption\":\"Sylvie DE LAUZAINGHEIN\"},\"url\":\"https:\\\/\\\/www.cc3rivieres76.com\\\/blog\\\/author\\\/s76sylvie\\\/\"}]}<\/script>\n<!-- \/ Yoast SEO plugin. -->","yoast_head_json":{"title":"Actus fran\u00e7aises: Site d'exposition \u00e0 la rougeole suppl\u00e9mentaire nomm\u00e9 dans le comt\u00e9 de Lamar - CC3RIVIERES76","robots":{"index":"index","follow":"follow","max-snippet":"max-snippet:-1","max-image-preview":"max-image-preview:large","max-video-preview":"max-video-preview:-1"},"canonical":"https:\/\/www.cc3rivieres76.com\/blog\/actus-francaises-site-dexposition-a-la-rougeole-supplementaire-nomme-dans-le-comte-de-lamar\/","og_locale":"fr_FR","og_type":"article","og_title":"Actus fran\u00e7aises: Site d'exposition \u00e0 la rougeole suppl\u00e9mentaire nomm\u00e9 dans le comt\u00e9 de Lamar - CC3RIVIERES76","og_description":"Lundi, selon l&rsquo;\u00e9pid\u00e9miologiste Allison Thrasher Allen du d\u00e9partement de sant\u00e9 du comt\u00e9 de Paris \/ Lamar, le 23 juin, un cas de rougeole suppl\u00e9mentaire a \u00e9t\u00e9 signal\u00e9 dans le comt\u00e9 de Lamar, portant le total \u00e0 25 cas totaux dans le comt\u00e9. Publications sur le m\u00eame th\u00e8me: Histoire de France (Volume 5) \u2013 La France &hellip; Continuer la lecture \u00ab\u00a0Actus fran\u00e7aises: Site d&rsquo;exposition \u00e0 la rougeole suppl\u00e9mentaire nomm\u00e9 dans le comt\u00e9 de Lamar\u00a0\u00bb","og_url":"https:\/\/www.cc3rivieres76.com\/blog\/actus-francaises-site-dexposition-a-la-rougeole-supplementaire-nomme-dans-le-comte-de-lamar\/","og_site_name":"CC3RIVIERES76","article_published_time":"2025-06-24T15:51:00+00:00","og_image":[{"url":"https:\/\/www.cc3rivieres76.com\/blog\/wp-content\/uploads\/2025\/06\/actus-francaises-site-dexposition-a-la-rougeole-supplementaire-nomme-dans-le-comte-de-lamar.jpg","type":"","width":"","height":""}],"author":"Sylvie DE LAUZAINGHEIN","twitter_card":"summary_large_image","twitter_misc":{"\u00c9crit par":"Sylvie DE LAUZAINGHEIN","Dur\u00e9e de lecture estim\u00e9e":"1 minute"},"schema":{"@context":"https:\/\/schema.org","@graph":[{"@type":"Article","@id":"https:\/\/www.cc3rivieres76.com\/blog\/actus-francaises-site-dexposition-a-la-rougeole-supplementaire-nomme-dans-le-comte-de-lamar\/#article","isPartOf":{"@id":"https:\/\/www.cc3rivieres76.com\/blog\/actus-francaises-site-dexposition-a-la-rougeole-supplementaire-nomme-dans-le-comte-de-lamar\/"},"author":{"name":"Sylvie DE LAUZAINGHEIN","@id":"https:\/\/www.cc3rivieres76.com\/blog\/#\/schema\/person\/474d457fb7747b5218f39792dfaa5a1c"},"headline":"Actus fran\u00e7aises: Site d&rsquo;exposition \u00e0 la rougeole suppl\u00e9mentaire nomm\u00e9 dans le comt\u00e9 de Lamar","datePublished":"2025-06-24T15:51:00+00:00","mainEntityOfPage":{"@id":"https:\/\/www.cc3rivieres76.com\/blog\/actus-francaises-site-dexposition-a-la-rougeole-supplementaire-nomme-dans-le-comte-de-lamar\/"},"wordCount":237,"publisher":{"@id":"https:\/\/www.cc3rivieres76.com\/blog\/#organization"},"image":{"@id":"https:\/\/www.cc3rivieres76.com\/blog\/actus-francaises-site-dexposition-a-la-rougeole-supplementaire-nomme-dans-le-comte-de-lamar\/#primaryimage"},"thumbnailUrl":"https:\/\/www.cc3rivieres76.com\/blog\/wp-content\/uploads\/2025\/06\/actus-francaises-site-dexposition-a-la-rougeole-supplementaire-nomme-dans-le-comte-de-lamar.jpg","articleSection":["Les 3 Rivi\u00e8res Dans La Somme:"],"inLanguage":"fr-FR"},{"@type":"WebPage","@id":"https:\/\/www.cc3rivieres76.com\/blog\/actus-francaises-site-dexposition-a-la-rougeole-supplementaire-nomme-dans-le-comte-de-lamar\/","url":"https:\/\/www.cc3rivieres76.com\/blog\/actus-francaises-site-dexposition-a-la-rougeole-supplementaire-nomme-dans-le-comte-de-lamar\/","name":"Actus fran\u00e7aises: Site d'exposition \u00e0 la rougeole suppl\u00e9mentaire nomm\u00e9 dans le comt\u00e9 de Lamar - CC3RIVIERES76","isPartOf":{"@id":"https:\/\/www.cc3rivieres76.com\/blog\/#website"},"primaryImageOfPage":{"@id":"https:\/\/www.cc3rivieres76.com\/blog\/actus-francaises-site-dexposition-a-la-rougeole-supplementaire-nomme-dans-le-comte-de-lamar\/#primaryimage"},"image":{"@id":"https:\/\/www.cc3rivieres76.com\/blog\/actus-francaises-site-dexposition-a-la-rougeole-supplementaire-nomme-dans-le-comte-de-lamar\/#primaryimage"},"thumbnailUrl":"https:\/\/www.cc3rivieres76.com\/blog\/wp-content\/uploads\/2025\/06\/actus-francaises-site-dexposition-a-la-rougeole-supplementaire-nomme-dans-le-comte-de-lamar.jpg","datePublished":"2025-06-24T15:51:00+00:00","breadcrumb":{"@id":"https:\/\/www.cc3rivieres76.com\/blog\/actus-francaises-site-dexposition-a-la-rougeole-supplementaire-nomme-dans-le-comte-de-lamar\/#breadcrumb"},"inLanguage":"fr-FR","potentialAction":[{"@type":"ReadAction","target":["https:\/\/www.cc3rivieres76.com\/blog\/actus-francaises-site-dexposition-a-la-rougeole-supplementaire-nomme-dans-le-comte-de-lamar\/"]}]},{"@type":"ImageObject","inLanguage":"fr-FR","@id":"https:\/\/www.cc3rivieres76.com\/blog\/actus-francaises-site-dexposition-a-la-rougeole-supplementaire-nomme-dans-le-comte-de-lamar\/#primaryimage","url":"https:\/\/www.cc3rivieres76.com\/blog\/wp-content\/uploads\/2025\/06\/actus-francaises-site-dexposition-a-la-rougeole-supplementaire-nomme-dans-le-comte-de-lamar.jpg","contentUrl":"https:\/\/www.cc3rivieres76.com\/blog\/wp-content\/uploads\/2025\/06\/actus-francaises-site-dexposition-a-la-rougeole-supplementaire-nomme-dans-le-comte-de-lamar.jpg","width":300,"height":251,"caption":"Actus fran\u00e7aises: Site d'exposition \u00e0 la rougeole suppl\u00e9mentaire nomm\u00e9 dans le comt\u00e9 de Lamar"},{"@type":"BreadcrumbList","@id":"https:\/\/www.cc3rivieres76.com\/blog\/actus-francaises-site-dexposition-a-la-rougeole-supplementaire-nomme-dans-le-comte-de-lamar\/#breadcrumb","itemListElement":[{"@type":"ListItem","position":1,"name":"Accueil","item":"https:\/\/www.cc3rivieres76.com\/blog\/"},{"@type":"ListItem","position":2,"name":"Actus fran\u00e7aises: Site d&rsquo;exposition \u00e0 la rougeole suppl\u00e9mentaire nomm\u00e9 dans le comt\u00e9 de Lamar"}]},{"@type":"WebSite","@id":"https:\/\/www.cc3rivieres76.com\/blog\/#website","url":"https:\/\/www.cc3rivieres76.com\/blog\/","name":"CC3RIVIERES76","description":"Les 3 rivi\u00e8res dans la Somme.","publisher":{"@id":"https:\/\/www.cc3rivieres76.com\/blog\/#organization"},"potentialAction":[{"@type":"SearchAction","target":{"@type":"EntryPoint","urlTemplate":"https:\/\/www.cc3rivieres76.com\/blog\/?s={search_term_string}"},"query-input":{"@type":"PropertyValueSpecification","valueRequired":true,"valueName":"search_term_string"}}],"inLanguage":"fr-FR"},{"@type":"Organization","@id":"https:\/\/www.cc3rivieres76.com\/blog\/#organization","name":"cc3rivieres76","url":"https:\/\/www.cc3rivieres76.com\/blog\/","logo":{"@type":"ImageObject","inLanguage":"fr-FR","@id":"https:\/\/www.cc3rivieres76.com\/blog\/#\/schema\/logo\/image\/","url":"https:\/\/www.cc3rivieres76.com\/blog\/wp-content\/uploads\/2023\/06\/logo-2.png","contentUrl":"https:\/\/www.cc3rivieres76.com\/blog\/wp-content\/uploads\/2023\/06\/logo-2.png","width":390,"height":388,"caption":"cc3rivieres76"},"image":{"@id":"https:\/\/www.cc3rivieres76.com\/blog\/#\/schema\/logo\/image\/"}},{"@type":"Person","@id":"https:\/\/www.cc3rivieres76.com\/blog\/#\/schema\/person\/474d457fb7747b5218f39792dfaa5a1c","name":"Sylvie DE LAUZAINGHEIN","image":{"@type":"ImageObject","inLanguage":"fr-FR","@id":"https:\/\/secure.gravatar.com\/avatar\/9c6a53b19e0a3431aa80de0895b9729fe665cd7e7d6cc94fc11abb152f4237d7?s=96&d=mm&r=g","url":"https:\/\/secure.gravatar.com\/avatar\/9c6a53b19e0a3431aa80de0895b9729fe665cd7e7d6cc94fc11abb152f4237d7?s=96&d=mm&r=g","contentUrl":"https:\/\/secure.gravatar.com\/avatar\/9c6a53b19e0a3431aa80de0895b9729fe665cd7e7d6cc94fc11abb152f4237d7?s=96&d=mm&r=g","caption":"Sylvie DE LAUZAINGHEIN"},"url":"https:\/\/www.cc3rivieres76.com\/blog\/author\/s76sylvie\/"}]}},"_links":{"self":[{"href":"https:\/\/www.cc3rivieres76.com\/blog\/wp-json\/wp\/v2\/posts\/753","targetHints":{"allow":["GET"]}}],"collection":[{"href":"https:\/\/www.cc3rivieres76.com\/blog\/wp-json\/wp\/v2\/posts"}],"about":[{"href":"https:\/\/www.cc3rivieres76.com\/blog\/wp-json\/wp\/v2\/types\/post"}],"author":[{"embeddable":true,"href":"https:\/\/www.cc3rivieres76.com\/blog\/wp-json\/wp\/v2\/users\/3"}],"replies":[{"embeddable":true,"href":"https:\/\/www.cc3rivieres76.com\/blog\/wp-json\/wp\/v2\/comments?post=753"}],"version-history":[{"count":0,"href":"https:\/\/www.cc3rivieres76.com\/blog\/wp-json\/wp\/v2\/posts\/753\/revisions"}],"wp:featuredmedia":[{"embeddable":true,"href":"https:\/\/www.cc3rivieres76.com\/blog\/wp-json\/wp\/v2\/media\/754"}],"wp:attachment":[{"href":"https:\/\/www.cc3rivieres76.com\/blog\/wp-json\/wp\/v2\/media?parent=753"}],"wp:term":[{"taxonomy":"category","embeddable":true,"href":"https:\/\/www.cc3rivieres76.com\/blog\/wp-json\/wp\/v2\/categories?post=753"},{"taxonomy":"post_tag","embeddable":true,"href":"https:\/\/www.cc3rivieres76.com\/blog\/wp-json\/wp\/v2\/tags?post=753"}],"curies":[{"name":"wp","href":"https:\/\/api.w.org\/{rel}","templated":true}]}}