{"id":756,"date":"2025-06-28T08:19:00","date_gmt":"2025-06-28T06:19:00","guid":{"rendered":"https:\/\/www.site.cdcl.xyz\/2025\/06\/28\/informations-nationales-et-si-marine-le-pen-ne-se-presentait-pas-sa-declaration-qui-rebat-les-cartes-de-2027-france\/"},"modified":"2025-06-28T08:19:00","modified_gmt":"2025-06-28T06:19:00","slug":"informations-nationales-et-si-marine-le-pen-ne-se-presentait-pas-sa-declaration-qui-rebat-les-cartes-de-2027-france","status":"publish","type":"post","link":"https:\/\/www.cc3rivieres76.com\/blog\/informations-nationales-et-si-marine-le-pen-ne-se-presentait-pas-sa-declaration-qui-rebat-les-cartes-de-2027-france\/","title":{"rendered":"Informations nationales: Et si Marine Le Pen ne se pr\u00e9sentait pas ? Sa d\u00e9claration qui rebat les cartes de 2027 #France"},"content":{"rendered":"\n<p>Cet \u00e9ditorial ayant pour th\u00e9matique \u00ab&nbsp;Actualit\u00e9 fran\u00e7aise&nbsp;\u00bb se propage sur internet, nous avons projet\u00e9 de vous le pr\u00e9senter ci-apr\u00e8s.<\/p>\n<h2>\nA lire sur Le Point \u2013 Politique, l\u2019article suivant<\/h2>\n<p><u>Signature . <\/u><\/p>\n<p><u>Date et heure de la r\u00e9ception de la d\u00e9p\u00e9che sur notre fil d\u2019info:<\/u><strong><span id=\"date\"><\/span><\/strong><\/p>\n<p><u>Date et heure de publication sur internet:<\/u> <strong><span id=\"datecrea\"><\/span><\/strong><\/p>\n<p><u>Titre exacte donn\u00e9 par le journal \u00e9tait:<\/u> <strong>Et si Marine Le Pen ne se pr\u00e9sentait pas ? Sa d\u00e9claration qui rebat les cartes de 2027<\/strong><\/p>\n<p><u>Information et contenu publi\u00e9s :<\/u><\/p>\n<p><img decoding=\"async\" src=\"https:\/\/www.cc3rivieres76.com\/blog\/wp-content\/uploads\/2025\/06\/informations-nationales-et-si-marine-le-pen-ne-se-presentait-pas-sa-declaration-qui-rebat-les-cartes-de-2027-france.jpg\"><\/p>\n<div id=\"contenu\"> <!-- include t_www_2023\/pages\/article\/blocs\/tag_pub.tpl --><br \/><!-- include \/t_www_2023\/pages\/article\/blocs\/tag_pub.tpl --><\/p>\n<p><span class=\"dflt-txt__lettrine\">C<\/span>\u2018est une d\u00e9claration curieusement pass\u00e9e inaper\u00e7ue. \u00ab&nbsp;J\u2019ai int\u00e9gr\u00e9 l\u2019hypoth\u00e8se que je ne puisse pas me pr\u00e9senter, d\u00e9clare Marine Le&nbsp;Pen \u00e0 <em>Valeurs actuelles<\/em>. Jordan a int\u00e9gr\u00e9 la possibilit\u00e9 qu\u2019il doive reprendre le flambeau. Je lui ai demand\u00e9 de se pr\u00e9parer.&nbsp;\u00bb<\/p>\n<section class=\"mbl txtcenter\">\n<p>Serait-ce donc que Marine Le&nbsp;Pen se d\u00e9sengage au profit du pr\u00e9sident du Rassemblement national, qu\u2019elle passe son tour, qu\u2019elle renonce&nbsp;? En rien. Elle dit juste que sa candidature est entre les mains d\u2019une d\u00e9cision de justice, qu\u2019elle ne peut rien \u00e0 cela et qu\u2019en prenant acte de cette r\u00e9alit\u00e9, elle anticipe au mieux un verdict qui pourrait l\u2019exclure de la comp\u00e9tition pr\u00e9sidentielle.<\/p>\n<p>Rien de nouveau, donc&nbsp;? Pas exactement. Car jamais Marine Le&nbsp;Pen n\u2019avait \u00e9t\u00e9 aussi loin dans une passation de pouvoir qui, pour \u00eatre encore hypoth\u00e9tiqu\u2026<\/p>\n<aside id=\"paywall-1\" class=\"paywall hide-iframe\">\n<div class=\"paywall-content\">\n<p>Toute l\u2019actualit\u00e9 \u00e0 1\u20ac le premier mois<\/p>\n<p>S\u2019abonner<\/p>\n<p><span>ou<\/span><\/p>\n<\/div>\n<\/aside>\n<div id=\"art-politique-nlpolitique\">\n<div id=\"newsletter\" class=\"bloc-1 title-top\">\n<span class=\"h2\">La newsletter politique<\/span><\/p>\n<div class=\"step-1\">\n<p class=\"period\">Tous les lundis \u00e0 11h30<\/p>\n<p>Recevez en avant-premi\u00e8re les informations et analyses politiques de la r\u00e9daction du Point.<\/p>\n<\/div>\n<div class=\"step-2\">\n<p>Merci !<br \/>Votre inscription a bien \u00e9t\u00e9 prise en compte avec l\u2019adresse email :<br \/><span class=\"email-sended\"><\/span><\/p>\n<p>Pour d\u00e9couvrir toutes nos autres newsletters, rendez-vous ici : MonCompte<\/p>\n<\/div>\n<p>En vous inscrivant, vous acceptez les conditions g\u00e9n\u00e9rales d\u2019utilisations et notre politique de confidentialit\u00e9.<\/p>\n<\/div>\n<\/div>\n<\/section>\n<\/div>\n<p> <img decoding=\"async\" src=\"https:\/\/www.cc3rivieres76.com\/blog\/wp-content\/uploads\/2025\/06\/informations-nationales-et-si-marine-le-pen-ne-se-presentait-pas-sa-declaration-qui-rebat-les-cartes-de-2027-france.jpg\" alt=\"Et si Marine Le Pen ne se pr\u00e9sentait pas ? Sa d\u00e9claration qui rebat les cartes de 2027\"><\/p>\n<p>#Marine #Pen #pr\u00e9sentait #pas #d\u00e9claration #qui #rebat #les #cartes<\/p>\n<p>Reprise de l\u2019information dans un style journalistique professionnel descriptif en organisant les id\u00e9es dans un ordre coh\u00e9rent avec titres html <\/p>\n<p>Parutions:<\/p>\n<p>1940 Et si la France avait continu\u00e9 la guerre T02.,<a href=\"https:\/\/www.kobo.com\/fr\/fr\/ebook\/1940-et-si-la-france-avait-continue-la-guerre-t02\" target=\"_blank\" rel=\"noopener noreferrer nofollow\">Pour en savoir plus<\/a><span><\/span>.<\/p>\n<p>Les bienfaits de la France.,<a href=\"https:\/\/www.kobo.com\/fr\/fr\/ebook\/les-bienfaits-de-la-france\" target=\"_blank\" rel=\"noopener noreferrer nofollow\">Redirection vers l\u2019ouvrage<\/a><span><\/span>.<\/p>\n<p>Tr\u00e9sor du terroir. Les noms de lieux de la France.,<a href=\"https:\/\/www.kobo.com\/fr\/fr\/ebook\/tresor-du-terroir-les-noms-de-lieux-de-la-france\" target=\"_blank\" rel=\"noopener noreferrer nofollow\">Redirection vers l\u2019ouvrage<\/a><span><\/span>.<\/p>\n<p> Cet article, qui traite du th\u00e8me \u00ab\u00a0Les 3 rivi\u00e8res dans la Somme\u00a0\u00bb, vous est sp\u00e9cialement sugg\u00e9r\u00e9 par cc3rivieres76.com. La chronique est reproduite du mieux possible. Dans le cas o\u00f9 vous souhaitez apporter quelques pr\u00e9cisions concernant le domaine de \u00ab\u00a0Les 3 rivi\u00e8res dans la Somme\u00a0\u00bb vous pouvez solliciter notre r\u00e9daction. La destination de cc3rivieres76.com est de d\u00e9battre de Les 3 rivi\u00e8res dans la Somme dans la transparence en vous apportant la connaissance de tout ce qui est en lien avec ce sujet sur la toile Connectez-vous sur notre site cc3rivieres76.com et nos r\u00e9seaux sociaux dans le but d\u2019\u00eatre inform\u00e9 des futures publications.<\/p>\n","protected":false},"excerpt":{"rendered":"<p>Cet \u00e9ditorial ayant pour th\u00e9matique \u00ab&nbsp;Actualit\u00e9 fran\u00e7aise&nbsp;\u00bb se propage sur internet, nous avons projet\u00e9 de vous le pr\u00e9senter ci-apr\u00e8s. A lire sur Le Point \u2013 Politique, l\u2019article suivant Signature . Date et heure de la r\u00e9ception de la d\u00e9p\u00e9che sur notre fil d\u2019info: Date et heure de publication sur internet: Titre exacte donn\u00e9 par le &hellip; <\/p>\n<p class=\"link-more\"><a href=\"https:\/\/www.cc3rivieres76.com\/blog\/informations-nationales-et-si-marine-le-pen-ne-se-presentait-pas-sa-declaration-qui-rebat-les-cartes-de-2027-france\/\" class=\"more-link\">Continuer la lecture <span class=\"screen-reader-text\"> \u00ab\u00a0Informations nationales: Et si Marine Le Pen ne se pr\u00e9sentait pas ? Sa d\u00e9claration qui rebat les cartes de 2027 #France\u00a0\u00bb<\/span><\/a><\/p>\n","protected":false},"author":3,"featured_media":757,"comment_status":"closed","ping_status":"closed","sticky":false,"template":"","format":"standard","meta":{"footnotes":""},"categories":[2],"tags":[],"class_list":["post-756","post","type-post","status-publish","format-standard","has-post-thumbnail","hentry","category-les-3-rivieres-dans-la-somme","entry"],"yoast_head":"<!-- This site is optimized with the Yoast SEO plugin v27.5 - https:\/\/yoast.com\/product\/yoast-seo-wordpress\/ -->\n<title>Informations nationales: Et si Marine Le Pen ne se pr\u00e9sentait pas ? Sa d\u00e9claration qui rebat les cartes de 2027 #France - CC3RIVIERES76<\/title>\n<meta name=\"robots\" content=\"index, follow, max-snippet:-1, max-image-preview:large, max-video-preview:-1\" \/>\n<link rel=\"canonical\" href=\"https:\/\/www.cc3rivieres76.com\/blog\/informations-nationales-et-si-marine-le-pen-ne-se-presentait-pas-sa-declaration-qui-rebat-les-cartes-de-2027-france\/\" \/>\n<meta property=\"og:locale\" content=\"fr_FR\" \/>\n<meta property=\"og:type\" content=\"article\" \/>\n<meta property=\"og:title\" content=\"Informations nationales: Et si Marine Le Pen ne se pr\u00e9sentait pas ? Sa d\u00e9claration qui rebat les cartes de 2027 #France - CC3RIVIERES76\" \/>\n<meta property=\"og:description\" content=\"Cet \u00e9ditorial ayant pour th\u00e9matique \u00ab&nbsp;Actualit\u00e9 fran\u00e7aise&nbsp;\u00bb se propage sur internet, nous avons projet\u00e9 de vous le pr\u00e9senter ci-apr\u00e8s. A lire sur Le Point \u2013 Politique, l\u2019article suivant Signature . Date et heure de la r\u00e9ception de la d\u00e9p\u00e9che sur notre fil d\u2019info: Date et heure de publication sur internet: Titre exacte donn\u00e9 par le &hellip; Continuer la lecture \u00ab\u00a0Informations nationales: Et si Marine Le Pen ne se pr\u00e9sentait pas ? Sa d\u00e9claration qui rebat les cartes de 2027 #France\u00a0\u00bb\" \/>\n<meta property=\"og:url\" content=\"https:\/\/www.cc3rivieres76.com\/blog\/informations-nationales-et-si-marine-le-pen-ne-se-presentait-pas-sa-declaration-qui-rebat-les-cartes-de-2027-france\/\" \/>\n<meta property=\"og:site_name\" content=\"CC3RIVIERES76\" \/>\n<meta property=\"article:published_time\" content=\"2025-06-28T06:19:00+00:00\" \/>\n<meta property=\"og:image\" content=\"https:\/\/www.cc3rivieres76.com\/blog\/wp-content\/uploads\/2025\/06\/informations-nationales-et-si-marine-le-pen-ne-se-presentait-pas-sa-declaration-qui-rebat-les-cartes-de-2027-france.jpg\" \/>\n<meta name=\"author\" content=\"Sylvie DE LAUZAINGHEIN\" \/>\n<meta name=\"twitter:card\" content=\"summary_large_image\" \/>\n<meta name=\"twitter:label1\" content=\"\u00c9crit par\" \/>\n\t<meta name=\"twitter:data1\" content=\"Sylvie DE LAUZAINGHEIN\" \/>\n\t<meta name=\"twitter:label2\" content=\"Dur\u00e9e de lecture estim\u00e9e\" \/>\n\t<meta name=\"twitter:data2\" content=\"3 minutes\" \/>\n<script type=\"application\/ld+json\" class=\"yoast-schema-graph\">{\"@context\":\"https:\\\/\\\/schema.org\",\"@graph\":[{\"@type\":\"Article\",\"@id\":\"https:\\\/\\\/www.cc3rivieres76.com\\\/blog\\\/informations-nationales-et-si-marine-le-pen-ne-se-presentait-pas-sa-declaration-qui-rebat-les-cartes-de-2027-france\\\/#article\",\"isPartOf\":{\"@id\":\"https:\\\/\\\/www.cc3rivieres76.com\\\/blog\\\/informations-nationales-et-si-marine-le-pen-ne-se-presentait-pas-sa-declaration-qui-rebat-les-cartes-de-2027-france\\\/\"},\"author\":{\"name\":\"Sylvie DE LAUZAINGHEIN\",\"@id\":\"https:\\\/\\\/www.cc3rivieres76.com\\\/blog\\\/#\\\/schema\\\/person\\\/474d457fb7747b5218f39792dfaa5a1c\"},\"headline\":\"Informations nationales: Et si Marine Le Pen ne se pr\u00e9sentait pas ? Sa d\u00e9claration qui rebat les cartes de 2027 #France\",\"datePublished\":\"2025-06-28T06:19:00+00:00\",\"mainEntityOfPage\":{\"@id\":\"https:\\\/\\\/www.cc3rivieres76.com\\\/blog\\\/informations-nationales-et-si-marine-le-pen-ne-se-presentait-pas-sa-declaration-qui-rebat-les-cartes-de-2027-france\\\/\"},\"wordCount\":528,\"publisher\":{\"@id\":\"https:\\\/\\\/www.cc3rivieres76.com\\\/blog\\\/#organization\"},\"image\":{\"@id\":\"https:\\\/\\\/www.cc3rivieres76.com\\\/blog\\\/informations-nationales-et-si-marine-le-pen-ne-se-presentait-pas-sa-declaration-qui-rebat-les-cartes-de-2027-france\\\/#primaryimage\"},\"thumbnailUrl\":\"https:\\\/\\\/www.cc3rivieres76.com\\\/blog\\\/wp-content\\\/uploads\\\/2025\\\/06\\\/informations-nationales-et-si-marine-le-pen-ne-se-presentait-pas-sa-declaration-qui-rebat-les-cartes-de-2027-france.jpg\",\"articleSection\":[\"Les 3 Rivi\u00e8res Dans La Somme:\"],\"inLanguage\":\"fr-FR\"},{\"@type\":\"WebPage\",\"@id\":\"https:\\\/\\\/www.cc3rivieres76.com\\\/blog\\\/informations-nationales-et-si-marine-le-pen-ne-se-presentait-pas-sa-declaration-qui-rebat-les-cartes-de-2027-france\\\/\",\"url\":\"https:\\\/\\\/www.cc3rivieres76.com\\\/blog\\\/informations-nationales-et-si-marine-le-pen-ne-se-presentait-pas-sa-declaration-qui-rebat-les-cartes-de-2027-france\\\/\",\"name\":\"Informations nationales: Et si Marine Le Pen ne se pr\u00e9sentait pas ? Sa d\u00e9claration qui rebat les cartes de 2027 #France - CC3RIVIERES76\",\"isPartOf\":{\"@id\":\"https:\\\/\\\/www.cc3rivieres76.com\\\/blog\\\/#website\"},\"primaryImageOfPage\":{\"@id\":\"https:\\\/\\\/www.cc3rivieres76.com\\\/blog\\\/informations-nationales-et-si-marine-le-pen-ne-se-presentait-pas-sa-declaration-qui-rebat-les-cartes-de-2027-france\\\/#primaryimage\"},\"image\":{\"@id\":\"https:\\\/\\\/www.cc3rivieres76.com\\\/blog\\\/informations-nationales-et-si-marine-le-pen-ne-se-presentait-pas-sa-declaration-qui-rebat-les-cartes-de-2027-france\\\/#primaryimage\"},\"thumbnailUrl\":\"https:\\\/\\\/www.cc3rivieres76.com\\\/blog\\\/wp-content\\\/uploads\\\/2025\\\/06\\\/informations-nationales-et-si-marine-le-pen-ne-se-presentait-pas-sa-declaration-qui-rebat-les-cartes-de-2027-france.jpg\",\"datePublished\":\"2025-06-28T06:19:00+00:00\",\"breadcrumb\":{\"@id\":\"https:\\\/\\\/www.cc3rivieres76.com\\\/blog\\\/informations-nationales-et-si-marine-le-pen-ne-se-presentait-pas-sa-declaration-qui-rebat-les-cartes-de-2027-france\\\/#breadcrumb\"},\"inLanguage\":\"fr-FR\",\"potentialAction\":[{\"@type\":\"ReadAction\",\"target\":[\"https:\\\/\\\/www.cc3rivieres76.com\\\/blog\\\/informations-nationales-et-si-marine-le-pen-ne-se-presentait-pas-sa-declaration-qui-rebat-les-cartes-de-2027-france\\\/\"]}]},{\"@type\":\"ImageObject\",\"inLanguage\":\"fr-FR\",\"@id\":\"https:\\\/\\\/www.cc3rivieres76.com\\\/blog\\\/informations-nationales-et-si-marine-le-pen-ne-se-presentait-pas-sa-declaration-qui-rebat-les-cartes-de-2027-france\\\/#primaryimage\",\"url\":\"https:\\\/\\\/www.cc3rivieres76.com\\\/blog\\\/wp-content\\\/uploads\\\/2025\\\/06\\\/informations-nationales-et-si-marine-le-pen-ne-se-presentait-pas-sa-declaration-qui-rebat-les-cartes-de-2027-france.jpg\",\"contentUrl\":\"https:\\\/\\\/www.cc3rivieres76.com\\\/blog\\\/wp-content\\\/uploads\\\/2025\\\/06\\\/informations-nationales-et-si-marine-le-pen-ne-se-presentait-pas-sa-declaration-qui-rebat-les-cartes-de-2027-france.jpg\",\"width\":1440,\"height\":960,\"caption\":\"Informations nationales: Et si Marine Le Pen ne se pr\u00e9sentait pas ? Sa d\u00e9claration qui rebat les cartes de 2027 #France\"},{\"@type\":\"BreadcrumbList\",\"@id\":\"https:\\\/\\\/www.cc3rivieres76.com\\\/blog\\\/informations-nationales-et-si-marine-le-pen-ne-se-presentait-pas-sa-declaration-qui-rebat-les-cartes-de-2027-france\\\/#breadcrumb\",\"itemListElement\":[{\"@type\":\"ListItem\",\"position\":1,\"name\":\"Accueil\",\"item\":\"https:\\\/\\\/www.cc3rivieres76.com\\\/blog\\\/\"},{\"@type\":\"ListItem\",\"position\":2,\"name\":\"Informations nationales: Et si Marine Le Pen ne se pr\u00e9sentait pas ? Sa d\u00e9claration qui rebat les cartes de 2027 #France\"}]},{\"@type\":\"WebSite\",\"@id\":\"https:\\\/\\\/www.cc3rivieres76.com\\\/blog\\\/#website\",\"url\":\"https:\\\/\\\/www.cc3rivieres76.com\\\/blog\\\/\",\"name\":\"CC3RIVIERES76\",\"description\":\"Les 3 rivi\u00e8res dans la Somme.\",\"publisher\":{\"@id\":\"https:\\\/\\\/www.cc3rivieres76.com\\\/blog\\\/#organization\"},\"potentialAction\":[{\"@type\":\"SearchAction\",\"target\":{\"@type\":\"EntryPoint\",\"urlTemplate\":\"https:\\\/\\\/www.cc3rivieres76.com\\\/blog\\\/?s={search_term_string}\"},\"query-input\":{\"@type\":\"PropertyValueSpecification\",\"valueRequired\":true,\"valueName\":\"search_term_string\"}}],\"inLanguage\":\"fr-FR\"},{\"@type\":\"Organization\",\"@id\":\"https:\\\/\\\/www.cc3rivieres76.com\\\/blog\\\/#organization\",\"name\":\"cc3rivieres76\",\"url\":\"https:\\\/\\\/www.cc3rivieres76.com\\\/blog\\\/\",\"logo\":{\"@type\":\"ImageObject\",\"inLanguage\":\"fr-FR\",\"@id\":\"https:\\\/\\\/www.cc3rivieres76.com\\\/blog\\\/#\\\/schema\\\/logo\\\/image\\\/\",\"url\":\"https:\\\/\\\/www.cc3rivieres76.com\\\/blog\\\/wp-content\\\/uploads\\\/2023\\\/06\\\/logo-2.png\",\"contentUrl\":\"https:\\\/\\\/www.cc3rivieres76.com\\\/blog\\\/wp-content\\\/uploads\\\/2023\\\/06\\\/logo-2.png\",\"width\":390,\"height\":388,\"caption\":\"cc3rivieres76\"},\"image\":{\"@id\":\"https:\\\/\\\/www.cc3rivieres76.com\\\/blog\\\/#\\\/schema\\\/logo\\\/image\\\/\"}},{\"@type\":\"Person\",\"@id\":\"https:\\\/\\\/www.cc3rivieres76.com\\\/blog\\\/#\\\/schema\\\/person\\\/474d457fb7747b5218f39792dfaa5a1c\",\"name\":\"Sylvie DE LAUZAINGHEIN\",\"image\":{\"@type\":\"ImageObject\",\"inLanguage\":\"fr-FR\",\"@id\":\"https:\\\/\\\/secure.gravatar.com\\\/avatar\\\/9c6a53b19e0a3431aa80de0895b9729fe665cd7e7d6cc94fc11abb152f4237d7?s=96&d=mm&r=g\",\"url\":\"https:\\\/\\\/secure.gravatar.com\\\/avatar\\\/9c6a53b19e0a3431aa80de0895b9729fe665cd7e7d6cc94fc11abb152f4237d7?s=96&d=mm&r=g\",\"contentUrl\":\"https:\\\/\\\/secure.gravatar.com\\\/avatar\\\/9c6a53b19e0a3431aa80de0895b9729fe665cd7e7d6cc94fc11abb152f4237d7?s=96&d=mm&r=g\",\"caption\":\"Sylvie DE LAUZAINGHEIN\"},\"url\":\"https:\\\/\\\/www.cc3rivieres76.com\\\/blog\\\/author\\\/s76sylvie\\\/\"}]}<\/script>\n<!-- \/ Yoast SEO plugin. -->","yoast_head_json":{"title":"Informations nationales: Et si Marine Le Pen ne se pr\u00e9sentait pas ? Sa d\u00e9claration qui rebat les cartes de 2027 #France - CC3RIVIERES76","robots":{"index":"index","follow":"follow","max-snippet":"max-snippet:-1","max-image-preview":"max-image-preview:large","max-video-preview":"max-video-preview:-1"},"canonical":"https:\/\/www.cc3rivieres76.com\/blog\/informations-nationales-et-si-marine-le-pen-ne-se-presentait-pas-sa-declaration-qui-rebat-les-cartes-de-2027-france\/","og_locale":"fr_FR","og_type":"article","og_title":"Informations nationales: Et si Marine Le Pen ne se pr\u00e9sentait pas ? Sa d\u00e9claration qui rebat les cartes de 2027 #France - CC3RIVIERES76","og_description":"Cet \u00e9ditorial ayant pour th\u00e9matique \u00ab&nbsp;Actualit\u00e9 fran\u00e7aise&nbsp;\u00bb se propage sur internet, nous avons projet\u00e9 de vous le pr\u00e9senter ci-apr\u00e8s. A lire sur Le Point \u2013 Politique, l\u2019article suivant Signature . Date et heure de la r\u00e9ception de la d\u00e9p\u00e9che sur notre fil d\u2019info: Date et heure de publication sur internet: Titre exacte donn\u00e9 par le &hellip; Continuer la lecture \u00ab\u00a0Informations nationales: Et si Marine Le Pen ne se pr\u00e9sentait pas ? Sa d\u00e9claration qui rebat les cartes de 2027 #France\u00a0\u00bb","og_url":"https:\/\/www.cc3rivieres76.com\/blog\/informations-nationales-et-si-marine-le-pen-ne-se-presentait-pas-sa-declaration-qui-rebat-les-cartes-de-2027-france\/","og_site_name":"CC3RIVIERES76","article_published_time":"2025-06-28T06:19:00+00:00","og_image":[{"url":"https:\/\/www.cc3rivieres76.com\/blog\/wp-content\/uploads\/2025\/06\/informations-nationales-et-si-marine-le-pen-ne-se-presentait-pas-sa-declaration-qui-rebat-les-cartes-de-2027-france.jpg","type":"","width":"","height":""}],"author":"Sylvie DE LAUZAINGHEIN","twitter_card":"summary_large_image","twitter_misc":{"\u00c9crit par":"Sylvie DE LAUZAINGHEIN","Dur\u00e9e de lecture estim\u00e9e":"3 minutes"},"schema":{"@context":"https:\/\/schema.org","@graph":[{"@type":"Article","@id":"https:\/\/www.cc3rivieres76.com\/blog\/informations-nationales-et-si-marine-le-pen-ne-se-presentait-pas-sa-declaration-qui-rebat-les-cartes-de-2027-france\/#article","isPartOf":{"@id":"https:\/\/www.cc3rivieres76.com\/blog\/informations-nationales-et-si-marine-le-pen-ne-se-presentait-pas-sa-declaration-qui-rebat-les-cartes-de-2027-france\/"},"author":{"name":"Sylvie DE LAUZAINGHEIN","@id":"https:\/\/www.cc3rivieres76.com\/blog\/#\/schema\/person\/474d457fb7747b5218f39792dfaa5a1c"},"headline":"Informations nationales: Et si Marine Le Pen ne se pr\u00e9sentait pas ? Sa d\u00e9claration qui rebat les cartes de 2027 #France","datePublished":"2025-06-28T06:19:00+00:00","mainEntityOfPage":{"@id":"https:\/\/www.cc3rivieres76.com\/blog\/informations-nationales-et-si-marine-le-pen-ne-se-presentait-pas-sa-declaration-qui-rebat-les-cartes-de-2027-france\/"},"wordCount":528,"publisher":{"@id":"https:\/\/www.cc3rivieres76.com\/blog\/#organization"},"image":{"@id":"https:\/\/www.cc3rivieres76.com\/blog\/informations-nationales-et-si-marine-le-pen-ne-se-presentait-pas-sa-declaration-qui-rebat-les-cartes-de-2027-france\/#primaryimage"},"thumbnailUrl":"https:\/\/www.cc3rivieres76.com\/blog\/wp-content\/uploads\/2025\/06\/informations-nationales-et-si-marine-le-pen-ne-se-presentait-pas-sa-declaration-qui-rebat-les-cartes-de-2027-france.jpg","articleSection":["Les 3 Rivi\u00e8res Dans La Somme:"],"inLanguage":"fr-FR"},{"@type":"WebPage","@id":"https:\/\/www.cc3rivieres76.com\/blog\/informations-nationales-et-si-marine-le-pen-ne-se-presentait-pas-sa-declaration-qui-rebat-les-cartes-de-2027-france\/","url":"https:\/\/www.cc3rivieres76.com\/blog\/informations-nationales-et-si-marine-le-pen-ne-se-presentait-pas-sa-declaration-qui-rebat-les-cartes-de-2027-france\/","name":"Informations nationales: Et si Marine Le Pen ne se pr\u00e9sentait pas ? Sa d\u00e9claration qui rebat les cartes de 2027 #France - CC3RIVIERES76","isPartOf":{"@id":"https:\/\/www.cc3rivieres76.com\/blog\/#website"},"primaryImageOfPage":{"@id":"https:\/\/www.cc3rivieres76.com\/blog\/informations-nationales-et-si-marine-le-pen-ne-se-presentait-pas-sa-declaration-qui-rebat-les-cartes-de-2027-france\/#primaryimage"},"image":{"@id":"https:\/\/www.cc3rivieres76.com\/blog\/informations-nationales-et-si-marine-le-pen-ne-se-presentait-pas-sa-declaration-qui-rebat-les-cartes-de-2027-france\/#primaryimage"},"thumbnailUrl":"https:\/\/www.cc3rivieres76.com\/blog\/wp-content\/uploads\/2025\/06\/informations-nationales-et-si-marine-le-pen-ne-se-presentait-pas-sa-declaration-qui-rebat-les-cartes-de-2027-france.jpg","datePublished":"2025-06-28T06:19:00+00:00","breadcrumb":{"@id":"https:\/\/www.cc3rivieres76.com\/blog\/informations-nationales-et-si-marine-le-pen-ne-se-presentait-pas-sa-declaration-qui-rebat-les-cartes-de-2027-france\/#breadcrumb"},"inLanguage":"fr-FR","potentialAction":[{"@type":"ReadAction","target":["https:\/\/www.cc3rivieres76.com\/blog\/informations-nationales-et-si-marine-le-pen-ne-se-presentait-pas-sa-declaration-qui-rebat-les-cartes-de-2027-france\/"]}]},{"@type":"ImageObject","inLanguage":"fr-FR","@id":"https:\/\/www.cc3rivieres76.com\/blog\/informations-nationales-et-si-marine-le-pen-ne-se-presentait-pas-sa-declaration-qui-rebat-les-cartes-de-2027-france\/#primaryimage","url":"https:\/\/www.cc3rivieres76.com\/blog\/wp-content\/uploads\/2025\/06\/informations-nationales-et-si-marine-le-pen-ne-se-presentait-pas-sa-declaration-qui-rebat-les-cartes-de-2027-france.jpg","contentUrl":"https:\/\/www.cc3rivieres76.com\/blog\/wp-content\/uploads\/2025\/06\/informations-nationales-et-si-marine-le-pen-ne-se-presentait-pas-sa-declaration-qui-rebat-les-cartes-de-2027-france.jpg","width":1440,"height":960,"caption":"Informations nationales: Et si Marine Le Pen ne se pr\u00e9sentait pas ? Sa d\u00e9claration qui rebat les cartes de 2027 #France"},{"@type":"BreadcrumbList","@id":"https:\/\/www.cc3rivieres76.com\/blog\/informations-nationales-et-si-marine-le-pen-ne-se-presentait-pas-sa-declaration-qui-rebat-les-cartes-de-2027-france\/#breadcrumb","itemListElement":[{"@type":"ListItem","position":1,"name":"Accueil","item":"https:\/\/www.cc3rivieres76.com\/blog\/"},{"@type":"ListItem","position":2,"name":"Informations nationales: Et si Marine Le Pen ne se pr\u00e9sentait pas ? Sa d\u00e9claration qui rebat les cartes de 2027 #France"}]},{"@type":"WebSite","@id":"https:\/\/www.cc3rivieres76.com\/blog\/#website","url":"https:\/\/www.cc3rivieres76.com\/blog\/","name":"CC3RIVIERES76","description":"Les 3 rivi\u00e8res dans la Somme.","publisher":{"@id":"https:\/\/www.cc3rivieres76.com\/blog\/#organization"},"potentialAction":[{"@type":"SearchAction","target":{"@type":"EntryPoint","urlTemplate":"https:\/\/www.cc3rivieres76.com\/blog\/?s={search_term_string}"},"query-input":{"@type":"PropertyValueSpecification","valueRequired":true,"valueName":"search_term_string"}}],"inLanguage":"fr-FR"},{"@type":"Organization","@id":"https:\/\/www.cc3rivieres76.com\/blog\/#organization","name":"cc3rivieres76","url":"https:\/\/www.cc3rivieres76.com\/blog\/","logo":{"@type":"ImageObject","inLanguage":"fr-FR","@id":"https:\/\/www.cc3rivieres76.com\/blog\/#\/schema\/logo\/image\/","url":"https:\/\/www.cc3rivieres76.com\/blog\/wp-content\/uploads\/2023\/06\/logo-2.png","contentUrl":"https:\/\/www.cc3rivieres76.com\/blog\/wp-content\/uploads\/2023\/06\/logo-2.png","width":390,"height":388,"caption":"cc3rivieres76"},"image":{"@id":"https:\/\/www.cc3rivieres76.com\/blog\/#\/schema\/logo\/image\/"}},{"@type":"Person","@id":"https:\/\/www.cc3rivieres76.com\/blog\/#\/schema\/person\/474d457fb7747b5218f39792dfaa5a1c","name":"Sylvie DE LAUZAINGHEIN","image":{"@type":"ImageObject","inLanguage":"fr-FR","@id":"https:\/\/secure.gravatar.com\/avatar\/9c6a53b19e0a3431aa80de0895b9729fe665cd7e7d6cc94fc11abb152f4237d7?s=96&d=mm&r=g","url":"https:\/\/secure.gravatar.com\/avatar\/9c6a53b19e0a3431aa80de0895b9729fe665cd7e7d6cc94fc11abb152f4237d7?s=96&d=mm&r=g","contentUrl":"https:\/\/secure.gravatar.com\/avatar\/9c6a53b19e0a3431aa80de0895b9729fe665cd7e7d6cc94fc11abb152f4237d7?s=96&d=mm&r=g","caption":"Sylvie DE LAUZAINGHEIN"},"url":"https:\/\/www.cc3rivieres76.com\/blog\/author\/s76sylvie\/"}]}},"_links":{"self":[{"href":"https:\/\/www.cc3rivieres76.com\/blog\/wp-json\/wp\/v2\/posts\/756","targetHints":{"allow":["GET"]}}],"collection":[{"href":"https:\/\/www.cc3rivieres76.com\/blog\/wp-json\/wp\/v2\/posts"}],"about":[{"href":"https:\/\/www.cc3rivieres76.com\/blog\/wp-json\/wp\/v2\/types\/post"}],"author":[{"embeddable":true,"href":"https:\/\/www.cc3rivieres76.com\/blog\/wp-json\/wp\/v2\/users\/3"}],"replies":[{"embeddable":true,"href":"https:\/\/www.cc3rivieres76.com\/blog\/wp-json\/wp\/v2\/comments?post=756"}],"version-history":[{"count":0,"href":"https:\/\/www.cc3rivieres76.com\/blog\/wp-json\/wp\/v2\/posts\/756\/revisions"}],"wp:featuredmedia":[{"embeddable":true,"href":"https:\/\/www.cc3rivieres76.com\/blog\/wp-json\/wp\/v2\/media\/757"}],"wp:attachment":[{"href":"https:\/\/www.cc3rivieres76.com\/blog\/wp-json\/wp\/v2\/media?parent=756"}],"wp:term":[{"taxonomy":"category","embeddable":true,"href":"https:\/\/www.cc3rivieres76.com\/blog\/wp-json\/wp\/v2\/categories?post=756"},{"taxonomy":"post_tag","embeddable":true,"href":"https:\/\/www.cc3rivieres76.com\/blog\/wp-json\/wp\/v2\/tags?post=756"}],"curies":[{"name":"wp","href":"https:\/\/api.w.org\/{rel}","templated":true}]}}