{"id":760,"date":"2025-07-02T15:57:16","date_gmt":"2025-07-02T13:57:16","guid":{"rendered":"https:\/\/www.site.cdcl.xyz\/?p=943259"},"modified":"2025-07-02T15:57:16","modified_gmt":"2025-07-02T13:57:16","slug":"flickr-decharge-sauvage-cimg4928","status":"publish","type":"post","link":"https:\/\/www.cc3rivieres76.com\/blog\/flickr-decharge-sauvage-cimg4928\/","title":{"rendered":"Flickr (d\u00e9charge sauvage): CIMG4928"},"content":{"rendered":"<br \/>\n<h2>\n<p>Le th\u00e8me \u00ab&nbsp;d\u00e9charge sauvage&nbsp;\u00bb par Mouvement Ecologiste Ind\u00e9pendant pour la Corse<\/p>\n<\/h2>\n<p>Sign\u00e9e par Mouvement Ecologiste Ind\u00e9pendant pour la Corse, cette image publi\u00e9e sur Flickr examine le th\u00e8me \u00ab d\u00e9charge sauvage \u00bb et m\u00e9rite que l\u2019on en parle quelques minutes. <\/p>\n<p>Flickr offre une visibilit\u00e9 internationale, permettant aux utilisateurs de partager leur travail avec un public mondial.<br \/>L\u2019image, partag\u00e9e par Mouvement Ecologiste Ind\u00e9pendant pour la Corse, a pour titre \u00ab&nbsp;CIMG4928&nbsp;\u00bb. Au moment o\u00f9 nous en avons pris connaissance, elle attirait du trafic (Nombre de vues : 16).\n<\/p>\n<p>\nVoici la publication.\n<\/p>\n<p><img decoding=\"async\" src=\"https:\/\/www.cc3rivieres76.com\/blog\/wp-content\/uploads\/2025\/07\/flickr-decharge-sauvage-cimg4928.jpg\" alt=\"Flickr \"><\/p>\n<p>Pour regarder l\u2019image directement sur Flickr, cliquez sur ce lien :<u>Lien vers la publication originale:<\/u> <a href=\"http:\/\/flicker.com\/53481895@N07\/6645909623\">Cliquer ici<\/a>\n<\/p>\n<h3>\nPour en savoir davantage sur cette image :<br \/><\/h3>\n<p><u> Description mentionn\u00e9e sur Flickr :<\/u><i> \u00ab \u00bb.<\/i>\n<\/p>\n<h2>La d\u00e9charge sauvage : un ph\u00e9nom\u00e8ne en pleine expansion<\/h2>\n<h3>Analyser une d\u00e9charge sauvage : d\u00e9finition et \u00e9l\u00e9ments cl\u00e9s<\/h3>\n<p>Une d\u00e9charge sauvage est un lieu o\u00f9 des d\u00e9chets sont jet\u00e9s ill\u00e9galement dans des zones non appropri\u00e9es comme les bords de routes ou des terrains non r\u00e9glement\u00e9s. Ces sites \u00e9chappent \u00e0 la r\u00e9gulation, polluant les sols et les eaux. Parmi les d\u00e9chets d\u00e9pos\u00e9s, on retrouve des ordures m\u00e9nag\u00e8res, des gravats du BTP, des encombrants et des produits dangereux.<\/p>\n<h3>\u00c9valuer l\u2019ampleur du ph\u00e9nom\u00e8ne des d\u00e9charges sauvages en France<\/h3>\n<p>En France, les d\u00e9charges sauvages constituent un probl\u00e8me \u00e9cologique et \u00e9conomique majeur. Chaque ann\u00e9e, des millions de tonnes de d\u00e9chets sont laiss\u00e9es ill\u00e9galement dans la nature, ce qui engendre des co\u00fbts significatifs pour les collectivit\u00e9s locales en mati\u00e8re de nettoyage et de gestion. L\u2019ADEME indique que plus de 100 000 sites sont touch\u00e9s, tant en milieu urbain qu\u2019en milieu rural, avec des points noirs souvent identifi\u00e9s le long des routes et dans les zones bois\u00e9es.<\/p>\n<h3>Comprendre les raisons derri\u00e8re l\u2019abandon des d\u00e9chets<\/h3>\n<p>La prolif\u00e9ration des d\u00e9charges sauvages est due \u00e0 divers facteurs. Le co\u00fbt des services de collecte incite \u00e0 \u00e9viter les frais en abandonnant les d\u00e9chets dans des lieux non autoris\u00e9s, ou \u00e0 attendre le jour de collecte. Le manque d\u2019infrastructures adapt\u00e9es dans les zones rurales est \u00e9galement un probl\u00e8me majeur, tout comme l\u2019ignorance des impacts environnementaux de ces actes. De plus, l\u2019absence de contr\u00f4les et de sanctions cons\u00e9quentes favorise la multiplication des d\u00e9p\u00f4ts sauvages.<\/p>\n<h2>Sanctions et responsabilit\u00e9s : le cadre l\u00e9gal des d\u00e9charges sauvages<\/h2>\n<h3>Les collectivit\u00e9s locales et leur r\u00f4le dans la gestion des infractions environnementales<\/h3>\n<p>Les collectivit\u00e9s locales, par l\u2019entremise des maires et des pr\u00e9fets, peuvent sanctionner les infractions relatives aux d\u00e9p\u00f4ts sauvages et mettre en place des actions pour collecter les d\u00e9chets abandonn\u00e9s. Elles ont \u00e9galement la possibilit\u00e9 de contraindre les auteurs \u00e0 restaurer les sites, sous peine de sanctions administratives.<\/p>\n<h3>Le cadre l\u00e9gal relatif aux d\u00e9charges sauvages : d\u00e9finitions et r\u00e9gulations<\/h3>\n<p>Selon l\u2019article L.541-3 du Code de l\u2019environnement en France, l\u2019abandon de d\u00e9chets est une infraction. Les responsables, qu\u2019ils soient des particuliers ou des entreprises, peuvent \u00eatre poursuivis pour pollution et d\u00e9t\u00e9rioration de l\u2019environnement.<\/p>\n<h3>Examiner les sanctions du Code de l\u2019environnement concernant les d\u00e9p\u00f4ts sauvages<\/h3>\n<p>Les amendes et peines de prison pour un d\u00e9p\u00f4t ill\u00e9gal de d\u00e9chets sont particuli\u00e8rement s\u00e9v\u00e8res. Si des d\u00e9chets dangereux sont abandonn\u00e9s en grande quantit\u00e9, l\u2019amende peut atteindre 75 000 \u20ac et la peine de prison, deux ans. Pour les d\u00e9chets jet\u00e9s sur la voie publique, l\u2019amende s\u2019\u00e9l\u00e8ve \u00e0 1 500 \u20ac. De plus, la confiscation du v\u00e9hicule utilis\u00e9 est possible. Les sanctions sont renforc\u00e9es en cas de r\u00e9cidive.<\/p>\n<h2>Strat\u00e9gies et solutions pour limiter les d\u00e9charges sauvages<\/h2>\n<h3>Les bonnes pratiques locales et r\u00e9gionales pour lutter contre les d\u00e9p\u00f4ts sauvages de d\u00e9chets<\/h3>\n<p>Afin de contrer la prolif\u00e9ration des d\u00e9charges sauvages, plusieurs villes ont mis en \u0153uvre des solutions novatrices. Des plateformes comme \u00ab&nbsp;Je Signale&nbsp;\u00bb permettent aux citoyens de signaler facilement les d\u00e9p\u00f4ts ill\u00e9gaux, ce qui permet aux autorit\u00e9s de les traiter rapidement. Les brigades environnementales veillent \u00e0 la surveillance des espaces publics et verbalisent les contrevenants. De plus, des projets de recyclage participatif sont organis\u00e9s pour encourager les citoyens \u00e0 trier et recycler leurs d\u00e9chets de mani\u00e8re responsable. La plateforme <a href=\"https:\/\/www.applijesignale.fr\/\" rel=\"noopener noreferrer \" target=\"_blank\">AppliJeSignale.fr \u2013 une aide pour signaler les d\u00e9p\u00f4ts sauvages <\/a>vous permet d\u2019informer les autorit\u00e9s locales et ainsi pr\u00e9server l\u2019espace public.<\/p>\n<h3>Approches efficaces de pr\u00e9vention et sensibilisation contre les d\u00e9chets abandonn\u00e9s<\/h3>\n<p>Pour freiner l\u2019expansion des d\u00e9charges sauvages, une combinaison de mesures est indispensable. La sensibilisation des citoyens est un levier important pour leur faire comprendre les risques environnementaux et sanitaires li\u00e9s \u00e0 l\u2019abandon des d\u00e9chets. Il est aussi primordial de renforcer les contr\u00f4les et les sanctions pour dissuader les contrevenants. L\u2019extension des horaires des d\u00e9chetteries et l\u2019installation de points de collecte mobiles favoriseraient un tri des d\u00e9chets plus efficace et une gestion plus responsable.<\/p>\n<h3>Comment encourager des pratiques de recyclage responsables et une gestion des d\u00e9chets optimale ?<\/h3>\n<p>Afin de lutter contre l\u2019abandon des d\u00e9chets, une gestion durable et responsable est primordiale. Le tri s\u00e9lectif et la valorisation \u00e9nerg\u00e9tique permettent de limiter les volumes de d\u00e9chets enfouis, r\u00e9duisant ainsi leur impact environnemental. L\u2019usage de mat\u00e9riaux recyclables est aussi une d\u00e9marche efficace pour pr\u00e9venir la production excessive de d\u00e9chets. Par ailleurs, le soutien aux initiatives de r\u00e9emploi, telles que les ressourceries et les associations de r\u00e9cup\u00e9ration, favorise une \u00e9conomie circulaire b\u00e9n\u00e9fique pour l\u2019environnement.<\/p>\n<h2>Les cons\u00e9quences des d\u00e9charges sauvages sur notre \u00e9cosyst\u00e8me et notre sant\u00e9<\/h2>\n<h3>Les impacts sur la sant\u00e9 publique des d\u00e9charges sauvages de d\u00e9chets<\/h3>\n<p>L\u2019exposition aux d\u00e9charges sauvages engendre des risques importants pour la sant\u00e9 publique. Les eaux stagnantes provenant de ces d\u00e9p\u00f4ts ill\u00e9gaux deviennent un terrain fertile pour les bact\u00e9ries et virus, favorisant ainsi la propagation de maladies. De plus, la pollution de l\u2019air et de l\u2019eau devient un enjeu majeur, les substances toxiques des d\u00e9chets s\u2019infiltrant dans le sol et contaminant les nappes phr\u00e9atiques utilis\u00e9es pour l\u2019eau potable. \u00c0 cela s\u2019ajoute le danger d\u2019incendies, caus\u00e9 par les d\u00e9chets inflammables comme les solvants et les huiles, susceptibles de provoquer des feux de grande ampleur.<\/p>\n<h3>L\u2019impact des d\u00e9chets sauvages sur l\u2019\u00e9quilibre des \u00e9cosyst\u00e8mes et la faune<\/h3>\n<p>Les d\u00e9charges ill\u00e9gales perturbent s\u00e9rieusement l\u2019environnement local. Les plastiques et les m\u00e9taux polluent int\u00e9gralement les sols et l\u2019eau souterraine, tandis que les d\u00e9chets dangereux, tels que les solvants et les piles, empoisonnent la faune et la flore. En outre, ces d\u00e9p\u00f4ts favorisent la prolif\u00e9ration de nuisibles, comme les rats et les insectes, qui d\u00e9stabilisent les \u00e9cosyst\u00e8mes.<\/p>\n<h3>Les d\u00e9charges ill\u00e9gales et leurs cons\u00e9quences sur le climat et l\u2019efficacit\u00e9 \u00e9nerg\u00e9tique<\/h3>\n<p>Les d\u00e9chets laiss\u00e9s \u00e0 l\u2019abandon lib\u00e8rent du m\u00e9thane, un gaz \u00e0 effet de serre bien plus puissant que le CO\u2082, exacerbant ainsi le r\u00e9chauffement de la plan\u00e8te. Par ailleurs, le manque de tri et de valorisation des d\u00e9chets entra\u00eene un gaspillage consid\u00e9rable de ressources, alors que leur recyclage permettrait de limiter la consommation d\u2019\u00e9nergie et de r\u00e9duire les \u00e9missions de gaz nocifs.<\/p>\n<h2>L\u2019Enfer des D\u00e9charges Ill\u00e9gales : Impacts Environnementaux et Risques Sanitaires<\/h2>\n<p>Face au probl\u00e8me des d\u00e9charges sauvages, une mobilisation collective est essentielle. En sensibilisant les citoyens, en appliquant des sanctions plus strictes et en mettant en \u0153uvre des solutions locales, nous pouvons enrayer cette probl\u00e9matique. Chaque geste de tri, de signalement et de recyclage est pr\u00e9cieux pour pr\u00e9server notre environnement. <\/p>\n<p>#CIMG4928<\/p>\n<p> Cet article, qui traite du th\u00e8me \u00ab\u00a0Les 3 rivi\u00e8res dans la Somme\u00a0\u00bb, vous est sp\u00e9cialement sugg\u00e9r\u00e9 par cc3rivieres76.com. La chronique est reproduite du mieux possible. Dans le cas o\u00f9 vous souhaitez apporter quelques pr\u00e9cisions concernant le domaine de \u00ab\u00a0Les 3 rivi\u00e8res dans la Somme\u00a0\u00bb vous pouvez solliciter notre r\u00e9daction. La destination de cc3rivieres76.com est de d\u00e9battre de Les 3 rivi\u00e8res dans la Somme dans la transparence en vous apportant la connaissance de tout ce qui est en lien avec ce sujet sur la toile Connectez-vous sur notre site cc3rivieres76.com et nos r\u00e9seaux sociaux dans le but d\u2019\u00eatre inform\u00e9 des futures publications.<\/p>\n","protected":false},"excerpt":{"rendered":"<p>Le th\u00e8me \u00ab&nbsp;d\u00e9charge sauvage&nbsp;\u00bb par Mouvement Ecologiste Ind\u00e9pendant pour la Corse Sign\u00e9e par Mouvement Ecologiste Ind\u00e9pendant pour la Corse, cette image publi\u00e9e sur Flickr examine le th\u00e8me \u00ab d\u00e9charge sauvage \u00bb et m\u00e9rite que l\u2019on en parle quelques minutes. Flickr offre une visibilit\u00e9 internationale, permettant aux utilisateurs de partager leur travail avec un public mondial.L\u2019image, &hellip; <\/p>\n<p class=\"link-more\"><a href=\"https:\/\/www.cc3rivieres76.com\/blog\/flickr-decharge-sauvage-cimg4928\/\" class=\"more-link\">Continuer la lecture <span class=\"screen-reader-text\"> \u00ab\u00a0Flickr (d\u00e9charge sauvage): CIMG4928\u00a0\u00bb<\/span><\/a><\/p>\n","protected":false},"author":3,"featured_media":761,"comment_status":"closed","ping_status":"closed","sticky":false,"template":"","format":"standard","meta":{"footnotes":""},"categories":[2],"tags":[],"class_list":["post-760","post","type-post","status-publish","format-standard","has-post-thumbnail","hentry","category-les-3-rivieres-dans-la-somme","entry"],"yoast_head":"<!-- This site is optimized with the Yoast SEO plugin v27.5 - https:\/\/yoast.com\/product\/yoast-seo-wordpress\/ -->\n<title>Flickr (d\u00e9charge sauvage): CIMG4928 - CC3RIVIERES76<\/title>\n<meta name=\"robots\" content=\"index, follow, max-snippet:-1, max-image-preview:large, max-video-preview:-1\" \/>\n<link rel=\"canonical\" href=\"https:\/\/www.cc3rivieres76.com\/blog\/flickr-decharge-sauvage-cimg4928\/\" \/>\n<meta property=\"og:locale\" content=\"fr_FR\" \/>\n<meta property=\"og:type\" content=\"article\" \/>\n<meta property=\"og:title\" content=\"Flickr (d\u00e9charge sauvage): CIMG4928 - CC3RIVIERES76\" \/>\n<meta property=\"og:description\" content=\"Le th\u00e8me \u00ab&nbsp;d\u00e9charge sauvage&nbsp;\u00bb par Mouvement Ecologiste Ind\u00e9pendant pour la Corse Sign\u00e9e par Mouvement Ecologiste Ind\u00e9pendant pour la Corse, cette image publi\u00e9e sur Flickr examine le th\u00e8me \u00ab d\u00e9charge sauvage \u00bb et m\u00e9rite que l\u2019on en parle quelques minutes. Flickr offre une visibilit\u00e9 internationale, permettant aux utilisateurs de partager leur travail avec un public mondial.L\u2019image, &hellip; Continuer la lecture \u00ab\u00a0Flickr (d\u00e9charge sauvage): CIMG4928\u00a0\u00bb\" \/>\n<meta property=\"og:url\" content=\"https:\/\/www.cc3rivieres76.com\/blog\/flickr-decharge-sauvage-cimg4928\/\" \/>\n<meta property=\"og:site_name\" content=\"CC3RIVIERES76\" \/>\n<meta property=\"article:published_time\" content=\"2025-07-02T13:57:16+00:00\" \/>\n<meta property=\"og:image\" content=\"https:\/\/www.cc3rivieres76.com\/blog\/wp-content\/uploads\/2025\/07\/flickr-decharge-sauvage-cimg4928.jpg\" \/>\n<meta name=\"author\" content=\"Sylvie DE LAUZAINGHEIN\" \/>\n<meta name=\"twitter:card\" content=\"summary_large_image\" \/>\n<meta name=\"twitter:label1\" content=\"\u00c9crit par\" \/>\n\t<meta name=\"twitter:data1\" content=\"Sylvie DE LAUZAINGHEIN\" \/>\n\t<meta name=\"twitter:label2\" content=\"Dur\u00e9e de lecture estim\u00e9e\" \/>\n\t<meta name=\"twitter:data2\" content=\"7 minutes\" \/>\n<script type=\"application\/ld+json\" class=\"yoast-schema-graph\">{\"@context\":\"https:\\\/\\\/schema.org\",\"@graph\":[{\"@type\":\"Article\",\"@id\":\"https:\\\/\\\/www.cc3rivieres76.com\\\/blog\\\/flickr-decharge-sauvage-cimg4928\\\/#article\",\"isPartOf\":{\"@id\":\"https:\\\/\\\/www.cc3rivieres76.com\\\/blog\\\/flickr-decharge-sauvage-cimg4928\\\/\"},\"author\":{\"name\":\"Sylvie DE LAUZAINGHEIN\",\"@id\":\"https:\\\/\\\/www.cc3rivieres76.com\\\/blog\\\/#\\\/schema\\\/person\\\/474d457fb7747b5218f39792dfaa5a1c\"},\"headline\":\"Flickr (d\u00e9charge sauvage): CIMG4928\",\"datePublished\":\"2025-07-02T13:57:16+00:00\",\"mainEntityOfPage\":{\"@id\":\"https:\\\/\\\/www.cc3rivieres76.com\\\/blog\\\/flickr-decharge-sauvage-cimg4928\\\/\"},\"wordCount\":1481,\"publisher\":{\"@id\":\"https:\\\/\\\/www.cc3rivieres76.com\\\/blog\\\/#organization\"},\"image\":{\"@id\":\"https:\\\/\\\/www.cc3rivieres76.com\\\/blog\\\/flickr-decharge-sauvage-cimg4928\\\/#primaryimage\"},\"thumbnailUrl\":\"https:\\\/\\\/www.cc3rivieres76.com\\\/blog\\\/wp-content\\\/uploads\\\/2025\\\/07\\\/flickr-decharge-sauvage-cimg4928.jpg\",\"articleSection\":[\"Les 3 Rivi\u00e8res Dans La Somme:\"],\"inLanguage\":\"fr-FR\"},{\"@type\":\"WebPage\",\"@id\":\"https:\\\/\\\/www.cc3rivieres76.com\\\/blog\\\/flickr-decharge-sauvage-cimg4928\\\/\",\"url\":\"https:\\\/\\\/www.cc3rivieres76.com\\\/blog\\\/flickr-decharge-sauvage-cimg4928\\\/\",\"name\":\"Flickr (d\u00e9charge sauvage): CIMG4928 - CC3RIVIERES76\",\"isPartOf\":{\"@id\":\"https:\\\/\\\/www.cc3rivieres76.com\\\/blog\\\/#website\"},\"primaryImageOfPage\":{\"@id\":\"https:\\\/\\\/www.cc3rivieres76.com\\\/blog\\\/flickr-decharge-sauvage-cimg4928\\\/#primaryimage\"},\"image\":{\"@id\":\"https:\\\/\\\/www.cc3rivieres76.com\\\/blog\\\/flickr-decharge-sauvage-cimg4928\\\/#primaryimage\"},\"thumbnailUrl\":\"https:\\\/\\\/www.cc3rivieres76.com\\\/blog\\\/wp-content\\\/uploads\\\/2025\\\/07\\\/flickr-decharge-sauvage-cimg4928.jpg\",\"datePublished\":\"2025-07-02T13:57:16+00:00\",\"breadcrumb\":{\"@id\":\"https:\\\/\\\/www.cc3rivieres76.com\\\/blog\\\/flickr-decharge-sauvage-cimg4928\\\/#breadcrumb\"},\"inLanguage\":\"fr-FR\",\"potentialAction\":[{\"@type\":\"ReadAction\",\"target\":[\"https:\\\/\\\/www.cc3rivieres76.com\\\/blog\\\/flickr-decharge-sauvage-cimg4928\\\/\"]}]},{\"@type\":\"ImageObject\",\"inLanguage\":\"fr-FR\",\"@id\":\"https:\\\/\\\/www.cc3rivieres76.com\\\/blog\\\/flickr-decharge-sauvage-cimg4928\\\/#primaryimage\",\"url\":\"https:\\\/\\\/www.cc3rivieres76.com\\\/blog\\\/wp-content\\\/uploads\\\/2025\\\/07\\\/flickr-decharge-sauvage-cimg4928.jpg\",\"contentUrl\":\"https:\\\/\\\/www.cc3rivieres76.com\\\/blog\\\/wp-content\\\/uploads\\\/2025\\\/07\\\/flickr-decharge-sauvage-cimg4928.jpg\",\"width\":500,\"height\":375,\"caption\":\"Flickr (d\u00e9charge sauvage): CIMG4928\"},{\"@type\":\"BreadcrumbList\",\"@id\":\"https:\\\/\\\/www.cc3rivieres76.com\\\/blog\\\/flickr-decharge-sauvage-cimg4928\\\/#breadcrumb\",\"itemListElement\":[{\"@type\":\"ListItem\",\"position\":1,\"name\":\"Accueil\",\"item\":\"https:\\\/\\\/www.cc3rivieres76.com\\\/blog\\\/\"},{\"@type\":\"ListItem\",\"position\":2,\"name\":\"Flickr (d\u00e9charge sauvage): CIMG4928\"}]},{\"@type\":\"WebSite\",\"@id\":\"https:\\\/\\\/www.cc3rivieres76.com\\\/blog\\\/#website\",\"url\":\"https:\\\/\\\/www.cc3rivieres76.com\\\/blog\\\/\",\"name\":\"CC3RIVIERES76\",\"description\":\"Les 3 rivi\u00e8res dans la Somme.\",\"publisher\":{\"@id\":\"https:\\\/\\\/www.cc3rivieres76.com\\\/blog\\\/#organization\"},\"potentialAction\":[{\"@type\":\"SearchAction\",\"target\":{\"@type\":\"EntryPoint\",\"urlTemplate\":\"https:\\\/\\\/www.cc3rivieres76.com\\\/blog\\\/?s={search_term_string}\"},\"query-input\":{\"@type\":\"PropertyValueSpecification\",\"valueRequired\":true,\"valueName\":\"search_term_string\"}}],\"inLanguage\":\"fr-FR\"},{\"@type\":\"Organization\",\"@id\":\"https:\\\/\\\/www.cc3rivieres76.com\\\/blog\\\/#organization\",\"name\":\"cc3rivieres76\",\"url\":\"https:\\\/\\\/www.cc3rivieres76.com\\\/blog\\\/\",\"logo\":{\"@type\":\"ImageObject\",\"inLanguage\":\"fr-FR\",\"@id\":\"https:\\\/\\\/www.cc3rivieres76.com\\\/blog\\\/#\\\/schema\\\/logo\\\/image\\\/\",\"url\":\"https:\\\/\\\/www.cc3rivieres76.com\\\/blog\\\/wp-content\\\/uploads\\\/2023\\\/06\\\/logo-2.png\",\"contentUrl\":\"https:\\\/\\\/www.cc3rivieres76.com\\\/blog\\\/wp-content\\\/uploads\\\/2023\\\/06\\\/logo-2.png\",\"width\":390,\"height\":388,\"caption\":\"cc3rivieres76\"},\"image\":{\"@id\":\"https:\\\/\\\/www.cc3rivieres76.com\\\/blog\\\/#\\\/schema\\\/logo\\\/image\\\/\"}},{\"@type\":\"Person\",\"@id\":\"https:\\\/\\\/www.cc3rivieres76.com\\\/blog\\\/#\\\/schema\\\/person\\\/474d457fb7747b5218f39792dfaa5a1c\",\"name\":\"Sylvie DE LAUZAINGHEIN\",\"image\":{\"@type\":\"ImageObject\",\"inLanguage\":\"fr-FR\",\"@id\":\"https:\\\/\\\/secure.gravatar.com\\\/avatar\\\/9c6a53b19e0a3431aa80de0895b9729fe665cd7e7d6cc94fc11abb152f4237d7?s=96&d=mm&r=g\",\"url\":\"https:\\\/\\\/secure.gravatar.com\\\/avatar\\\/9c6a53b19e0a3431aa80de0895b9729fe665cd7e7d6cc94fc11abb152f4237d7?s=96&d=mm&r=g\",\"contentUrl\":\"https:\\\/\\\/secure.gravatar.com\\\/avatar\\\/9c6a53b19e0a3431aa80de0895b9729fe665cd7e7d6cc94fc11abb152f4237d7?s=96&d=mm&r=g\",\"caption\":\"Sylvie DE LAUZAINGHEIN\"},\"url\":\"https:\\\/\\\/www.cc3rivieres76.com\\\/blog\\\/author\\\/s76sylvie\\\/\"}]}<\/script>\n<!-- \/ Yoast SEO plugin. -->","yoast_head_json":{"title":"Flickr (d\u00e9charge sauvage): CIMG4928 - CC3RIVIERES76","robots":{"index":"index","follow":"follow","max-snippet":"max-snippet:-1","max-image-preview":"max-image-preview:large","max-video-preview":"max-video-preview:-1"},"canonical":"https:\/\/www.cc3rivieres76.com\/blog\/flickr-decharge-sauvage-cimg4928\/","og_locale":"fr_FR","og_type":"article","og_title":"Flickr (d\u00e9charge sauvage): CIMG4928 - CC3RIVIERES76","og_description":"Le th\u00e8me \u00ab&nbsp;d\u00e9charge sauvage&nbsp;\u00bb par Mouvement Ecologiste Ind\u00e9pendant pour la Corse Sign\u00e9e par Mouvement Ecologiste Ind\u00e9pendant pour la Corse, cette image publi\u00e9e sur Flickr examine le th\u00e8me \u00ab d\u00e9charge sauvage \u00bb et m\u00e9rite que l\u2019on en parle quelques minutes. Flickr offre une visibilit\u00e9 internationale, permettant aux utilisateurs de partager leur travail avec un public mondial.L\u2019image, &hellip; Continuer la lecture \u00ab\u00a0Flickr (d\u00e9charge sauvage): CIMG4928\u00a0\u00bb","og_url":"https:\/\/www.cc3rivieres76.com\/blog\/flickr-decharge-sauvage-cimg4928\/","og_site_name":"CC3RIVIERES76","article_published_time":"2025-07-02T13:57:16+00:00","og_image":[{"url":"https:\/\/www.cc3rivieres76.com\/blog\/wp-content\/uploads\/2025\/07\/flickr-decharge-sauvage-cimg4928.jpg","type":"","width":"","height":""}],"author":"Sylvie DE LAUZAINGHEIN","twitter_card":"summary_large_image","twitter_misc":{"\u00c9crit par":"Sylvie DE LAUZAINGHEIN","Dur\u00e9e de lecture estim\u00e9e":"7 minutes"},"schema":{"@context":"https:\/\/schema.org","@graph":[{"@type":"Article","@id":"https:\/\/www.cc3rivieres76.com\/blog\/flickr-decharge-sauvage-cimg4928\/#article","isPartOf":{"@id":"https:\/\/www.cc3rivieres76.com\/blog\/flickr-decharge-sauvage-cimg4928\/"},"author":{"name":"Sylvie DE LAUZAINGHEIN","@id":"https:\/\/www.cc3rivieres76.com\/blog\/#\/schema\/person\/474d457fb7747b5218f39792dfaa5a1c"},"headline":"Flickr (d\u00e9charge sauvage): CIMG4928","datePublished":"2025-07-02T13:57:16+00:00","mainEntityOfPage":{"@id":"https:\/\/www.cc3rivieres76.com\/blog\/flickr-decharge-sauvage-cimg4928\/"},"wordCount":1481,"publisher":{"@id":"https:\/\/www.cc3rivieres76.com\/blog\/#organization"},"image":{"@id":"https:\/\/www.cc3rivieres76.com\/blog\/flickr-decharge-sauvage-cimg4928\/#primaryimage"},"thumbnailUrl":"https:\/\/www.cc3rivieres76.com\/blog\/wp-content\/uploads\/2025\/07\/flickr-decharge-sauvage-cimg4928.jpg","articleSection":["Les 3 Rivi\u00e8res Dans La Somme:"],"inLanguage":"fr-FR"},{"@type":"WebPage","@id":"https:\/\/www.cc3rivieres76.com\/blog\/flickr-decharge-sauvage-cimg4928\/","url":"https:\/\/www.cc3rivieres76.com\/blog\/flickr-decharge-sauvage-cimg4928\/","name":"Flickr (d\u00e9charge sauvage): CIMG4928 - CC3RIVIERES76","isPartOf":{"@id":"https:\/\/www.cc3rivieres76.com\/blog\/#website"},"primaryImageOfPage":{"@id":"https:\/\/www.cc3rivieres76.com\/blog\/flickr-decharge-sauvage-cimg4928\/#primaryimage"},"image":{"@id":"https:\/\/www.cc3rivieres76.com\/blog\/flickr-decharge-sauvage-cimg4928\/#primaryimage"},"thumbnailUrl":"https:\/\/www.cc3rivieres76.com\/blog\/wp-content\/uploads\/2025\/07\/flickr-decharge-sauvage-cimg4928.jpg","datePublished":"2025-07-02T13:57:16+00:00","breadcrumb":{"@id":"https:\/\/www.cc3rivieres76.com\/blog\/flickr-decharge-sauvage-cimg4928\/#breadcrumb"},"inLanguage":"fr-FR","potentialAction":[{"@type":"ReadAction","target":["https:\/\/www.cc3rivieres76.com\/blog\/flickr-decharge-sauvage-cimg4928\/"]}]},{"@type":"ImageObject","inLanguage":"fr-FR","@id":"https:\/\/www.cc3rivieres76.com\/blog\/flickr-decharge-sauvage-cimg4928\/#primaryimage","url":"https:\/\/www.cc3rivieres76.com\/blog\/wp-content\/uploads\/2025\/07\/flickr-decharge-sauvage-cimg4928.jpg","contentUrl":"https:\/\/www.cc3rivieres76.com\/blog\/wp-content\/uploads\/2025\/07\/flickr-decharge-sauvage-cimg4928.jpg","width":500,"height":375,"caption":"Flickr (d\u00e9charge sauvage): CIMG4928"},{"@type":"BreadcrumbList","@id":"https:\/\/www.cc3rivieres76.com\/blog\/flickr-decharge-sauvage-cimg4928\/#breadcrumb","itemListElement":[{"@type":"ListItem","position":1,"name":"Accueil","item":"https:\/\/www.cc3rivieres76.com\/blog\/"},{"@type":"ListItem","position":2,"name":"Flickr (d\u00e9charge sauvage): CIMG4928"}]},{"@type":"WebSite","@id":"https:\/\/www.cc3rivieres76.com\/blog\/#website","url":"https:\/\/www.cc3rivieres76.com\/blog\/","name":"CC3RIVIERES76","description":"Les 3 rivi\u00e8res dans la Somme.","publisher":{"@id":"https:\/\/www.cc3rivieres76.com\/blog\/#organization"},"potentialAction":[{"@type":"SearchAction","target":{"@type":"EntryPoint","urlTemplate":"https:\/\/www.cc3rivieres76.com\/blog\/?s={search_term_string}"},"query-input":{"@type":"PropertyValueSpecification","valueRequired":true,"valueName":"search_term_string"}}],"inLanguage":"fr-FR"},{"@type":"Organization","@id":"https:\/\/www.cc3rivieres76.com\/blog\/#organization","name":"cc3rivieres76","url":"https:\/\/www.cc3rivieres76.com\/blog\/","logo":{"@type":"ImageObject","inLanguage":"fr-FR","@id":"https:\/\/www.cc3rivieres76.com\/blog\/#\/schema\/logo\/image\/","url":"https:\/\/www.cc3rivieres76.com\/blog\/wp-content\/uploads\/2023\/06\/logo-2.png","contentUrl":"https:\/\/www.cc3rivieres76.com\/blog\/wp-content\/uploads\/2023\/06\/logo-2.png","width":390,"height":388,"caption":"cc3rivieres76"},"image":{"@id":"https:\/\/www.cc3rivieres76.com\/blog\/#\/schema\/logo\/image\/"}},{"@type":"Person","@id":"https:\/\/www.cc3rivieres76.com\/blog\/#\/schema\/person\/474d457fb7747b5218f39792dfaa5a1c","name":"Sylvie DE LAUZAINGHEIN","image":{"@type":"ImageObject","inLanguage":"fr-FR","@id":"https:\/\/secure.gravatar.com\/avatar\/9c6a53b19e0a3431aa80de0895b9729fe665cd7e7d6cc94fc11abb152f4237d7?s=96&d=mm&r=g","url":"https:\/\/secure.gravatar.com\/avatar\/9c6a53b19e0a3431aa80de0895b9729fe665cd7e7d6cc94fc11abb152f4237d7?s=96&d=mm&r=g","contentUrl":"https:\/\/secure.gravatar.com\/avatar\/9c6a53b19e0a3431aa80de0895b9729fe665cd7e7d6cc94fc11abb152f4237d7?s=96&d=mm&r=g","caption":"Sylvie DE LAUZAINGHEIN"},"url":"https:\/\/www.cc3rivieres76.com\/blog\/author\/s76sylvie\/"}]}},"_links":{"self":[{"href":"https:\/\/www.cc3rivieres76.com\/blog\/wp-json\/wp\/v2\/posts\/760","targetHints":{"allow":["GET"]}}],"collection":[{"href":"https:\/\/www.cc3rivieres76.com\/blog\/wp-json\/wp\/v2\/posts"}],"about":[{"href":"https:\/\/www.cc3rivieres76.com\/blog\/wp-json\/wp\/v2\/types\/post"}],"author":[{"embeddable":true,"href":"https:\/\/www.cc3rivieres76.com\/blog\/wp-json\/wp\/v2\/users\/3"}],"replies":[{"embeddable":true,"href":"https:\/\/www.cc3rivieres76.com\/blog\/wp-json\/wp\/v2\/comments?post=760"}],"version-history":[{"count":0,"href":"https:\/\/www.cc3rivieres76.com\/blog\/wp-json\/wp\/v2\/posts\/760\/revisions"}],"wp:featuredmedia":[{"embeddable":true,"href":"https:\/\/www.cc3rivieres76.com\/blog\/wp-json\/wp\/v2\/media\/761"}],"wp:attachment":[{"href":"https:\/\/www.cc3rivieres76.com\/blog\/wp-json\/wp\/v2\/media?parent=760"}],"wp:term":[{"taxonomy":"category","embeddable":true,"href":"https:\/\/www.cc3rivieres76.com\/blog\/wp-json\/wp\/v2\/categories?post=760"},{"taxonomy":"post_tag","embeddable":true,"href":"https:\/\/www.cc3rivieres76.com\/blog\/wp-json\/wp\/v2\/tags?post=760"}],"curies":[{"name":"wp","href":"https:\/\/api.w.org\/{rel}","templated":true}]}}