{"id":770,"date":"2025-07-08T12:25:40","date_gmt":"2025-07-08T10:25:40","guid":{"rendered":"https:\/\/www.site.cdcl.xyz\/?p=946825"},"modified":"2025-07-08T12:25:40","modified_gmt":"2025-07-08T10:25:40","slug":"decharge-sauvage-cimg4999","status":"publish","type":"post","link":"https:\/\/www.cc3rivieres76.com\/blog\/decharge-sauvage-cimg4999\/","title":{"rendered":"d\u00e9charge sauvage; CIMG4999"},"content":{"rendered":"<br \/>\n<h2>\n<p>Le th\u00e8me \u00ab&nbsp;d\u00e9charge sauvage&nbsp;\u00bb mis en image par Mouvement Ecologiste Ind\u00e9pendant pour la Corse<\/p>\n<\/h2>\n<p>Sur Flickr, publi\u00e9 par Mouvement Ecologiste Ind\u00e9pendant pour la Corse, une image traite du th\u00e8me \u00ab d\u00e9charge sauvage \u00bb. <\/p>\n<p>L\u2019image mise en ligne par Mouvement Ecologiste Ind\u00e9pendant pour la Corse porte le titre \u00ab&nbsp;CIMG4999&nbsp;\u00bb. Au moment o\u00f9 nous en avons pris connaissance, elle attirait du trafic (D\u00e9compte de vues : 16).\n<\/p>\n<p>\nVoici la publication.\n<\/p>\n<p><img decoding=\"async\" src=\"https:\/\/www.cc3rivieres76.com\/blog\/wp-content\/uploads\/2025\/07\/decharge-sauvage-cimg4999.jpg\" alt=\"Flickr \"><\/p>\n<p>Si vous voulez voir l\u2019image sur Flickr, utilisez ce lien pour y acc\u00e9der :<u>Lien vers la publication originale:<\/u> <a href=\"http:\/\/flicker.com\/53481895@N07\/6645917885\">Cliquer ici<\/a>\n<\/p>\n<h3>\nEn savoir plus sur cette image :<br \/><\/h3>\n<p><u> Description mentionn\u00e9e sur Flickr :<\/u><i> \u00ab \u00bb.<\/i>\n<\/p>\n<h2>Explorer le ph\u00e9nom\u00e8ne des d\u00e9charges ill\u00e9gales<\/h2>\n<h3>Pourquoi les d\u00e9chets sont-ils abandonn\u00e9s ill\u00e9galement ?<\/h3>\n<p>Plusieurs facteurs expliquent l\u2019essor des d\u00e9charges sauvages. Le co\u00fbt des services de collecte est l\u2019un des premiers, car certains particuliers et professionnels pr\u00e9f\u00e8rent \u00e9viter les frais en abandonnant leurs d\u00e9chets dans la nature, ou en attendant trop longtemps le jour de collecte. De plus, dans les zones rurales, le manque de d\u00e9chetteries accessibles aggrave le probl\u00e8me. L\u2019ignorance des cons\u00e9quences environnementales et sanitaires de ces pratiques est \u00e9galement un facteur cl\u00e9, tout comme l\u2019insuffisance des contr\u00f4les et des sanctions, qui rend ces infractions fr\u00e9quentes.<\/p>\n<h3>Analyser l\u2019ampleur des d\u00e9charges sauvages \u00e0 travers la France<\/h3>\n<p>En France, les d\u00e9charges sauvages repr\u00e9sentent un fl\u00e9au de plus en plus pr\u00e9occupant. Des millions de tonnes de d\u00e9chets sont d\u00e9pos\u00e9es ill\u00e9galement chaque ann\u00e9e, engendrant des co\u00fbts importants pour les collectivit\u00e9s locales. Selon l\u2019ADEME, plus de 100 000 sites sont concern\u00e9s, tant dans les zones urbaines que rurales, avec des points noirs recens\u00e9s aux abords des routes et dans les for\u00eats.<\/p>\n<h3>Les d\u00e9charges sauvages : une d\u00e9finition et une analyse de leurs traits distinctifs<\/h3>\n<p>Une d\u00e9charge sauvage d\u00e9signe un d\u00e9p\u00f4t ill\u00e9gal de d\u00e9chets effectu\u00e9 dans des endroits non pr\u00e9vus \u00e0 cet effet, comme les bords de routes ou des terrains priv\u00e9s. Ces lieux \u00e9chappent \u00e0 tout contr\u00f4le, engendrant une pollution des sols et des nappes phr\u00e9atiques. Les d\u00e9chets abandonn\u00e9s peuvent \u00eatre des ordures m\u00e9nag\u00e8res, des gravats, des d\u00e9chets du BTP ou des substances toxiques.<\/p>\n<h2>Pollution et risques sanitaires : les cons\u00e9quences des d\u00e9charges sauvages<\/h2>\n<h3>L\u2019impact des d\u00e9chets abandonn\u00e9s sur les \u00e9cosyst\u00e8mes et la biodiversit\u00e9<\/h3>\n<p>Les d\u00e9charges sauvages affectent gravement l\u2019\u00e9cosyst\u00e8me. Plastiques et m\u00e9taux polluent les sols et les nappes phr\u00e9atiques, tandis que les d\u00e9chets toxiques comme les solvants et les piles nuisent \u00e0 la faune et \u00e0 la flore. L\u2019accumulation de ces d\u00e9chets favorise \u00e9galement la multiplication de nuisibles tels que les rats et les insectes, mena\u00e7ant ainsi l\u2019int\u00e9grit\u00e9 des habitats naturels.<\/p>\n<h3>Les d\u00e9charges ill\u00e9gales : un facteur aggravant pour le changement climatique et l\u2019\u00e9nergie<\/h3>\n<p>Les d\u00e9chets laiss\u00e9s \u00e0 l\u2019abandon \u00e9mettent du m\u00e9thane, un gaz \u00e0 effet de serre bien plus puissant que le CO\u2082, amplifiant ainsi le r\u00e9chauffement climatique. En l\u2019absence de tri et de valorisation des d\u00e9chets, des ressources pr\u00e9cieuses sont perdues, alors que leur recyclage permettrait de r\u00e9duire la consommation d\u2019\u00e9nergie et d\u2019att\u00e9nuer les \u00e9missions de gaz \u00e0 effet de serre.<\/p>\n<h3>\u00c9tudier les effets des d\u00e9charges sauvages sur la sant\u00e9 des citoyens<\/h3>\n<p>Les d\u00e9charges sauvages, avec leurs eaux stagnantes et leurs d\u00e9chets abandonn\u00e9s, repr\u00e9sentent un danger pour la sant\u00e9 publique. Ces zones de d\u00e9p\u00f4t favorisent la prolif\u00e9ration de bact\u00e9ries et de virus, cr\u00e9ant des conditions propices aux \u00e9pid\u00e9mies. La pollution de l\u2019air et de l\u2019eau par les produits chimiques contenus dans ces d\u00e9chets compromet la qualit\u00e9 des nappes phr\u00e9atiques. Le risque d\u2019incendie est aussi consid\u00e9rable, avec des d\u00e9chets inflammables comme les solvants et huiles susceptibles de d\u00e9clencher des feux incontr\u00f4lables.<\/p>\n<h2>Le cadre juridique pour lutter contre l\u2019abandon ill\u00e9gal de d\u00e9chets<\/h2>\n<h3>Les amendes et peines en cas de d\u00e9p\u00f4t sauvage de d\u00e9chets selon la l\u00e9gislation environnementale<\/h3>\n<p>En cas d\u2019abandon ill\u00e9gal de d\u00e9chets, les sanctions peuvent \u00eatre tr\u00e8s lourdes. Les contrevenants risquent une amende de 75 000 \u20ac et une peine de deux ans de prison si des d\u00e9chets dangereux sont d\u00e9pos\u00e9s en grande quantit\u00e9. Pour un simple jet d\u2019ordures sur la voie publique, l\u2019amende peut atteindre 1 500 \u20ac. En outre, la saisie du v\u00e9hicule utilis\u00e9 pour l\u2019infraction est \u00e9galement une sanction courante, et des peines encore plus s\u00e9v\u00e8res sont appliqu\u00e9es en cas de r\u00e9cidive.<\/p>\n<h3>Le cadre l\u00e9gal des d\u00e9charges sauvages : obligations et responsabilit\u00e9s<\/h3>\n<p>Selon l\u2019article L.541-3 du Code de l\u2019environnement, l\u2019abandon de d\u00e9chets est une infraction en France. Les responsables, qu\u2019ils soient des particuliers ou des entreprises, peuvent \u00eatre poursuivis en raison de leur impact environnemental.<\/p>\n<h3>Les collectivit\u00e9s locales et leur r\u00f4le dans la gestion des infractions environnementales<\/h3>\n<p>Les maires et pr\u00e9fets, en tant qu\u2019autorit\u00e9s locales, sont investis du pouvoir de police pour contr\u00f4ler et sanctionner les d\u00e9p\u00f4ts sauvages de d\u00e9chets et organiser la collecte. Ils peuvent \u00e9galement imposer aux contrevenants de remettre les sites en \u00e9tat, sous peine de sanctions administratives.<\/p>\n<h2>Les D\u00e9charges Sauvages : Une Menace pour la Nature et la Sant\u00e9 Publique<\/h2>\n<p>La lutte contre les d\u00e9charges sauvages demande une action commune. Sensibiliser la population, renforcer les lois existantes et adopter des solutions locales sont des moyens efficaces pour limiter ces d\u00e9p\u00f4ts ill\u00e9gaux et prot\u00e9ger notre environnement. Chacun de nous peut participer en triant correctement, en signalant les infractions et en soutenant les initiatives de recyclage.<\/p>\n<h2>Les strat\u00e9gies pour combattre les d\u00e9charges sauvages<\/h2>\n<h3>Initiatives locales et r\u00e9gionales exemplaires dans la gestion des d\u00e9charges sauvages<\/h3>\n<p>Les d\u00e9charges sauvages sont un d\u00e9fi pour de nombreuses villes, mais certaines ont trouv\u00e9 des solutions novatrices pour y faire face. Des plateformes de signalement comme \u00ab&nbsp;Je Signale&nbsp;\u00bb permettent aux citoyens de signaler facilement les d\u00e9p\u00f4ts ill\u00e9gaux, ce qui permet aux autorit\u00e9s d\u2019agir rapidement. Les brigades environnementales surveillent \u00e9galement les espaces publics pour rep\u00e9rer les infractions. En outre, des projets de recyclage participatif sont mis en place pour encourager une gestion plus responsable des d\u00e9chets. Aidez \u00e0 lutter contre les d\u00e9chets abandonn\u00e9s avec <a href=\"https:\/\/www.applijesignale.fr\/\" rel=\"noopener noreferrer nofollow\" target=\"_blank\">AppliJeSignale.fr \u2013 signaler les d\u00e9charges sauvages <\/a>vous permet de transmettre rapidement les informations n\u00e9cessaires aux autorit\u00e9s locales.<\/p>\n<h3>Encourager des solutions de recyclage et de gestion raisonn\u00e9e des d\u00e9chets<\/h3>\n<p>Pr\u00e9venir l\u2019abandon des d\u00e9chets passe par la promotion d\u2019une gestion responsable et durable. Le tri s\u00e9lectif et la valorisation \u00e9nerg\u00e9tique aident \u00e0 limiter les volumes de d\u00e9chets enfouis, ce qui r\u00e9duit leur empreinte \u00e9cologique. L\u2019utilisation de mat\u00e9riaux recyclables est \u00e9galement une m\u00e9thode efficace pour r\u00e9duire la production de d\u00e9chets d\u00e8s leur origine. En outre, le soutien aux initiatives de r\u00e9emploi, telles que les ressourceries et les associations de r\u00e9cup\u00e9ration, favorise l\u2019\u00e9conomie circulaire en offrant une seconde vie aux objets.<\/p>\n<h3>Approches efficaces de pr\u00e9vention et sensibilisation contre les d\u00e9chets abandonn\u00e9s<\/h3>\n<p>Pour freiner l\u2019expansion des d\u00e9charges sauvages, une combinaison de mesures est indispensable. La sensibilisation des citoyens est un levier important pour leur faire comprendre les risques environnementaux et sanitaires li\u00e9s \u00e0 l\u2019abandon des d\u00e9chets. Il est aussi primordial de renforcer les contr\u00f4les et les sanctions pour dissuader les contrevenants. L\u2019extension des horaires des d\u00e9chetteries et l\u2019installation de points de collecte mobiles favoriseraient un tri des d\u00e9chets plus efficace et une gestion plus responsable. <\/p>\n<p>#CIMG4999<\/p>\n<p> Cet article, qui traite du th\u00e8me \u00ab\u00a0Les 3 rivi\u00e8res dans la Somme\u00a0\u00bb, vous est sp\u00e9cialement sugg\u00e9r\u00e9 par cc3rivieres76.com. La chronique est reproduite du mieux possible. Dans le cas o\u00f9 vous souhaitez apporter quelques pr\u00e9cisions concernant le domaine de \u00ab\u00a0Les 3 rivi\u00e8res dans la Somme\u00a0\u00bb vous pouvez solliciter notre r\u00e9daction. La destination de cc3rivieres76.com est de d\u00e9battre de Les 3 rivi\u00e8res dans la Somme dans la transparence en vous apportant la connaissance de tout ce qui est en lien avec ce sujet sur la toile Connectez-vous sur notre site cc3rivieres76.com et nos r\u00e9seaux sociaux dans le but d\u2019\u00eatre inform\u00e9 des futures publications.<\/p>\n","protected":false},"excerpt":{"rendered":"<p>Le th\u00e8me \u00ab&nbsp;d\u00e9charge sauvage&nbsp;\u00bb mis en image par Mouvement Ecologiste Ind\u00e9pendant pour la Corse Sur Flickr, publi\u00e9 par Mouvement Ecologiste Ind\u00e9pendant pour la Corse, une image traite du th\u00e8me \u00ab d\u00e9charge sauvage \u00bb. L\u2019image mise en ligne par Mouvement Ecologiste Ind\u00e9pendant pour la Corse porte le titre \u00ab&nbsp;CIMG4999&nbsp;\u00bb. Au moment o\u00f9 nous en avons pris &hellip; <\/p>\n<p class=\"link-more\"><a href=\"https:\/\/www.cc3rivieres76.com\/blog\/decharge-sauvage-cimg4999\/\" class=\"more-link\">Continuer la lecture <span class=\"screen-reader-text\"> \u00ab\u00a0d\u00e9charge sauvage; CIMG4999\u00a0\u00bb<\/span><\/a><\/p>\n","protected":false},"author":3,"featured_media":771,"comment_status":"closed","ping_status":"closed","sticky":false,"template":"","format":"standard","meta":{"footnotes":""},"categories":[2],"tags":[],"class_list":["post-770","post","type-post","status-publish","format-standard","has-post-thumbnail","hentry","category-les-3-rivieres-dans-la-somme","entry"],"yoast_head":"<!-- This site is optimized with the Yoast SEO plugin v27.5 - https:\/\/yoast.com\/product\/yoast-seo-wordpress\/ -->\n<title>d\u00e9charge sauvage; CIMG4999 - CC3RIVIERES76<\/title>\n<meta name=\"robots\" content=\"index, follow, max-snippet:-1, max-image-preview:large, max-video-preview:-1\" \/>\n<link rel=\"canonical\" href=\"https:\/\/www.cc3rivieres76.com\/blog\/decharge-sauvage-cimg4999\/\" \/>\n<meta property=\"og:locale\" content=\"fr_FR\" \/>\n<meta property=\"og:type\" content=\"article\" \/>\n<meta property=\"og:title\" content=\"d\u00e9charge sauvage; CIMG4999 - CC3RIVIERES76\" \/>\n<meta property=\"og:description\" content=\"Le th\u00e8me \u00ab&nbsp;d\u00e9charge sauvage&nbsp;\u00bb mis en image par Mouvement Ecologiste Ind\u00e9pendant pour la Corse Sur Flickr, publi\u00e9 par Mouvement Ecologiste Ind\u00e9pendant pour la Corse, une image traite du th\u00e8me \u00ab d\u00e9charge sauvage \u00bb. L\u2019image mise en ligne par Mouvement Ecologiste Ind\u00e9pendant pour la Corse porte le titre \u00ab&nbsp;CIMG4999&nbsp;\u00bb. Au moment o\u00f9 nous en avons pris &hellip; Continuer la lecture \u00ab\u00a0d\u00e9charge sauvage; CIMG4999\u00a0\u00bb\" \/>\n<meta property=\"og:url\" content=\"https:\/\/www.cc3rivieres76.com\/blog\/decharge-sauvage-cimg4999\/\" \/>\n<meta property=\"og:site_name\" content=\"CC3RIVIERES76\" \/>\n<meta property=\"article:published_time\" content=\"2025-07-08T10:25:40+00:00\" \/>\n<meta property=\"og:image\" content=\"https:\/\/www.cc3rivieres76.com\/blog\/wp-content\/uploads\/2025\/07\/decharge-sauvage-cimg4999.jpg\" \/>\n<meta name=\"author\" content=\"Sylvie DE LAUZAINGHEIN\" \/>\n<meta name=\"twitter:card\" content=\"summary_large_image\" \/>\n<meta name=\"twitter:label1\" content=\"\u00c9crit par\" \/>\n\t<meta name=\"twitter:data1\" content=\"Sylvie DE LAUZAINGHEIN\" \/>\n\t<meta name=\"twitter:label2\" content=\"Dur\u00e9e de lecture estim\u00e9e\" \/>\n\t<meta name=\"twitter:data2\" content=\"7 minutes\" \/>\n<script type=\"application\/ld+json\" class=\"yoast-schema-graph\">{\"@context\":\"https:\\\/\\\/schema.org\",\"@graph\":[{\"@type\":\"Article\",\"@id\":\"https:\\\/\\\/www.cc3rivieres76.com\\\/blog\\\/decharge-sauvage-cimg4999\\\/#article\",\"isPartOf\":{\"@id\":\"https:\\\/\\\/www.cc3rivieres76.com\\\/blog\\\/decharge-sauvage-cimg4999\\\/\"},\"author\":{\"name\":\"Sylvie DE LAUZAINGHEIN\",\"@id\":\"https:\\\/\\\/www.cc3rivieres76.com\\\/blog\\\/#\\\/schema\\\/person\\\/474d457fb7747b5218f39792dfaa5a1c\"},\"headline\":\"d\u00e9charge sauvage; CIMG4999\",\"datePublished\":\"2025-07-08T10:25:40+00:00\",\"mainEntityOfPage\":{\"@id\":\"https:\\\/\\\/www.cc3rivieres76.com\\\/blog\\\/decharge-sauvage-cimg4999\\\/\"},\"wordCount\":1450,\"publisher\":{\"@id\":\"https:\\\/\\\/www.cc3rivieres76.com\\\/blog\\\/#organization\"},\"image\":{\"@id\":\"https:\\\/\\\/www.cc3rivieres76.com\\\/blog\\\/decharge-sauvage-cimg4999\\\/#primaryimage\"},\"thumbnailUrl\":\"https:\\\/\\\/www.cc3rivieres76.com\\\/blog\\\/wp-content\\\/uploads\\\/2025\\\/07\\\/decharge-sauvage-cimg4999.jpg\",\"articleSection\":[\"Les 3 Rivi\u00e8res Dans La Somme:\"],\"inLanguage\":\"fr-FR\"},{\"@type\":\"WebPage\",\"@id\":\"https:\\\/\\\/www.cc3rivieres76.com\\\/blog\\\/decharge-sauvage-cimg4999\\\/\",\"url\":\"https:\\\/\\\/www.cc3rivieres76.com\\\/blog\\\/decharge-sauvage-cimg4999\\\/\",\"name\":\"d\u00e9charge sauvage; CIMG4999 - CC3RIVIERES76\",\"isPartOf\":{\"@id\":\"https:\\\/\\\/www.cc3rivieres76.com\\\/blog\\\/#website\"},\"primaryImageOfPage\":{\"@id\":\"https:\\\/\\\/www.cc3rivieres76.com\\\/blog\\\/decharge-sauvage-cimg4999\\\/#primaryimage\"},\"image\":{\"@id\":\"https:\\\/\\\/www.cc3rivieres76.com\\\/blog\\\/decharge-sauvage-cimg4999\\\/#primaryimage\"},\"thumbnailUrl\":\"https:\\\/\\\/www.cc3rivieres76.com\\\/blog\\\/wp-content\\\/uploads\\\/2025\\\/07\\\/decharge-sauvage-cimg4999.jpg\",\"datePublished\":\"2025-07-08T10:25:40+00:00\",\"breadcrumb\":{\"@id\":\"https:\\\/\\\/www.cc3rivieres76.com\\\/blog\\\/decharge-sauvage-cimg4999\\\/#breadcrumb\"},\"inLanguage\":\"fr-FR\",\"potentialAction\":[{\"@type\":\"ReadAction\",\"target\":[\"https:\\\/\\\/www.cc3rivieres76.com\\\/blog\\\/decharge-sauvage-cimg4999\\\/\"]}]},{\"@type\":\"ImageObject\",\"inLanguage\":\"fr-FR\",\"@id\":\"https:\\\/\\\/www.cc3rivieres76.com\\\/blog\\\/decharge-sauvage-cimg4999\\\/#primaryimage\",\"url\":\"https:\\\/\\\/www.cc3rivieres76.com\\\/blog\\\/wp-content\\\/uploads\\\/2025\\\/07\\\/decharge-sauvage-cimg4999.jpg\",\"contentUrl\":\"https:\\\/\\\/www.cc3rivieres76.com\\\/blog\\\/wp-content\\\/uploads\\\/2025\\\/07\\\/decharge-sauvage-cimg4999.jpg\",\"width\":500,\"height\":375,\"caption\":\"d\u00e9charge sauvage; CIMG4999\"},{\"@type\":\"BreadcrumbList\",\"@id\":\"https:\\\/\\\/www.cc3rivieres76.com\\\/blog\\\/decharge-sauvage-cimg4999\\\/#breadcrumb\",\"itemListElement\":[{\"@type\":\"ListItem\",\"position\":1,\"name\":\"Accueil\",\"item\":\"https:\\\/\\\/www.cc3rivieres76.com\\\/blog\\\/\"},{\"@type\":\"ListItem\",\"position\":2,\"name\":\"d\u00e9charge sauvage; CIMG4999\"}]},{\"@type\":\"WebSite\",\"@id\":\"https:\\\/\\\/www.cc3rivieres76.com\\\/blog\\\/#website\",\"url\":\"https:\\\/\\\/www.cc3rivieres76.com\\\/blog\\\/\",\"name\":\"CC3RIVIERES76\",\"description\":\"Les 3 rivi\u00e8res dans la Somme.\",\"publisher\":{\"@id\":\"https:\\\/\\\/www.cc3rivieres76.com\\\/blog\\\/#organization\"},\"potentialAction\":[{\"@type\":\"SearchAction\",\"target\":{\"@type\":\"EntryPoint\",\"urlTemplate\":\"https:\\\/\\\/www.cc3rivieres76.com\\\/blog\\\/?s={search_term_string}\"},\"query-input\":{\"@type\":\"PropertyValueSpecification\",\"valueRequired\":true,\"valueName\":\"search_term_string\"}}],\"inLanguage\":\"fr-FR\"},{\"@type\":\"Organization\",\"@id\":\"https:\\\/\\\/www.cc3rivieres76.com\\\/blog\\\/#organization\",\"name\":\"cc3rivieres76\",\"url\":\"https:\\\/\\\/www.cc3rivieres76.com\\\/blog\\\/\",\"logo\":{\"@type\":\"ImageObject\",\"inLanguage\":\"fr-FR\",\"@id\":\"https:\\\/\\\/www.cc3rivieres76.com\\\/blog\\\/#\\\/schema\\\/logo\\\/image\\\/\",\"url\":\"https:\\\/\\\/www.cc3rivieres76.com\\\/blog\\\/wp-content\\\/uploads\\\/2023\\\/06\\\/logo-2.png\",\"contentUrl\":\"https:\\\/\\\/www.cc3rivieres76.com\\\/blog\\\/wp-content\\\/uploads\\\/2023\\\/06\\\/logo-2.png\",\"width\":390,\"height\":388,\"caption\":\"cc3rivieres76\"},\"image\":{\"@id\":\"https:\\\/\\\/www.cc3rivieres76.com\\\/blog\\\/#\\\/schema\\\/logo\\\/image\\\/\"}},{\"@type\":\"Person\",\"@id\":\"https:\\\/\\\/www.cc3rivieres76.com\\\/blog\\\/#\\\/schema\\\/person\\\/474d457fb7747b5218f39792dfaa5a1c\",\"name\":\"Sylvie DE LAUZAINGHEIN\",\"image\":{\"@type\":\"ImageObject\",\"inLanguage\":\"fr-FR\",\"@id\":\"https:\\\/\\\/secure.gravatar.com\\\/avatar\\\/9c6a53b19e0a3431aa80de0895b9729fe665cd7e7d6cc94fc11abb152f4237d7?s=96&d=mm&r=g\",\"url\":\"https:\\\/\\\/secure.gravatar.com\\\/avatar\\\/9c6a53b19e0a3431aa80de0895b9729fe665cd7e7d6cc94fc11abb152f4237d7?s=96&d=mm&r=g\",\"contentUrl\":\"https:\\\/\\\/secure.gravatar.com\\\/avatar\\\/9c6a53b19e0a3431aa80de0895b9729fe665cd7e7d6cc94fc11abb152f4237d7?s=96&d=mm&r=g\",\"caption\":\"Sylvie DE LAUZAINGHEIN\"},\"url\":\"https:\\\/\\\/www.cc3rivieres76.com\\\/blog\\\/author\\\/s76sylvie\\\/\"}]}<\/script>\n<!-- \/ Yoast SEO plugin. -->","yoast_head_json":{"title":"d\u00e9charge sauvage; CIMG4999 - CC3RIVIERES76","robots":{"index":"index","follow":"follow","max-snippet":"max-snippet:-1","max-image-preview":"max-image-preview:large","max-video-preview":"max-video-preview:-1"},"canonical":"https:\/\/www.cc3rivieres76.com\/blog\/decharge-sauvage-cimg4999\/","og_locale":"fr_FR","og_type":"article","og_title":"d\u00e9charge sauvage; CIMG4999 - CC3RIVIERES76","og_description":"Le th\u00e8me \u00ab&nbsp;d\u00e9charge sauvage&nbsp;\u00bb mis en image par Mouvement Ecologiste Ind\u00e9pendant pour la Corse Sur Flickr, publi\u00e9 par Mouvement Ecologiste Ind\u00e9pendant pour la Corse, une image traite du th\u00e8me \u00ab d\u00e9charge sauvage \u00bb. L\u2019image mise en ligne par Mouvement Ecologiste Ind\u00e9pendant pour la Corse porte le titre \u00ab&nbsp;CIMG4999&nbsp;\u00bb. Au moment o\u00f9 nous en avons pris &hellip; Continuer la lecture \u00ab\u00a0d\u00e9charge sauvage; CIMG4999\u00a0\u00bb","og_url":"https:\/\/www.cc3rivieres76.com\/blog\/decharge-sauvage-cimg4999\/","og_site_name":"CC3RIVIERES76","article_published_time":"2025-07-08T10:25:40+00:00","og_image":[{"url":"https:\/\/www.cc3rivieres76.com\/blog\/wp-content\/uploads\/2025\/07\/decharge-sauvage-cimg4999.jpg","type":"","width":"","height":""}],"author":"Sylvie DE LAUZAINGHEIN","twitter_card":"summary_large_image","twitter_misc":{"\u00c9crit par":"Sylvie DE LAUZAINGHEIN","Dur\u00e9e de lecture estim\u00e9e":"7 minutes"},"schema":{"@context":"https:\/\/schema.org","@graph":[{"@type":"Article","@id":"https:\/\/www.cc3rivieres76.com\/blog\/decharge-sauvage-cimg4999\/#article","isPartOf":{"@id":"https:\/\/www.cc3rivieres76.com\/blog\/decharge-sauvage-cimg4999\/"},"author":{"name":"Sylvie DE LAUZAINGHEIN","@id":"https:\/\/www.cc3rivieres76.com\/blog\/#\/schema\/person\/474d457fb7747b5218f39792dfaa5a1c"},"headline":"d\u00e9charge sauvage; CIMG4999","datePublished":"2025-07-08T10:25:40+00:00","mainEntityOfPage":{"@id":"https:\/\/www.cc3rivieres76.com\/blog\/decharge-sauvage-cimg4999\/"},"wordCount":1450,"publisher":{"@id":"https:\/\/www.cc3rivieres76.com\/blog\/#organization"},"image":{"@id":"https:\/\/www.cc3rivieres76.com\/blog\/decharge-sauvage-cimg4999\/#primaryimage"},"thumbnailUrl":"https:\/\/www.cc3rivieres76.com\/blog\/wp-content\/uploads\/2025\/07\/decharge-sauvage-cimg4999.jpg","articleSection":["Les 3 Rivi\u00e8res Dans La Somme:"],"inLanguage":"fr-FR"},{"@type":"WebPage","@id":"https:\/\/www.cc3rivieres76.com\/blog\/decharge-sauvage-cimg4999\/","url":"https:\/\/www.cc3rivieres76.com\/blog\/decharge-sauvage-cimg4999\/","name":"d\u00e9charge sauvage; CIMG4999 - CC3RIVIERES76","isPartOf":{"@id":"https:\/\/www.cc3rivieres76.com\/blog\/#website"},"primaryImageOfPage":{"@id":"https:\/\/www.cc3rivieres76.com\/blog\/decharge-sauvage-cimg4999\/#primaryimage"},"image":{"@id":"https:\/\/www.cc3rivieres76.com\/blog\/decharge-sauvage-cimg4999\/#primaryimage"},"thumbnailUrl":"https:\/\/www.cc3rivieres76.com\/blog\/wp-content\/uploads\/2025\/07\/decharge-sauvage-cimg4999.jpg","datePublished":"2025-07-08T10:25:40+00:00","breadcrumb":{"@id":"https:\/\/www.cc3rivieres76.com\/blog\/decharge-sauvage-cimg4999\/#breadcrumb"},"inLanguage":"fr-FR","potentialAction":[{"@type":"ReadAction","target":["https:\/\/www.cc3rivieres76.com\/blog\/decharge-sauvage-cimg4999\/"]}]},{"@type":"ImageObject","inLanguage":"fr-FR","@id":"https:\/\/www.cc3rivieres76.com\/blog\/decharge-sauvage-cimg4999\/#primaryimage","url":"https:\/\/www.cc3rivieres76.com\/blog\/wp-content\/uploads\/2025\/07\/decharge-sauvage-cimg4999.jpg","contentUrl":"https:\/\/www.cc3rivieres76.com\/blog\/wp-content\/uploads\/2025\/07\/decharge-sauvage-cimg4999.jpg","width":500,"height":375,"caption":"d\u00e9charge sauvage; CIMG4999"},{"@type":"BreadcrumbList","@id":"https:\/\/www.cc3rivieres76.com\/blog\/decharge-sauvage-cimg4999\/#breadcrumb","itemListElement":[{"@type":"ListItem","position":1,"name":"Accueil","item":"https:\/\/www.cc3rivieres76.com\/blog\/"},{"@type":"ListItem","position":2,"name":"d\u00e9charge sauvage; CIMG4999"}]},{"@type":"WebSite","@id":"https:\/\/www.cc3rivieres76.com\/blog\/#website","url":"https:\/\/www.cc3rivieres76.com\/blog\/","name":"CC3RIVIERES76","description":"Les 3 rivi\u00e8res dans la Somme.","publisher":{"@id":"https:\/\/www.cc3rivieres76.com\/blog\/#organization"},"potentialAction":[{"@type":"SearchAction","target":{"@type":"EntryPoint","urlTemplate":"https:\/\/www.cc3rivieres76.com\/blog\/?s={search_term_string}"},"query-input":{"@type":"PropertyValueSpecification","valueRequired":true,"valueName":"search_term_string"}}],"inLanguage":"fr-FR"},{"@type":"Organization","@id":"https:\/\/www.cc3rivieres76.com\/blog\/#organization","name":"cc3rivieres76","url":"https:\/\/www.cc3rivieres76.com\/blog\/","logo":{"@type":"ImageObject","inLanguage":"fr-FR","@id":"https:\/\/www.cc3rivieres76.com\/blog\/#\/schema\/logo\/image\/","url":"https:\/\/www.cc3rivieres76.com\/blog\/wp-content\/uploads\/2023\/06\/logo-2.png","contentUrl":"https:\/\/www.cc3rivieres76.com\/blog\/wp-content\/uploads\/2023\/06\/logo-2.png","width":390,"height":388,"caption":"cc3rivieres76"},"image":{"@id":"https:\/\/www.cc3rivieres76.com\/blog\/#\/schema\/logo\/image\/"}},{"@type":"Person","@id":"https:\/\/www.cc3rivieres76.com\/blog\/#\/schema\/person\/474d457fb7747b5218f39792dfaa5a1c","name":"Sylvie DE LAUZAINGHEIN","image":{"@type":"ImageObject","inLanguage":"fr-FR","@id":"https:\/\/secure.gravatar.com\/avatar\/9c6a53b19e0a3431aa80de0895b9729fe665cd7e7d6cc94fc11abb152f4237d7?s=96&d=mm&r=g","url":"https:\/\/secure.gravatar.com\/avatar\/9c6a53b19e0a3431aa80de0895b9729fe665cd7e7d6cc94fc11abb152f4237d7?s=96&d=mm&r=g","contentUrl":"https:\/\/secure.gravatar.com\/avatar\/9c6a53b19e0a3431aa80de0895b9729fe665cd7e7d6cc94fc11abb152f4237d7?s=96&d=mm&r=g","caption":"Sylvie DE LAUZAINGHEIN"},"url":"https:\/\/www.cc3rivieres76.com\/blog\/author\/s76sylvie\/"}]}},"_links":{"self":[{"href":"https:\/\/www.cc3rivieres76.com\/blog\/wp-json\/wp\/v2\/posts\/770","targetHints":{"allow":["GET"]}}],"collection":[{"href":"https:\/\/www.cc3rivieres76.com\/blog\/wp-json\/wp\/v2\/posts"}],"about":[{"href":"https:\/\/www.cc3rivieres76.com\/blog\/wp-json\/wp\/v2\/types\/post"}],"author":[{"embeddable":true,"href":"https:\/\/www.cc3rivieres76.com\/blog\/wp-json\/wp\/v2\/users\/3"}],"replies":[{"embeddable":true,"href":"https:\/\/www.cc3rivieres76.com\/blog\/wp-json\/wp\/v2\/comments?post=770"}],"version-history":[{"count":0,"href":"https:\/\/www.cc3rivieres76.com\/blog\/wp-json\/wp\/v2\/posts\/770\/revisions"}],"wp:featuredmedia":[{"embeddable":true,"href":"https:\/\/www.cc3rivieres76.com\/blog\/wp-json\/wp\/v2\/media\/771"}],"wp:attachment":[{"href":"https:\/\/www.cc3rivieres76.com\/blog\/wp-json\/wp\/v2\/media?parent=770"}],"wp:term":[{"taxonomy":"category","embeddable":true,"href":"https:\/\/www.cc3rivieres76.com\/blog\/wp-json\/wp\/v2\/categories?post=770"},{"taxonomy":"post_tag","embeddable":true,"href":"https:\/\/www.cc3rivieres76.com\/blog\/wp-json\/wp\/v2\/tags?post=770"}],"curies":[{"name":"wp","href":"https:\/\/api.w.org\/{rel}","templated":true}]}}