{"id":802,"date":"2025-07-30T04:00:37","date_gmt":"2025-07-30T02:00:37","guid":{"rendered":"https:\/\/www.site.cdcl.xyz\/?p=954923"},"modified":"2025-07-30T04:00:37","modified_gmt":"2025-07-30T02:00:37","slug":"police-municipalebagarre-a-la-foire-du-trone-la-police-huee-en-arrivant-14-04-2025","status":"publish","type":"post","link":"https:\/\/www.cc3rivieres76.com\/blog\/police-municipalebagarre-a-la-foire-du-trone-la-police-huee-en-arrivant-14-04-2025\/","title":{"rendered":"police municipale,Bagarre \u00e0 la Foire du Tr\u00f4ne : la police hu\u00e9e en arrivant \u2013 14\/04\/2025"},"content":{"rendered":"<br \/>\n<h2>\nCLPRESS \/ Agence de presse partage son point de vue sur \u00ab&nbsp;police municipale&nbsp;\u00bb.<br \/><\/h2>\n<p>Une cr\u00e9ation de CLPRESS \/ Agence de presse \u00e0 voir sur Youtube.<br \/>focalis\u00e9 sur \u00ab&nbsp;police municipale&nbsp;\u00bb:<br \/>[embedded content]<\/p>\n<p>\nLorsque nous avons visionn\u00e9 cette vid\u00e9o r\u00e9cemment, elle suscitait des r\u00e9actions. Le compteur de Likes indiquait: 521.\n<\/p>\n<p>Les \u00e9l\u00e9ments cl\u00e9s \u00e0 retenir sont la dur\u00e9e de la vid\u00e9o (00:01:46s), le titre (Bagarre \u00e0 la Foire du Tr\u00f4ne : la police hu\u00e9e en arrivant \u2013 14\/04\/2025) et l\u2019auteur, ainsi que la description qui suit :\u00ab<i> La Foire du Tr\u00f4ne 2025, la plus grande f\u00eate foraine d\u2019Europe, se tient du 4 avril au 9 juin sur la Pelouse de Reuilly, dans le 12\u1d49 arrondissement de Paris. Attirant jusqu\u2019\u00e0 100 000 visiteurs par jour, cet \u00e9v\u00e9nement embl\u00e9matique est plac\u00e9 sous haute surveillance en raison de son historique d\u2019incidents li\u00e9s \u00e0 la d\u00e9linquance et aux troubles \u00e0 l\u2019ordre public. \ufffc<\/i><\/p>\n<p>S\u00e9curit\u00e9 renforc\u00e9e pour l\u2019\u00e9dition 2025<\/p>\n<p>Face aux pr\u00e9c\u00e9dents incidents, les autorit\u00e9s ont mis en place des mesures de s\u00e9curit\u00e9 accrues. La Mairie du 12\u1d49 arrondissement, en collaboration avec la Pr\u00e9fecture de Police, a instaur\u00e9 des zones de circulation et de stationnement r\u00e9serv\u00e9es aux riverains les week-ends, notamment dans le quartier Laperrine, pour r\u00e9duire les nuisances sonores et d\u00e9sengorger la zone. Un partenariat avec le parking du Centre commercial Bercy 2 a \u00e9galement \u00e9t\u00e9 renouvel\u00e9 pour encourager les visiteurs \u00e0 utiliser les transports en commun ou \u00e0 stationner \u00e0 distance. \ufffc<\/p>\n<p>Contr\u00f4les rigoureux des attractions<\/p>\n<p>La s\u00e9curit\u00e9 des man\u00e8ges est une priorit\u00e9. Tous les man\u00e8ges font l\u2019objet de contr\u00f4les obligatoires : une fois par an pour les attractions \u00e0 sensations fortes et tous les trois ans pour les autres. Les forains sont \u00e9galement tenus de v\u00e9rifier quotidiennement leurs installations. Des contr\u00f4leurs ind\u00e9pendants inspectent minutieusement chaque man\u00e8ge, en v\u00e9rifiant les branchements \u00e9lectriques et les syst\u00e8mes de s\u00e9curit\u00e9, afin de pr\u00e9venir tout accident. \ufffc<\/p>\n<p>Incidents et perception du public<\/p>\n<p>Malgr\u00e9 ces mesures, la Foire du Tr\u00f4ne continue de souffrir d\u2019une r\u00e9putation entach\u00e9e par des incidents r\u00e9currents. Des bagarres, vols \u00e0 l\u2019arrach\u00e9 et autres troubles sont r\u00e9guli\u00e8rement signal\u00e9s, notamment en soir\u00e9e. Certains visiteurs expriment leur inqui\u00e9tude sur les r\u00e9seaux sociaux, tandis que des forains d\u00e9plorent une augmentation des comportements violents. Les forces de l\u2019ordre, bien que pr\u00e9sentes, ne sont pas toujours bien accueillies, \u00e9tant parfois hu\u00e9es par une partie du public. \ufffc<\/p>\n<p>Engagement des autorit\u00e9s<\/p>\n<p>Les autorit\u00e9s locales restent mobilis\u00e9es pour assurer la s\u00e9curit\u00e9 des visiteurs et des riverains. Des patrouilles de police municipale et nationale sont d\u00e9ploy\u00e9es quotidiennement sur le site et ses alentours. Des mesures sp\u00e9cifiques, telles que la verbalisation des stationnements g\u00eanants et l\u2019enl\u00e8vement de v\u00e9hicules, sont mises en \u0153uvre pour garantir une circulation fluide. \ufffc<\/p>\n<p>En d\u00e9pit des d\u00e9fis, la Foire du Tr\u00f4ne demeure un \u00e9v\u00e9nement incontournable du printemps parisien, offrant une multitude d\u2019attractions et de divertissements pour tous les \u00e2ges. Les autorit\u00e9s et les organisateurs continuent de travailler ensemble pour am\u00e9liorer la s\u00e9curit\u00e9 et l\u2019exp\u00e9rience des visiteurs.<\/p>\n<p>Abonnez-vous pour suivre toute l\u2019actualit\u00e9 film\u00e9e sur le terrain sans commentaire : https:\/\/youtube.com\/clpress?sub_confirmation=1<\/p>\n<p>#paris #police #foiredutrone #foire #feteforaine #forains #manege <\/p>\n<p>#Actualit\u00e9s #Informations #CLPRESS<\/p>\n<p>\ud83d\udcf2 Plus d\u2019images d\u2019actualit\u00e9 sur le terrain :<br \/>\u25b6\ufe0f Twitter : http:\/\/twitter.com\/CLPRESSFR<br \/>\u25b6\ufe0f Facebook : http:\/\/facebook.com\/ClementLanot<br \/>\u25b6\ufe0f Youtube : http:\/\/youtube.com\/CLPRESS<br \/>\u25b6\ufe0f TikTok : http:\/\/www.tiktok.com\/@CLPRESS<br \/>\u25b6\ufe0f Instagram : http:\/\/instagram.com\/CLPRESS<br \/>\u25b6\ufe0f Site-internet : https:\/\/clpress.fr\/<br \/>\u25b6\ufe0f Email : contact@clementlanot.fr<\/p>\n<p>Suivre Cl\u00e9ment Lanot<br \/>\u25b6\ufe0f Twitter : http:\/\/twitter.com\/ClementLanot<br \/>\u25b6\ufe0f Youtube Cl\u00e9ment Lanot : http:\/\/youtube.com\/clementlanot<br \/>\u25b6\ufe0f TikTok : http:\/\/www.tiktok.com\/@clementlanot<br \/>\u25b6\ufe0f Instagram : http:\/\/instagram.com\/ClementLanot<\/p>\n<p>TOUT USAGE COMMERCIAL OU NON COMMERCIAL EST STRICTEMENT INTERDIT SANS ACCORD.<\/p>\n<p>ALL COMMERCIAL OR NON-COMMERCIAL USES ARE STRICTLY PROHIBITED WITHOUT PERMISSION. \u00bb.\n<\/p>\n<p>\nAvec son immense catalogue de vid\u00e9os, Youtube donne aux utilisateurs la possibilit\u00e9 d\u2019explorer des contenus originaux et enrichissants tout en respectant leur confidentialit\u00e9.<\/p>\n<h2>D\u00e9fis et enjeux actuels<\/h2>\n<p>La police municipale est confront\u00e9e \u00e0 de nombreux d\u00e9fis dans un environnement de s\u00e9curit\u00e9 publique en constante \u00e9volution.<\/p>\n<h3>Les priorit\u00e9s de la s\u00e9curit\u00e9 publique aujourd\u2019hui<\/h3>\n<p>En r\u00e9ponse aux changements soci\u00e9taux, la police municipale doit constamment ajuster ses priorit\u00e9s. Au c\u0153ur des enjeux, on retrouve la pr\u00e9vention de la d\u00e9linquance, la gestion des espaces publics et la s\u00e9curit\u00e9 routi\u00e8re, tout en int\u00e9grant les d\u00e9fis technologiques et les nouvelles formes de criminalit\u00e9.<\/p>\n<h3>Nuisances urbaines et probl\u00e8mes de d\u00e9linquance<\/h3>\n<p>Les policiers municipaux font face \u00e0 de nombreuses nuisances, telles que les tapages nocturnes, les probl\u00e8mes de stationnement, ou les comportements perturbateurs dans l\u2019espace public. M\u00eame si la d\u00e9linquance est moins importante dans ces zones, elle reste un enjeu \u00e0 ma\u00eetriser.<\/p>\n<h3>Rendre les actions plus efficaces<\/h3>\n<p>Afin de r\u00e9pondre aux d\u00e9fis actuels, la police municipale doit se moderniser. L\u2019am\u00e9lioration des comp\u00e9tences des agents, l\u2019introduction de nouveaux \u00e9quipements de surveillance et l\u2019usage des outils num\u00e9riques sont essentiels pour renforcer l\u2019efficacit\u00e9 des actions de s\u00e9curit\u00e9. Besoin d\u2019alerter la police municipale ? <a href=\"https:\/\/www.applijesignale.fr\/\" rel=\"noopener noreferrer \" target=\"_blank\">Cliquez ici <\/a>pour signaler un probl\u00e8me.<\/p>\n<h2>L\u2019avenir de la s\u00e9curit\u00e9 municipale<\/h2>\n<h3>R\u00e9visions l\u00e9gislatives et \u00e9volution des r\u00e8gles<\/h3>\n<p>Les r\u00e9formes l\u00e9gislatives affectant la police municipale sont r\u00e9guli\u00e8res et ont pour objectif d\u2019am\u00e9liorer l\u2019efficacit\u00e9 des services de s\u00e9curit\u00e9 publique.<\/p>\n<h3>L\u2019avenir des services municipaux au sein des collectivit\u00e9s<\/h3>\n<p>Avec des d\u00e9fis de s\u00e9curit\u00e9 en constante \u00e9volution, la police municipale pourrait voir son r\u00f4le se renforcer dans la gestion de la s\u00e9curit\u00e9 des \u00e9v\u00e9nements publics et l\u2019instauration de nouvelles solutions pour des villes plus s\u00fbres.<\/p>\n<h3>Strat\u00e9gies in\u00e9dites pour une s\u00e9curit\u00e9 accrue<\/h3>\n<p>L\u2019innovation en mati\u00e8re de technologie pourrait jouer un r\u00f4le cl\u00e9 dans la gestion de la s\u00e9curit\u00e9 par la police municipale, avec des outils comme les drones, les vid\u00e9osurveillance modernes et les plateformes de signalement num\u00e9rique pour des interventions plus efficaces. La police municipale joue un r\u00f4le cl\u00e9 dans la s\u00e9curit\u00e9 de nos communaut\u00e9s, assurant la paix et la tranquillit\u00e9 des citoyens. Sa proximit\u00e9 avec les habitants et ses actions de pr\u00e9vention sont des atouts majeurs, mais pour r\u00e9pondre aux d\u00e9fis futurs, elle doit s\u2019adapter et \u00e9voluer. La police municipale a un avenir porteur de nombreux changements et d\u2019am\u00e9liorations potentielles.<\/p>\n<h2>La police municipale : Le premier recours pour votre s\u00e9curit\u00e9 locale<\/h2>\n<p>Le maintien de la tranquillit\u00e9 publique dans nos quartiers d\u00e9pend de l\u2019efficacit\u00e9 de la police municipale. Les policiers municipaux assurent une pr\u00e9sence rassurante sur le terrain, veillent \u00e0 la s\u00e9curit\u00e9 des espaces publics et interviennent sans d\u00e9lai en cas de n\u00e9cessit\u00e9. Nous d\u00e9taillerons dans cet article les missions de la police municipale, ses actions pr\u00e9ventives, les d\u00e9fis actuels et les perspectives pour l\u2019avenir.<\/p>\n<h2>La police municipale : \u00c0 la base de l\u2019ordre et de la s\u00e9curit\u00e9 dans nos villes<\/h2>\n<h3>L\u2019engagement de proximit\u00e9 avec la communaut\u00e9<\/h3>\n<p>La police municipale, en raison de sa proximit\u00e9 avec les citoyens, est en mesure de g\u00e9rer rapidement les d\u00e9marches administratives dans le cadre du droit judiciaire. En \u00e9tant pr\u00e9sente dans les quartiers, elle ajuste les mesures de s\u00e9curit\u00e9 et entretient une relation de confiance avec les habitants, favorisant l\u2019\u00e9change d\u2019informations pour pr\u00e9venir les risques efficacement. Sous l\u2019autorit\u00e9 du maire, la police municipale est un acteur cl\u00e9 de la s\u00e9curit\u00e9 locale. Ses agents \u0153uvrent pour maintenir l\u2019ordre public et garantir la tranquillit\u00e9 des habitants. En partenariat avec la police nationale, elle veille sur la communaut\u00e9 en surveillant les lieux publics, en intervenant lors de troubles et en appliquant les arr\u00eat\u00e9s municipaux.<\/p>\n<h3>L\u2019effet de la s\u00e9curit\u00e9 municipale sur le calme public<\/h3>\n<p>La police municipale joue un r\u00f4le cl\u00e9 dans la pr\u00e9servation de la tranquillit\u00e9 publique. En assurant une vigilance constante dans les rues et lieux publics, les agents limitent les comportements perturbateurs et luttent contre la d\u00e9linquance. Leur pr\u00e9sence rassurante est un facteur important de s\u00e9curit\u00e9 pour les citoyens, leur garantissant un environnement calme et s\u00fbr.<\/p>\n<h3>Les objectifs et domaines d\u2019intervention<\/h3>\n<p>Les missions des policiers municipaux incluent des t\u00e2ches vari\u00e9es et essentielles pour la s\u00e9curit\u00e9 publique. Ils patrouillent dans les rues, r\u00e9gulent la circulation et les stationnements, g\u00e8rent les animaux errants et luttent contre les nuisances sonores. En cas de trouble \u00e0 l\u2019ordre public ou d\u2019infractions, ils interviennent activement.<\/p>\n<h2>Tactiques de pr\u00e9vention et de r\u00e9ponse<\/h2>\n<h3>Op\u00e9rations \u00e9ducatives sur la tranquillit\u00e9 publique<\/h3>\n<p>La pr\u00e9vention de la d\u00e9linquance figure parmi les priorit\u00e9s de la police municipale. Elle met en place des campagnes de sensibilisation \u00e0 la s\u00e9curit\u00e9 routi\u00e8re, organise des r\u00e9unions de quartier pour aborder les enjeux de s\u00e9curit\u00e9 et m\u00e8ne des actions \u00e9ducatives pour lutter contre les nuisances. L\u2019engagement des habitants dans ces initiatives cr\u00e9e un lien renforc\u00e9 entre la police municipale et la population.<\/p>\n<h3>M\u00e9thodes de surveillance et de rondes<\/h3>\n<p>Les policiers municipaux assurent une pr\u00e9sence constante gr\u00e2ce \u00e0 des rondes \u00e0 pied ou en voiture, compl\u00e9t\u00e9es par l\u2019installation de cam\u00e9ras, afin de rep\u00e9rer toute anomalie et d\u2019intervenir rapidement. La police municipale est proactive dans son approche, cherchant \u00e0 r\u00e9duire les risques de troubles \u00e0 l\u2019ordre public par des actions pr\u00e9ventives.<\/p>\n<h3>Coop\u00e9ration entre diff\u00e9rents services de s\u00e9curit\u00e9<\/h3>\n<p>La police municipale, en collaboration avec la police nationale et les services de secours, assure une r\u00e9action rapide et bien orchestr\u00e9e lors des situations d\u2019urgence. Cette coop\u00e9ration maximise l\u2019efficacit\u00e9 des actions de s\u00e9curit\u00e9 et de protection.\n<\/p>\n<p> Pour visionner la vid\u00e9o, cliquez ici pour acc\u00e9der \u00e0 youtube :<br \/><u> la publication originale:<\/u> <a href=\"https:\/\/www.youtube.com\/watch?v=v340CTVzjsY\">Cliquer ici<\/a>\n<\/p>\n<p>\n#Bagarre #Foire #Tr\u00f4ne #police #hu\u00e9e #arrivant\n<\/p>\n<p>\n<u>Retranscription des paroles de la vid\u00e9o:<\/u> Non disponible.<br \/>.\n<\/p>\n<p>\n<img decoding=\"async\" src=\"https:\/\/www.cc3rivieres76.com\/blog\/wp-content\/uploads\/2025\/07\/police-municipalebagarre-a-la-foire-du-trone-la-police-huee-en-arrivant-14-04-2025.jpg\" alt=\"Image youtube\">\n<\/p>\n<p>\n<u>D\u00e9roulement de la vid\u00e9o:<\/u>\n<\/p>\n<p>\nIndisponible.<br \/>.<\/p>\n<p> Cet article, qui traite du th\u00e8me \u00ab\u00a0Les 3 rivi\u00e8res dans la Somme\u00a0\u00bb, vous est sp\u00e9cialement sugg\u00e9r\u00e9 par cc3rivieres76.com. La chronique est reproduite du mieux possible. Dans le cas o\u00f9 vous souhaitez apporter quelques pr\u00e9cisions concernant le domaine de \u00ab\u00a0Les 3 rivi\u00e8res dans la Somme\u00a0\u00bb vous pouvez solliciter notre r\u00e9daction. La destination de cc3rivieres76.com est de d\u00e9battre de Les 3 rivi\u00e8res dans la Somme dans la transparence en vous apportant la connaissance de tout ce qui est en lien avec ce sujet sur la toile Connectez-vous sur notre site cc3rivieres76.com et nos r\u00e9seaux sociaux dans le but d\u2019\u00eatre inform\u00e9 des futures publications.<\/p>\n","protected":false},"excerpt":{"rendered":"<p>CLPRESS \/ Agence de presse partage son point de vue sur \u00ab&nbsp;police municipale&nbsp;\u00bb. Une cr\u00e9ation de CLPRESS \/ Agence de presse \u00e0 voir sur Youtube.focalis\u00e9 sur \u00ab&nbsp;police municipale&nbsp;\u00bb:[embedded content] Lorsque nous avons visionn\u00e9 cette vid\u00e9o r\u00e9cemment, elle suscitait des r\u00e9actions. Le compteur de Likes indiquait: 521. Les \u00e9l\u00e9ments cl\u00e9s \u00e0 retenir sont la dur\u00e9e de &hellip; <\/p>\n<p class=\"link-more\"><a href=\"https:\/\/www.cc3rivieres76.com\/blog\/police-municipalebagarre-a-la-foire-du-trone-la-police-huee-en-arrivant-14-04-2025\/\" class=\"more-link\">Continuer la lecture <span class=\"screen-reader-text\"> \u00ab\u00a0police municipale,Bagarre \u00e0 la Foire du Tr\u00f4ne : la police hu\u00e9e en arrivant \u2013 14\/04\/2025\u00a0\u00bb<\/span><\/a><\/p>\n","protected":false},"author":3,"featured_media":803,"comment_status":"closed","ping_status":"closed","sticky":false,"template":"","format":"standard","meta":{"footnotes":""},"categories":[2],"tags":[],"class_list":["post-802","post","type-post","status-publish","format-standard","has-post-thumbnail","hentry","category-les-3-rivieres-dans-la-somme","entry"],"yoast_head":"<!-- This site is optimized with the Yoast SEO plugin v27.5 - https:\/\/yoast.com\/product\/yoast-seo-wordpress\/ -->\n<title>police municipale,Bagarre \u00e0 la Foire du Tr\u00f4ne : la police hu\u00e9e en arrivant \u2013 14\/04\/2025 - CC3RIVIERES76<\/title>\n<meta name=\"robots\" content=\"index, follow, max-snippet:-1, max-image-preview:large, max-video-preview:-1\" \/>\n<link rel=\"canonical\" href=\"https:\/\/www.cc3rivieres76.com\/blog\/police-municipalebagarre-a-la-foire-du-trone-la-police-huee-en-arrivant-14-04-2025\/\" \/>\n<meta property=\"og:locale\" content=\"fr_FR\" \/>\n<meta property=\"og:type\" content=\"article\" \/>\n<meta property=\"og:title\" content=\"police municipale,Bagarre \u00e0 la Foire du Tr\u00f4ne : la police hu\u00e9e en arrivant \u2013 14\/04\/2025 - CC3RIVIERES76\" \/>\n<meta property=\"og:description\" content=\"CLPRESS \/ Agence de presse partage son point de vue sur \u00ab&nbsp;police municipale&nbsp;\u00bb. Une cr\u00e9ation de CLPRESS \/ Agence de presse \u00e0 voir sur Youtube.focalis\u00e9 sur \u00ab&nbsp;police municipale&nbsp;\u00bb:[embedded content] Lorsque nous avons visionn\u00e9 cette vid\u00e9o r\u00e9cemment, elle suscitait des r\u00e9actions. Le compteur de Likes indiquait: 521. Les \u00e9l\u00e9ments cl\u00e9s \u00e0 retenir sont la dur\u00e9e de &hellip; Continuer la lecture \u00ab\u00a0police municipale,Bagarre \u00e0 la Foire du Tr\u00f4ne : la police hu\u00e9e en arrivant \u2013 14\/04\/2025\u00a0\u00bb\" \/>\n<meta property=\"og:url\" content=\"https:\/\/www.cc3rivieres76.com\/blog\/police-municipalebagarre-a-la-foire-du-trone-la-police-huee-en-arrivant-14-04-2025\/\" \/>\n<meta property=\"og:site_name\" content=\"CC3RIVIERES76\" \/>\n<meta property=\"article:published_time\" content=\"2025-07-30T02:00:37+00:00\" \/>\n<meta property=\"og:image\" content=\"https:\/\/www.cc3rivieres76.com\/blog\/wp-content\/uploads\/2025\/07\/police-municipalebagarre-a-la-foire-du-trone-la-police-huee-en-arrivant-14-04-2025.jpg\" \/>\n<meta name=\"author\" content=\"Sylvie DE LAUZAINGHEIN\" \/>\n<meta name=\"twitter:card\" content=\"summary_large_image\" \/>\n<meta name=\"twitter:label1\" content=\"\u00c9crit par\" \/>\n\t<meta name=\"twitter:data1\" content=\"Sylvie DE LAUZAINGHEIN\" \/>\n\t<meta name=\"twitter:label2\" content=\"Dur\u00e9e de lecture estim\u00e9e\" \/>\n\t<meta name=\"twitter:data2\" content=\"9 minutes\" \/>\n<script type=\"application\/ld+json\" class=\"yoast-schema-graph\">{\"@context\":\"https:\\\/\\\/schema.org\",\"@graph\":[{\"@type\":\"Article\",\"@id\":\"https:\\\/\\\/www.cc3rivieres76.com\\\/blog\\\/police-municipalebagarre-a-la-foire-du-trone-la-police-huee-en-arrivant-14-04-2025\\\/#article\",\"isPartOf\":{\"@id\":\"https:\\\/\\\/www.cc3rivieres76.com\\\/blog\\\/police-municipalebagarre-a-la-foire-du-trone-la-police-huee-en-arrivant-14-04-2025\\\/\"},\"author\":{\"name\":\"Sylvie DE LAUZAINGHEIN\",\"@id\":\"https:\\\/\\\/www.cc3rivieres76.com\\\/blog\\\/#\\\/schema\\\/person\\\/474d457fb7747b5218f39792dfaa5a1c\"},\"headline\":\"police municipale,Bagarre \u00e0 la Foire du Tr\u00f4ne : la police hu\u00e9e en arrivant \u2013 14\\\/04\\\/2025\",\"datePublished\":\"2025-07-30T02:00:37+00:00\",\"mainEntityOfPage\":{\"@id\":\"https:\\\/\\\/www.cc3rivieres76.com\\\/blog\\\/police-municipalebagarre-a-la-foire-du-trone-la-police-huee-en-arrivant-14-04-2025\\\/\"},\"wordCount\":1845,\"publisher\":{\"@id\":\"https:\\\/\\\/www.cc3rivieres76.com\\\/blog\\\/#organization\"},\"image\":{\"@id\":\"https:\\\/\\\/www.cc3rivieres76.com\\\/blog\\\/police-municipalebagarre-a-la-foire-du-trone-la-police-huee-en-arrivant-14-04-2025\\\/#primaryimage\"},\"thumbnailUrl\":\"https:\\\/\\\/www.cc3rivieres76.com\\\/blog\\\/wp-content\\\/uploads\\\/2025\\\/07\\\/police-municipalebagarre-a-la-foire-du-trone-la-police-huee-en-arrivant-14-04-2025.jpg\",\"articleSection\":[\"Les 3 Rivi\u00e8res Dans La Somme:\"],\"inLanguage\":\"fr-FR\"},{\"@type\":\"WebPage\",\"@id\":\"https:\\\/\\\/www.cc3rivieres76.com\\\/blog\\\/police-municipalebagarre-a-la-foire-du-trone-la-police-huee-en-arrivant-14-04-2025\\\/\",\"url\":\"https:\\\/\\\/www.cc3rivieres76.com\\\/blog\\\/police-municipalebagarre-a-la-foire-du-trone-la-police-huee-en-arrivant-14-04-2025\\\/\",\"name\":\"police municipale,Bagarre \u00e0 la Foire du Tr\u00f4ne : la police hu\u00e9e en arrivant \u2013 14\\\/04\\\/2025 - CC3RIVIERES76\",\"isPartOf\":{\"@id\":\"https:\\\/\\\/www.cc3rivieres76.com\\\/blog\\\/#website\"},\"primaryImageOfPage\":{\"@id\":\"https:\\\/\\\/www.cc3rivieres76.com\\\/blog\\\/police-municipalebagarre-a-la-foire-du-trone-la-police-huee-en-arrivant-14-04-2025\\\/#primaryimage\"},\"image\":{\"@id\":\"https:\\\/\\\/www.cc3rivieres76.com\\\/blog\\\/police-municipalebagarre-a-la-foire-du-trone-la-police-huee-en-arrivant-14-04-2025\\\/#primaryimage\"},\"thumbnailUrl\":\"https:\\\/\\\/www.cc3rivieres76.com\\\/blog\\\/wp-content\\\/uploads\\\/2025\\\/07\\\/police-municipalebagarre-a-la-foire-du-trone-la-police-huee-en-arrivant-14-04-2025.jpg\",\"datePublished\":\"2025-07-30T02:00:37+00:00\",\"breadcrumb\":{\"@id\":\"https:\\\/\\\/www.cc3rivieres76.com\\\/blog\\\/police-municipalebagarre-a-la-foire-du-trone-la-police-huee-en-arrivant-14-04-2025\\\/#breadcrumb\"},\"inLanguage\":\"fr-FR\",\"potentialAction\":[{\"@type\":\"ReadAction\",\"target\":[\"https:\\\/\\\/www.cc3rivieres76.com\\\/blog\\\/police-municipalebagarre-a-la-foire-du-trone-la-police-huee-en-arrivant-14-04-2025\\\/\"]}]},{\"@type\":\"ImageObject\",\"inLanguage\":\"fr-FR\",\"@id\":\"https:\\\/\\\/www.cc3rivieres76.com\\\/blog\\\/police-municipalebagarre-a-la-foire-du-trone-la-police-huee-en-arrivant-14-04-2025\\\/#primaryimage\",\"url\":\"https:\\\/\\\/www.cc3rivieres76.com\\\/blog\\\/wp-content\\\/uploads\\\/2025\\\/07\\\/police-municipalebagarre-a-la-foire-du-trone-la-police-huee-en-arrivant-14-04-2025.jpg\",\"contentUrl\":\"https:\\\/\\\/www.cc3rivieres76.com\\\/blog\\\/wp-content\\\/uploads\\\/2025\\\/07\\\/police-municipalebagarre-a-la-foire-du-trone-la-police-huee-en-arrivant-14-04-2025.jpg\",\"width\":480,\"height\":360,\"caption\":\"police municipale,Bagarre \u00e0 la Foire du Tr\u00f4ne : la police hu\u00e9e en arrivant \u2013 14\\\/04\\\/2025\"},{\"@type\":\"BreadcrumbList\",\"@id\":\"https:\\\/\\\/www.cc3rivieres76.com\\\/blog\\\/police-municipalebagarre-a-la-foire-du-trone-la-police-huee-en-arrivant-14-04-2025\\\/#breadcrumb\",\"itemListElement\":[{\"@type\":\"ListItem\",\"position\":1,\"name\":\"Accueil\",\"item\":\"https:\\\/\\\/www.cc3rivieres76.com\\\/blog\\\/\"},{\"@type\":\"ListItem\",\"position\":2,\"name\":\"police municipale,Bagarre \u00e0 la Foire du Tr\u00f4ne : la police hu\u00e9e en arrivant \u2013 14\\\/04\\\/2025\"}]},{\"@type\":\"WebSite\",\"@id\":\"https:\\\/\\\/www.cc3rivieres76.com\\\/blog\\\/#website\",\"url\":\"https:\\\/\\\/www.cc3rivieres76.com\\\/blog\\\/\",\"name\":\"CC3RIVIERES76\",\"description\":\"Les 3 rivi\u00e8res dans la Somme.\",\"publisher\":{\"@id\":\"https:\\\/\\\/www.cc3rivieres76.com\\\/blog\\\/#organization\"},\"potentialAction\":[{\"@type\":\"SearchAction\",\"target\":{\"@type\":\"EntryPoint\",\"urlTemplate\":\"https:\\\/\\\/www.cc3rivieres76.com\\\/blog\\\/?s={search_term_string}\"},\"query-input\":{\"@type\":\"PropertyValueSpecification\",\"valueRequired\":true,\"valueName\":\"search_term_string\"}}],\"inLanguage\":\"fr-FR\"},{\"@type\":\"Organization\",\"@id\":\"https:\\\/\\\/www.cc3rivieres76.com\\\/blog\\\/#organization\",\"name\":\"cc3rivieres76\",\"url\":\"https:\\\/\\\/www.cc3rivieres76.com\\\/blog\\\/\",\"logo\":{\"@type\":\"ImageObject\",\"inLanguage\":\"fr-FR\",\"@id\":\"https:\\\/\\\/www.cc3rivieres76.com\\\/blog\\\/#\\\/schema\\\/logo\\\/image\\\/\",\"url\":\"https:\\\/\\\/www.cc3rivieres76.com\\\/blog\\\/wp-content\\\/uploads\\\/2023\\\/06\\\/logo-2.png\",\"contentUrl\":\"https:\\\/\\\/www.cc3rivieres76.com\\\/blog\\\/wp-content\\\/uploads\\\/2023\\\/06\\\/logo-2.png\",\"width\":390,\"height\":388,\"caption\":\"cc3rivieres76\"},\"image\":{\"@id\":\"https:\\\/\\\/www.cc3rivieres76.com\\\/blog\\\/#\\\/schema\\\/logo\\\/image\\\/\"}},{\"@type\":\"Person\",\"@id\":\"https:\\\/\\\/www.cc3rivieres76.com\\\/blog\\\/#\\\/schema\\\/person\\\/474d457fb7747b5218f39792dfaa5a1c\",\"name\":\"Sylvie DE LAUZAINGHEIN\",\"image\":{\"@type\":\"ImageObject\",\"inLanguage\":\"fr-FR\",\"@id\":\"https:\\\/\\\/secure.gravatar.com\\\/avatar\\\/9c6a53b19e0a3431aa80de0895b9729fe665cd7e7d6cc94fc11abb152f4237d7?s=96&d=mm&r=g\",\"url\":\"https:\\\/\\\/secure.gravatar.com\\\/avatar\\\/9c6a53b19e0a3431aa80de0895b9729fe665cd7e7d6cc94fc11abb152f4237d7?s=96&d=mm&r=g\",\"contentUrl\":\"https:\\\/\\\/secure.gravatar.com\\\/avatar\\\/9c6a53b19e0a3431aa80de0895b9729fe665cd7e7d6cc94fc11abb152f4237d7?s=96&d=mm&r=g\",\"caption\":\"Sylvie DE LAUZAINGHEIN\"},\"url\":\"https:\\\/\\\/www.cc3rivieres76.com\\\/blog\\\/author\\\/s76sylvie\\\/\"}]}<\/script>\n<!-- \/ Yoast SEO plugin. -->","yoast_head_json":{"title":"police municipale,Bagarre \u00e0 la Foire du Tr\u00f4ne : la police hu\u00e9e en arrivant \u2013 14\/04\/2025 - CC3RIVIERES76","robots":{"index":"index","follow":"follow","max-snippet":"max-snippet:-1","max-image-preview":"max-image-preview:large","max-video-preview":"max-video-preview:-1"},"canonical":"https:\/\/www.cc3rivieres76.com\/blog\/police-municipalebagarre-a-la-foire-du-trone-la-police-huee-en-arrivant-14-04-2025\/","og_locale":"fr_FR","og_type":"article","og_title":"police municipale,Bagarre \u00e0 la Foire du Tr\u00f4ne : la police hu\u00e9e en arrivant \u2013 14\/04\/2025 - CC3RIVIERES76","og_description":"CLPRESS \/ Agence de presse partage son point de vue sur \u00ab&nbsp;police municipale&nbsp;\u00bb. Une cr\u00e9ation de CLPRESS \/ Agence de presse \u00e0 voir sur Youtube.focalis\u00e9 sur \u00ab&nbsp;police municipale&nbsp;\u00bb:[embedded content] Lorsque nous avons visionn\u00e9 cette vid\u00e9o r\u00e9cemment, elle suscitait des r\u00e9actions. Le compteur de Likes indiquait: 521. Les \u00e9l\u00e9ments cl\u00e9s \u00e0 retenir sont la dur\u00e9e de &hellip; Continuer la lecture \u00ab\u00a0police municipale,Bagarre \u00e0 la Foire du Tr\u00f4ne : la police hu\u00e9e en arrivant \u2013 14\/04\/2025\u00a0\u00bb","og_url":"https:\/\/www.cc3rivieres76.com\/blog\/police-municipalebagarre-a-la-foire-du-trone-la-police-huee-en-arrivant-14-04-2025\/","og_site_name":"CC3RIVIERES76","article_published_time":"2025-07-30T02:00:37+00:00","og_image":[{"url":"https:\/\/www.cc3rivieres76.com\/blog\/wp-content\/uploads\/2025\/07\/police-municipalebagarre-a-la-foire-du-trone-la-police-huee-en-arrivant-14-04-2025.jpg","type":"","width":"","height":""}],"author":"Sylvie DE LAUZAINGHEIN","twitter_card":"summary_large_image","twitter_misc":{"\u00c9crit par":"Sylvie DE LAUZAINGHEIN","Dur\u00e9e de lecture estim\u00e9e":"9 minutes"},"schema":{"@context":"https:\/\/schema.org","@graph":[{"@type":"Article","@id":"https:\/\/www.cc3rivieres76.com\/blog\/police-municipalebagarre-a-la-foire-du-trone-la-police-huee-en-arrivant-14-04-2025\/#article","isPartOf":{"@id":"https:\/\/www.cc3rivieres76.com\/blog\/police-municipalebagarre-a-la-foire-du-trone-la-police-huee-en-arrivant-14-04-2025\/"},"author":{"name":"Sylvie DE LAUZAINGHEIN","@id":"https:\/\/www.cc3rivieres76.com\/blog\/#\/schema\/person\/474d457fb7747b5218f39792dfaa5a1c"},"headline":"police municipale,Bagarre \u00e0 la Foire du Tr\u00f4ne : la police hu\u00e9e en arrivant \u2013 14\/04\/2025","datePublished":"2025-07-30T02:00:37+00:00","mainEntityOfPage":{"@id":"https:\/\/www.cc3rivieres76.com\/blog\/police-municipalebagarre-a-la-foire-du-trone-la-police-huee-en-arrivant-14-04-2025\/"},"wordCount":1845,"publisher":{"@id":"https:\/\/www.cc3rivieres76.com\/blog\/#organization"},"image":{"@id":"https:\/\/www.cc3rivieres76.com\/blog\/police-municipalebagarre-a-la-foire-du-trone-la-police-huee-en-arrivant-14-04-2025\/#primaryimage"},"thumbnailUrl":"https:\/\/www.cc3rivieres76.com\/blog\/wp-content\/uploads\/2025\/07\/police-municipalebagarre-a-la-foire-du-trone-la-police-huee-en-arrivant-14-04-2025.jpg","articleSection":["Les 3 Rivi\u00e8res Dans La Somme:"],"inLanguage":"fr-FR"},{"@type":"WebPage","@id":"https:\/\/www.cc3rivieres76.com\/blog\/police-municipalebagarre-a-la-foire-du-trone-la-police-huee-en-arrivant-14-04-2025\/","url":"https:\/\/www.cc3rivieres76.com\/blog\/police-municipalebagarre-a-la-foire-du-trone-la-police-huee-en-arrivant-14-04-2025\/","name":"police municipale,Bagarre \u00e0 la Foire du Tr\u00f4ne : la police hu\u00e9e en arrivant \u2013 14\/04\/2025 - CC3RIVIERES76","isPartOf":{"@id":"https:\/\/www.cc3rivieres76.com\/blog\/#website"},"primaryImageOfPage":{"@id":"https:\/\/www.cc3rivieres76.com\/blog\/police-municipalebagarre-a-la-foire-du-trone-la-police-huee-en-arrivant-14-04-2025\/#primaryimage"},"image":{"@id":"https:\/\/www.cc3rivieres76.com\/blog\/police-municipalebagarre-a-la-foire-du-trone-la-police-huee-en-arrivant-14-04-2025\/#primaryimage"},"thumbnailUrl":"https:\/\/www.cc3rivieres76.com\/blog\/wp-content\/uploads\/2025\/07\/police-municipalebagarre-a-la-foire-du-trone-la-police-huee-en-arrivant-14-04-2025.jpg","datePublished":"2025-07-30T02:00:37+00:00","breadcrumb":{"@id":"https:\/\/www.cc3rivieres76.com\/blog\/police-municipalebagarre-a-la-foire-du-trone-la-police-huee-en-arrivant-14-04-2025\/#breadcrumb"},"inLanguage":"fr-FR","potentialAction":[{"@type":"ReadAction","target":["https:\/\/www.cc3rivieres76.com\/blog\/police-municipalebagarre-a-la-foire-du-trone-la-police-huee-en-arrivant-14-04-2025\/"]}]},{"@type":"ImageObject","inLanguage":"fr-FR","@id":"https:\/\/www.cc3rivieres76.com\/blog\/police-municipalebagarre-a-la-foire-du-trone-la-police-huee-en-arrivant-14-04-2025\/#primaryimage","url":"https:\/\/www.cc3rivieres76.com\/blog\/wp-content\/uploads\/2025\/07\/police-municipalebagarre-a-la-foire-du-trone-la-police-huee-en-arrivant-14-04-2025.jpg","contentUrl":"https:\/\/www.cc3rivieres76.com\/blog\/wp-content\/uploads\/2025\/07\/police-municipalebagarre-a-la-foire-du-trone-la-police-huee-en-arrivant-14-04-2025.jpg","width":480,"height":360,"caption":"police municipale,Bagarre \u00e0 la Foire du Tr\u00f4ne : la police hu\u00e9e en arrivant \u2013 14\/04\/2025"},{"@type":"BreadcrumbList","@id":"https:\/\/www.cc3rivieres76.com\/blog\/police-municipalebagarre-a-la-foire-du-trone-la-police-huee-en-arrivant-14-04-2025\/#breadcrumb","itemListElement":[{"@type":"ListItem","position":1,"name":"Accueil","item":"https:\/\/www.cc3rivieres76.com\/blog\/"},{"@type":"ListItem","position":2,"name":"police municipale,Bagarre \u00e0 la Foire du Tr\u00f4ne : la police hu\u00e9e en arrivant \u2013 14\/04\/2025"}]},{"@type":"WebSite","@id":"https:\/\/www.cc3rivieres76.com\/blog\/#website","url":"https:\/\/www.cc3rivieres76.com\/blog\/","name":"CC3RIVIERES76","description":"Les 3 rivi\u00e8res dans la Somme.","publisher":{"@id":"https:\/\/www.cc3rivieres76.com\/blog\/#organization"},"potentialAction":[{"@type":"SearchAction","target":{"@type":"EntryPoint","urlTemplate":"https:\/\/www.cc3rivieres76.com\/blog\/?s={search_term_string}"},"query-input":{"@type":"PropertyValueSpecification","valueRequired":true,"valueName":"search_term_string"}}],"inLanguage":"fr-FR"},{"@type":"Organization","@id":"https:\/\/www.cc3rivieres76.com\/blog\/#organization","name":"cc3rivieres76","url":"https:\/\/www.cc3rivieres76.com\/blog\/","logo":{"@type":"ImageObject","inLanguage":"fr-FR","@id":"https:\/\/www.cc3rivieres76.com\/blog\/#\/schema\/logo\/image\/","url":"https:\/\/www.cc3rivieres76.com\/blog\/wp-content\/uploads\/2023\/06\/logo-2.png","contentUrl":"https:\/\/www.cc3rivieres76.com\/blog\/wp-content\/uploads\/2023\/06\/logo-2.png","width":390,"height":388,"caption":"cc3rivieres76"},"image":{"@id":"https:\/\/www.cc3rivieres76.com\/blog\/#\/schema\/logo\/image\/"}},{"@type":"Person","@id":"https:\/\/www.cc3rivieres76.com\/blog\/#\/schema\/person\/474d457fb7747b5218f39792dfaa5a1c","name":"Sylvie DE LAUZAINGHEIN","image":{"@type":"ImageObject","inLanguage":"fr-FR","@id":"https:\/\/secure.gravatar.com\/avatar\/9c6a53b19e0a3431aa80de0895b9729fe665cd7e7d6cc94fc11abb152f4237d7?s=96&d=mm&r=g","url":"https:\/\/secure.gravatar.com\/avatar\/9c6a53b19e0a3431aa80de0895b9729fe665cd7e7d6cc94fc11abb152f4237d7?s=96&d=mm&r=g","contentUrl":"https:\/\/secure.gravatar.com\/avatar\/9c6a53b19e0a3431aa80de0895b9729fe665cd7e7d6cc94fc11abb152f4237d7?s=96&d=mm&r=g","caption":"Sylvie DE LAUZAINGHEIN"},"url":"https:\/\/www.cc3rivieres76.com\/blog\/author\/s76sylvie\/"}]}},"_links":{"self":[{"href":"https:\/\/www.cc3rivieres76.com\/blog\/wp-json\/wp\/v2\/posts\/802","targetHints":{"allow":["GET"]}}],"collection":[{"href":"https:\/\/www.cc3rivieres76.com\/blog\/wp-json\/wp\/v2\/posts"}],"about":[{"href":"https:\/\/www.cc3rivieres76.com\/blog\/wp-json\/wp\/v2\/types\/post"}],"author":[{"embeddable":true,"href":"https:\/\/www.cc3rivieres76.com\/blog\/wp-json\/wp\/v2\/users\/3"}],"replies":[{"embeddable":true,"href":"https:\/\/www.cc3rivieres76.com\/blog\/wp-json\/wp\/v2\/comments?post=802"}],"version-history":[{"count":0,"href":"https:\/\/www.cc3rivieres76.com\/blog\/wp-json\/wp\/v2\/posts\/802\/revisions"}],"wp:featuredmedia":[{"embeddable":true,"href":"https:\/\/www.cc3rivieres76.com\/blog\/wp-json\/wp\/v2\/media\/803"}],"wp:attachment":[{"href":"https:\/\/www.cc3rivieres76.com\/blog\/wp-json\/wp\/v2\/media?parent=802"}],"wp:term":[{"taxonomy":"category","embeddable":true,"href":"https:\/\/www.cc3rivieres76.com\/blog\/wp-json\/wp\/v2\/categories?post=802"},{"taxonomy":"post_tag","embeddable":true,"href":"https:\/\/www.cc3rivieres76.com\/blog\/wp-json\/wp\/v2\/tags?post=802"}],"curies":[{"name":"wp","href":"https:\/\/api.w.org\/{rel}","templated":true}]}}