{"id":804,"date":"2025-07-31T09:11:00","date_gmt":"2025-07-31T07:11:00","guid":{"rendered":"https:\/\/www.site.cdcl.xyz\/2025\/07\/31\/informations-francaises-le-gouvernement-passe-la-main-au-parlement-france\/"},"modified":"2025-07-31T09:11:00","modified_gmt":"2025-07-31T07:11:00","slug":"informations-francaises-le-gouvernement-passe-la-main-au-parlement-france","status":"publish","type":"post","link":"https:\/\/www.cc3rivieres76.com\/blog\/informations-francaises-le-gouvernement-passe-la-main-au-parlement-france\/","title":{"rendered":"Informations fran\u00e7aises: le gouvernement passe la main au Parlement #France"},"content":{"rendered":"\n<p>En fouillant internet j\u2019ai relev\u00e9 un post qui va vous interpeller. Sa th\u00e9matique est \u00ab&nbsp;Actualit\u00e9 fran\u00e7aise&nbsp;\u00bb.<\/p>\n<h2>\nDiffus\u00e9 sur Le Point \u2013 Politique, l\u2019article suivant<\/h2>\n<p><u>Signature . <\/u><\/p>\n<p><u>Date et heure de la r\u00e9ception de la d\u00e9p\u00e9che sur notre fil d\u2019info:<\/u><strong><span id=\"date\"><\/span><\/strong><\/p>\n<p><u>Date et heure de publication sur internet:<\/u> <strong><span id=\"datecrea\"><\/span><\/strong><\/p>\n<p><u>Titre exacte donn\u00e9 par le journal \u00e9tait:<\/u> <strong>le gouvernement passe la main au Parlement<\/strong><\/p>\n<p><u>Information et contenu publi\u00e9s :<\/u><\/p>\n<p><img decoding=\"async\" src=\"https:\/\/www.cc3rivieres76.com\/blog\/wp-content\/uploads\/2025\/07\/informations-francaises-le-gouvernement-passe-la-main-au-parlement-france.jpg\"><\/p>\n<div id=\"contenu\"> <!-- include t_www_2023\/pages\/article\/blocs\/tag_pub.tpl --><br \/><!-- include \/t_www_2023\/pages\/article\/blocs\/tag_pub.tpl --><\/p>\n<p><span class=\"dflt-txt__lettrine\">U<\/span>ne autonomie \u00ab&nbsp;qui ne heurte aucun des grands principes de la R\u00e9publique&nbsp;\u00bb. Le ministre de l\u2019Am\u00e9nagement du territoire et de la D\u00e9centralisation, Fran\u00e7ois Rebsamen, a pr\u00e9f\u00e9r\u00e9 commencer par d\u00e9miner, ce mercredi 30&nbsp;juillet, \u00e0 la sortie du conseil des ministres. \u00ab&nbsp;J\u2019essaie d\u2019\u00e9viter de faire peur&nbsp;\u00bb, a souri le \u00ab&nbsp;monsieur Corse&nbsp;\u00bb du gouvernement. Une mani\u00e8re de dire que le sujet est sensible. Ce qui n\u2019a pourtant pas emp\u00each\u00e9 l\u2019ex\u00e9cutif de le porter jusqu\u2019au bout. Jusqu\u2019\u00e0 valider ce grand projet de r\u00e9forme qui octroierait \u00e0 l\u2019\u00eele \u00ab&nbsp;une autonomie \u00e0 la Corse dans la R\u00e9publique&nbsp;\u00bb, \u00e0 travers une inscription \u00e0 l\u2019article&nbsp;72 de la Constitution, d\u00e9di\u00e9 aux collectivit\u00e9s territoriales. Conform\u00e9ment \u00e0 l\u2019engagement pris par le pr\u00e9sident Emmanuel Macron&nbsp;en septembre&nbsp;2023 devant l\u2019Assembl\u00e9e de Corse.<\/p>\n<section class=\"mbl txtcenter\">\n<p>\u00ab&nbsp;L\u2019\u00c9t\u2026<\/p>\n<aside id=\"paywall-1\" class=\"paywall hide-iframe\">\n<div class=\"paywall-content\">\n<p>Toute l\u2019actualit\u00e9 \u00e0 1\u20ac le premier mois<\/p>\n<p>S\u2019abonner<\/p>\n<p><span>ou<\/span><\/p>\n<\/div>\n<\/aside>\n<div id=\"art-politique-nlpolitique\">\n<div id=\"newsletter\" class=\"bloc-1 title-top\">\n<span class=\"h2\">La newsletter politique<\/span><\/p>\n<div class=\"step-1\">\n<p class=\"period\">Tous les lundis \u00e0 11h30<\/p>\n<p>Recevez en avant-premi\u00e8re les informations et analyses politiques de la r\u00e9daction du Point.<\/p>\n<\/div>\n<div class=\"step-2\">\n<p>Merci !<br \/>Votre inscription a bien \u00e9t\u00e9 prise en compte avec l\u2019adresse email :<br \/><span class=\"email-sended\"><\/span><\/p>\n<p>Pour d\u00e9couvrir toutes nos autres newsletters, rendez-vous ici : MonCompte<\/p>\n<\/div>\n<p>En vous inscrivant, vous acceptez les conditions g\u00e9n\u00e9rales d\u2019utilisations et notre politique de confidentialit\u00e9.<\/p>\n<\/div>\n<\/div>\n<\/section>\n<\/div>\n<p> <img decoding=\"async\" src=\"https:\/\/www.cc3rivieres76.com\/blog\/wp-content\/uploads\/2025\/07\/informations-francaises-le-gouvernement-passe-la-main-au-parlement-france.jpg\" alt=\"le gouvernement passe la main au Parlement\"><\/p>\n<p>#gouvernement #passe #main #Parlement<\/p>\n<p>Reprise de l\u2019information dans un style journalistique professionnel descriptif en organisant les id\u00e9es dans un ordre coh\u00e9rent avec titres html <\/p>\n<p>Ce th\u00e8me apporte des r\u00e9ponses \u00e0 vos recherches vous adorerez pareillement ces livres:<\/p>\n<p>\u00c0 la d\u00e9couverte d\u2019Unicode\/Applications.,<a href=\"https:\/\/fr.wikibooks.org\/wiki\/%C3%80_la_d%C3%A9couverte_d%27Unicode\/Applications\" target=\"_blank\" rel=\"noopener noreferrer nofollow\">Description de l\u2019\u00e9diteur<\/a><span><\/span>.<\/p>\n<p>N\u00e9erlandais\/Guide de conversation\/Les couleurs.,<a href=\"https:\/\/fr.wikibooks.org\/wiki\/N%C3%A9erlandais\/Guide_de_conversation\/Les_couleurs\" target=\"_blank\" rel=\"noopener noreferrer nofollow\">Lien sur la fiche descriptive<\/a><span><\/span>.<\/p>\n<p>Technologie\/Lignes et services de tramways\/Prolongements et cr\u00e9ations de lignes de tramways en \u00cele-de-France\/Le prolongement du T4.,<a href=\"https:\/\/fr.wikibooks.org\/wiki\/Technologie\/Lignes_et_services_de_tramways\/Prolongements_et_cr%C3%A9ations_de_lignes_de_tramways_en_%C3%8Ele-de-France\/Le_prolongement_du_T4\" target=\"_blank\" rel=\"noopener noreferrer nofollow\">R\u00e9f\u00e9rence lit\u00e9raire de cet ouvrage<\/a><span><\/span>.<\/p>\n<p> Cet article, qui traite du th\u00e8me \u00ab\u00a0Les 3 rivi\u00e8res dans la Somme\u00a0\u00bb, vous est sp\u00e9cialement sugg\u00e9r\u00e9 par cc3rivieres76.com. La chronique est reproduite du mieux possible. Dans le cas o\u00f9 vous souhaitez apporter quelques pr\u00e9cisions concernant le domaine de \u00ab\u00a0Les 3 rivi\u00e8res dans la Somme\u00a0\u00bb vous pouvez solliciter notre r\u00e9daction. La destination de cc3rivieres76.com est de d\u00e9battre de Les 3 rivi\u00e8res dans la Somme dans la transparence en vous apportant la connaissance de tout ce qui est en lien avec ce sujet sur la toile Connectez-vous sur notre site cc3rivieres76.com et nos r\u00e9seaux sociaux dans le but d\u2019\u00eatre inform\u00e9 des futures publications.<\/p>\n","protected":false},"excerpt":{"rendered":"<p>En fouillant internet j\u2019ai relev\u00e9 un post qui va vous interpeller. Sa th\u00e9matique est \u00ab&nbsp;Actualit\u00e9 fran\u00e7aise&nbsp;\u00bb. Diffus\u00e9 sur Le Point \u2013 Politique, l\u2019article suivant Signature . Date et heure de la r\u00e9ception de la d\u00e9p\u00e9che sur notre fil d\u2019info: Date et heure de publication sur internet: Titre exacte donn\u00e9 par le journal \u00e9tait: le gouvernement &hellip; <\/p>\n<p class=\"link-more\"><a href=\"https:\/\/www.cc3rivieres76.com\/blog\/informations-francaises-le-gouvernement-passe-la-main-au-parlement-france\/\" class=\"more-link\">Continuer la lecture <span class=\"screen-reader-text\"> \u00ab\u00a0Informations fran\u00e7aises: le gouvernement passe la main au Parlement #France\u00a0\u00bb<\/span><\/a><\/p>\n","protected":false},"author":3,"featured_media":805,"comment_status":"closed","ping_status":"closed","sticky":false,"template":"","format":"standard","meta":{"footnotes":""},"categories":[2],"tags":[],"class_list":["post-804","post","type-post","status-publish","format-standard","has-post-thumbnail","hentry","category-les-3-rivieres-dans-la-somme","entry"],"yoast_head":"<!-- This site is optimized with the Yoast SEO plugin v27.5 - https:\/\/yoast.com\/product\/yoast-seo-wordpress\/ -->\n<title>Informations fran\u00e7aises: le gouvernement passe la main au Parlement #France - CC3RIVIERES76<\/title>\n<meta name=\"robots\" content=\"index, follow, max-snippet:-1, max-image-preview:large, max-video-preview:-1\" \/>\n<link rel=\"canonical\" href=\"https:\/\/www.cc3rivieres76.com\/blog\/informations-francaises-le-gouvernement-passe-la-main-au-parlement-france\/\" \/>\n<meta property=\"og:locale\" content=\"fr_FR\" \/>\n<meta property=\"og:type\" content=\"article\" \/>\n<meta property=\"og:title\" content=\"Informations fran\u00e7aises: le gouvernement passe la main au Parlement #France - CC3RIVIERES76\" \/>\n<meta property=\"og:description\" content=\"En fouillant internet j\u2019ai relev\u00e9 un post qui va vous interpeller. Sa th\u00e9matique est \u00ab&nbsp;Actualit\u00e9 fran\u00e7aise&nbsp;\u00bb. Diffus\u00e9 sur Le Point \u2013 Politique, l\u2019article suivant Signature . Date et heure de la r\u00e9ception de la d\u00e9p\u00e9che sur notre fil d\u2019info: Date et heure de publication sur internet: Titre exacte donn\u00e9 par le journal \u00e9tait: le gouvernement &hellip; Continuer la lecture \u00ab\u00a0Informations fran\u00e7aises: le gouvernement passe la main au Parlement #France\u00a0\u00bb\" \/>\n<meta property=\"og:url\" content=\"https:\/\/www.cc3rivieres76.com\/blog\/informations-francaises-le-gouvernement-passe-la-main-au-parlement-france\/\" \/>\n<meta property=\"og:site_name\" content=\"CC3RIVIERES76\" \/>\n<meta property=\"article:published_time\" content=\"2025-07-31T07:11:00+00:00\" \/>\n<meta property=\"og:image\" content=\"https:\/\/www.cc3rivieres76.com\/blog\/wp-content\/uploads\/2025\/07\/informations-francaises-le-gouvernement-passe-la-main-au-parlement-france.jpg\" \/>\n<meta name=\"author\" content=\"Sylvie DE LAUZAINGHEIN\" \/>\n<meta name=\"twitter:card\" content=\"summary_large_image\" \/>\n<meta name=\"twitter:label1\" content=\"\u00c9crit par\" \/>\n\t<meta name=\"twitter:data1\" content=\"Sylvie DE LAUZAINGHEIN\" \/>\n\t<meta name=\"twitter:label2\" content=\"Dur\u00e9e de lecture estim\u00e9e\" \/>\n\t<meta name=\"twitter:data2\" content=\"3 minutes\" \/>\n<script type=\"application\/ld+json\" class=\"yoast-schema-graph\">{\"@context\":\"https:\\\/\\\/schema.org\",\"@graph\":[{\"@type\":\"Article\",\"@id\":\"https:\\\/\\\/www.cc3rivieres76.com\\\/blog\\\/informations-francaises-le-gouvernement-passe-la-main-au-parlement-france\\\/#article\",\"isPartOf\":{\"@id\":\"https:\\\/\\\/www.cc3rivieres76.com\\\/blog\\\/informations-francaises-le-gouvernement-passe-la-main-au-parlement-france\\\/\"},\"author\":{\"name\":\"Sylvie DE LAUZAINGHEIN\",\"@id\":\"https:\\\/\\\/www.cc3rivieres76.com\\\/blog\\\/#\\\/schema\\\/person\\\/474d457fb7747b5218f39792dfaa5a1c\"},\"headline\":\"Informations fran\u00e7aises: le gouvernement passe la main au Parlement #France\",\"datePublished\":\"2025-07-31T07:11:00+00:00\",\"mainEntityOfPage\":{\"@id\":\"https:\\\/\\\/www.cc3rivieres76.com\\\/blog\\\/informations-francaises-le-gouvernement-passe-la-main-au-parlement-france\\\/\"},\"wordCount\":516,\"publisher\":{\"@id\":\"https:\\\/\\\/www.cc3rivieres76.com\\\/blog\\\/#organization\"},\"image\":{\"@id\":\"https:\\\/\\\/www.cc3rivieres76.com\\\/blog\\\/informations-francaises-le-gouvernement-passe-la-main-au-parlement-france\\\/#primaryimage\"},\"thumbnailUrl\":\"https:\\\/\\\/www.cc3rivieres76.com\\\/blog\\\/wp-content\\\/uploads\\\/2025\\\/07\\\/informations-francaises-le-gouvernement-passe-la-main-au-parlement-france.jpg\",\"articleSection\":[\"Les 3 Rivi\u00e8res Dans La Somme:\"],\"inLanguage\":\"fr-FR\"},{\"@type\":\"WebPage\",\"@id\":\"https:\\\/\\\/www.cc3rivieres76.com\\\/blog\\\/informations-francaises-le-gouvernement-passe-la-main-au-parlement-france\\\/\",\"url\":\"https:\\\/\\\/www.cc3rivieres76.com\\\/blog\\\/informations-francaises-le-gouvernement-passe-la-main-au-parlement-france\\\/\",\"name\":\"Informations fran\u00e7aises: le gouvernement passe la main au Parlement #France - CC3RIVIERES76\",\"isPartOf\":{\"@id\":\"https:\\\/\\\/www.cc3rivieres76.com\\\/blog\\\/#website\"},\"primaryImageOfPage\":{\"@id\":\"https:\\\/\\\/www.cc3rivieres76.com\\\/blog\\\/informations-francaises-le-gouvernement-passe-la-main-au-parlement-france\\\/#primaryimage\"},\"image\":{\"@id\":\"https:\\\/\\\/www.cc3rivieres76.com\\\/blog\\\/informations-francaises-le-gouvernement-passe-la-main-au-parlement-france\\\/#primaryimage\"},\"thumbnailUrl\":\"https:\\\/\\\/www.cc3rivieres76.com\\\/blog\\\/wp-content\\\/uploads\\\/2025\\\/07\\\/informations-francaises-le-gouvernement-passe-la-main-au-parlement-france.jpg\",\"datePublished\":\"2025-07-31T07:11:00+00:00\",\"breadcrumb\":{\"@id\":\"https:\\\/\\\/www.cc3rivieres76.com\\\/blog\\\/informations-francaises-le-gouvernement-passe-la-main-au-parlement-france\\\/#breadcrumb\"},\"inLanguage\":\"fr-FR\",\"potentialAction\":[{\"@type\":\"ReadAction\",\"target\":[\"https:\\\/\\\/www.cc3rivieres76.com\\\/blog\\\/informations-francaises-le-gouvernement-passe-la-main-au-parlement-france\\\/\"]}]},{\"@type\":\"ImageObject\",\"inLanguage\":\"fr-FR\",\"@id\":\"https:\\\/\\\/www.cc3rivieres76.com\\\/blog\\\/informations-francaises-le-gouvernement-passe-la-main-au-parlement-france\\\/#primaryimage\",\"url\":\"https:\\\/\\\/www.cc3rivieres76.com\\\/blog\\\/wp-content\\\/uploads\\\/2025\\\/07\\\/informations-francaises-le-gouvernement-passe-la-main-au-parlement-france.jpg\",\"contentUrl\":\"https:\\\/\\\/www.cc3rivieres76.com\\\/blog\\\/wp-content\\\/uploads\\\/2025\\\/07\\\/informations-francaises-le-gouvernement-passe-la-main-au-parlement-france.jpg\",\"width\":1440,\"height\":960,\"caption\":\"Informations fran\u00e7aises: le gouvernement passe la main au Parlement #France\"},{\"@type\":\"BreadcrumbList\",\"@id\":\"https:\\\/\\\/www.cc3rivieres76.com\\\/blog\\\/informations-francaises-le-gouvernement-passe-la-main-au-parlement-france\\\/#breadcrumb\",\"itemListElement\":[{\"@type\":\"ListItem\",\"position\":1,\"name\":\"Accueil\",\"item\":\"https:\\\/\\\/www.cc3rivieres76.com\\\/blog\\\/\"},{\"@type\":\"ListItem\",\"position\":2,\"name\":\"Informations fran\u00e7aises: le gouvernement passe la main au Parlement #France\"}]},{\"@type\":\"WebSite\",\"@id\":\"https:\\\/\\\/www.cc3rivieres76.com\\\/blog\\\/#website\",\"url\":\"https:\\\/\\\/www.cc3rivieres76.com\\\/blog\\\/\",\"name\":\"CC3RIVIERES76\",\"description\":\"Les 3 rivi\u00e8res dans la Somme.\",\"publisher\":{\"@id\":\"https:\\\/\\\/www.cc3rivieres76.com\\\/blog\\\/#organization\"},\"potentialAction\":[{\"@type\":\"SearchAction\",\"target\":{\"@type\":\"EntryPoint\",\"urlTemplate\":\"https:\\\/\\\/www.cc3rivieres76.com\\\/blog\\\/?s={search_term_string}\"},\"query-input\":{\"@type\":\"PropertyValueSpecification\",\"valueRequired\":true,\"valueName\":\"search_term_string\"}}],\"inLanguage\":\"fr-FR\"},{\"@type\":\"Organization\",\"@id\":\"https:\\\/\\\/www.cc3rivieres76.com\\\/blog\\\/#organization\",\"name\":\"cc3rivieres76\",\"url\":\"https:\\\/\\\/www.cc3rivieres76.com\\\/blog\\\/\",\"logo\":{\"@type\":\"ImageObject\",\"inLanguage\":\"fr-FR\",\"@id\":\"https:\\\/\\\/www.cc3rivieres76.com\\\/blog\\\/#\\\/schema\\\/logo\\\/image\\\/\",\"url\":\"https:\\\/\\\/www.cc3rivieres76.com\\\/blog\\\/wp-content\\\/uploads\\\/2023\\\/06\\\/logo-2.png\",\"contentUrl\":\"https:\\\/\\\/www.cc3rivieres76.com\\\/blog\\\/wp-content\\\/uploads\\\/2023\\\/06\\\/logo-2.png\",\"width\":390,\"height\":388,\"caption\":\"cc3rivieres76\"},\"image\":{\"@id\":\"https:\\\/\\\/www.cc3rivieres76.com\\\/blog\\\/#\\\/schema\\\/logo\\\/image\\\/\"}},{\"@type\":\"Person\",\"@id\":\"https:\\\/\\\/www.cc3rivieres76.com\\\/blog\\\/#\\\/schema\\\/person\\\/474d457fb7747b5218f39792dfaa5a1c\",\"name\":\"Sylvie DE LAUZAINGHEIN\",\"image\":{\"@type\":\"ImageObject\",\"inLanguage\":\"fr-FR\",\"@id\":\"https:\\\/\\\/secure.gravatar.com\\\/avatar\\\/9c6a53b19e0a3431aa80de0895b9729fe665cd7e7d6cc94fc11abb152f4237d7?s=96&d=mm&r=g\",\"url\":\"https:\\\/\\\/secure.gravatar.com\\\/avatar\\\/9c6a53b19e0a3431aa80de0895b9729fe665cd7e7d6cc94fc11abb152f4237d7?s=96&d=mm&r=g\",\"contentUrl\":\"https:\\\/\\\/secure.gravatar.com\\\/avatar\\\/9c6a53b19e0a3431aa80de0895b9729fe665cd7e7d6cc94fc11abb152f4237d7?s=96&d=mm&r=g\",\"caption\":\"Sylvie DE LAUZAINGHEIN\"},\"url\":\"https:\\\/\\\/www.cc3rivieres76.com\\\/blog\\\/author\\\/s76sylvie\\\/\"}]}<\/script>\n<!-- \/ Yoast SEO plugin. -->","yoast_head_json":{"title":"Informations fran\u00e7aises: le gouvernement passe la main au Parlement #France - CC3RIVIERES76","robots":{"index":"index","follow":"follow","max-snippet":"max-snippet:-1","max-image-preview":"max-image-preview:large","max-video-preview":"max-video-preview:-1"},"canonical":"https:\/\/www.cc3rivieres76.com\/blog\/informations-francaises-le-gouvernement-passe-la-main-au-parlement-france\/","og_locale":"fr_FR","og_type":"article","og_title":"Informations fran\u00e7aises: le gouvernement passe la main au Parlement #France - CC3RIVIERES76","og_description":"En fouillant internet j\u2019ai relev\u00e9 un post qui va vous interpeller. Sa th\u00e9matique est \u00ab&nbsp;Actualit\u00e9 fran\u00e7aise&nbsp;\u00bb. Diffus\u00e9 sur Le Point \u2013 Politique, l\u2019article suivant Signature . Date et heure de la r\u00e9ception de la d\u00e9p\u00e9che sur notre fil d\u2019info: Date et heure de publication sur internet: Titre exacte donn\u00e9 par le journal \u00e9tait: le gouvernement &hellip; Continuer la lecture \u00ab\u00a0Informations fran\u00e7aises: le gouvernement passe la main au Parlement #France\u00a0\u00bb","og_url":"https:\/\/www.cc3rivieres76.com\/blog\/informations-francaises-le-gouvernement-passe-la-main-au-parlement-france\/","og_site_name":"CC3RIVIERES76","article_published_time":"2025-07-31T07:11:00+00:00","og_image":[{"url":"https:\/\/www.cc3rivieres76.com\/blog\/wp-content\/uploads\/2025\/07\/informations-francaises-le-gouvernement-passe-la-main-au-parlement-france.jpg","type":"","width":"","height":""}],"author":"Sylvie DE LAUZAINGHEIN","twitter_card":"summary_large_image","twitter_misc":{"\u00c9crit par":"Sylvie DE LAUZAINGHEIN","Dur\u00e9e de lecture estim\u00e9e":"3 minutes"},"schema":{"@context":"https:\/\/schema.org","@graph":[{"@type":"Article","@id":"https:\/\/www.cc3rivieres76.com\/blog\/informations-francaises-le-gouvernement-passe-la-main-au-parlement-france\/#article","isPartOf":{"@id":"https:\/\/www.cc3rivieres76.com\/blog\/informations-francaises-le-gouvernement-passe-la-main-au-parlement-france\/"},"author":{"name":"Sylvie DE LAUZAINGHEIN","@id":"https:\/\/www.cc3rivieres76.com\/blog\/#\/schema\/person\/474d457fb7747b5218f39792dfaa5a1c"},"headline":"Informations fran\u00e7aises: le gouvernement passe la main au Parlement #France","datePublished":"2025-07-31T07:11:00+00:00","mainEntityOfPage":{"@id":"https:\/\/www.cc3rivieres76.com\/blog\/informations-francaises-le-gouvernement-passe-la-main-au-parlement-france\/"},"wordCount":516,"publisher":{"@id":"https:\/\/www.cc3rivieres76.com\/blog\/#organization"},"image":{"@id":"https:\/\/www.cc3rivieres76.com\/blog\/informations-francaises-le-gouvernement-passe-la-main-au-parlement-france\/#primaryimage"},"thumbnailUrl":"https:\/\/www.cc3rivieres76.com\/blog\/wp-content\/uploads\/2025\/07\/informations-francaises-le-gouvernement-passe-la-main-au-parlement-france.jpg","articleSection":["Les 3 Rivi\u00e8res Dans La Somme:"],"inLanguage":"fr-FR"},{"@type":"WebPage","@id":"https:\/\/www.cc3rivieres76.com\/blog\/informations-francaises-le-gouvernement-passe-la-main-au-parlement-france\/","url":"https:\/\/www.cc3rivieres76.com\/blog\/informations-francaises-le-gouvernement-passe-la-main-au-parlement-france\/","name":"Informations fran\u00e7aises: le gouvernement passe la main au Parlement #France - CC3RIVIERES76","isPartOf":{"@id":"https:\/\/www.cc3rivieres76.com\/blog\/#website"},"primaryImageOfPage":{"@id":"https:\/\/www.cc3rivieres76.com\/blog\/informations-francaises-le-gouvernement-passe-la-main-au-parlement-france\/#primaryimage"},"image":{"@id":"https:\/\/www.cc3rivieres76.com\/blog\/informations-francaises-le-gouvernement-passe-la-main-au-parlement-france\/#primaryimage"},"thumbnailUrl":"https:\/\/www.cc3rivieres76.com\/blog\/wp-content\/uploads\/2025\/07\/informations-francaises-le-gouvernement-passe-la-main-au-parlement-france.jpg","datePublished":"2025-07-31T07:11:00+00:00","breadcrumb":{"@id":"https:\/\/www.cc3rivieres76.com\/blog\/informations-francaises-le-gouvernement-passe-la-main-au-parlement-france\/#breadcrumb"},"inLanguage":"fr-FR","potentialAction":[{"@type":"ReadAction","target":["https:\/\/www.cc3rivieres76.com\/blog\/informations-francaises-le-gouvernement-passe-la-main-au-parlement-france\/"]}]},{"@type":"ImageObject","inLanguage":"fr-FR","@id":"https:\/\/www.cc3rivieres76.com\/blog\/informations-francaises-le-gouvernement-passe-la-main-au-parlement-france\/#primaryimage","url":"https:\/\/www.cc3rivieres76.com\/blog\/wp-content\/uploads\/2025\/07\/informations-francaises-le-gouvernement-passe-la-main-au-parlement-france.jpg","contentUrl":"https:\/\/www.cc3rivieres76.com\/blog\/wp-content\/uploads\/2025\/07\/informations-francaises-le-gouvernement-passe-la-main-au-parlement-france.jpg","width":1440,"height":960,"caption":"Informations fran\u00e7aises: le gouvernement passe la main au Parlement #France"},{"@type":"BreadcrumbList","@id":"https:\/\/www.cc3rivieres76.com\/blog\/informations-francaises-le-gouvernement-passe-la-main-au-parlement-france\/#breadcrumb","itemListElement":[{"@type":"ListItem","position":1,"name":"Accueil","item":"https:\/\/www.cc3rivieres76.com\/blog\/"},{"@type":"ListItem","position":2,"name":"Informations fran\u00e7aises: le gouvernement passe la main au Parlement #France"}]},{"@type":"WebSite","@id":"https:\/\/www.cc3rivieres76.com\/blog\/#website","url":"https:\/\/www.cc3rivieres76.com\/blog\/","name":"CC3RIVIERES76","description":"Les 3 rivi\u00e8res dans la Somme.","publisher":{"@id":"https:\/\/www.cc3rivieres76.com\/blog\/#organization"},"potentialAction":[{"@type":"SearchAction","target":{"@type":"EntryPoint","urlTemplate":"https:\/\/www.cc3rivieres76.com\/blog\/?s={search_term_string}"},"query-input":{"@type":"PropertyValueSpecification","valueRequired":true,"valueName":"search_term_string"}}],"inLanguage":"fr-FR"},{"@type":"Organization","@id":"https:\/\/www.cc3rivieres76.com\/blog\/#organization","name":"cc3rivieres76","url":"https:\/\/www.cc3rivieres76.com\/blog\/","logo":{"@type":"ImageObject","inLanguage":"fr-FR","@id":"https:\/\/www.cc3rivieres76.com\/blog\/#\/schema\/logo\/image\/","url":"https:\/\/www.cc3rivieres76.com\/blog\/wp-content\/uploads\/2023\/06\/logo-2.png","contentUrl":"https:\/\/www.cc3rivieres76.com\/blog\/wp-content\/uploads\/2023\/06\/logo-2.png","width":390,"height":388,"caption":"cc3rivieres76"},"image":{"@id":"https:\/\/www.cc3rivieres76.com\/blog\/#\/schema\/logo\/image\/"}},{"@type":"Person","@id":"https:\/\/www.cc3rivieres76.com\/blog\/#\/schema\/person\/474d457fb7747b5218f39792dfaa5a1c","name":"Sylvie DE LAUZAINGHEIN","image":{"@type":"ImageObject","inLanguage":"fr-FR","@id":"https:\/\/secure.gravatar.com\/avatar\/9c6a53b19e0a3431aa80de0895b9729fe665cd7e7d6cc94fc11abb152f4237d7?s=96&d=mm&r=g","url":"https:\/\/secure.gravatar.com\/avatar\/9c6a53b19e0a3431aa80de0895b9729fe665cd7e7d6cc94fc11abb152f4237d7?s=96&d=mm&r=g","contentUrl":"https:\/\/secure.gravatar.com\/avatar\/9c6a53b19e0a3431aa80de0895b9729fe665cd7e7d6cc94fc11abb152f4237d7?s=96&d=mm&r=g","caption":"Sylvie DE LAUZAINGHEIN"},"url":"https:\/\/www.cc3rivieres76.com\/blog\/author\/s76sylvie\/"}]}},"_links":{"self":[{"href":"https:\/\/www.cc3rivieres76.com\/blog\/wp-json\/wp\/v2\/posts\/804","targetHints":{"allow":["GET"]}}],"collection":[{"href":"https:\/\/www.cc3rivieres76.com\/blog\/wp-json\/wp\/v2\/posts"}],"about":[{"href":"https:\/\/www.cc3rivieres76.com\/blog\/wp-json\/wp\/v2\/types\/post"}],"author":[{"embeddable":true,"href":"https:\/\/www.cc3rivieres76.com\/blog\/wp-json\/wp\/v2\/users\/3"}],"replies":[{"embeddable":true,"href":"https:\/\/www.cc3rivieres76.com\/blog\/wp-json\/wp\/v2\/comments?post=804"}],"version-history":[{"count":0,"href":"https:\/\/www.cc3rivieres76.com\/blog\/wp-json\/wp\/v2\/posts\/804\/revisions"}],"wp:featuredmedia":[{"embeddable":true,"href":"https:\/\/www.cc3rivieres76.com\/blog\/wp-json\/wp\/v2\/media\/805"}],"wp:attachment":[{"href":"https:\/\/www.cc3rivieres76.com\/blog\/wp-json\/wp\/v2\/media?parent=804"}],"wp:term":[{"taxonomy":"category","embeddable":true,"href":"https:\/\/www.cc3rivieres76.com\/blog\/wp-json\/wp\/v2\/categories?post=804"},{"taxonomy":"post_tag","embeddable":true,"href":"https:\/\/www.cc3rivieres76.com\/blog\/wp-json\/wp\/v2\/tags?post=804"}],"curies":[{"name":"wp","href":"https:\/\/api.w.org\/{rel}","templated":true}]}}