{"id":824,"date":"2025-08-12T21:49:27","date_gmt":"2025-08-12T19:49:27","guid":{"rendered":"https:\/\/www.site.cdcl.xyz\/?p=963350"},"modified":"2025-08-12T21:49:27","modified_gmt":"2025-08-12T19:49:27","slug":"police-municipale-invitation-a-la-ceremonie-de-nomination-de-lhotel-de-police-municipale-clarissa-jean-philippe","status":"publish","type":"post","link":"https:\/\/www.cc3rivieres76.com\/blog\/police-municipale-invitation-a-la-ceremonie-de-nomination-de-lhotel-de-police-municipale-clarissa-jean-philippe\/","title":{"rendered":"(police municipale): Invitation \u00e0 la c\u00e9r\u00e9monie de nomination de l\u2019H\u00f4tel de police municipale Clarissa Jean-Philippe"},"content":{"rendered":"<br \/>\n<h2>\nVille de Montrouge met en lumi\u00e8re le th\u00e8me de \u00ab&nbsp;police municipale&nbsp;\u00bb.<br \/><\/h2>\n<p>Une publication youtube propos\u00e9e par Ville de Montrouge.<br \/>explorant \u00ab&nbsp;police municipale&nbsp;\u00bb:<br \/>[embedded content]<\/p>\n<p>\nCette vid\u00e9o, r\u00e9cemment visionn\u00e9e, g\u00e9n\u00e9rait d\u00e9j\u00e0 de l\u2019engagement. Le compteur de Likes indiquait: 13.\n<\/p>\n<p>\u00c0 noter, la dur\u00e9e de la vid\u00e9o est de 00:01:03 secondes et son titre est Invitation \u00e0 la c\u00e9r\u00e9monie de nomination de l\u2019H\u00f4tel de police municipale Clarissa Jean-Philippe, fournis par [vid_author_name]. La description se trouve ci-dessous :\u00ab<i> Etienne Lengereau, Maire de Montrouge, Thierry Virol, Maire-adjoint \u00e0 la politique de l\u2019Habitat et au Devoir de M\u00e9moire, Marie-Sophie Lesueur, Maire-adjointe \u00e0 la Citoyennet\u00e9, \u00e0 la Tranquillit\u00e9 r\u00e9sidentielle, \u00e0 la Propret\u00e9 et \u00e0 la Vie des quartiers, vous convient \u00e0 la C\u00e9r\u00e9monie de nomination de l\u2019\u00ab H\u00f4tel de police municipale Clarissa Jean-Philippe \u00bb, Mercredi 8 janvier 2025 \u00e0 12h30, 16 rue Victor Hugo \u00e0 Montrouge. <\/i> \u00bb.\n<\/p>\n<p>\nAvec son immense catalogue de vid\u00e9os, youtube donne aux utilisateurs la possibilit\u00e9 d\u2019explorer des contenus originaux et enrichissants tout en respectant leur confidentialit\u00e9.<\/p>\n<h2>La police municipale : Veille constante pour la s\u00fbret\u00e9 des citoyens<\/h2>\n<p>La tranquillit\u00e9 publique dans nos quartiers est garantie gr\u00e2ce au travail quotidien des policiers municipaux. Ces derniers assurent la s\u00e9curit\u00e9 des citoyens en patrouillant dans les rues, en maintenant une pr\u00e9sence proche des habitants et en intervenant efficacement lorsqu\u2019il le faut. Dans cet article, nous discuterons des missions de la police municipale, des actions de pr\u00e9vention, des d\u00e9fis actuels et de ses perspectives d\u2019avenir.<\/p>\n<h2>Probl\u00e9matiques contemporaines de s\u00e9curit\u00e9<\/h2>\n<h3>Augmenter l\u2019efficacit\u00e9 des services<\/h3>\n<p>Face aux d\u00e9fis grandissants, la police municipale doit \u00e9voluer. L\u2019am\u00e9lioration continue de la formation des agents, l\u2019adoption de technologies de surveillance modernes et l\u2019utilisation d\u2019outils num\u00e9riques sont des leviers pour optimiser l\u2019efficacit\u00e9 des interventions. Gr\u00e2ce \u00e0<a href=\"https:\/\/www.applijesignale.fr\/alerter-la-police-municipale\/\" rel=\"noopener noreferrer \" target=\"_blank\"> l\u2019application de signalement <\/a>, vous pouvez facilement alerter la police municipale.<\/p>\n<h3>Les actions urgentes en mati\u00e8re de s\u00e9curit\u00e9 publique<\/h3>\n<p>Avec les transformations sociales, les priorit\u00e9s de la police municipale sont en constante \u00e9volution. La lutte contre la d\u00e9linquance, la gestion de l\u2019espace public et la s\u00e9curit\u00e9 routi\u00e8re restent des pr\u00e9occupations essentielles, tandis que les avanc\u00e9es technologiques et l\u2019\u00e9mergence de nouvelles formes de criminalit\u00e9 pr\u00e9sentent des d\u00e9fis croissants.<\/p>\n<h3>D\u00e9linquance et perturbations sociales<\/h3>\n<p>Les policiers municipaux sont souvent amen\u00e9s \u00e0 traiter des nuisances quotidiennes, telles que les bruits nocturnes et les probl\u00e8mes li\u00e9s au stationnement. Bien que la d\u00e9linquance y soit moins pr\u00e9sente qu\u2019en ville, elle doit \u00eatre contr\u00f4l\u00e9e. Face aux d\u00e9fis croissants de la s\u00e9curit\u00e9 publique, la police municipale doit faire preuve d\u2019une grande capacit\u00e9 d\u2019adaptation.<\/p>\n<h2>Strat\u00e9gies de s\u00e9curit\u00e9 et d\u2019action pr\u00e9ventive<\/h2>\n<p>Bien plus que de r\u00e9pondre aux incidents, la police municipale intervient en amont pour pr\u00e9venir toute situation pouvant perturber l\u2019ordre public.<\/p>\n<h3>Programmes d\u2019information pour am\u00e9liorer la s\u00e9curit\u00e9 locale<\/h3>\n<p>La police municipale place la pr\u00e9vention de la d\u00e9linquance parmi ses priorit\u00e9s en mettant en \u0153uvre des actions concr\u00e8tes : campagnes de sensibilisation \u00e0 la s\u00e9curit\u00e9 routi\u00e8re, r\u00e9unions de quartier pour aborder les probl\u00e8mes de s\u00e9curit\u00e9 et initiatives \u00e9ducatives pour pr\u00e9venir les nuisances. L\u2019engagement des habitants est un facteur cl\u00e9 de cette pr\u00e9vention.<\/p>\n<h3>Travail en partenariat avec les services de s\u00e9curit\u00e9<\/h3>\n<p>En \u00e9troite collaboration avec la police nationale et les services de secours, la police municipale intervient rapidement lors des urgences. Cette synergie garantit une r\u00e9ponse efficace et une protection renforc\u00e9e pour les citoyens.<\/p>\n<h3>Pratiques de surveillance et de veille active<\/h3>\n<p>Les policiers municipaux assurent une pr\u00e9sence constante gr\u00e2ce \u00e0 des rondes \u00e0 pied ou en voiture, compl\u00e9t\u00e9es par l\u2019installation de cam\u00e9ras, afin de rep\u00e9rer toute anomalie et d\u2019intervenir rapidement.<\/p>\n<h2>La police municipale : Gardienne de la s\u00e9r\u00e9nit\u00e9 locale<\/h2>\n<h3>La proximit\u00e9 essentielle avec les habitants<\/h3>\n<p>La proximit\u00e9 g\u00e9ographique de la police municipale lui conf\u00e8re un avantage consid\u00e9rable pour offrir un traitement administratif r\u00e9actif dans le cadre du droit judiciaire. Pr\u00e9sente dans les quartiers, elle r\u00e9pond rapidement aux pr\u00e9occupations des habitants, assurant que les mesures de s\u00e9curit\u00e9 sont adapt\u00e9es tout en favorisant un \u00e9change d\u2019informations pour la pr\u00e9vention des risques.<\/p>\n<h3>Les fonctions cl\u00e9s et les savoir-faire des policiers municipaux<\/h3>\n<p>Les policiers municipaux ont des responsabilit\u00e9s vari\u00e9es, incluant la surveillance des rues par des patrouilles r\u00e9guli\u00e8res, la gestion du stationnement, la prise en charge des animaux errants et la r\u00e9gulation des nuisances sonores. Leur r\u00f4le consiste \u00e9galement \u00e0 intervenir en cas d\u2019infractions ou de troubles \u00e0 l\u2019ordre public. La police municipale, sous l\u2019autorit\u00e9 du maire, assure la s\u00e9curit\u00e9 des habitants d\u2019une commune. Compos\u00e9e d\u2019agents municipaux, elle veille \u00e0 l\u2019ordre public et \u00e0 la tranquillit\u00e9 publique. En coop\u00e9ration avec la police nationale, elle surveille les espaces publics, intervient lors de conflits et applique les arr\u00eat\u00e9s municipaux pour garantir la s\u00e9curit\u00e9.<\/p>\n<h3>L\u2019impact crucial sur l\u2019harmonie sociale<\/h3>\n<p>La pr\u00e9servation de la tranquillit\u00e9 publique repose en grande partie sur l\u2019action de la police municipale. En surveillant activement les rues et places publiques, les agents limitent les nuisances et la d\u00e9linquance. Leur pr\u00e9sence permanente renforce la s\u00e9curit\u00e9 et le bien-\u00eatre des habitants, leur apportant un sentiment de protection.<\/p>\n<h2>L\u2019avenir des missions de la police municipale<\/h2>\n<p>La police municipale est sur le point d\u2019embrasser un avenir riche en \u00e9volutions et en opportunit\u00e9s.<\/p>\n<h3>Adaptations l\u00e9gislatives et changements r\u00e9glementaires<\/h3>\n<p>Gr\u00e2ce aux r\u00e9formes l\u00e9gislatives, les policiers municipaux voient leurs pr\u00e9rogatives \u00e9voluer pour mieux r\u00e9pondre aux enjeux contemporains de s\u00e9curit\u00e9.<\/p>\n<h3>Strat\u00e9gies in\u00e9dites pour une s\u00e9curit\u00e9 accrue<\/h3>\n<p>La police municipale pourrait tirer parti de la technologie pour am\u00e9liorer ses interventions. L\u2019int\u00e9gration de la vid\u00e9osurveillance intelligente, des drones et des outils num\u00e9riques permettrait d\u2019accro\u00eetre la r\u00e9activit\u00e9 et l\u2019efficacit\u00e9 des agents. V\u00e9ritable garant de la s\u00e9curit\u00e9 des citoyens, la police municipale intervient au quotidien pour maintenir la tranquillit\u00e9 publique. Son r\u00f4le de pr\u00e9vention et sa r\u00e9activit\u00e9 sont essentiels, mais face aux d\u00e9fis futurs, elle doit continuer de s\u2019adapter.<\/p>\n<h3>Le futur r\u00f4le des services municipaux dans la communaut\u00e9<\/h3>\n<p>L\u2019\u00e9volution de la police municipale pourrait impliquer un renforcement de son r\u00f4le dans la s\u00e9curit\u00e9 des collectivit\u00e9s locales, avec une implication accrue dans les \u00e9v\u00e9nements publics et la mise en place de solutions novatrices pour une ville plus s\u00e9curis\u00e9e.\n<\/p>\n<p> Regardez la vid\u00e9o sur youtube en cliquant sur ce lien :<br \/><u> la source:<\/u> <a href=\"https:\/\/www.youtube.com\/watch?v=ZQQ_wvfE6bU\">Cliquer ici<\/a>\n<\/p>\n<p>\n#Invitation #c\u00e9r\u00e9monie #nomination #l39H\u00f4tel #police #municipale #Clarissa #JeanPhilippe\n<\/p>\n<p>\n<u>Retranscription des paroles de la vid\u00e9o:<\/u> Non disponible.<br \/>.\n<\/p>\n<p>\n<img decoding=\"async\" src=\"https:\/\/www.cc3rivieres76.com\/blog\/wp-content\/uploads\/2025\/08\/police-municipale-invitation-a-la-ceremonie-de-nomination-de-lhotel-de-police-municipale-clarissa-jean-philippe.jpg\" alt=\"Image youtube\">\n<\/p>\n<p>\n<u>D\u00e9roulement de la vid\u00e9o:<\/u>\n<\/p>\n<p>\nIndisponible.<br \/>.<\/p>\n<p> Cet article, qui traite du th\u00e8me \u00ab\u00a0Les 3 rivi\u00e8res dans la Somme\u00a0\u00bb, vous est sp\u00e9cialement sugg\u00e9r\u00e9 par cc3rivieres76.com. La chronique est reproduite du mieux possible. Dans le cas o\u00f9 vous souhaitez apporter quelques pr\u00e9cisions concernant le domaine de \u00ab\u00a0Les 3 rivi\u00e8res dans la Somme\u00a0\u00bb vous pouvez solliciter notre r\u00e9daction. La destination de cc3rivieres76.com est de d\u00e9battre de Les 3 rivi\u00e8res dans la Somme dans la transparence en vous apportant la connaissance de tout ce qui est en lien avec ce sujet sur la toile Connectez-vous sur notre site cc3rivieres76.com et nos r\u00e9seaux sociaux dans le but d\u2019\u00eatre inform\u00e9 des futures publications.<\/p>\n","protected":false},"excerpt":{"rendered":"<p>Ville de Montrouge met en lumi\u00e8re le th\u00e8me de \u00ab&nbsp;police municipale&nbsp;\u00bb. Une publication youtube propos\u00e9e par Ville de Montrouge.explorant \u00ab&nbsp;police municipale&nbsp;\u00bb:[embedded content] Cette vid\u00e9o, r\u00e9cemment visionn\u00e9e, g\u00e9n\u00e9rait d\u00e9j\u00e0 de l\u2019engagement. Le compteur de Likes indiquait: 13. \u00c0 noter, la dur\u00e9e de la vid\u00e9o est de 00:01:03 secondes et son titre est Invitation \u00e0 la c\u00e9r\u00e9monie &hellip; <\/p>\n<p class=\"link-more\"><a href=\"https:\/\/www.cc3rivieres76.com\/blog\/police-municipale-invitation-a-la-ceremonie-de-nomination-de-lhotel-de-police-municipale-clarissa-jean-philippe\/\" class=\"more-link\">Continuer la lecture <span class=\"screen-reader-text\"> \u00ab\u00a0(police municipale): Invitation \u00e0 la c\u00e9r\u00e9monie de nomination de l\u2019H\u00f4tel de police municipale Clarissa Jean-Philippe\u00a0\u00bb<\/span><\/a><\/p>\n","protected":false},"author":3,"featured_media":825,"comment_status":"closed","ping_status":"closed","sticky":false,"template":"","format":"standard","meta":{"footnotes":""},"categories":[2],"tags":[],"class_list":["post-824","post","type-post","status-publish","format-standard","has-post-thumbnail","hentry","category-les-3-rivieres-dans-la-somme","entry"],"yoast_head":"<!-- This site is optimized with the Yoast SEO plugin v27.5 - https:\/\/yoast.com\/product\/yoast-seo-wordpress\/ -->\n<title>(police municipale): Invitation \u00e0 la c\u00e9r\u00e9monie de nomination de l\u2019H\u00f4tel de police municipale Clarissa Jean-Philippe - CC3RIVIERES76<\/title>\n<meta name=\"robots\" content=\"index, follow, max-snippet:-1, max-image-preview:large, max-video-preview:-1\" \/>\n<link rel=\"canonical\" href=\"https:\/\/www.cc3rivieres76.com\/blog\/police-municipale-invitation-a-la-ceremonie-de-nomination-de-lhotel-de-police-municipale-clarissa-jean-philippe\/\" \/>\n<meta property=\"og:locale\" content=\"fr_FR\" \/>\n<meta property=\"og:type\" content=\"article\" \/>\n<meta property=\"og:title\" content=\"(police municipale): Invitation \u00e0 la c\u00e9r\u00e9monie de nomination de l\u2019H\u00f4tel de police municipale Clarissa Jean-Philippe - CC3RIVIERES76\" \/>\n<meta property=\"og:description\" content=\"Ville de Montrouge met en lumi\u00e8re le th\u00e8me de \u00ab&nbsp;police municipale&nbsp;\u00bb. Une publication youtube propos\u00e9e par Ville de Montrouge.explorant \u00ab&nbsp;police municipale&nbsp;\u00bb:[embedded content] Cette vid\u00e9o, r\u00e9cemment visionn\u00e9e, g\u00e9n\u00e9rait d\u00e9j\u00e0 de l\u2019engagement. Le compteur de Likes indiquait: 13. \u00c0 noter, la dur\u00e9e de la vid\u00e9o est de 00:01:03 secondes et son titre est Invitation \u00e0 la c\u00e9r\u00e9monie &hellip; Continuer la lecture \u00ab\u00a0(police municipale): Invitation \u00e0 la c\u00e9r\u00e9monie de nomination de l\u2019H\u00f4tel de police municipale Clarissa Jean-Philippe\u00a0\u00bb\" \/>\n<meta property=\"og:url\" content=\"https:\/\/www.cc3rivieres76.com\/blog\/police-municipale-invitation-a-la-ceremonie-de-nomination-de-lhotel-de-police-municipale-clarissa-jean-philippe\/\" \/>\n<meta property=\"og:site_name\" content=\"CC3RIVIERES76\" \/>\n<meta property=\"article:published_time\" content=\"2025-08-12T19:49:27+00:00\" \/>\n<meta property=\"og:image\" content=\"https:\/\/www.cc3rivieres76.com\/blog\/wp-content\/uploads\/2025\/08\/police-municipale-invitation-a-la-ceremonie-de-nomination-de-lhotel-de-police-municipale-clarissa-jean-philippe.jpg\" \/>\n<meta name=\"author\" content=\"Sylvie DE LAUZAINGHEIN\" \/>\n<meta name=\"twitter:card\" content=\"summary_large_image\" \/>\n<meta name=\"twitter:label1\" content=\"\u00c9crit par\" \/>\n\t<meta name=\"twitter:data1\" content=\"Sylvie DE LAUZAINGHEIN\" \/>\n\t<meta name=\"twitter:label2\" content=\"Dur\u00e9e de lecture estim\u00e9e\" \/>\n\t<meta name=\"twitter:data2\" content=\"6 minutes\" \/>\n<script type=\"application\/ld+json\" class=\"yoast-schema-graph\">{\"@context\":\"https:\\\/\\\/schema.org\",\"@graph\":[{\"@type\":\"Article\",\"@id\":\"https:\\\/\\\/www.cc3rivieres76.com\\\/blog\\\/police-municipale-invitation-a-la-ceremonie-de-nomination-de-lhotel-de-police-municipale-clarissa-jean-philippe\\\/#article\",\"isPartOf\":{\"@id\":\"https:\\\/\\\/www.cc3rivieres76.com\\\/blog\\\/police-municipale-invitation-a-la-ceremonie-de-nomination-de-lhotel-de-police-municipale-clarissa-jean-philippe\\\/\"},\"author\":{\"name\":\"Sylvie DE LAUZAINGHEIN\",\"@id\":\"https:\\\/\\\/www.cc3rivieres76.com\\\/blog\\\/#\\\/schema\\\/person\\\/474d457fb7747b5218f39792dfaa5a1c\"},\"headline\":\"(police municipale): Invitation \u00e0 la c\u00e9r\u00e9monie de nomination de l\u2019H\u00f4tel de police municipale Clarissa Jean-Philippe\",\"datePublished\":\"2025-08-12T19:49:27+00:00\",\"mainEntityOfPage\":{\"@id\":\"https:\\\/\\\/www.cc3rivieres76.com\\\/blog\\\/police-municipale-invitation-a-la-ceremonie-de-nomination-de-lhotel-de-police-municipale-clarissa-jean-philippe\\\/\"},\"wordCount\":1305,\"publisher\":{\"@id\":\"https:\\\/\\\/www.cc3rivieres76.com\\\/blog\\\/#organization\"},\"image\":{\"@id\":\"https:\\\/\\\/www.cc3rivieres76.com\\\/blog\\\/police-municipale-invitation-a-la-ceremonie-de-nomination-de-lhotel-de-police-municipale-clarissa-jean-philippe\\\/#primaryimage\"},\"thumbnailUrl\":\"https:\\\/\\\/www.cc3rivieres76.com\\\/blog\\\/wp-content\\\/uploads\\\/2025\\\/08\\\/police-municipale-invitation-a-la-ceremonie-de-nomination-de-lhotel-de-police-municipale-clarissa-jean-philippe.jpg\",\"articleSection\":[\"Les 3 Rivi\u00e8res Dans La Somme:\"],\"inLanguage\":\"fr-FR\"},{\"@type\":\"WebPage\",\"@id\":\"https:\\\/\\\/www.cc3rivieres76.com\\\/blog\\\/police-municipale-invitation-a-la-ceremonie-de-nomination-de-lhotel-de-police-municipale-clarissa-jean-philippe\\\/\",\"url\":\"https:\\\/\\\/www.cc3rivieres76.com\\\/blog\\\/police-municipale-invitation-a-la-ceremonie-de-nomination-de-lhotel-de-police-municipale-clarissa-jean-philippe\\\/\",\"name\":\"(police municipale): Invitation \u00e0 la c\u00e9r\u00e9monie de nomination de l\u2019H\u00f4tel de police municipale Clarissa Jean-Philippe - CC3RIVIERES76\",\"isPartOf\":{\"@id\":\"https:\\\/\\\/www.cc3rivieres76.com\\\/blog\\\/#website\"},\"primaryImageOfPage\":{\"@id\":\"https:\\\/\\\/www.cc3rivieres76.com\\\/blog\\\/police-municipale-invitation-a-la-ceremonie-de-nomination-de-lhotel-de-police-municipale-clarissa-jean-philippe\\\/#primaryimage\"},\"image\":{\"@id\":\"https:\\\/\\\/www.cc3rivieres76.com\\\/blog\\\/police-municipale-invitation-a-la-ceremonie-de-nomination-de-lhotel-de-police-municipale-clarissa-jean-philippe\\\/#primaryimage\"},\"thumbnailUrl\":\"https:\\\/\\\/www.cc3rivieres76.com\\\/blog\\\/wp-content\\\/uploads\\\/2025\\\/08\\\/police-municipale-invitation-a-la-ceremonie-de-nomination-de-lhotel-de-police-municipale-clarissa-jean-philippe.jpg\",\"datePublished\":\"2025-08-12T19:49:27+00:00\",\"breadcrumb\":{\"@id\":\"https:\\\/\\\/www.cc3rivieres76.com\\\/blog\\\/police-municipale-invitation-a-la-ceremonie-de-nomination-de-lhotel-de-police-municipale-clarissa-jean-philippe\\\/#breadcrumb\"},\"inLanguage\":\"fr-FR\",\"potentialAction\":[{\"@type\":\"ReadAction\",\"target\":[\"https:\\\/\\\/www.cc3rivieres76.com\\\/blog\\\/police-municipale-invitation-a-la-ceremonie-de-nomination-de-lhotel-de-police-municipale-clarissa-jean-philippe\\\/\"]}]},{\"@type\":\"ImageObject\",\"inLanguage\":\"fr-FR\",\"@id\":\"https:\\\/\\\/www.cc3rivieres76.com\\\/blog\\\/police-municipale-invitation-a-la-ceremonie-de-nomination-de-lhotel-de-police-municipale-clarissa-jean-philippe\\\/#primaryimage\",\"url\":\"https:\\\/\\\/www.cc3rivieres76.com\\\/blog\\\/wp-content\\\/uploads\\\/2025\\\/08\\\/police-municipale-invitation-a-la-ceremonie-de-nomination-de-lhotel-de-police-municipale-clarissa-jean-philippe.jpg\",\"contentUrl\":\"https:\\\/\\\/www.cc3rivieres76.com\\\/blog\\\/wp-content\\\/uploads\\\/2025\\\/08\\\/police-municipale-invitation-a-la-ceremonie-de-nomination-de-lhotel-de-police-municipale-clarissa-jean-philippe.jpg\",\"width\":480,\"height\":360,\"caption\":\"(police municipale): Invitation \u00e0 la c\u00e9r\u00e9monie de nomination de l\u2019H\u00f4tel de police municipale Clarissa Jean Philippe\"},{\"@type\":\"BreadcrumbList\",\"@id\":\"https:\\\/\\\/www.cc3rivieres76.com\\\/blog\\\/police-municipale-invitation-a-la-ceremonie-de-nomination-de-lhotel-de-police-municipale-clarissa-jean-philippe\\\/#breadcrumb\",\"itemListElement\":[{\"@type\":\"ListItem\",\"position\":1,\"name\":\"Accueil\",\"item\":\"https:\\\/\\\/www.cc3rivieres76.com\\\/blog\\\/\"},{\"@type\":\"ListItem\",\"position\":2,\"name\":\"(police municipale): Invitation \u00e0 la c\u00e9r\u00e9monie de nomination de l\u2019H\u00f4tel de police municipale Clarissa Jean-Philippe\"}]},{\"@type\":\"WebSite\",\"@id\":\"https:\\\/\\\/www.cc3rivieres76.com\\\/blog\\\/#website\",\"url\":\"https:\\\/\\\/www.cc3rivieres76.com\\\/blog\\\/\",\"name\":\"CC3RIVIERES76\",\"description\":\"Les 3 rivi\u00e8res dans la Somme.\",\"publisher\":{\"@id\":\"https:\\\/\\\/www.cc3rivieres76.com\\\/blog\\\/#organization\"},\"potentialAction\":[{\"@type\":\"SearchAction\",\"target\":{\"@type\":\"EntryPoint\",\"urlTemplate\":\"https:\\\/\\\/www.cc3rivieres76.com\\\/blog\\\/?s={search_term_string}\"},\"query-input\":{\"@type\":\"PropertyValueSpecification\",\"valueRequired\":true,\"valueName\":\"search_term_string\"}}],\"inLanguage\":\"fr-FR\"},{\"@type\":\"Organization\",\"@id\":\"https:\\\/\\\/www.cc3rivieres76.com\\\/blog\\\/#organization\",\"name\":\"cc3rivieres76\",\"url\":\"https:\\\/\\\/www.cc3rivieres76.com\\\/blog\\\/\",\"logo\":{\"@type\":\"ImageObject\",\"inLanguage\":\"fr-FR\",\"@id\":\"https:\\\/\\\/www.cc3rivieres76.com\\\/blog\\\/#\\\/schema\\\/logo\\\/image\\\/\",\"url\":\"https:\\\/\\\/www.cc3rivieres76.com\\\/blog\\\/wp-content\\\/uploads\\\/2023\\\/06\\\/logo-2.png\",\"contentUrl\":\"https:\\\/\\\/www.cc3rivieres76.com\\\/blog\\\/wp-content\\\/uploads\\\/2023\\\/06\\\/logo-2.png\",\"width\":390,\"height\":388,\"caption\":\"cc3rivieres76\"},\"image\":{\"@id\":\"https:\\\/\\\/www.cc3rivieres76.com\\\/blog\\\/#\\\/schema\\\/logo\\\/image\\\/\"}},{\"@type\":\"Person\",\"@id\":\"https:\\\/\\\/www.cc3rivieres76.com\\\/blog\\\/#\\\/schema\\\/person\\\/474d457fb7747b5218f39792dfaa5a1c\",\"name\":\"Sylvie DE LAUZAINGHEIN\",\"image\":{\"@type\":\"ImageObject\",\"inLanguage\":\"fr-FR\",\"@id\":\"https:\\\/\\\/secure.gravatar.com\\\/avatar\\\/9c6a53b19e0a3431aa80de0895b9729fe665cd7e7d6cc94fc11abb152f4237d7?s=96&d=mm&r=g\",\"url\":\"https:\\\/\\\/secure.gravatar.com\\\/avatar\\\/9c6a53b19e0a3431aa80de0895b9729fe665cd7e7d6cc94fc11abb152f4237d7?s=96&d=mm&r=g\",\"contentUrl\":\"https:\\\/\\\/secure.gravatar.com\\\/avatar\\\/9c6a53b19e0a3431aa80de0895b9729fe665cd7e7d6cc94fc11abb152f4237d7?s=96&d=mm&r=g\",\"caption\":\"Sylvie DE LAUZAINGHEIN\"},\"url\":\"https:\\\/\\\/www.cc3rivieres76.com\\\/blog\\\/author\\\/s76sylvie\\\/\"}]}<\/script>\n<!-- \/ Yoast SEO plugin. -->","yoast_head_json":{"title":"(police municipale): Invitation \u00e0 la c\u00e9r\u00e9monie de nomination de l\u2019H\u00f4tel de police municipale Clarissa Jean-Philippe - CC3RIVIERES76","robots":{"index":"index","follow":"follow","max-snippet":"max-snippet:-1","max-image-preview":"max-image-preview:large","max-video-preview":"max-video-preview:-1"},"canonical":"https:\/\/www.cc3rivieres76.com\/blog\/police-municipale-invitation-a-la-ceremonie-de-nomination-de-lhotel-de-police-municipale-clarissa-jean-philippe\/","og_locale":"fr_FR","og_type":"article","og_title":"(police municipale): Invitation \u00e0 la c\u00e9r\u00e9monie de nomination de l\u2019H\u00f4tel de police municipale Clarissa Jean-Philippe - CC3RIVIERES76","og_description":"Ville de Montrouge met en lumi\u00e8re le th\u00e8me de \u00ab&nbsp;police municipale&nbsp;\u00bb. Une publication youtube propos\u00e9e par Ville de Montrouge.explorant \u00ab&nbsp;police municipale&nbsp;\u00bb:[embedded content] Cette vid\u00e9o, r\u00e9cemment visionn\u00e9e, g\u00e9n\u00e9rait d\u00e9j\u00e0 de l\u2019engagement. Le compteur de Likes indiquait: 13. \u00c0 noter, la dur\u00e9e de la vid\u00e9o est de 00:01:03 secondes et son titre est Invitation \u00e0 la c\u00e9r\u00e9monie &hellip; Continuer la lecture \u00ab\u00a0(police municipale): Invitation \u00e0 la c\u00e9r\u00e9monie de nomination de l\u2019H\u00f4tel de police municipale Clarissa Jean-Philippe\u00a0\u00bb","og_url":"https:\/\/www.cc3rivieres76.com\/blog\/police-municipale-invitation-a-la-ceremonie-de-nomination-de-lhotel-de-police-municipale-clarissa-jean-philippe\/","og_site_name":"CC3RIVIERES76","article_published_time":"2025-08-12T19:49:27+00:00","og_image":[{"url":"https:\/\/www.cc3rivieres76.com\/blog\/wp-content\/uploads\/2025\/08\/police-municipale-invitation-a-la-ceremonie-de-nomination-de-lhotel-de-police-municipale-clarissa-jean-philippe.jpg","type":"","width":"","height":""}],"author":"Sylvie DE LAUZAINGHEIN","twitter_card":"summary_large_image","twitter_misc":{"\u00c9crit par":"Sylvie DE LAUZAINGHEIN","Dur\u00e9e de lecture estim\u00e9e":"6 minutes"},"schema":{"@context":"https:\/\/schema.org","@graph":[{"@type":"Article","@id":"https:\/\/www.cc3rivieres76.com\/blog\/police-municipale-invitation-a-la-ceremonie-de-nomination-de-lhotel-de-police-municipale-clarissa-jean-philippe\/#article","isPartOf":{"@id":"https:\/\/www.cc3rivieres76.com\/blog\/police-municipale-invitation-a-la-ceremonie-de-nomination-de-lhotel-de-police-municipale-clarissa-jean-philippe\/"},"author":{"name":"Sylvie DE LAUZAINGHEIN","@id":"https:\/\/www.cc3rivieres76.com\/blog\/#\/schema\/person\/474d457fb7747b5218f39792dfaa5a1c"},"headline":"(police municipale): Invitation \u00e0 la c\u00e9r\u00e9monie de nomination de l\u2019H\u00f4tel de police municipale Clarissa Jean-Philippe","datePublished":"2025-08-12T19:49:27+00:00","mainEntityOfPage":{"@id":"https:\/\/www.cc3rivieres76.com\/blog\/police-municipale-invitation-a-la-ceremonie-de-nomination-de-lhotel-de-police-municipale-clarissa-jean-philippe\/"},"wordCount":1305,"publisher":{"@id":"https:\/\/www.cc3rivieres76.com\/blog\/#organization"},"image":{"@id":"https:\/\/www.cc3rivieres76.com\/blog\/police-municipale-invitation-a-la-ceremonie-de-nomination-de-lhotel-de-police-municipale-clarissa-jean-philippe\/#primaryimage"},"thumbnailUrl":"https:\/\/www.cc3rivieres76.com\/blog\/wp-content\/uploads\/2025\/08\/police-municipale-invitation-a-la-ceremonie-de-nomination-de-lhotel-de-police-municipale-clarissa-jean-philippe.jpg","articleSection":["Les 3 Rivi\u00e8res Dans La Somme:"],"inLanguage":"fr-FR"},{"@type":"WebPage","@id":"https:\/\/www.cc3rivieres76.com\/blog\/police-municipale-invitation-a-la-ceremonie-de-nomination-de-lhotel-de-police-municipale-clarissa-jean-philippe\/","url":"https:\/\/www.cc3rivieres76.com\/blog\/police-municipale-invitation-a-la-ceremonie-de-nomination-de-lhotel-de-police-municipale-clarissa-jean-philippe\/","name":"(police municipale): Invitation \u00e0 la c\u00e9r\u00e9monie de nomination de l\u2019H\u00f4tel de police municipale Clarissa Jean-Philippe - CC3RIVIERES76","isPartOf":{"@id":"https:\/\/www.cc3rivieres76.com\/blog\/#website"},"primaryImageOfPage":{"@id":"https:\/\/www.cc3rivieres76.com\/blog\/police-municipale-invitation-a-la-ceremonie-de-nomination-de-lhotel-de-police-municipale-clarissa-jean-philippe\/#primaryimage"},"image":{"@id":"https:\/\/www.cc3rivieres76.com\/blog\/police-municipale-invitation-a-la-ceremonie-de-nomination-de-lhotel-de-police-municipale-clarissa-jean-philippe\/#primaryimage"},"thumbnailUrl":"https:\/\/www.cc3rivieres76.com\/blog\/wp-content\/uploads\/2025\/08\/police-municipale-invitation-a-la-ceremonie-de-nomination-de-lhotel-de-police-municipale-clarissa-jean-philippe.jpg","datePublished":"2025-08-12T19:49:27+00:00","breadcrumb":{"@id":"https:\/\/www.cc3rivieres76.com\/blog\/police-municipale-invitation-a-la-ceremonie-de-nomination-de-lhotel-de-police-municipale-clarissa-jean-philippe\/#breadcrumb"},"inLanguage":"fr-FR","potentialAction":[{"@type":"ReadAction","target":["https:\/\/www.cc3rivieres76.com\/blog\/police-municipale-invitation-a-la-ceremonie-de-nomination-de-lhotel-de-police-municipale-clarissa-jean-philippe\/"]}]},{"@type":"ImageObject","inLanguage":"fr-FR","@id":"https:\/\/www.cc3rivieres76.com\/blog\/police-municipale-invitation-a-la-ceremonie-de-nomination-de-lhotel-de-police-municipale-clarissa-jean-philippe\/#primaryimage","url":"https:\/\/www.cc3rivieres76.com\/blog\/wp-content\/uploads\/2025\/08\/police-municipale-invitation-a-la-ceremonie-de-nomination-de-lhotel-de-police-municipale-clarissa-jean-philippe.jpg","contentUrl":"https:\/\/www.cc3rivieres76.com\/blog\/wp-content\/uploads\/2025\/08\/police-municipale-invitation-a-la-ceremonie-de-nomination-de-lhotel-de-police-municipale-clarissa-jean-philippe.jpg","width":480,"height":360,"caption":"(police municipale): Invitation \u00e0 la c\u00e9r\u00e9monie de nomination de l\u2019H\u00f4tel de police municipale Clarissa Jean Philippe"},{"@type":"BreadcrumbList","@id":"https:\/\/www.cc3rivieres76.com\/blog\/police-municipale-invitation-a-la-ceremonie-de-nomination-de-lhotel-de-police-municipale-clarissa-jean-philippe\/#breadcrumb","itemListElement":[{"@type":"ListItem","position":1,"name":"Accueil","item":"https:\/\/www.cc3rivieres76.com\/blog\/"},{"@type":"ListItem","position":2,"name":"(police municipale): Invitation \u00e0 la c\u00e9r\u00e9monie de nomination de l\u2019H\u00f4tel de police municipale Clarissa Jean-Philippe"}]},{"@type":"WebSite","@id":"https:\/\/www.cc3rivieres76.com\/blog\/#website","url":"https:\/\/www.cc3rivieres76.com\/blog\/","name":"CC3RIVIERES76","description":"Les 3 rivi\u00e8res dans la Somme.","publisher":{"@id":"https:\/\/www.cc3rivieres76.com\/blog\/#organization"},"potentialAction":[{"@type":"SearchAction","target":{"@type":"EntryPoint","urlTemplate":"https:\/\/www.cc3rivieres76.com\/blog\/?s={search_term_string}"},"query-input":{"@type":"PropertyValueSpecification","valueRequired":true,"valueName":"search_term_string"}}],"inLanguage":"fr-FR"},{"@type":"Organization","@id":"https:\/\/www.cc3rivieres76.com\/blog\/#organization","name":"cc3rivieres76","url":"https:\/\/www.cc3rivieres76.com\/blog\/","logo":{"@type":"ImageObject","inLanguage":"fr-FR","@id":"https:\/\/www.cc3rivieres76.com\/blog\/#\/schema\/logo\/image\/","url":"https:\/\/www.cc3rivieres76.com\/blog\/wp-content\/uploads\/2023\/06\/logo-2.png","contentUrl":"https:\/\/www.cc3rivieres76.com\/blog\/wp-content\/uploads\/2023\/06\/logo-2.png","width":390,"height":388,"caption":"cc3rivieres76"},"image":{"@id":"https:\/\/www.cc3rivieres76.com\/blog\/#\/schema\/logo\/image\/"}},{"@type":"Person","@id":"https:\/\/www.cc3rivieres76.com\/blog\/#\/schema\/person\/474d457fb7747b5218f39792dfaa5a1c","name":"Sylvie DE LAUZAINGHEIN","image":{"@type":"ImageObject","inLanguage":"fr-FR","@id":"https:\/\/secure.gravatar.com\/avatar\/9c6a53b19e0a3431aa80de0895b9729fe665cd7e7d6cc94fc11abb152f4237d7?s=96&d=mm&r=g","url":"https:\/\/secure.gravatar.com\/avatar\/9c6a53b19e0a3431aa80de0895b9729fe665cd7e7d6cc94fc11abb152f4237d7?s=96&d=mm&r=g","contentUrl":"https:\/\/secure.gravatar.com\/avatar\/9c6a53b19e0a3431aa80de0895b9729fe665cd7e7d6cc94fc11abb152f4237d7?s=96&d=mm&r=g","caption":"Sylvie DE LAUZAINGHEIN"},"url":"https:\/\/www.cc3rivieres76.com\/blog\/author\/s76sylvie\/"}]}},"_links":{"self":[{"href":"https:\/\/www.cc3rivieres76.com\/blog\/wp-json\/wp\/v2\/posts\/824","targetHints":{"allow":["GET"]}}],"collection":[{"href":"https:\/\/www.cc3rivieres76.com\/blog\/wp-json\/wp\/v2\/posts"}],"about":[{"href":"https:\/\/www.cc3rivieres76.com\/blog\/wp-json\/wp\/v2\/types\/post"}],"author":[{"embeddable":true,"href":"https:\/\/www.cc3rivieres76.com\/blog\/wp-json\/wp\/v2\/users\/3"}],"replies":[{"embeddable":true,"href":"https:\/\/www.cc3rivieres76.com\/blog\/wp-json\/wp\/v2\/comments?post=824"}],"version-history":[{"count":0,"href":"https:\/\/www.cc3rivieres76.com\/blog\/wp-json\/wp\/v2\/posts\/824\/revisions"}],"wp:featuredmedia":[{"embeddable":true,"href":"https:\/\/www.cc3rivieres76.com\/blog\/wp-json\/wp\/v2\/media\/825"}],"wp:attachment":[{"href":"https:\/\/www.cc3rivieres76.com\/blog\/wp-json\/wp\/v2\/media?parent=824"}],"wp:term":[{"taxonomy":"category","embeddable":true,"href":"https:\/\/www.cc3rivieres76.com\/blog\/wp-json\/wp\/v2\/categories?post=824"},{"taxonomy":"post_tag","embeddable":true,"href":"https:\/\/www.cc3rivieres76.com\/blog\/wp-json\/wp\/v2\/tags?post=824"}],"curies":[{"name":"wp","href":"https:\/\/api.w.org\/{rel}","templated":true}]}}