{"id":830,"date":"2025-08-17T14:20:00","date_gmt":"2025-08-17T12:20:00","guid":{"rendered":"https:\/\/www.site.cdcl.xyz\/2025\/08\/17\/infos-nationales-rentree-litteraire-sorj-chalandon-le-retour-france\/"},"modified":"2025-08-17T14:20:00","modified_gmt":"2025-08-17T12:20:00","slug":"infos-nationales-rentree-litteraire-sorj-chalandon-le-retour-france","status":"publish","type":"post","link":"https:\/\/www.cc3rivieres76.com\/blog\/infos-nationales-rentree-litteraire-sorj-chalandon-le-retour-france\/","title":{"rendered":"Infos nationales: Rentr\u00e9e litt\u00e9raire\u00a0: Sorj Chalandon, le retour #France"},"content":{"rendered":"\n<p>Sur cette publication, un nouvel article qui va grossir notre revue de presse sur \u00ab&nbsp;Actualit\u00e9 fran\u00e7aise&nbsp;\u00bb.<\/p>\n<h2>Ceci a \u00e9t\u00e9 diffus\u00e9 par Le Point \u2013 Toute l&rsquo;info en continu<\/h2>\n<p><u>Signature . <\/u><\/p>\n<p><u>Date et heure de la r\u00e9ception de la d\u00e9p\u00e9che sur notre fil d\u2019info:<\/u><strong><span id=\"date\"><\/span><\/strong><\/p>\n<p><u>Date et heure de publication sur internet:<\/u> <strong><span id=\"datecrea\"><\/span><\/strong><\/p>\n<p><u>Titre exacte donn\u00e9 par le journal \u00e9tait:<\/u> <strong>Rentr\u00e9e litt\u00e9raire&nbsp;: Sorj Chalandon, le retour<\/strong><\/p>\n<p><u>Information et contenu publi\u00e9s :<\/u><\/p>\n<div id=\"contenu\"> <!-- include t_www_2023\/pages\/article\/blocs\/tag_pub.tpl --><br \/><!-- include \/t_www_2023\/pages\/article\/blocs\/tag_pub.tpl --><\/p>\n<p><span class=\"dflt-txt__lettrine\">\u00abE<\/span>nfant battu, lyc\u00e9en abandonn\u00e9, fugueur sans bagage, sans culture, sans trace ni h\u00e9ritage\u2026&nbsp;\u00bb Kells s\u2019est choisi ce pseudonyme en claquant la porte de l\u2019appartement o\u00f9 il vivait avec ses parents \u00e0 Lyon. Un hommage au <em>Livre de Kells<\/em>, manuscrit enlumin\u00e9 au VIII<sup>e<\/sup>&nbsp;si\u00e8cle par un moine irlandais, car ainsi va le jeune homme de 17&nbsp;ans&nbsp;: un peu catholique (il poss\u00e8de aussi un portrait du cur\u00e9 d\u2019Ars, qu\u2019il aimait, enfant, car il accueillait les d\u00e9sh\u00e9rit\u00e9s dans sa paroisse lyonnaise, cent cinquante ans avant sa naissance), un peu anarchiste, chatoyant d\u2019esp\u00e9rances, ignorant tout du monde, bient\u00f4t martyris\u00e9. Son sac sur le dos, il r\u00eave de gagner Ibiza, puis le N\u00e9pal. Nous sommes dans les ann\u00e9es 1970.<\/p>\n<section class=\"mbl txtcenter\">\n<div id=\"art-culture-nlculture\">\n<div id=\"newsletter\" class=\"bloc-1 title-top\">\n<span class=\"h2\">La newsletter culture<\/span><\/p>\n<div class=\"step-1\">\n<p class=\"period\">Tous les mercredis \u00e0 16h<\/p>\n<p>Recevez l\u2019actualit\u00e9 culturelle de la semaine \u00e0 ne pas manquer ainsi que les Enqu\u00eates, d\u00e9cryptages, portraits, tendances\u2026<\/p>\n<\/div>\n<div class=\"step-2\">\n<p>Merci !<br \/>Votre inscription a bien \u00e9t\u00e9 prise en compte avec l\u2019adresse email :<br \/><span class=\"email-sended\"><\/span><\/p>\n<p>Pour d\u00e9couvrir toutes nos autres newsletters, rendez-vous ici : MonCompte<\/p>\n<\/div>\n<p>En vous inscrivant, vous acceptez les conditions g\u00e9n\u00e9rales d\u2019utilisations et notre politique de confidentialit\u00e9.<\/p>\n<\/div>\n<\/div>\n<p>Derri\u00e8re Kells, il y a Sorj Chalandon, qui nous raconte ici ses ann\u00e9es d\u2019errance avant son entr\u00e9e \u00e0 <em>Lib\u00e9ration<\/em>. Le jeune homme gagne Paris, mais il ne pourra pas quitter la capitale&nbsp;: la rue le happe, le blesse, le coule dans le plomb. Impossible de s\u2019envoler quand on est lest\u00e9 de crasse, de fatigue, de peur. Vol\u00e9, agress\u00e9, il n\u2019a pas d\u2019argent, il est sans abri. Adieu les r\u00eaves de d\u00e9rive hippie. Celui qui n\u2019a <em>\u00ab&nbsp;pas connu l\u2019odeur du bonheur&nbsp;\u00bb<\/em> dans un foyer marqu\u00e9 par un&nbsp;p\u00e8re violent (qu\u2019il a racont\u00e9 dans <em>Profession du p\u00e8re<\/em>, en 2015) et une m\u00e8re effac\u00e9e va d\u00e9couvrir <em>\u00ab&nbsp;celle du malheur, de la sueur, du linge mal s\u00e9ch\u00e9, de la peur, de la pisse&nbsp;\u00bb.<\/em><\/p>\n<h2>Humanit\u00e9<\/h2>\n<p>Nous suivons, guid\u00e9s par le style de Chalandon, vif-argent contre la noirceur du monde, tout en images d\u00e9licates et en m\u00e9taphores comme des coups au c\u0153ur, ses p\u00e9r\u00e9grinations aupr\u00e8s de compagnons d\u2019infortune jet\u00e9s du mauvais c\u00f4t\u00e9 de la vie&nbsp;: jeunes en errance, gar\u00e7ons et filles aux noms invent\u00e9s, aux trajectoires meurtries, immigr\u00e9s maltrait\u00e9s, drogu\u00e9s sans horizon.<\/p>\n<section class=\"mbl txtcenter\">\n<p><span class=\"Capsule premium\"><span class=\"Phylactery\">\u00c0 LIRE AUSSI<\/span> <strong class=\"strong\">\u00ab Mathilde m\u2019a dit de continuer&nbsp;\u00bb&nbsp;: le drame derri\u00e8re le nouveau livre de C\u00e9dric Sapin-Defour<\/strong><\/span> Rares sont les textes d\u2019une si grande humanit\u00e9, d\u2019une telle v\u00e9rit\u00e9 sur le sentiment d\u2019abandon et de vuln\u00e9rabilit\u00e9 que l\u2019on peut ressentir quand on est seul sur terre au beau milieu d\u2019une ville. Au mitan du roman, des mains se tendent&nbsp;: ce sont des \u00e9tudiants, membres de la Gauche prol\u00e9tarienne, qui vont ouvrir \u00e0 Kells des perspectives nouvelles. L\u2019\u00e9motion du livre r\u00e9side dans le mouvement de balancier qui s\u2019op\u00e8re dans&nbsp;la vie de Kells, passant d\u2019un extr\u00eame \u00e0 l\u2019autre en cherchant son point d\u2019\u00e9quilibre.<\/p>\n<p><span class=\"Capsule discover-kangourou\"><br \/><span class=\"Phylactery\">\u00c0 D\u00e9couvrir<\/span><br \/><strong class=\"discover-kangourou__line\"><br \/><img decoding=\"async\" class=\"discover-kangourou__img\" src=\"https:\/\/www.site.cdcl.xyz\/wp-content\/uploads\/2024\/10\/Actus-nationales-Presidentielle-americaine-Kamala-Harris-hausse-le-ton-face.svg.svg+xml\"><br \/><strong class=\"discover-kangourou__txt\"><br \/><strong>Le Kangourou du jour<\/strong><\/strong><\/strong><\/span><\/p>\n<p>R\u00e9pondre<\/p>\n<p>Car la lutte arm\u00e9e l\u2019am\u00e8ne, elle aussi, au pied du mur&nbsp;: la tentation de la violence, le franchissement d\u2019autres lignes rouges. R\u00e9cit d\u2019un homme qui se cherche, se perd et se fabrique, dans l\u2019absence d\u2019une m\u00e8re \u00e0 qui il s\u2019adresse parfois dans ces lignes comme on lance une pri\u00e8re au n\u00e9ant (<em>\u00ab&nbsp;Il me faut ma maman dans la nuit&nbsp;\u00bb,<\/em> se souvient Chalandon, pudique et poignant), ce <em>Livre de Kells<\/em> prolonge la plong\u00e9e dans l\u2019intime d\u2019un \u00e9crivain qui sait comme peu d\u2019autres tendre un miroir \u00e0 nos \u00e2mes&nbsp;<\/p>\n<p><strong><em>\u00ab&nbsp;Le Livre de Kells&nbsp;\u00bb<\/em><\/strong>, de Sorj Chalandon (Grasset, 384&nbsp;p., 23&nbsp;\u20ac).<\/p>\n<aside id=\"paywall-1\" class=\"paywall hide-iframe\">\n<div class=\"paywall-content\">\n<p>Toute l\u2019actualit\u00e9 \u00e0 1\u20ac le premier mois<\/p>\n<p>S\u2019abonner<\/p>\n<p><span>ou<\/span><\/p>\n<\/div>\n<\/aside>\n<\/section>\n<\/section>\n<\/div>\n<p> <img decoding=\"async\" src=\"https:\/\/www.cc3rivieres76.com\/blog\/wp-content\/uploads\/2025\/08\/infos-nationales-rentree-litteraire-sorj-chalandon-le-retour-france.jpg\" alt=\"Rentr\u00e9e litt\u00e9raire&nbsp;: Sorj Chalandon, le retour\"><\/p>\n<p>#Rentr\u00e9e #litt\u00e9raire #Sorj #Chalandon #retour<\/p>\n<p>Reprise de l\u2019information dans un style journalistique professionnel descriptif en organisant les id\u00e9es dans un ordre coh\u00e9rent avec titres html <\/p>\n<p>Publications sur le m\u00eame propos:<\/p>\n<p>Anne de France : gouverner au f\u00e9minin \u00e0 la Renaissance.,<a href=\"https:\/\/images.epagine.fr\/760\/9782379332760_1_m.jpg\" target=\"_blank\" rel=\"noopener noreferrer nofollow\">Fiche de l\u2019\u00e9diteur<\/a><span><\/span>.<\/p>\n<p>Mon Combat pour la France.,<a href=\"https:\/\/www.kobo.com\/fr\/fr\/ebook\/mon-combat-pour-la-france\" target=\"_blank\" rel=\"noopener noreferrer nofollow\">Lien sur l\u2019ouvrage<\/a><span><\/span>. Disponible sur internet.<\/p>\n<p>Photographie\/Soci\u00e9t\u00e9s et Organisations\/\u00c9diteurs de livres photographiques\/\u00c9ditions Altus.,<a href=\"https:\/\/fr.wikibooks.org\/wiki\/Photographie\/Soci%C3%A9t%C3%A9s_et_Organisations\/%C3%89diteurs_de_livres_photographiques\/%C3%89ditions_Altus\" target=\"_blank\" rel=\"noopener noreferrer nofollow\">Lien sur la fiche de pr\u00e9sentation de ce livre<\/a><span><\/span>.<\/p>\n<p> Cet article, qui traite du th\u00e8me \u00ab\u00a0Les 3 rivi\u00e8res dans la Somme\u00a0\u00bb, vous est sp\u00e9cialement sugg\u00e9r\u00e9 par cc3rivieres76.com. La chronique est reproduite du mieux possible. Dans le cas o\u00f9 vous souhaitez apporter quelques pr\u00e9cisions concernant le domaine de \u00ab\u00a0Les 3 rivi\u00e8res dans la Somme\u00a0\u00bb vous pouvez solliciter notre r\u00e9daction. La destination de cc3rivieres76.com est de d\u00e9battre de Les 3 rivi\u00e8res dans la Somme dans la transparence en vous apportant la connaissance de tout ce qui est en lien avec ce sujet sur la toile Connectez-vous sur notre site cc3rivieres76.com et nos r\u00e9seaux sociaux dans le but d\u2019\u00eatre inform\u00e9 des futures publications.<\/p>\n","protected":false},"excerpt":{"rendered":"<p>Sur cette publication, un nouvel article qui va grossir notre revue de presse sur \u00ab&nbsp;Actualit\u00e9 fran\u00e7aise&nbsp;\u00bb. Ceci a \u00e9t\u00e9 diffus\u00e9 par Le Point \u2013 Toute l&rsquo;info en continu Signature . Date et heure de la r\u00e9ception de la d\u00e9p\u00e9che sur notre fil d\u2019info: Date et heure de publication sur internet: Titre exacte donn\u00e9 par le &hellip; <\/p>\n<p class=\"link-more\"><a href=\"https:\/\/www.cc3rivieres76.com\/blog\/infos-nationales-rentree-litteraire-sorj-chalandon-le-retour-france\/\" class=\"more-link\">Continuer la lecture <span class=\"screen-reader-text\"> \u00ab\u00a0Infos nationales: Rentr\u00e9e litt\u00e9raire\u00a0: Sorj Chalandon, le retour #France\u00a0\u00bb<\/span><\/a><\/p>\n","protected":false},"author":3,"featured_media":0,"comment_status":"closed","ping_status":"closed","sticky":false,"template":"","format":"standard","meta":{"footnotes":""},"categories":[2],"tags":[],"class_list":["post-830","post","type-post","status-publish","format-standard","hentry","category-les-3-rivieres-dans-la-somme","entry"],"yoast_head":"<!-- This site is optimized with the Yoast SEO plugin v27.5 - https:\/\/yoast.com\/product\/yoast-seo-wordpress\/ -->\n<title>Infos nationales: Rentr\u00e9e litt\u00e9raire\u00a0: Sorj Chalandon, le retour #France - CC3RIVIERES76<\/title>\n<meta name=\"robots\" content=\"index, follow, max-snippet:-1, max-image-preview:large, max-video-preview:-1\" \/>\n<link rel=\"canonical\" href=\"https:\/\/www.cc3rivieres76.com\/blog\/infos-nationales-rentree-litteraire-sorj-chalandon-le-retour-france\/\" \/>\n<meta property=\"og:locale\" content=\"fr_FR\" \/>\n<meta property=\"og:type\" content=\"article\" \/>\n<meta property=\"og:title\" content=\"Infos nationales: Rentr\u00e9e litt\u00e9raire\u00a0: Sorj Chalandon, le retour #France - CC3RIVIERES76\" \/>\n<meta property=\"og:description\" content=\"Sur cette publication, un nouvel article qui va grossir notre revue de presse sur \u00ab&nbsp;Actualit\u00e9 fran\u00e7aise&nbsp;\u00bb. Ceci a \u00e9t\u00e9 diffus\u00e9 par Le Point \u2013 Toute l&rsquo;info en continu Signature . Date et heure de la r\u00e9ception de la d\u00e9p\u00e9che sur notre fil d\u2019info: Date et heure de publication sur internet: Titre exacte donn\u00e9 par le &hellip; Continuer la lecture \u00ab\u00a0Infos nationales: Rentr\u00e9e litt\u00e9raire\u00a0: Sorj Chalandon, le retour #France\u00a0\u00bb\" \/>\n<meta property=\"og:url\" content=\"https:\/\/www.cc3rivieres76.com\/blog\/infos-nationales-rentree-litteraire-sorj-chalandon-le-retour-france\/\" \/>\n<meta property=\"og:site_name\" content=\"CC3RIVIERES76\" \/>\n<meta property=\"article:published_time\" content=\"2025-08-17T12:20:00+00:00\" \/>\n<meta property=\"og:image\" content=\"https:\/\/www.site.cdcl.xyz\/wp-content\/uploads\/2024\/10\/Actus-nationales-Presidentielle-americaine-Kamala-Harris-hausse-le-ton-face.svg.svg+xml\" \/>\n<meta name=\"author\" content=\"Sylvie DE LAUZAINGHEIN\" \/>\n<meta name=\"twitter:card\" content=\"summary_large_image\" \/>\n<meta name=\"twitter:label1\" content=\"\u00c9crit par\" \/>\n\t<meta name=\"twitter:data1\" content=\"Sylvie DE LAUZAINGHEIN\" \/>\n\t<meta name=\"twitter:label2\" content=\"Dur\u00e9e de lecture estim\u00e9e\" \/>\n\t<meta name=\"twitter:data2\" content=\"5 minutes\" \/>\n<script type=\"application\/ld+json\" class=\"yoast-schema-graph\">{\"@context\":\"https:\\\/\\\/schema.org\",\"@graph\":[{\"@type\":\"Article\",\"@id\":\"https:\\\/\\\/www.cc3rivieres76.com\\\/blog\\\/infos-nationales-rentree-litteraire-sorj-chalandon-le-retour-france\\\/#article\",\"isPartOf\":{\"@id\":\"https:\\\/\\\/www.cc3rivieres76.com\\\/blog\\\/infos-nationales-rentree-litteraire-sorj-chalandon-le-retour-france\\\/\"},\"author\":{\"name\":\"Sylvie DE LAUZAINGHEIN\",\"@id\":\"https:\\\/\\\/www.cc3rivieres76.com\\\/blog\\\/#\\\/schema\\\/person\\\/474d457fb7747b5218f39792dfaa5a1c\"},\"headline\":\"Infos nationales: Rentr\u00e9e litt\u00e9raire\u00a0: Sorj Chalandon, le retour #France\",\"datePublished\":\"2025-08-17T12:20:00+00:00\",\"mainEntityOfPage\":{\"@id\":\"https:\\\/\\\/www.cc3rivieres76.com\\\/blog\\\/infos-nationales-rentree-litteraire-sorj-chalandon-le-retour-france\\\/\"},\"wordCount\":956,\"publisher\":{\"@id\":\"https:\\\/\\\/www.cc3rivieres76.com\\\/blog\\\/#organization\"},\"image\":{\"@id\":\"https:\\\/\\\/www.cc3rivieres76.com\\\/blog\\\/infos-nationales-rentree-litteraire-sorj-chalandon-le-retour-france\\\/#primaryimage\"},\"thumbnailUrl\":\"https:\\\/\\\/www.site.cdcl.xyz\\\/wp-content\\\/uploads\\\/2024\\\/10\\\/Actus-nationales-Presidentielle-americaine-Kamala-Harris-hausse-le-ton-face.svg.svg+xml\",\"articleSection\":[\"Les 3 Rivi\u00e8res Dans La Somme:\"],\"inLanguage\":\"fr-FR\"},{\"@type\":\"WebPage\",\"@id\":\"https:\\\/\\\/www.cc3rivieres76.com\\\/blog\\\/infos-nationales-rentree-litteraire-sorj-chalandon-le-retour-france\\\/\",\"url\":\"https:\\\/\\\/www.cc3rivieres76.com\\\/blog\\\/infos-nationales-rentree-litteraire-sorj-chalandon-le-retour-france\\\/\",\"name\":\"Infos nationales: Rentr\u00e9e litt\u00e9raire\u00a0: Sorj Chalandon, le retour #France - CC3RIVIERES76\",\"isPartOf\":{\"@id\":\"https:\\\/\\\/www.cc3rivieres76.com\\\/blog\\\/#website\"},\"primaryImageOfPage\":{\"@id\":\"https:\\\/\\\/www.cc3rivieres76.com\\\/blog\\\/infos-nationales-rentree-litteraire-sorj-chalandon-le-retour-france\\\/#primaryimage\"},\"image\":{\"@id\":\"https:\\\/\\\/www.cc3rivieres76.com\\\/blog\\\/infos-nationales-rentree-litteraire-sorj-chalandon-le-retour-france\\\/#primaryimage\"},\"thumbnailUrl\":\"https:\\\/\\\/www.site.cdcl.xyz\\\/wp-content\\\/uploads\\\/2024\\\/10\\\/Actus-nationales-Presidentielle-americaine-Kamala-Harris-hausse-le-ton-face.svg.svg+xml\",\"datePublished\":\"2025-08-17T12:20:00+00:00\",\"breadcrumb\":{\"@id\":\"https:\\\/\\\/www.cc3rivieres76.com\\\/blog\\\/infos-nationales-rentree-litteraire-sorj-chalandon-le-retour-france\\\/#breadcrumb\"},\"inLanguage\":\"fr-FR\",\"potentialAction\":[{\"@type\":\"ReadAction\",\"target\":[\"https:\\\/\\\/www.cc3rivieres76.com\\\/blog\\\/infos-nationales-rentree-litteraire-sorj-chalandon-le-retour-france\\\/\"]}]},{\"@type\":\"ImageObject\",\"inLanguage\":\"fr-FR\",\"@id\":\"https:\\\/\\\/www.cc3rivieres76.com\\\/blog\\\/infos-nationales-rentree-litteraire-sorj-chalandon-le-retour-france\\\/#primaryimage\",\"url\":\"https:\\\/\\\/www.site.cdcl.xyz\\\/wp-content\\\/uploads\\\/2024\\\/10\\\/Actus-nationales-Presidentielle-americaine-Kamala-Harris-hausse-le-ton-face.svg.svg+xml\",\"contentUrl\":\"https:\\\/\\\/www.site.cdcl.xyz\\\/wp-content\\\/uploads\\\/2024\\\/10\\\/Actus-nationales-Presidentielle-americaine-Kamala-Harris-hausse-le-ton-face.svg.svg+xml\"},{\"@type\":\"BreadcrumbList\",\"@id\":\"https:\\\/\\\/www.cc3rivieres76.com\\\/blog\\\/infos-nationales-rentree-litteraire-sorj-chalandon-le-retour-france\\\/#breadcrumb\",\"itemListElement\":[{\"@type\":\"ListItem\",\"position\":1,\"name\":\"Accueil\",\"item\":\"https:\\\/\\\/www.cc3rivieres76.com\\\/blog\\\/\"},{\"@type\":\"ListItem\",\"position\":2,\"name\":\"Infos nationales: Rentr\u00e9e litt\u00e9raire\u00a0: Sorj Chalandon, le retour #France\"}]},{\"@type\":\"WebSite\",\"@id\":\"https:\\\/\\\/www.cc3rivieres76.com\\\/blog\\\/#website\",\"url\":\"https:\\\/\\\/www.cc3rivieres76.com\\\/blog\\\/\",\"name\":\"CC3RIVIERES76\",\"description\":\"Les 3 rivi\u00e8res dans la Somme.\",\"publisher\":{\"@id\":\"https:\\\/\\\/www.cc3rivieres76.com\\\/blog\\\/#organization\"},\"potentialAction\":[{\"@type\":\"SearchAction\",\"target\":{\"@type\":\"EntryPoint\",\"urlTemplate\":\"https:\\\/\\\/www.cc3rivieres76.com\\\/blog\\\/?s={search_term_string}\"},\"query-input\":{\"@type\":\"PropertyValueSpecification\",\"valueRequired\":true,\"valueName\":\"search_term_string\"}}],\"inLanguage\":\"fr-FR\"},{\"@type\":\"Organization\",\"@id\":\"https:\\\/\\\/www.cc3rivieres76.com\\\/blog\\\/#organization\",\"name\":\"cc3rivieres76\",\"url\":\"https:\\\/\\\/www.cc3rivieres76.com\\\/blog\\\/\",\"logo\":{\"@type\":\"ImageObject\",\"inLanguage\":\"fr-FR\",\"@id\":\"https:\\\/\\\/www.cc3rivieres76.com\\\/blog\\\/#\\\/schema\\\/logo\\\/image\\\/\",\"url\":\"https:\\\/\\\/www.cc3rivieres76.com\\\/blog\\\/wp-content\\\/uploads\\\/2023\\\/06\\\/logo-2.png\",\"contentUrl\":\"https:\\\/\\\/www.cc3rivieres76.com\\\/blog\\\/wp-content\\\/uploads\\\/2023\\\/06\\\/logo-2.png\",\"width\":390,\"height\":388,\"caption\":\"cc3rivieres76\"},\"image\":{\"@id\":\"https:\\\/\\\/www.cc3rivieres76.com\\\/blog\\\/#\\\/schema\\\/logo\\\/image\\\/\"}},{\"@type\":\"Person\",\"@id\":\"https:\\\/\\\/www.cc3rivieres76.com\\\/blog\\\/#\\\/schema\\\/person\\\/474d457fb7747b5218f39792dfaa5a1c\",\"name\":\"Sylvie DE LAUZAINGHEIN\",\"image\":{\"@type\":\"ImageObject\",\"inLanguage\":\"fr-FR\",\"@id\":\"https:\\\/\\\/secure.gravatar.com\\\/avatar\\\/9c6a53b19e0a3431aa80de0895b9729fe665cd7e7d6cc94fc11abb152f4237d7?s=96&d=mm&r=g\",\"url\":\"https:\\\/\\\/secure.gravatar.com\\\/avatar\\\/9c6a53b19e0a3431aa80de0895b9729fe665cd7e7d6cc94fc11abb152f4237d7?s=96&d=mm&r=g\",\"contentUrl\":\"https:\\\/\\\/secure.gravatar.com\\\/avatar\\\/9c6a53b19e0a3431aa80de0895b9729fe665cd7e7d6cc94fc11abb152f4237d7?s=96&d=mm&r=g\",\"caption\":\"Sylvie DE LAUZAINGHEIN\"},\"url\":\"https:\\\/\\\/www.cc3rivieres76.com\\\/blog\\\/author\\\/s76sylvie\\\/\"}]}<\/script>\n<!-- \/ Yoast SEO plugin. -->","yoast_head_json":{"title":"Infos nationales: Rentr\u00e9e litt\u00e9raire\u00a0: Sorj Chalandon, le retour #France - CC3RIVIERES76","robots":{"index":"index","follow":"follow","max-snippet":"max-snippet:-1","max-image-preview":"max-image-preview:large","max-video-preview":"max-video-preview:-1"},"canonical":"https:\/\/www.cc3rivieres76.com\/blog\/infos-nationales-rentree-litteraire-sorj-chalandon-le-retour-france\/","og_locale":"fr_FR","og_type":"article","og_title":"Infos nationales: Rentr\u00e9e litt\u00e9raire\u00a0: Sorj Chalandon, le retour #France - CC3RIVIERES76","og_description":"Sur cette publication, un nouvel article qui va grossir notre revue de presse sur \u00ab&nbsp;Actualit\u00e9 fran\u00e7aise&nbsp;\u00bb. Ceci a \u00e9t\u00e9 diffus\u00e9 par Le Point \u2013 Toute l&rsquo;info en continu Signature . Date et heure de la r\u00e9ception de la d\u00e9p\u00e9che sur notre fil d\u2019info: Date et heure de publication sur internet: Titre exacte donn\u00e9 par le &hellip; Continuer la lecture \u00ab\u00a0Infos nationales: Rentr\u00e9e litt\u00e9raire\u00a0: Sorj Chalandon, le retour #France\u00a0\u00bb","og_url":"https:\/\/www.cc3rivieres76.com\/blog\/infos-nationales-rentree-litteraire-sorj-chalandon-le-retour-france\/","og_site_name":"CC3RIVIERES76","article_published_time":"2025-08-17T12:20:00+00:00","og_image":[{"url":"https:\/\/www.site.cdcl.xyz\/wp-content\/uploads\/2024\/10\/Actus-nationales-Presidentielle-americaine-Kamala-Harris-hausse-le-ton-face.svg.svg+xml","type":"","width":"","height":""}],"author":"Sylvie DE LAUZAINGHEIN","twitter_card":"summary_large_image","twitter_misc":{"\u00c9crit par":"Sylvie DE LAUZAINGHEIN","Dur\u00e9e de lecture estim\u00e9e":"5 minutes"},"schema":{"@context":"https:\/\/schema.org","@graph":[{"@type":"Article","@id":"https:\/\/www.cc3rivieres76.com\/blog\/infos-nationales-rentree-litteraire-sorj-chalandon-le-retour-france\/#article","isPartOf":{"@id":"https:\/\/www.cc3rivieres76.com\/blog\/infos-nationales-rentree-litteraire-sorj-chalandon-le-retour-france\/"},"author":{"name":"Sylvie DE LAUZAINGHEIN","@id":"https:\/\/www.cc3rivieres76.com\/blog\/#\/schema\/person\/474d457fb7747b5218f39792dfaa5a1c"},"headline":"Infos nationales: Rentr\u00e9e litt\u00e9raire\u00a0: Sorj Chalandon, le retour #France","datePublished":"2025-08-17T12:20:00+00:00","mainEntityOfPage":{"@id":"https:\/\/www.cc3rivieres76.com\/blog\/infos-nationales-rentree-litteraire-sorj-chalandon-le-retour-france\/"},"wordCount":956,"publisher":{"@id":"https:\/\/www.cc3rivieres76.com\/blog\/#organization"},"image":{"@id":"https:\/\/www.cc3rivieres76.com\/blog\/infos-nationales-rentree-litteraire-sorj-chalandon-le-retour-france\/#primaryimage"},"thumbnailUrl":"https:\/\/www.site.cdcl.xyz\/wp-content\/uploads\/2024\/10\/Actus-nationales-Presidentielle-americaine-Kamala-Harris-hausse-le-ton-face.svg.svg+xml","articleSection":["Les 3 Rivi\u00e8res Dans La Somme:"],"inLanguage":"fr-FR"},{"@type":"WebPage","@id":"https:\/\/www.cc3rivieres76.com\/blog\/infos-nationales-rentree-litteraire-sorj-chalandon-le-retour-france\/","url":"https:\/\/www.cc3rivieres76.com\/blog\/infos-nationales-rentree-litteraire-sorj-chalandon-le-retour-france\/","name":"Infos nationales: Rentr\u00e9e litt\u00e9raire\u00a0: Sorj Chalandon, le retour #France - CC3RIVIERES76","isPartOf":{"@id":"https:\/\/www.cc3rivieres76.com\/blog\/#website"},"primaryImageOfPage":{"@id":"https:\/\/www.cc3rivieres76.com\/blog\/infos-nationales-rentree-litteraire-sorj-chalandon-le-retour-france\/#primaryimage"},"image":{"@id":"https:\/\/www.cc3rivieres76.com\/blog\/infos-nationales-rentree-litteraire-sorj-chalandon-le-retour-france\/#primaryimage"},"thumbnailUrl":"https:\/\/www.site.cdcl.xyz\/wp-content\/uploads\/2024\/10\/Actus-nationales-Presidentielle-americaine-Kamala-Harris-hausse-le-ton-face.svg.svg+xml","datePublished":"2025-08-17T12:20:00+00:00","breadcrumb":{"@id":"https:\/\/www.cc3rivieres76.com\/blog\/infos-nationales-rentree-litteraire-sorj-chalandon-le-retour-france\/#breadcrumb"},"inLanguage":"fr-FR","potentialAction":[{"@type":"ReadAction","target":["https:\/\/www.cc3rivieres76.com\/blog\/infos-nationales-rentree-litteraire-sorj-chalandon-le-retour-france\/"]}]},{"@type":"ImageObject","inLanguage":"fr-FR","@id":"https:\/\/www.cc3rivieres76.com\/blog\/infos-nationales-rentree-litteraire-sorj-chalandon-le-retour-france\/#primaryimage","url":"https:\/\/www.site.cdcl.xyz\/wp-content\/uploads\/2024\/10\/Actus-nationales-Presidentielle-americaine-Kamala-Harris-hausse-le-ton-face.svg.svg+xml","contentUrl":"https:\/\/www.site.cdcl.xyz\/wp-content\/uploads\/2024\/10\/Actus-nationales-Presidentielle-americaine-Kamala-Harris-hausse-le-ton-face.svg.svg+xml"},{"@type":"BreadcrumbList","@id":"https:\/\/www.cc3rivieres76.com\/blog\/infos-nationales-rentree-litteraire-sorj-chalandon-le-retour-france\/#breadcrumb","itemListElement":[{"@type":"ListItem","position":1,"name":"Accueil","item":"https:\/\/www.cc3rivieres76.com\/blog\/"},{"@type":"ListItem","position":2,"name":"Infos nationales: Rentr\u00e9e litt\u00e9raire\u00a0: Sorj Chalandon, le retour #France"}]},{"@type":"WebSite","@id":"https:\/\/www.cc3rivieres76.com\/blog\/#website","url":"https:\/\/www.cc3rivieres76.com\/blog\/","name":"CC3RIVIERES76","description":"Les 3 rivi\u00e8res dans la Somme.","publisher":{"@id":"https:\/\/www.cc3rivieres76.com\/blog\/#organization"},"potentialAction":[{"@type":"SearchAction","target":{"@type":"EntryPoint","urlTemplate":"https:\/\/www.cc3rivieres76.com\/blog\/?s={search_term_string}"},"query-input":{"@type":"PropertyValueSpecification","valueRequired":true,"valueName":"search_term_string"}}],"inLanguage":"fr-FR"},{"@type":"Organization","@id":"https:\/\/www.cc3rivieres76.com\/blog\/#organization","name":"cc3rivieres76","url":"https:\/\/www.cc3rivieres76.com\/blog\/","logo":{"@type":"ImageObject","inLanguage":"fr-FR","@id":"https:\/\/www.cc3rivieres76.com\/blog\/#\/schema\/logo\/image\/","url":"https:\/\/www.cc3rivieres76.com\/blog\/wp-content\/uploads\/2023\/06\/logo-2.png","contentUrl":"https:\/\/www.cc3rivieres76.com\/blog\/wp-content\/uploads\/2023\/06\/logo-2.png","width":390,"height":388,"caption":"cc3rivieres76"},"image":{"@id":"https:\/\/www.cc3rivieres76.com\/blog\/#\/schema\/logo\/image\/"}},{"@type":"Person","@id":"https:\/\/www.cc3rivieres76.com\/blog\/#\/schema\/person\/474d457fb7747b5218f39792dfaa5a1c","name":"Sylvie DE LAUZAINGHEIN","image":{"@type":"ImageObject","inLanguage":"fr-FR","@id":"https:\/\/secure.gravatar.com\/avatar\/9c6a53b19e0a3431aa80de0895b9729fe665cd7e7d6cc94fc11abb152f4237d7?s=96&d=mm&r=g","url":"https:\/\/secure.gravatar.com\/avatar\/9c6a53b19e0a3431aa80de0895b9729fe665cd7e7d6cc94fc11abb152f4237d7?s=96&d=mm&r=g","contentUrl":"https:\/\/secure.gravatar.com\/avatar\/9c6a53b19e0a3431aa80de0895b9729fe665cd7e7d6cc94fc11abb152f4237d7?s=96&d=mm&r=g","caption":"Sylvie DE LAUZAINGHEIN"},"url":"https:\/\/www.cc3rivieres76.com\/blog\/author\/s76sylvie\/"}]}},"_links":{"self":[{"href":"https:\/\/www.cc3rivieres76.com\/blog\/wp-json\/wp\/v2\/posts\/830","targetHints":{"allow":["GET"]}}],"collection":[{"href":"https:\/\/www.cc3rivieres76.com\/blog\/wp-json\/wp\/v2\/posts"}],"about":[{"href":"https:\/\/www.cc3rivieres76.com\/blog\/wp-json\/wp\/v2\/types\/post"}],"author":[{"embeddable":true,"href":"https:\/\/www.cc3rivieres76.com\/blog\/wp-json\/wp\/v2\/users\/3"}],"replies":[{"embeddable":true,"href":"https:\/\/www.cc3rivieres76.com\/blog\/wp-json\/wp\/v2\/comments?post=830"}],"version-history":[{"count":0,"href":"https:\/\/www.cc3rivieres76.com\/blog\/wp-json\/wp\/v2\/posts\/830\/revisions"}],"wp:attachment":[{"href":"https:\/\/www.cc3rivieres76.com\/blog\/wp-json\/wp\/v2\/media?parent=830"}],"wp:term":[{"taxonomy":"category","embeddable":true,"href":"https:\/\/www.cc3rivieres76.com\/blog\/wp-json\/wp\/v2\/categories?post=830"},{"taxonomy":"post_tag","embeddable":true,"href":"https:\/\/www.cc3rivieres76.com\/blog\/wp-json\/wp\/v2\/tags?post=830"}],"curies":[{"name":"wp","href":"https:\/\/api.w.org\/{rel}","templated":true}]}}