{"id":835,"date":"2025-08-22T16:31:00","date_gmt":"2025-08-22T14:31:00","guid":{"rendered":"https:\/\/www.site.cdcl.xyz\/2025\/08\/22\/carcassonne-il-se-rebelle-contre-les-policiers-municipaux\/"},"modified":"2025-08-22T16:31:00","modified_gmt":"2025-08-22T14:31:00","slug":"carcassonne-il-se-rebelle-contre-les-policiers-municipaux","status":"publish","type":"post","link":"https:\/\/www.cc3rivieres76.com\/blog\/carcassonne-il-se-rebelle-contre-les-policiers-municipaux\/","title":{"rendered":"Carcassonne. Il se rebelle contre les policiers municipaux"},"content":{"rendered":"<br \/>\n<h2>\nLe titre pr\u00e9sent\u00e9 dans cet article : Carcassonne. Il se rebelle contre les policiers municipaux<br \/>\n<\/h2>\n<p> <span class=\"article-full__chapo-label hide-on-small-only\">l\u2019essentiel<\/span><br \/>Les faits ont lieu dans la soir\u00e9e du mercredi 20 ao\u00fbt sur le secteur du quartier La Conte. Le suspect a \u00e9t\u00e9 laiss\u00e9 libre \u00e0 l\u2019issue de sa garde \u00e0 vue. <\/p>\n<div data-state=\"fixed-height\" data-selection=\"disabled\"> <!-- Pub DFP Position (outstream) --><\/p>\n<p>Mercredi 20 ao\u00fbt vers 22 h 25, alors qu\u2019il patrouillait sur le secteur du quartier La Conte, un \u00e9quipage de la police municipale de Carcassonne a eu l\u2019attention attir\u00e9e par le conducteur d\u2019une voiture, dont il savait qu\u2019il n\u2019avait pas permis de conduire. Intercept\u00e9 dans la rue Pierre de Fermat, l\u2019automobiliste suspect a alors tent\u00e9 de prendre la fuite \u00e0 pied avant d\u2019\u00eatre finalement ceintur\u00e9 par ses poursuivants.<\/p>\n<p>Lors de son interpellation, celui-ci a alors fortement r\u00e9sist\u00e9 \u00e0 son menottage en se d\u00e9battant et en essayant d\u2019ameuter les jeunes du quartier : <span class=\"txt-cit\"><i>\u00ab&nbsp;A l\u2019aide, \u00e0 l\u2019aide !&nbsp;\u00bb<\/i><\/span> Finalement ma\u00eetris\u00e9, l\u2019homme a \u00e9t\u00e9 transport\u00e9 dans les locaux du commissariat o\u00f9 il a \u00e9t\u00e9 plac\u00e9 en garde \u00e0 vue. Une plainte a \u00e9t\u00e9 d\u00e9pos\u00e9e par les policiers municipaux pour les faits de r\u00e9bellion dont ils ont \u00e9t\u00e9 victimes.<\/p>\n<p>Fort heureusement, la sc\u00e8ne en question a \u00e9t\u00e9 film\u00e9e par la cam\u00e9ra pi\u00e9ton d\u2019un des policiers. Entendu sur les faits reproch\u00e9s, le suspect a ensuite \u00e9t\u00e9 laiss\u00e9 libre dans le cadre d\u2019une poursuite d\u2019enqu\u00eate.<\/p>\n<\/div>\n<p>.\n<\/p>\n<h2>D\u00e9fis et perspectives pour les forces municipales<\/h2>\n<h3>Inventions r\u00e9centes pour am\u00e9liorer la s\u00e9curit\u00e9<\/h3>\n<p>Gr\u00e2ce aux innovations technologiques, la police municipale pourrait am\u00e9liorer ses m\u00e9thodes de travail. L\u2019utilisation de nouvelles technologies comme les cam\u00e9ras intelligentes, les drones et les plateformes num\u00e9riques permettrait une gestion plus rapide et plus pr\u00e9cise des situations de s\u00e9curit\u00e9. La police municipale est un pilier de la s\u00e9curit\u00e9 publique, garantissant la s\u00e9r\u00e9nit\u00e9 des citoyens. Son r\u00f4le pr\u00e9ventif et ses interventions rapides participent \u00e0 cr\u00e9er des environnements s\u00e9curis\u00e9s, mais elle doit continuellement \u00e9voluer pour r\u00e9pondre aux d\u00e9fis contemporains. L\u2019avenir de la police municipale laisse entrevoir un large \u00e9ventail d\u2019\u00e9volutions.<\/p>\n<h3>Modifications l\u00e9gislatives et nouvelles r\u00e9gulations<\/h3>\n<p>Les r\u00e9formes l\u00e9gislatives affectant la police municipale sont r\u00e9guli\u00e8res et ont pour objectif d\u2019am\u00e9liorer l\u2019efficacit\u00e9 des services de s\u00e9curit\u00e9 publique.<\/p>\n<h3>L\u2019avenir des services municipaux au sein des collectivit\u00e9s<\/h3>\n<p>\u00c0 l\u2019avenir, il est envisageable que la police municipale soit davantage impliqu\u00e9e dans la protection des citoyens, en particulier lors d\u2019\u00e9v\u00e9nements publics ou de l\u2019instauration de mesures de s\u00e9curit\u00e9 innovantes.<\/p>\n<h2>D\u00e9fis et enjeux actuels<\/h2>\n<h3>Am\u00e9liorer les performances<\/h3>\n<p>Pour faire face \u00e0 ces nouveaux d\u00e9fis, la police municipale doit s\u2019adapter en permanence. Cela passe par une mise \u00e0 jour continue de la formation des agents, l\u2019int\u00e9gration de nouveaux dispositifs de surveillance et la mise en place d\u2019outils num\u00e9riques innovants pour optimiser la gestion des interventions. Pour un signalement rapide, <a href=\"https:\/\/www.applijesignale.fr\/alerter-la-police-municipale\/\" rel=\"noopener noreferrer \" target=\"_blank\">cliquez ici <\/a>et contactez directement la police municipale.<\/p>\n<h3>Perturbations et actes criminels<\/h3>\n<p>En charge de maintenir l\u2019ordre public, les policiers municipaux interviennent r\u00e9guli\u00e8rement face \u00e0 des nuisances comme le bruit ou le mauvais stationnement, et doivent \u00e9galement g\u00e9rer la d\u00e9linquance, bien que moins fr\u00e9quente dans ces quartiers. Face aux d\u00e9fis croissants de la s\u00e9curit\u00e9 publique, la police municipale doit faire preuve d\u2019une grande capacit\u00e9 d\u2019adaptation.<\/p>\n<h3>Les priorit\u00e9s essentielles pour la s\u00e9curit\u00e9 des citoyens<\/h3>\n<p>La police municipale doit constamment revoir ses priorit\u00e9s pour faire face aux transformations de la soci\u00e9t\u00e9. La gestion des espaces publics et la pr\u00e9vention de la d\u00e9linquance restent des piliers essentiels, mais les d\u00e9fis technologiques et la criminalit\u00e9 \u00e9voluent, imposant une vigilance renforc\u00e9e.<\/p>\n<h2>Techniques de pr\u00e9vention et d\u2019intervention rapide<\/h2>\n<p>La police municipale s\u2019efforce de maintenir l\u2019ordre avant m\u00eame qu\u2019un probl\u00e8me n\u2019\u00e9clate, gr\u00e2ce \u00e0 des mesures de pr\u00e9vention efficaces.<\/p>\n<h3>Approches de surveillance et de patrouille s\u00e9curitaire<\/h3>\n<p>Les policiers municipaux utilisent diff\u00e9rentes m\u00e9thodes de surveillance pour garantir une vigilance continue. Cela comprend des patrouilles p\u00e9destres ou en voiture, des rondes r\u00e9guli\u00e8res dans les zones sensibles, ainsi que des dispositifs de vid\u00e9osurveillance. Leur but est de rep\u00e9rer imm\u00e9diatement tout comportement suspect et d\u2019agir rapidement si n\u00e9cessaire.<\/p>\n<h3>Strat\u00e9gies de sensibilisation aux enjeux de s\u00e9curit\u00e9<\/h3>\n<p>La police municipale place la pr\u00e9vention de la d\u00e9linquance parmi ses priorit\u00e9s en mettant en \u0153uvre des actions concr\u00e8tes : campagnes de sensibilisation \u00e0 la s\u00e9curit\u00e9 routi\u00e8re, r\u00e9unions de quartier pour aborder les probl\u00e8mes de s\u00e9curit\u00e9 et initiatives \u00e9ducatives pour pr\u00e9venir les nuisances. L\u2019engagement des habitants est un facteur cl\u00e9 de cette pr\u00e9vention.<\/p>\n<h3>Collaboration interservices pour la s\u00e9curit\u00e9 du quartier<\/h3>\n<p>La collaboration entre la police municipale, la police nationale et les services de secours permet de garantir une intervention rapide et coordonn\u00e9e lors des situations d\u2019urgence. Cette coop\u00e9ration optimise l\u2019efficacit\u00e9 des r\u00e9ponses et assure une protection renforc\u00e9e pour tous.<\/p>\n<h2>La police municipale : Un maillon fondamental pour maintenir l\u2019ordre<\/h2>\n<p>La police municipale, sous la direction du maire, est indispensable pour assurer la s\u00e9curit\u00e9 locale. Compos\u00e9e d\u2019agents municipaux, elle a pour mission de maintenir l\u2019ordre public, de prot\u00e9ger les habitants et de pr\u00e9server la tranquillit\u00e9 publique. Elle travaille avec la police nationale, surveille les lieux publics, intervient lors de nuisances et fait respecter les arr\u00eat\u00e9s municipaux.<\/p>\n<h3>La relation de proximit\u00e9 avec les habitants<\/h3>\n<p>La proximit\u00e9 de la police municipale avec les citoyens est un atout pour la gestion des d\u00e9marches administratives dans le cadre du droit judiciaire. Pr\u00e9sente dans les quartiers, elle peut r\u00e9pondre aux pr\u00e9occupations locales et adapter les mesures de s\u00e9curit\u00e9 aux besoins sp\u00e9cifiques de chaque secteur, tout en renfor\u00e7ant l\u2019\u00e9change d\u2019informations pour la pr\u00e9vention des risques.<\/p>\n<h3>L\u2019importance pour la stabilit\u00e9 locale<\/h3>\n<p>La police municipale contribue activement \u00e0 la pr\u00e9servation de la tranquillit\u00e9 publique. Gr\u00e2ce \u00e0 des patrouilles r\u00e9guli\u00e8res, les agents veillent \u00e0 limiter les comportements perturbateurs et \u00e0 pr\u00e9venir la d\u00e9linquance. Leur pr\u00e9sence offre un sentiment de s\u00e9curit\u00e9 aux habitants, assurant ainsi une vie plus paisible au quotidien.<\/p>\n<h3>Les attributions et capacit\u00e9s<\/h3>\n<p>La brigade de police municipale couvre une gamme \u00e9tendue de missions visant \u00e0 pr\u00e9server la s\u00e9curit\u00e9 publique. Elle effectue des patrouilles de surveillance, g\u00e8re le stationnement, contr\u00f4le les animaux errants et lutte contre les nuisances sonores. En cas d\u2019infractions ou de troubles \u00e0 l\u2019ordre public, les policiers municipaux interviennent rapidement.<\/p>\n<h2>La police municipale : Assurer la s\u00e9curit\u00e9 de tous au quotidien<\/h2>\n<p>La police municipale est un acteur fondamental dans la pr\u00e9servation de la tranquillit\u00e9 publique de nos quartiers. Les agents sont constamment mobilis\u00e9s pour assurer la s\u00e9curit\u00e9 des citoyens, en surveillant les lieux publics et en intervenant rapidement en cas d\u2019incident. Dans cet article, nous vous expliquerons les missions de la police municipale, ses strat\u00e9gies de pr\u00e9vention, les d\u00e9fis actuels et son avenir.\n<\/p>\n<p>\n<br \/><a href=\"http:\/\/www.bing.com\/news\/apiclick.aspx?ref=FexRss&amp;aid=&amp;tid=68a8e492c31c4fa1814dea49268b267e&amp;url=https%3A%2F%2Fwww.ladepeche.fr%2F2025%2F08%2F22%2Fil-se-rebelle-contre-les-policiers-municipaux-12889670.php&amp;c=15158766918146204485&amp;mkt=fr-fr\">Source link <\/a><\/p>\n<p>#Carcassonne #rebelle #contre #les #policiers #municipaux<\/p>\n<p> Cet article, qui traite du th\u00e8me \u00ab\u00a0Les 3 rivi\u00e8res dans la Somme\u00a0\u00bb, vous est sp\u00e9cialement sugg\u00e9r\u00e9 par cc3rivieres76.com. La chronique est reproduite du mieux possible. Dans le cas o\u00f9 vous souhaitez apporter quelques pr\u00e9cisions concernant le domaine de \u00ab\u00a0Les 3 rivi\u00e8res dans la Somme\u00a0\u00bb vous pouvez solliciter notre r\u00e9daction. La destination de cc3rivieres76.com est de d\u00e9battre de Les 3 rivi\u00e8res dans la Somme dans la transparence en vous apportant la connaissance de tout ce qui est en lien avec ce sujet sur la toile Connectez-vous sur notre site cc3rivieres76.com et nos r\u00e9seaux sociaux dans le but d\u2019\u00eatre inform\u00e9 des futures publications.<\/p>\n","protected":false},"excerpt":{"rendered":"<p>Le titre pr\u00e9sent\u00e9 dans cet article : Carcassonne. Il se rebelle contre les policiers municipaux l\u2019essentielLes faits ont lieu dans la soir\u00e9e du mercredi 20 ao\u00fbt sur le secteur du quartier La Conte. Le suspect a \u00e9t\u00e9 laiss\u00e9 libre \u00e0 l\u2019issue de sa garde \u00e0 vue. Mercredi 20 ao\u00fbt vers 22 h 25, alors qu\u2019il &hellip; <\/p>\n<p class=\"link-more\"><a href=\"https:\/\/www.cc3rivieres76.com\/blog\/carcassonne-il-se-rebelle-contre-les-policiers-municipaux\/\" class=\"more-link\">Continuer la lecture <span class=\"screen-reader-text\"> \u00ab\u00a0Carcassonne. Il se rebelle contre les policiers municipaux\u00a0\u00bb<\/span><\/a><\/p>\n","protected":false},"author":3,"featured_media":836,"comment_status":"closed","ping_status":"closed","sticky":false,"template":"","format":"standard","meta":{"footnotes":""},"categories":[2],"tags":[],"class_list":["post-835","post","type-post","status-publish","format-standard","has-post-thumbnail","hentry","category-les-3-rivieres-dans-la-somme","entry"],"yoast_head":"<!-- This site is optimized with the Yoast SEO plugin v27.5 - https:\/\/yoast.com\/product\/yoast-seo-wordpress\/ -->\n<title>Carcassonne. Il se rebelle contre les policiers municipaux - CC3RIVIERES76<\/title>\n<meta name=\"robots\" content=\"index, follow, max-snippet:-1, max-image-preview:large, max-video-preview:-1\" \/>\n<link rel=\"canonical\" href=\"https:\/\/www.cc3rivieres76.com\/blog\/carcassonne-il-se-rebelle-contre-les-policiers-municipaux\/\" \/>\n<meta property=\"og:locale\" content=\"fr_FR\" \/>\n<meta property=\"og:type\" content=\"article\" \/>\n<meta property=\"og:title\" content=\"Carcassonne. Il se rebelle contre les policiers municipaux - CC3RIVIERES76\" \/>\n<meta property=\"og:description\" content=\"Le titre pr\u00e9sent\u00e9 dans cet article : Carcassonne. Il se rebelle contre les policiers municipaux l\u2019essentielLes faits ont lieu dans la soir\u00e9e du mercredi 20 ao\u00fbt sur le secteur du quartier La Conte. Le suspect a \u00e9t\u00e9 laiss\u00e9 libre \u00e0 l\u2019issue de sa garde \u00e0 vue. Mercredi 20 ao\u00fbt vers 22 h 25, alors qu\u2019il &hellip; Continuer la lecture \u00ab\u00a0Carcassonne. Il se rebelle contre les policiers municipaux\u00a0\u00bb\" \/>\n<meta property=\"og:url\" content=\"https:\/\/www.cc3rivieres76.com\/blog\/carcassonne-il-se-rebelle-contre-les-policiers-municipaux\/\" \/>\n<meta property=\"og:site_name\" content=\"CC3RIVIERES76\" \/>\n<meta property=\"article:published_time\" content=\"2025-08-22T14:31:00+00:00\" \/>\n<meta name=\"author\" content=\"Sylvie DE LAUZAINGHEIN\" \/>\n<meta name=\"twitter:card\" content=\"summary_large_image\" \/>\n<meta name=\"twitter:label1\" content=\"\u00c9crit par\" \/>\n\t<meta name=\"twitter:data1\" content=\"Sylvie DE LAUZAINGHEIN\" \/>\n\t<meta name=\"twitter:label2\" content=\"Dur\u00e9e de lecture estim\u00e9e\" \/>\n\t<meta name=\"twitter:data2\" content=\"7 minutes\" \/>\n<script type=\"application\/ld+json\" class=\"yoast-schema-graph\">{\"@context\":\"https:\\\/\\\/schema.org\",\"@graph\":[{\"@type\":\"Article\",\"@id\":\"https:\\\/\\\/www.cc3rivieres76.com\\\/blog\\\/carcassonne-il-se-rebelle-contre-les-policiers-municipaux\\\/#article\",\"isPartOf\":{\"@id\":\"https:\\\/\\\/www.cc3rivieres76.com\\\/blog\\\/carcassonne-il-se-rebelle-contre-les-policiers-municipaux\\\/\"},\"author\":{\"name\":\"Sylvie DE LAUZAINGHEIN\",\"@id\":\"https:\\\/\\\/www.cc3rivieres76.com\\\/blog\\\/#\\\/schema\\\/person\\\/474d457fb7747b5218f39792dfaa5a1c\"},\"headline\":\"Carcassonne. Il se rebelle contre les policiers municipaux\",\"datePublished\":\"2025-08-22T14:31:00+00:00\",\"mainEntityOfPage\":{\"@id\":\"https:\\\/\\\/www.cc3rivieres76.com\\\/blog\\\/carcassonne-il-se-rebelle-contre-les-policiers-municipaux\\\/\"},\"wordCount\":1339,\"publisher\":{\"@id\":\"https:\\\/\\\/www.cc3rivieres76.com\\\/blog\\\/#organization\"},\"image\":{\"@id\":\"https:\\\/\\\/www.cc3rivieres76.com\\\/blog\\\/carcassonne-il-se-rebelle-contre-les-policiers-municipaux\\\/#primaryimage\"},\"thumbnailUrl\":\"https:\\\/\\\/www.cc3rivieres76.com\\\/blog\\\/wp-content\\\/uploads\\\/2025\\\/08\\\/carcassonne-il-se-rebelle-contre-les-policiers-municipaux.jpg\",\"articleSection\":[\"Les 3 Rivi\u00e8res Dans La Somme:\"],\"inLanguage\":\"fr-FR\"},{\"@type\":\"WebPage\",\"@id\":\"https:\\\/\\\/www.cc3rivieres76.com\\\/blog\\\/carcassonne-il-se-rebelle-contre-les-policiers-municipaux\\\/\",\"url\":\"https:\\\/\\\/www.cc3rivieres76.com\\\/blog\\\/carcassonne-il-se-rebelle-contre-les-policiers-municipaux\\\/\",\"name\":\"Carcassonne. Il se rebelle contre les policiers municipaux - CC3RIVIERES76\",\"isPartOf\":{\"@id\":\"https:\\\/\\\/www.cc3rivieres76.com\\\/blog\\\/#website\"},\"primaryImageOfPage\":{\"@id\":\"https:\\\/\\\/www.cc3rivieres76.com\\\/blog\\\/carcassonne-il-se-rebelle-contre-les-policiers-municipaux\\\/#primaryimage\"},\"image\":{\"@id\":\"https:\\\/\\\/www.cc3rivieres76.com\\\/blog\\\/carcassonne-il-se-rebelle-contre-les-policiers-municipaux\\\/#primaryimage\"},\"thumbnailUrl\":\"https:\\\/\\\/www.cc3rivieres76.com\\\/blog\\\/wp-content\\\/uploads\\\/2025\\\/08\\\/carcassonne-il-se-rebelle-contre-les-policiers-municipaux.jpg\",\"datePublished\":\"2025-08-22T14:31:00+00:00\",\"breadcrumb\":{\"@id\":\"https:\\\/\\\/www.cc3rivieres76.com\\\/blog\\\/carcassonne-il-se-rebelle-contre-les-policiers-municipaux\\\/#breadcrumb\"},\"inLanguage\":\"fr-FR\",\"potentialAction\":[{\"@type\":\"ReadAction\",\"target\":[\"https:\\\/\\\/www.cc3rivieres76.com\\\/blog\\\/carcassonne-il-se-rebelle-contre-les-policiers-municipaux\\\/\"]}]},{\"@type\":\"ImageObject\",\"inLanguage\":\"fr-FR\",\"@id\":\"https:\\\/\\\/www.cc3rivieres76.com\\\/blog\\\/carcassonne-il-se-rebelle-contre-les-policiers-municipaux\\\/#primaryimage\",\"url\":\"https:\\\/\\\/www.cc3rivieres76.com\\\/blog\\\/wp-content\\\/uploads\\\/2025\\\/08\\\/carcassonne-il-se-rebelle-contre-les-policiers-municipaux.jpg\",\"contentUrl\":\"https:\\\/\\\/www.cc3rivieres76.com\\\/blog\\\/wp-content\\\/uploads\\\/2025\\\/08\\\/carcassonne-il-se-rebelle-contre-les-policiers-municipaux.jpg\",\"width\":885,\"height\":500,\"caption\":\"Carcassonne\"},{\"@type\":\"BreadcrumbList\",\"@id\":\"https:\\\/\\\/www.cc3rivieres76.com\\\/blog\\\/carcassonne-il-se-rebelle-contre-les-policiers-municipaux\\\/#breadcrumb\",\"itemListElement\":[{\"@type\":\"ListItem\",\"position\":1,\"name\":\"Accueil\",\"item\":\"https:\\\/\\\/www.cc3rivieres76.com\\\/blog\\\/\"},{\"@type\":\"ListItem\",\"position\":2,\"name\":\"Carcassonne. Il se rebelle contre les policiers municipaux\"}]},{\"@type\":\"WebSite\",\"@id\":\"https:\\\/\\\/www.cc3rivieres76.com\\\/blog\\\/#website\",\"url\":\"https:\\\/\\\/www.cc3rivieres76.com\\\/blog\\\/\",\"name\":\"CC3RIVIERES76\",\"description\":\"Les 3 rivi\u00e8res dans la Somme.\",\"publisher\":{\"@id\":\"https:\\\/\\\/www.cc3rivieres76.com\\\/blog\\\/#organization\"},\"potentialAction\":[{\"@type\":\"SearchAction\",\"target\":{\"@type\":\"EntryPoint\",\"urlTemplate\":\"https:\\\/\\\/www.cc3rivieres76.com\\\/blog\\\/?s={search_term_string}\"},\"query-input\":{\"@type\":\"PropertyValueSpecification\",\"valueRequired\":true,\"valueName\":\"search_term_string\"}}],\"inLanguage\":\"fr-FR\"},{\"@type\":\"Organization\",\"@id\":\"https:\\\/\\\/www.cc3rivieres76.com\\\/blog\\\/#organization\",\"name\":\"cc3rivieres76\",\"url\":\"https:\\\/\\\/www.cc3rivieres76.com\\\/blog\\\/\",\"logo\":{\"@type\":\"ImageObject\",\"inLanguage\":\"fr-FR\",\"@id\":\"https:\\\/\\\/www.cc3rivieres76.com\\\/blog\\\/#\\\/schema\\\/logo\\\/image\\\/\",\"url\":\"https:\\\/\\\/www.cc3rivieres76.com\\\/blog\\\/wp-content\\\/uploads\\\/2023\\\/06\\\/logo-2.png\",\"contentUrl\":\"https:\\\/\\\/www.cc3rivieres76.com\\\/blog\\\/wp-content\\\/uploads\\\/2023\\\/06\\\/logo-2.png\",\"width\":390,\"height\":388,\"caption\":\"cc3rivieres76\"},\"image\":{\"@id\":\"https:\\\/\\\/www.cc3rivieres76.com\\\/blog\\\/#\\\/schema\\\/logo\\\/image\\\/\"}},{\"@type\":\"Person\",\"@id\":\"https:\\\/\\\/www.cc3rivieres76.com\\\/blog\\\/#\\\/schema\\\/person\\\/474d457fb7747b5218f39792dfaa5a1c\",\"name\":\"Sylvie DE LAUZAINGHEIN\",\"image\":{\"@type\":\"ImageObject\",\"inLanguage\":\"fr-FR\",\"@id\":\"https:\\\/\\\/secure.gravatar.com\\\/avatar\\\/9c6a53b19e0a3431aa80de0895b9729fe665cd7e7d6cc94fc11abb152f4237d7?s=96&d=mm&r=g\",\"url\":\"https:\\\/\\\/secure.gravatar.com\\\/avatar\\\/9c6a53b19e0a3431aa80de0895b9729fe665cd7e7d6cc94fc11abb152f4237d7?s=96&d=mm&r=g\",\"contentUrl\":\"https:\\\/\\\/secure.gravatar.com\\\/avatar\\\/9c6a53b19e0a3431aa80de0895b9729fe665cd7e7d6cc94fc11abb152f4237d7?s=96&d=mm&r=g\",\"caption\":\"Sylvie DE LAUZAINGHEIN\"},\"url\":\"https:\\\/\\\/www.cc3rivieres76.com\\\/blog\\\/author\\\/s76sylvie\\\/\"}]}<\/script>\n<!-- \/ Yoast SEO plugin. -->","yoast_head_json":{"title":"Carcassonne. Il se rebelle contre les policiers municipaux - CC3RIVIERES76","robots":{"index":"index","follow":"follow","max-snippet":"max-snippet:-1","max-image-preview":"max-image-preview:large","max-video-preview":"max-video-preview:-1"},"canonical":"https:\/\/www.cc3rivieres76.com\/blog\/carcassonne-il-se-rebelle-contre-les-policiers-municipaux\/","og_locale":"fr_FR","og_type":"article","og_title":"Carcassonne. Il se rebelle contre les policiers municipaux - CC3RIVIERES76","og_description":"Le titre pr\u00e9sent\u00e9 dans cet article : Carcassonne. Il se rebelle contre les policiers municipaux l\u2019essentielLes faits ont lieu dans la soir\u00e9e du mercredi 20 ao\u00fbt sur le secteur du quartier La Conte. Le suspect a \u00e9t\u00e9 laiss\u00e9 libre \u00e0 l\u2019issue de sa garde \u00e0 vue. Mercredi 20 ao\u00fbt vers 22 h 25, alors qu\u2019il &hellip; Continuer la lecture \u00ab\u00a0Carcassonne. Il se rebelle contre les policiers municipaux\u00a0\u00bb","og_url":"https:\/\/www.cc3rivieres76.com\/blog\/carcassonne-il-se-rebelle-contre-les-policiers-municipaux\/","og_site_name":"CC3RIVIERES76","article_published_time":"2025-08-22T14:31:00+00:00","author":"Sylvie DE LAUZAINGHEIN","twitter_card":"summary_large_image","twitter_misc":{"\u00c9crit par":"Sylvie DE LAUZAINGHEIN","Dur\u00e9e de lecture estim\u00e9e":"7 minutes"},"schema":{"@context":"https:\/\/schema.org","@graph":[{"@type":"Article","@id":"https:\/\/www.cc3rivieres76.com\/blog\/carcassonne-il-se-rebelle-contre-les-policiers-municipaux\/#article","isPartOf":{"@id":"https:\/\/www.cc3rivieres76.com\/blog\/carcassonne-il-se-rebelle-contre-les-policiers-municipaux\/"},"author":{"name":"Sylvie DE LAUZAINGHEIN","@id":"https:\/\/www.cc3rivieres76.com\/blog\/#\/schema\/person\/474d457fb7747b5218f39792dfaa5a1c"},"headline":"Carcassonne. Il se rebelle contre les policiers municipaux","datePublished":"2025-08-22T14:31:00+00:00","mainEntityOfPage":{"@id":"https:\/\/www.cc3rivieres76.com\/blog\/carcassonne-il-se-rebelle-contre-les-policiers-municipaux\/"},"wordCount":1339,"publisher":{"@id":"https:\/\/www.cc3rivieres76.com\/blog\/#organization"},"image":{"@id":"https:\/\/www.cc3rivieres76.com\/blog\/carcassonne-il-se-rebelle-contre-les-policiers-municipaux\/#primaryimage"},"thumbnailUrl":"https:\/\/www.cc3rivieres76.com\/blog\/wp-content\/uploads\/2025\/08\/carcassonne-il-se-rebelle-contre-les-policiers-municipaux.jpg","articleSection":["Les 3 Rivi\u00e8res Dans La Somme:"],"inLanguage":"fr-FR"},{"@type":"WebPage","@id":"https:\/\/www.cc3rivieres76.com\/blog\/carcassonne-il-se-rebelle-contre-les-policiers-municipaux\/","url":"https:\/\/www.cc3rivieres76.com\/blog\/carcassonne-il-se-rebelle-contre-les-policiers-municipaux\/","name":"Carcassonne. Il se rebelle contre les policiers municipaux - CC3RIVIERES76","isPartOf":{"@id":"https:\/\/www.cc3rivieres76.com\/blog\/#website"},"primaryImageOfPage":{"@id":"https:\/\/www.cc3rivieres76.com\/blog\/carcassonne-il-se-rebelle-contre-les-policiers-municipaux\/#primaryimage"},"image":{"@id":"https:\/\/www.cc3rivieres76.com\/blog\/carcassonne-il-se-rebelle-contre-les-policiers-municipaux\/#primaryimage"},"thumbnailUrl":"https:\/\/www.cc3rivieres76.com\/blog\/wp-content\/uploads\/2025\/08\/carcassonne-il-se-rebelle-contre-les-policiers-municipaux.jpg","datePublished":"2025-08-22T14:31:00+00:00","breadcrumb":{"@id":"https:\/\/www.cc3rivieres76.com\/blog\/carcassonne-il-se-rebelle-contre-les-policiers-municipaux\/#breadcrumb"},"inLanguage":"fr-FR","potentialAction":[{"@type":"ReadAction","target":["https:\/\/www.cc3rivieres76.com\/blog\/carcassonne-il-se-rebelle-contre-les-policiers-municipaux\/"]}]},{"@type":"ImageObject","inLanguage":"fr-FR","@id":"https:\/\/www.cc3rivieres76.com\/blog\/carcassonne-il-se-rebelle-contre-les-policiers-municipaux\/#primaryimage","url":"https:\/\/www.cc3rivieres76.com\/blog\/wp-content\/uploads\/2025\/08\/carcassonne-il-se-rebelle-contre-les-policiers-municipaux.jpg","contentUrl":"https:\/\/www.cc3rivieres76.com\/blog\/wp-content\/uploads\/2025\/08\/carcassonne-il-se-rebelle-contre-les-policiers-municipaux.jpg","width":885,"height":500,"caption":"Carcassonne"},{"@type":"BreadcrumbList","@id":"https:\/\/www.cc3rivieres76.com\/blog\/carcassonne-il-se-rebelle-contre-les-policiers-municipaux\/#breadcrumb","itemListElement":[{"@type":"ListItem","position":1,"name":"Accueil","item":"https:\/\/www.cc3rivieres76.com\/blog\/"},{"@type":"ListItem","position":2,"name":"Carcassonne. Il se rebelle contre les policiers municipaux"}]},{"@type":"WebSite","@id":"https:\/\/www.cc3rivieres76.com\/blog\/#website","url":"https:\/\/www.cc3rivieres76.com\/blog\/","name":"CC3RIVIERES76","description":"Les 3 rivi\u00e8res dans la Somme.","publisher":{"@id":"https:\/\/www.cc3rivieres76.com\/blog\/#organization"},"potentialAction":[{"@type":"SearchAction","target":{"@type":"EntryPoint","urlTemplate":"https:\/\/www.cc3rivieres76.com\/blog\/?s={search_term_string}"},"query-input":{"@type":"PropertyValueSpecification","valueRequired":true,"valueName":"search_term_string"}}],"inLanguage":"fr-FR"},{"@type":"Organization","@id":"https:\/\/www.cc3rivieres76.com\/blog\/#organization","name":"cc3rivieres76","url":"https:\/\/www.cc3rivieres76.com\/blog\/","logo":{"@type":"ImageObject","inLanguage":"fr-FR","@id":"https:\/\/www.cc3rivieres76.com\/blog\/#\/schema\/logo\/image\/","url":"https:\/\/www.cc3rivieres76.com\/blog\/wp-content\/uploads\/2023\/06\/logo-2.png","contentUrl":"https:\/\/www.cc3rivieres76.com\/blog\/wp-content\/uploads\/2023\/06\/logo-2.png","width":390,"height":388,"caption":"cc3rivieres76"},"image":{"@id":"https:\/\/www.cc3rivieres76.com\/blog\/#\/schema\/logo\/image\/"}},{"@type":"Person","@id":"https:\/\/www.cc3rivieres76.com\/blog\/#\/schema\/person\/474d457fb7747b5218f39792dfaa5a1c","name":"Sylvie DE LAUZAINGHEIN","image":{"@type":"ImageObject","inLanguage":"fr-FR","@id":"https:\/\/secure.gravatar.com\/avatar\/9c6a53b19e0a3431aa80de0895b9729fe665cd7e7d6cc94fc11abb152f4237d7?s=96&d=mm&r=g","url":"https:\/\/secure.gravatar.com\/avatar\/9c6a53b19e0a3431aa80de0895b9729fe665cd7e7d6cc94fc11abb152f4237d7?s=96&d=mm&r=g","contentUrl":"https:\/\/secure.gravatar.com\/avatar\/9c6a53b19e0a3431aa80de0895b9729fe665cd7e7d6cc94fc11abb152f4237d7?s=96&d=mm&r=g","caption":"Sylvie DE LAUZAINGHEIN"},"url":"https:\/\/www.cc3rivieres76.com\/blog\/author\/s76sylvie\/"}]}},"_links":{"self":[{"href":"https:\/\/www.cc3rivieres76.com\/blog\/wp-json\/wp\/v2\/posts\/835","targetHints":{"allow":["GET"]}}],"collection":[{"href":"https:\/\/www.cc3rivieres76.com\/blog\/wp-json\/wp\/v2\/posts"}],"about":[{"href":"https:\/\/www.cc3rivieres76.com\/blog\/wp-json\/wp\/v2\/types\/post"}],"author":[{"embeddable":true,"href":"https:\/\/www.cc3rivieres76.com\/blog\/wp-json\/wp\/v2\/users\/3"}],"replies":[{"embeddable":true,"href":"https:\/\/www.cc3rivieres76.com\/blog\/wp-json\/wp\/v2\/comments?post=835"}],"version-history":[{"count":0,"href":"https:\/\/www.cc3rivieres76.com\/blog\/wp-json\/wp\/v2\/posts\/835\/revisions"}],"wp:featuredmedia":[{"embeddable":true,"href":"https:\/\/www.cc3rivieres76.com\/blog\/wp-json\/wp\/v2\/media\/836"}],"wp:attachment":[{"href":"https:\/\/www.cc3rivieres76.com\/blog\/wp-json\/wp\/v2\/media?parent=835"}],"wp:term":[{"taxonomy":"category","embeddable":true,"href":"https:\/\/www.cc3rivieres76.com\/blog\/wp-json\/wp\/v2\/categories?post=835"},{"taxonomy":"post_tag","embeddable":true,"href":"https:\/\/www.cc3rivieres76.com\/blog\/wp-json\/wp\/v2\/tags?post=835"}],"curies":[{"name":"wp","href":"https:\/\/api.w.org\/{rel}","templated":true}]}}