{"id":847,"date":"2025-09-04T07:44:08","date_gmt":"2025-09-04T05:44:08","guid":{"rendered":"https:\/\/www.site.cdcl.xyz\/?p=976976"},"modified":"2025-09-04T07:44:08","modified_gmt":"2025-09-04T05:44:08","slug":"tiktok-schlagloch-attention-nid-de-poule-a-partir-du-1er-septembre-il-est-dit-les-velos-de-la-ville-dans-le-district-daltenkir","status":"publish","type":"post","link":"https:\/\/www.cc3rivieres76.com\/blog\/tiktok-schlagloch-attention-nid-de-poule-a-partir-du-1er-septembre-il-est-dit-les-velos-de-la-ville-dans-le-district-daltenkir\/","title":{"rendered":"Tiktok (schlagloch): Attention, nid-de-poule ?! \u00c0 partir du 1er septembre, il est dit: les v\u00e9los de la ville dans le district d\u2019Altenkir"},"content":{"rendered":"<br \/>\n<h2>\nUne approche unique de (schlagloch) sign\u00e9e AfD Fraktion VG Altenkirchen.<br \/><\/h2>\n<p>\nL\u2019un des sujets en vogue sur TikTok en ce moment : <strong>\u00ab&nbsp;schlagloch&nbsp;\u00bb<\/strong>. La richesse des contenus sur TikTok offre aux cr\u00e9ateurs une opportunit\u00e9 unique de faire d\u00e9couvrir des sujets vari\u00e9s au plus grand nombre.\n<\/p>\n<p>\nLa vid\u00e9o publi\u00e9e par <strong>AfD Fraktion VG Altenkirchen<\/strong> porte le titre suivant : \u00ab <strong>Attention, nid-de-poule ?! \u00c0 partir du 1er septembre, il est dit: les v\u00e9los de la ville dans le district d\u2019Altenkir<br \/><\/strong> \u00bb. La description de ce contenu est : <i> \u00ab <a rel=\"nofollow\" target=\"_blank\" title=\"@afd.fraktion.vg.ak\" href=\"https:\/\/www.tiktok.com\/@afd.fraktion.vg.ak?refer=embed\">@ afd.fraktion.vg.ak<\/a> <\/i><\/p>\n<p>Attention, nid-de-poule ?! \ud83d\udeb4\ud83d\udd73\ufe0f \u00c0 partir du 1er septembre, il est dit: Ville des v\u00e9los dans le district d\u2019Altenkirchen! Mais \u00e0 quoi pouvez-vous vous attendre? Rues cass\u00e9es et nids de poule ?! Cela ne devrait pas l\u2019\u00eatre! Notre chef de groupe Stephanie B\u00e4rhausen parle de texte brut dans la nouvelle vid\u00e9o. Comment sont vos exp\u00e9riences? O\u00f9 sont les pires nids de poule? Contactez-nous lorsque vous voyez des griefs similaires dans votre communaut\u00e9! https:\/\/afd-fractions-ak.de\/kontakt\/ <\/p>\n<p> <a rel=\"nofollow\" target=\"_blank\" title=\"\u266c Originalton - AfD Fraktion VG Altenkirchen\" href=\"https:\/\/www.tiktok.com\/music\/Originalton-7543253925286185750?refer=embed\">\u266c Sound original \u2013 groupe parlementaire AFD VG Altenkirchen<\/a>\u00bb.\n<\/p>\n<blockquote class=\"tiktok-embed\" cite=\"https:\/\/www.tiktok.com\/@afd.fraktion.vg.ak\/video\/7543253858483440918\" data-video-id=\"7543253858483440918\">\n<section> <\/section>\n<\/blockquote>\n<h2>Strat\u00e9gies pour pr\u00e9venir et restaurer les chauss\u00e9es endommag\u00e9es<\/h2>\n<h3>L\u2019influence d\u2019une signalisation bien pens\u00e9e<\/h3>\n<p>Alerter sur la pr\u00e9sence d\u2019un nid-de-poule peut sauver des vies. Gr\u00e2ce \u00e0 \u00ab&nbsp;Je Signale&nbsp;\u00bb, les utilisateurs peuvent transmettre rapidement les informations aux administrations, acc\u00e9l\u00e9rant ainsi les r\u00e9parations n\u00e9cessaires.<\/p>\n<h3>Techniques pour contr\u00f4ler l\u2019infiltration d\u2019eau<\/h3>\n<p>La cl\u00e9 pour \u00e9viter les failles qui provoquent des nids-de-poule est de contr\u00f4ler les infiltrations d\u2019eau. Un entretien r\u00e9gulier et des traitements de surface permettant de sceller les routes sont n\u00e9cessaires pour prot\u00e9ger les voies.<\/p>\n<h3>Approches pour d\u00e9velopper un enrob\u00e9 solide et r\u00e9sistant<\/h3>\n<p>Les autorit\u00e9s locales peuvent se tourner vers des mat\u00e9riaux performants, comme les enrob\u00e9s r\u00e9sistants aux intemp\u00e9ries, pour traiter efficacement les nids-de-poule. L\u2019enrob\u00e9 \u00e0 froid se distingue particuli\u00e8rement pour sa rapidit\u00e9 d\u2019application et sa r\u00e9sistance.<\/p>\n<h2>L\u2019impact des nids-de-poule sur le trafic routier<\/h2>\n<h3>Co\u00fbt de la prise en charge des nids-de-poule par les municipalit\u00e9s<\/h3>\n<p>Les collectivit\u00e9s locales sont souvent contraintes de financer les r\u00e9parations des nids-de-poule, ce qui p\u00e8se sur leur budget. En outre, elles peuvent \u00eatre responsables des dommages li\u00e9s \u00e0 des d\u00e9fauts sur la voie, ce qui augmente encore les co\u00fbts de r\u00e9paration.<\/p>\n<h3>Les nids-de-poule : une menace pour les v\u00e9hicules sur la route<\/h3>\n<p>Les nids-de-poule affectent gravement les v\u00e9hicules en endommageant les pneus, les suspensions et les jantes. Cela peut engendrer des co\u00fbts de r\u00e9paration importants pour les conducteurs.<\/p>\n<h3>Comment les nids-de-poule compromettent la s\u00e9curit\u00e9 sur la route<\/h3>\n<p>Les nids-de-poule repr\u00e9sentent un risque majeur pour la s\u00e9curit\u00e9 routi\u00e8re, particuli\u00e8rement lorsqu\u2019ils sont rencontr\u00e9s \u00e0 grande vitesse. Par temps de pluie, ce danger devient encore plus \u00e9lev\u00e9, car la route est plus glissante.<\/p>\n<h2>Signaler un nid-de-poule facilement avec l\u2019application \u00ab&nbsp;Je Signale&nbsp;\u00bb<\/h2>\n<p>Avec \u00ab&nbsp;Je Signale&nbsp;\u00bb, chaque automobiliste peut facilement signaler un nid-de-poule ou une d\u00e9gradation de la route. L\u2019IA int\u00e9gr\u00e9e permet une gestion efficace des alertes, qui sont transmises aux services des mairies pour r\u00e9paration. Ce syst\u00e8me simplifi\u00e9 permet aux citoyens de participer activement \u00e0 la gestion des risques routiers, r\u00e9duisant ainsi les accidents et pr\u00e9servant l\u2019int\u00e9grit\u00e9 des v\u00e9hicules. Ne prenez pas les nids de poule \u00e0 la l\u00e9g\u00e8re, et avec \u00ab&nbsp;Je Signale&nbsp;\u00bb, vous jouez un r\u00f4le important dans la s\u00e9curit\u00e9 de la route et l\u2019entretien de la route. Pour signaler un probl\u00e8me sur la route, <a href=\"https:\/\/www.applijesignale.fr\" rel=\"noopener noreferrer nofollow\" target=\"_blank\">cliquez ici <\/a>et faites la diff\u00e9rence dans votre quartier. En mieux apprenant les causes des nids de poule, leurs risques et les d\u00e9marches \u00e0 suivre pour les signaler, chacun de nous peut aider \u00e0 pr\u00e9server la s\u00e9curit\u00e9 routi\u00e8re tout en limitant les co\u00fbts d\u2019entretien.<\/p>\n<h2>Pr\u00e9parer les voies de demain face aux nids-de-poule<\/h2>\n<h3>Les projets pour am\u00e9liorer la circulation routi\u00e8re<\/h3>\n<p>Pour garantir la s\u00e9curit\u00e9 des chauss\u00e9es \u00e0 l\u2019avenir, il est crucial de mieux g\u00e9rer et entretenir les infrastructures. Les applications mobiles jouent un r\u00f4le cl\u00e9 en permettant aux autorit\u00e9s locales de recevoir des alertes instantan\u00e9es et d\u2019agir efficacement.<\/p>\n<h3>Les responsabilit\u00e9s des collectivit\u00e9s dans la pr\u00e9servation des voies<\/h3>\n<p>Les mairies sont responsables de l\u2019entretien des routes. Avec des outils comme \u00ab&nbsp;Je Signale&nbsp;\u00bb, elles re\u00e7oivent des notifications instantan\u00e9es et peuvent r\u00e9agir rapidement pour \u00e9viter les dangers li\u00e9s aux nids de poule.<\/p>\n<h3>Les technologies qui r\u00e9volutionnent la construction des infrastructures routi\u00e8res<\/h3>\n<p>L\u2019innovation dans la cr\u00e9ation de mat\u00e9riaux de route est un atout majeur dans la pr\u00e9vention des nids de poule. Gr\u00e2ce \u00e0 des solutions plus r\u00e9sistantes, les routes futures seront moins sujettes \u00e0 l\u2019usure.<\/p>\n<h2>l\u2019impact des nids-de-poule sur la conduite et comment les signaler efficacement aux services comp\u00e9tents<\/h2>\n<p>Ces trous dans la voie, appel\u00e9s nids-de-poule, peuvent s\u00e9rieusement endommager les v\u00e9hicules et mettre en danger la s\u00e9curit\u00e9 des usagers de la route. Ces imperfections sont souvent caus\u00e9es par des intemp\u00e9ries ou l\u2019usure. Avec l\u2019application \u00ab&nbsp;Je Signale&nbsp;\u00bb, il est plus simple que jamais d\u2019informer les autorit\u00e9s locales pour qu\u2019elles interviennent promptement.<\/p>\n<h2>Le ph\u00e9nom\u00e8ne des nids-de-poule : explications et causes<\/h2>\n<h3>Cons\u00e9quences de l\u2019usure sur les routes urbaines<\/h3>\n<p>Avec le passage constant de v\u00e9hicules, des poids lourds aux voitures l\u00e9g\u00e8res, la chauss\u00e9e se d\u00e9grade avec le temps. Les mat\u00e9riaux de rev\u00eatement se fissurent et, associ\u00e9es aux conditions climatiques, elles finissent par c\u00e9der. Ces fissures se transforment alors en nids-de-poule, qui deviennent un r\u00e9el danger pour la s\u00e9curit\u00e9 des conducteurs, en particulier pour les motards.<\/p>\n<h3>Les conditions m\u00e9t\u00e9orologiques qui provoquent les nids-de-poule<\/h3>\n<p>Le gel, suivi du d\u00e9gel, est un des principaux moteurs de la cr\u00e9ation des nids-de-poule. En p\u00e9n\u00e9trant dans les failles du bitume, l\u2019humidit\u00e9 se g\u00e8le, provoquant une expansion qui finit par ab\u00eemer la route. Bien que ce ph\u00e9nom\u00e8ne soit courant dans les r\u00e9gions froides, des routes mal entretenues peuvent \u00e9galement en souffrir, quel que soit le climat.<\/p>\n<h3>D\u00e9finition des nids-de-poule et leurs causes<\/h3>\n<p>Les nids-de-poule sont des trous qui apparaissent dans la route en raison de l\u2019usure et de l\u2019infiltration d\u2019eau dans les fissures du bitume. Lors de la p\u00e9riode hivernale, l\u2019eau qui p\u00e9n\u00e8tre dans ces failles g\u00e8le, se dilate et, apr\u00e8s le d\u00e9gel, laisse place \u00e0 des trous visibles. Ces trous peuvent se former lentement mais peuvent aussi se d\u00e9velopper rapidement apr\u00e8s des temp\u00eates ou de fortes intemp\u00e9ries. <\/p>\n<p>Explorez le post en d\u00e9tail en visitant TikTok avec ce lien : <u>Lien vers le post original:<\/u> <a href=\"https:\/\/www.tiktok.com\/@afd.fraktion.vg.ak\/video\/7543253858483440918\">Cliquer ici.<\/a>. Vous pourrez d\u00e9couvrir le contenu complet et prendre part aux \u00e9changes en cours.<\/p>\n<p>\n<img decoding=\"async\" src=\"https:\/\/www.cc3rivieres76.com\/blog\/wp-content\/uploads\/2025\/09\/tiktok-schlagloch-attention-nid-de-poule-a-partir-du-1er-septembre-il-est-dit-les-velos-de-la-ville-dans-le-district-daltenkir.jpg\">\n<\/p>\n<p>\n#Attention #niddepoule #partir #1er #septembre #est #dit #les #v\u00e9los #ville #dans #district #d39Altenkir<\/p>\n<p> Cet article, qui traite du th\u00e8me \u00ab\u00a0Les 3 rivi\u00e8res dans la Somme\u00a0\u00bb, vous est sp\u00e9cialement sugg\u00e9r\u00e9 par cc3rivieres76.com. La chronique est reproduite du mieux possible. Dans le cas o\u00f9 vous souhaitez apporter quelques pr\u00e9cisions concernant le domaine de \u00ab\u00a0Les 3 rivi\u00e8res dans la Somme\u00a0\u00bb vous pouvez solliciter notre r\u00e9daction. La destination de cc3rivieres76.com est de d\u00e9battre de Les 3 rivi\u00e8res dans la Somme dans la transparence en vous apportant la connaissance de tout ce qui est en lien avec ce sujet sur la toile Connectez-vous sur notre site cc3rivieres76.com et nos r\u00e9seaux sociaux dans le but d\u2019\u00eatre inform\u00e9 des futures publications.<\/p>\n","protected":false},"excerpt":{"rendered":"<p>Une approche unique de (schlagloch) sign\u00e9e AfD Fraktion VG Altenkirchen. L\u2019un des sujets en vogue sur TikTok en ce moment : \u00ab&nbsp;schlagloch&nbsp;\u00bb. La richesse des contenus sur TikTok offre aux cr\u00e9ateurs une opportunit\u00e9 unique de faire d\u00e9couvrir des sujets vari\u00e9s au plus grand nombre. La vid\u00e9o publi\u00e9e par AfD Fraktion VG Altenkirchen porte le titre &hellip; <\/p>\n<p class=\"link-more\"><a href=\"https:\/\/www.cc3rivieres76.com\/blog\/tiktok-schlagloch-attention-nid-de-poule-a-partir-du-1er-septembre-il-est-dit-les-velos-de-la-ville-dans-le-district-daltenkir\/\" class=\"more-link\">Continuer la lecture <span class=\"screen-reader-text\"> \u00ab\u00a0Tiktok (schlagloch): Attention, nid-de-poule ?! \u00c0 partir du 1er septembre, il est dit: les v\u00e9los de la ville dans le district d\u2019Altenkir\u00a0\u00bb<\/span><\/a><\/p>\n","protected":false},"author":3,"featured_media":848,"comment_status":"closed","ping_status":"closed","sticky":false,"template":"","format":"standard","meta":{"footnotes":""},"categories":[2],"tags":[],"class_list":["post-847","post","type-post","status-publish","format-standard","has-post-thumbnail","hentry","category-les-3-rivieres-dans-la-somme","entry"],"yoast_head":"<!-- This site is optimized with the Yoast SEO plugin v27.5 - https:\/\/yoast.com\/product\/yoast-seo-wordpress\/ -->\n<title>Tiktok (schlagloch): Attention, nid-de-poule ?! \u00c0 partir du 1er septembre, il est dit: les v\u00e9los de la ville dans le district d\u2019Altenkir - CC3RIVIERES76<\/title>\n<meta name=\"robots\" content=\"index, follow, max-snippet:-1, max-image-preview:large, max-video-preview:-1\" \/>\n<link rel=\"canonical\" href=\"https:\/\/www.cc3rivieres76.com\/blog\/tiktok-schlagloch-attention-nid-de-poule-a-partir-du-1er-septembre-il-est-dit-les-velos-de-la-ville-dans-le-district-daltenkir\/\" \/>\n<meta property=\"og:locale\" content=\"fr_FR\" \/>\n<meta property=\"og:type\" content=\"article\" \/>\n<meta property=\"og:title\" content=\"Tiktok (schlagloch): Attention, nid-de-poule ?! \u00c0 partir du 1er septembre, il est dit: les v\u00e9los de la ville dans le district d\u2019Altenkir - CC3RIVIERES76\" \/>\n<meta property=\"og:description\" content=\"Une approche unique de (schlagloch) sign\u00e9e AfD Fraktion VG Altenkirchen. L\u2019un des sujets en vogue sur TikTok en ce moment : \u00ab&nbsp;schlagloch&nbsp;\u00bb. La richesse des contenus sur TikTok offre aux cr\u00e9ateurs une opportunit\u00e9 unique de faire d\u00e9couvrir des sujets vari\u00e9s au plus grand nombre. La vid\u00e9o publi\u00e9e par AfD Fraktion VG Altenkirchen porte le titre &hellip; Continuer la lecture \u00ab\u00a0Tiktok (schlagloch): Attention, nid-de-poule ?! \u00c0 partir du 1er septembre, il est dit: les v\u00e9los de la ville dans le district d\u2019Altenkir\u00a0\u00bb\" \/>\n<meta property=\"og:url\" content=\"https:\/\/www.cc3rivieres76.com\/blog\/tiktok-schlagloch-attention-nid-de-poule-a-partir-du-1er-septembre-il-est-dit-les-velos-de-la-ville-dans-le-district-daltenkir\/\" \/>\n<meta property=\"og:site_name\" content=\"CC3RIVIERES76\" \/>\n<meta property=\"article:published_time\" content=\"2025-09-04T05:44:08+00:00\" \/>\n<meta property=\"og:image\" content=\"https:\/\/www.cc3rivieres76.com\/blog\/wp-content\/uploads\/2025\/09\/tiktok-schlagloch-attention-nid-de-poule-a-partir-du-1er-septembre-il-est-dit-les-velos-de-la-ville-dans-le-district-daltenkir.jpg\" \/>\n<meta name=\"author\" content=\"Sylvie DE LAUZAINGHEIN\" \/>\n<meta name=\"twitter:card\" content=\"summary_large_image\" \/>\n<meta name=\"twitter:label1\" content=\"\u00c9crit par\" \/>\n\t<meta name=\"twitter:data1\" content=\"Sylvie DE LAUZAINGHEIN\" \/>\n\t<meta name=\"twitter:label2\" content=\"Dur\u00e9e de lecture estim\u00e9e\" \/>\n\t<meta name=\"twitter:data2\" content=\"7 minutes\" \/>\n<script type=\"application\/ld+json\" class=\"yoast-schema-graph\">{\"@context\":\"https:\\\/\\\/schema.org\",\"@graph\":[{\"@type\":\"Article\",\"@id\":\"https:\\\/\\\/www.cc3rivieres76.com\\\/blog\\\/tiktok-schlagloch-attention-nid-de-poule-a-partir-du-1er-septembre-il-est-dit-les-velos-de-la-ville-dans-le-district-daltenkir\\\/#article\",\"isPartOf\":{\"@id\":\"https:\\\/\\\/www.cc3rivieres76.com\\\/blog\\\/tiktok-schlagloch-attention-nid-de-poule-a-partir-du-1er-septembre-il-est-dit-les-velos-de-la-ville-dans-le-district-daltenkir\\\/\"},\"author\":{\"name\":\"Sylvie DE LAUZAINGHEIN\",\"@id\":\"https:\\\/\\\/www.cc3rivieres76.com\\\/blog\\\/#\\\/schema\\\/person\\\/474d457fb7747b5218f39792dfaa5a1c\"},\"headline\":\"Tiktok (schlagloch): Attention, nid-de-poule ?! \u00c0 partir du 1er septembre, il est dit: les v\u00e9los de la ville dans le district d\u2019Altenkir\",\"datePublished\":\"2025-09-04T05:44:08+00:00\",\"mainEntityOfPage\":{\"@id\":\"https:\\\/\\\/www.cc3rivieres76.com\\\/blog\\\/tiktok-schlagloch-attention-nid-de-poule-a-partir-du-1er-septembre-il-est-dit-les-velos-de-la-ville-dans-le-district-daltenkir\\\/\"},\"wordCount\":1339,\"publisher\":{\"@id\":\"https:\\\/\\\/www.cc3rivieres76.com\\\/blog\\\/#organization\"},\"image\":{\"@id\":\"https:\\\/\\\/www.cc3rivieres76.com\\\/blog\\\/tiktok-schlagloch-attention-nid-de-poule-a-partir-du-1er-septembre-il-est-dit-les-velos-de-la-ville-dans-le-district-daltenkir\\\/#primaryimage\"},\"thumbnailUrl\":\"https:\\\/\\\/www.cc3rivieres76.com\\\/blog\\\/wp-content\\\/uploads\\\/2025\\\/09\\\/tiktok-schlagloch-attention-nid-de-poule-a-partir-du-1er-septembre-il-est-dit-les-velos-de-la-ville-dans-le-district-daltenkir.jpg\",\"articleSection\":[\"Les 3 Rivi\u00e8res Dans La Somme:\"],\"inLanguage\":\"fr-FR\"},{\"@type\":\"WebPage\",\"@id\":\"https:\\\/\\\/www.cc3rivieres76.com\\\/blog\\\/tiktok-schlagloch-attention-nid-de-poule-a-partir-du-1er-septembre-il-est-dit-les-velos-de-la-ville-dans-le-district-daltenkir\\\/\",\"url\":\"https:\\\/\\\/www.cc3rivieres76.com\\\/blog\\\/tiktok-schlagloch-attention-nid-de-poule-a-partir-du-1er-septembre-il-est-dit-les-velos-de-la-ville-dans-le-district-daltenkir\\\/\",\"name\":\"Tiktok (schlagloch): Attention, nid-de-poule ?! \u00c0 partir du 1er septembre, il est dit: les v\u00e9los de la ville dans le district d\u2019Altenkir - CC3RIVIERES76\",\"isPartOf\":{\"@id\":\"https:\\\/\\\/www.cc3rivieres76.com\\\/blog\\\/#website\"},\"primaryImageOfPage\":{\"@id\":\"https:\\\/\\\/www.cc3rivieres76.com\\\/blog\\\/tiktok-schlagloch-attention-nid-de-poule-a-partir-du-1er-septembre-il-est-dit-les-velos-de-la-ville-dans-le-district-daltenkir\\\/#primaryimage\"},\"image\":{\"@id\":\"https:\\\/\\\/www.cc3rivieres76.com\\\/blog\\\/tiktok-schlagloch-attention-nid-de-poule-a-partir-du-1er-septembre-il-est-dit-les-velos-de-la-ville-dans-le-district-daltenkir\\\/#primaryimage\"},\"thumbnailUrl\":\"https:\\\/\\\/www.cc3rivieres76.com\\\/blog\\\/wp-content\\\/uploads\\\/2025\\\/09\\\/tiktok-schlagloch-attention-nid-de-poule-a-partir-du-1er-septembre-il-est-dit-les-velos-de-la-ville-dans-le-district-daltenkir.jpg\",\"datePublished\":\"2025-09-04T05:44:08+00:00\",\"breadcrumb\":{\"@id\":\"https:\\\/\\\/www.cc3rivieres76.com\\\/blog\\\/tiktok-schlagloch-attention-nid-de-poule-a-partir-du-1er-septembre-il-est-dit-les-velos-de-la-ville-dans-le-district-daltenkir\\\/#breadcrumb\"},\"inLanguage\":\"fr-FR\",\"potentialAction\":[{\"@type\":\"ReadAction\",\"target\":[\"https:\\\/\\\/www.cc3rivieres76.com\\\/blog\\\/tiktok-schlagloch-attention-nid-de-poule-a-partir-du-1er-septembre-il-est-dit-les-velos-de-la-ville-dans-le-district-daltenkir\\\/\"]}]},{\"@type\":\"ImageObject\",\"inLanguage\":\"fr-FR\",\"@id\":\"https:\\\/\\\/www.cc3rivieres76.com\\\/blog\\\/tiktok-schlagloch-attention-nid-de-poule-a-partir-du-1er-septembre-il-est-dit-les-velos-de-la-ville-dans-le-district-daltenkir\\\/#primaryimage\",\"url\":\"https:\\\/\\\/www.cc3rivieres76.com\\\/blog\\\/wp-content\\\/uploads\\\/2025\\\/09\\\/tiktok-schlagloch-attention-nid-de-poule-a-partir-du-1er-septembre-il-est-dit-les-velos-de-la-ville-dans-le-district-daltenkir.jpg\",\"contentUrl\":\"https:\\\/\\\/www.cc3rivieres76.com\\\/blog\\\/wp-content\\\/uploads\\\/2025\\\/09\\\/tiktok-schlagloch-attention-nid-de-poule-a-partir-du-1er-septembre-il-est-dit-les-velos-de-la-ville-dans-le-district-daltenkir.jpg\",\"width\":1233,\"height\":1764,\"caption\":\"Tiktok (schlagloch): Attention, nid de poule ?! \u00c0 partir du 1er septembre, il est dit: les v\u00e9los de la ville dans le district d\u2019Altenkir\"},{\"@type\":\"BreadcrumbList\",\"@id\":\"https:\\\/\\\/www.cc3rivieres76.com\\\/blog\\\/tiktok-schlagloch-attention-nid-de-poule-a-partir-du-1er-septembre-il-est-dit-les-velos-de-la-ville-dans-le-district-daltenkir\\\/#breadcrumb\",\"itemListElement\":[{\"@type\":\"ListItem\",\"position\":1,\"name\":\"Accueil\",\"item\":\"https:\\\/\\\/www.cc3rivieres76.com\\\/blog\\\/\"},{\"@type\":\"ListItem\",\"position\":2,\"name\":\"Tiktok (schlagloch): Attention, nid-de-poule ?! \u00c0 partir du 1er septembre, il est dit: les v\u00e9los de la ville dans le district d\u2019Altenkir\"}]},{\"@type\":\"WebSite\",\"@id\":\"https:\\\/\\\/www.cc3rivieres76.com\\\/blog\\\/#website\",\"url\":\"https:\\\/\\\/www.cc3rivieres76.com\\\/blog\\\/\",\"name\":\"CC3RIVIERES76\",\"description\":\"Les 3 rivi\u00e8res dans la Somme.\",\"publisher\":{\"@id\":\"https:\\\/\\\/www.cc3rivieres76.com\\\/blog\\\/#organization\"},\"potentialAction\":[{\"@type\":\"SearchAction\",\"target\":{\"@type\":\"EntryPoint\",\"urlTemplate\":\"https:\\\/\\\/www.cc3rivieres76.com\\\/blog\\\/?s={search_term_string}\"},\"query-input\":{\"@type\":\"PropertyValueSpecification\",\"valueRequired\":true,\"valueName\":\"search_term_string\"}}],\"inLanguage\":\"fr-FR\"},{\"@type\":\"Organization\",\"@id\":\"https:\\\/\\\/www.cc3rivieres76.com\\\/blog\\\/#organization\",\"name\":\"cc3rivieres76\",\"url\":\"https:\\\/\\\/www.cc3rivieres76.com\\\/blog\\\/\",\"logo\":{\"@type\":\"ImageObject\",\"inLanguage\":\"fr-FR\",\"@id\":\"https:\\\/\\\/www.cc3rivieres76.com\\\/blog\\\/#\\\/schema\\\/logo\\\/image\\\/\",\"url\":\"https:\\\/\\\/www.cc3rivieres76.com\\\/blog\\\/wp-content\\\/uploads\\\/2023\\\/06\\\/logo-2.png\",\"contentUrl\":\"https:\\\/\\\/www.cc3rivieres76.com\\\/blog\\\/wp-content\\\/uploads\\\/2023\\\/06\\\/logo-2.png\",\"width\":390,\"height\":388,\"caption\":\"cc3rivieres76\"},\"image\":{\"@id\":\"https:\\\/\\\/www.cc3rivieres76.com\\\/blog\\\/#\\\/schema\\\/logo\\\/image\\\/\"}},{\"@type\":\"Person\",\"@id\":\"https:\\\/\\\/www.cc3rivieres76.com\\\/blog\\\/#\\\/schema\\\/person\\\/474d457fb7747b5218f39792dfaa5a1c\",\"name\":\"Sylvie DE LAUZAINGHEIN\",\"image\":{\"@type\":\"ImageObject\",\"inLanguage\":\"fr-FR\",\"@id\":\"https:\\\/\\\/secure.gravatar.com\\\/avatar\\\/9c6a53b19e0a3431aa80de0895b9729fe665cd7e7d6cc94fc11abb152f4237d7?s=96&d=mm&r=g\",\"url\":\"https:\\\/\\\/secure.gravatar.com\\\/avatar\\\/9c6a53b19e0a3431aa80de0895b9729fe665cd7e7d6cc94fc11abb152f4237d7?s=96&d=mm&r=g\",\"contentUrl\":\"https:\\\/\\\/secure.gravatar.com\\\/avatar\\\/9c6a53b19e0a3431aa80de0895b9729fe665cd7e7d6cc94fc11abb152f4237d7?s=96&d=mm&r=g\",\"caption\":\"Sylvie DE LAUZAINGHEIN\"},\"url\":\"https:\\\/\\\/www.cc3rivieres76.com\\\/blog\\\/author\\\/s76sylvie\\\/\"}]}<\/script>\n<!-- \/ Yoast SEO plugin. -->","yoast_head_json":{"title":"Tiktok (schlagloch): Attention, nid-de-poule ?! \u00c0 partir du 1er septembre, il est dit: les v\u00e9los de la ville dans le district d\u2019Altenkir - CC3RIVIERES76","robots":{"index":"index","follow":"follow","max-snippet":"max-snippet:-1","max-image-preview":"max-image-preview:large","max-video-preview":"max-video-preview:-1"},"canonical":"https:\/\/www.cc3rivieres76.com\/blog\/tiktok-schlagloch-attention-nid-de-poule-a-partir-du-1er-septembre-il-est-dit-les-velos-de-la-ville-dans-le-district-daltenkir\/","og_locale":"fr_FR","og_type":"article","og_title":"Tiktok (schlagloch): Attention, nid-de-poule ?! \u00c0 partir du 1er septembre, il est dit: les v\u00e9los de la ville dans le district d\u2019Altenkir - CC3RIVIERES76","og_description":"Une approche unique de (schlagloch) sign\u00e9e AfD Fraktion VG Altenkirchen. L\u2019un des sujets en vogue sur TikTok en ce moment : \u00ab&nbsp;schlagloch&nbsp;\u00bb. La richesse des contenus sur TikTok offre aux cr\u00e9ateurs une opportunit\u00e9 unique de faire d\u00e9couvrir des sujets vari\u00e9s au plus grand nombre. La vid\u00e9o publi\u00e9e par AfD Fraktion VG Altenkirchen porte le titre &hellip; Continuer la lecture \u00ab\u00a0Tiktok (schlagloch): Attention, nid-de-poule ?! \u00c0 partir du 1er septembre, il est dit: les v\u00e9los de la ville dans le district d\u2019Altenkir\u00a0\u00bb","og_url":"https:\/\/www.cc3rivieres76.com\/blog\/tiktok-schlagloch-attention-nid-de-poule-a-partir-du-1er-septembre-il-est-dit-les-velos-de-la-ville-dans-le-district-daltenkir\/","og_site_name":"CC3RIVIERES76","article_published_time":"2025-09-04T05:44:08+00:00","og_image":[{"url":"https:\/\/www.cc3rivieres76.com\/blog\/wp-content\/uploads\/2025\/09\/tiktok-schlagloch-attention-nid-de-poule-a-partir-du-1er-septembre-il-est-dit-les-velos-de-la-ville-dans-le-district-daltenkir.jpg","type":"","width":"","height":""}],"author":"Sylvie DE LAUZAINGHEIN","twitter_card":"summary_large_image","twitter_misc":{"\u00c9crit par":"Sylvie DE LAUZAINGHEIN","Dur\u00e9e de lecture estim\u00e9e":"7 minutes"},"schema":{"@context":"https:\/\/schema.org","@graph":[{"@type":"Article","@id":"https:\/\/www.cc3rivieres76.com\/blog\/tiktok-schlagloch-attention-nid-de-poule-a-partir-du-1er-septembre-il-est-dit-les-velos-de-la-ville-dans-le-district-daltenkir\/#article","isPartOf":{"@id":"https:\/\/www.cc3rivieres76.com\/blog\/tiktok-schlagloch-attention-nid-de-poule-a-partir-du-1er-septembre-il-est-dit-les-velos-de-la-ville-dans-le-district-daltenkir\/"},"author":{"name":"Sylvie DE LAUZAINGHEIN","@id":"https:\/\/www.cc3rivieres76.com\/blog\/#\/schema\/person\/474d457fb7747b5218f39792dfaa5a1c"},"headline":"Tiktok (schlagloch): Attention, nid-de-poule ?! \u00c0 partir du 1er septembre, il est dit: les v\u00e9los de la ville dans le district d\u2019Altenkir","datePublished":"2025-09-04T05:44:08+00:00","mainEntityOfPage":{"@id":"https:\/\/www.cc3rivieres76.com\/blog\/tiktok-schlagloch-attention-nid-de-poule-a-partir-du-1er-septembre-il-est-dit-les-velos-de-la-ville-dans-le-district-daltenkir\/"},"wordCount":1339,"publisher":{"@id":"https:\/\/www.cc3rivieres76.com\/blog\/#organization"},"image":{"@id":"https:\/\/www.cc3rivieres76.com\/blog\/tiktok-schlagloch-attention-nid-de-poule-a-partir-du-1er-septembre-il-est-dit-les-velos-de-la-ville-dans-le-district-daltenkir\/#primaryimage"},"thumbnailUrl":"https:\/\/www.cc3rivieres76.com\/blog\/wp-content\/uploads\/2025\/09\/tiktok-schlagloch-attention-nid-de-poule-a-partir-du-1er-septembre-il-est-dit-les-velos-de-la-ville-dans-le-district-daltenkir.jpg","articleSection":["Les 3 Rivi\u00e8res Dans La Somme:"],"inLanguage":"fr-FR"},{"@type":"WebPage","@id":"https:\/\/www.cc3rivieres76.com\/blog\/tiktok-schlagloch-attention-nid-de-poule-a-partir-du-1er-septembre-il-est-dit-les-velos-de-la-ville-dans-le-district-daltenkir\/","url":"https:\/\/www.cc3rivieres76.com\/blog\/tiktok-schlagloch-attention-nid-de-poule-a-partir-du-1er-septembre-il-est-dit-les-velos-de-la-ville-dans-le-district-daltenkir\/","name":"Tiktok (schlagloch): Attention, nid-de-poule ?! \u00c0 partir du 1er septembre, il est dit: les v\u00e9los de la ville dans le district d\u2019Altenkir - CC3RIVIERES76","isPartOf":{"@id":"https:\/\/www.cc3rivieres76.com\/blog\/#website"},"primaryImageOfPage":{"@id":"https:\/\/www.cc3rivieres76.com\/blog\/tiktok-schlagloch-attention-nid-de-poule-a-partir-du-1er-septembre-il-est-dit-les-velos-de-la-ville-dans-le-district-daltenkir\/#primaryimage"},"image":{"@id":"https:\/\/www.cc3rivieres76.com\/blog\/tiktok-schlagloch-attention-nid-de-poule-a-partir-du-1er-septembre-il-est-dit-les-velos-de-la-ville-dans-le-district-daltenkir\/#primaryimage"},"thumbnailUrl":"https:\/\/www.cc3rivieres76.com\/blog\/wp-content\/uploads\/2025\/09\/tiktok-schlagloch-attention-nid-de-poule-a-partir-du-1er-septembre-il-est-dit-les-velos-de-la-ville-dans-le-district-daltenkir.jpg","datePublished":"2025-09-04T05:44:08+00:00","breadcrumb":{"@id":"https:\/\/www.cc3rivieres76.com\/blog\/tiktok-schlagloch-attention-nid-de-poule-a-partir-du-1er-septembre-il-est-dit-les-velos-de-la-ville-dans-le-district-daltenkir\/#breadcrumb"},"inLanguage":"fr-FR","potentialAction":[{"@type":"ReadAction","target":["https:\/\/www.cc3rivieres76.com\/blog\/tiktok-schlagloch-attention-nid-de-poule-a-partir-du-1er-septembre-il-est-dit-les-velos-de-la-ville-dans-le-district-daltenkir\/"]}]},{"@type":"ImageObject","inLanguage":"fr-FR","@id":"https:\/\/www.cc3rivieres76.com\/blog\/tiktok-schlagloch-attention-nid-de-poule-a-partir-du-1er-septembre-il-est-dit-les-velos-de-la-ville-dans-le-district-daltenkir\/#primaryimage","url":"https:\/\/www.cc3rivieres76.com\/blog\/wp-content\/uploads\/2025\/09\/tiktok-schlagloch-attention-nid-de-poule-a-partir-du-1er-septembre-il-est-dit-les-velos-de-la-ville-dans-le-district-daltenkir.jpg","contentUrl":"https:\/\/www.cc3rivieres76.com\/blog\/wp-content\/uploads\/2025\/09\/tiktok-schlagloch-attention-nid-de-poule-a-partir-du-1er-septembre-il-est-dit-les-velos-de-la-ville-dans-le-district-daltenkir.jpg","width":1233,"height":1764,"caption":"Tiktok (schlagloch): Attention, nid de poule ?! \u00c0 partir du 1er septembre, il est dit: les v\u00e9los de la ville dans le district d\u2019Altenkir"},{"@type":"BreadcrumbList","@id":"https:\/\/www.cc3rivieres76.com\/blog\/tiktok-schlagloch-attention-nid-de-poule-a-partir-du-1er-septembre-il-est-dit-les-velos-de-la-ville-dans-le-district-daltenkir\/#breadcrumb","itemListElement":[{"@type":"ListItem","position":1,"name":"Accueil","item":"https:\/\/www.cc3rivieres76.com\/blog\/"},{"@type":"ListItem","position":2,"name":"Tiktok (schlagloch): Attention, nid-de-poule ?! \u00c0 partir du 1er septembre, il est dit: les v\u00e9los de la ville dans le district d\u2019Altenkir"}]},{"@type":"WebSite","@id":"https:\/\/www.cc3rivieres76.com\/blog\/#website","url":"https:\/\/www.cc3rivieres76.com\/blog\/","name":"CC3RIVIERES76","description":"Les 3 rivi\u00e8res dans la Somme.","publisher":{"@id":"https:\/\/www.cc3rivieres76.com\/blog\/#organization"},"potentialAction":[{"@type":"SearchAction","target":{"@type":"EntryPoint","urlTemplate":"https:\/\/www.cc3rivieres76.com\/blog\/?s={search_term_string}"},"query-input":{"@type":"PropertyValueSpecification","valueRequired":true,"valueName":"search_term_string"}}],"inLanguage":"fr-FR"},{"@type":"Organization","@id":"https:\/\/www.cc3rivieres76.com\/blog\/#organization","name":"cc3rivieres76","url":"https:\/\/www.cc3rivieres76.com\/blog\/","logo":{"@type":"ImageObject","inLanguage":"fr-FR","@id":"https:\/\/www.cc3rivieres76.com\/blog\/#\/schema\/logo\/image\/","url":"https:\/\/www.cc3rivieres76.com\/blog\/wp-content\/uploads\/2023\/06\/logo-2.png","contentUrl":"https:\/\/www.cc3rivieres76.com\/blog\/wp-content\/uploads\/2023\/06\/logo-2.png","width":390,"height":388,"caption":"cc3rivieres76"},"image":{"@id":"https:\/\/www.cc3rivieres76.com\/blog\/#\/schema\/logo\/image\/"}},{"@type":"Person","@id":"https:\/\/www.cc3rivieres76.com\/blog\/#\/schema\/person\/474d457fb7747b5218f39792dfaa5a1c","name":"Sylvie DE LAUZAINGHEIN","image":{"@type":"ImageObject","inLanguage":"fr-FR","@id":"https:\/\/secure.gravatar.com\/avatar\/9c6a53b19e0a3431aa80de0895b9729fe665cd7e7d6cc94fc11abb152f4237d7?s=96&d=mm&r=g","url":"https:\/\/secure.gravatar.com\/avatar\/9c6a53b19e0a3431aa80de0895b9729fe665cd7e7d6cc94fc11abb152f4237d7?s=96&d=mm&r=g","contentUrl":"https:\/\/secure.gravatar.com\/avatar\/9c6a53b19e0a3431aa80de0895b9729fe665cd7e7d6cc94fc11abb152f4237d7?s=96&d=mm&r=g","caption":"Sylvie DE LAUZAINGHEIN"},"url":"https:\/\/www.cc3rivieres76.com\/blog\/author\/s76sylvie\/"}]}},"_links":{"self":[{"href":"https:\/\/www.cc3rivieres76.com\/blog\/wp-json\/wp\/v2\/posts\/847","targetHints":{"allow":["GET"]}}],"collection":[{"href":"https:\/\/www.cc3rivieres76.com\/blog\/wp-json\/wp\/v2\/posts"}],"about":[{"href":"https:\/\/www.cc3rivieres76.com\/blog\/wp-json\/wp\/v2\/types\/post"}],"author":[{"embeddable":true,"href":"https:\/\/www.cc3rivieres76.com\/blog\/wp-json\/wp\/v2\/users\/3"}],"replies":[{"embeddable":true,"href":"https:\/\/www.cc3rivieres76.com\/blog\/wp-json\/wp\/v2\/comments?post=847"}],"version-history":[{"count":0,"href":"https:\/\/www.cc3rivieres76.com\/blog\/wp-json\/wp\/v2\/posts\/847\/revisions"}],"wp:featuredmedia":[{"embeddable":true,"href":"https:\/\/www.cc3rivieres76.com\/blog\/wp-json\/wp\/v2\/media\/848"}],"wp:attachment":[{"href":"https:\/\/www.cc3rivieres76.com\/blog\/wp-json\/wp\/v2\/media?parent=847"}],"wp:term":[{"taxonomy":"category","embeddable":true,"href":"https:\/\/www.cc3rivieres76.com\/blog\/wp-json\/wp\/v2\/categories?post=847"},{"taxonomy":"post_tag","embeddable":true,"href":"https:\/\/www.cc3rivieres76.com\/blog\/wp-json\/wp\/v2\/tags?post=847"}],"curies":[{"name":"wp","href":"https:\/\/api.w.org\/{rel}","templated":true}]}}