{"id":856,"date":"2025-09-13T15:22:02","date_gmt":"2025-09-13T13:22:02","guid":{"rendered":"https:\/\/www.site.cdcl.xyz\/2025\/09\/13\/infos-francaises-la-notation-financiere-de-lespagne-pertinee-a-a-aprours-un-decennie-defforts-couler-de-la-crise\/"},"modified":"2025-09-13T15:22:02","modified_gmt":"2025-09-13T13:22:02","slug":"infos-francaises-la-notation-financiere-de-lespagne-pertinee-a-a-aprours-un-decennie-defforts-couler-de-la-crise","status":"publish","type":"post","link":"https:\/\/www.cc3rivieres76.com\/blog\/infos-francaises-la-notation-financiere-de-lespagne-pertinee-a-a-aprours-un-decennie-defforts-couler-de-la-crise\/","title":{"rendered":"Infos fran\u00e7aises: La notation financi\u00e8re de l&rsquo;espagne pertinee \u00e0 a + aprours un decennie d&rsquo;efforts couler de la crise"},"content":{"rendered":"\n<p><img decoding=\"async\" src=\"https:\/\/www.cc3rivieres76.com\/blog\/wp-content\/uploads\/2025\/09\/infos-francaises-la-notation-financiere-de-lespagne-pertinee-a-a-aprours-un-decennie-defforts-couler-de-la-crise.jpg\"><br \/>Alors que fitch derade la note de la France pour des raisons perdgetaires, S&amp;P, Autre agence de notation financi\u00e8re, Rel\u00e8ve d&rsquo;Un Cran la Note de l&rsquo;Espagne. Elle Passe \u00e0 \u00abA +\u00bb, M\u00eame Niveau Que D\u00e9sormais La France. Uneission union justifi\u00e9e par la culture de l&rsquo;escagne. L&rsquo;Agence Am\u00e9ricaine Sougnine Notamment un de Journie des efforts pour Sortir d&rsquo;Unse Crise \u00c9conomique dans Laquelle Avait Plong\u00e9 l&rsquo;Espagne APR\u00c8S les D\u00e9goires de Son secteur Immobilier dans les Annees 2000.<\/p>\n<p>Ce objet vous a captiv\u00e9 vous adorerez pareillement ces ouvrages:<\/p>\n<p>Fran\u00e7ais malgr\u00e9 eux.,<a href=\"https:\/\/www.kobo.com\/fr\/fr\/ebook\/francais-malgre-eux\" target=\"_blank\" rel=\"noopener noreferrer nofollow\">Informations sur cet ouvrage<\/a><span><\/span>. Disponible \u00e0 l\u2019achat sur les plateformes Amazon, Fnac, Cultura \u2026.<\/p>\n<p>La France surendett\u00e9e ? Une r\u00e9ponse \u00e9cologiste.,<a href=\"https:\/\/www.kobo.com\/fr\/fr\/ebook\/la-france-surendettee-une-reponse-ecologiste\" target=\"_blank\" rel=\"noopener noreferrer nofollow\">Pour en savoir plus<\/a><span><\/span>.<\/p>\n<p> Cet article, qui traite du th\u00e8me \u00ab\u00a0Les 3 rivi\u00e8res dans la Somme\u00a0\u00bb, vous est sp\u00e9cialement sugg\u00e9r\u00e9 par cc3rivieres76.com. La chronique est reproduite du mieux possible. Dans le cas o\u00f9 vous souhaitez apporter quelques pr\u00e9cisions concernant le domaine de \u00ab\u00a0Les 3 rivi\u00e8res dans la Somme\u00a0\u00bb vous pouvez solliciter notre r\u00e9daction. La destination de cc3rivieres76.com est de d\u00e9battre de Les 3 rivi\u00e8res dans la Somme dans la transparence en vous apportant la connaissance de tout ce qui est en lien avec ce sujet sur la toile Connectez-vous sur notre site cc3rivieres76.com et nos r\u00e9seaux sociaux dans le but d\u2019\u00eatre inform\u00e9 des futures publications.<\/p>\n","protected":false},"excerpt":{"rendered":"<p>Alors que fitch derade la note de la France pour des raisons perdgetaires, S&amp;P, Autre agence de notation financi\u00e8re, Rel\u00e8ve d&rsquo;Un Cran la Note de l&rsquo;Espagne. Elle Passe \u00e0 \u00abA +\u00bb, M\u00eame Niveau Que D\u00e9sormais La France. Uneission union justifi\u00e9e par la culture de l&rsquo;escagne. L&rsquo;Agence Am\u00e9ricaine Sougnine Notamment un de Journie des efforts pour &hellip; <\/p>\n<p class=\"link-more\"><a href=\"https:\/\/www.cc3rivieres76.com\/blog\/infos-francaises-la-notation-financiere-de-lespagne-pertinee-a-a-aprours-un-decennie-defforts-couler-de-la-crise\/\" class=\"more-link\">Continuer la lecture <span class=\"screen-reader-text\"> \u00ab\u00a0Infos fran\u00e7aises: La notation financi\u00e8re de l&rsquo;espagne pertinee \u00e0 a + aprours un decennie d&rsquo;efforts couler de la crise\u00a0\u00bb<\/span><\/a><\/p>\n","protected":false},"author":3,"featured_media":857,"comment_status":"closed","ping_status":"closed","sticky":false,"template":"","format":"standard","meta":{"footnotes":""},"categories":[2],"tags":[],"class_list":["post-856","post","type-post","status-publish","format-standard","has-post-thumbnail","hentry","category-les-3-rivieres-dans-la-somme","entry"],"yoast_head":"<!-- This site is optimized with the Yoast SEO plugin v27.5 - https:\/\/yoast.com\/product\/yoast-seo-wordpress\/ -->\n<title>Infos fran\u00e7aises: La notation financi\u00e8re de l&#039;espagne pertinee \u00e0 a + aprours un decennie d&#039;efforts couler de la crise - CC3RIVIERES76<\/title>\n<meta name=\"robots\" content=\"index, follow, max-snippet:-1, max-image-preview:large, max-video-preview:-1\" \/>\n<link rel=\"canonical\" href=\"https:\/\/www.cc3rivieres76.com\/blog\/infos-francaises-la-notation-financiere-de-lespagne-pertinee-a-a-aprours-un-decennie-defforts-couler-de-la-crise\/\" \/>\n<meta property=\"og:locale\" content=\"fr_FR\" \/>\n<meta property=\"og:type\" content=\"article\" \/>\n<meta property=\"og:title\" content=\"Infos fran\u00e7aises: La notation financi\u00e8re de l&#039;espagne pertinee \u00e0 a + aprours un decennie d&#039;efforts couler de la crise - CC3RIVIERES76\" \/>\n<meta property=\"og:description\" content=\"Alors que fitch derade la note de la France pour des raisons perdgetaires, S&amp;P, Autre agence de notation financi\u00e8re, Rel\u00e8ve d&rsquo;Un Cran la Note de l&rsquo;Espagne. Elle Passe \u00e0 \u00abA +\u00bb, M\u00eame Niveau Que D\u00e9sormais La France. Uneission union justifi\u00e9e par la culture de l&rsquo;escagne. L&rsquo;Agence Am\u00e9ricaine Sougnine Notamment un de Journie des efforts pour &hellip; Continuer la lecture \u00ab\u00a0Infos fran\u00e7aises: La notation financi\u00e8re de l&rsquo;espagne pertinee \u00e0 a + aprours un decennie d&rsquo;efforts couler de la crise\u00a0\u00bb\" \/>\n<meta property=\"og:url\" content=\"https:\/\/www.cc3rivieres76.com\/blog\/infos-francaises-la-notation-financiere-de-lespagne-pertinee-a-a-aprours-un-decennie-defforts-couler-de-la-crise\/\" \/>\n<meta property=\"og:site_name\" content=\"CC3RIVIERES76\" \/>\n<meta property=\"article:published_time\" content=\"2025-09-13T13:22:02+00:00\" \/>\n<meta property=\"og:image\" content=\"https:\/\/www.cc3rivieres76.com\/blog\/wp-content\/uploads\/2025\/09\/infos-francaises-la-notation-financiere-de-lespagne-pertinee-a-a-aprours-un-decennie-defforts-couler-de-la-crise.jpg\" \/>\n<meta name=\"author\" content=\"Sylvie DE LAUZAINGHEIN\" \/>\n<meta name=\"twitter:card\" content=\"summary_large_image\" \/>\n<meta name=\"twitter:label1\" content=\"\u00c9crit par\" \/>\n\t<meta name=\"twitter:data1\" content=\"Sylvie DE LAUZAINGHEIN\" \/>\n\t<meta name=\"twitter:label2\" content=\"Dur\u00e9e de lecture estim\u00e9e\" \/>\n\t<meta name=\"twitter:data2\" content=\"1 minute\" \/>\n<script type=\"application\/ld+json\" class=\"yoast-schema-graph\">{\"@context\":\"https:\\\/\\\/schema.org\",\"@graph\":[{\"@type\":\"Article\",\"@id\":\"https:\\\/\\\/www.cc3rivieres76.com\\\/blog\\\/infos-francaises-la-notation-financiere-de-lespagne-pertinee-a-a-aprours-un-decennie-defforts-couler-de-la-crise\\\/#article\",\"isPartOf\":{\"@id\":\"https:\\\/\\\/www.cc3rivieres76.com\\\/blog\\\/infos-francaises-la-notation-financiere-de-lespagne-pertinee-a-a-aprours-un-decennie-defforts-couler-de-la-crise\\\/\"},\"author\":{\"name\":\"Sylvie DE LAUZAINGHEIN\",\"@id\":\"https:\\\/\\\/www.cc3rivieres76.com\\\/blog\\\/#\\\/schema\\\/person\\\/474d457fb7747b5218f39792dfaa5a1c\"},\"headline\":\"Infos fran\u00e7aises: La notation financi\u00e8re de l&rsquo;espagne pertinee \u00e0 a + aprours un decennie d&rsquo;efforts couler de la crise\",\"datePublished\":\"2025-09-13T13:22:02+00:00\",\"mainEntityOfPage\":{\"@id\":\"https:\\\/\\\/www.cc3rivieres76.com\\\/blog\\\/infos-francaises-la-notation-financiere-de-lespagne-pertinee-a-a-aprours-un-decennie-defforts-couler-de-la-crise\\\/\"},\"wordCount\":263,\"publisher\":{\"@id\":\"https:\\\/\\\/www.cc3rivieres76.com\\\/blog\\\/#organization\"},\"image\":{\"@id\":\"https:\\\/\\\/www.cc3rivieres76.com\\\/blog\\\/infos-francaises-la-notation-financiere-de-lespagne-pertinee-a-a-aprours-un-decennie-defforts-couler-de-la-crise\\\/#primaryimage\"},\"thumbnailUrl\":\"https:\\\/\\\/www.cc3rivieres76.com\\\/blog\\\/wp-content\\\/uploads\\\/2025\\\/09\\\/infos-francaises-la-notation-financiere-de-lespagne-pertinee-a-a-aprours-un-decennie-defforts-couler-de-la-crise.jpg\",\"articleSection\":[\"Les 3 Rivi\u00e8res Dans La Somme:\"],\"inLanguage\":\"fr-FR\"},{\"@type\":\"WebPage\",\"@id\":\"https:\\\/\\\/www.cc3rivieres76.com\\\/blog\\\/infos-francaises-la-notation-financiere-de-lespagne-pertinee-a-a-aprours-un-decennie-defforts-couler-de-la-crise\\\/\",\"url\":\"https:\\\/\\\/www.cc3rivieres76.com\\\/blog\\\/infos-francaises-la-notation-financiere-de-lespagne-pertinee-a-a-aprours-un-decennie-defforts-couler-de-la-crise\\\/\",\"name\":\"Infos fran\u00e7aises: La notation financi\u00e8re de l'espagne pertinee \u00e0 a + aprours un decennie d'efforts couler de la crise - CC3RIVIERES76\",\"isPartOf\":{\"@id\":\"https:\\\/\\\/www.cc3rivieres76.com\\\/blog\\\/#website\"},\"primaryImageOfPage\":{\"@id\":\"https:\\\/\\\/www.cc3rivieres76.com\\\/blog\\\/infos-francaises-la-notation-financiere-de-lespagne-pertinee-a-a-aprours-un-decennie-defforts-couler-de-la-crise\\\/#primaryimage\"},\"image\":{\"@id\":\"https:\\\/\\\/www.cc3rivieres76.com\\\/blog\\\/infos-francaises-la-notation-financiere-de-lespagne-pertinee-a-a-aprours-un-decennie-defforts-couler-de-la-crise\\\/#primaryimage\"},\"thumbnailUrl\":\"https:\\\/\\\/www.cc3rivieres76.com\\\/blog\\\/wp-content\\\/uploads\\\/2025\\\/09\\\/infos-francaises-la-notation-financiere-de-lespagne-pertinee-a-a-aprours-un-decennie-defforts-couler-de-la-crise.jpg\",\"datePublished\":\"2025-09-13T13:22:02+00:00\",\"breadcrumb\":{\"@id\":\"https:\\\/\\\/www.cc3rivieres76.com\\\/blog\\\/infos-francaises-la-notation-financiere-de-lespagne-pertinee-a-a-aprours-un-decennie-defforts-couler-de-la-crise\\\/#breadcrumb\"},\"inLanguage\":\"fr-FR\",\"potentialAction\":[{\"@type\":\"ReadAction\",\"target\":[\"https:\\\/\\\/www.cc3rivieres76.com\\\/blog\\\/infos-francaises-la-notation-financiere-de-lespagne-pertinee-a-a-aprours-un-decennie-defforts-couler-de-la-crise\\\/\"]}]},{\"@type\":\"ImageObject\",\"inLanguage\":\"fr-FR\",\"@id\":\"https:\\\/\\\/www.cc3rivieres76.com\\\/blog\\\/infos-francaises-la-notation-financiere-de-lespagne-pertinee-a-a-aprours-un-decennie-defforts-couler-de-la-crise\\\/#primaryimage\",\"url\":\"https:\\\/\\\/www.cc3rivieres76.com\\\/blog\\\/wp-content\\\/uploads\\\/2025\\\/09\\\/infos-francaises-la-notation-financiere-de-lespagne-pertinee-a-a-aprours-un-decennie-defforts-couler-de-la-crise.jpg\",\"contentUrl\":\"https:\\\/\\\/www.cc3rivieres76.com\\\/blog\\\/wp-content\\\/uploads\\\/2025\\\/09\\\/infos-francaises-la-notation-financiere-de-lespagne-pertinee-a-a-aprours-un-decennie-defforts-couler-de-la-crise.jpg\",\"width\":1024,\"height\":576,\"caption\":\"Infos fran\u00e7aises: La notation financi\u00e8re de l'espagne pertinee \u00e0 a + aprours un decennie d'efforts couler de la crise\"},{\"@type\":\"BreadcrumbList\",\"@id\":\"https:\\\/\\\/www.cc3rivieres76.com\\\/blog\\\/infos-francaises-la-notation-financiere-de-lespagne-pertinee-a-a-aprours-un-decennie-defforts-couler-de-la-crise\\\/#breadcrumb\",\"itemListElement\":[{\"@type\":\"ListItem\",\"position\":1,\"name\":\"Accueil\",\"item\":\"https:\\\/\\\/www.cc3rivieres76.com\\\/blog\\\/\"},{\"@type\":\"ListItem\",\"position\":2,\"name\":\"Infos fran\u00e7aises: La notation financi\u00e8re de l&rsquo;espagne pertinee \u00e0 a + aprours un decennie d&rsquo;efforts couler de la crise\"}]},{\"@type\":\"WebSite\",\"@id\":\"https:\\\/\\\/www.cc3rivieres76.com\\\/blog\\\/#website\",\"url\":\"https:\\\/\\\/www.cc3rivieres76.com\\\/blog\\\/\",\"name\":\"CC3RIVIERES76\",\"description\":\"Les 3 rivi\u00e8res dans la Somme.\",\"publisher\":{\"@id\":\"https:\\\/\\\/www.cc3rivieres76.com\\\/blog\\\/#organization\"},\"potentialAction\":[{\"@type\":\"SearchAction\",\"target\":{\"@type\":\"EntryPoint\",\"urlTemplate\":\"https:\\\/\\\/www.cc3rivieres76.com\\\/blog\\\/?s={search_term_string}\"},\"query-input\":{\"@type\":\"PropertyValueSpecification\",\"valueRequired\":true,\"valueName\":\"search_term_string\"}}],\"inLanguage\":\"fr-FR\"},{\"@type\":\"Organization\",\"@id\":\"https:\\\/\\\/www.cc3rivieres76.com\\\/blog\\\/#organization\",\"name\":\"cc3rivieres76\",\"url\":\"https:\\\/\\\/www.cc3rivieres76.com\\\/blog\\\/\",\"logo\":{\"@type\":\"ImageObject\",\"inLanguage\":\"fr-FR\",\"@id\":\"https:\\\/\\\/www.cc3rivieres76.com\\\/blog\\\/#\\\/schema\\\/logo\\\/image\\\/\",\"url\":\"https:\\\/\\\/www.cc3rivieres76.com\\\/blog\\\/wp-content\\\/uploads\\\/2023\\\/06\\\/logo-2.png\",\"contentUrl\":\"https:\\\/\\\/www.cc3rivieres76.com\\\/blog\\\/wp-content\\\/uploads\\\/2023\\\/06\\\/logo-2.png\",\"width\":390,\"height\":388,\"caption\":\"cc3rivieres76\"},\"image\":{\"@id\":\"https:\\\/\\\/www.cc3rivieres76.com\\\/blog\\\/#\\\/schema\\\/logo\\\/image\\\/\"}},{\"@type\":\"Person\",\"@id\":\"https:\\\/\\\/www.cc3rivieres76.com\\\/blog\\\/#\\\/schema\\\/person\\\/474d457fb7747b5218f39792dfaa5a1c\",\"name\":\"Sylvie DE LAUZAINGHEIN\",\"image\":{\"@type\":\"ImageObject\",\"inLanguage\":\"fr-FR\",\"@id\":\"https:\\\/\\\/secure.gravatar.com\\\/avatar\\\/9c6a53b19e0a3431aa80de0895b9729fe665cd7e7d6cc94fc11abb152f4237d7?s=96&d=mm&r=g\",\"url\":\"https:\\\/\\\/secure.gravatar.com\\\/avatar\\\/9c6a53b19e0a3431aa80de0895b9729fe665cd7e7d6cc94fc11abb152f4237d7?s=96&d=mm&r=g\",\"contentUrl\":\"https:\\\/\\\/secure.gravatar.com\\\/avatar\\\/9c6a53b19e0a3431aa80de0895b9729fe665cd7e7d6cc94fc11abb152f4237d7?s=96&d=mm&r=g\",\"caption\":\"Sylvie DE LAUZAINGHEIN\"},\"url\":\"https:\\\/\\\/www.cc3rivieres76.com\\\/blog\\\/author\\\/s76sylvie\\\/\"}]}<\/script>\n<!-- \/ Yoast SEO plugin. -->","yoast_head_json":{"title":"Infos fran\u00e7aises: La notation financi\u00e8re de l'espagne pertinee \u00e0 a + aprours un decennie d'efforts couler de la crise - CC3RIVIERES76","robots":{"index":"index","follow":"follow","max-snippet":"max-snippet:-1","max-image-preview":"max-image-preview:large","max-video-preview":"max-video-preview:-1"},"canonical":"https:\/\/www.cc3rivieres76.com\/blog\/infos-francaises-la-notation-financiere-de-lespagne-pertinee-a-a-aprours-un-decennie-defforts-couler-de-la-crise\/","og_locale":"fr_FR","og_type":"article","og_title":"Infos fran\u00e7aises: La notation financi\u00e8re de l'espagne pertinee \u00e0 a + aprours un decennie d'efforts couler de la crise - CC3RIVIERES76","og_description":"Alors que fitch derade la note de la France pour des raisons perdgetaires, S&amp;P, Autre agence de notation financi\u00e8re, Rel\u00e8ve d&rsquo;Un Cran la Note de l&rsquo;Espagne. Elle Passe \u00e0 \u00abA +\u00bb, M\u00eame Niveau Que D\u00e9sormais La France. Uneission union justifi\u00e9e par la culture de l&rsquo;escagne. L&rsquo;Agence Am\u00e9ricaine Sougnine Notamment un de Journie des efforts pour &hellip; Continuer la lecture \u00ab\u00a0Infos fran\u00e7aises: La notation financi\u00e8re de l&rsquo;espagne pertinee \u00e0 a + aprours un decennie d&rsquo;efforts couler de la crise\u00a0\u00bb","og_url":"https:\/\/www.cc3rivieres76.com\/blog\/infos-francaises-la-notation-financiere-de-lespagne-pertinee-a-a-aprours-un-decennie-defforts-couler-de-la-crise\/","og_site_name":"CC3RIVIERES76","article_published_time":"2025-09-13T13:22:02+00:00","og_image":[{"url":"https:\/\/www.cc3rivieres76.com\/blog\/wp-content\/uploads\/2025\/09\/infos-francaises-la-notation-financiere-de-lespagne-pertinee-a-a-aprours-un-decennie-defforts-couler-de-la-crise.jpg","type":"","width":"","height":""}],"author":"Sylvie DE LAUZAINGHEIN","twitter_card":"summary_large_image","twitter_misc":{"\u00c9crit par":"Sylvie DE LAUZAINGHEIN","Dur\u00e9e de lecture estim\u00e9e":"1 minute"},"schema":{"@context":"https:\/\/schema.org","@graph":[{"@type":"Article","@id":"https:\/\/www.cc3rivieres76.com\/blog\/infos-francaises-la-notation-financiere-de-lespagne-pertinee-a-a-aprours-un-decennie-defforts-couler-de-la-crise\/#article","isPartOf":{"@id":"https:\/\/www.cc3rivieres76.com\/blog\/infos-francaises-la-notation-financiere-de-lespagne-pertinee-a-a-aprours-un-decennie-defforts-couler-de-la-crise\/"},"author":{"name":"Sylvie DE LAUZAINGHEIN","@id":"https:\/\/www.cc3rivieres76.com\/blog\/#\/schema\/person\/474d457fb7747b5218f39792dfaa5a1c"},"headline":"Infos fran\u00e7aises: La notation financi\u00e8re de l&rsquo;espagne pertinee \u00e0 a + aprours un decennie d&rsquo;efforts couler de la crise","datePublished":"2025-09-13T13:22:02+00:00","mainEntityOfPage":{"@id":"https:\/\/www.cc3rivieres76.com\/blog\/infos-francaises-la-notation-financiere-de-lespagne-pertinee-a-a-aprours-un-decennie-defforts-couler-de-la-crise\/"},"wordCount":263,"publisher":{"@id":"https:\/\/www.cc3rivieres76.com\/blog\/#organization"},"image":{"@id":"https:\/\/www.cc3rivieres76.com\/blog\/infos-francaises-la-notation-financiere-de-lespagne-pertinee-a-a-aprours-un-decennie-defforts-couler-de-la-crise\/#primaryimage"},"thumbnailUrl":"https:\/\/www.cc3rivieres76.com\/blog\/wp-content\/uploads\/2025\/09\/infos-francaises-la-notation-financiere-de-lespagne-pertinee-a-a-aprours-un-decennie-defforts-couler-de-la-crise.jpg","articleSection":["Les 3 Rivi\u00e8res Dans La Somme:"],"inLanguage":"fr-FR"},{"@type":"WebPage","@id":"https:\/\/www.cc3rivieres76.com\/blog\/infos-francaises-la-notation-financiere-de-lespagne-pertinee-a-a-aprours-un-decennie-defforts-couler-de-la-crise\/","url":"https:\/\/www.cc3rivieres76.com\/blog\/infos-francaises-la-notation-financiere-de-lespagne-pertinee-a-a-aprours-un-decennie-defforts-couler-de-la-crise\/","name":"Infos fran\u00e7aises: La notation financi\u00e8re de l'espagne pertinee \u00e0 a + aprours un decennie d'efforts couler de la crise - CC3RIVIERES76","isPartOf":{"@id":"https:\/\/www.cc3rivieres76.com\/blog\/#website"},"primaryImageOfPage":{"@id":"https:\/\/www.cc3rivieres76.com\/blog\/infos-francaises-la-notation-financiere-de-lespagne-pertinee-a-a-aprours-un-decennie-defforts-couler-de-la-crise\/#primaryimage"},"image":{"@id":"https:\/\/www.cc3rivieres76.com\/blog\/infos-francaises-la-notation-financiere-de-lespagne-pertinee-a-a-aprours-un-decennie-defforts-couler-de-la-crise\/#primaryimage"},"thumbnailUrl":"https:\/\/www.cc3rivieres76.com\/blog\/wp-content\/uploads\/2025\/09\/infos-francaises-la-notation-financiere-de-lespagne-pertinee-a-a-aprours-un-decennie-defforts-couler-de-la-crise.jpg","datePublished":"2025-09-13T13:22:02+00:00","breadcrumb":{"@id":"https:\/\/www.cc3rivieres76.com\/blog\/infos-francaises-la-notation-financiere-de-lespagne-pertinee-a-a-aprours-un-decennie-defforts-couler-de-la-crise\/#breadcrumb"},"inLanguage":"fr-FR","potentialAction":[{"@type":"ReadAction","target":["https:\/\/www.cc3rivieres76.com\/blog\/infos-francaises-la-notation-financiere-de-lespagne-pertinee-a-a-aprours-un-decennie-defforts-couler-de-la-crise\/"]}]},{"@type":"ImageObject","inLanguage":"fr-FR","@id":"https:\/\/www.cc3rivieres76.com\/blog\/infos-francaises-la-notation-financiere-de-lespagne-pertinee-a-a-aprours-un-decennie-defforts-couler-de-la-crise\/#primaryimage","url":"https:\/\/www.cc3rivieres76.com\/blog\/wp-content\/uploads\/2025\/09\/infos-francaises-la-notation-financiere-de-lespagne-pertinee-a-a-aprours-un-decennie-defforts-couler-de-la-crise.jpg","contentUrl":"https:\/\/www.cc3rivieres76.com\/blog\/wp-content\/uploads\/2025\/09\/infos-francaises-la-notation-financiere-de-lespagne-pertinee-a-a-aprours-un-decennie-defforts-couler-de-la-crise.jpg","width":1024,"height":576,"caption":"Infos fran\u00e7aises: La notation financi\u00e8re de l'espagne pertinee \u00e0 a + aprours un decennie d'efforts couler de la crise"},{"@type":"BreadcrumbList","@id":"https:\/\/www.cc3rivieres76.com\/blog\/infos-francaises-la-notation-financiere-de-lespagne-pertinee-a-a-aprours-un-decennie-defforts-couler-de-la-crise\/#breadcrumb","itemListElement":[{"@type":"ListItem","position":1,"name":"Accueil","item":"https:\/\/www.cc3rivieres76.com\/blog\/"},{"@type":"ListItem","position":2,"name":"Infos fran\u00e7aises: La notation financi\u00e8re de l&rsquo;espagne pertinee \u00e0 a + aprours un decennie d&rsquo;efforts couler de la crise"}]},{"@type":"WebSite","@id":"https:\/\/www.cc3rivieres76.com\/blog\/#website","url":"https:\/\/www.cc3rivieres76.com\/blog\/","name":"CC3RIVIERES76","description":"Les 3 rivi\u00e8res dans la Somme.","publisher":{"@id":"https:\/\/www.cc3rivieres76.com\/blog\/#organization"},"potentialAction":[{"@type":"SearchAction","target":{"@type":"EntryPoint","urlTemplate":"https:\/\/www.cc3rivieres76.com\/blog\/?s={search_term_string}"},"query-input":{"@type":"PropertyValueSpecification","valueRequired":true,"valueName":"search_term_string"}}],"inLanguage":"fr-FR"},{"@type":"Organization","@id":"https:\/\/www.cc3rivieres76.com\/blog\/#organization","name":"cc3rivieres76","url":"https:\/\/www.cc3rivieres76.com\/blog\/","logo":{"@type":"ImageObject","inLanguage":"fr-FR","@id":"https:\/\/www.cc3rivieres76.com\/blog\/#\/schema\/logo\/image\/","url":"https:\/\/www.cc3rivieres76.com\/blog\/wp-content\/uploads\/2023\/06\/logo-2.png","contentUrl":"https:\/\/www.cc3rivieres76.com\/blog\/wp-content\/uploads\/2023\/06\/logo-2.png","width":390,"height":388,"caption":"cc3rivieres76"},"image":{"@id":"https:\/\/www.cc3rivieres76.com\/blog\/#\/schema\/logo\/image\/"}},{"@type":"Person","@id":"https:\/\/www.cc3rivieres76.com\/blog\/#\/schema\/person\/474d457fb7747b5218f39792dfaa5a1c","name":"Sylvie DE LAUZAINGHEIN","image":{"@type":"ImageObject","inLanguage":"fr-FR","@id":"https:\/\/secure.gravatar.com\/avatar\/9c6a53b19e0a3431aa80de0895b9729fe665cd7e7d6cc94fc11abb152f4237d7?s=96&d=mm&r=g","url":"https:\/\/secure.gravatar.com\/avatar\/9c6a53b19e0a3431aa80de0895b9729fe665cd7e7d6cc94fc11abb152f4237d7?s=96&d=mm&r=g","contentUrl":"https:\/\/secure.gravatar.com\/avatar\/9c6a53b19e0a3431aa80de0895b9729fe665cd7e7d6cc94fc11abb152f4237d7?s=96&d=mm&r=g","caption":"Sylvie DE LAUZAINGHEIN"},"url":"https:\/\/www.cc3rivieres76.com\/blog\/author\/s76sylvie\/"}]}},"_links":{"self":[{"href":"https:\/\/www.cc3rivieres76.com\/blog\/wp-json\/wp\/v2\/posts\/856","targetHints":{"allow":["GET"]}}],"collection":[{"href":"https:\/\/www.cc3rivieres76.com\/blog\/wp-json\/wp\/v2\/posts"}],"about":[{"href":"https:\/\/www.cc3rivieres76.com\/blog\/wp-json\/wp\/v2\/types\/post"}],"author":[{"embeddable":true,"href":"https:\/\/www.cc3rivieres76.com\/blog\/wp-json\/wp\/v2\/users\/3"}],"replies":[{"embeddable":true,"href":"https:\/\/www.cc3rivieres76.com\/blog\/wp-json\/wp\/v2\/comments?post=856"}],"version-history":[{"count":0,"href":"https:\/\/www.cc3rivieres76.com\/blog\/wp-json\/wp\/v2\/posts\/856\/revisions"}],"wp:featuredmedia":[{"embeddable":true,"href":"https:\/\/www.cc3rivieres76.com\/blog\/wp-json\/wp\/v2\/media\/857"}],"wp:attachment":[{"href":"https:\/\/www.cc3rivieres76.com\/blog\/wp-json\/wp\/v2\/media?parent=856"}],"wp:term":[{"taxonomy":"category","embeddable":true,"href":"https:\/\/www.cc3rivieres76.com\/blog\/wp-json\/wp\/v2\/categories?post=856"},{"taxonomy":"post_tag","embeddable":true,"href":"https:\/\/www.cc3rivieres76.com\/blog\/wp-json\/wp\/v2\/tags?post=856"}],"curies":[{"name":"wp","href":"https:\/\/api.w.org\/{rel}","templated":true}]}}