{"id":870,"date":"2025-09-22T11:28:00","date_gmt":"2025-09-22T09:28:00","guid":{"rendered":"https:\/\/www.site.cdcl.xyz\/2025\/09\/22\/actualites-nationales-la-france-choisit-aujourdhui-la-voie-de-la-paix-france\/"},"modified":"2025-09-22T11:28:00","modified_gmt":"2025-09-22T09:28:00","slug":"actualites-nationales-la-france-choisit-aujourdhui-la-voie-de-la-paix-france","status":"publish","type":"post","link":"https:\/\/www.cc3rivieres76.com\/blog\/actualites-nationales-la-france-choisit-aujourdhui-la-voie-de-la-paix-france\/","title":{"rendered":"Actualit\u00e9s nationales: \u00ab\u00a0La France choisit aujourd\u2019hui la voie de la paix\u00a0\u00bb #France"},"content":{"rendered":"\n<p>En fouillant le web nos r\u00e9dacteurs ont trouv\u00e9 un article qui va vous plaire. Son sujet est \u00ab&nbsp;Actualit\u00e9 fran\u00e7aise&nbsp;\u00bb.<\/p>\n<h2>\nDiffus\u00e9 sur Le Point \u2013 Toute l&rsquo;info en continu, l\u2019article ci-dessous<\/h2>\n<p><u>Signature . <\/u><\/p>\n<p><u>Date et heure de la r\u00e9ception de la d\u00e9p\u00e9che sur notre fil d\u2019info:<\/u><strong><span id=\"date\"><\/span><\/strong><\/p>\n<p><u>Date et heure de publication sur internet:<\/u> <strong><span id=\"datecrea\"><\/span><\/strong><\/p>\n<p><u>Titre exacte donn\u00e9 par le journal \u00e9tait:<\/u> <strong>\u00ab&nbsp;La France choisit aujourd\u2019hui la voie de la paix&nbsp;\u00bb<\/strong><\/p>\n<p><u>Information et contenu publi\u00e9s :<\/u><\/p>\n<p><img decoding=\"async\" src=\"https:\/\/www.cc3rivieres76.com\/blog\/wp-content\/uploads\/2025\/09\/actualites-nationales-la-france-choisit-aujourdhui-la-voie-de-la-paix-france.jpg\"><\/p>\n<div id=\"contenu\"> <!-- include t_www_2023\/pages\/article\/blocs\/tag_pub.tpl --><br \/><!-- include \/t_www_2023\/pages\/article\/blocs\/tag_pub.tpl --><\/p>\n<p><span class=\"dflt-txt__lettrine\">C\u2019<\/span>est une d\u00e9cision qui va entrer dans l\u2019Histoire. Quarante-trois ans apr\u00e8s que Fran\u00e7ois Mitterrand a pour la premi\u00e8re fois \u00e9voqu\u00e9&nbsp;la cr\u00e9ation d\u2019un \u00c9tat palestinien lors d\u2019un discours devant la Knesset, Emmanuel Macron s\u2019appr\u00eate \u00e0 reconna\u00eetre, lundi 22&nbsp;septembre \u00e0 l\u2019ONU, l\u2019\u00c9tat de Palestine lors d\u2019une conf\u00e9rence organis\u00e9e \u00e0 New York en marge de l\u2019Assembl\u00e9e g\u00e9n\u00e9rale des Nations unies.<\/p>\n<section class=\"mbl txtcenter\">\n<p>Le pr\u00e9sident de la R\u00e9publique s\u2019y \u00e9tait publiquement engag\u00e9 au mois d\u2019avril, \u00e0 l\u2019issue d\u2019une visite en \u00c9gypte o\u00f9 il avait rencontr\u00e9&nbsp;des r\u00e9fugi\u00e9s palestiniens de Gaza dans la ville d\u2019El Arish. \u00c0 l\u2019initiative de la diplomatie fran\u00e7aise, une dizaine d\u2019autres pays ont embo\u00eet\u00e9 le pas \u00e0 la France, parmi lesquels l\u2019Australie, le Canada, le Portugal et le Royaume-Uni.<\/p>\n<aside id=\"paywall-1\" class=\"paywall hide-iframe\">\n<div class=\"paywall-content\">\n<p>Toute l\u2019actualit\u00e9 \u00e0 1\u20ac le premier mois<\/p>\n<p>S\u2019abonner<\/p>\n<p><span>ou<\/span><\/p>\n<\/div>\n<\/aside>\n<\/section>\n<\/div>\n<p> <img decoding=\"async\" src=\"https:\/\/www.cc3rivieres76.com\/blog\/wp-content\/uploads\/2025\/09\/actualites-nationales-la-france-choisit-aujourdhui-la-voie-de-la-paix-france.jpg\" alt=\"\u00ab&nbsp;La France choisit aujourd\u2019hui la voie de la paix&nbsp;\u00bb\"><\/p>\n<p>#France #choisit #aujourdhui #voie #paix<\/p>\n<p>Reprise de l\u2019information dans un style journalistique professionnel descriptif en organisant les id\u00e9es dans un ordre coh\u00e9rent avec titres html <\/p>\n<p>Ouvrages sur le m\u00eame sujet:<\/p>\n<p>Droit constitutionnel\/L\u2019\u00c9tat.,<a href=\"https:\/\/fr.wikibooks.org\/wiki\/Droit_constitutionnel\/L%27%C3%89tat\" target=\"_blank\" rel=\"noopener noreferrer nofollow\">Description<\/a><span><\/span>.<\/p>\n<p>La guerre entre la France et l\u2019Allemagne.,<a href=\"https:\/\/www.kobo.com\/fr\/fr\/ebook\/la-guerre-entre-la-france-et-l-allemagne\" target=\"_blank\" rel=\"noopener noreferrer nofollow\">L\u2019ouvrage <\/a><span><\/span>. A emprunter en biblioth\u00e8que.<\/p>\n<p>Photographie\/Th\u00e8mes\/Le graphisme.,<a href=\"https:\/\/fr.wikibooks.org\/wiki\/Photographie\/Th%C3%A8mes\/Le_graphisme\" target=\"_blank\" rel=\"noopener noreferrer nofollow\">Pour en savoir plus<\/a><span><\/span>. A emprunter en biblioth\u00e8que.<\/p>\n<p> Cet article, qui traite du th\u00e8me \u00ab\u00a0Les 3 rivi\u00e8res dans la Somme\u00a0\u00bb, vous est sp\u00e9cialement sugg\u00e9r\u00e9 par cc3rivieres76.com. La chronique est reproduite du mieux possible. Dans le cas o\u00f9 vous souhaitez apporter quelques pr\u00e9cisions concernant le domaine de \u00ab\u00a0Les 3 rivi\u00e8res dans la Somme\u00a0\u00bb vous pouvez solliciter notre r\u00e9daction. La destination de cc3rivieres76.com est de d\u00e9battre de Les 3 rivi\u00e8res dans la Somme dans la transparence en vous apportant la connaissance de tout ce qui est en lien avec ce sujet sur la toile Connectez-vous sur notre site cc3rivieres76.com et nos r\u00e9seaux sociaux dans le but d\u2019\u00eatre inform\u00e9 des futures publications.<\/p>\n","protected":false},"excerpt":{"rendered":"<p>En fouillant le web nos r\u00e9dacteurs ont trouv\u00e9 un article qui va vous plaire. Son sujet est \u00ab&nbsp;Actualit\u00e9 fran\u00e7aise&nbsp;\u00bb. Diffus\u00e9 sur Le Point \u2013 Toute l&rsquo;info en continu, l\u2019article ci-dessous Signature . Date et heure de la r\u00e9ception de la d\u00e9p\u00e9che sur notre fil d\u2019info: Date et heure de publication sur internet: Titre exacte donn\u00e9 &hellip; <\/p>\n<p class=\"link-more\"><a href=\"https:\/\/www.cc3rivieres76.com\/blog\/actualites-nationales-la-france-choisit-aujourdhui-la-voie-de-la-paix-france\/\" class=\"more-link\">Continuer la lecture <span class=\"screen-reader-text\"> \u00ab\u00a0Actualit\u00e9s nationales: \u00ab\u00a0La France choisit aujourd\u2019hui la voie de la paix\u00a0\u00bb #France\u00a0\u00bb<\/span><\/a><\/p>\n","protected":false},"author":3,"featured_media":871,"comment_status":"closed","ping_status":"closed","sticky":false,"template":"","format":"standard","meta":{"footnotes":""},"categories":[2],"tags":[],"class_list":["post-870","post","type-post","status-publish","format-standard","has-post-thumbnail","hentry","category-les-3-rivieres-dans-la-somme","entry"],"yoast_head":"<!-- This site is optimized with the Yoast SEO plugin v27.5 - https:\/\/yoast.com\/product\/yoast-seo-wordpress\/ -->\n<title>Actualit\u00e9s nationales: \u00ab\u00a0La France choisit aujourd\u2019hui la voie de la paix\u00a0\u00bb #France - CC3RIVIERES76<\/title>\n<meta name=\"robots\" content=\"index, follow, max-snippet:-1, max-image-preview:large, max-video-preview:-1\" \/>\n<link rel=\"canonical\" href=\"https:\/\/www.cc3rivieres76.com\/blog\/actualites-nationales-la-france-choisit-aujourdhui-la-voie-de-la-paix-france\/\" \/>\n<meta property=\"og:locale\" content=\"fr_FR\" \/>\n<meta property=\"og:type\" content=\"article\" \/>\n<meta property=\"og:title\" content=\"Actualit\u00e9s nationales: \u00ab\u00a0La France choisit aujourd\u2019hui la voie de la paix\u00a0\u00bb #France - CC3RIVIERES76\" \/>\n<meta property=\"og:description\" content=\"En fouillant le web nos r\u00e9dacteurs ont trouv\u00e9 un article qui va vous plaire. Son sujet est \u00ab&nbsp;Actualit\u00e9 fran\u00e7aise&nbsp;\u00bb. Diffus\u00e9 sur Le Point \u2013 Toute l&rsquo;info en continu, l\u2019article ci-dessous Signature . Date et heure de la r\u00e9ception de la d\u00e9p\u00e9che sur notre fil d\u2019info: Date et heure de publication sur internet: Titre exacte donn\u00e9 &hellip; Continuer la lecture \u00ab\u00a0Actualit\u00e9s nationales: \u00ab\u00a0La France choisit aujourd\u2019hui la voie de la paix\u00a0\u00bb #France\u00a0\u00bb\" \/>\n<meta property=\"og:url\" content=\"https:\/\/www.cc3rivieres76.com\/blog\/actualites-nationales-la-france-choisit-aujourdhui-la-voie-de-la-paix-france\/\" \/>\n<meta property=\"og:site_name\" content=\"CC3RIVIERES76\" \/>\n<meta property=\"article:published_time\" content=\"2025-09-22T09:28:00+00:00\" \/>\n<meta property=\"og:image\" content=\"https:\/\/www.cc3rivieres76.com\/blog\/wp-content\/uploads\/2025\/09\/actualites-nationales-la-france-choisit-aujourdhui-la-voie-de-la-paix-france.jpg\" \/>\n<meta name=\"author\" content=\"Sylvie DE LAUZAINGHEIN\" \/>\n<meta name=\"twitter:card\" content=\"summary_large_image\" \/>\n<meta name=\"twitter:label1\" content=\"\u00c9crit par\" \/>\n\t<meta name=\"twitter:data1\" content=\"Sylvie DE LAUZAINGHEIN\" \/>\n\t<meta name=\"twitter:label2\" content=\"Dur\u00e9e de lecture estim\u00e9e\" \/>\n\t<meta name=\"twitter:data2\" content=\"2 minutes\" \/>\n<script type=\"application\/ld+json\" class=\"yoast-schema-graph\">{\"@context\":\"https:\\\/\\\/schema.org\",\"@graph\":[{\"@type\":\"Article\",\"@id\":\"https:\\\/\\\/www.cc3rivieres76.com\\\/blog\\\/actualites-nationales-la-france-choisit-aujourdhui-la-voie-de-la-paix-france\\\/#article\",\"isPartOf\":{\"@id\":\"https:\\\/\\\/www.cc3rivieres76.com\\\/blog\\\/actualites-nationales-la-france-choisit-aujourdhui-la-voie-de-la-paix-france\\\/\"},\"author\":{\"name\":\"Sylvie DE LAUZAINGHEIN\",\"@id\":\"https:\\\/\\\/www.cc3rivieres76.com\\\/blog\\\/#\\\/schema\\\/person\\\/474d457fb7747b5218f39792dfaa5a1c\"},\"headline\":\"Actualit\u00e9s nationales: \u00ab\u00a0La France choisit aujourd\u2019hui la voie de la paix\u00a0\u00bb #France\",\"datePublished\":\"2025-09-22T09:28:00+00:00\",\"mainEntityOfPage\":{\"@id\":\"https:\\\/\\\/www.cc3rivieres76.com\\\/blog\\\/actualites-nationales-la-france-choisit-aujourdhui-la-voie-de-la-paix-france\\\/\"},\"wordCount\":439,\"publisher\":{\"@id\":\"https:\\\/\\\/www.cc3rivieres76.com\\\/blog\\\/#organization\"},\"image\":{\"@id\":\"https:\\\/\\\/www.cc3rivieres76.com\\\/blog\\\/actualites-nationales-la-france-choisit-aujourdhui-la-voie-de-la-paix-france\\\/#primaryimage\"},\"thumbnailUrl\":\"https:\\\/\\\/www.cc3rivieres76.com\\\/blog\\\/wp-content\\\/uploads\\\/2025\\\/09\\\/actualites-nationales-la-france-choisit-aujourdhui-la-voie-de-la-paix-france.jpg\",\"articleSection\":[\"Les 3 Rivi\u00e8res Dans La Somme:\"],\"inLanguage\":\"fr-FR\"},{\"@type\":\"WebPage\",\"@id\":\"https:\\\/\\\/www.cc3rivieres76.com\\\/blog\\\/actualites-nationales-la-france-choisit-aujourdhui-la-voie-de-la-paix-france\\\/\",\"url\":\"https:\\\/\\\/www.cc3rivieres76.com\\\/blog\\\/actualites-nationales-la-france-choisit-aujourdhui-la-voie-de-la-paix-france\\\/\",\"name\":\"Actualit\u00e9s nationales: \u00ab\u00a0La France choisit aujourd\u2019hui la voie de la paix\u00a0\u00bb #France - CC3RIVIERES76\",\"isPartOf\":{\"@id\":\"https:\\\/\\\/www.cc3rivieres76.com\\\/blog\\\/#website\"},\"primaryImageOfPage\":{\"@id\":\"https:\\\/\\\/www.cc3rivieres76.com\\\/blog\\\/actualites-nationales-la-france-choisit-aujourdhui-la-voie-de-la-paix-france\\\/#primaryimage\"},\"image\":{\"@id\":\"https:\\\/\\\/www.cc3rivieres76.com\\\/blog\\\/actualites-nationales-la-france-choisit-aujourdhui-la-voie-de-la-paix-france\\\/#primaryimage\"},\"thumbnailUrl\":\"https:\\\/\\\/www.cc3rivieres76.com\\\/blog\\\/wp-content\\\/uploads\\\/2025\\\/09\\\/actualites-nationales-la-france-choisit-aujourdhui-la-voie-de-la-paix-france.jpg\",\"datePublished\":\"2025-09-22T09:28:00+00:00\",\"breadcrumb\":{\"@id\":\"https:\\\/\\\/www.cc3rivieres76.com\\\/blog\\\/actualites-nationales-la-france-choisit-aujourdhui-la-voie-de-la-paix-france\\\/#breadcrumb\"},\"inLanguage\":\"fr-FR\",\"potentialAction\":[{\"@type\":\"ReadAction\",\"target\":[\"https:\\\/\\\/www.cc3rivieres76.com\\\/blog\\\/actualites-nationales-la-france-choisit-aujourdhui-la-voie-de-la-paix-france\\\/\"]}]},{\"@type\":\"ImageObject\",\"inLanguage\":\"fr-FR\",\"@id\":\"https:\\\/\\\/www.cc3rivieres76.com\\\/blog\\\/actualites-nationales-la-france-choisit-aujourdhui-la-voie-de-la-paix-france\\\/#primaryimage\",\"url\":\"https:\\\/\\\/www.cc3rivieres76.com\\\/blog\\\/wp-content\\\/uploads\\\/2025\\\/09\\\/actualites-nationales-la-france-choisit-aujourdhui-la-voie-de-la-paix-france.jpg\",\"contentUrl\":\"https:\\\/\\\/www.cc3rivieres76.com\\\/blog\\\/wp-content\\\/uploads\\\/2025\\\/09\\\/actualites-nationales-la-france-choisit-aujourdhui-la-voie-de-la-paix-france.jpg\",\"width\":1439,\"height\":960,\"caption\":\"Actualit\u00e9s nationales: \u00ab\u00a0La France choisit aujourd\u2019hui la voie de la paix\u00a0\u00bb #France\"},{\"@type\":\"BreadcrumbList\",\"@id\":\"https:\\\/\\\/www.cc3rivieres76.com\\\/blog\\\/actualites-nationales-la-france-choisit-aujourdhui-la-voie-de-la-paix-france\\\/#breadcrumb\",\"itemListElement\":[{\"@type\":\"ListItem\",\"position\":1,\"name\":\"Accueil\",\"item\":\"https:\\\/\\\/www.cc3rivieres76.com\\\/blog\\\/\"},{\"@type\":\"ListItem\",\"position\":2,\"name\":\"Actualit\u00e9s nationales: \u00ab\u00a0La France choisit aujourd\u2019hui la voie de la paix\u00a0\u00bb #France\"}]},{\"@type\":\"WebSite\",\"@id\":\"https:\\\/\\\/www.cc3rivieres76.com\\\/blog\\\/#website\",\"url\":\"https:\\\/\\\/www.cc3rivieres76.com\\\/blog\\\/\",\"name\":\"CC3RIVIERES76\",\"description\":\"Les 3 rivi\u00e8res dans la Somme.\",\"publisher\":{\"@id\":\"https:\\\/\\\/www.cc3rivieres76.com\\\/blog\\\/#organization\"},\"potentialAction\":[{\"@type\":\"SearchAction\",\"target\":{\"@type\":\"EntryPoint\",\"urlTemplate\":\"https:\\\/\\\/www.cc3rivieres76.com\\\/blog\\\/?s={search_term_string}\"},\"query-input\":{\"@type\":\"PropertyValueSpecification\",\"valueRequired\":true,\"valueName\":\"search_term_string\"}}],\"inLanguage\":\"fr-FR\"},{\"@type\":\"Organization\",\"@id\":\"https:\\\/\\\/www.cc3rivieres76.com\\\/blog\\\/#organization\",\"name\":\"cc3rivieres76\",\"url\":\"https:\\\/\\\/www.cc3rivieres76.com\\\/blog\\\/\",\"logo\":{\"@type\":\"ImageObject\",\"inLanguage\":\"fr-FR\",\"@id\":\"https:\\\/\\\/www.cc3rivieres76.com\\\/blog\\\/#\\\/schema\\\/logo\\\/image\\\/\",\"url\":\"https:\\\/\\\/www.cc3rivieres76.com\\\/blog\\\/wp-content\\\/uploads\\\/2023\\\/06\\\/logo-2.png\",\"contentUrl\":\"https:\\\/\\\/www.cc3rivieres76.com\\\/blog\\\/wp-content\\\/uploads\\\/2023\\\/06\\\/logo-2.png\",\"width\":390,\"height\":388,\"caption\":\"cc3rivieres76\"},\"image\":{\"@id\":\"https:\\\/\\\/www.cc3rivieres76.com\\\/blog\\\/#\\\/schema\\\/logo\\\/image\\\/\"}},{\"@type\":\"Person\",\"@id\":\"https:\\\/\\\/www.cc3rivieres76.com\\\/blog\\\/#\\\/schema\\\/person\\\/474d457fb7747b5218f39792dfaa5a1c\",\"name\":\"Sylvie DE LAUZAINGHEIN\",\"image\":{\"@type\":\"ImageObject\",\"inLanguage\":\"fr-FR\",\"@id\":\"https:\\\/\\\/secure.gravatar.com\\\/avatar\\\/9c6a53b19e0a3431aa80de0895b9729fe665cd7e7d6cc94fc11abb152f4237d7?s=96&d=mm&r=g\",\"url\":\"https:\\\/\\\/secure.gravatar.com\\\/avatar\\\/9c6a53b19e0a3431aa80de0895b9729fe665cd7e7d6cc94fc11abb152f4237d7?s=96&d=mm&r=g\",\"contentUrl\":\"https:\\\/\\\/secure.gravatar.com\\\/avatar\\\/9c6a53b19e0a3431aa80de0895b9729fe665cd7e7d6cc94fc11abb152f4237d7?s=96&d=mm&r=g\",\"caption\":\"Sylvie DE LAUZAINGHEIN\"},\"url\":\"https:\\\/\\\/www.cc3rivieres76.com\\\/blog\\\/author\\\/s76sylvie\\\/\"}]}<\/script>\n<!-- \/ Yoast SEO plugin. -->","yoast_head_json":{"title":"Actualit\u00e9s nationales: \u00ab\u00a0La France choisit aujourd\u2019hui la voie de la paix\u00a0\u00bb #France - CC3RIVIERES76","robots":{"index":"index","follow":"follow","max-snippet":"max-snippet:-1","max-image-preview":"max-image-preview:large","max-video-preview":"max-video-preview:-1"},"canonical":"https:\/\/www.cc3rivieres76.com\/blog\/actualites-nationales-la-france-choisit-aujourdhui-la-voie-de-la-paix-france\/","og_locale":"fr_FR","og_type":"article","og_title":"Actualit\u00e9s nationales: \u00ab\u00a0La France choisit aujourd\u2019hui la voie de la paix\u00a0\u00bb #France - CC3RIVIERES76","og_description":"En fouillant le web nos r\u00e9dacteurs ont trouv\u00e9 un article qui va vous plaire. Son sujet est \u00ab&nbsp;Actualit\u00e9 fran\u00e7aise&nbsp;\u00bb. Diffus\u00e9 sur Le Point \u2013 Toute l&rsquo;info en continu, l\u2019article ci-dessous Signature . Date et heure de la r\u00e9ception de la d\u00e9p\u00e9che sur notre fil d\u2019info: Date et heure de publication sur internet: Titre exacte donn\u00e9 &hellip; Continuer la lecture \u00ab\u00a0Actualit\u00e9s nationales: \u00ab\u00a0La France choisit aujourd\u2019hui la voie de la paix\u00a0\u00bb #France\u00a0\u00bb","og_url":"https:\/\/www.cc3rivieres76.com\/blog\/actualites-nationales-la-france-choisit-aujourdhui-la-voie-de-la-paix-france\/","og_site_name":"CC3RIVIERES76","article_published_time":"2025-09-22T09:28:00+00:00","og_image":[{"url":"https:\/\/www.cc3rivieres76.com\/blog\/wp-content\/uploads\/2025\/09\/actualites-nationales-la-france-choisit-aujourdhui-la-voie-de-la-paix-france.jpg","type":"","width":"","height":""}],"author":"Sylvie DE LAUZAINGHEIN","twitter_card":"summary_large_image","twitter_misc":{"\u00c9crit par":"Sylvie DE LAUZAINGHEIN","Dur\u00e9e de lecture estim\u00e9e":"2 minutes"},"schema":{"@context":"https:\/\/schema.org","@graph":[{"@type":"Article","@id":"https:\/\/www.cc3rivieres76.com\/blog\/actualites-nationales-la-france-choisit-aujourdhui-la-voie-de-la-paix-france\/#article","isPartOf":{"@id":"https:\/\/www.cc3rivieres76.com\/blog\/actualites-nationales-la-france-choisit-aujourdhui-la-voie-de-la-paix-france\/"},"author":{"name":"Sylvie DE LAUZAINGHEIN","@id":"https:\/\/www.cc3rivieres76.com\/blog\/#\/schema\/person\/474d457fb7747b5218f39792dfaa5a1c"},"headline":"Actualit\u00e9s nationales: \u00ab\u00a0La France choisit aujourd\u2019hui la voie de la paix\u00a0\u00bb #France","datePublished":"2025-09-22T09:28:00+00:00","mainEntityOfPage":{"@id":"https:\/\/www.cc3rivieres76.com\/blog\/actualites-nationales-la-france-choisit-aujourdhui-la-voie-de-la-paix-france\/"},"wordCount":439,"publisher":{"@id":"https:\/\/www.cc3rivieres76.com\/blog\/#organization"},"image":{"@id":"https:\/\/www.cc3rivieres76.com\/blog\/actualites-nationales-la-france-choisit-aujourdhui-la-voie-de-la-paix-france\/#primaryimage"},"thumbnailUrl":"https:\/\/www.cc3rivieres76.com\/blog\/wp-content\/uploads\/2025\/09\/actualites-nationales-la-france-choisit-aujourdhui-la-voie-de-la-paix-france.jpg","articleSection":["Les 3 Rivi\u00e8res Dans La Somme:"],"inLanguage":"fr-FR"},{"@type":"WebPage","@id":"https:\/\/www.cc3rivieres76.com\/blog\/actualites-nationales-la-france-choisit-aujourdhui-la-voie-de-la-paix-france\/","url":"https:\/\/www.cc3rivieres76.com\/blog\/actualites-nationales-la-france-choisit-aujourdhui-la-voie-de-la-paix-france\/","name":"Actualit\u00e9s nationales: \u00ab\u00a0La France choisit aujourd\u2019hui la voie de la paix\u00a0\u00bb #France - CC3RIVIERES76","isPartOf":{"@id":"https:\/\/www.cc3rivieres76.com\/blog\/#website"},"primaryImageOfPage":{"@id":"https:\/\/www.cc3rivieres76.com\/blog\/actualites-nationales-la-france-choisit-aujourdhui-la-voie-de-la-paix-france\/#primaryimage"},"image":{"@id":"https:\/\/www.cc3rivieres76.com\/blog\/actualites-nationales-la-france-choisit-aujourdhui-la-voie-de-la-paix-france\/#primaryimage"},"thumbnailUrl":"https:\/\/www.cc3rivieres76.com\/blog\/wp-content\/uploads\/2025\/09\/actualites-nationales-la-france-choisit-aujourdhui-la-voie-de-la-paix-france.jpg","datePublished":"2025-09-22T09:28:00+00:00","breadcrumb":{"@id":"https:\/\/www.cc3rivieres76.com\/blog\/actualites-nationales-la-france-choisit-aujourdhui-la-voie-de-la-paix-france\/#breadcrumb"},"inLanguage":"fr-FR","potentialAction":[{"@type":"ReadAction","target":["https:\/\/www.cc3rivieres76.com\/blog\/actualites-nationales-la-france-choisit-aujourdhui-la-voie-de-la-paix-france\/"]}]},{"@type":"ImageObject","inLanguage":"fr-FR","@id":"https:\/\/www.cc3rivieres76.com\/blog\/actualites-nationales-la-france-choisit-aujourdhui-la-voie-de-la-paix-france\/#primaryimage","url":"https:\/\/www.cc3rivieres76.com\/blog\/wp-content\/uploads\/2025\/09\/actualites-nationales-la-france-choisit-aujourdhui-la-voie-de-la-paix-france.jpg","contentUrl":"https:\/\/www.cc3rivieres76.com\/blog\/wp-content\/uploads\/2025\/09\/actualites-nationales-la-france-choisit-aujourdhui-la-voie-de-la-paix-france.jpg","width":1439,"height":960,"caption":"Actualit\u00e9s nationales: \u00ab\u00a0La France choisit aujourd\u2019hui la voie de la paix\u00a0\u00bb #France"},{"@type":"BreadcrumbList","@id":"https:\/\/www.cc3rivieres76.com\/blog\/actualites-nationales-la-france-choisit-aujourdhui-la-voie-de-la-paix-france\/#breadcrumb","itemListElement":[{"@type":"ListItem","position":1,"name":"Accueil","item":"https:\/\/www.cc3rivieres76.com\/blog\/"},{"@type":"ListItem","position":2,"name":"Actualit\u00e9s nationales: \u00ab\u00a0La France choisit aujourd\u2019hui la voie de la paix\u00a0\u00bb #France"}]},{"@type":"WebSite","@id":"https:\/\/www.cc3rivieres76.com\/blog\/#website","url":"https:\/\/www.cc3rivieres76.com\/blog\/","name":"CC3RIVIERES76","description":"Les 3 rivi\u00e8res dans la Somme.","publisher":{"@id":"https:\/\/www.cc3rivieres76.com\/blog\/#organization"},"potentialAction":[{"@type":"SearchAction","target":{"@type":"EntryPoint","urlTemplate":"https:\/\/www.cc3rivieres76.com\/blog\/?s={search_term_string}"},"query-input":{"@type":"PropertyValueSpecification","valueRequired":true,"valueName":"search_term_string"}}],"inLanguage":"fr-FR"},{"@type":"Organization","@id":"https:\/\/www.cc3rivieres76.com\/blog\/#organization","name":"cc3rivieres76","url":"https:\/\/www.cc3rivieres76.com\/blog\/","logo":{"@type":"ImageObject","inLanguage":"fr-FR","@id":"https:\/\/www.cc3rivieres76.com\/blog\/#\/schema\/logo\/image\/","url":"https:\/\/www.cc3rivieres76.com\/blog\/wp-content\/uploads\/2023\/06\/logo-2.png","contentUrl":"https:\/\/www.cc3rivieres76.com\/blog\/wp-content\/uploads\/2023\/06\/logo-2.png","width":390,"height":388,"caption":"cc3rivieres76"},"image":{"@id":"https:\/\/www.cc3rivieres76.com\/blog\/#\/schema\/logo\/image\/"}},{"@type":"Person","@id":"https:\/\/www.cc3rivieres76.com\/blog\/#\/schema\/person\/474d457fb7747b5218f39792dfaa5a1c","name":"Sylvie DE LAUZAINGHEIN","image":{"@type":"ImageObject","inLanguage":"fr-FR","@id":"https:\/\/secure.gravatar.com\/avatar\/9c6a53b19e0a3431aa80de0895b9729fe665cd7e7d6cc94fc11abb152f4237d7?s=96&d=mm&r=g","url":"https:\/\/secure.gravatar.com\/avatar\/9c6a53b19e0a3431aa80de0895b9729fe665cd7e7d6cc94fc11abb152f4237d7?s=96&d=mm&r=g","contentUrl":"https:\/\/secure.gravatar.com\/avatar\/9c6a53b19e0a3431aa80de0895b9729fe665cd7e7d6cc94fc11abb152f4237d7?s=96&d=mm&r=g","caption":"Sylvie DE LAUZAINGHEIN"},"url":"https:\/\/www.cc3rivieres76.com\/blog\/author\/s76sylvie\/"}]}},"_links":{"self":[{"href":"https:\/\/www.cc3rivieres76.com\/blog\/wp-json\/wp\/v2\/posts\/870","targetHints":{"allow":["GET"]}}],"collection":[{"href":"https:\/\/www.cc3rivieres76.com\/blog\/wp-json\/wp\/v2\/posts"}],"about":[{"href":"https:\/\/www.cc3rivieres76.com\/blog\/wp-json\/wp\/v2\/types\/post"}],"author":[{"embeddable":true,"href":"https:\/\/www.cc3rivieres76.com\/blog\/wp-json\/wp\/v2\/users\/3"}],"replies":[{"embeddable":true,"href":"https:\/\/www.cc3rivieres76.com\/blog\/wp-json\/wp\/v2\/comments?post=870"}],"version-history":[{"count":0,"href":"https:\/\/www.cc3rivieres76.com\/blog\/wp-json\/wp\/v2\/posts\/870\/revisions"}],"wp:featuredmedia":[{"embeddable":true,"href":"https:\/\/www.cc3rivieres76.com\/blog\/wp-json\/wp\/v2\/media\/871"}],"wp:attachment":[{"href":"https:\/\/www.cc3rivieres76.com\/blog\/wp-json\/wp\/v2\/media?parent=870"}],"wp:term":[{"taxonomy":"category","embeddable":true,"href":"https:\/\/www.cc3rivieres76.com\/blog\/wp-json\/wp\/v2\/categories?post=870"},{"taxonomy":"post_tag","embeddable":true,"href":"https:\/\/www.cc3rivieres76.com\/blog\/wp-json\/wp\/v2\/tags?post=870"}],"curies":[{"name":"wp","href":"https:\/\/api.w.org\/{rel}","templated":true}]}}