{"id":877,"date":"2025-09-25T09:24:00","date_gmt":"2025-09-25T07:24:00","guid":{"rendered":"https:\/\/www.site.cdcl.xyz\/2025\/09\/25\/infos-francaises-jean-michel-aulas-peut-il-conquerir-lyon-france\/"},"modified":"2025-09-25T09:24:00","modified_gmt":"2025-09-25T07:24:00","slug":"infos-francaises-jean-michel-aulas-peut-il-conquerir-lyon-france","status":"publish","type":"post","link":"https:\/\/www.cc3rivieres76.com\/blog\/infos-francaises-jean-michel-aulas-peut-il-conquerir-lyon-france\/","title":{"rendered":"Infos fran\u00e7aises: Jean-Michel Aulas peut-il conqu\u00e9rir Lyon\u00a0? #France"},"content":{"rendered":"\n<p>Voil\u00e0 qui va vous plaire : Un nouvel article que je viens de voir sur internet et que nous vous proposons ci-dessous. Le sujet est \u00ab&nbsp;Actualit\u00e9 fran\u00e7aise&nbsp;\u00bb.<\/p>\n<h2>\nA lire sur Le Point \u2013 Politique, l\u2019article suivant<\/h2>\n<p><u>Signature . <\/u><\/p>\n<p><u>Date et heure de la r\u00e9ception de la d\u00e9p\u00e9che sur notre fil d\u2019info:<\/u><strong><span id=\"date\"><\/span><\/strong><\/p>\n<p><u>Date et heure de publication sur internet:<\/u> <strong><span id=\"datecrea\"><\/span><\/strong><\/p>\n<p><u>Titre exacte donn\u00e9 par le journal \u00e9tait:<\/u> <strong>Jean-Michel Aulas peut-il conqu\u00e9rir Lyon&nbsp;?<\/strong><\/p>\n<p><u>Information et contenu publi\u00e9s :<\/u><\/p>\n<p><img decoding=\"async\" src=\"https:\/\/www.cc3rivieres76.com\/blog\/wp-content\/uploads\/2025\/09\/infos-francaises-jean-michel-aulas-peut-il-conquerir-lyon-france.jpg\"><\/p>\n<div id=\"contenu\"> <!-- include t_www_2023\/pages\/article\/blocs\/tag_pub.tpl --><br \/><!-- include \/t_www_2023\/pages\/article\/blocs\/tag_pub.tpl --><\/p>\n<p><span class=\"dflt-txt__lettrine\">J<\/span>ean-Michel Aulas peut-il devenir le maire de Lyon&nbsp;? La question enflamme la ville depuis le 16&nbsp;f\u00e9vrier. Ce jour-l\u00e0, l\u2019ancien patron de l\u2019OL l\u00e2che au Figaro une petite phrase lourde de promesses&nbsp;: \u00ab&nbsp;J\u2019y r\u00e9fl\u00e9chis, bien s\u00fbr.&nbsp;\u00bb Le lendemain, dans les caf\u00e9s, sur les r\u00e9seaux sociaux, tout le monde s\u2019interroge&nbsp;: Aulas en politique&nbsp;? Un petit groupe se met en mouvement. Baptis\u00e9 G\u00e9n\u00e9ration Aulas, il r\u00e9unit une vingtaine de Lyonnais \u00e2g\u00e9s de 20&nbsp;\u00e0 32&nbsp;ans, qui ne sont pas tous politis\u00e9s. \u00ab&nbsp;Il est le seul \u00e0 pouvoir porter une alternative&nbsp;\u00bb, explique Lucas Ciampi, l\u2019un de ses animateurs. Lorsqu\u2019ils contactent Aulas, il leur r\u00e9pond sans d\u00e9tour. Tr\u00e8s vite, une boucle WhatsApp s\u2019ouvre et le collectif s\u2019\u00e9largit, les tweets fusent. Lucas Ciampi insiste&nbsp;: \u00ab&nbsp;Ce n\u2019est pas Aulas qui \u00e9crit nos posts.&nbsp;\u00bb Avant\u2026<\/p>\n<aside id=\"paywall-1\" class=\"paywall hide-iframe\">\n<div class=\"paywall-content\">\n<p>Toute l\u2019actualit\u00e9 \u00e0 1\u20ac le premier mois<\/p>\n<p>S\u2019abonner<\/p>\n<p><span>ou<\/span><\/p>\n<\/div>\n<\/aside>\n<div id=\"art-politique-nlpolitique\">\n<div id=\"newsletter\" class=\"bloc-1 title-top\">\n<span class=\"h2\">La newsletter politique<\/span><\/p>\n<div class=\"step-1\">\n<p class=\"period\">Tous les lundis \u00e0 11h30<\/p>\n<p>Recevez en avant-premi\u00e8re les informations et analyses politiques de la r\u00e9daction du Point.<\/p>\n<\/div>\n<div class=\"step-2\">\n<p>Merci !<br \/>Votre inscription a bien \u00e9t\u00e9 prise en compte avec l\u2019adresse email :<br \/><span class=\"email-sended\"><\/span><\/p>\n<p>Pour d\u00e9couvrir toutes nos autres newsletters, rendez-vous ici : MonCompte<\/p>\n<\/div>\n<p>En vous inscrivant, vous acceptez les conditions g\u00e9n\u00e9rales d\u2019utilisations et notre politique de confidentialit\u00e9.<\/p>\n<\/div>\n<\/div>\n<\/div>\n<p> <img decoding=\"async\" src=\"https:\/\/www.cc3rivieres76.com\/blog\/wp-content\/uploads\/2025\/09\/infos-francaises-jean-michel-aulas-peut-il-conquerir-lyon-france.jpg\" alt=\"Jean-Michel Aulas peut-il conqu\u00e9rir Lyon&nbsp;?\"><\/p>\n<p>#JeanMichel #Aulas #peutil #conqu\u00e9rir #Lyon<\/p>\n<p>Reprise de l\u2019information dans un style journalistique professionnel descriptif en organisant les id\u00e9es dans un ordre coh\u00e9rent avec titres html <\/p>\n<p>Livres sur le m\u00eame th\u00e8me:<\/p>\n<p>La complicit\u00e9 de la France dans le g\u00e9nocide des Tutsi au Rwanda.,<a href=\"https:\/\/www.kobo.com\/fr\/fr\/ebook\/la-complicite-de-la-france-dans-le-genocide-des-tutsi-au-rwanda-15-ans-apres-15-questions-pour-comprendre-1\" target=\"_blank\" rel=\"noopener noreferrer nofollow\">(la couverture) <\/a><span><\/span>.<\/p>\n<p>Les Juifs contre la France.,<a href=\"https:\/\/www.kobo.com\/fr\/fr\/ebook\/les-juifs-contre-la-france\" target=\"_blank\" rel=\"noopener noreferrer nofollow\">sur ce lien la fiche de pr\u00e9sentation<\/a><span><\/span>. A emprunter en biblioth\u00e8que.<\/p>\n<p>S\u00e9curit\u00e9 des syst\u00e8mes informatiques\/S\u00e9curit\u00e9 informatique\/Configuration des traces et mots de passe Windows.,<a href=\"https:\/\/fr.wikibooks.org\/wiki\/S%C3%A9curit%C3%A9_des_syst%C3%A8mes_informatiques\/S%C3%A9curit%C3%A9_informatique\/Configuration_des_traces_et_mots_de_passe_Windows\" target=\"_blank\" rel=\"noopener noreferrer nofollow\">Redirection vers la fiche de de l\u2019\u00e9diteur<\/a><span><\/span>. Disponible \u00e0 l\u2019achat sur les plateformes Amazon, Fnac, Cultura \u2026.<\/p>\n<p> Cet article, qui traite du th\u00e8me \u00ab\u00a0Les 3 rivi\u00e8res dans la Somme\u00a0\u00bb, vous est sp\u00e9cialement sugg\u00e9r\u00e9 par cc3rivieres76.com. La chronique est reproduite du mieux possible. Dans le cas o\u00f9 vous souhaitez apporter quelques pr\u00e9cisions concernant le domaine de \u00ab\u00a0Les 3 rivi\u00e8res dans la Somme\u00a0\u00bb vous pouvez solliciter notre r\u00e9daction. La destination de cc3rivieres76.com est de d\u00e9battre de Les 3 rivi\u00e8res dans la Somme dans la transparence en vous apportant la connaissance de tout ce qui est en lien avec ce sujet sur la toile Connectez-vous sur notre site cc3rivieres76.com et nos r\u00e9seaux sociaux dans le but d\u2019\u00eatre inform\u00e9 des futures publications.<\/p>\n","protected":false},"excerpt":{"rendered":"<p>Voil\u00e0 qui va vous plaire : Un nouvel article que je viens de voir sur internet et que nous vous proposons ci-dessous. Le sujet est \u00ab&nbsp;Actualit\u00e9 fran\u00e7aise&nbsp;\u00bb. A lire sur Le Point \u2013 Politique, l\u2019article suivant Signature . Date et heure de la r\u00e9ception de la d\u00e9p\u00e9che sur notre fil d\u2019info: Date et heure de &hellip; <\/p>\n<p class=\"link-more\"><a href=\"https:\/\/www.cc3rivieres76.com\/blog\/infos-francaises-jean-michel-aulas-peut-il-conquerir-lyon-france\/\" class=\"more-link\">Continuer la lecture <span class=\"screen-reader-text\"> \u00ab\u00a0Infos fran\u00e7aises: Jean-Michel Aulas peut-il conqu\u00e9rir Lyon\u00a0? #France\u00a0\u00bb<\/span><\/a><\/p>\n","protected":false},"author":3,"featured_media":878,"comment_status":"closed","ping_status":"closed","sticky":false,"template":"","format":"standard","meta":{"footnotes":""},"categories":[2],"tags":[],"class_list":["post-877","post","type-post","status-publish","format-standard","has-post-thumbnail","hentry","category-les-3-rivieres-dans-la-somme","entry"],"yoast_head":"<!-- This site is optimized with the Yoast SEO plugin v27.5 - https:\/\/yoast.com\/product\/yoast-seo-wordpress\/ -->\n<title>Infos fran\u00e7aises: Jean-Michel Aulas peut-il conqu\u00e9rir Lyon\u00a0? #France - CC3RIVIERES76<\/title>\n<meta name=\"robots\" content=\"index, follow, max-snippet:-1, max-image-preview:large, max-video-preview:-1\" \/>\n<link rel=\"canonical\" href=\"https:\/\/www.cc3rivieres76.com\/blog\/infos-francaises-jean-michel-aulas-peut-il-conquerir-lyon-france\/\" \/>\n<meta property=\"og:locale\" content=\"fr_FR\" \/>\n<meta property=\"og:type\" content=\"article\" \/>\n<meta property=\"og:title\" content=\"Infos fran\u00e7aises: Jean-Michel Aulas peut-il conqu\u00e9rir Lyon\u00a0? #France - CC3RIVIERES76\" \/>\n<meta property=\"og:description\" content=\"Voil\u00e0 qui va vous plaire : Un nouvel article que je viens de voir sur internet et que nous vous proposons ci-dessous. Le sujet est \u00ab&nbsp;Actualit\u00e9 fran\u00e7aise&nbsp;\u00bb. A lire sur Le Point \u2013 Politique, l\u2019article suivant Signature . Date et heure de la r\u00e9ception de la d\u00e9p\u00e9che sur notre fil d\u2019info: Date et heure de &hellip; Continuer la lecture \u00ab\u00a0Infos fran\u00e7aises: Jean-Michel Aulas peut-il conqu\u00e9rir Lyon\u00a0? #France\u00a0\u00bb\" \/>\n<meta property=\"og:url\" content=\"https:\/\/www.cc3rivieres76.com\/blog\/infos-francaises-jean-michel-aulas-peut-il-conquerir-lyon-france\/\" \/>\n<meta property=\"og:site_name\" content=\"CC3RIVIERES76\" \/>\n<meta property=\"article:published_time\" content=\"2025-09-25T07:24:00+00:00\" \/>\n<meta property=\"og:image\" content=\"https:\/\/www.cc3rivieres76.com\/blog\/wp-content\/uploads\/2025\/09\/infos-francaises-jean-michel-aulas-peut-il-conquerir-lyon-france.jpg\" \/>\n<meta name=\"author\" content=\"Sylvie DE LAUZAINGHEIN\" \/>\n<meta name=\"twitter:card\" content=\"summary_large_image\" \/>\n<meta name=\"twitter:label1\" content=\"\u00c9crit par\" \/>\n\t<meta name=\"twitter:data1\" content=\"Sylvie DE LAUZAINGHEIN\" \/>\n\t<meta name=\"twitter:label2\" content=\"Dur\u00e9e de lecture estim\u00e9e\" \/>\n\t<meta name=\"twitter:data2\" content=\"3 minutes\" \/>\n<script type=\"application\/ld+json\" class=\"yoast-schema-graph\">{\"@context\":\"https:\\\/\\\/schema.org\",\"@graph\":[{\"@type\":\"Article\",\"@id\":\"https:\\\/\\\/www.cc3rivieres76.com\\\/blog\\\/infos-francaises-jean-michel-aulas-peut-il-conquerir-lyon-france\\\/#article\",\"isPartOf\":{\"@id\":\"https:\\\/\\\/www.cc3rivieres76.com\\\/blog\\\/infos-francaises-jean-michel-aulas-peut-il-conquerir-lyon-france\\\/\"},\"author\":{\"name\":\"Sylvie DE LAUZAINGHEIN\",\"@id\":\"https:\\\/\\\/www.cc3rivieres76.com\\\/blog\\\/#\\\/schema\\\/person\\\/474d457fb7747b5218f39792dfaa5a1c\"},\"headline\":\"Infos fran\u00e7aises: Jean-Michel Aulas peut-il conqu\u00e9rir Lyon\u00a0? #France\",\"datePublished\":\"2025-09-25T07:24:00+00:00\",\"mainEntityOfPage\":{\"@id\":\"https:\\\/\\\/www.cc3rivieres76.com\\\/blog\\\/infos-francaises-jean-michel-aulas-peut-il-conquerir-lyon-france\\\/\"},\"wordCount\":543,\"publisher\":{\"@id\":\"https:\\\/\\\/www.cc3rivieres76.com\\\/blog\\\/#organization\"},\"image\":{\"@id\":\"https:\\\/\\\/www.cc3rivieres76.com\\\/blog\\\/infos-francaises-jean-michel-aulas-peut-il-conquerir-lyon-france\\\/#primaryimage\"},\"thumbnailUrl\":\"https:\\\/\\\/www.cc3rivieres76.com\\\/blog\\\/wp-content\\\/uploads\\\/2025\\\/09\\\/infos-francaises-jean-michel-aulas-peut-il-conquerir-lyon-france.jpg\",\"articleSection\":[\"Les 3 Rivi\u00e8res Dans La Somme:\"],\"inLanguage\":\"fr-FR\"},{\"@type\":\"WebPage\",\"@id\":\"https:\\\/\\\/www.cc3rivieres76.com\\\/blog\\\/infos-francaises-jean-michel-aulas-peut-il-conquerir-lyon-france\\\/\",\"url\":\"https:\\\/\\\/www.cc3rivieres76.com\\\/blog\\\/infos-francaises-jean-michel-aulas-peut-il-conquerir-lyon-france\\\/\",\"name\":\"Infos fran\u00e7aises: Jean-Michel Aulas peut-il conqu\u00e9rir Lyon\u00a0? #France - CC3RIVIERES76\",\"isPartOf\":{\"@id\":\"https:\\\/\\\/www.cc3rivieres76.com\\\/blog\\\/#website\"},\"primaryImageOfPage\":{\"@id\":\"https:\\\/\\\/www.cc3rivieres76.com\\\/blog\\\/infos-francaises-jean-michel-aulas-peut-il-conquerir-lyon-france\\\/#primaryimage\"},\"image\":{\"@id\":\"https:\\\/\\\/www.cc3rivieres76.com\\\/blog\\\/infos-francaises-jean-michel-aulas-peut-il-conquerir-lyon-france\\\/#primaryimage\"},\"thumbnailUrl\":\"https:\\\/\\\/www.cc3rivieres76.com\\\/blog\\\/wp-content\\\/uploads\\\/2025\\\/09\\\/infos-francaises-jean-michel-aulas-peut-il-conquerir-lyon-france.jpg\",\"datePublished\":\"2025-09-25T07:24:00+00:00\",\"breadcrumb\":{\"@id\":\"https:\\\/\\\/www.cc3rivieres76.com\\\/blog\\\/infos-francaises-jean-michel-aulas-peut-il-conquerir-lyon-france\\\/#breadcrumb\"},\"inLanguage\":\"fr-FR\",\"potentialAction\":[{\"@type\":\"ReadAction\",\"target\":[\"https:\\\/\\\/www.cc3rivieres76.com\\\/blog\\\/infos-francaises-jean-michel-aulas-peut-il-conquerir-lyon-france\\\/\"]}]},{\"@type\":\"ImageObject\",\"inLanguage\":\"fr-FR\",\"@id\":\"https:\\\/\\\/www.cc3rivieres76.com\\\/blog\\\/infos-francaises-jean-michel-aulas-peut-il-conquerir-lyon-france\\\/#primaryimage\",\"url\":\"https:\\\/\\\/www.cc3rivieres76.com\\\/blog\\\/wp-content\\\/uploads\\\/2025\\\/09\\\/infos-francaises-jean-michel-aulas-peut-il-conquerir-lyon-france.jpg\",\"contentUrl\":\"https:\\\/\\\/www.cc3rivieres76.com\\\/blog\\\/wp-content\\\/uploads\\\/2025\\\/09\\\/infos-francaises-jean-michel-aulas-peut-il-conquerir-lyon-france.jpg\",\"width\":1440,\"height\":720,\"caption\":\"Infos fran\u00e7aises: Jean Michel Aulas peut il conqu\u00e9rir Lyon\u00a0? #France\"},{\"@type\":\"BreadcrumbList\",\"@id\":\"https:\\\/\\\/www.cc3rivieres76.com\\\/blog\\\/infos-francaises-jean-michel-aulas-peut-il-conquerir-lyon-france\\\/#breadcrumb\",\"itemListElement\":[{\"@type\":\"ListItem\",\"position\":1,\"name\":\"Accueil\",\"item\":\"https:\\\/\\\/www.cc3rivieres76.com\\\/blog\\\/\"},{\"@type\":\"ListItem\",\"position\":2,\"name\":\"Infos fran\u00e7aises: Jean-Michel Aulas peut-il conqu\u00e9rir Lyon\u00a0? #France\"}]},{\"@type\":\"WebSite\",\"@id\":\"https:\\\/\\\/www.cc3rivieres76.com\\\/blog\\\/#website\",\"url\":\"https:\\\/\\\/www.cc3rivieres76.com\\\/blog\\\/\",\"name\":\"CC3RIVIERES76\",\"description\":\"Les 3 rivi\u00e8res dans la Somme.\",\"publisher\":{\"@id\":\"https:\\\/\\\/www.cc3rivieres76.com\\\/blog\\\/#organization\"},\"potentialAction\":[{\"@type\":\"SearchAction\",\"target\":{\"@type\":\"EntryPoint\",\"urlTemplate\":\"https:\\\/\\\/www.cc3rivieres76.com\\\/blog\\\/?s={search_term_string}\"},\"query-input\":{\"@type\":\"PropertyValueSpecification\",\"valueRequired\":true,\"valueName\":\"search_term_string\"}}],\"inLanguage\":\"fr-FR\"},{\"@type\":\"Organization\",\"@id\":\"https:\\\/\\\/www.cc3rivieres76.com\\\/blog\\\/#organization\",\"name\":\"cc3rivieres76\",\"url\":\"https:\\\/\\\/www.cc3rivieres76.com\\\/blog\\\/\",\"logo\":{\"@type\":\"ImageObject\",\"inLanguage\":\"fr-FR\",\"@id\":\"https:\\\/\\\/www.cc3rivieres76.com\\\/blog\\\/#\\\/schema\\\/logo\\\/image\\\/\",\"url\":\"https:\\\/\\\/www.cc3rivieres76.com\\\/blog\\\/wp-content\\\/uploads\\\/2023\\\/06\\\/logo-2.png\",\"contentUrl\":\"https:\\\/\\\/www.cc3rivieres76.com\\\/blog\\\/wp-content\\\/uploads\\\/2023\\\/06\\\/logo-2.png\",\"width\":390,\"height\":388,\"caption\":\"cc3rivieres76\"},\"image\":{\"@id\":\"https:\\\/\\\/www.cc3rivieres76.com\\\/blog\\\/#\\\/schema\\\/logo\\\/image\\\/\"}},{\"@type\":\"Person\",\"@id\":\"https:\\\/\\\/www.cc3rivieres76.com\\\/blog\\\/#\\\/schema\\\/person\\\/474d457fb7747b5218f39792dfaa5a1c\",\"name\":\"Sylvie DE LAUZAINGHEIN\",\"image\":{\"@type\":\"ImageObject\",\"inLanguage\":\"fr-FR\",\"@id\":\"https:\\\/\\\/secure.gravatar.com\\\/avatar\\\/9c6a53b19e0a3431aa80de0895b9729fe665cd7e7d6cc94fc11abb152f4237d7?s=96&d=mm&r=g\",\"url\":\"https:\\\/\\\/secure.gravatar.com\\\/avatar\\\/9c6a53b19e0a3431aa80de0895b9729fe665cd7e7d6cc94fc11abb152f4237d7?s=96&d=mm&r=g\",\"contentUrl\":\"https:\\\/\\\/secure.gravatar.com\\\/avatar\\\/9c6a53b19e0a3431aa80de0895b9729fe665cd7e7d6cc94fc11abb152f4237d7?s=96&d=mm&r=g\",\"caption\":\"Sylvie DE LAUZAINGHEIN\"},\"url\":\"https:\\\/\\\/www.cc3rivieres76.com\\\/blog\\\/author\\\/s76sylvie\\\/\"}]}<\/script>\n<!-- \/ Yoast SEO plugin. -->","yoast_head_json":{"title":"Infos fran\u00e7aises: Jean-Michel Aulas peut-il conqu\u00e9rir Lyon\u00a0? #France - CC3RIVIERES76","robots":{"index":"index","follow":"follow","max-snippet":"max-snippet:-1","max-image-preview":"max-image-preview:large","max-video-preview":"max-video-preview:-1"},"canonical":"https:\/\/www.cc3rivieres76.com\/blog\/infos-francaises-jean-michel-aulas-peut-il-conquerir-lyon-france\/","og_locale":"fr_FR","og_type":"article","og_title":"Infos fran\u00e7aises: Jean-Michel Aulas peut-il conqu\u00e9rir Lyon\u00a0? #France - CC3RIVIERES76","og_description":"Voil\u00e0 qui va vous plaire : Un nouvel article que je viens de voir sur internet et que nous vous proposons ci-dessous. Le sujet est \u00ab&nbsp;Actualit\u00e9 fran\u00e7aise&nbsp;\u00bb. A lire sur Le Point \u2013 Politique, l\u2019article suivant Signature . Date et heure de la r\u00e9ception de la d\u00e9p\u00e9che sur notre fil d\u2019info: Date et heure de &hellip; Continuer la lecture \u00ab\u00a0Infos fran\u00e7aises: Jean-Michel Aulas peut-il conqu\u00e9rir Lyon\u00a0? #France\u00a0\u00bb","og_url":"https:\/\/www.cc3rivieres76.com\/blog\/infos-francaises-jean-michel-aulas-peut-il-conquerir-lyon-france\/","og_site_name":"CC3RIVIERES76","article_published_time":"2025-09-25T07:24:00+00:00","og_image":[{"url":"https:\/\/www.cc3rivieres76.com\/blog\/wp-content\/uploads\/2025\/09\/infos-francaises-jean-michel-aulas-peut-il-conquerir-lyon-france.jpg","type":"","width":"","height":""}],"author":"Sylvie DE LAUZAINGHEIN","twitter_card":"summary_large_image","twitter_misc":{"\u00c9crit par":"Sylvie DE LAUZAINGHEIN","Dur\u00e9e de lecture estim\u00e9e":"3 minutes"},"schema":{"@context":"https:\/\/schema.org","@graph":[{"@type":"Article","@id":"https:\/\/www.cc3rivieres76.com\/blog\/infos-francaises-jean-michel-aulas-peut-il-conquerir-lyon-france\/#article","isPartOf":{"@id":"https:\/\/www.cc3rivieres76.com\/blog\/infos-francaises-jean-michel-aulas-peut-il-conquerir-lyon-france\/"},"author":{"name":"Sylvie DE LAUZAINGHEIN","@id":"https:\/\/www.cc3rivieres76.com\/blog\/#\/schema\/person\/474d457fb7747b5218f39792dfaa5a1c"},"headline":"Infos fran\u00e7aises: Jean-Michel Aulas peut-il conqu\u00e9rir Lyon\u00a0? #France","datePublished":"2025-09-25T07:24:00+00:00","mainEntityOfPage":{"@id":"https:\/\/www.cc3rivieres76.com\/blog\/infos-francaises-jean-michel-aulas-peut-il-conquerir-lyon-france\/"},"wordCount":543,"publisher":{"@id":"https:\/\/www.cc3rivieres76.com\/blog\/#organization"},"image":{"@id":"https:\/\/www.cc3rivieres76.com\/blog\/infos-francaises-jean-michel-aulas-peut-il-conquerir-lyon-france\/#primaryimage"},"thumbnailUrl":"https:\/\/www.cc3rivieres76.com\/blog\/wp-content\/uploads\/2025\/09\/infos-francaises-jean-michel-aulas-peut-il-conquerir-lyon-france.jpg","articleSection":["Les 3 Rivi\u00e8res Dans La Somme:"],"inLanguage":"fr-FR"},{"@type":"WebPage","@id":"https:\/\/www.cc3rivieres76.com\/blog\/infos-francaises-jean-michel-aulas-peut-il-conquerir-lyon-france\/","url":"https:\/\/www.cc3rivieres76.com\/blog\/infos-francaises-jean-michel-aulas-peut-il-conquerir-lyon-france\/","name":"Infos fran\u00e7aises: Jean-Michel Aulas peut-il conqu\u00e9rir Lyon\u00a0? #France - CC3RIVIERES76","isPartOf":{"@id":"https:\/\/www.cc3rivieres76.com\/blog\/#website"},"primaryImageOfPage":{"@id":"https:\/\/www.cc3rivieres76.com\/blog\/infos-francaises-jean-michel-aulas-peut-il-conquerir-lyon-france\/#primaryimage"},"image":{"@id":"https:\/\/www.cc3rivieres76.com\/blog\/infos-francaises-jean-michel-aulas-peut-il-conquerir-lyon-france\/#primaryimage"},"thumbnailUrl":"https:\/\/www.cc3rivieres76.com\/blog\/wp-content\/uploads\/2025\/09\/infos-francaises-jean-michel-aulas-peut-il-conquerir-lyon-france.jpg","datePublished":"2025-09-25T07:24:00+00:00","breadcrumb":{"@id":"https:\/\/www.cc3rivieres76.com\/blog\/infos-francaises-jean-michel-aulas-peut-il-conquerir-lyon-france\/#breadcrumb"},"inLanguage":"fr-FR","potentialAction":[{"@type":"ReadAction","target":["https:\/\/www.cc3rivieres76.com\/blog\/infos-francaises-jean-michel-aulas-peut-il-conquerir-lyon-france\/"]}]},{"@type":"ImageObject","inLanguage":"fr-FR","@id":"https:\/\/www.cc3rivieres76.com\/blog\/infos-francaises-jean-michel-aulas-peut-il-conquerir-lyon-france\/#primaryimage","url":"https:\/\/www.cc3rivieres76.com\/blog\/wp-content\/uploads\/2025\/09\/infos-francaises-jean-michel-aulas-peut-il-conquerir-lyon-france.jpg","contentUrl":"https:\/\/www.cc3rivieres76.com\/blog\/wp-content\/uploads\/2025\/09\/infos-francaises-jean-michel-aulas-peut-il-conquerir-lyon-france.jpg","width":1440,"height":720,"caption":"Infos fran\u00e7aises: Jean Michel Aulas peut il conqu\u00e9rir Lyon\u00a0? #France"},{"@type":"BreadcrumbList","@id":"https:\/\/www.cc3rivieres76.com\/blog\/infos-francaises-jean-michel-aulas-peut-il-conquerir-lyon-france\/#breadcrumb","itemListElement":[{"@type":"ListItem","position":1,"name":"Accueil","item":"https:\/\/www.cc3rivieres76.com\/blog\/"},{"@type":"ListItem","position":2,"name":"Infos fran\u00e7aises: Jean-Michel Aulas peut-il conqu\u00e9rir Lyon\u00a0? #France"}]},{"@type":"WebSite","@id":"https:\/\/www.cc3rivieres76.com\/blog\/#website","url":"https:\/\/www.cc3rivieres76.com\/blog\/","name":"CC3RIVIERES76","description":"Les 3 rivi\u00e8res dans la Somme.","publisher":{"@id":"https:\/\/www.cc3rivieres76.com\/blog\/#organization"},"potentialAction":[{"@type":"SearchAction","target":{"@type":"EntryPoint","urlTemplate":"https:\/\/www.cc3rivieres76.com\/blog\/?s={search_term_string}"},"query-input":{"@type":"PropertyValueSpecification","valueRequired":true,"valueName":"search_term_string"}}],"inLanguage":"fr-FR"},{"@type":"Organization","@id":"https:\/\/www.cc3rivieres76.com\/blog\/#organization","name":"cc3rivieres76","url":"https:\/\/www.cc3rivieres76.com\/blog\/","logo":{"@type":"ImageObject","inLanguage":"fr-FR","@id":"https:\/\/www.cc3rivieres76.com\/blog\/#\/schema\/logo\/image\/","url":"https:\/\/www.cc3rivieres76.com\/blog\/wp-content\/uploads\/2023\/06\/logo-2.png","contentUrl":"https:\/\/www.cc3rivieres76.com\/blog\/wp-content\/uploads\/2023\/06\/logo-2.png","width":390,"height":388,"caption":"cc3rivieres76"},"image":{"@id":"https:\/\/www.cc3rivieres76.com\/blog\/#\/schema\/logo\/image\/"}},{"@type":"Person","@id":"https:\/\/www.cc3rivieres76.com\/blog\/#\/schema\/person\/474d457fb7747b5218f39792dfaa5a1c","name":"Sylvie DE LAUZAINGHEIN","image":{"@type":"ImageObject","inLanguage":"fr-FR","@id":"https:\/\/secure.gravatar.com\/avatar\/9c6a53b19e0a3431aa80de0895b9729fe665cd7e7d6cc94fc11abb152f4237d7?s=96&d=mm&r=g","url":"https:\/\/secure.gravatar.com\/avatar\/9c6a53b19e0a3431aa80de0895b9729fe665cd7e7d6cc94fc11abb152f4237d7?s=96&d=mm&r=g","contentUrl":"https:\/\/secure.gravatar.com\/avatar\/9c6a53b19e0a3431aa80de0895b9729fe665cd7e7d6cc94fc11abb152f4237d7?s=96&d=mm&r=g","caption":"Sylvie DE LAUZAINGHEIN"},"url":"https:\/\/www.cc3rivieres76.com\/blog\/author\/s76sylvie\/"}]}},"_links":{"self":[{"href":"https:\/\/www.cc3rivieres76.com\/blog\/wp-json\/wp\/v2\/posts\/877","targetHints":{"allow":["GET"]}}],"collection":[{"href":"https:\/\/www.cc3rivieres76.com\/blog\/wp-json\/wp\/v2\/posts"}],"about":[{"href":"https:\/\/www.cc3rivieres76.com\/blog\/wp-json\/wp\/v2\/types\/post"}],"author":[{"embeddable":true,"href":"https:\/\/www.cc3rivieres76.com\/blog\/wp-json\/wp\/v2\/users\/3"}],"replies":[{"embeddable":true,"href":"https:\/\/www.cc3rivieres76.com\/blog\/wp-json\/wp\/v2\/comments?post=877"}],"version-history":[{"count":0,"href":"https:\/\/www.cc3rivieres76.com\/blog\/wp-json\/wp\/v2\/posts\/877\/revisions"}],"wp:featuredmedia":[{"embeddable":true,"href":"https:\/\/www.cc3rivieres76.com\/blog\/wp-json\/wp\/v2\/media\/878"}],"wp:attachment":[{"href":"https:\/\/www.cc3rivieres76.com\/blog\/wp-json\/wp\/v2\/media?parent=877"}],"wp:term":[{"taxonomy":"category","embeddable":true,"href":"https:\/\/www.cc3rivieres76.com\/blog\/wp-json\/wp\/v2\/categories?post=877"},{"taxonomy":"post_tag","embeddable":true,"href":"https:\/\/www.cc3rivieres76.com\/blog\/wp-json\/wp\/v2\/tags?post=877"}],"curies":[{"name":"wp","href":"https:\/\/api.w.org\/{rel}","templated":true}]}}