{"id":889,"date":"2025-09-30T06:53:00","date_gmt":"2025-09-30T04:53:00","guid":{"rendered":"https:\/\/www.site.cdcl.xyz\/2025\/09\/30\/behren-les-forbach-depots-sauvages-a-lentree-de-la-pfisterquelle\/"},"modified":"2025-09-30T06:53:00","modified_gmt":"2025-09-30T04:53:00","slug":"behren-les-forbach-depots-sauvages-a-lentree-de-la-pfisterquelle","status":"publish","type":"post","link":"https:\/\/www.cc3rivieres76.com\/blog\/behren-les-forbach-depots-sauvages-a-lentree-de-la-pfisterquelle\/","title":{"rendered":"Behren-l\u00e8s-Forbach. D\u00e9p\u00f4ts sauvages \u00e0 l\u2019entr\u00e9e de la Pfisterquelle"},"content":{"rendered":"<br \/>\n<h2>\nL\u2019introduction de l\u2019article : Behren-l\u00e8s-Forbach. D\u00e9p\u00f4ts sauvages \u00e0 l\u2019entr\u00e9e de la Pfisterquelle<br \/>\n<\/h2>\n<div>\n<p>Ce contenu est bloqu\u00e9 car vous n\u2019avez pas accept\u00e9 les cookies et autres traceurs.<\/p>\n<p>En cliquant sur <span class=\"bold\">\u00ab J\u2019accepte \u00bb<\/span>les cookies et autres traceurs seront d\u00e9pos\u00e9s et vous pourrez visualiser les contenus <span class=\"consentModule_purpose\"> (<a rel=\"nofollow\" target=\"_blank\" href=\"https:\/\/www.site.cdcl.xyz\/2025\/09\/30\/behren-les-forbach-depots-sauvages-a-lentree-de-la-pfisterquelle\/\" class=\"consentModule_policy\" title=\"Consulter la politique de protection des donn\u00e9es du fournisseur\">plus d\u2019informations<\/a>).<\/span><\/p>\n<p>En cliquant sur <span class=\"bold\">\u00ab J\u2019accepte tous les cookies \u00bb<\/span>vous autorisez des d\u00e9p\u00f4ts de cookies et autres traceurs pour le stockage de vos donn\u00e9es sur nos sites et applications \u00e0 des fins de personnalisation et de ciblage publicitaire.<\/p>\n<p class=\"consentModule_secondaryText\">Vous gardez la possibilit\u00e9 de retirer votre consentement \u00e0 tout moment en consultant notre <a rel=\"nofollow\" target=\"_blank\" href=\"http:\/\/www.bing.com\/protection-des-donnees\" title=\"Consulter notre politique de protection des donn\u00e9es\">politique de protection des donn\u00e9es<\/a>. <\/p>\n<p><a rel=\"nofollow\" target=\"_blank\" href=\"http:\/\/www.bing.com\/news\/javascript:Didomi.notice.show()\" class=\"consentModule_cmp\">G\u00e9rer mes choix<\/a> <\/p>\n<p>\n<br \/><button class=\"acceptConsent\" id title=\"J'accepte\">J\u2019accepte<\/button><br \/>\n<br \/><button class=\"acceptAllConsent\" id title=\"J'accepte tous les cookies\">J\u2019accepte tous les cookies<\/button> <\/p>\n<\/div>\n<p>.\n<\/p>\n<h2>Lutter contre les d\u00e9charges sauvages : quelles sont les options possibles ?<\/h2>\n<h3>Les cl\u00e9s pour un recyclage efficace et une gestion responsable des d\u00e9chets<\/h3>\n<p>Pour lutter contre l\u2019abandon des d\u00e9chets, il est crucial de promouvoir une gestion responsable et durable. Le tri s\u00e9lectif et la valorisation \u00e9nerg\u00e9tique permettent de r\u00e9duire le volume des d\u00e9chets enfouis, limitant leur impact environnemental. L\u2019usage de mat\u00e9riaux recyclables permet \u00e9galement de pr\u00e9venir la production excessive de d\u00e9chets. Par ailleurs, le soutien aux fili\u00e8res de r\u00e9emploi, comme les ressourceries et les associations de collecte, joue un r\u00f4le important dans la promotion de l\u2019\u00e9conomie circulaire.<\/p>\n<h3>Pr\u00e9vention des d\u00e9charges sauvages : initiatives de sensibilisation \u00e0 mettre en \u0153uvre<\/h3>\n<p>Afin de limiter l\u2019essor des d\u00e9charges sauvages, plusieurs actions doivent \u00eatre mises en place. Les campagnes de sensibilisation sont un levier majeur pour expliquer \u00e0 la population les impacts environnementaux et sanitaires des d\u00e9chets abandonn\u00e9s. Le renforcement des contr\u00f4les et des sanctions s\u2019av\u00e8re aussi n\u00e9cessaire pour punir les fautifs. En parall\u00e8le, l\u2019\u00e9largissement des horaires d\u2019ouverture des d\u00e9chetteries et la mise en place de points de collecte mobiles encourageraient la population \u00e0 adopter des pratiques de gestion plus responsables.<\/p>\n<h3>R\u00e9ussites locales et r\u00e9gionales dans la lutte contre les d\u00e9charges sauvages : un mod\u00e8le \u00e0 suivre<\/h3>\n<p>Plusieurs municipalit\u00e9s ont pris des mesures innovantes pour freiner la multiplication des d\u00e9charges sauvages. Des applications de signalement comme \u00ab&nbsp;Je Signale&nbsp;\u00bb permettent \u00e0 chaque citoyen de signaler les d\u00e9p\u00f4ts ill\u00e9gaux pour une prise en charge rapide par les autorit\u00e9s. Parall\u00e8lement, des brigades environnementales patrouillent les espaces publics pour d\u00e9tecter et sanctionner les contrevenants. En outre, des initiatives de recyclage participatif incitent les habitants \u00e0 trier et \u00e0 valoriser leurs d\u00e9chets de mani\u00e8re responsable. Pour contribuer \u00e0 une gestion efficace des d\u00e9chets, <a href=\"https:\/\/www.applijesignale.fr\/\" rel=\"noopener noreferrer \" target=\"_blank\">cliquez ici pour signaler un d\u00e9p\u00f4t sauvage <\/a>et aider les collectivit\u00e9s \u00e0 prendre des mesures imm\u00e9diates.<\/p>\n<h2>Pourquoi les d\u00e9charges sauvages sont-elles un d\u00e9fi pour nos soci\u00e9t\u00e9s ?<\/h2>\n<h3>Les d\u00e9charges sauvages en France : un probl\u00e8me de plus en plus pr\u00e9occupant<\/h3>\n<p>En France, les d\u00e9charges sauvages repr\u00e9sentent un fl\u00e9au de plus en plus pr\u00e9occupant. Des millions de tonnes de d\u00e9chets sont d\u00e9pos\u00e9es ill\u00e9galement chaque ann\u00e9e, engendrant des co\u00fbts importants pour les collectivit\u00e9s locales. Selon l\u2019ADEME, plus de 100 000 sites sont concern\u00e9s, tant dans les zones urbaines que rurales, avec des points noirs recens\u00e9s aux abords des routes et dans les for\u00eats.<\/p>\n<h3>Les causes principales des d\u00e9charges sauvages de d\u00e9chets<\/h3>\n<p>Les raisons de la prolif\u00e9ration des d\u00e9charges sauvages sont multiples. Le co\u00fbt des services de collecte incite certaines personnes \u00e0 abandonner leurs d\u00e9chets ill\u00e9galement, par manque de temps ou pour \u00e9viter de payer. Le manque d\u2019infrastructures adapt\u00e9es dans les zones rurales contribue \u00e0 la situation. Par ailleurs, l\u2019ignorance des effets n\u00e9fastes de ces actes sur l\u2019environnement et la sant\u00e9 publique, ainsi que l\u2019absence de contr\u00f4les efficaces, permettent \u00e0 ce ph\u00e9nom\u00e8ne de se maintenir.<\/p>\n<h3>Qu\u2019est-ce qu\u2019une d\u00e9charge sauvage et pourquoi est-elle probl\u00e9matique ?<\/h3>\n<p>Un site de d\u00e9charge sauvage est un espace o\u00f9 des d\u00e9chets sont jet\u00e9s ill\u00e9galement, g\u00e9n\u00e9ralement dans la nature, le long des routes ou sur des terrains non destin\u00e9s \u00e0 cet usage. \u00c0 l\u2019inverse des sites r\u00e9glement\u00e9s, ces d\u00e9charges \u00e9chappent \u00e0 tout contr\u00f4le, favorisant la pollution des sols et des eaux. Les d\u00e9chets peuvent \u00eatre des ordures m\u00e9nag\u00e8res, des gravats, des d\u00e9chets du BTP ou des mati\u00e8res dangereuses.<\/p>\n<h2>L\u2019impact des D\u00e9charges Ill\u00e9gales : Prot\u00e9ger la Nature et la Sant\u00e9 avant Tout<\/h2>\n<p>R\u00e9duire les d\u00e9charges sauvages n\u00e9cessite un effort global. Par la sensibilisation, l\u2019adoption de lois plus strictes et l\u2019impl\u00e9mentation de solutions locales, il est possible de stopper l\u2019abandon ill\u00e9gal de d\u00e9chets. Chaque action, m\u00eame modeste, comme trier ou signaler, est essentielle pour prot\u00e9ger l\u2019environnement.<\/p>\n<h2>Les effets sur la sant\u00e9 et l\u2019environnement des d\u00e9p\u00f4ts ill\u00e9gaux de d\u00e9chets<\/h2>\n<h3>Les d\u00e9charges ill\u00e9gales et leurs cons\u00e9quences sur le climat et l\u2019efficacit\u00e9 \u00e9nerg\u00e9tique<\/h3>\n<p>Les d\u00e9chets laiss\u00e9s \u00e0 l\u2019abandon \u00e9mettent du m\u00e9thane, un gaz \u00e0 effet de serre bien plus puissant que le CO\u2082, amplifiant ainsi le r\u00e9chauffement climatique. En l\u2019absence de tri et de valorisation des d\u00e9chets, des ressources pr\u00e9cieuses sont perdues, alors que leur recyclage permettrait de r\u00e9duire la consommation d\u2019\u00e9nergie et d\u2019att\u00e9nuer les \u00e9missions de gaz \u00e0 effet de serre.<\/p>\n<h3>L\u2019impact environnemental des d\u00e9charges ill\u00e9gales sur les \u00e9cosyst\u00e8mes naturels<\/h3>\n<p>Les d\u00e9charges sauvages ont des cons\u00e9quences d\u00e9sastreuses pour l\u2019environnement. Les plastiques et les m\u00e9taux polluent non seulement les sols mais aussi les nappes phr\u00e9atiques. Les d\u00e9chets toxiques, tels que les solvants et les piles, empoisonnent la faune et la flore. Ces zones d\u2019abandon favorisent aussi la prolif\u00e9ration de nuisibles, affectant la biodiversit\u00e9 et les habitats naturels.<\/p>\n<h3>Lien entre pollution par d\u00e9chets sauvages et risques pour la sant\u00e9 publique<\/h3>\n<p>Les d\u00e9charges sauvages repr\u00e9sentent une menace directe pour la sant\u00e9 publique. Les eaux stagnantes des d\u00e9p\u00f4ts ill\u00e9gaux cr\u00e9ent des conditions favorables \u00e0 la multiplication de virus et de bact\u00e9ries, augmentant ainsi le risque de maladies. Par ailleurs, la pollution de l\u2019air et de l\u2019eau devient pr\u00e9occupante, les produits chimiques des d\u00e9chets contaminant le sol et les nappes phr\u00e9atiques. Le risque d\u2019incendies, aliment\u00e9 par des d\u00e9chets inflammables tels que les solvants et huiles, est \u00e9galement une r\u00e9alit\u00e9 qui peut avoir des cons\u00e9quences dramatiques.<\/p>\n<h2>Comprendre le cadre l\u00e9gal et les sanctions pour les d\u00e9p\u00f4ts ill\u00e9gaux de d\u00e9chets<\/h2>\n<h3>Les normes juridiques en mati\u00e8re de d\u00e9p\u00f4ts ill\u00e9gaux de d\u00e9chets<\/h3>\n<p>L\u2019article L.541-3 du Code de l\u2019environnement en France interdit l\u2019abandon de d\u00e9chets, qu\u2019ils soient laiss\u00e9s par des individus ou des entreprises. Les contrevenants risquent des poursuites pour atteinte \u00e0 l\u2019environnement.<\/p>\n<h3>Les amendes et peines pr\u00e9vues par le Code de l\u2019environnement pour les d\u00e9charges ill\u00e9gales<\/h3>\n<p>Les personnes responsables de d\u00e9p\u00f4ts ill\u00e9gaux de d\u00e9chets peuvent s\u2019exposer \u00e0 des amendes s\u00e9v\u00e8res. Un d\u00e9p\u00f4t massif de d\u00e9chets dangereux peut entra\u00eener une amende de 75 000 \u20ac et une peine de prison de deux ans. Les particuliers qui jettent des ordures en public s\u2019exposent \u00e0 une amende de 1 500 \u20ac. Les v\u00e9hicules utilis\u00e9s pour commettre ces actes peuvent \u00e9galement \u00eatre confisqu\u00e9s, et les sanctions sont consid\u00e9rablement augment\u00e9es en cas de r\u00e9cidive.<\/p>\n<h3>Comment les autorit\u00e9s locales g\u00e8rent-elles les infractions li\u00e9es aux d\u00e9charges sauvages ?<\/h3>\n<p>Les autorit\u00e9s locales, en l\u2019occurrence les maires et les pr\u00e9fets, ont le pouvoir de police pour intervenir contre les d\u00e9p\u00f4ts sauvages et g\u00e9rer la collecte des d\u00e9chets abandonn\u00e9s. De plus, elles peuvent contraindre les auteurs de ces actes \u00e0 restaurer les lieux concern\u00e9s, sous peine de sanctions administratives.\n<\/p>\n<p>\n<br \/><a href=\"http:\/\/www.bing.com\/news\/apiclick.aspx?ref=FexRss&amp;aid=&amp;tid=68dbe4b4c689438daf5fd49b76c09012&amp;url=https%3A%2F%2Fwww.republicain-lorrain.fr%2Fenvironnement%2F2025%2F09%2F30%2Fdepots-sauvages-a-l-entree-de-la-pfisterquelle&amp;c=1538013683296503249&amp;mkt=fr-fr\">Source link <\/a><\/p>\n<p>#Behrenl\u00e8sForbach #D\u00e9p\u00f4ts #sauvages #lentr\u00e9e #Pfisterquelle<\/p>\n<p> Cet article, qui traite du th\u00e8me \u00ab\u00a0Les 3 rivi\u00e8res dans la Somme\u00a0\u00bb, vous est sp\u00e9cialement sugg\u00e9r\u00e9 par cc3rivieres76.com. La chronique est reproduite du mieux possible. Dans le cas o\u00f9 vous souhaitez apporter quelques pr\u00e9cisions concernant le domaine de \u00ab\u00a0Les 3 rivi\u00e8res dans la Somme\u00a0\u00bb vous pouvez solliciter notre r\u00e9daction. La destination de cc3rivieres76.com est de d\u00e9battre de Les 3 rivi\u00e8res dans la Somme dans la transparence en vous apportant la connaissance de tout ce qui est en lien avec ce sujet sur la toile Connectez-vous sur notre site cc3rivieres76.com et nos r\u00e9seaux sociaux dans le but d\u2019\u00eatre inform\u00e9 des futures publications.<\/p>\n","protected":false},"excerpt":{"rendered":"<p>L\u2019introduction de l\u2019article : Behren-l\u00e8s-Forbach. D\u00e9p\u00f4ts sauvages \u00e0 l\u2019entr\u00e9e de la Pfisterquelle Ce contenu est bloqu\u00e9 car vous n\u2019avez pas accept\u00e9 les cookies et autres traceurs. En cliquant sur \u00ab J\u2019accepte \u00bbles cookies et autres traceurs seront d\u00e9pos\u00e9s et vous pourrez visualiser les contenus (plus d\u2019informations). En cliquant sur \u00ab J\u2019accepte tous les cookies \u00bbvous &hellip; <\/p>\n<p class=\"link-more\"><a href=\"https:\/\/www.cc3rivieres76.com\/blog\/behren-les-forbach-depots-sauvages-a-lentree-de-la-pfisterquelle\/\" class=\"more-link\">Continuer la lecture <span class=\"screen-reader-text\"> \u00ab\u00a0Behren-l\u00e8s-Forbach. D\u00e9p\u00f4ts sauvages \u00e0 l\u2019entr\u00e9e de la Pfisterquelle\u00a0\u00bb<\/span><\/a><\/p>\n","protected":false},"author":3,"featured_media":890,"comment_status":"closed","ping_status":"closed","sticky":false,"template":"","format":"standard","meta":{"footnotes":""},"categories":[2],"tags":[],"class_list":["post-889","post","type-post","status-publish","format-standard","has-post-thumbnail","hentry","category-les-3-rivieres-dans-la-somme","entry"],"yoast_head":"<!-- This site is optimized with the Yoast SEO plugin v27.5 - https:\/\/yoast.com\/product\/yoast-seo-wordpress\/ -->\n<title>Behren-l\u00e8s-Forbach. D\u00e9p\u00f4ts sauvages \u00e0 l\u2019entr\u00e9e de la Pfisterquelle - CC3RIVIERES76<\/title>\n<meta name=\"robots\" content=\"index, follow, max-snippet:-1, max-image-preview:large, max-video-preview:-1\" \/>\n<link rel=\"canonical\" href=\"https:\/\/www.cc3rivieres76.com\/blog\/behren-les-forbach-depots-sauvages-a-lentree-de-la-pfisterquelle\/\" \/>\n<meta property=\"og:locale\" content=\"fr_FR\" \/>\n<meta property=\"og:type\" content=\"article\" \/>\n<meta property=\"og:title\" content=\"Behren-l\u00e8s-Forbach. D\u00e9p\u00f4ts sauvages \u00e0 l\u2019entr\u00e9e de la Pfisterquelle - CC3RIVIERES76\" \/>\n<meta property=\"og:description\" content=\"L\u2019introduction de l\u2019article : Behren-l\u00e8s-Forbach. D\u00e9p\u00f4ts sauvages \u00e0 l\u2019entr\u00e9e de la Pfisterquelle Ce contenu est bloqu\u00e9 car vous n\u2019avez pas accept\u00e9 les cookies et autres traceurs. En cliquant sur \u00ab J\u2019accepte \u00bbles cookies et autres traceurs seront d\u00e9pos\u00e9s et vous pourrez visualiser les contenus (plus d\u2019informations). En cliquant sur \u00ab J\u2019accepte tous les cookies \u00bbvous &hellip; Continuer la lecture \u00ab\u00a0Behren-l\u00e8s-Forbach. D\u00e9p\u00f4ts sauvages \u00e0 l\u2019entr\u00e9e de la Pfisterquelle\u00a0\u00bb\" \/>\n<meta property=\"og:url\" content=\"https:\/\/www.cc3rivieres76.com\/blog\/behren-les-forbach-depots-sauvages-a-lentree-de-la-pfisterquelle\/\" \/>\n<meta property=\"og:site_name\" content=\"CC3RIVIERES76\" \/>\n<meta property=\"article:published_time\" content=\"2025-09-30T04:53:00+00:00\" \/>\n<meta name=\"author\" content=\"Sylvie DE LAUZAINGHEIN\" \/>\n<meta name=\"twitter:card\" content=\"summary_large_image\" \/>\n<meta name=\"twitter:label1\" content=\"\u00c9crit par\" \/>\n\t<meta name=\"twitter:data1\" content=\"Sylvie DE LAUZAINGHEIN\" \/>\n\t<meta name=\"twitter:label2\" content=\"Dur\u00e9e de lecture estim\u00e9e\" \/>\n\t<meta name=\"twitter:data2\" content=\"7 minutes\" \/>\n<script type=\"application\/ld+json\" class=\"yoast-schema-graph\">{\"@context\":\"https:\\\/\\\/schema.org\",\"@graph\":[{\"@type\":\"Article\",\"@id\":\"https:\\\/\\\/www.cc3rivieres76.com\\\/blog\\\/behren-les-forbach-depots-sauvages-a-lentree-de-la-pfisterquelle\\\/#article\",\"isPartOf\":{\"@id\":\"https:\\\/\\\/www.cc3rivieres76.com\\\/blog\\\/behren-les-forbach-depots-sauvages-a-lentree-de-la-pfisterquelle\\\/\"},\"author\":{\"name\":\"Sylvie DE LAUZAINGHEIN\",\"@id\":\"https:\\\/\\\/www.cc3rivieres76.com\\\/blog\\\/#\\\/schema\\\/person\\\/474d457fb7747b5218f39792dfaa5a1c\"},\"headline\":\"Behren-l\u00e8s-Forbach. D\u00e9p\u00f4ts sauvages \u00e0 l\u2019entr\u00e9e de la Pfisterquelle\",\"datePublished\":\"2025-09-30T04:53:00+00:00\",\"mainEntityOfPage\":{\"@id\":\"https:\\\/\\\/www.cc3rivieres76.com\\\/blog\\\/behren-les-forbach-depots-sauvages-a-lentree-de-la-pfisterquelle\\\/\"},\"wordCount\":1495,\"publisher\":{\"@id\":\"https:\\\/\\\/www.cc3rivieres76.com\\\/blog\\\/#organization\"},\"image\":{\"@id\":\"https:\\\/\\\/www.cc3rivieres76.com\\\/blog\\\/behren-les-forbach-depots-sauvages-a-lentree-de-la-pfisterquelle\\\/#primaryimage\"},\"thumbnailUrl\":\"https:\\\/\\\/www.cc3rivieres76.com\\\/blog\\\/wp-content\\\/uploads\\\/2025\\\/09\\\/behren-les-forbach-depots-sauvages-a-lentree-de-la-pfisterquelle.jpg\",\"articleSection\":[\"Les 3 Rivi\u00e8res Dans La Somme:\"],\"inLanguage\":\"fr-FR\"},{\"@type\":\"WebPage\",\"@id\":\"https:\\\/\\\/www.cc3rivieres76.com\\\/blog\\\/behren-les-forbach-depots-sauvages-a-lentree-de-la-pfisterquelle\\\/\",\"url\":\"https:\\\/\\\/www.cc3rivieres76.com\\\/blog\\\/behren-les-forbach-depots-sauvages-a-lentree-de-la-pfisterquelle\\\/\",\"name\":\"Behren-l\u00e8s-Forbach. D\u00e9p\u00f4ts sauvages \u00e0 l\u2019entr\u00e9e de la Pfisterquelle - CC3RIVIERES76\",\"isPartOf\":{\"@id\":\"https:\\\/\\\/www.cc3rivieres76.com\\\/blog\\\/#website\"},\"primaryImageOfPage\":{\"@id\":\"https:\\\/\\\/www.cc3rivieres76.com\\\/blog\\\/behren-les-forbach-depots-sauvages-a-lentree-de-la-pfisterquelle\\\/#primaryimage\"},\"image\":{\"@id\":\"https:\\\/\\\/www.cc3rivieres76.com\\\/blog\\\/behren-les-forbach-depots-sauvages-a-lentree-de-la-pfisterquelle\\\/#primaryimage\"},\"thumbnailUrl\":\"https:\\\/\\\/www.cc3rivieres76.com\\\/blog\\\/wp-content\\\/uploads\\\/2025\\\/09\\\/behren-les-forbach-depots-sauvages-a-lentree-de-la-pfisterquelle.jpg\",\"datePublished\":\"2025-09-30T04:53:00+00:00\",\"breadcrumb\":{\"@id\":\"https:\\\/\\\/www.cc3rivieres76.com\\\/blog\\\/behren-les-forbach-depots-sauvages-a-lentree-de-la-pfisterquelle\\\/#breadcrumb\"},\"inLanguage\":\"fr-FR\",\"potentialAction\":[{\"@type\":\"ReadAction\",\"target\":[\"https:\\\/\\\/www.cc3rivieres76.com\\\/blog\\\/behren-les-forbach-depots-sauvages-a-lentree-de-la-pfisterquelle\\\/\"]}]},{\"@type\":\"ImageObject\",\"inLanguage\":\"fr-FR\",\"@id\":\"https:\\\/\\\/www.cc3rivieres76.com\\\/blog\\\/behren-les-forbach-depots-sauvages-a-lentree-de-la-pfisterquelle\\\/#primaryimage\",\"url\":\"https:\\\/\\\/www.cc3rivieres76.com\\\/blog\\\/wp-content\\\/uploads\\\/2025\\\/09\\\/behren-les-forbach-depots-sauvages-a-lentree-de-la-pfisterquelle.jpg\",\"contentUrl\":\"https:\\\/\\\/www.cc3rivieres76.com\\\/blog\\\/wp-content\\\/uploads\\\/2025\\\/09\\\/behren-les-forbach-depots-sauvages-a-lentree-de-la-pfisterquelle.jpg\",\"width\":1024,\"height\":538,\"caption\":\"Behren l\u00e8s Forbach\"},{\"@type\":\"BreadcrumbList\",\"@id\":\"https:\\\/\\\/www.cc3rivieres76.com\\\/blog\\\/behren-les-forbach-depots-sauvages-a-lentree-de-la-pfisterquelle\\\/#breadcrumb\",\"itemListElement\":[{\"@type\":\"ListItem\",\"position\":1,\"name\":\"Accueil\",\"item\":\"https:\\\/\\\/www.cc3rivieres76.com\\\/blog\\\/\"},{\"@type\":\"ListItem\",\"position\":2,\"name\":\"Behren-l\u00e8s-Forbach. D\u00e9p\u00f4ts sauvages \u00e0 l\u2019entr\u00e9e de la Pfisterquelle\"}]},{\"@type\":\"WebSite\",\"@id\":\"https:\\\/\\\/www.cc3rivieres76.com\\\/blog\\\/#website\",\"url\":\"https:\\\/\\\/www.cc3rivieres76.com\\\/blog\\\/\",\"name\":\"CC3RIVIERES76\",\"description\":\"Les 3 rivi\u00e8res dans la Somme.\",\"publisher\":{\"@id\":\"https:\\\/\\\/www.cc3rivieres76.com\\\/blog\\\/#organization\"},\"potentialAction\":[{\"@type\":\"SearchAction\",\"target\":{\"@type\":\"EntryPoint\",\"urlTemplate\":\"https:\\\/\\\/www.cc3rivieres76.com\\\/blog\\\/?s={search_term_string}\"},\"query-input\":{\"@type\":\"PropertyValueSpecification\",\"valueRequired\":true,\"valueName\":\"search_term_string\"}}],\"inLanguage\":\"fr-FR\"},{\"@type\":\"Organization\",\"@id\":\"https:\\\/\\\/www.cc3rivieres76.com\\\/blog\\\/#organization\",\"name\":\"cc3rivieres76\",\"url\":\"https:\\\/\\\/www.cc3rivieres76.com\\\/blog\\\/\",\"logo\":{\"@type\":\"ImageObject\",\"inLanguage\":\"fr-FR\",\"@id\":\"https:\\\/\\\/www.cc3rivieres76.com\\\/blog\\\/#\\\/schema\\\/logo\\\/image\\\/\",\"url\":\"https:\\\/\\\/www.cc3rivieres76.com\\\/blog\\\/wp-content\\\/uploads\\\/2023\\\/06\\\/logo-2.png\",\"contentUrl\":\"https:\\\/\\\/www.cc3rivieres76.com\\\/blog\\\/wp-content\\\/uploads\\\/2023\\\/06\\\/logo-2.png\",\"width\":390,\"height\":388,\"caption\":\"cc3rivieres76\"},\"image\":{\"@id\":\"https:\\\/\\\/www.cc3rivieres76.com\\\/blog\\\/#\\\/schema\\\/logo\\\/image\\\/\"}},{\"@type\":\"Person\",\"@id\":\"https:\\\/\\\/www.cc3rivieres76.com\\\/blog\\\/#\\\/schema\\\/person\\\/474d457fb7747b5218f39792dfaa5a1c\",\"name\":\"Sylvie DE LAUZAINGHEIN\",\"image\":{\"@type\":\"ImageObject\",\"inLanguage\":\"fr-FR\",\"@id\":\"https:\\\/\\\/secure.gravatar.com\\\/avatar\\\/9c6a53b19e0a3431aa80de0895b9729fe665cd7e7d6cc94fc11abb152f4237d7?s=96&d=mm&r=g\",\"url\":\"https:\\\/\\\/secure.gravatar.com\\\/avatar\\\/9c6a53b19e0a3431aa80de0895b9729fe665cd7e7d6cc94fc11abb152f4237d7?s=96&d=mm&r=g\",\"contentUrl\":\"https:\\\/\\\/secure.gravatar.com\\\/avatar\\\/9c6a53b19e0a3431aa80de0895b9729fe665cd7e7d6cc94fc11abb152f4237d7?s=96&d=mm&r=g\",\"caption\":\"Sylvie DE LAUZAINGHEIN\"},\"url\":\"https:\\\/\\\/www.cc3rivieres76.com\\\/blog\\\/author\\\/s76sylvie\\\/\"}]}<\/script>\n<!-- \/ Yoast SEO plugin. -->","yoast_head_json":{"title":"Behren-l\u00e8s-Forbach. D\u00e9p\u00f4ts sauvages \u00e0 l\u2019entr\u00e9e de la Pfisterquelle - CC3RIVIERES76","robots":{"index":"index","follow":"follow","max-snippet":"max-snippet:-1","max-image-preview":"max-image-preview:large","max-video-preview":"max-video-preview:-1"},"canonical":"https:\/\/www.cc3rivieres76.com\/blog\/behren-les-forbach-depots-sauvages-a-lentree-de-la-pfisterquelle\/","og_locale":"fr_FR","og_type":"article","og_title":"Behren-l\u00e8s-Forbach. D\u00e9p\u00f4ts sauvages \u00e0 l\u2019entr\u00e9e de la Pfisterquelle - CC3RIVIERES76","og_description":"L\u2019introduction de l\u2019article : Behren-l\u00e8s-Forbach. D\u00e9p\u00f4ts sauvages \u00e0 l\u2019entr\u00e9e de la Pfisterquelle Ce contenu est bloqu\u00e9 car vous n\u2019avez pas accept\u00e9 les cookies et autres traceurs. En cliquant sur \u00ab J\u2019accepte \u00bbles cookies et autres traceurs seront d\u00e9pos\u00e9s et vous pourrez visualiser les contenus (plus d\u2019informations). En cliquant sur \u00ab J\u2019accepte tous les cookies \u00bbvous &hellip; Continuer la lecture \u00ab\u00a0Behren-l\u00e8s-Forbach. D\u00e9p\u00f4ts sauvages \u00e0 l\u2019entr\u00e9e de la Pfisterquelle\u00a0\u00bb","og_url":"https:\/\/www.cc3rivieres76.com\/blog\/behren-les-forbach-depots-sauvages-a-lentree-de-la-pfisterquelle\/","og_site_name":"CC3RIVIERES76","article_published_time":"2025-09-30T04:53:00+00:00","author":"Sylvie DE LAUZAINGHEIN","twitter_card":"summary_large_image","twitter_misc":{"\u00c9crit par":"Sylvie DE LAUZAINGHEIN","Dur\u00e9e de lecture estim\u00e9e":"7 minutes"},"schema":{"@context":"https:\/\/schema.org","@graph":[{"@type":"Article","@id":"https:\/\/www.cc3rivieres76.com\/blog\/behren-les-forbach-depots-sauvages-a-lentree-de-la-pfisterquelle\/#article","isPartOf":{"@id":"https:\/\/www.cc3rivieres76.com\/blog\/behren-les-forbach-depots-sauvages-a-lentree-de-la-pfisterquelle\/"},"author":{"name":"Sylvie DE LAUZAINGHEIN","@id":"https:\/\/www.cc3rivieres76.com\/blog\/#\/schema\/person\/474d457fb7747b5218f39792dfaa5a1c"},"headline":"Behren-l\u00e8s-Forbach. D\u00e9p\u00f4ts sauvages \u00e0 l\u2019entr\u00e9e de la Pfisterquelle","datePublished":"2025-09-30T04:53:00+00:00","mainEntityOfPage":{"@id":"https:\/\/www.cc3rivieres76.com\/blog\/behren-les-forbach-depots-sauvages-a-lentree-de-la-pfisterquelle\/"},"wordCount":1495,"publisher":{"@id":"https:\/\/www.cc3rivieres76.com\/blog\/#organization"},"image":{"@id":"https:\/\/www.cc3rivieres76.com\/blog\/behren-les-forbach-depots-sauvages-a-lentree-de-la-pfisterquelle\/#primaryimage"},"thumbnailUrl":"https:\/\/www.cc3rivieres76.com\/blog\/wp-content\/uploads\/2025\/09\/behren-les-forbach-depots-sauvages-a-lentree-de-la-pfisterquelle.jpg","articleSection":["Les 3 Rivi\u00e8res Dans La Somme:"],"inLanguage":"fr-FR"},{"@type":"WebPage","@id":"https:\/\/www.cc3rivieres76.com\/blog\/behren-les-forbach-depots-sauvages-a-lentree-de-la-pfisterquelle\/","url":"https:\/\/www.cc3rivieres76.com\/blog\/behren-les-forbach-depots-sauvages-a-lentree-de-la-pfisterquelle\/","name":"Behren-l\u00e8s-Forbach. D\u00e9p\u00f4ts sauvages \u00e0 l\u2019entr\u00e9e de la Pfisterquelle - CC3RIVIERES76","isPartOf":{"@id":"https:\/\/www.cc3rivieres76.com\/blog\/#website"},"primaryImageOfPage":{"@id":"https:\/\/www.cc3rivieres76.com\/blog\/behren-les-forbach-depots-sauvages-a-lentree-de-la-pfisterquelle\/#primaryimage"},"image":{"@id":"https:\/\/www.cc3rivieres76.com\/blog\/behren-les-forbach-depots-sauvages-a-lentree-de-la-pfisterquelle\/#primaryimage"},"thumbnailUrl":"https:\/\/www.cc3rivieres76.com\/blog\/wp-content\/uploads\/2025\/09\/behren-les-forbach-depots-sauvages-a-lentree-de-la-pfisterquelle.jpg","datePublished":"2025-09-30T04:53:00+00:00","breadcrumb":{"@id":"https:\/\/www.cc3rivieres76.com\/blog\/behren-les-forbach-depots-sauvages-a-lentree-de-la-pfisterquelle\/#breadcrumb"},"inLanguage":"fr-FR","potentialAction":[{"@type":"ReadAction","target":["https:\/\/www.cc3rivieres76.com\/blog\/behren-les-forbach-depots-sauvages-a-lentree-de-la-pfisterquelle\/"]}]},{"@type":"ImageObject","inLanguage":"fr-FR","@id":"https:\/\/www.cc3rivieres76.com\/blog\/behren-les-forbach-depots-sauvages-a-lentree-de-la-pfisterquelle\/#primaryimage","url":"https:\/\/www.cc3rivieres76.com\/blog\/wp-content\/uploads\/2025\/09\/behren-les-forbach-depots-sauvages-a-lentree-de-la-pfisterquelle.jpg","contentUrl":"https:\/\/www.cc3rivieres76.com\/blog\/wp-content\/uploads\/2025\/09\/behren-les-forbach-depots-sauvages-a-lentree-de-la-pfisterquelle.jpg","width":1024,"height":538,"caption":"Behren l\u00e8s Forbach"},{"@type":"BreadcrumbList","@id":"https:\/\/www.cc3rivieres76.com\/blog\/behren-les-forbach-depots-sauvages-a-lentree-de-la-pfisterquelle\/#breadcrumb","itemListElement":[{"@type":"ListItem","position":1,"name":"Accueil","item":"https:\/\/www.cc3rivieres76.com\/blog\/"},{"@type":"ListItem","position":2,"name":"Behren-l\u00e8s-Forbach. D\u00e9p\u00f4ts sauvages \u00e0 l\u2019entr\u00e9e de la Pfisterquelle"}]},{"@type":"WebSite","@id":"https:\/\/www.cc3rivieres76.com\/blog\/#website","url":"https:\/\/www.cc3rivieres76.com\/blog\/","name":"CC3RIVIERES76","description":"Les 3 rivi\u00e8res dans la Somme.","publisher":{"@id":"https:\/\/www.cc3rivieres76.com\/blog\/#organization"},"potentialAction":[{"@type":"SearchAction","target":{"@type":"EntryPoint","urlTemplate":"https:\/\/www.cc3rivieres76.com\/blog\/?s={search_term_string}"},"query-input":{"@type":"PropertyValueSpecification","valueRequired":true,"valueName":"search_term_string"}}],"inLanguage":"fr-FR"},{"@type":"Organization","@id":"https:\/\/www.cc3rivieres76.com\/blog\/#organization","name":"cc3rivieres76","url":"https:\/\/www.cc3rivieres76.com\/blog\/","logo":{"@type":"ImageObject","inLanguage":"fr-FR","@id":"https:\/\/www.cc3rivieres76.com\/blog\/#\/schema\/logo\/image\/","url":"https:\/\/www.cc3rivieres76.com\/blog\/wp-content\/uploads\/2023\/06\/logo-2.png","contentUrl":"https:\/\/www.cc3rivieres76.com\/blog\/wp-content\/uploads\/2023\/06\/logo-2.png","width":390,"height":388,"caption":"cc3rivieres76"},"image":{"@id":"https:\/\/www.cc3rivieres76.com\/blog\/#\/schema\/logo\/image\/"}},{"@type":"Person","@id":"https:\/\/www.cc3rivieres76.com\/blog\/#\/schema\/person\/474d457fb7747b5218f39792dfaa5a1c","name":"Sylvie DE LAUZAINGHEIN","image":{"@type":"ImageObject","inLanguage":"fr-FR","@id":"https:\/\/secure.gravatar.com\/avatar\/9c6a53b19e0a3431aa80de0895b9729fe665cd7e7d6cc94fc11abb152f4237d7?s=96&d=mm&r=g","url":"https:\/\/secure.gravatar.com\/avatar\/9c6a53b19e0a3431aa80de0895b9729fe665cd7e7d6cc94fc11abb152f4237d7?s=96&d=mm&r=g","contentUrl":"https:\/\/secure.gravatar.com\/avatar\/9c6a53b19e0a3431aa80de0895b9729fe665cd7e7d6cc94fc11abb152f4237d7?s=96&d=mm&r=g","caption":"Sylvie DE LAUZAINGHEIN"},"url":"https:\/\/www.cc3rivieres76.com\/blog\/author\/s76sylvie\/"}]}},"_links":{"self":[{"href":"https:\/\/www.cc3rivieres76.com\/blog\/wp-json\/wp\/v2\/posts\/889","targetHints":{"allow":["GET"]}}],"collection":[{"href":"https:\/\/www.cc3rivieres76.com\/blog\/wp-json\/wp\/v2\/posts"}],"about":[{"href":"https:\/\/www.cc3rivieres76.com\/blog\/wp-json\/wp\/v2\/types\/post"}],"author":[{"embeddable":true,"href":"https:\/\/www.cc3rivieres76.com\/blog\/wp-json\/wp\/v2\/users\/3"}],"replies":[{"embeddable":true,"href":"https:\/\/www.cc3rivieres76.com\/blog\/wp-json\/wp\/v2\/comments?post=889"}],"version-history":[{"count":0,"href":"https:\/\/www.cc3rivieres76.com\/blog\/wp-json\/wp\/v2\/posts\/889\/revisions"}],"wp:featuredmedia":[{"embeddable":true,"href":"https:\/\/www.cc3rivieres76.com\/blog\/wp-json\/wp\/v2\/media\/890"}],"wp:attachment":[{"href":"https:\/\/www.cc3rivieres76.com\/blog\/wp-json\/wp\/v2\/media?parent=889"}],"wp:term":[{"taxonomy":"category","embeddable":true,"href":"https:\/\/www.cc3rivieres76.com\/blog\/wp-json\/wp\/v2\/categories?post=889"},{"taxonomy":"post_tag","embeddable":true,"href":"https:\/\/www.cc3rivieres76.com\/blog\/wp-json\/wp\/v2\/tags?post=889"}],"curies":[{"name":"wp","href":"https:\/\/api.w.org\/{rel}","templated":true}]}}