{"id":92,"date":"2023-06-19T15:55:37","date_gmt":"2023-06-19T13:55:37","guid":{"rendered":"https:\/\/www.site.cdcl.xyz\/2023\/06\/19\/actualites-francaise-deux-morts-lors-du-match-benin-senegal\/"},"modified":"2023-06-19T15:55:37","modified_gmt":"2023-06-19T13:55:37","slug":"actualites-francaise-deux-morts-lors-du-match-benin-senegal","status":"publish","type":"post","link":"https:\/\/www.cc3rivieres76.com\/blog\/actualites-francaise-deux-morts-lors-du-match-benin-senegal\/","title":{"rendered":"Actualit\u00e9s fran\u00e7aise: deux morts lors du match B\u00e9nin-S\u00e9n\u00e9gal"},"content":{"rendered":"\n<div id>\n<p> Deux supporters sont morts et une dizaine d\u2019autres bless\u00e9s samedi soir dans une bousculade dans un stade de Cotonou, o\u00f9 le B\u00e9nin affrontait le S\u00e9n\u00e9gal dans le cadre des \u00e9liminatoires de la Coupe d\u2019Afrique des nations de football. Une enqu\u00eate a \u00e9t\u00e9 ouverte pour faire la lumi\u00e8re sur cet incident et situer \u00ab les responsabilit\u00e9s \u00bb apr\u00e8s la mort de deux personnes, a annonc\u00e9 le procureur de la R\u00e9publique, Jules Ahoga, dans un communiqu\u00e9 publi\u00e9 lundi. \u00ab Certains supporters qui acc\u00e9daient aux gradins \u00bb ont eu \u00ab un malaise avec perte durable de connaissance \u00bb, et d\u2019autres seraient pass\u00e9s \u00ab par-dessus les gradins sans attendre l\u2019aide des secouristes \u00bb, indique le procureur. Une personne est morte sur le coup, l\u2019autre apr\u00e8s son hospitalisation, pr\u00e9cise-t-il. Dix bless\u00e9s ont \u00e9galement \u00e9t\u00e9 hospitalis\u00e9s dans deux \u00e9tablissements de sant\u00e9, a inform\u00e9 l\u2019AFP de source hospitali\u00e8re. <\/p>\n<div class=\"t-content__dates t-content__dates--reading-time\">\n<p class=\"m-pub-dates\"><span class=\"m-pub-dates__date\">Publi\u00e9 le : 19\/06\/2023 \u2013 15:20<\/span><\/p>\n<\/div>\n<div class=\"t-content__main-media\">\n<figure class=\"m-figure m-figure--16x9 m-figure--disable-loading\">\n<img decoding=\"async\" src=\"https:\/\/www.cc3rivieres76.com\/blog\/wp-content\/uploads\/2023\/06\/actualites-francaise-deux-morts-lors-du-match-benin-senegal.gif\" alt loading=\"eager\" class=\"m-figure__img lazy\"><br \/>\n <\/figure>\n<\/div>\n<div class=\"t-content__tags\">\n<p>Poursuivez votre lecture sur les m\u00eames th\u00e8mes :<\/p>\n<\/div>\n<\/div>\n<p>A lire sur le m\u00eame objet:<\/p>\n<p>Consid\u00e9rations sur la France.,<a href=\"https:\/\/www.kobo.com\/fr\/fr\/ebook\/considerations-sur-la-france\" target=\"_blank\" rel=\"noopener noreferrer nofollow\">Informations sur cet ouvrage<\/a><span><\/span>.<\/p>\n<p>Photographie\/Fabricants\/Leica.,<a href=\"https:\/\/fr.wikibooks.org\/wiki\/Photographie\/Fabricants\/Leica\" target=\"_blank\" rel=\"noopener noreferrer nofollow\">R\u00e9f\u00e9rence lit\u00e9raire de ce livre<\/a><span><\/span>.<\/p>\n<p>Syst\u00e8me politique du Royaume-Uni\/Les maisons de Lancastre et d\u2019York.,<a href=\"https:\/\/fr.wikibooks.org\/wiki\/Syst%C3%A8me_politique_du_Royaume-Uni\/Les_maisons_de_Lancastre_et_d%27York\" target=\"_blank\" rel=\"noopener noreferrer nofollow\">A lire. <\/a><span><\/span>.<\/p>\n<p> Cet article, qui traite du th\u00e8me \u00ab\u00a0Les 3 rivi\u00e8res dans la Somme\u00a0\u00bb, vous est sp\u00e9cialement sugg\u00e9r\u00e9 par cc3rivieres76.com. La chronique est reproduite du mieux possible. Dans le cas o\u00f9 vous souhaitez apporter quelques pr\u00e9cisions concernant le domaine de \u00ab\u00a0Les 3 rivi\u00e8res dans la Somme\u00a0\u00bb vous pouvez solliciter notre r\u00e9daction. La destination de cc3rivieres76.com est de d\u00e9battre de Les 3 rivi\u00e8res dans la Somme dans la transparence en vous apportant la connaissance de tout ce qui est en lien avec ce sujet sur la toile Connectez-vous sur notre site cc3rivieres76.com et nos r\u00e9seaux sociaux dans le but d\u2019\u00eatre inform\u00e9 des futures publications.<\/p>\n","protected":false},"excerpt":{"rendered":"<p>Deux supporters sont morts et une dizaine d\u2019autres bless\u00e9s samedi soir dans une bousculade dans un stade de Cotonou, o\u00f9 le B\u00e9nin affrontait le S\u00e9n\u00e9gal dans le cadre des \u00e9liminatoires de la Coupe d\u2019Afrique des nations de football. Une enqu\u00eate a \u00e9t\u00e9 ouverte pour faire la lumi\u00e8re sur cet incident et situer \u00ab les responsabilit\u00e9s &hellip; <\/p>\n<p class=\"link-more\"><a href=\"https:\/\/www.cc3rivieres76.com\/blog\/actualites-francaise-deux-morts-lors-du-match-benin-senegal\/\" class=\"more-link\">Continuer la lecture <span class=\"screen-reader-text\"> \u00ab\u00a0Actualit\u00e9s fran\u00e7aise: deux morts lors du match B\u00e9nin-S\u00e9n\u00e9gal\u00a0\u00bb<\/span><\/a><\/p>\n","protected":false},"author":3,"featured_media":93,"comment_status":"closed","ping_status":"closed","sticky":false,"template":"","format":"standard","meta":{"footnotes":""},"categories":[2],"tags":[],"class_list":["post-92","post","type-post","status-publish","format-standard","has-post-thumbnail","hentry","category-les-3-rivieres-dans-la-somme","entry"],"yoast_head":"<!-- This site is optimized with the Yoast SEO plugin v27.5 - https:\/\/yoast.com\/product\/yoast-seo-wordpress\/ -->\n<title>Actualit\u00e9s fran\u00e7aise: deux morts lors du match B\u00e9nin-S\u00e9n\u00e9gal - CC3RIVIERES76<\/title>\n<meta name=\"robots\" content=\"index, follow, max-snippet:-1, max-image-preview:large, max-video-preview:-1\" \/>\n<link rel=\"canonical\" href=\"https:\/\/www.cc3rivieres76.com\/blog\/actualites-francaise-deux-morts-lors-du-match-benin-senegal\/\" \/>\n<meta property=\"og:locale\" content=\"fr_FR\" \/>\n<meta property=\"og:type\" content=\"article\" \/>\n<meta property=\"og:title\" content=\"Actualit\u00e9s fran\u00e7aise: deux morts lors du match B\u00e9nin-S\u00e9n\u00e9gal - CC3RIVIERES76\" \/>\n<meta property=\"og:description\" content=\"Deux supporters sont morts et une dizaine d\u2019autres bless\u00e9s samedi soir dans une bousculade dans un stade de Cotonou, o\u00f9 le B\u00e9nin affrontait le S\u00e9n\u00e9gal dans le cadre des \u00e9liminatoires de la Coupe d\u2019Afrique des nations de football. Une enqu\u00eate a \u00e9t\u00e9 ouverte pour faire la lumi\u00e8re sur cet incident et situer \u00ab les responsabilit\u00e9s &hellip; Continuer la lecture \u00ab\u00a0Actualit\u00e9s fran\u00e7aise: deux morts lors du match B\u00e9nin-S\u00e9n\u00e9gal\u00a0\u00bb\" \/>\n<meta property=\"og:url\" content=\"https:\/\/www.cc3rivieres76.com\/blog\/actualites-francaise-deux-morts-lors-du-match-benin-senegal\/\" \/>\n<meta property=\"og:site_name\" content=\"CC3RIVIERES76\" \/>\n<meta property=\"article:published_time\" content=\"2023-06-19T13:55:37+00:00\" \/>\n<meta property=\"og:image\" content=\"https:\/\/www.cc3rivieres76.com\/blog\/wp-content\/uploads\/2023\/06\/actualites-francaise-deux-morts-lors-du-match-benin-senegal.gif\" \/>\n<meta name=\"author\" content=\"Sylvie DE LAUZAINGHEIN\" \/>\n<meta name=\"twitter:card\" content=\"summary_large_image\" \/>\n<meta name=\"twitter:label1\" content=\"\u00c9crit par\" \/>\n\t<meta name=\"twitter:data1\" content=\"Sylvie DE LAUZAINGHEIN\" \/>\n\t<meta name=\"twitter:label2\" content=\"Dur\u00e9e de lecture estim\u00e9e\" \/>\n\t<meta name=\"twitter:data2\" content=\"2 minutes\" \/>\n<script type=\"application\/ld+json\" class=\"yoast-schema-graph\">{\"@context\":\"https:\\\/\\\/schema.org\",\"@graph\":[{\"@type\":\"Article\",\"@id\":\"https:\\\/\\\/www.cc3rivieres76.com\\\/blog\\\/actualites-francaise-deux-morts-lors-du-match-benin-senegal\\\/#article\",\"isPartOf\":{\"@id\":\"https:\\\/\\\/www.cc3rivieres76.com\\\/blog\\\/actualites-francaise-deux-morts-lors-du-match-benin-senegal\\\/\"},\"author\":{\"name\":\"Sylvie DE LAUZAINGHEIN\",\"@id\":\"https:\\\/\\\/www.cc3rivieres76.com\\\/blog\\\/#\\\/schema\\\/person\\\/474d457fb7747b5218f39792dfaa5a1c\"},\"headline\":\"Actualit\u00e9s fran\u00e7aise: deux morts lors du match B\u00e9nin-S\u00e9n\u00e9gal\",\"datePublished\":\"2023-06-19T13:55:37+00:00\",\"mainEntityOfPage\":{\"@id\":\"https:\\\/\\\/www.cc3rivieres76.com\\\/blog\\\/actualites-francaise-deux-morts-lors-du-match-benin-senegal\\\/\"},\"wordCount\":335,\"publisher\":{\"@id\":\"https:\\\/\\\/www.cc3rivieres76.com\\\/blog\\\/#organization\"},\"image\":{\"@id\":\"https:\\\/\\\/www.cc3rivieres76.com\\\/blog\\\/actualites-francaise-deux-morts-lors-du-match-benin-senegal\\\/#primaryimage\"},\"thumbnailUrl\":\"https:\\\/\\\/www.cc3rivieres76.com\\\/blog\\\/wp-content\\\/uploads\\\/2023\\\/06\\\/actualites-francaise-deux-morts-lors-du-match-benin-senegal.gif\",\"articleSection\":[\"Les 3 Rivi\u00e8res Dans La Somme:\"],\"inLanguage\":\"fr-FR\"},{\"@type\":\"WebPage\",\"@id\":\"https:\\\/\\\/www.cc3rivieres76.com\\\/blog\\\/actualites-francaise-deux-morts-lors-du-match-benin-senegal\\\/\",\"url\":\"https:\\\/\\\/www.cc3rivieres76.com\\\/blog\\\/actualites-francaise-deux-morts-lors-du-match-benin-senegal\\\/\",\"name\":\"Actualit\u00e9s fran\u00e7aise: deux morts lors du match B\u00e9nin-S\u00e9n\u00e9gal - CC3RIVIERES76\",\"isPartOf\":{\"@id\":\"https:\\\/\\\/www.cc3rivieres76.com\\\/blog\\\/#website\"},\"primaryImageOfPage\":{\"@id\":\"https:\\\/\\\/www.cc3rivieres76.com\\\/blog\\\/actualites-francaise-deux-morts-lors-du-match-benin-senegal\\\/#primaryimage\"},\"image\":{\"@id\":\"https:\\\/\\\/www.cc3rivieres76.com\\\/blog\\\/actualites-francaise-deux-morts-lors-du-match-benin-senegal\\\/#primaryimage\"},\"thumbnailUrl\":\"https:\\\/\\\/www.cc3rivieres76.com\\\/blog\\\/wp-content\\\/uploads\\\/2023\\\/06\\\/actualites-francaise-deux-morts-lors-du-match-benin-senegal.gif\",\"datePublished\":\"2023-06-19T13:55:37+00:00\",\"breadcrumb\":{\"@id\":\"https:\\\/\\\/www.cc3rivieres76.com\\\/blog\\\/actualites-francaise-deux-morts-lors-du-match-benin-senegal\\\/#breadcrumb\"},\"inLanguage\":\"fr-FR\",\"potentialAction\":[{\"@type\":\"ReadAction\",\"target\":[\"https:\\\/\\\/www.cc3rivieres76.com\\\/blog\\\/actualites-francaise-deux-morts-lors-du-match-benin-senegal\\\/\"]}]},{\"@type\":\"ImageObject\",\"inLanguage\":\"fr-FR\",\"@id\":\"https:\\\/\\\/www.cc3rivieres76.com\\\/blog\\\/actualites-francaise-deux-morts-lors-du-match-benin-senegal\\\/#primaryimage\",\"url\":\"https:\\\/\\\/www.cc3rivieres76.com\\\/blog\\\/wp-content\\\/uploads\\\/2023\\\/06\\\/actualites-francaise-deux-morts-lors-du-match-benin-senegal.gif\",\"contentUrl\":\"https:\\\/\\\/www.cc3rivieres76.com\\\/blog\\\/wp-content\\\/uploads\\\/2023\\\/06\\\/actualites-francaise-deux-morts-lors-du-match-benin-senegal.gif\",\"width\":1,\"height\":1,\"caption\":\"Actualit\u00e9s fran\u00e7aise: deux morts lors du match B\u00e9nin S\u00e9n\u00e9gal\"},{\"@type\":\"BreadcrumbList\",\"@id\":\"https:\\\/\\\/www.cc3rivieres76.com\\\/blog\\\/actualites-francaise-deux-morts-lors-du-match-benin-senegal\\\/#breadcrumb\",\"itemListElement\":[{\"@type\":\"ListItem\",\"position\":1,\"name\":\"Accueil\",\"item\":\"https:\\\/\\\/www.cc3rivieres76.com\\\/blog\\\/\"},{\"@type\":\"ListItem\",\"position\":2,\"name\":\"Actualit\u00e9s fran\u00e7aise: deux morts lors du match B\u00e9nin-S\u00e9n\u00e9gal\"}]},{\"@type\":\"WebSite\",\"@id\":\"https:\\\/\\\/www.cc3rivieres76.com\\\/blog\\\/#website\",\"url\":\"https:\\\/\\\/www.cc3rivieres76.com\\\/blog\\\/\",\"name\":\"CC3RIVIERES76\",\"description\":\"Les 3 rivi\u00e8res dans la Somme.\",\"publisher\":{\"@id\":\"https:\\\/\\\/www.cc3rivieres76.com\\\/blog\\\/#organization\"},\"potentialAction\":[{\"@type\":\"SearchAction\",\"target\":{\"@type\":\"EntryPoint\",\"urlTemplate\":\"https:\\\/\\\/www.cc3rivieres76.com\\\/blog\\\/?s={search_term_string}\"},\"query-input\":{\"@type\":\"PropertyValueSpecification\",\"valueRequired\":true,\"valueName\":\"search_term_string\"}}],\"inLanguage\":\"fr-FR\"},{\"@type\":\"Organization\",\"@id\":\"https:\\\/\\\/www.cc3rivieres76.com\\\/blog\\\/#organization\",\"name\":\"cc3rivieres76\",\"url\":\"https:\\\/\\\/www.cc3rivieres76.com\\\/blog\\\/\",\"logo\":{\"@type\":\"ImageObject\",\"inLanguage\":\"fr-FR\",\"@id\":\"https:\\\/\\\/www.cc3rivieres76.com\\\/blog\\\/#\\\/schema\\\/logo\\\/image\\\/\",\"url\":\"https:\\\/\\\/www.cc3rivieres76.com\\\/blog\\\/wp-content\\\/uploads\\\/2023\\\/06\\\/logo-2.png\",\"contentUrl\":\"https:\\\/\\\/www.cc3rivieres76.com\\\/blog\\\/wp-content\\\/uploads\\\/2023\\\/06\\\/logo-2.png\",\"width\":390,\"height\":388,\"caption\":\"cc3rivieres76\"},\"image\":{\"@id\":\"https:\\\/\\\/www.cc3rivieres76.com\\\/blog\\\/#\\\/schema\\\/logo\\\/image\\\/\"}},{\"@type\":\"Person\",\"@id\":\"https:\\\/\\\/www.cc3rivieres76.com\\\/blog\\\/#\\\/schema\\\/person\\\/474d457fb7747b5218f39792dfaa5a1c\",\"name\":\"Sylvie DE LAUZAINGHEIN\",\"image\":{\"@type\":\"ImageObject\",\"inLanguage\":\"fr-FR\",\"@id\":\"https:\\\/\\\/secure.gravatar.com\\\/avatar\\\/9c6a53b19e0a3431aa80de0895b9729fe665cd7e7d6cc94fc11abb152f4237d7?s=96&d=mm&r=g\",\"url\":\"https:\\\/\\\/secure.gravatar.com\\\/avatar\\\/9c6a53b19e0a3431aa80de0895b9729fe665cd7e7d6cc94fc11abb152f4237d7?s=96&d=mm&r=g\",\"contentUrl\":\"https:\\\/\\\/secure.gravatar.com\\\/avatar\\\/9c6a53b19e0a3431aa80de0895b9729fe665cd7e7d6cc94fc11abb152f4237d7?s=96&d=mm&r=g\",\"caption\":\"Sylvie DE LAUZAINGHEIN\"},\"url\":\"https:\\\/\\\/www.cc3rivieres76.com\\\/blog\\\/author\\\/s76sylvie\\\/\"}]}<\/script>\n<!-- \/ Yoast SEO plugin. -->","yoast_head_json":{"title":"Actualit\u00e9s fran\u00e7aise: deux morts lors du match B\u00e9nin-S\u00e9n\u00e9gal - CC3RIVIERES76","robots":{"index":"index","follow":"follow","max-snippet":"max-snippet:-1","max-image-preview":"max-image-preview:large","max-video-preview":"max-video-preview:-1"},"canonical":"https:\/\/www.cc3rivieres76.com\/blog\/actualites-francaise-deux-morts-lors-du-match-benin-senegal\/","og_locale":"fr_FR","og_type":"article","og_title":"Actualit\u00e9s fran\u00e7aise: deux morts lors du match B\u00e9nin-S\u00e9n\u00e9gal - CC3RIVIERES76","og_description":"Deux supporters sont morts et une dizaine d\u2019autres bless\u00e9s samedi soir dans une bousculade dans un stade de Cotonou, o\u00f9 le B\u00e9nin affrontait le S\u00e9n\u00e9gal dans le cadre des \u00e9liminatoires de la Coupe d\u2019Afrique des nations de football. Une enqu\u00eate a \u00e9t\u00e9 ouverte pour faire la lumi\u00e8re sur cet incident et situer \u00ab les responsabilit\u00e9s &hellip; Continuer la lecture \u00ab\u00a0Actualit\u00e9s fran\u00e7aise: deux morts lors du match B\u00e9nin-S\u00e9n\u00e9gal\u00a0\u00bb","og_url":"https:\/\/www.cc3rivieres76.com\/blog\/actualites-francaise-deux-morts-lors-du-match-benin-senegal\/","og_site_name":"CC3RIVIERES76","article_published_time":"2023-06-19T13:55:37+00:00","og_image":[{"url":"https:\/\/www.cc3rivieres76.com\/blog\/wp-content\/uploads\/2023\/06\/actualites-francaise-deux-morts-lors-du-match-benin-senegal.gif","type":"","width":"","height":""}],"author":"Sylvie DE LAUZAINGHEIN","twitter_card":"summary_large_image","twitter_misc":{"\u00c9crit par":"Sylvie DE LAUZAINGHEIN","Dur\u00e9e de lecture estim\u00e9e":"2 minutes"},"schema":{"@context":"https:\/\/schema.org","@graph":[{"@type":"Article","@id":"https:\/\/www.cc3rivieres76.com\/blog\/actualites-francaise-deux-morts-lors-du-match-benin-senegal\/#article","isPartOf":{"@id":"https:\/\/www.cc3rivieres76.com\/blog\/actualites-francaise-deux-morts-lors-du-match-benin-senegal\/"},"author":{"name":"Sylvie DE LAUZAINGHEIN","@id":"https:\/\/www.cc3rivieres76.com\/blog\/#\/schema\/person\/474d457fb7747b5218f39792dfaa5a1c"},"headline":"Actualit\u00e9s fran\u00e7aise: deux morts lors du match B\u00e9nin-S\u00e9n\u00e9gal","datePublished":"2023-06-19T13:55:37+00:00","mainEntityOfPage":{"@id":"https:\/\/www.cc3rivieres76.com\/blog\/actualites-francaise-deux-morts-lors-du-match-benin-senegal\/"},"wordCount":335,"publisher":{"@id":"https:\/\/www.cc3rivieres76.com\/blog\/#organization"},"image":{"@id":"https:\/\/www.cc3rivieres76.com\/blog\/actualites-francaise-deux-morts-lors-du-match-benin-senegal\/#primaryimage"},"thumbnailUrl":"https:\/\/www.cc3rivieres76.com\/blog\/wp-content\/uploads\/2023\/06\/actualites-francaise-deux-morts-lors-du-match-benin-senegal.gif","articleSection":["Les 3 Rivi\u00e8res Dans La Somme:"],"inLanguage":"fr-FR"},{"@type":"WebPage","@id":"https:\/\/www.cc3rivieres76.com\/blog\/actualites-francaise-deux-morts-lors-du-match-benin-senegal\/","url":"https:\/\/www.cc3rivieres76.com\/blog\/actualites-francaise-deux-morts-lors-du-match-benin-senegal\/","name":"Actualit\u00e9s fran\u00e7aise: deux morts lors du match B\u00e9nin-S\u00e9n\u00e9gal - CC3RIVIERES76","isPartOf":{"@id":"https:\/\/www.cc3rivieres76.com\/blog\/#website"},"primaryImageOfPage":{"@id":"https:\/\/www.cc3rivieres76.com\/blog\/actualites-francaise-deux-morts-lors-du-match-benin-senegal\/#primaryimage"},"image":{"@id":"https:\/\/www.cc3rivieres76.com\/blog\/actualites-francaise-deux-morts-lors-du-match-benin-senegal\/#primaryimage"},"thumbnailUrl":"https:\/\/www.cc3rivieres76.com\/blog\/wp-content\/uploads\/2023\/06\/actualites-francaise-deux-morts-lors-du-match-benin-senegal.gif","datePublished":"2023-06-19T13:55:37+00:00","breadcrumb":{"@id":"https:\/\/www.cc3rivieres76.com\/blog\/actualites-francaise-deux-morts-lors-du-match-benin-senegal\/#breadcrumb"},"inLanguage":"fr-FR","potentialAction":[{"@type":"ReadAction","target":["https:\/\/www.cc3rivieres76.com\/blog\/actualites-francaise-deux-morts-lors-du-match-benin-senegal\/"]}]},{"@type":"ImageObject","inLanguage":"fr-FR","@id":"https:\/\/www.cc3rivieres76.com\/blog\/actualites-francaise-deux-morts-lors-du-match-benin-senegal\/#primaryimage","url":"https:\/\/www.cc3rivieres76.com\/blog\/wp-content\/uploads\/2023\/06\/actualites-francaise-deux-morts-lors-du-match-benin-senegal.gif","contentUrl":"https:\/\/www.cc3rivieres76.com\/blog\/wp-content\/uploads\/2023\/06\/actualites-francaise-deux-morts-lors-du-match-benin-senegal.gif","width":1,"height":1,"caption":"Actualit\u00e9s fran\u00e7aise: deux morts lors du match B\u00e9nin S\u00e9n\u00e9gal"},{"@type":"BreadcrumbList","@id":"https:\/\/www.cc3rivieres76.com\/blog\/actualites-francaise-deux-morts-lors-du-match-benin-senegal\/#breadcrumb","itemListElement":[{"@type":"ListItem","position":1,"name":"Accueil","item":"https:\/\/www.cc3rivieres76.com\/blog\/"},{"@type":"ListItem","position":2,"name":"Actualit\u00e9s fran\u00e7aise: deux morts lors du match B\u00e9nin-S\u00e9n\u00e9gal"}]},{"@type":"WebSite","@id":"https:\/\/www.cc3rivieres76.com\/blog\/#website","url":"https:\/\/www.cc3rivieres76.com\/blog\/","name":"CC3RIVIERES76","description":"Les 3 rivi\u00e8res dans la Somme.","publisher":{"@id":"https:\/\/www.cc3rivieres76.com\/blog\/#organization"},"potentialAction":[{"@type":"SearchAction","target":{"@type":"EntryPoint","urlTemplate":"https:\/\/www.cc3rivieres76.com\/blog\/?s={search_term_string}"},"query-input":{"@type":"PropertyValueSpecification","valueRequired":true,"valueName":"search_term_string"}}],"inLanguage":"fr-FR"},{"@type":"Organization","@id":"https:\/\/www.cc3rivieres76.com\/blog\/#organization","name":"cc3rivieres76","url":"https:\/\/www.cc3rivieres76.com\/blog\/","logo":{"@type":"ImageObject","inLanguage":"fr-FR","@id":"https:\/\/www.cc3rivieres76.com\/blog\/#\/schema\/logo\/image\/","url":"https:\/\/www.cc3rivieres76.com\/blog\/wp-content\/uploads\/2023\/06\/logo-2.png","contentUrl":"https:\/\/www.cc3rivieres76.com\/blog\/wp-content\/uploads\/2023\/06\/logo-2.png","width":390,"height":388,"caption":"cc3rivieres76"},"image":{"@id":"https:\/\/www.cc3rivieres76.com\/blog\/#\/schema\/logo\/image\/"}},{"@type":"Person","@id":"https:\/\/www.cc3rivieres76.com\/blog\/#\/schema\/person\/474d457fb7747b5218f39792dfaa5a1c","name":"Sylvie DE LAUZAINGHEIN","image":{"@type":"ImageObject","inLanguage":"fr-FR","@id":"https:\/\/secure.gravatar.com\/avatar\/9c6a53b19e0a3431aa80de0895b9729fe665cd7e7d6cc94fc11abb152f4237d7?s=96&d=mm&r=g","url":"https:\/\/secure.gravatar.com\/avatar\/9c6a53b19e0a3431aa80de0895b9729fe665cd7e7d6cc94fc11abb152f4237d7?s=96&d=mm&r=g","contentUrl":"https:\/\/secure.gravatar.com\/avatar\/9c6a53b19e0a3431aa80de0895b9729fe665cd7e7d6cc94fc11abb152f4237d7?s=96&d=mm&r=g","caption":"Sylvie DE LAUZAINGHEIN"},"url":"https:\/\/www.cc3rivieres76.com\/blog\/author\/s76sylvie\/"}]}},"_links":{"self":[{"href":"https:\/\/www.cc3rivieres76.com\/blog\/wp-json\/wp\/v2\/posts\/92","targetHints":{"allow":["GET"]}}],"collection":[{"href":"https:\/\/www.cc3rivieres76.com\/blog\/wp-json\/wp\/v2\/posts"}],"about":[{"href":"https:\/\/www.cc3rivieres76.com\/blog\/wp-json\/wp\/v2\/types\/post"}],"author":[{"embeddable":true,"href":"https:\/\/www.cc3rivieres76.com\/blog\/wp-json\/wp\/v2\/users\/3"}],"replies":[{"embeddable":true,"href":"https:\/\/www.cc3rivieres76.com\/blog\/wp-json\/wp\/v2\/comments?post=92"}],"version-history":[{"count":0,"href":"https:\/\/www.cc3rivieres76.com\/blog\/wp-json\/wp\/v2\/posts\/92\/revisions"}],"wp:featuredmedia":[{"embeddable":true,"href":"https:\/\/www.cc3rivieres76.com\/blog\/wp-json\/wp\/v2\/media\/93"}],"wp:attachment":[{"href":"https:\/\/www.cc3rivieres76.com\/blog\/wp-json\/wp\/v2\/media?parent=92"}],"wp:term":[{"taxonomy":"category","embeddable":true,"href":"https:\/\/www.cc3rivieres76.com\/blog\/wp-json\/wp\/v2\/categories?post=92"},{"taxonomy":"post_tag","embeddable":true,"href":"https:\/\/www.cc3rivieres76.com\/blog\/wp-json\/wp\/v2\/tags?post=92"}],"curies":[{"name":"wp","href":"https:\/\/api.w.org\/{rel}","templated":true}]}}