{"id":954,"date":"2025-10-25T17:37:26","date_gmt":"2025-10-25T15:37:26","guid":{"rendered":"https:\/\/www.site.cdcl.xyz\/?p=1023993"},"modified":"2025-10-25T17:37:26","modified_gmt":"2025-10-25T15:37:26","slug":"panne-eclairage-public-conference-les-leds-dans-leclairage-public-panne-eclairage-publicconference-les-leds-dans-leclairage-public","status":"publish","type":"post","link":"https:\/\/www.cc3rivieres76.com\/blog\/panne-eclairage-public-conference-les-leds-dans-leclairage-public-panne-eclairage-publicconference-les-leds-dans-leclairage-public\/","title":{"rendered":"(panne \u00e9clairage public): Conf\u00e9rence \u00ab\u00a0Les leds dans l\u2019\u00e9clairage public\u00a0\u00bb|panne \u00e9clairage public,Conf\u00e9rence \u00ab\u00a0Les leds dans l\u2019\u00e9clairage public\u00a0\u00bb"},"content":{"rendered":"<br \/>\n<h2>\n\u00c0 travers ce contenu, Soci\u00e9t\u00e9 Astronomique de France s\u2019int\u00e9resse \u00e0 \u00ab&nbsp;panne \u00e9clairage public&nbsp;\u00bb.<br \/><\/h2>\n<p>Visionnez cette vid\u00e9o post\u00e9e par Soci\u00e9t\u00e9 Astronomique de France sur youtube.<br \/>ayant pour th\u00e8me \u00ab&nbsp;panne \u00e9clairage public&nbsp;\u00bb:<br \/>[embedded content]<\/p>\n<p>\nCette vid\u00e9o avait d\u00e9j\u00e0 un impact notable lorsque nous l\u2019avons d\u00e9couverte r\u00e9cemment. Le nombre de Likes indiquait: 13.\n<\/p>\n<p>La vid\u00e9o dure 01:00:30 secondes, porte le titre Conf\u00e9rence \u00ab&nbsp;Les leds dans l\u2019\u00e9clairage public&nbsp;\u00bb et provient de [vid_author_name]. La description qui suit m\u00e9rite \u00e9galement votre attention :\u00ab<i> Conf\u00e9rence prononc\u00e9e par Bruno VERGNES dans le cadre des Rencontres AstroCiel 2022 \u00e0 Valdr\u00f4me.<\/i><\/p>\n<p>Les Rencontres ont lieu \u00e0 la station de Valdr\u00f4me, dans un site exceptionnel \u00e0 1 300 m d\u2019altitude, distant de plusieurs dizaines de kilom\u00e8tres de toute source de pollution lumineuse. La dur\u00e9e de votre s\u00e9jour est celle qui vous convient. En plus des observations avec votre propre instrument, des activit\u00e9s (conf\u00e9rences, ateliers, \u00e9changes) sont propos\u00e9es aux participants sans co\u00fbt suppl\u00e9mentaire.<\/p>\n<p>Cet \u00e9v\u00e9nement est organis\u00e9 par la Soci\u00e9t\u00e9 astronomique de France en partenariat avec le Conseil d\u00e9partemental de la Dr\u00f4me et la Station de Valdr\u00f4me.<\/p>\n<p>Rejoignez la SAF :<br \/>\ud83d\udc49 https:\/\/saf-astronomie.fr\/adhesion\/ <\/p>\n<p>Les Rencontres AstroCiel :<br \/>\ud83d\udc49 https:\/\/saf-astronomie.fr\/astrociel\/<\/p>\n<p>Abonnez-vous \u00e0 la cha\u00eene SAF :<br \/>\ud83d\udc49 https:\/\/www.youtube.com\/channel\/UCD6H5ugytjb0FM9CGLUn0Xw<\/p>\n<p>Retrouvez-nous sur notre site :<br \/>\ud83d\udc49 https:\/\/saf-astronomie.fr\/<\/p>\n<p>Suivez-nous sur les r\u00e9seaux !<br \/>\ud83d\udc49 Facebook : https:\/\/www.facebook.com\/Societe.Astronomique.de.France<br \/>\ud83d\udc49 Twitter : https:\/\/twitter.com\/safastrofrance<br \/>\ud83d\udc49 Instagram : https:\/\/www.instagram.com\/societeastronomiquedefrance\/ \u00bb.\n<\/p>\n<p>\nCette plateforme largement adopt\u00e9e permet de diffuser et de d\u00e9couvrir une grande diversit\u00e9 de vid\u00e9os sur des sujets vari\u00e9s, y compris des inspirations et des concepts originaux.<\/p>\n<h2>Pourquoi les pannes d\u2019\u00e9clairage public doivent \u00eatre trait\u00e9es en priorit\u00e9 ?<\/h2>\n<h3>Pour un \u00e9clairage public plus efficace et \u00e9co-responsable<\/h3>\n<p>L\u2019\u00e9clairage public a bien chang\u00e9 depuis l\u2019\u00e9poque des lanternes \u00e0 gaz. Aujourd\u2019hui, l\u2019\u00e9lectricit\u00e9 est la source d\u2019\u00e9nergie de pr\u00e9dilection. Tandis que des villes comme Paris \u00e9clairent leurs rues sans interruption la nuit, d\u2019autres communes adoptent des syst\u00e8mes de minuterie et des lampes \u00e0 \u00e9clairage d\u00e9croissant pour r\u00e9duire les co\u00fbts. Le code du travail impose aussi des normes de s\u00e9curit\u00e9 pour les installations de lampadaires. Les villes doivent repenser leur \u00e9clairage public pour le rendre plus intelligent et durable, tout en g\u00e9rant efficacement les pannes. Les technologies telles que l\u2019\u00e9clairage LED, qui consomme moins d\u2019\u00e9nergie et dure plus longtemps, ainsi que les capteurs intelligents, qui r\u00e9gulent l\u2019intensit\u00e9 lumineuse en fonction du flux de personnes, permettent de r\u00e9pondre \u00e0 ces d\u00e9fis. En outre, les syst\u00e8mes de gestion \u00e0 distance offrent une surveillance en temps r\u00e9el du r\u00e9seau d\u2019\u00e9clairage, ce qui optimise la maintenance et l\u2019usage de l\u2019\u00e9nergie. En am\u00e9liorant l\u2019\u00e9clairage public, les villes peuvent renforcer la s\u00e9curit\u00e9, r\u00e9duire les co\u00fbts et diminuer leur empreinte \u00e9cologique. Gr\u00e2ce \u00e0 des outils comme AppliJeSignale, cette transition vers un \u00e9clairage durable devient accessible pour toutes les collectivit\u00e9s.<\/p>\n<h3>Comment signaler une panne avec AppliJeSignale ?<\/h3>\n<p>Avec AppliJeSignale, signaler un probl\u00e8me devient facile. Pas d\u2019installation ni d\u2019inscription n\u00e9cessaires : il suffit de se rendre sur le site depuis un appareil connect\u00e9. En quelques secondes, vous pouvez localiser et d\u00e9crire la panne, puis envoyer les informations aux services responsables. Un syst\u00e8me de suivi vous permet de rester inform\u00e9 sur la progression de votre signalement.<\/p>\n<h3>Facilitez la gestion des dysfonctionnements avec AppliJeSignale<\/h3>\n<p>L\u2019enjeu est de taille et il devient n\u00e9cessaire d\u2019avoir un syst\u00e8me de signalement performant. AppliJeSignale se pr\u00e9sente comme une solution moderne, permettant \u00e0 chacun de signaler les pannes d\u2019\u00e9clairage public rapidement, sans t\u00e9l\u00e9chargement ni inscription. La signalisation des d\u00e9faillances de l\u2019\u00e9clairage public permet une intervention rapide. Informez votre mairie d\u00e8s maintenant via<a href=\"https:\/\/www.applijesignale.fr\/eclairage-public\/\" rel=\"noopener noreferrer nofollow\" target=\"_blank\"> Je Signale <\/a>et am\u00e9liorez la s\u00fbret\u00e9 de votre ville.<\/p>\n<h3>Les villes face aux cons\u00e9quences des d\u00e9faillances lumineuses<\/h3>\n<p>Les d\u00e9faillances de l\u2019\u00e9clairage public peuvent avoir de lourdes cons\u00e9quences, augmentant les risques pour les pi\u00e9tons et les automobilistes, notamment dans les zones \u00e0 fort trafic ou pr\u00e8s des passages pi\u00e9tons. Elles impactent \u00e9galement la qualit\u00e9 de vie en r\u00e9duisant la s\u00e9curit\u00e9 per\u00e7ue et l\u2019attractivit\u00e9 des espaces publics. En outre, ces d\u00e9faillances affectent les finances publiques, car une maintenance tardive engendre souvent des co\u00fbts sup\u00e9rieurs \u00e0 ceux des r\u00e9parations pr\u00e9ventives. Enfin, elles conduisent \u00e0 une consommation \u00e9nerg\u00e9tique inefficace, dues \u00e0 des \u00e9quipements vieillissants ou mal entretenus.<\/p>\n<h3>Un outil pens\u00e9 pour am\u00e9liorer les relations entre collectivit\u00e9s et citoyens<\/h3>\n<p>L\u2019adoption d\u2019AppliJeSignale permet aux collectivit\u00e9s d\u2019\u00eatre plus r\u00e9actives en mati\u00e8re d\u2019\u00e9clairage public. En r\u00e9duisant le temps de r\u00e9ponse, l\u2019outil aide \u00e0 limiter les risques li\u00e9s \u00e0 l\u2019absence d\u2019\u00e9clairage. Il facilite aussi la gestion des co\u00fbts, car un diagnostic rapide permet de mieux planifier les interventions. Enfin, il favorise l\u2019engagement des citoyens dans l\u2019am\u00e9lioration de leur cadre de vie.<\/p>\n<h3>L\u2019\u00e9clairage public, un alli\u00e9 pour des villes plus s\u00fbres<\/h3>\n<p>L\u2019\u00e9clairage public est un pilier pour la s\u00e9curit\u00e9 des citoyens et des routes nocturnes. Il permet de s\u00e9curiser les trajets, r\u00e9duire les risques d\u2019accidents et limiter la d\u00e9linquance. Les d\u00e9faillances de l\u2019\u00e9clairage restent n\u00e9anmoins fr\u00e9quentes, impactant directement le quotidien des habitants.\n<\/p>\n<p> Pour voir cette vid\u00e9o sur youtube, suivez ce lien :<br \/><u> la source:<\/u> <a href=\"https:\/\/www.youtube.com\/watch?v=AZhemR4TCJ4\">Cliquer ici<\/a>\n<\/p>\n<p>\n#Conf\u00e9rence #Les #leds #dans #l39\u00e9clairage #public\n<\/p>\n<p>\n<u>Retranscription des paroles de la vid\u00e9o:<\/u> c\u2019est bon ok bon bon bonjour donc je crois que Marie-Claude m\u2019a pr\u00e9sent\u00e9 tout \u00e0 l\u2019heure je vais r\u00e9\u00e9diter vaguement d\u2019accord ok donc moi je remplace Jean-Luc Colas qui a eu un petit probl\u00e8me technique et physique qui devait venir \u00e0 Valdrome est pr\u00e9sent\u00e9 le 2 ao\u00fbt c\u2019est \u00e0 dire mardi prochain cette d\u00e9monstration donc c\u2019est comme \u00e7a que d\u2019ailleurs que c\u2019est inscrit sur le site de la SAF et puis donc la semaine derni\u00e8re il m\u2019appelle il me demande si je peux pas parce qu\u2019il savait que je montrais donc je dis oui il y a pas de probl\u00e8me et puis ce matin il y avait pas de probl\u00e8me non plus je remplace au pied de VLN je crois qu\u2019il devait faire un diaporama sur les insectes c\u2019est \u00e7a l\u2019id\u00e9e ok donc moi je suis brunovergne correspondant \u00e0 npcen comme Jean-Luc \u00e0 part que je suis pas au conseil d\u2019administration je suis correspondant 07 historiquement c\u2019est \u00e0 dire l\u2019Ard\u00e8che pas tr\u00e8s loin d\u2019ici l\u2019autre c\u00f4t\u00e9 du Rh\u00f4ne et la Dr\u00f4me de temps en temps officiellement 07 et 26 on va dire donc l\u00e0 Jean-Luc a fait un diaporama sur la les LED en milieu urbain donc les lettres c\u2019est une technologie d\u2019\u00e9clairage qui existe depuis une quinzaine vingtaine d\u2019ann\u00e9es maintenant qui sait de plus en plus impos\u00e9 de part entre guillemets ses avantages faut bien le dire c\u2019est \u00e0 dire \u00e0 la fois des dur\u00e9es de vie de lampes beaucoup plus longue tout du moins sur le papier parce que bon comme \u00e7a 15-20 ans on n\u2019a pas encore suffisamment de recul pour voir si effectivement on tient les dur\u00e9es de vie annonc\u00e9es par les constructeurs puisque \u00e7a va au-del\u00e0 \u00e9ventuellement dans certains cas 30 ans 35 ans et \u00e9galement un rapport financier puisque effectivement pour le m\u00eame niveau d\u2019\u00e9clairement on a des consommations \u00e9lectriques bien moindre voil\u00e0 par contre \u00e7a s\u2019accompagne effectivement de certaines particularit\u00e9s de points n\u00e9gatifs on va dire en termes de nuisances parce que c\u2019est un \u00e9clairage qui est \u00e0 la n\u00e9cessit\u00e9 d\u2019\u00eatre tr\u00e8s directif s\u2019il est mal positionn\u00e9 au niveau du cand\u00e9labre c\u2019est-\u00e0-dire si la zone d\u00e9clarement n\u2019est pas clairement dirig\u00e9e \u00e9tant donn\u00e9 qu\u2019il est extr\u00eamement puissant il peut \u00eatre effectivement tr\u00e8s dommageable pour ce qu\u2019on appelle les pollutions lumineuses et \u00e9galement les lumi\u00e8res intrusives qui est une forme de pollution lumineuse que je vais d\u00e9tailler sur le diaporama alors Jean-Luc a souhait\u00e9 je passe au suivant apparemment l\u00e0 donc Jean-Luc a souhait\u00e9 diviser en six parties ce diaporama c\u2019est \u00e0 dire qu\u2019en fait je vais vous parler de certains courriers qu\u2019on a re\u00e7u des usagers sur le mail g\u00e9n\u00e9raliste de la npcen Marie-Claude vient de vous en parler si j\u2019ai bien suivi \u00e9galement elle fait son travail de militante donc la npcen bah c\u2019est une adh\u00e9sion loi 1901 sans but lucratif et on a un site internet on y reviendra enfin j\u2019y reviendrai \u00e0 la fin du diaporama et il y a la possibilit\u00e9 d\u2019envoyer des mails lorsque des personnes sont g\u00ean\u00e9es par \u00e9ventuellement un \u00e9clairage direct trop directif voil\u00e0 qui les g\u00eane dans leur quotidien soit dans les appartements soit chez eux en dehors de chez eux etc donc on a divis\u00e9 en six parties le diaporama une partie de courrier qu\u2019on a re\u00e7u des usagers faut savoir que depuis que la lettre est implant\u00e9e c\u2019est quelque chose qui se g\u00e9n\u00e9ralise de plus en plus on a de plus en plus souvent des courriers m\u00eame moi au niveau du 07 et du 26 j\u2019ai effectivement ce genre de probl\u00e9matique qu\u2019on n\u2019avait pas dans les anciens syst\u00e8mes d\u2019\u00e9clairage qu\u2019on avait moins bon apr\u00e8s \u00e7a d\u00e9pend et rendu \u00e9ventuellement des installateurs mais l\u00e0 on est sur des puissances beaucoup plus \u00e9lev\u00e9es donc des nuisances plus importantes on verra \u00e9galement un point de vue des mers les \u00e9lus en fait qui prennent les d\u00e9cisions d\u2019\u00e9clairage au niveau de leur commune le point de vue des professionnels c\u2019est \u00e0 dire en l\u2019occurrence de ce qu\u2019on appelle le syndicat de l\u2019\u00e9clairage en France puis qu\u2019en France c\u2019est pas tr\u00e8s compliqu\u00e9 l\u2019\u00e9clairage \u00e0 peu pr\u00e8s tous les d\u00e9partements ont un syndicat d\u2019\u00e9clairage qui d\u00e9pend du syndicat de life pardon de l\u2019Association fran\u00e7aise de l\u2019\u00e9clairage qui chapote l\u2019ensemble des syndicats de l\u2019\u00e9clairage qui en principe il y en a un par d\u00e9partement \u00e0 ma connaissance il y a une exception dans le Vaucluse o\u00f9 il y a pas de syndicats de l\u2019\u00e9clairage mais quasiment tous les d\u00e9partements fran\u00e7ais ou un syndicat qui est g\u00e9r\u00e9 l\u00e0 aussi sous forme d\u2019associations mais pas \u00e0 but non lucratif \u00e0 but lucratif quatri\u00e8me point on verra le point de vue de l\u2019anxess donc lances c\u2019est la l\u2019Agence nationale de s\u00e9curit\u00e9 sanitaire d\u2019alimentation et de l\u2019environnement et du travail donc qui a \u00e9mis des alertes concernant la technologie de la LED donc on y reviendra l\u00e0 dessus on verra on verra leur point de vue ensuite il y a quelques extraits au niveau des m\u00e9dias sur la presse nationale et le point de vue bien s\u00fbr de l\u2019association c\u2019est \u00e0 dire de la mpcen voil\u00e0 bon je vais m\u2019asseoir \u00e7a vous d\u00e9range pas je prends pas de masque j\u2019ai une distance r\u00e9glementaire et puis en plus je sais pas si vous avez bien compris donc la premi\u00e8re partie donc on pense les citoyens donc l\u00e0 on vous a mis un extrait je sais pas si vous arrivez \u00e0 lire de d\u2019un courrier qu\u2019on avait re\u00e7u c\u2019est \u00e0 peu pr\u00e8s lisible donc voil\u00e0 \u00e7a c\u2019est typique de document qu\u2019on re\u00e7oit assez r\u00e9guli\u00e8rement avec des personnes qui sont \u00e9blouies par un des \u00e9clairages qui sont mal orient\u00e9s au niveau de ces fameuses LED et qui g\u00e9n\u00e8rent automatiquement beaucoup de nuisances alors l\u00e0 on est en p\u00e9riode de canicule \u00e9videmment c\u2019est encore plus criard en p\u00e9riode estivale puisque elles peuvent pas garder leur volet ouvert et donc faire des courants d\u2019air et elles sont oblig\u00e9es de s\u2019enfermer chez elle pour pas avoir ses probl\u00e8mes l\u00e0 adress\u00e9e \u00e0 la npcen ou adresser \u00e0 la municipalit\u00e9 en l\u2019occurrence est re\u00e7u par la npcen alors \u00e7a peut \u00eatre \u00e9ventuellement les deux voir plus c\u2019est pas le probl\u00e8me nous on r\u00e9cup\u00e8re une partie des informations parce que la npcom \u00e7a commence \u00e0 \u00eatre un petit peu connu donc les gens quand ils ont des probl\u00e8mes vis-\u00e0-vis de leur \u00e9clairage bon c\u2019est vrai que dans une premi\u00e8re d\u00e9marche ils vont contacter le conseil municipal parce qu\u2019ils connaissent quelqu\u2019un dans les petites agglom\u00e9rations tout du moins ou apr\u00e8s un courrier \u00e0 la mairie si on voit que \u00e7a bouge pas mais tr\u00e8s souvent en parall\u00e8le ils font ils demandent nos entre guillemets nos services pour savoir ce qu\u2019ils peuvent faire donc l\u00e0 donc le premier courrier en fait c\u2019est c\u2019\u00e9tait du d\u00e9partement de la Loire si je dis pas de b\u00eatises la commune de Noailly 800 habitants donc bon \u00e7a touche des petites communes l\u00e0 par contre c\u2019est la commune d\u2019Ivry donc \u00e7a c\u2019est je connais pas trop c\u2019est 94 c\u2019est en r\u00e9gion parisienne je suppose 63000 habitants donc l\u00e0 il y a un peu plus de monde et c\u2019est une probl\u00e9matique je vous laisse un peu voir le texte li\u00e9 \u00e0 l\u2019implantation d\u2019un \u00e9clairage sur une caserne alors la particularit\u00e9 de la caserne en fait c\u2019est que comme \u00e7a travaille 24 heures sur 24 il y a pas cette obligation d\u2019extinction \u00e0 partir d\u2019une heure du matin donc \u00e7a reste le b\u00e2timent reste \u00e9clair\u00e9 toute la nuit l\u00e0 \u00e7a provoquait une nuisance importante sur des appartements qui sont dans un immeuble je crois qu\u2019on va voir les diapositives apr\u00e8s donc voil\u00e0 \u00e7a c\u2019est la personne qui qui rentre chez elle et qui s\u2019aper\u00e7oit qu\u2019effectivement dans son studio elle peut pas \u00e9viter un \u00e9clairage bien qu\u2019elle habite en \u00e9tage en plus vous allez voir je crois que elle a envoy\u00e9 des photos \u00e0 la mpcen c\u2019est c\u2019est pas mal puisque \u00e7a \u00e9claire sur plusieurs niveaux voil\u00e0 bon \u00e7a c\u2019est un exemple \u00e0 23 heures du m\u00eame b\u00e2timent \u00e7a c\u2019est une vue de son appartement donc largement en \u00e9tage on voit bien que c\u2019est au m\u00eame niveau que chez elle \u00e7a c\u2019est la caserne de jour parce que c\u2019est que les r\u00e9gions en plus demander l\u2019int\u00e9r\u00eat d\u2019ailleurs que \u00e7a soit clair et de jours et \u00e7a c\u2019est une vue de son immeuble vu de prix d\u2019en bas donc on voit on voit les ombres port\u00e9es ou effectivement donc on doit \u00eatre au septi\u00e8me \u00e9tage qu\u2019on \u00e9tait tout \u00e0 l\u2019heure on voit que c\u2019est clair tr\u00e8s tr\u00e8s haut en fait l\u00e0 c\u2019est un autre exemple de jeunes assist\u00e9 sur la commune de Bougival je sais pas si c\u2019est ouais voil\u00e0 \u00e7a c\u2019est dans le courrier alors Bougival c\u2019est dans le 78 donc une personne qui habite \u00e0 c\u00f4t\u00e9 d\u2019un bois et en fait qui [Musique] est emb\u00eat\u00e9 par ses \u00e9clairages surpuissant par le mirador apparemment sans extinction \u00e0 la nuit l\u00e0 la personne elle a boug\u00e9 puisque apparemment elle a envoy\u00e9 un courrier au syndic de l\u2019immeuble elle a pas eu de r\u00e9ponse voil\u00e0 on voit bien l\u2019arbre l\u2019int\u00e9rieur on voit que l\u00e0 en bordure de for\u00eat \u00e7a c\u2019est Chamb\u00e9ry donc Chamb\u00e9ry 73 60 000 habitants voil\u00e0 donc il d\u00e9nonce \u00e0 peu pr\u00e8s syst\u00e9matiquement le fait que il profite de la technologie qui soit disant qu\u2019on soit moins enfin ce qui est une v\u00e9rit\u00e9 \u00e7a on va pas le remettre en cause mais les professionnels de l\u2019\u00e9clairage en profitent pour mettre des \u00e9clairages surpuissant c\u2019est \u00e7a le principal probl\u00e8me de la dette c\u2019est la puissance de l\u2019installation donc lumi\u00e8re intrusive les gens peuvent plus ouvrir les fen\u00eatres monter les stores pour faire des courants d\u2019air chez eux donc voil\u00e0 c\u2019est assez facile \u00e0 prouver mais bon apr\u00e8s par la suite c\u2019est un peu compliqu\u00e9 ouais faut qu\u2019il y ait une r\u00e9action enfin une \u00e9coute en face parce que sinon non mais g\u00e9n\u00e9ralement \u00e7a se passe bien mais bon des fois c\u2019est c\u2019est tr\u00e8s compliqu\u00e9 quand m\u00eame \u00e7a c\u2019est un autre courrier je sais pas si ouais dans le 91 nous a carr\u00e9ment cit\u00e9 dans le courrier pour nous contacter sur la sur la probl\u00e9matique ouais \u00e7a c\u2019est assez g\u00e9n\u00e9ral donc les lampes au sodium c\u2019\u00e9tait fameuses lampes qui avaient un \u00e9clairage orient\u00e9 plut\u00f4t jaune jaune orang\u00e9 qui avait un \u00e9norme avantage je pense qu\u2019il y a des astronomes amateurs dans la salle pour la filtration qu\u2019il n\u2019y a plus dans la LED relier c\u2019est un correspondant 91 voil\u00e0 bon apr\u00e8s des exemples comme \u00e7a il y en a un nombre certain donc voil\u00e0 \u00e7a c\u2019\u00e9tait un peu le regard du citoyen de l\u2019usager on va dire le maire donc le maire c\u2019est celui qui a le pouvoir de d\u00e9cider de la modification ou l\u2019implantation d\u2019un nouvel \u00e9clairage donc qui va se r\u00e9f\u00e9rer le plus souvent suivant la taille de la commune soit un syndicat de l\u2019\u00e9clairage soit il aura un service technique interne qui lui permettra de d\u2019implanter dans le respect des normes sont d\u2019\u00e9clairage public donc maintenant de toute fa\u00e7on la question se pose plus g\u00e9n\u00e9ralement tout ce qui se monte en nouvelle \u00e9clairage ou en remplacement d\u2019un \u00e9clairage existant c\u2019est quasiment 99% de l\u2019aide alors le paradoxe c\u2019est qu\u2019en fait la telle que c\u2019est d\u00e9crit dans le courrier on arrive \u00e0 une une diminution de consommation de 22% alors qu\u2019en fait on pourrait th\u00e9oriquement attendre atteindre largement 50%, si on respectait le m\u00eame niveau d\u2019\u00e9clairement quand on avait auparavant et je parle pas de l\u2019extinction en milieu de nuit \u00e9videmment c\u2019est encore autre chose sur le sur les \u00e9conomies potentielles l\u00e0 c\u2019\u00e9tait un exemple donc \u00e0 Pantin j\u2019ai pas fait le d\u00e9partement c\u2019est 93 oui voil\u00e0 en fait les m\u00e8res sont assez fiers de ce qui r\u00e9alise parce que bon eux ils ont l\u2019impression de r\u00e9aliser entre guillemets des \u00e9conomies tout du moins \u00e0 l\u2019\u00e9poque parce que l\u00e0 on \u00e9tait encore pas tout \u00e0 fait sur des logiques actuelles d\u2019augmentation du prix du kilowatts puisque \u00e7a va relativement tr\u00e8s vite pour les communes parce que faut savoir que le prix du kilowatt pour les communes c\u2019est pas le m\u00eame que le prix du kilowatt pour les particuliers c\u2019est pas la m\u00eame indexation donc autant pour les particuliers \u00e7a fortement augment\u00e9 mais de mani\u00e8re limitative autant pour les communes on est sur une exponentialit\u00e9 de des tarifs actuellement voil\u00e0 alors bon eux ils sont assez fiers des installations qui font ils connaissent pas trop n\u00e9cessairement la l\u00e9gislation en cours sur le sujet bien que d\u2019ailleurs qui sont en premi\u00e8re ligne lorsqu\u2019il y a un m\u00e9contentement de la population puisqu\u2019il re\u00e7oivent les courriers donc apr\u00e8s il se retourne \u00e9ventuellement vers les professionnels l\u00e0 c\u2019est un port donc Morlaix est dans le Finist\u00e8re si je dis pas de b\u00eatises ouais 15000 habitants je crois que c\u2019est un pont donc l\u00e0 il y a un sur \u00e9clairage hyper puissant \u00e9videmment \u00e7a travaille un 14 sur 24 aussi donc il y a pas d\u2019extinction la nuit mais bon je pense qu\u2019il doit arriver \u00e0 voir ce qu\u2019il faut vu le niveau d\u2019intensit\u00e9 de la de cet \u00e9clairage pour les \u00e9change multimodal donc 20 luxe alors la lune c\u2019est c\u2019est un demi un quart planning donc bon et on peut lire le journal par pleine lune quand m\u00eame [Musique] d\u2019abord commencer par respecter la loi avant les normes qui sont le probl\u00e8me en France mais c\u2019est je pense le cas dans la majorit\u00e9 des pays c\u2019est pas parce qu\u2019une loi est promulgu\u00e9e qui est respect\u00e9e donc voil\u00e0 d\u00e9j\u00e0 c\u2019est voil\u00e0 oui oui mais bon l\u00e0 c\u2019est tout l\u00e0 c\u2019est tout sorti c\u2019est pas le probl\u00e8me voil\u00e0 c\u2019est un peu \u00e7a le probl\u00e8me c\u2019est qu\u2019apr\u00e8s qui c\u2019est qui fait les contr\u00f4les bah apparemment c\u2019est le citoyen qui d\u00e9nonce la probl\u00e8me au tribunal administratif je crois qu\u2019il va garder son probl\u00e8me un certain temps \u00e7a c\u2019est des exemples de mise en lumi\u00e8re de la ville de Lyon bon alors Lyon c\u2019est la ville lumi\u00e8re donc forc\u00e9ment il fallait qu\u2019il fasse oui c\u2019est une f\u00eate d\u00e9but d\u00e9cembre voil\u00e0 le fait de la lumi\u00e8re mais en fait ils ont les professionnels de l\u2019\u00e9clairage aussi en profitent pour installer dans cette ville et pas forc\u00e9ment ailleurs une esp\u00e8ce de vitrine technologique li\u00e9e \u00e0 la LED qui va servir apr\u00e8s je crois qu\u2019il y a un commentaire sur le site le Lion sont des bougies oui ce qui a fait de la lumi\u00e8re c\u2019est \u00e7a tout \u00e0 fait il y a m\u00eame une r\u00e9f\u00e9rence \u00e0 l\u2019air glaciaire donc ils vont chercher loin dans leur imaginaire quand m\u00eame de ce c\u00f4t\u00e9-l\u00e0 en plus l\u00e0 on est sur des exemples d\u2019\u00e9clairage de lumi\u00e8re bleue donc la lumi\u00e8re blanche on va avoir plus loin mais bon c\u2019est quasiment dans le spectre ce qu\u2019il y a de plus nocif pour le vivant l\u00e0 par contre il respecte le l\u2019extinction \u00e0 une heure du matin c\u2019est le palais de justice ils font des r\u00e9f\u00e9rences \u00e0 des villes historiques donc maintenant le point de vue des professionnels de l\u2019\u00e9clairage donc les syndicats et les associations affili\u00e9es au syndicats donc l\u00e0 Jean-Luc avait mis \u00e0 d\u00e9velopper sur un article qui est paru dans le Figaro qui mettait en fait donc en 2015 qui mettait en garde les \u00e9clairages justement de type LED qui rayonnait \u00e9norm\u00e9ment dans le bleu et le journal ne faisait que de se r\u00e9f\u00e9rer au rapport de lances de l\u2019\u00e9poque enfin qui date de 2010 mais bon qui \u00e9tait pas tr\u00e8s ancien par rapport \u00e0 cette date l\u00e0 et apparemment ils sont mont\u00e9s au cr\u00e9neau pour d\u00e9noncer que les journalistes faisaient pas leur travail quoi donc bon on va d\u00e9velopper un petit peu derri\u00e8re alors \u00e7a apparemment \u00e7a allait g\u00eane \u00e9norm\u00e9ment quand il y a des critiques de la presse sur les sp\u00e9cificit\u00e9s de leur m\u00e9tier on va dire voil\u00e0 donc l\u00e0 il d\u00e9non\u00e7ait en fait la lumi\u00e8re bleue alors il dit que je parle toujours donc au nom des syndicats de l\u2019\u00e9clairage ils disent que c\u2019est faux puisque m\u00eame le soleil \u00e9met de la lumi\u00e8re bleue bon \u00e7a on va voir plus loin dans le spectre c\u2019est pas faux mais bon voil\u00e0 c\u2019est pas tout \u00e0 fait la m\u00eame chose alors ce qui est marrant c\u2019est que dans le 1 ils disent que il y a pas de danger sur la lumi\u00e8re bleue puis apr\u00e8s dans le 3 il vous disent ouais on va essayer de limiter la lumi\u00e8re bleue donc il se contredisent \u00e0 quelque part dans l\u2019article voil\u00e0 puis mettre apr\u00e8s en avant la toujours l\u2019\u00e9ternel argument de l\u2019avantage de la LED par rapport \u00e0 cette technologie l\u00e0 et \u00e7a a \u00e9t\u00e9 sign\u00e9 par trois types de professionnels l\u00e0 il y a un descriptif des diff\u00e9rents syndicats bon voil\u00e0 bon apr\u00e8s c\u2019est la cuisine des professionnels alors faut savoir qu\u2019il y a quand m\u00eame un tr\u00e8s tr\u00e8s fort monopole du syndicat de l\u2019\u00e9clairage en France puisque bon on voit que c\u2019est \u00e7a atteint des proportions 80% des lampes vendues en France \u00e7a passe par eux toutes les normes passent par eux alors la npcm dans son temps avez voulu faire partie des normes enfin des commissions qui d\u00e9cident d\u2019\u00e9normes \u00e0 fnor si vous avez su cette histoire il y a d\u00e9j\u00e0 une dizaine d\u2019ann\u00e9es maintenant puis ils ont fini par claquer la porte parce que en fait il y avait un consensus entre les fabricants et les syndicats pour faire passer leur sauce et le monde environnemental n\u2019avait pas pu faire valoir des arguments surtout \u00e0 l\u2019\u00e9poque en plus bon on en parle de plus en plus de l\u2019environnement mais il y a 15-20 ans c\u2019\u00e9tait \u00e0 l\u2019\u00e9poque que je connais leur environnement et avant qu\u2019il arr\u00eatait tout \u00e7a apr\u00e8s coup j\u2019ai compris que c\u2019\u00e9tait des bons l\u2019ob\u00e9isses qui \u00e9taient pr\u00e9sents chacune des r\u00e9unions [Musique] en Europe donc ils se partagent la galette quoi et la galette \u00e7a t\u2019int\u00e9ressante parce que \u00e7a rapporte on va dire et l\u00e0 c\u2019\u00e9tait la troisi\u00e8me signataire du document qui s\u2019appelait Cluster Lumi\u00e8re voil\u00e0 donc lances c\u2019est donc le excusez-moi parce que moi \u00e0 chaque fois j\u2019oublie ce que \u00e7a veut dire l\u2019anxess donc agence nationale de s\u00e9curit\u00e9 sanitaire de l\u2019alimentation et de l\u2019environnement et du travail donc l\u2019ancien \u00e7a avait sorti par deux fois mais je pense que l\u00e0 on doit parler de celui de 2010 un dossier de presse qui m\u2019\u00e9tait en garde justement la dangerosit\u00e9 de cette \u00e9clairage bleu qui \u00e9tait \u00e9norm\u00e9ment pr\u00e9sent dans les premi\u00e8res LED install\u00e9es de 2000 \u00e0 2010 m\u00eame apr\u00e8s \u00e9videmment maintenant la technologie commence \u00e0 \u00e9voluer et on va vers des \u00e9clairages plus chauds y compris dans la LED on n\u2019est pas encore sur de la LED en Bray qui faisait partie dans les \u00e9tiquettes environnementales de la npcen de des bons choix puisque je crois qu\u2019on avait mis du B vous savez les \u00e9tiquettes environnementales c\u2019est ABCD etc pour la qualit\u00e9 de la de la lumi\u00e8re et la LED ambr\u00e9e dans les analyses qui avaient fait Nicolas bessolas \u00e0 l\u2019\u00e9poque elle \u00e9tait class\u00e9e en B sachant que les LED bleu les \u00e9ventuellement en milieu de rayonnement du spectre sont plut\u00f4t class\u00e9s en CD voir alors la lumi\u00e8re bleue c\u2019est vraiment quelque chose qui g\u00eane \u00e9norm\u00e9ment le vivant faut savoir que effectivement la deuxi\u00e8me cause d\u2019extinction des insectes c\u2019est l\u2019\u00e9clairage public et les insectes sont particuli\u00e8rement sensibles au niveau du spectre \u00e0 l\u2019\u00e9clairage bleu \u00e9galement pour la sant\u00e9 humaine ou effectivement il y a des probl\u00e9matiques je pense que les ophtalmologistes vont avoir de belles ann\u00e9es devant eux compte tenu que ces \u00e9clairages Bleus ont \u00e9t\u00e9 aussi implant\u00e9s dans les maisons pas que dans l\u2019\u00e9clairage public les lumi\u00e8res bleues que l\u2019on a dans des villes pour les passages qui \u00e9tonn\u00e9s c\u2019est je connais plusieurs villes en France on va pas regarder la lampe on regarde pas plus de soleil quand on marche on a la t\u00eate baiss\u00e9e donc quand m\u00eame on n\u2019est pas impact\u00e9 par la lumi\u00e8re bleue oui mais bon malheureusement qui sont mal install\u00e9s et en fait \u00e0 la base l\u2019\u00e9clairage ne devrait pas nuire il devrait pas y avoir d\u2019\u00e9clairage direct sur sur le humain ce qui est pas le cas en fait alors apr\u00e8s il y a les b\u00e9b\u00e9s qu\u2019on prom\u00e8ne en poussette et qui eux c\u2019est l\u2019inverse dangereux c\u2019est aberrant le il y a des projecteur qui aveugle compl\u00e8tement oblig\u00e9 encore que \u00e7a peut se passer derri\u00e8re le probl\u00e8me apr\u00e8s [Musique] l\u2019\u00e9clairage bleu que vous parlez sur les zones pi\u00e9tonnes c\u2019est c\u2019est concr\u00e8tement c\u2019est quoi c\u2019est au d\u00e9but \u00e0 la fin du passage pi\u00e9ton [Musique] OK d\u2019accord dans la r\u00e9gion il y a un descriptif un peu des probl\u00e9matiques li\u00e9es \u00e0 cette longueur d\u2019onde on va voir un petit peu plus loin par rapport \u00e0 des analyses de spectre les enfants oui c\u2019est vrai c\u2019est pas bon sans parler que les g\u00e9n\u00e9rations qui arrivent enfin la n\u00f4tre on fait un tout petit peu partie on est de plus en plus habitu\u00e9 \u00e0 travailler sur des \u00e9crans sur les t\u00e9l\u00e9phones etc donc on baigne dans ce genre de m\u00eame si vous mettez un filtre sur un t\u00e9l\u00e9phone portable qui va filtrer la lumi\u00e8re bleue c\u2019est pas c\u2019est peu significatif par rapport au probl\u00e8me quoi \u00e7a on l\u2019a d\u00e9j\u00e0 vu l\u00e0 non alors c\u2019est moi qui fait des conneries ouais c\u2019est \u00e7a j\u2019en ai je me suis perdu voil\u00e0 donc toujours ces probl\u00e9matique de sur\u00e9lairage voil\u00e0 donc l\u00e0 Jean-Luc il a illustr\u00e9 par un spectre du soleil on voit que la lumi\u00e8re bleue est certes elle est pr\u00e9sente mais elle est pas significative et l\u00e0 il a mis un spectre d\u2019une LED en lumi\u00e8re blanche o\u00f9 on voit tr\u00e8s nettement la pointe du bleu \u00e0 gauche donc on n\u2019est pas du tout sur le m\u00eame mod\u00e8le que l\u2019\u00e9clairage du soleil l\u2019\u00e9clairage naturel donc l\u00e0 comme je vous disais tout \u00e0 l\u2019heure on progresse aussi sur l\u2019utilisation des leds et on va faire des LED dites de plus en plus chaudes alors paradoxalement on baisse dans l\u2019unit\u00e9 de mesure de la lampe puisque plus le chiffre est faible plus la lumi\u00e8re est chaude voil\u00e0 on parle comme \u00e7a \u00e7a doit ranger les fabricants l\u00e0 de remplacer toutes les LED bleu par des business [Musique] oui c\u2019est dans la technologie m\u00eame de la LED qu\u2019on savait pas faire d\u2019ailleurs les lettres de plus en plus chaudes en fait c\u2019est simplement des esp\u00e8ces de filtres qui mettent devant mais la lumi\u00e8re \u00e9missive c\u2019est toujours du bleu alors attendez voir [Musique] voil\u00e0 l\u00e0 on a superpos\u00e9 en fait l\u2019\u00e9clairage du soleil derri\u00e8re et en fait devant l\u2019\u00e9clairage d\u2019une LED froide donc on voit bien que \u00e7a a pas beaucoup de rapport et cette pointe dans le bleu qui ressort \u00e9norm\u00e9ment alors au niveau du bleu donc il y a moi je suis pas un technicien physicien etc mais apparemment lorsque \u00e7a ironne dans dans le 435 en longueur d\u2019onde c\u2019est ce qu\u2019on appelle la lumi\u00e8re nocive donc en th\u00e9orie l\u2019\u0153il humain il est fait pour se fermer automatiquement c\u2019est \u00e0 dire ce qu\u2019on appelle l\u2019\u00e9blouissement \u00e0 480 d\u2019accord et on voit que donc il y a des leds qui \u00e9mettent sur du 435 quoi ce que je vous disais tout \u00e0 l\u2019heure \u00e7a va faire le bonheur des ophtalmos tout \u00e7a donc voil\u00e0 pour le l\u2019aspect de lances et l\u00e0 maintenant le chapitre au niveau des points de vue dans la presse donc l\u00e0 je pense que c\u2019est au dessus de Grenoble tout du moins c\u2019est dans le secteur il y a des astronomes dans la salle donc on voit un peu Orion les yad les Pl\u00e9iades et c\u2019est assez symbolique parce que bon la population reste en des couches ne voyait pas les \u00e9toiles d\u00e9j\u00e0 \u00e7a voil\u00e0 \u00e7a c\u2019est un autre probl\u00e8me c\u2019est pas li\u00e9 \u00e0 l\u2019aide mais en plus on les conditionne pour rester dans un sur \u00e9clairage qu\u2019on voit bien sur la diapo et bon la presse est bien effectivement rappeler le fait que bon la pollution lumineuse quelle que soit l\u2019\u00e9tat de la r\u00e9glementation de chacun des pays et le continuer \u00e0 augmenter en principe \u00e0 peu pr\u00e8s 2% par an alors qu\u2019on parle de plus en plus d\u2019environnement de probl\u00e8mes effectivement de nuit qui dispara\u00eet pas n\u00e9cessairement que les \u00e9toiles mais tous les impacts que \u00e7a peut avoir sur le monde du vivant et puis \u00e7a fait des rappels \u00e0 effectivement toutes les nuisances quelle que soit le type de population du vivant de toute fa\u00e7on \u00e7a touche des insectes \u00e0 l\u2019homme et tout ce qu\u2019il y a au milieu c\u2019est bon bon l\u00e0 c\u2019est une illustration de l\u2019\u00e9volution effectivement de l\u2019\u00e9clairage sur l\u2019ensemble de la plan\u00e8te sur les donn\u00e9es que ont \u00e9t\u00e9 transmises ou pas par certains pays en images satellite donc on va pas vers le meilleur effectivement la nuit globalement la nuit dispara\u00eet ouais \u00e7a c\u2019\u00e9tait aussi un article relativement r\u00e9cent qui d\u00e9non\u00e7ait ses aspects de disparition de la nuit effectivement le probl\u00e8me pour les astronomes amateurs d\u2019\u00eatre oblig\u00e9 de monter \u00e0 Valdrome pour Valdrome \u00e9tant quand m\u00eame pas mal pr\u00e9serv\u00e9 hier soir sqm de 21-8 non qui est ce qui est pas mal en France je pense enfin en Europe de l\u2019Ouest maintenant il y a plus de bortols burtle 2 je crois que \u00e7a existe plus on n\u2019est plus que sur du burtle 3 c\u2019est une autre \u00e9chelle am\u00e9ricaine de l\u2019intensit\u00e9 lumineuse donc pour retrouver un ciel tel que l\u2019on connu nos grands-parents faut pas rester en Europe quoi une exception pr\u00e8s c\u2019est les Canaries oui alors en th\u00e9orie apr\u00e8s moi je connais pas les d\u00e9tails techniques sur est-ce que c\u2019est bien organis\u00e9 etc mais \u00e0 la base c\u2019\u00e9tait dans les obligations des constructeurs de pr\u00e9voir les recyclages de leur lampe malgr\u00e9 les difficult\u00e9s techniques qui peuvent rencontrer pour le faire par contre parce qu\u2019il y a l\u2019utilisation de terres rares dans la dans la LED et que bon voil\u00e0 par d\u00e9finition il fallait faire le maximum pour essayer de r\u00e9cup\u00e9rer la mati\u00e8re ceci dit on n\u2019a pas encore \u00e9norm\u00e9ment de recul puisque il y a des dur\u00e9es de vie relativement longues par rapport \u00e0 l\u2019ensemble du parc mondial install\u00e9 voil\u00e0 il y a comment il commence donc l\u00e0 on arrive sur la sur la notion d\u2019extinction en cours de nuit donc pour l\u2019instant en France il y a pas d\u2019obligation d\u2019extinction en cours de nuit simplement c\u2019est la discr\u00e9tion des maires et de plus en plus de communes coupes alors bon moi je le vois je re\u00e7ois de plus en plus de mails de communes qui qui me demandent des renseignements sur les extinctions alors c\u2019est pas tant pour des probl\u00e9matiques d\u2019environnement mais c\u2019est beaucoup pour des probl\u00e9matiques financi\u00e8res \u00e9videmment vu l\u2019explosion du prix effectivement actuellement de du kilowatt-heure mais m\u00eame des tr\u00e8s grandes villes comme la ville de Lille par exemple comment \u00e7a se poser des questions \u00e0 ma connaissance en France la plus grande commune qui est un c\u2019\u00e9tait je sais pas si elle a \u00e9t\u00e9 battue c\u2019\u00e9tait Saumur Saumur qui a 35000 habitants correspondant Paul c\u2019est \u00e7a donc ensuite et pour terminer ben la position de lampe sc\u00e8ne sur cette probl\u00e9matique donc nous on d\u00e9nonce effectivement la confusion qui peut y avoir entre le l\u2019\u00e9conomie d\u2019\u00e9nergie et le niveau d\u2019\u00e9clairement des professionnels ils ne voient que l\u2019argument financier donc du coup \u00e7a co\u00fbte moins cher la commune donc ils \u00e9claire encore plus mais de toute fa\u00e7on \u00e7a leur co\u00fbter moins cher donc ils mettent plus de points lumineux et plus d\u2019intensit\u00e9 par point lumineux je pense que la crise actuelle li\u00e9e \u00e0 l\u2019Ukraine et probl\u00e8me de d\u2019approvisionnement et de fabrication d\u2019\u00e9lectricit\u00e9 ce serait une opportunit\u00e9 de me montrer que c\u2019est le moment vraiment maintenant financi\u00e8rement de faire et de famille avoir un bon r\u00e9sultat en r\u00e9duisant l\u2019\u00e9lectricit\u00e9 puis en plus elle va co\u00fbter beaucoup plus cher maintenant tout \u00e0 fait vous lui dit en priv\u00e9 ou en public moi j\u2019ai vu passer un article j\u2019ai pas vu \u00e7a non non j\u2019ai eu pass\u00e9 quelque chose la semaine derni\u00e8re concernant les enseignes lumineuses apparemment il y a mais de toute fa\u00e7on d\u2019ailleurs quand il y a eu la crise du covid notamment la premi\u00e8re ann\u00e9e quand il y avait le comment on appelle \u00e7a que les gens avaient pas le droit de sortir le aidez-moi non non c\u2019est pas confinement c\u2019est pas la loi martiale c\u2019est au milieu l\u00e0 le couvre merci quand il y avait les lois du couvre-feu donc on n\u2019avait pas le droit de sortir il y a tr\u00e8s tr\u00e8s tr\u00e8s peu de communes en France qui ont coup\u00e9 leur \u00e9clairage \u00e0 21h30 \u00e0 quoi \u00e7a servait de garder un \u00e9clairage puis les gens avaient pas le droit de sortir oui mais bon maintenant avec la technologie LED g\u00e9n\u00e9ralement c\u2019est relativement facile oui ils peuvent toujours si ils peuvent c\u2019est un peu plus compliqu\u00e9 ils sont oblig\u00e9s de faire un peu le tour ouais ouais c\u2019est pas un par un mais bon effectivement ce quartier pas oui parce que chaque \u00eelot est ind\u00e9pendant [Musique] mais souvent l\u2019implantation des lettres dans les communes qui n\u2019en avaient pas ils en ont profit\u00e9 aussi pour centraliser l\u2019\u00e9clairage sur l\u2019ensemble de la commune oui mais souvent le r\u00e9seau pour le r\u00e9seau apr\u00e8s c\u2019est quand il pouvait le faire parce que techniquement effectivement des fois c\u2019est un peu compliqu\u00e9 de tout centraliser \u00e7a quoi mais surtout j\u2019en \u00e9tais donc \u00e7a c\u2019\u00e9tait on \u00e9tait sur le je me trompe le bouton voil\u00e0 donc l\u00e0 une PCN r\u00e9sonne plus sur des raisonnements si vous voulez en amont est-ce qu\u2019il faut \u00e9clairer s\u2019il faut \u00e9clairer comment il faut \u00e9clairer etc il s\u2019agit pas de remplacer syst\u00e9matiquement et de faire du sur-\u00e9clairage \u00e0 tout quoi par rapport \u00e0 une technologie qui effectivement pr\u00e9sente des avantages en termes d\u2019\u00e9conomie d\u2019\u00e9nergie toujours \u00e7a tombe toujours \u00e7a \u00e7a d\u00e9pend un peu dans les r\u00e9gions les villes alors faut quand m\u00eame savoir que th\u00e9oriquement les \u00e9clairages des vitrines ils ont l\u2019obligation d\u2019\u00e9teindre aussi maintenant donc bon il peut y en a beaucoup qui la respecte pas suffit de se promener \u00e0 deux heures du matin dans n\u2019importe quel c\u2019est dommage ouais c\u2019est \u00e7a en fait non la propri\u00e9taire d\u2019une agence dans l\u2019\u00e9clairage \u00e0 des moutarde il y avait la remarque qu\u2019elle avait fait mais c\u2019est incroyable pour les gens pensent comme \u00e7a ben oui mais nous on veut \u00eatre vivant c\u2019est une banque liant et enfin c\u2019est des arguments je suis pas certain que les gens fassent bien attention [Musique] c\u2019est \u00e7a voil\u00e0 alors apr\u00e8s la npcen notamment avec l\u2019impulsion de Anne-Marie Ducroux a beaucoup travaill\u00e9 sur les l\u00e9gislations et l\u2019\u00e9volution de la l\u00e9gislation puisqu\u2019en France il y avait quasiment aucun texte sur la pollution lumineuse les professionnels de l\u2019\u00e9clairage d\u2019ailleurs appel\u00e9 pas \u00e7a de la pollution lumineuse appel\u00e9 \u00e7a de les nuisances lumineuses vous avez \u00e9dit\u00e9 des documents alors \u00e7a c\u2019\u00e9tait avant les ann\u00e9es 2000 sur le sur le sujet et gr\u00e2ce \u00e0 l\u2019association le terme pollution lumineuse est rentr\u00e9 dans les textes de loi et \u00e0 partir de l\u00e0 il y a eu tout un d\u00e9veloppement en 2010 en 2017 2018 sur des textes qui sont repris sur le site de la npcen tant que je crois que j\u2019ai envie que vous a fait des extraits voil\u00e0 nous y sommes donc l\u00e0 sur la page en acc\u00e8s public pas obligatoirement en \u00e9tant adh\u00e9rent de la npcen vous avez acc\u00e8s aux informations concernant la r\u00e9glementation actuelle en France qui est tr\u00e8s \u00e9volutive puisque \u00e7a va je pense encore \u00e9norm\u00e9ment bouger sur l\u2019\u00e9clairage public ou priv\u00e9 d\u2019ailleurs commercial en tout cas tronomie c\u2019est le point sur les lois et sur la r\u00e9glementation c\u2019est \u00e7a tout \u00e0 fait l\u2019information de la vie professionnelle leur vie des villages \u00e9toil\u00e9s en fait c\u2019est un concours organis\u00e9 depuis maintenant je dirais une quinzaine d\u2019ann\u00e9es en France sur un peu le m\u00eame mod\u00e8le que ville et villages fleuries et o\u00f9 les communes participent en maintenant remplissant un questionnaire en ligne relativement alors assez technique mais bon les informations ils peuvent les avoir par le syndicat de l\u2019\u00e9nergie et en fait qui labellise de 0 puisque c\u2019est la possibilit\u00e9 d\u2019avoir concouru mais de ne pas \u00eatre \u00e9lu donc de ne pas avoir d\u2019\u00e9toiles jusqu\u2019\u00e0 5 \u00e9toiles je crois c\u2019est \u00e7a Nicolas 5 \u00e9toiles le maximum je crois que c\u2019est 5 \u00e9toiles en France il y avait il y avait oui il y a eu \u00e7a mais ils ont \u00e9t\u00e9 remplac\u00e9s dans un premier temps mais apr\u00e8s je sais plus si c\u2019est j\u2019ai pas l\u2019impression que \u00e7a baisse beaucoup en Belgique ou qui est le pays r\u00e9f\u00e9rence en \u00e9clairage de l\u2019autoroute mais oui effectivement en France ouais c\u2019est \u00e9norme [Musique] [Musique] un peu les voitures avaient des esp\u00e8ces de cash sur les sur les lampes sur les ampoules et pour terminer avec le concours ville et villages toil\u00e9 les normes avantages aussi qui ont les communes d\u2019y participer c\u2019est qu\u2019elles ont droit \u00e0 un diagnostic avec un autre regard que le regard du syndicat de les carr\u00e9s l\u2019\u00e9clairage sur les axes de progr\u00e8s qui peuvent faire en mati\u00e8re d\u2019environnement et aussi et surtout en mati\u00e8re d\u2019\u00e9conomie d\u2019\u00e9nergie puisque bon l\u00e0 on l\u2019a vu la pollution lumineuse continue \u00e0 augmenter malgr\u00e9 le fait qu\u2019on utilise une technologie th\u00e9oriquement moins consommatrice d\u2019\u00e9lectricit\u00e9 et et donc du coup on en profite pour mettre une notion de sur-\u00e9clairage qui cr\u00e9e encore plus de pollution donc l\u00e0 c\u2019est les communes qui veulent s\u2019engager dans une d\u00e9marche environnementale qui participe plut\u00f4t \u00e0 ce concours qui a de plus en plus de succ\u00e8s puisqu\u2019il y a de plus en plus de communes qui participent voil\u00e0 donc l\u00e0 c\u2019est toujours dans le descriptif des diff\u00e9rents textes de loi les choses ont commenc\u00e9 \u00e0 bouger en France avec l\u2019ann\u00e9e mondiale de l\u2019astronomie en gros c\u2019\u00e9tait en 99 2009 tu es le gouvernement Sarkozy si mes souvenirs sont bons et avec le Grenelle de l\u2019environnement ouais alors il y avait eu quelques tentatives de d\u00e9put\u00e9s dont Nathalie Kosciusko Morisset et un d\u00e9put\u00e9 des Alpes-Maritimes mais j\u2019ai plus son nom qui avait essay\u00e9 de faire passer des textes de loi \u00e0 l\u2019Assembl\u00e9e nationale mais c\u2019\u00e9tait class\u00e9 sans suite et gr\u00e2ce \u00e0 l\u2019ann\u00e9e mondiale de l\u2019astronomie l\u00e0 \u00e7a commen\u00e7ait \u00e0 brasser au niveau de la presse etc il y a eu de lobbying environnemental on va dire qui s\u2019est cr\u00e9\u00e9 \u00e0 ce moment-l\u00e0 en France pour la premi\u00e8re fois et et bon il y a eu effectivement apr\u00e8s une \u00e9coute des diff\u00e9rents gouvernements une fois que le processus est engag\u00e9 bon voil\u00e0 g\u00e9n\u00e9ralement \u00e7a se poursuit malheureusement il y a encore beaucoup beaucoup de travail \u00e0 faire l\u00e0 il y a beaucoup de on a pass\u00e9 des accords avec les parcs nationaux les parcs r\u00e9gionaux qui d\u00e9veloppent actuellement beaucoup sur les trames bleues et les trames vertes et on a profit\u00e9 pour introduire les notions de tram noir tram nocturne et on le retrouve de plus en plus souvent dans les chartes des PNR en France le mot pollution lumineuse ici est remplac\u00e9 par nuisance des \u00e9clairages qui voulait pas ils sont quand m\u00eame toujours bien pr\u00e9sents et il faut savoir aussi que l\u2019association a \u00e9norm\u00e9ment pein\u00e9 pour arriver \u00e0 ce que les d\u00e9crets sortent parce que bon la loi \u00e9tait sortie mais une loi ne s\u2019applique pas tant que tous les d\u00e9crets sont pas sortis et l\u00e0 je sais pas comment il s\u2019est \u00e9coul\u00e9 d\u2019ann\u00e9e entre le promulgation de la loi et des graisses a \u00e9t\u00e9 \u00e7a a \u00e9t\u00e9 assez compliqu\u00e9 et une bataille de tous les instants d\u2019Anne-Marie oui oui donc du coup \u00e7a a \u00e9t\u00e9 d\u00e9nonc\u00e9 devant une commission europ\u00e9enne je crois et l\u00e0 du coup le gouvernement fran\u00e7ais a r\u00e9agi voil\u00e0 et donc je reprends c\u2019est fait voil\u00e0 si il y en a qui sont pas adh\u00e9rents n\u2019h\u00e9sitez pas c\u2019est une association \u00e0 1901 reconnue d\u2019utilit\u00e9 publique et \u00e0 ce titre vous avez droit \u00e0 une r\u00e9duction c\u2019est pas c\u2019est pas un cr\u00e9dit d\u2019imp\u00f4t c\u2019est une r\u00e9duction de deux tiers sur le montant de la cotisation avec toi des documents malheureusement j\u2019ai pas parce que bon maintenant les inscriptions c\u2019est beaucoup beaucoup en ligne et ouais lui il a le stock avec lui voil\u00e0 j\u2019ai pas voil\u00e0 je voil\u00e0 il faut aller l\u00e0 et je crois qu\u2019on adh\u00e8re on voit pas tr\u00e8s bien sur la diapo et pourtant pas n\u00e9cessairement net tout en haut adh\u00e9rer faire un don etc \u00e0 droite du logo en fait vous cliquez l\u00e0 et les adh\u00e9sions sont en ligne apr\u00e8s il existe des bulletins de l\u00e9sions papier mais bon plus compliqu\u00e9 \u00e0 les avoir \u00e0 jour alors moi une \u00e9poque je m\u2019occupais de l\u2019aspect administratif c\u2019est-\u00e0-dire c\u2019est moi qui faisait les cartes d\u2019adh\u00e9rents les re\u00e7us fiscaux etc et \u00e7a fait trois ans maintenant que je fais plus donc je sais plus r\u00e9ellement le nombre d\u2019\u00e0 peu pr\u00e8s moins de 1000 adh\u00e9rents je pense sur la proportion sous r\u00e9serve \u00e0 moins que c\u2019est fortement augment\u00e9 ces derni\u00e8res ann\u00e9es alors apr\u00e8s si on tient compte du fait qu\u2019il y a beaucoup d\u2019associations il y a m\u00eame des communes qui sont \u00e0 des rampes par le concours vis-\u00e0-vis village \u00e9toil\u00e9 on encourage tr\u00e8s fortement les communes vu les \u00e9conomies qu\u2019on leur fait faire d\u2019adh\u00e9rer quand m\u00eame \u00e0 la npcen donc l\u00e0 apr\u00e8s si on int\u00e8gre l\u2019ensemble des membres de l\u2019association etc les communes etc \u00e7a d\u00e9passe certainement le nombre que je vous ai donn\u00e9 mais on adh\u00e9sion individuels particuli\u00e8res on est plut\u00f4t dans sur 800 je pense au sujet de l\u2019extinction nocturne est-ce qu\u2019il y a beaucoup de retours n\u00e9gatifs il y en a il y en a de temps en temps il y en a surtout au changement de conseil municipal moi je communais une commune en Ard\u00e8che qui \u00e9tait la premi\u00e8re commune du d\u00e9partement a \u00e9teint de la nuit quand il y a eu le changement de conseils la premi\u00e8re mesure qui \u00e9tait free prise du nouveau conseil c\u00e9dera rallumer alors que c\u2019\u00e9tait \u00e9teint depuis 3-4 ans il y a 180 habitants voil\u00e0 5h du matin \u00e0 se promener dans les rues font pisser les chiens ou je sais pas oui peut-\u00eatre \u00e9lectrique entre particuliers et municipalit\u00e9 mais dans quel sens s\u2019il vous pla\u00eet c\u2019est beaucoup plus cher pour les pour les pour les communes que pour le particulier puisque au niveau des particuliers il y a il y a des textes qui limitent sinon on serait sur des proportions beaucoup plus \u00e9lev\u00e9es actuellement je crois que c\u2019est 40% chez les particuliers et pour les professionnels enfin pour les pour les communes on est au-del\u00e0 des 70% maintenant je vous pose la question parce que moi je suis une voiture \u00e9lectrique qui est et je charge la commune m\u2019offre des bornes depuis quatre ans je sais pas si \u00e7a durera longtemps et je donc \u00e7a veut dire que je r\u00e9cup\u00e8re vraiment une partie de mes imp\u00f4ts quelque part des bornes plus cher que moi c\u2019est tout \u00e0 fait et c\u2019est pas termin\u00e9 l\u2019augmentation de l\u2019\u00e9clairage du kilowatt apparemment c\u2019est c\u2019est on en est qu\u2019au d\u00e9but pardon la cotisation donc deux tiers du type des imp\u00f4ts on en a parl\u00e9 on sache je pense que beaucoup connaissent alors \u00e0 l\u2019\u00e9poque \u00e7a s\u2019appelait pas la je crois qu\u2019on en parle dans un diapool on a on a r\u00e9cup\u00e9r\u00e9 un E pour environnement en 2010 donc on a un site internet qui est tr\u00e8s bien fait oui enfin les professionnels \u00e9taient d\u00e9j\u00e0 g\u00ean\u00e9s aussi que moi j\u2019ai retrouv\u00e9 des textes dans la revue de la safe mais qui sont tr\u00e8s tr\u00e8s vieux ou on parlait d\u00e9j\u00e0 des professionnels de l\u2019\u00e9clairage je sais pas si tu es pas \u00e0 l\u2019Observatoire de Paris ou en pr\u00e9face du Bulletin de la SAF il y avait un professionnel qui s\u2019exprimait et il parlait de pollution lumineuse mais c\u2019est vieux voil\u00e0 je crois qu\u2019on est au bout [Applaudissements] parce que vous avez un probl\u00e8me l\u00e0-dessus non mais derni\u00e8rement ils ont ils ont install\u00e9 un \u00e9clairage au LED int\u00e9gr\u00e9 dans leur terrasse et \u00e7a a \u00e9t\u00e9 en bleu donc toutes leurs fa\u00e7ades donc vous avez une nuisance de ce c\u00f4t\u00e9-l\u00e0 alors l\u00e0 il laisse peut-\u00eatre pas \u00e9clairer tout doux m\u00eame si \u00e7a co\u00fbte moins cher on va dire vous \u00eates contact\u00e9 le correspondant r\u00e9gional de la mtcen dans cette r\u00e9gion il vous aidera peut-\u00eatre c\u2019est aussi une question de voisinage il faut aussi c\u2019est s\u00fbrement plus compliqu\u00e9 entre priv\u00e9 et priv\u00e9 en partie pour r\u00e9pondre aussi \u00e0 votre question et qu\u2019il fasse la pas loin du mod\u00e8le BCEL parce que il y a maintenant qui int\u00e8gre les probl\u00e8mes de pollution lumineuse pollution lumineuse et puis pollution satellitaire quoi et donc on a fait une premi\u00e8re r\u00e9union un petit peu avec des des acteurs contre un autre concernant la pollution lumineuse retour dans la r\u00e9gion parisienne parce qu\u2019en premier lieu c\u2019est aussi pour voir ce qu\u2019on peut faire aussi par exemple parisienne donc l\u2019id\u00e9e \u00e9ventuellement c\u2019est pas grave d\u2019acqu\u00e9rir du mat\u00e9riel qui permet de faire des mesures etc quoi qu\u2019on pourrait et la responsable de \u00e7a et les participants sont plus des gens de agir pour l\u2019environnement je sais que quand on leur parle \u00e0 une PCN et il y a il semblerait qu\u2019il y ait pas des \u00e9nergies moi tu sais je suis correspondant au fin fond de la province je sais pas trop au niveau du C&amp;A tout \u00e7a comment comment les choses surtout la initiat ils ont sorti le placard justement \u00e0 propos des intrusions lumineuses qui explique bon est-ce que vous avez une lumi\u00e8re intrusive ou pas en face de chez vous et \u00e9ventuellement il y a un petit guide est un peu volontaire pour faire des actions o\u00f9 peut-on trouver cette plaquette sur le site je crois qu\u2019ils avaient \u00e9dit\u00e9 aussi un document papier qu\u2019on trouvait diff\u00e9rents endroits et sur ce sur ce que tu dis l\u00e0-bas \u00e7a me parle moi non plus les soutiens officiels mais je sais pas oui non je termine avec Nicolas .\n<\/p>\n<p>\n<img decoding=\"async\" src=\"https:\/\/www.cc3rivieres76.com\/blog\/wp-content\/uploads\/2025\/10\/panne-eclairage-public-conference-les-leds-dans-leclairage-public-panne-eclairage-publicconference-les-leds-dans-leclairage-public.jpg\" alt=\"Image Youtube\">\n<\/p>\n<p>\n<u>D\u00e9roulement de la vid\u00e9o:<\/u>\n<\/p>\n<p>\n8.58 c\u2019est bon ok bon bon bonjour donc je crois que<br \/>14.58 Marie-Claude m\u2019a pr\u00e9sent\u00e9 tout \u00e0 l\u2019heure je vais r\u00e9\u00e9diter vaguement<br \/>21.96 d\u2019accord ok donc moi je remplace Jean-Luc Colas<br \/>27.0 qui a eu un petit probl\u00e8me technique et physique qui devait venir \u00e0 Valdrome est pr\u00e9sent\u00e9 le 2 ao\u00fbt c\u2019est \u00e0 dire mardi<br \/>33.96 prochain cette d\u00e9monstration donc c\u2019est comme \u00e7a que d\u2019ailleurs que c\u2019est inscrit sur le site de la SAF et puis<br \/>39.719 donc la semaine derni\u00e8re il m\u2019appelle il me demande si je peux pas parce qu\u2019il savait que je montrais donc je dis oui il y a pas de probl\u00e8me et puis ce matin<br \/>46.1 il y avait pas de probl\u00e8me non plus je remplace au pied de VLN je crois qu\u2019il devait faire un diaporama sur les<br \/>51.36 insectes c\u2019est \u00e7a l\u2019id\u00e9e ok donc moi je suis brunovergne correspondant \u00e0 npcen<br \/>56.76 comme Jean-Luc \u00e0 part que je suis pas au conseil d\u2019administration je suis correspondant 07 historiquement<br \/>63.96 c\u2019est \u00e0 dire l\u2019Ard\u00e8che pas tr\u00e8s loin d\u2019ici l\u2019autre c\u00f4t\u00e9 du Rh\u00f4ne et la Dr\u00f4me de temps en temps officiellement<br \/>70.82 07 et 26 on va dire donc l\u00e0 Jean-Luc a fait un diaporama sur<br \/>77.36 la les LED en milieu urbain donc les lettres c\u2019est une technologie d\u2019\u00e9clairage qui existe depuis une<br \/>84.659 quinzaine vingtaine d\u2019ann\u00e9es maintenant qui sait de plus en plus impos\u00e9 de part<br \/>90.06 entre guillemets ses avantages faut bien le dire c\u2019est \u00e0 dire \u00e0 la fois des<br \/>95.1 dur\u00e9es de vie de lampes beaucoup plus longue tout du moins sur le papier parce<br \/>100.32 que bon comme \u00e7a 15-20 ans on n\u2019a pas encore suffisamment de recul pour voir si effectivement on tient les dur\u00e9es de<br \/>108.06 vie annonc\u00e9es par les constructeurs puisque \u00e7a va au-del\u00e0 \u00e9ventuellement dans certains cas 30 ans 35 ans<br \/>114.96 et \u00e9galement un rapport financier puisque effectivement pour le m\u00eame niveau d\u2019\u00e9clairement on a des<br \/>121.32 consommations \u00e9lectriques bien moindre voil\u00e0 par contre \u00e7a s\u2019accompagne effectivement de certaines<br \/>126.479 particularit\u00e9s de points n\u00e9gatifs on va dire en termes de nuisances parce que<br \/>132.599 c\u2019est un \u00e9clairage qui est \u00e0 la n\u00e9cessit\u00e9 d\u2019\u00eatre tr\u00e8s directif s\u2019il est mal positionn\u00e9 au niveau du cand\u00e9labre<br \/>139.319 c\u2019est-\u00e0-dire si la zone d\u00e9clarement n\u2019est pas clairement dirig\u00e9e \u00e9tant donn\u00e9 qu\u2019il est extr\u00eamement puissant il peut<br \/>145.08 \u00eatre effectivement tr\u00e8s dommageable pour ce qu\u2019on appelle les pollutions lumineuses et \u00e9galement les lumi\u00e8res<br \/>151.92 intrusives qui est une forme de pollution lumineuse que je vais d\u00e9tailler sur le diaporama alors<br \/>157.319 Jean-Luc a souhait\u00e9 je passe au suivant apparemment l\u00e0<br \/>164.099 donc Jean-Luc a souhait\u00e9 diviser en six parties ce diaporama c\u2019est \u00e0 dire qu\u2019en<br \/>170.64 fait je vais vous parler de certains courriers qu\u2019on a re\u00e7u des<br \/>177.12 usagers sur le mail g\u00e9n\u00e9raliste de la npcen Marie-Claude vient de vous en<br \/>182.58 parler si j\u2019ai bien suivi \u00e9galement elle fait son travail de militante donc la npcen bah c\u2019est une adh\u00e9sion loi<br \/>190.08 1901 sans but lucratif et on a un site internet on y reviendra enfin j\u2019y<br \/>195.42 reviendrai \u00e0 la fin du diaporama et il y a la possibilit\u00e9 d\u2019envoyer des mails lorsque des personnes sont g\u00ean\u00e9es par<br \/>202.14 \u00e9ventuellement un \u00e9clairage direct trop directif voil\u00e0 qui les g\u00eane<br \/>208.8 dans leur quotidien soit dans les appartements soit chez eux en dehors de chez eux etc<br \/>216.26 donc on a divis\u00e9 en six parties le diaporama une partie de courrier qu\u2019on a<br \/>221.819 re\u00e7u des usagers faut savoir que depuis que la lettre est implant\u00e9e c\u2019est quelque chose qui se g\u00e9n\u00e9ralise de plus<br \/>227.519 en plus on a de plus en plus souvent des courriers m\u00eame moi au niveau du 07 et du 26 j\u2019ai effectivement ce genre de<br \/>233.159 probl\u00e9matique qu\u2019on n\u2019avait pas dans les anciens syst\u00e8mes d\u2019\u00e9clairage qu\u2019on avait<br \/>238.379 moins bon apr\u00e8s \u00e7a d\u00e9pend et rendu \u00e9ventuellement des installateurs mais l\u00e0 on est sur des puissances beaucoup plus<br \/>244.019 \u00e9lev\u00e9es donc des nuisances plus importantes on verra \u00e9galement un point de vue des mers<br \/>249.62 les \u00e9lus en fait qui prennent les d\u00e9cisions d\u2019\u00e9clairage au niveau de leur commune le point de vue des<br \/>255.78 professionnels c\u2019est \u00e0 dire en l\u2019occurrence de ce qu\u2019on appelle le syndicat de l\u2019\u00e9clairage en France puis qu\u2019en France c\u2019est pas tr\u00e8s compliqu\u00e9<br \/>260.82 l\u2019\u00e9clairage \u00e0 peu pr\u00e8s tous les d\u00e9partements ont un syndicat d\u2019\u00e9clairage qui d\u00e9pend du syndicat de<br \/>269.46 life pardon de l\u2019Association fran\u00e7aise de l\u2019\u00e9clairage qui chapote l\u2019ensemble des syndicats de l\u2019\u00e9clairage qui en<br \/>275.52 principe il y en a un par d\u00e9partement \u00e0 ma connaissance il y a une exception dans le Vaucluse o\u00f9 il y a pas de<br \/>280.699 syndicats de l\u2019\u00e9clairage mais quasiment tous les d\u00e9partements fran\u00e7ais ou un syndicat<br \/>286.44 qui est g\u00e9r\u00e9 l\u00e0 aussi sous forme d\u2019associations mais pas \u00e0 but non lucratif \u00e0 but lucratif<br \/>293.84 quatri\u00e8me point on verra le point de vue de l\u2019anxess donc lances c\u2019est la l\u2019Agence nationale de s\u00e9curit\u00e9 sanitaire<br \/>301.02 d\u2019alimentation et de l\u2019environnement et du travail donc qui a \u00e9mis des alertes<br \/>306.6 concernant la technologie de la LED donc on y reviendra l\u00e0 dessus on verra on<br \/>311.639 verra leur point de vue ensuite il y a quelques extraits au niveau des m\u00e9dias sur la presse nationale et le point de<br \/>319.74 vue bien s\u00fbr de l\u2019association c\u2019est \u00e0 dire de la mpcen voil\u00e0 bon je vais m\u2019asseoir \u00e7a vous d\u00e9range<br \/>325.68 pas je prends pas de masque j\u2019ai une distance r\u00e9glementaire<br \/>331.979 et puis en plus je sais pas si vous avez bien compris<br \/>337.08 donc la premi\u00e8re partie donc on pense les citoyens donc l\u00e0 on vous a mis un<br \/>343.5 extrait je sais pas si vous arrivez \u00e0 lire de d\u2019un courrier qu\u2019on avait re\u00e7u<br \/>348.6 c\u2019est \u00e0 peu pr\u00e8s lisible donc voil\u00e0 \u00e7a c\u2019est typique de document<br \/>355.38 qu\u2019on re\u00e7oit assez r\u00e9guli\u00e8rement avec des personnes qui sont \u00e9blouies par un des \u00e9clairages qui sont mal orient\u00e9s au<br \/>362.4 niveau de ces fameuses LED et qui g\u00e9n\u00e8rent automatiquement beaucoup de<br \/>368.06 nuisances alors l\u00e0 on est en p\u00e9riode de canicule \u00e9videmment c\u2019est encore plus criard<br \/>374.419 en p\u00e9riode estivale puisque elles peuvent pas garder leur volet ouvert<br \/>380.72 et donc faire des courants d\u2019air et elles sont oblig\u00e9es de s\u2019enfermer chez elle pour pas avoir ses probl\u00e8mes l\u00e0<br \/>387.259 adress\u00e9e \u00e0 la npcen ou adresser \u00e0 la municipalit\u00e9 en l\u2019occurrence est re\u00e7u<br \/>392.4 par la npcen alors \u00e7a peut \u00eatre \u00e9ventuellement les deux voir<br \/>397.979 plus c\u2019est pas le probl\u00e8me nous on r\u00e9cup\u00e8re une partie des informations parce que la npcom \u00e7a commence \u00e0 \u00eatre un<br \/>404.16 petit peu connu donc les gens quand ils ont des probl\u00e8mes vis-\u00e0-vis de leur \u00e9clairage bon c\u2019est vrai que dans une premi\u00e8re d\u00e9marche ils vont contacter le<br \/>412.02 conseil municipal parce qu\u2019ils connaissent quelqu\u2019un dans les petites agglom\u00e9rations tout du moins ou apr\u00e8s un<br \/>417.6 courrier \u00e0 la mairie si on voit que \u00e7a bouge pas mais tr\u00e8s souvent en parall\u00e8le ils font ils demandent nos entre<br \/>423.24 guillemets nos services pour savoir ce qu\u2019ils peuvent faire<br \/>430.02 donc l\u00e0 donc le premier courrier en fait c\u2019est c\u2019\u00e9tait du d\u00e9partement de la Loire<br \/>435.18 si je dis pas de b\u00eatises la commune de Noailly 800 habitants donc bon \u00e7a touche des<br \/>441.36 petites communes l\u00e0 par contre c\u2019est la commune d\u2019Ivry donc \u00e7a c\u2019est je connais pas trop c\u2019est 94 c\u2019est en r\u00e9gion<br \/>447.599 parisienne je suppose 63000 habitants donc l\u00e0 il y a un peu plus de monde et c\u2019est une probl\u00e9matique<br \/>453.24 je vous laisse un peu voir le texte li\u00e9 \u00e0 l\u2019implantation d\u2019un \u00e9clairage sur une<br \/>459.72 caserne alors la particularit\u00e9 de la caserne en fait c\u2019est que comme \u00e7a travaille 24<br \/>465.0 heures sur 24 il y a pas cette obligation d\u2019extinction \u00e0 partir d\u2019une heure du matin donc \u00e7a reste le b\u00e2timent<br \/>471.9 reste \u00e9clair\u00e9 toute la nuit l\u00e0 \u00e7a provoquait une nuisance importante sur<br \/>477.139 des appartements qui sont dans un immeuble je crois qu\u2019on va voir les diapositives apr\u00e8s<br \/>485.88 donc voil\u00e0 \u00e7a c\u2019est la personne qui qui rentre chez elle et qui s\u2019aper\u00e7oit qu\u2019effectivement<br \/>491.12 dans son studio elle peut pas \u00e9viter un \u00e9clairage<br \/>496.199 bien qu\u2019elle habite en \u00e9tage en plus vous allez voir je crois que elle a envoy\u00e9 des photos \u00e0 la mpcen c\u2019est<br \/>504.0 c\u2019est pas mal puisque \u00e7a \u00e9claire sur plusieurs niveaux<br \/>512.459 voil\u00e0 bon \u00e7a c\u2019est un exemple \u00e0 23 heures du m\u00eame b\u00e2timent<br \/>519.12 \u00e7a c\u2019est une vue de son appartement donc largement en \u00e9tage on voit bien que<br \/>525.6 c\u2019est au m\u00eame niveau que chez elle<br \/>532.2 \u00e7a c\u2019est la caserne de jour parce que c\u2019est que les r\u00e9gions en plus demander l\u2019int\u00e9r\u00eat d\u2019ailleurs<br \/>538.8 que \u00e7a soit clair et de jours et \u00e7a c\u2019est une vue de son immeuble vu<br \/>544.5 de prix d\u2019en bas donc on voit on voit les ombres port\u00e9es ou effectivement donc on doit \u00eatre au<br \/>550.98 septi\u00e8me \u00e9tage qu\u2019on \u00e9tait tout \u00e0 l\u2019heure on voit que c\u2019est clair tr\u00e8s tr\u00e8s haut en fait<br \/>562.38 l\u00e0 c\u2019est un autre exemple de jeunes assist\u00e9 sur la commune de Bougival je<br \/>568.019 sais pas si c\u2019est ouais voil\u00e0 \u00e7a c\u2019est dans le courrier alors Bougival c\u2019est dans le 78<br \/>576.6 donc une personne qui habite \u00e0 c\u00f4t\u00e9 d\u2019un bois et en fait qui<br \/>582.01 [Musique] est emb\u00eat\u00e9<br \/>588.06 par ses \u00e9clairages surpuissant par le mirador<br \/>596.04 apparemment sans extinction \u00e0 la nuit l\u00e0 la personne elle a boug\u00e9 puisque apparemment elle a envoy\u00e9 un courrier au<br \/>602.88 syndic de l\u2019immeuble elle a pas eu de r\u00e9ponse<br \/>612.6 voil\u00e0 on voit bien l\u2019arbre<br \/>618.959 l\u2019int\u00e9rieur on voit que l\u00e0 en bordure de for\u00eat \u00e7a<br \/>625.44 c\u2019est Chamb\u00e9ry donc Chamb\u00e9ry 73 60 000 habitants<br \/>637.44 voil\u00e0 donc il d\u00e9nonce \u00e0 peu pr\u00e8s syst\u00e9matiquement le fait que il profite de la technologie qui soit<br \/>646.079 disant qu\u2019on soit moins enfin ce qui est une v\u00e9rit\u00e9 \u00e7a on va pas le remettre en cause mais les professionnels de l\u2019\u00e9clairage en<br \/>653.459 profitent pour mettre des \u00e9clairages surpuissant c\u2019est \u00e7a le principal probl\u00e8me de la dette c\u2019est la puissance de l\u2019installation<br \/>663.42 donc lumi\u00e8re intrusive les gens peuvent plus ouvrir les fen\u00eatres monter les stores<br \/>670.2 pour faire des courants d\u2019air chez eux donc voil\u00e0<br \/>685.5 c\u2019est assez facile \u00e0 prouver mais bon apr\u00e8s par la suite c\u2019est un peu compliqu\u00e9<br \/>695.1 ouais faut qu\u2019il y ait une r\u00e9action enfin une \u00e9coute en face parce que sinon<br \/>707.24 non mais g\u00e9n\u00e9ralement \u00e7a se passe bien mais bon des fois c\u2019est c\u2019est tr\u00e8s compliqu\u00e9 quand m\u00eame<br \/>715.079 \u00e7a c\u2019est un autre courrier je sais pas si ouais dans le 91<br \/>724.519 nous a carr\u00e9ment cit\u00e9 dans le courrier pour nous contacter sur la sur la probl\u00e9matique<br \/>733.32 ouais \u00e7a c\u2019est assez g\u00e9n\u00e9ral donc les lampes au sodium c\u2019\u00e9tait fameuses lampes qui avaient un \u00e9clairage orient\u00e9 plut\u00f4t<br \/>739.44 jaune jaune orang\u00e9<br \/>744.839 qui avait un \u00e9norme avantage je pense qu\u2019il y a des astronomes amateurs dans la salle pour la filtration<br \/>749.959 qu\u2019il n\u2019y a plus dans la LED<br \/>757.64 relier c\u2019est un correspondant 91<br \/>779.76 voil\u00e0 bon apr\u00e8s des exemples comme \u00e7a il y en a un nombre certain<br \/>786.839 donc voil\u00e0 \u00e7a c\u2019\u00e9tait un peu le regard du citoyen de l\u2019usager on va dire le maire donc le maire c\u2019est celui qui a le<br \/>794.04 pouvoir de d\u00e9cider de la modification ou l\u2019implantation d\u2019un nouvel \u00e9clairage<br \/>799.1 donc qui va se r\u00e9f\u00e9rer le plus souvent suivant la taille de la commune soit un<br \/>806.399 syndicat de l\u2019\u00e9clairage soit il aura un service technique interne qui lui permettra de d\u2019implanter dans le respect<br \/>813.32 des normes sont d\u2019\u00e9clairage public donc maintenant de toute fa\u00e7on la question se<br \/>819.0 pose plus g\u00e9n\u00e9ralement tout ce qui se monte en nouvelle \u00e9clairage ou en remplacement<br \/>824.16 d\u2019un \u00e9clairage existant c\u2019est quasiment 99% de l\u2019aide<br \/>835.26 alors le paradoxe c\u2019est qu\u2019en fait la telle que c\u2019est d\u00e9crit dans le courrier on arrive \u00e0 une une diminution<br \/>843.24 de consommation de 22% alors qu\u2019en fait on pourrait th\u00e9oriquement attendre atteindre largement 50%, si on<br \/>849.839 respectait le m\u00eame niveau d\u2019\u00e9clairement quand on avait auparavant et je parle pas de l\u2019extinction en milieu de nuit<br \/>855.899 \u00e9videmment c\u2019est encore autre chose sur le sur les \u00e9conomies potentielles<br \/>865.079 l\u00e0 c\u2019\u00e9tait un exemple donc \u00e0 Pantin j\u2019ai pas fait le d\u00e9partement c\u2019est<br \/>872.579 93 oui<br \/>882.54 voil\u00e0 en fait les m\u00e8res sont<br \/>889.459 assez fiers de ce qui r\u00e9alise parce que bon eux ils ont l\u2019impression de r\u00e9aliser<br \/>896.399 entre guillemets des \u00e9conomies tout du moins \u00e0 l\u2019\u00e9poque parce que l\u00e0 on \u00e9tait encore pas tout \u00e0 fait sur des logiques<br \/>902.06 actuelles d\u2019augmentation du prix du kilowatts puisque \u00e7a va relativement tr\u00e8s vite pour les communes parce que<br \/>907.5 faut savoir que le prix du kilowatt pour les communes c\u2019est pas le m\u00eame que le prix du kilowatt pour les particuliers c\u2019est pas la m\u00eame indexation donc autant<br \/>914.399 pour les particuliers \u00e7a fortement augment\u00e9 mais de mani\u00e8re limitative autant pour les communes on est sur une<br \/>919.5 exponentialit\u00e9 de des tarifs actuellement<br \/>938.399 voil\u00e0 alors bon eux ils sont assez fiers des installations qui font ils connaissent pas trop n\u00e9cessairement la<br \/>943.74 l\u00e9gislation en cours sur le sujet bien que d\u2019ailleurs qui sont en premi\u00e8re ligne lorsqu\u2019il y a un m\u00e9contentement de<br \/>950.459 la population puisqu\u2019il re\u00e7oivent les courriers donc apr\u00e8s il se retourne \u00e9ventuellement vers les professionnels<br \/>959.88 l\u00e0 c\u2019est un port donc Morlaix est dans le Finist\u00e8re si je dis pas de b\u00eatises ouais 15000<br \/>966.54 habitants je crois que c\u2019est un pont donc l\u00e0 il y a un sur \u00e9clairage hyper<br \/>973.38 puissant \u00e9videmment \u00e7a travaille un 14 sur 24 aussi donc il y a pas d\u2019extinction la nuit mais bon je pense<br \/>979.38 qu\u2019il doit arriver \u00e0 voir ce qu\u2019il faut vu le niveau d\u2019intensit\u00e9<br \/>984.42 de la de cet \u00e9clairage<br \/>991.079 pour les \u00e9change multimodal<br \/>1006.8 donc 20 luxe alors la lune c\u2019est c\u2019est un demi un quart planning<br \/>1018.339 donc bon et on peut lire le journal par pleine lune quand m\u00eame<br \/>1049.32 [Musique]<br \/>1057.559 d\u2019abord commencer par respecter la loi avant les normes qui sont<br \/>1064.96 le probl\u00e8me en France mais c\u2019est je pense le cas dans la majorit\u00e9 des pays c\u2019est pas parce qu\u2019une loi est<br \/>1070.16 promulgu\u00e9e qui est respect\u00e9e donc voil\u00e0 d\u00e9j\u00e0 c\u2019est voil\u00e0<br \/>1076.94 oui oui mais bon l\u00e0 c\u2019est tout l\u00e0 c\u2019est tout sorti c\u2019est pas le probl\u00e8me voil\u00e0 c\u2019est un peu \u00e7a le probl\u00e8me c\u2019est<br \/>1084.32 qu\u2019apr\u00e8s qui c\u2019est qui fait les contr\u00f4les bah apparemment c\u2019est le citoyen qui d\u00e9nonce la probl\u00e8me<br \/>1089.559 au tribunal administratif je crois qu\u2019il va garder son probl\u00e8me un<br \/>1096.44 certain temps<br \/>1102.559 \u00e7a c\u2019est des exemples de mise en lumi\u00e8re de la ville de Lyon bon alors Lyon c\u2019est la ville lumi\u00e8re donc forc\u00e9ment il<br \/>1108.799 fallait qu\u2019il fasse oui c\u2019est une f\u00eate d\u00e9but d\u00e9cembre voil\u00e0<br \/>1114.64 le fait de la lumi\u00e8re mais en fait ils ont les professionnels de l\u2019\u00e9clairage aussi en profitent pour installer<br \/>1121.299 dans cette ville et pas forc\u00e9ment ailleurs une esp\u00e8ce de vitrine technologique li\u00e9e \u00e0 la LED qui va<br \/>1127.22 servir apr\u00e8s je crois qu\u2019il y a un commentaire sur le site le Lion sont des bougies oui ce qui a<br \/>1134.059 fait de la lumi\u00e8re c\u2019est \u00e7a tout \u00e0 fait<br \/>1143.299 il y a m\u00eame une r\u00e9f\u00e9rence \u00e0 l\u2019air glaciaire donc ils vont chercher loin dans leur imaginaire quand m\u00eame de ce<br \/>1149.059 c\u00f4t\u00e9-l\u00e0 en plus l\u00e0 on est sur des exemples d\u2019\u00e9clairage de lumi\u00e8re bleue donc la<br \/>1157.1 lumi\u00e8re blanche on va avoir plus loin mais bon c\u2019est quasiment dans le spectre ce qu\u2019il y a de plus nocif pour le vivant<br \/>1165.919 l\u00e0 par contre il respecte le l\u2019extinction \u00e0 une heure du matin<br \/>1180.2 c\u2019est le palais de justice ils font des r\u00e9f\u00e9rences \u00e0 des villes<br \/>1188.66 historiques<br \/>1198.38 donc maintenant le point de vue des professionnels de l\u2019\u00e9clairage donc les syndicats et les associations affili\u00e9es<br \/>1205.22 au syndicats donc l\u00e0 Jean-Luc avait mis<br \/>1210.28 \u00e0 d\u00e9velopper sur un article qui est paru dans le Figaro qui mettait en fait donc<br \/>1216.2 en 2015 qui mettait en garde les \u00e9clairages justement de type LED qui<br \/>1223.1 rayonnait \u00e9norm\u00e9ment dans le bleu et le journal ne faisait que de se<br \/>1229.22 r\u00e9f\u00e9rer au rapport de lances de l\u2019\u00e9poque enfin qui date de 2010 mais bon qui \u00e9tait pas tr\u00e8s ancien par rapport \u00e0<br \/>1236.78 cette date l\u00e0 et apparemment ils sont mont\u00e9s au cr\u00e9neau pour d\u00e9noncer que les<br \/>1242.12 journalistes faisaient pas leur travail quoi donc bon on va d\u00e9velopper un petit peu derri\u00e8re<br \/>1251.419 alors \u00e7a apparemment \u00e7a allait g\u00eane \u00e9norm\u00e9ment quand il y a des critiques de la presse sur<br \/>1259.46 les sp\u00e9cificit\u00e9s de leur m\u00e9tier on va dire<br \/>1266.059 voil\u00e0 donc l\u00e0 il d\u00e9non\u00e7ait en fait la lumi\u00e8re bleue alors il dit que je parle toujours donc au nom des syndicats de<br \/>1271.88 l\u2019\u00e9clairage ils disent que c\u2019est faux puisque m\u00eame le soleil \u00e9met de la lumi\u00e8re bleue bon \u00e7a on va voir plus<br \/>1277.52 loin dans le spectre c\u2019est pas faux mais bon voil\u00e0 c\u2019est pas tout \u00e0 fait la m\u00eame chose<br \/>1305.96 alors ce qui est marrant c\u2019est que dans le 1 ils disent que il y a pas de danger sur la lumi\u00e8re bleue puis apr\u00e8s dans le<br \/>1312.44 3 il vous disent ouais on va essayer de limiter la lumi\u00e8re bleue donc il se contredisent \u00e0 quelque part dans l\u2019article<br \/>1323.299 voil\u00e0 puis mettre apr\u00e8s en avant la toujours l\u2019\u00e9ternel argument de l\u2019avantage de la LED par rapport \u00e0 cette<br \/>1331.58 technologie l\u00e0 et \u00e7a a \u00e9t\u00e9 sign\u00e9 par trois types de<br \/>1337.159 professionnels<br \/>1343.4 l\u00e0 il y a un descriptif des diff\u00e9rents syndicats bon voil\u00e0 bon apr\u00e8s c\u2019est la cuisine des professionnels<br \/>1357.5 alors faut savoir qu\u2019il y a quand m\u00eame un tr\u00e8s tr\u00e8s fort monopole du syndicat de l\u2019\u00e9clairage en<br \/>1362.78 France puisque bon on voit que c\u2019est \u00e7a atteint des proportions 80% des lampes vendues en France \u00e7a passe par eux<br \/>1369.02 toutes les normes passent par eux alors la npcm dans son temps avez voulu<br \/>1374.12 faire partie des normes enfin des commissions qui d\u00e9cident d\u2019\u00e9normes \u00e0 fnor si vous avez su cette histoire il y<br \/>1381.98 a d\u00e9j\u00e0 une dizaine d\u2019ann\u00e9es maintenant puis ils ont fini par claquer la porte parce que en fait il y avait un consensus entre les fabricants et les<br \/>1388.82 syndicats pour faire passer leur sauce et le monde environnemental n\u2019avait pas<br \/>1394.039 pu faire valoir des arguments surtout \u00e0<br \/>1399.559 l\u2019\u00e9poque en plus bon on en parle de plus en plus de l\u2019environnement mais il y a 15-20 ans<br \/>1408.559 c\u2019\u00e9tait \u00e0 l\u2019\u00e9poque que je connais leur environnement et avant qu\u2019il arr\u00eatait tout \u00e7a apr\u00e8s coup j\u2019ai compris que c\u2019\u00e9tait des<br \/>1414.679 bons l\u2019ob\u00e9isses qui \u00e9taient pr\u00e9sents chacune des r\u00e9unions [Musique]<br \/>1419.86 en Europe donc ils se partagent la galette quoi et la galette \u00e7a t\u2019int\u00e9ressante parce que \u00e7a<br \/>1426.08 rapporte on va dire et l\u00e0 c\u2019\u00e9tait la troisi\u00e8me signataire du<br \/>1431.9 document qui s\u2019appelait Cluster Lumi\u00e8re voil\u00e0<br \/>1438.14 donc lances c\u2019est donc le excusez-moi parce que moi \u00e0 chaque fois j\u2019oublie ce que \u00e7a veut dire l\u2019anxess<br \/>1444.2 donc agence nationale de s\u00e9curit\u00e9 sanitaire de l\u2019alimentation et de l\u2019environnement et du travail<br \/>1450.86 donc l\u2019ancien \u00e7a avait sorti par deux fois mais je pense que l\u00e0 on doit parler<br \/>1456.2 de celui de 2010 un dossier de presse qui m\u2019\u00e9tait en garde justement la dangerosit\u00e9 de cette \u00e9clairage bleu qui<br \/>1463.52 \u00e9tait \u00e9norm\u00e9ment pr\u00e9sent dans les premi\u00e8res LED install\u00e9es de 2000 \u00e0 2010<br \/>1469.22 m\u00eame apr\u00e8s \u00e9videmment maintenant la technologie commence \u00e0 \u00e9voluer et on va<br \/>1474.26 vers des \u00e9clairages plus chauds y compris dans la LED on n\u2019est pas encore sur de la LED en Bray qui faisait partie<br \/>1480.86 dans les \u00e9tiquettes environnementales de la npcen de des bons choix puisque je crois qu\u2019on avait mis du B vous savez<br \/>1487.46 les \u00e9tiquettes environnementales c\u2019est ABCD etc pour la qualit\u00e9 de la de la<br \/>1492.919 lumi\u00e8re et la LED ambr\u00e9e dans les analyses qui avaient fait Nicolas bessolas \u00e0 l\u2019\u00e9poque<br \/>1498.7 elle \u00e9tait class\u00e9e en B sachant que les LED bleu les<br \/>1504.28 \u00e9ventuellement en milieu de rayonnement du spectre sont plut\u00f4t class\u00e9s en CD<br \/>1510.08 voir<br \/>1517.7 alors la lumi\u00e8re bleue c\u2019est vraiment quelque chose qui g\u00eane \u00e9norm\u00e9ment le vivant faut savoir que effectivement<br \/>1526.84 la deuxi\u00e8me cause d\u2019extinction des insectes c\u2019est l\u2019\u00e9clairage public et les<br \/>1533.419 insectes sont particuli\u00e8rement sensibles au niveau du spectre \u00e0 l\u2019\u00e9clairage bleu<br \/>1545.12 \u00e9galement pour la sant\u00e9 humaine ou effectivement il y a des probl\u00e9matiques je pense que les ophtalmologistes vont<br \/>1551.12 avoir de belles ann\u00e9es devant eux compte tenu que ces \u00e9clairages Bleus ont \u00e9t\u00e9 aussi implant\u00e9s dans les maisons pas que<br \/>1558.679 dans l\u2019\u00e9clairage public<br \/>1573.1 les lumi\u00e8res bleues que l\u2019on a dans des villes pour les passages qui \u00e9tonn\u00e9s<br \/>1578.36 c\u2019est je connais plusieurs villes en France<br \/>1586.0 on va pas regarder la lampe on regarde pas plus de soleil quand on marche on a<br \/>1591.32 la t\u00eate baiss\u00e9e donc quand m\u00eame on n\u2019est pas impact\u00e9 par la lumi\u00e8re bleue oui mais bon malheureusement<br \/>1603.52 qui sont mal install\u00e9s et en fait \u00e0 la base l\u2019\u00e9clairage ne devrait pas nuire il devrait pas y<br \/>1611.419 avoir d\u2019\u00e9clairage direct sur sur le humain ce qui est pas le cas en fait<br \/>1618.799 alors apr\u00e8s il y a les b\u00e9b\u00e9s qu\u2019on prom\u00e8ne en poussette et qui eux c\u2019est l\u2019inverse dangereux<br \/>1630.26 c\u2019est aberrant le il y a des projecteur qui aveugle compl\u00e8tement oblig\u00e9<br \/>1644.2 encore que \u00e7a peut se passer derri\u00e8re le probl\u00e8me apr\u00e8s<br \/>1660.82 [Musique]<br \/>1667.419 l\u2019\u00e9clairage bleu que vous parlez sur les zones pi\u00e9tonnes c\u2019est c\u2019est concr\u00e8tement c\u2019est quoi c\u2019est au d\u00e9but \u00e0 la fin du<br \/>1673.94 passage pi\u00e9ton [Musique]<br \/>1682.22 OK d\u2019accord<br \/>1688.779 dans la r\u00e9gion<br \/>1699.62 il y a un descriptif un peu des probl\u00e9matiques li\u00e9es \u00e0 cette longueur d\u2019onde on va voir un petit peu plus loin<br \/>1705.32 par rapport \u00e0 des analyses de spectre<br \/>1723.86 les enfants oui c\u2019est vrai c\u2019est pas bon<br \/>1738.38 sans parler que les g\u00e9n\u00e9rations qui arrivent enfin la n\u00f4tre on fait un tout petit peu partie on est de plus en plus habitu\u00e9 \u00e0 travailler sur des \u00e9crans sur<br \/>1745.34 les t\u00e9l\u00e9phones etc donc on baigne dans ce genre de m\u00eame si vous mettez un<br \/>1750.86 filtre sur un t\u00e9l\u00e9phone portable qui va filtrer la lumi\u00e8re bleue c\u2019est pas c\u2019est peu significatif par rapport au probl\u00e8me<br \/>1757.7 quoi<br \/>1775.279 \u00e7a on l\u2019a d\u00e9j\u00e0 vu l\u00e0 non alors c\u2019est moi qui fait des conneries<br \/>1780.559 ouais c\u2019est \u00e7a j\u2019en ai je me suis perdu<br \/>1801.14 voil\u00e0 donc toujours ces probl\u00e9matique de sur\u00e9lairage voil\u00e0 donc l\u00e0<br \/>1807.159 Jean-Luc il a illustr\u00e9 par un spectre du soleil on voit que la lumi\u00e8re bleue est certes elle est pr\u00e9sente mais elle est<br \/>1813.559 pas significative et l\u00e0 il a mis un spectre d\u2019une LED<br \/>1820.12 en lumi\u00e8re blanche o\u00f9 on voit tr\u00e8s nettement la pointe du bleu \u00e0 gauche<br \/>1827.36 donc on n\u2019est pas du tout sur le m\u00eame mod\u00e8le que l\u2019\u00e9clairage du soleil<br \/>1833.779 l\u2019\u00e9clairage naturel donc l\u00e0 comme je vous disais tout \u00e0<br \/>1838.88 l\u2019heure on progresse aussi sur l\u2019utilisation des leds et on va faire des LED dites de plus en plus chaudes<br \/>1844.1 alors paradoxalement on baisse dans l\u2019unit\u00e9 de mesure de la lampe puisque<br \/>1850.22 plus le chiffre est faible plus la lumi\u00e8re est chaude voil\u00e0 on parle comme \u00e7a<br \/>1856.039 \u00e7a doit ranger les fabricants l\u00e0 de remplacer toutes les LED bleu par des business<br \/>1873.54 [Musique]<br \/>1879.44 oui c\u2019est dans la technologie m\u00eame de la LED<br \/>1885.2 qu\u2019on savait pas faire d\u2019ailleurs les lettres de plus en plus chaudes en fait c\u2019est simplement des esp\u00e8ces de filtres<br \/>1891.14 qui mettent devant mais la lumi\u00e8re \u00e9missive c\u2019est toujours du bleu<br \/>1900.2 alors attendez voir [Musique] voil\u00e0 l\u00e0 on a superpos\u00e9 en fait<br \/>1905.24 l\u2019\u00e9clairage du soleil derri\u00e8re et en fait devant l\u2019\u00e9clairage d\u2019une LED froide<br \/>1911.02 donc on voit bien que \u00e7a a pas beaucoup de rapport et cette pointe dans le bleu<br \/>1917.24 qui ressort \u00e9norm\u00e9ment<br \/>1923.96 alors au niveau du bleu donc il y a moi je suis pas un technicien physicien etc mais apparemment lorsque<br \/>1931.82 \u00e7a ironne dans dans le 435 en longueur d\u2019onde c\u2019est ce qu\u2019on appelle la lumi\u00e8re<br \/>1937.22 nocive donc en th\u00e9orie l\u2019\u0153il humain il est fait pour se fermer automatiquement c\u2019est \u00e0 dire ce qu\u2019on appelle<br \/>1942.5 l\u2019\u00e9blouissement \u00e0 480 d\u2019accord et on voit que donc il y a des leds qui \u00e9mettent sur du 435 quoi<br \/>1951.679 ce que je vous disais tout \u00e0 l\u2019heure \u00e7a va faire le bonheur des ophtalmos tout \u00e7a<br \/>1958.88 donc voil\u00e0 pour le l\u2019aspect de lances<br \/>1964.039 et l\u00e0 maintenant le chapitre au niveau des points de vue dans la presse<br \/>1970.94 donc l\u00e0 je pense que c\u2019est au dessus de Grenoble tout du moins c\u2019est dans le secteur<br \/>1976.72 il y a des astronomes dans la salle donc on voit un peu Orion les yad les Pl\u00e9iades et c\u2019est assez symbolique parce<br \/>1983.72 que bon la population reste en des couches ne voyait pas les \u00e9toiles d\u00e9j\u00e0 \u00e7a voil\u00e0 \u00e7a c\u2019est un autre probl\u00e8me<br \/>1989.72 c\u2019est pas li\u00e9 \u00e0 l\u2019aide mais en plus on les conditionne pour rester dans un sur \u00e9clairage qu\u2019on voit bien sur la diapo<br \/>1999.44 et bon la presse est bien effectivement rappeler le fait que bon la pollution<br \/>2005.019 lumineuse quelle que soit l\u2019\u00e9tat de la r\u00e9glementation de chacun des pays et le continuer \u00e0 augmenter en principe \u00e0 peu<br \/>2011.32 pr\u00e8s 2% par an alors qu\u2019on parle de plus en plus d\u2019environnement de probl\u00e8mes<br \/>2016.419 effectivement de nuit qui dispara\u00eet pas n\u00e9cessairement que les \u00e9toiles mais tous les impacts que \u00e7a peut avoir sur le<br \/>2022.12 monde du vivant<br \/>2034.6 et puis \u00e7a fait des rappels \u00e0 effectivement toutes les nuisances quelle que soit<br \/>2039.899 le type de population du vivant de toute fa\u00e7on \u00e7a touche des insectes \u00e0 l\u2019homme et tout ce qu\u2019il y a au milieu<br \/>2066.52 c\u2019est bon bon l\u00e0 c\u2019est une illustration de<br \/>2073.72 l\u2019\u00e9volution effectivement de l\u2019\u00e9clairage sur l\u2019ensemble de la plan\u00e8te sur les donn\u00e9es que<br \/>2082.96 ont \u00e9t\u00e9 transmises ou pas par certains pays en images satellite<br \/>2089.619 donc on va pas vers le meilleur effectivement la nuit globalement la nuit dispara\u00eet<br \/>2096.399 ouais \u00e7a c\u2019\u00e9tait aussi un article relativement r\u00e9cent qui d\u00e9non\u00e7ait ses aspects de disparition de la nuit<br \/>2131.859 effectivement le probl\u00e8me pour les astronomes amateurs d\u2019\u00eatre oblig\u00e9 de monter \u00e0 Valdrome pour<br \/>2139.119 Valdrome \u00e9tant quand m\u00eame pas mal pr\u00e9serv\u00e9 hier soir sqm de 21-8 non<br \/>2149.68 qui est ce qui est pas mal en France je pense enfin en Europe de l\u2019Ouest maintenant il y a plus de bortols burtle<br \/>2157.3 2 je crois que \u00e7a existe plus on n\u2019est plus que sur du burtle 3 c\u2019est une autre \u00e9chelle am\u00e9ricaine de l\u2019intensit\u00e9<br \/>2163.24 lumineuse donc pour retrouver un ciel tel que l\u2019on connu nos grands-parents faut pas rester<br \/>2169.96 en Europe quoi une exception pr\u00e8s c\u2019est les Canaries<br \/>2177.72 oui alors en th\u00e9orie apr\u00e8s moi je connais pas les d\u00e9tails techniques sur est-ce que c\u2019est bien organis\u00e9 etc mais<br \/>2185.2 \u00e0 la base c\u2019\u00e9tait dans les obligations des constructeurs de pr\u00e9voir les recyclages de leur lampe malgr\u00e9 les<br \/>2191.74 difficult\u00e9s techniques qui peuvent rencontrer pour le faire par contre parce qu\u2019il y a l\u2019utilisation de terres<br \/>2196.9 rares dans la dans la LED et que bon voil\u00e0 par d\u00e9finition il fallait faire le maximum pour essayer de r\u00e9cup\u00e9rer la<br \/>2202.96 mati\u00e8re ceci dit on n\u2019a pas encore \u00e9norm\u00e9ment de recul puisque il y a des dur\u00e9es de vie relativement longues par rapport \u00e0<br \/>2209.32 l\u2019ensemble du parc mondial install\u00e9<br \/>2216.52 voil\u00e0 il y a comment il commence donc l\u00e0 on arrive sur la sur la notion d\u2019extinction en cours de nuit donc pour<br \/>2223.72 l\u2019instant en France il y a pas d\u2019obligation d\u2019extinction en cours de nuit simplement c\u2019est la discr\u00e9tion des maires et de plus en plus de communes<br \/>2231.16 coupes alors bon moi je le vois je re\u00e7ois de plus en plus de mails de communes qui qui me demandent des<br \/>2236.38 renseignements sur les extinctions alors c\u2019est pas tant pour des probl\u00e9matiques d\u2019environnement mais c\u2019est beaucoup pour<br \/>2242.32 des probl\u00e9matiques financi\u00e8res \u00e9videmment vu l\u2019explosion du prix effectivement actuellement de du<br \/>2249.099 kilowatt-heure mais m\u00eame des tr\u00e8s grandes villes comme la ville de Lille par exemple comment \u00e7a<br \/>2254.56 se poser des questions \u00e0 ma connaissance en France la plus grande commune qui est un c\u2019\u00e9tait je<br \/>2261.579 sais pas si elle a \u00e9t\u00e9 battue c\u2019\u00e9tait Saumur Saumur qui a 35000 habitants<br \/>2272.02 correspondant Paul<br \/>2277.48 c\u2019est \u00e7a<br \/>2283.9 donc ensuite et pour terminer ben la position de lampe sc\u00e8ne sur cette<br \/>2289.0 probl\u00e9matique donc nous on d\u00e9nonce effectivement<br \/>2296.22 la confusion qui peut y avoir entre le l\u2019\u00e9conomie d\u2019\u00e9nergie et le<br \/>2304.42 niveau d\u2019\u00e9clairement des professionnels<br \/>2309.52 ils ne voient que l\u2019argument financier donc du coup \u00e7a co\u00fbte moins cher la commune donc ils \u00e9claire encore plus<br \/>2315.099 mais de toute fa\u00e7on \u00e7a leur co\u00fbter moins cher donc ils mettent plus de points lumineux et plus d\u2019intensit\u00e9 par point<br \/>2320.56 lumineux je pense que la crise actuelle li\u00e9e \u00e0<br \/>2327.579 l\u2019Ukraine et probl\u00e8me de d\u2019approvisionnement et de fabrication<br \/>2333.4 d\u2019\u00e9lectricit\u00e9 ce serait une opportunit\u00e9 de me montrer que c\u2019est le moment vraiment maintenant financi\u00e8rement de<br \/>2340.42 faire et de famille avoir un bon r\u00e9sultat en r\u00e9duisant l\u2019\u00e9lectricit\u00e9 puis en plus<br \/>2345.82 elle va co\u00fbter beaucoup plus cher maintenant tout \u00e0 fait<br \/>2357.099 vous lui dit en priv\u00e9 ou en public<br \/>2368.099 moi j\u2019ai vu passer un article j\u2019ai pas vu \u00e7a non non<br \/>2375.46 j\u2019ai eu pass\u00e9 quelque chose la semaine derni\u00e8re concernant les enseignes lumineuses<br \/>2380.5 apparemment il y a mais de toute fa\u00e7on<br \/>2404.16 d\u2019ailleurs quand il y a eu la crise du covid notamment la premi\u00e8re ann\u00e9e quand il y avait le comment on appelle \u00e7a que<br \/>2410.56 les gens avaient pas le droit de sortir le<br \/>2417.04 aidez-moi non non c\u2019est pas confinement c\u2019est pas la loi martiale c\u2019est au<br \/>2423.82 milieu l\u00e0 le couvre merci quand il y avait les lois du couvre-feu donc on n\u2019avait pas le droit de sortir il y a<br \/>2430.119 tr\u00e8s tr\u00e8s tr\u00e8s peu de communes en France qui ont coup\u00e9 leur \u00e9clairage \u00e0 21h30 \u00e0 quoi \u00e7a servait de garder un \u00e9clairage<br \/>2435.64 puis les gens avaient pas le droit de sortir oui mais bon maintenant avec la<br \/>2441.099 technologie LED g\u00e9n\u00e9ralement c\u2019est relativement facile oui<br \/>2448.66 ils peuvent toujours si ils peuvent c\u2019est un peu plus compliqu\u00e9 ils sont oblig\u00e9s de faire un peu le tour<br \/>2456.04 ouais ouais c\u2019est pas un par un mais bon<br \/>2461.26 effectivement ce quartier pas oui parce que chaque \u00eelot est<br \/>2466.42 ind\u00e9pendant [Musique] mais souvent l\u2019implantation des lettres<br \/>2473.26 dans les communes qui n\u2019en avaient pas ils en ont profit\u00e9 aussi pour centraliser l\u2019\u00e9clairage sur l\u2019ensemble de la commune<br \/>2480.7 oui mais souvent le r\u00e9seau pour le r\u00e9seau apr\u00e8s c\u2019est quand il pouvait le faire<br \/>2486.339 parce que techniquement effectivement des fois c\u2019est un peu compliqu\u00e9 de tout centraliser \u00e7a quoi<br \/>2492.28 mais surtout j\u2019en \u00e9tais donc \u00e7a c\u2019\u00e9tait on \u00e9tait sur le<br \/>2500.98 je me trompe le bouton<br \/>2507.76 voil\u00e0 donc l\u00e0 une PCN r\u00e9sonne plus sur des raisonnements si vous voulez en<br \/>2514.359 amont est-ce qu\u2019il faut \u00e9clairer s\u2019il faut \u00e9clairer comment il faut \u00e9clairer etc il s\u2019agit pas de remplacer<br \/>2519.7 syst\u00e9matiquement et de faire du sur-\u00e9clairage \u00e0 tout quoi par rapport \u00e0 une technologie qui<br \/>2525.52 effectivement pr\u00e9sente des avantages en termes d\u2019\u00e9conomie d\u2019\u00e9nergie toujours<br \/>2535.18 \u00e7a tombe toujours \u00e7a \u00e7a d\u00e9pend un peu dans les r\u00e9gions les<br \/>2541.0 villes alors faut quand m\u00eame savoir que<br \/>2546.46 th\u00e9oriquement les \u00e9clairages des vitrines ils ont l\u2019obligation d\u2019\u00e9teindre aussi maintenant donc bon il peut y en a<br \/>2553.24 beaucoup qui la respecte pas suffit de se promener \u00e0 deux heures du matin dans n\u2019importe quel<br \/>2574.48 c\u2019est dommage ouais c\u2019est \u00e7a<br \/>2584.099 en fait non la propri\u00e9taire d\u2019une agence dans<br \/>2591.4 l\u2019\u00e9clairage \u00e0 des moutarde il y avait la remarque qu\u2019elle avait fait mais c\u2019est incroyable pour les gens pensent comme \u00e7a ben oui mais nous on veut<br \/>2598.48 \u00eatre vivant c\u2019est une banque liant et enfin c\u2019est des arguments<br \/>2610.72 je suis pas certain que les gens fassent bien attention<br \/>2616.12 [Musique] c\u2019est \u00e7a<br \/>2630.66 voil\u00e0 alors apr\u00e8s la npcen notamment avec l\u2019impulsion de Anne-Marie Ducroux a<br \/>2637.24 beaucoup travaill\u00e9 sur les l\u00e9gislations et l\u2019\u00e9volution de la l\u00e9gislation puisqu\u2019en France il y avait quasiment aucun texte sur la pollution lumineuse<br \/>2642.7 les professionnels de l\u2019\u00e9clairage d\u2019ailleurs appel\u00e9 pas \u00e7a de la pollution lumineuse appel\u00e9 \u00e7a de les nuisances lumineuses vous avez \u00e9dit\u00e9 des documents<br \/>2649.599 alors \u00e7a c\u2019\u00e9tait avant les ann\u00e9es 2000 sur le sur le sujet et gr\u00e2ce \u00e0<br \/>2655.599 l\u2019association le terme pollution lumineuse est rentr\u00e9 dans les textes de loi et \u00e0 partir de l\u00e0 il y a eu tout un<br \/>2660.64 d\u00e9veloppement en 2010 en 2017 2018 sur des textes qui sont repris sur le site<br \/>2667.72 de la npcen tant que je crois que j\u2019ai envie que vous a fait des extraits<br \/>2672.76 voil\u00e0 nous y sommes donc l\u00e0 sur la page en acc\u00e8s public pas obligatoirement en \u00e9tant adh\u00e9rent de la npcen vous avez<br \/>2679.3 acc\u00e8s aux informations concernant la r\u00e9glementation actuelle en France qui est tr\u00e8s \u00e9volutive puisque \u00e7a va je<br \/>2686.14 pense encore \u00e9norm\u00e9ment bouger sur l\u2019\u00e9clairage public<br \/>2692.74 ou priv\u00e9 d\u2019ailleurs commercial en tout cas<br \/>2699.3 tronomie<br \/>2709.74 c\u2019est le point sur les lois et sur la r\u00e9glementation<br \/>2717.16 c\u2019est \u00e7a tout \u00e0 fait<br \/>2725.8 l\u2019information de la vie professionnelle leur vie des villages \u00e9toil\u00e9s en fait c\u2019est un concours organis\u00e9 depuis<br \/>2730.98 maintenant je dirais une quinzaine d\u2019ann\u00e9es en France sur un peu le m\u00eame<br \/>2736.839 mod\u00e8le que ville et villages fleuries et o\u00f9 les communes participent en maintenant remplissant un questionnaire<br \/>2743.079 en ligne relativement alors assez technique mais bon les informations ils peuvent les<br \/>2748.48 avoir par le syndicat de l\u2019\u00e9nergie et en fait qui labellise de 0 puisque c\u2019est la<br \/>2754.54 possibilit\u00e9 d\u2019avoir concouru mais de ne pas \u00eatre \u00e9lu donc de ne pas avoir d\u2019\u00e9toiles jusqu\u2019\u00e0 5 \u00e9toiles je crois<br \/>2760.619 c\u2019est \u00e7a Nicolas 5 \u00e9toiles le maximum je crois que c\u2019est 5 \u00e9toiles<br \/>2776.38 en France il y avait il y avait oui<br \/>2781.8 il y a eu \u00e7a mais ils ont \u00e9t\u00e9 remplac\u00e9s dans un premier temps mais apr\u00e8s<br \/>2792.18 je sais plus si c\u2019est<br \/>2799.18 j\u2019ai pas l\u2019impression que \u00e7a baisse beaucoup en Belgique ou qui est le pays r\u00e9f\u00e9rence en \u00e9clairage de l\u2019autoroute<br \/>2805.0 mais oui effectivement en France ouais c\u2019est \u00e9norme<br \/>2815.19 [Musique]<br \/>2820.89 [Musique]<br \/>2841.18 un peu les voitures avaient des esp\u00e8ces de cash sur les sur les lampes sur les<br \/>2847.54 ampoules et pour<br \/>2854.04 terminer avec le concours ville et villages toil\u00e9 les normes avantages aussi qui ont les communes d\u2019y<br \/>2859.24 participer c\u2019est qu\u2019elles ont droit \u00e0 un diagnostic avec un autre regard que le regard du syndicat de les carr\u00e9s<br \/>2864.4 l\u2019\u00e9clairage sur les axes de progr\u00e8s qui peuvent faire en mati\u00e8re d\u2019environnement<br \/>2869.8 et aussi et surtout en mati\u00e8re d\u2019\u00e9conomie d\u2019\u00e9nergie puisque bon l\u00e0 on l\u2019a vu<br \/>2874.859 la pollution lumineuse continue \u00e0 augmenter malgr\u00e9 le fait qu\u2019on utilise une technologie th\u00e9oriquement moins<br \/>2882.339 consommatrice d\u2019\u00e9lectricit\u00e9 et et donc du coup on en profite pour mettre une notion de<br \/>2889.119 sur-\u00e9clairage qui cr\u00e9e encore plus de pollution donc l\u00e0 c\u2019est les communes qui veulent s\u2019engager dans une d\u00e9marche<br \/>2894.42 environnementale qui participe plut\u00f4t \u00e0 ce concours qui a de plus en plus de succ\u00e8s puisqu\u2019il y a de plus en plus de<br \/>2899.68 communes qui participent voil\u00e0 donc l\u00e0 c\u2019est toujours dans le descriptif des diff\u00e9rents textes de loi<br \/>2905.76 les choses ont commenc\u00e9 \u00e0 bouger en France avec l\u2019ann\u00e9e mondiale de l\u2019astronomie en gros c\u2019\u00e9tait en 99 2009<br \/>2915.18 tu es le gouvernement Sarkozy si mes souvenirs sont bons et avec le Grenelle<br \/>2920.26 de l\u2019environnement ouais alors il y avait eu quelques<br \/>2926.2 tentatives de d\u00e9put\u00e9s dont Nathalie Kosciusko Morisset et un d\u00e9put\u00e9 des<br \/>2931.26 Alpes-Maritimes mais j\u2019ai plus son nom qui avait essay\u00e9 de faire passer des textes de loi \u00e0 l\u2019Assembl\u00e9e nationale<br \/>2936.7 mais c\u2019\u00e9tait class\u00e9 sans suite et gr\u00e2ce \u00e0 l\u2019ann\u00e9e mondiale de l\u2019astronomie l\u00e0 \u00e7a<br \/>2944.26 commen\u00e7ait \u00e0 brasser au niveau de la presse etc il y a eu de lobbying environnemental on va dire qui s\u2019est<br \/>2949.839 cr\u00e9\u00e9 \u00e0 ce moment-l\u00e0 en France pour la premi\u00e8re fois et et bon il y a eu effectivement apr\u00e8s une \u00e9coute des<br \/>2956.14 diff\u00e9rents gouvernements une fois que le processus est engag\u00e9 bon voil\u00e0 g\u00e9n\u00e9ralement \u00e7a se poursuit<br \/>2963.339 malheureusement il y a encore beaucoup beaucoup de travail \u00e0 faire<br \/>2974.38 l\u00e0 il y a beaucoup de on a pass\u00e9 des accords avec les parcs nationaux les parcs r\u00e9gionaux qui d\u00e9veloppent<br \/>2979.66 actuellement beaucoup sur les trames bleues et les trames vertes et on a profit\u00e9 pour introduire les notions de<br \/>2985.119 tram noir tram nocturne et on le retrouve de plus en plus souvent dans<br \/>2990.16 les chartes des PNR en France<br \/>2995.2 le mot pollution lumineuse ici est remplac\u00e9 par nuisance<br \/>3002.54 des \u00e9clairages qui voulait pas ils sont quand m\u00eame toujours bien pr\u00e9sents<br \/>3022.26 et il faut savoir aussi que l\u2019association a \u00e9norm\u00e9ment pein\u00e9 pour arriver \u00e0 ce que les d\u00e9crets sortent<br \/>3029.76 parce que bon la loi \u00e9tait sortie mais une loi ne s\u2019applique pas tant que tous les d\u00e9crets sont pas sortis et l\u00e0 je<br \/>3034.98 sais pas comment il s\u2019est \u00e9coul\u00e9 d\u2019ann\u00e9e entre le promulgation de la loi et des graisses a \u00e9t\u00e9 \u00e7a a \u00e9t\u00e9 assez compliqu\u00e9<br \/>3040.56 et une bataille de tous les instants d\u2019Anne-Marie<br \/>3049.559 oui oui donc du coup \u00e7a a \u00e9t\u00e9 d\u00e9nonc\u00e9 devant une commission europ\u00e9enne je crois et l\u00e0<br \/>3056.22 du coup le gouvernement fran\u00e7ais a r\u00e9agi voil\u00e0 et donc je reprends<br \/>3065.46 c\u2019est fait voil\u00e0 si il y en a qui sont pas adh\u00e9rents n\u2019h\u00e9sitez pas c\u2019est une association \u00e0 1901 reconnue d\u2019utilit\u00e9<br \/>3071.4 publique et \u00e0 ce titre vous avez droit \u00e0 une r\u00e9duction c\u2019est pas c\u2019est pas un cr\u00e9dit d\u2019imp\u00f4t<br \/>3078.42 c\u2019est une r\u00e9duction de deux tiers sur le montant de la cotisation<br \/>3084.18 avec toi des documents malheureusement j\u2019ai pas parce que bon<br \/>3090.359 maintenant les inscriptions c\u2019est beaucoup beaucoup en ligne et ouais lui il a le stock avec lui voil\u00e0<br \/>3098.88 j\u2019ai pas voil\u00e0 je<br \/>3105.78 voil\u00e0 il faut aller l\u00e0 et je crois qu\u2019on adh\u00e8re on voit pas tr\u00e8s bien sur la diapo et pourtant<br \/>3112.26 pas n\u00e9cessairement net<br \/>3118.319 tout en haut adh\u00e9rer faire un don etc \u00e0 droite du logo en fait vous cliquez l\u00e0 et les adh\u00e9sions<br \/>3124.14 sont en ligne apr\u00e8s il existe des bulletins de l\u00e9sions papier mais bon plus compliqu\u00e9 \u00e0 les avoir \u00e0 jour<br \/>3132.359 alors moi une \u00e9poque je m\u2019occupais de l\u2019aspect administratif c\u2019est-\u00e0-dire c\u2019est moi qui faisait les cartes<br \/>3137.52 d\u2019adh\u00e9rents les re\u00e7us fiscaux etc et \u00e7a fait trois ans maintenant que je fais plus donc je sais plus r\u00e9ellement le<br \/>3143.88 nombre d\u2019\u00e0 peu pr\u00e8s moins de 1000 adh\u00e9rents je pense sur la proportion<br \/>3153.2 sous r\u00e9serve \u00e0 moins que c\u2019est fortement augment\u00e9 ces derni\u00e8res ann\u00e9es<br \/>3163.079 alors apr\u00e8s si on tient compte du fait qu\u2019il y a beaucoup d\u2019associations il y a m\u00eame des communes qui sont \u00e0 des rampes<br \/>3170.22 par le concours vis-\u00e0-vis village \u00e9toil\u00e9 on encourage tr\u00e8s fortement les communes vu les \u00e9conomies qu\u2019on leur fait faire d\u2019adh\u00e9rer quand m\u00eame \u00e0 la npcen donc l\u00e0<br \/>3177.18 apr\u00e8s si on int\u00e8gre l\u2019ensemble des membres de l\u2019association etc les communes etc \u00e7a d\u00e9passe certainement le<br \/>3183.54 nombre que je vous ai donn\u00e9 mais on adh\u00e9sion individuels particuli\u00e8res on est plut\u00f4t dans sur 800 je pense<br \/>3192.119 au sujet de l\u2019extinction nocturne est-ce qu\u2019il y a beaucoup de retours n\u00e9gatifs il y en a il y en a de temps en temps il<br \/>3199.14 y en a surtout au changement de conseil municipal moi je communais une commune en Ard\u00e8che qui \u00e9tait la premi\u00e8re commune du d\u00e9partement a \u00e9teint de la nuit quand<br \/>3207.0 il y a eu le changement de conseils la premi\u00e8re mesure qui \u00e9tait free prise du nouveau conseil c\u00e9dera rallumer alors que c\u2019\u00e9tait \u00e9teint depuis 3-4 ans il y a<br \/>3214.319 180 habitants voil\u00e0<br \/>3222.02 5h du matin \u00e0 se promener dans les rues font pisser les chiens ou je sais pas oui peut-\u00eatre<br \/>3231.859 \u00e9lectrique entre particuliers et municipalit\u00e9 mais dans quel sens s\u2019il<br \/>3237.3 vous pla\u00eet c\u2019est beaucoup plus cher pour les pour les pour les communes que pour le particulier puisque au niveau des<br \/>3243.059 particuliers il y a il y a des textes qui limitent sinon on serait sur des proportions beaucoup plus \u00e9lev\u00e9es<br \/>3248.64 actuellement je crois que c\u2019est 40% chez les particuliers et pour les professionnels enfin pour les pour les<br \/>3254.4 communes on est au-del\u00e0 des 70% maintenant je vous pose la question parce que moi je suis une voiture \u00e9lectrique<br \/>3260.64 qui est et je charge la commune m\u2019offre des bornes depuis quatre ans je sais pas<br \/>3266.76 si \u00e7a durera longtemps et je donc \u00e7a veut dire que je r\u00e9cup\u00e8re vraiment une<br \/>3272.22 partie de mes imp\u00f4ts quelque part des bornes plus cher que moi<br \/>3281.0 c\u2019est tout \u00e0 fait et c\u2019est pas termin\u00e9 l\u2019augmentation de l\u2019\u00e9clairage du kilowatt apparemment c\u2019est c\u2019est on en<br \/>3287.94 est qu\u2019au d\u00e9but<br \/>3296.22 pardon<br \/>3304.579 la cotisation donc deux tiers du type des imp\u00f4ts<br \/>3309.839 on en a parl\u00e9<br \/>3318.9 on sache je pense que beaucoup connaissent<br \/>3326.4 alors \u00e0 l\u2019\u00e9poque \u00e7a s\u2019appelait pas la je crois qu\u2019on en parle dans un diapool on a on a r\u00e9cup\u00e9r\u00e9 un E pour<br \/>3333.48 environnement en 2010<br \/>3338.88 donc on a un site internet qui est tr\u00e8s bien fait oui<br \/>3346.14 enfin les professionnels \u00e9taient d\u00e9j\u00e0 g\u00ean\u00e9s aussi que moi j\u2019ai retrouv\u00e9 des textes dans la<br \/>3353.46 revue de la safe mais qui sont tr\u00e8s tr\u00e8s vieux ou on parlait d\u00e9j\u00e0 des professionnels de l\u2019\u00e9clairage je sais<br \/>3360.24 pas si tu es pas \u00e0 l\u2019Observatoire de Paris ou en pr\u00e9face du Bulletin de la SAF il y<br \/>3366.599 avait un professionnel qui s\u2019exprimait et il parlait de pollution lumineuse mais c\u2019est vieux<br \/>3377.64 voil\u00e0 je crois qu\u2019on est au bout<br \/>3383.39 [Applaudissements]<br \/>3393.24 parce que vous avez un probl\u00e8me l\u00e0-dessus non mais derni\u00e8rement ils ont ils ont<br \/>3399.059 install\u00e9 un \u00e9clairage au LED int\u00e9gr\u00e9 dans leur terrasse et \u00e7a a \u00e9t\u00e9 en bleu donc toutes leurs fa\u00e7ades<br \/>3411.68 donc vous avez une nuisance de ce c\u00f4t\u00e9-l\u00e0<br \/>3418.92 alors l\u00e0 il laisse peut-\u00eatre pas \u00e9clairer tout doux m\u00eame si \u00e7a co\u00fbte moins cher on va dire<br \/>3436.819 vous \u00eates contact\u00e9 le correspondant r\u00e9gional de la mtcen dans cette r\u00e9gion il vous aidera peut-\u00eatre<br \/>3445.7 c\u2019est aussi une question de voisinage il faut aussi c\u2019est s\u00fbrement plus compliqu\u00e9 entre priv\u00e9 et priv\u00e9<br \/>3470.88 en partie pour r\u00e9pondre aussi \u00e0 votre question et qu\u2019il fasse la pas loin du mod\u00e8le BCEL<br \/>3476.579 parce que<br \/>3486.619 il y a maintenant qui int\u00e8gre les probl\u00e8mes de pollution lumineuse pollution lumineuse et puis pollution satellitaire quoi et donc on a fait une<br \/>3493.98 premi\u00e8re r\u00e9union un petit peu avec des des acteurs contre un autre concernant<br \/>3499.2 la pollution lumineuse retour dans la r\u00e9gion parisienne parce qu\u2019en premier lieu c\u2019est aussi pour voir ce qu\u2019on peut faire aussi par exemple parisienne donc<br \/>3504.78 l\u2019id\u00e9e \u00e9ventuellement c\u2019est pas grave d\u2019acqu\u00e9rir du mat\u00e9riel qui permet de faire des mesures etc quoi qu\u2019on pourrait<br \/>3510.54 et la responsable de \u00e7a et les participants sont plus des gens de agir pour<br \/>3516.78 l\u2019environnement je sais que quand on leur parle \u00e0 une PCN et il y a il semblerait qu\u2019il y ait<br \/>3522.48 pas des \u00e9nergies<br \/>3529.14 moi tu sais je suis correspondant au fin fond de la province je sais pas trop au<br \/>3534.9 niveau du C&amp;A tout \u00e7a comment comment les choses<br \/>3539.96 surtout la initiat<br \/>3555.2 ils ont sorti le placard justement \u00e0 propos des intrusions lumineuses<br \/>3564.859 qui explique bon est-ce que vous avez une lumi\u00e8re intrusive ou pas en face de chez vous et \u00e9ventuellement il y a un<br \/>3571.68 petit guide est un peu volontaire pour faire des actions o\u00f9 peut-on trouver cette plaquette sur<br \/>3577.2 le site je crois qu\u2019ils avaient \u00e9dit\u00e9 aussi un<br \/>3584.099 document papier qu\u2019on trouvait diff\u00e9rents endroits et sur ce sur ce que tu dis l\u00e0-bas \u00e7a me parle moi non plus<br \/>3600.98 les soutiens officiels mais je sais pas<br \/>3620.059 oui non je termine avec Nicolas<br \/>.<\/p>\n<p> Cet article, qui traite du th\u00e8me \u00ab\u00a0Les 3 rivi\u00e8res dans la Somme\u00a0\u00bb, vous est sp\u00e9cialement sugg\u00e9r\u00e9 par cc3rivieres76.com. La chronique est reproduite du mieux possible. Dans le cas o\u00f9 vous souhaitez apporter quelques pr\u00e9cisions concernant le domaine de \u00ab\u00a0Les 3 rivi\u00e8res dans la Somme\u00a0\u00bb vous pouvez solliciter notre r\u00e9daction. La destination de cc3rivieres76.com est de d\u00e9battre de Les 3 rivi\u00e8res dans la Somme dans la transparence en vous apportant la connaissance de tout ce qui est en lien avec ce sujet sur la toile Connectez-vous sur notre site cc3rivieres76.com et nos r\u00e9seaux sociaux dans le but d\u2019\u00eatre inform\u00e9 des futures publications.<\/p>\n","protected":false},"excerpt":{"rendered":"<p>\u00c0 travers ce contenu, Soci\u00e9t\u00e9 Astronomique de France s\u2019int\u00e9resse \u00e0 \u00ab&nbsp;panne \u00e9clairage public&nbsp;\u00bb. Visionnez cette vid\u00e9o post\u00e9e par Soci\u00e9t\u00e9 Astronomique de France sur youtube.ayant pour th\u00e8me \u00ab&nbsp;panne \u00e9clairage public&nbsp;\u00bb:[embedded content] Cette vid\u00e9o avait d\u00e9j\u00e0 un impact notable lorsque nous l\u2019avons d\u00e9couverte r\u00e9cemment. Le nombre de Likes indiquait: 13. La vid\u00e9o dure 01:00:30 secondes, porte le &hellip; <\/p>\n<p class=\"link-more\"><a href=\"https:\/\/www.cc3rivieres76.com\/blog\/panne-eclairage-public-conference-les-leds-dans-leclairage-public-panne-eclairage-publicconference-les-leds-dans-leclairage-public\/\" class=\"more-link\">Continuer la lecture <span class=\"screen-reader-text\"> \u00ab\u00a0(panne \u00e9clairage public): Conf\u00e9rence \u00ab\u00a0Les leds dans l\u2019\u00e9clairage public\u00a0\u00bb|panne \u00e9clairage public,Conf\u00e9rence \u00ab\u00a0Les leds dans l\u2019\u00e9clairage public\u00a0\u00bb\u00a0\u00bb<\/span><\/a><\/p>\n","protected":false},"author":3,"featured_media":955,"comment_status":"closed","ping_status":"closed","sticky":false,"template":"","format":"standard","meta":{"footnotes":""},"categories":[2],"tags":[],"class_list":["post-954","post","type-post","status-publish","format-standard","has-post-thumbnail","hentry","category-les-3-rivieres-dans-la-somme","entry"],"yoast_head":"<!-- This site is optimized with the Yoast SEO plugin v27.5 - https:\/\/yoast.com\/product\/yoast-seo-wordpress\/ -->\n<title>(panne \u00e9clairage public): Conf\u00e9rence \u00ab\u00a0Les leds dans l\u2019\u00e9clairage public\u00a0\u00bb|panne \u00e9clairage public,Conf\u00e9rence \u00ab\u00a0Les leds dans l\u2019\u00e9clairage public\u00a0\u00bb - CC3RIVIERES76<\/title>\n<meta name=\"robots\" content=\"index, follow, max-snippet:-1, max-image-preview:large, max-video-preview:-1\" \/>\n<link rel=\"canonical\" href=\"https:\/\/www.cc3rivieres76.com\/blog\/panne-eclairage-public-conference-les-leds-dans-leclairage-public-panne-eclairage-publicconference-les-leds-dans-leclairage-public\/\" \/>\n<meta property=\"og:locale\" content=\"fr_FR\" \/>\n<meta property=\"og:type\" content=\"article\" \/>\n<meta property=\"og:title\" content=\"(panne \u00e9clairage public): Conf\u00e9rence \u00ab\u00a0Les leds dans l\u2019\u00e9clairage public\u00a0\u00bb|panne \u00e9clairage public,Conf\u00e9rence \u00ab\u00a0Les leds dans l\u2019\u00e9clairage public\u00a0\u00bb - CC3RIVIERES76\" \/>\n<meta property=\"og:description\" content=\"\u00c0 travers ce contenu, Soci\u00e9t\u00e9 Astronomique de France s\u2019int\u00e9resse \u00e0 \u00ab&nbsp;panne \u00e9clairage public&nbsp;\u00bb. Visionnez cette vid\u00e9o post\u00e9e par Soci\u00e9t\u00e9 Astronomique de France sur youtube.ayant pour th\u00e8me \u00ab&nbsp;panne \u00e9clairage public&nbsp;\u00bb:[embedded content] Cette vid\u00e9o avait d\u00e9j\u00e0 un impact notable lorsque nous l\u2019avons d\u00e9couverte r\u00e9cemment. Le nombre de Likes indiquait: 13. La vid\u00e9o dure 01:00:30 secondes, porte le &hellip; Continuer la lecture \u00ab\u00a0(panne \u00e9clairage public): Conf\u00e9rence \u00ab\u00a0Les leds dans l\u2019\u00e9clairage public\u00a0\u00bb|panne \u00e9clairage public,Conf\u00e9rence \u00ab\u00a0Les leds dans l\u2019\u00e9clairage public\u00a0\u00bb\u00a0\u00bb\" \/>\n<meta property=\"og:url\" content=\"https:\/\/www.cc3rivieres76.com\/blog\/panne-eclairage-public-conference-les-leds-dans-leclairage-public-panne-eclairage-publicconference-les-leds-dans-leclairage-public\/\" \/>\n<meta property=\"og:site_name\" content=\"CC3RIVIERES76\" \/>\n<meta property=\"article:published_time\" content=\"2025-10-25T15:37:26+00:00\" \/>\n<meta property=\"og:image\" content=\"https:\/\/www.cc3rivieres76.com\/blog\/wp-content\/uploads\/2025\/10\/panne-eclairage-public-conference-les-leds-dans-leclairage-public-panne-eclairage-publicconference-les-leds-dans-leclairage-public.jpg\" \/>\n<meta name=\"author\" content=\"Sylvie DE LAUZAINGHEIN\" \/>\n<meta name=\"twitter:card\" content=\"summary_large_image\" \/>\n<meta name=\"twitter:label1\" content=\"\u00c9crit par\" \/>\n\t<meta name=\"twitter:data1\" content=\"Sylvie DE LAUZAINGHEIN\" \/>\n\t<meta name=\"twitter:label2\" content=\"Dur\u00e9e de lecture estim\u00e9e\" \/>\n\t<meta name=\"twitter:data2\" content=\"84 minutes\" \/>\n<script type=\"application\/ld+json\" class=\"yoast-schema-graph\">{\"@context\":\"https:\\\/\\\/schema.org\",\"@graph\":[{\"@type\":\"Article\",\"@id\":\"https:\\\/\\\/www.cc3rivieres76.com\\\/blog\\\/panne-eclairage-public-conference-les-leds-dans-leclairage-public-panne-eclairage-publicconference-les-leds-dans-leclairage-public\\\/#article\",\"isPartOf\":{\"@id\":\"https:\\\/\\\/www.cc3rivieres76.com\\\/blog\\\/panne-eclairage-public-conference-les-leds-dans-leclairage-public-panne-eclairage-publicconference-les-leds-dans-leclairage-public\\\/\"},\"author\":{\"name\":\"Sylvie DE LAUZAINGHEIN\",\"@id\":\"https:\\\/\\\/www.cc3rivieres76.com\\\/blog\\\/#\\\/schema\\\/person\\\/474d457fb7747b5218f39792dfaa5a1c\"},\"headline\":\"(panne \u00e9clairage public): Conf\u00e9rence \u00ab\u00a0Les leds dans l\u2019\u00e9clairage public\u00a0\u00bb|panne \u00e9clairage public,Conf\u00e9rence \u00ab\u00a0Les leds dans l\u2019\u00e9clairage public\u00a0\u00bb\",\"datePublished\":\"2025-10-25T15:37:26+00:00\",\"mainEntityOfPage\":{\"@id\":\"https:\\\/\\\/www.cc3rivieres76.com\\\/blog\\\/panne-eclairage-public-conference-les-leds-dans-leclairage-public-panne-eclairage-publicconference-les-leds-dans-leclairage-public\\\/\"},\"wordCount\":16753,\"publisher\":{\"@id\":\"https:\\\/\\\/www.cc3rivieres76.com\\\/blog\\\/#organization\"},\"image\":{\"@id\":\"https:\\\/\\\/www.cc3rivieres76.com\\\/blog\\\/panne-eclairage-public-conference-les-leds-dans-leclairage-public-panne-eclairage-publicconference-les-leds-dans-leclairage-public\\\/#primaryimage\"},\"thumbnailUrl\":\"https:\\\/\\\/www.cc3rivieres76.com\\\/blog\\\/wp-content\\\/uploads\\\/2025\\\/10\\\/panne-eclairage-public-conference-les-leds-dans-leclairage-public-panne-eclairage-publicconference-les-leds-dans-leclairage-public.jpg\",\"articleSection\":[\"Les 3 Rivi\u00e8res Dans La Somme:\"],\"inLanguage\":\"fr-FR\"},{\"@type\":\"WebPage\",\"@id\":\"https:\\\/\\\/www.cc3rivieres76.com\\\/blog\\\/panne-eclairage-public-conference-les-leds-dans-leclairage-public-panne-eclairage-publicconference-les-leds-dans-leclairage-public\\\/\",\"url\":\"https:\\\/\\\/www.cc3rivieres76.com\\\/blog\\\/panne-eclairage-public-conference-les-leds-dans-leclairage-public-panne-eclairage-publicconference-les-leds-dans-leclairage-public\\\/\",\"name\":\"(panne \u00e9clairage public): Conf\u00e9rence \u00ab\u00a0Les leds dans l\u2019\u00e9clairage public\u00a0\u00bb|panne \u00e9clairage public,Conf\u00e9rence \u00ab\u00a0Les leds dans l\u2019\u00e9clairage public\u00a0\u00bb - CC3RIVIERES76\",\"isPartOf\":{\"@id\":\"https:\\\/\\\/www.cc3rivieres76.com\\\/blog\\\/#website\"},\"primaryImageOfPage\":{\"@id\":\"https:\\\/\\\/www.cc3rivieres76.com\\\/blog\\\/panne-eclairage-public-conference-les-leds-dans-leclairage-public-panne-eclairage-publicconference-les-leds-dans-leclairage-public\\\/#primaryimage\"},\"image\":{\"@id\":\"https:\\\/\\\/www.cc3rivieres76.com\\\/blog\\\/panne-eclairage-public-conference-les-leds-dans-leclairage-public-panne-eclairage-publicconference-les-leds-dans-leclairage-public\\\/#primaryimage\"},\"thumbnailUrl\":\"https:\\\/\\\/www.cc3rivieres76.com\\\/blog\\\/wp-content\\\/uploads\\\/2025\\\/10\\\/panne-eclairage-public-conference-les-leds-dans-leclairage-public-panne-eclairage-publicconference-les-leds-dans-leclairage-public.jpg\",\"datePublished\":\"2025-10-25T15:37:26+00:00\",\"breadcrumb\":{\"@id\":\"https:\\\/\\\/www.cc3rivieres76.com\\\/blog\\\/panne-eclairage-public-conference-les-leds-dans-leclairage-public-panne-eclairage-publicconference-les-leds-dans-leclairage-public\\\/#breadcrumb\"},\"inLanguage\":\"fr-FR\",\"potentialAction\":[{\"@type\":\"ReadAction\",\"target\":[\"https:\\\/\\\/www.cc3rivieres76.com\\\/blog\\\/panne-eclairage-public-conference-les-leds-dans-leclairage-public-panne-eclairage-publicconference-les-leds-dans-leclairage-public\\\/\"]}]},{\"@type\":\"ImageObject\",\"inLanguage\":\"fr-FR\",\"@id\":\"https:\\\/\\\/www.cc3rivieres76.com\\\/blog\\\/panne-eclairage-public-conference-les-leds-dans-leclairage-public-panne-eclairage-publicconference-les-leds-dans-leclairage-public\\\/#primaryimage\",\"url\":\"https:\\\/\\\/www.cc3rivieres76.com\\\/blog\\\/wp-content\\\/uploads\\\/2025\\\/10\\\/panne-eclairage-public-conference-les-leds-dans-leclairage-public-panne-eclairage-publicconference-les-leds-dans-leclairage-public.jpg\",\"contentUrl\":\"https:\\\/\\\/www.cc3rivieres76.com\\\/blog\\\/wp-content\\\/uploads\\\/2025\\\/10\\\/panne-eclairage-public-conference-les-leds-dans-leclairage-public-panne-eclairage-publicconference-les-leds-dans-leclairage-public.jpg\",\"width\":480,\"height\":360,\"caption\":\"(panne \u00e9clairage public): Conf\u00e9rence \u00ab\u00a0Les leds dans l\u2019\u00e9clairage public\u00a0\u00bb|panne \u00e9clairage public,Conf\u00e9rence \u00ab\u00a0Les leds dans l\u2019\u00e9clairage public\u00a0\u00bb\"},{\"@type\":\"BreadcrumbList\",\"@id\":\"https:\\\/\\\/www.cc3rivieres76.com\\\/blog\\\/panne-eclairage-public-conference-les-leds-dans-leclairage-public-panne-eclairage-publicconference-les-leds-dans-leclairage-public\\\/#breadcrumb\",\"itemListElement\":[{\"@type\":\"ListItem\",\"position\":1,\"name\":\"Accueil\",\"item\":\"https:\\\/\\\/www.cc3rivieres76.com\\\/blog\\\/\"},{\"@type\":\"ListItem\",\"position\":2,\"name\":\"(panne \u00e9clairage public): Conf\u00e9rence \u00ab\u00a0Les leds dans l\u2019\u00e9clairage public\u00a0\u00bb|panne \u00e9clairage public,Conf\u00e9rence \u00ab\u00a0Les leds dans l\u2019\u00e9clairage public\u00a0\u00bb\"}]},{\"@type\":\"WebSite\",\"@id\":\"https:\\\/\\\/www.cc3rivieres76.com\\\/blog\\\/#website\",\"url\":\"https:\\\/\\\/www.cc3rivieres76.com\\\/blog\\\/\",\"name\":\"CC3RIVIERES76\",\"description\":\"Les 3 rivi\u00e8res dans la Somme.\",\"publisher\":{\"@id\":\"https:\\\/\\\/www.cc3rivieres76.com\\\/blog\\\/#organization\"},\"potentialAction\":[{\"@type\":\"SearchAction\",\"target\":{\"@type\":\"EntryPoint\",\"urlTemplate\":\"https:\\\/\\\/www.cc3rivieres76.com\\\/blog\\\/?s={search_term_string}\"},\"query-input\":{\"@type\":\"PropertyValueSpecification\",\"valueRequired\":true,\"valueName\":\"search_term_string\"}}],\"inLanguage\":\"fr-FR\"},{\"@type\":\"Organization\",\"@id\":\"https:\\\/\\\/www.cc3rivieres76.com\\\/blog\\\/#organization\",\"name\":\"cc3rivieres76\",\"url\":\"https:\\\/\\\/www.cc3rivieres76.com\\\/blog\\\/\",\"logo\":{\"@type\":\"ImageObject\",\"inLanguage\":\"fr-FR\",\"@id\":\"https:\\\/\\\/www.cc3rivieres76.com\\\/blog\\\/#\\\/schema\\\/logo\\\/image\\\/\",\"url\":\"https:\\\/\\\/www.cc3rivieres76.com\\\/blog\\\/wp-content\\\/uploads\\\/2023\\\/06\\\/logo-2.png\",\"contentUrl\":\"https:\\\/\\\/www.cc3rivieres76.com\\\/blog\\\/wp-content\\\/uploads\\\/2023\\\/06\\\/logo-2.png\",\"width\":390,\"height\":388,\"caption\":\"cc3rivieres76\"},\"image\":{\"@id\":\"https:\\\/\\\/www.cc3rivieres76.com\\\/blog\\\/#\\\/schema\\\/logo\\\/image\\\/\"}},{\"@type\":\"Person\",\"@id\":\"https:\\\/\\\/www.cc3rivieres76.com\\\/blog\\\/#\\\/schema\\\/person\\\/474d457fb7747b5218f39792dfaa5a1c\",\"name\":\"Sylvie DE LAUZAINGHEIN\",\"image\":{\"@type\":\"ImageObject\",\"inLanguage\":\"fr-FR\",\"@id\":\"https:\\\/\\\/secure.gravatar.com\\\/avatar\\\/9c6a53b19e0a3431aa80de0895b9729fe665cd7e7d6cc94fc11abb152f4237d7?s=96&d=mm&r=g\",\"url\":\"https:\\\/\\\/secure.gravatar.com\\\/avatar\\\/9c6a53b19e0a3431aa80de0895b9729fe665cd7e7d6cc94fc11abb152f4237d7?s=96&d=mm&r=g\",\"contentUrl\":\"https:\\\/\\\/secure.gravatar.com\\\/avatar\\\/9c6a53b19e0a3431aa80de0895b9729fe665cd7e7d6cc94fc11abb152f4237d7?s=96&d=mm&r=g\",\"caption\":\"Sylvie DE LAUZAINGHEIN\"},\"url\":\"https:\\\/\\\/www.cc3rivieres76.com\\\/blog\\\/author\\\/s76sylvie\\\/\"}]}<\/script>\n<!-- \/ Yoast SEO plugin. -->","yoast_head_json":{"title":"(panne \u00e9clairage public): Conf\u00e9rence \u00ab\u00a0Les leds dans l\u2019\u00e9clairage public\u00a0\u00bb|panne \u00e9clairage public,Conf\u00e9rence \u00ab\u00a0Les leds dans l\u2019\u00e9clairage public\u00a0\u00bb - CC3RIVIERES76","robots":{"index":"index","follow":"follow","max-snippet":"max-snippet:-1","max-image-preview":"max-image-preview:large","max-video-preview":"max-video-preview:-1"},"canonical":"https:\/\/www.cc3rivieres76.com\/blog\/panne-eclairage-public-conference-les-leds-dans-leclairage-public-panne-eclairage-publicconference-les-leds-dans-leclairage-public\/","og_locale":"fr_FR","og_type":"article","og_title":"(panne \u00e9clairage public): Conf\u00e9rence \u00ab\u00a0Les leds dans l\u2019\u00e9clairage public\u00a0\u00bb|panne \u00e9clairage public,Conf\u00e9rence \u00ab\u00a0Les leds dans l\u2019\u00e9clairage public\u00a0\u00bb - CC3RIVIERES76","og_description":"\u00c0 travers ce contenu, Soci\u00e9t\u00e9 Astronomique de France s\u2019int\u00e9resse \u00e0 \u00ab&nbsp;panne \u00e9clairage public&nbsp;\u00bb. Visionnez cette vid\u00e9o post\u00e9e par Soci\u00e9t\u00e9 Astronomique de France sur youtube.ayant pour th\u00e8me \u00ab&nbsp;panne \u00e9clairage public&nbsp;\u00bb:[embedded content] Cette vid\u00e9o avait d\u00e9j\u00e0 un impact notable lorsque nous l\u2019avons d\u00e9couverte r\u00e9cemment. Le nombre de Likes indiquait: 13. La vid\u00e9o dure 01:00:30 secondes, porte le &hellip; Continuer la lecture \u00ab\u00a0(panne \u00e9clairage public): Conf\u00e9rence \u00ab\u00a0Les leds dans l\u2019\u00e9clairage public\u00a0\u00bb|panne \u00e9clairage public,Conf\u00e9rence \u00ab\u00a0Les leds dans l\u2019\u00e9clairage public\u00a0\u00bb\u00a0\u00bb","og_url":"https:\/\/www.cc3rivieres76.com\/blog\/panne-eclairage-public-conference-les-leds-dans-leclairage-public-panne-eclairage-publicconference-les-leds-dans-leclairage-public\/","og_site_name":"CC3RIVIERES76","article_published_time":"2025-10-25T15:37:26+00:00","og_image":[{"url":"https:\/\/www.cc3rivieres76.com\/blog\/wp-content\/uploads\/2025\/10\/panne-eclairage-public-conference-les-leds-dans-leclairage-public-panne-eclairage-publicconference-les-leds-dans-leclairage-public.jpg","type":"","width":"","height":""}],"author":"Sylvie DE LAUZAINGHEIN","twitter_card":"summary_large_image","twitter_misc":{"\u00c9crit par":"Sylvie DE LAUZAINGHEIN","Dur\u00e9e de lecture estim\u00e9e":"84 minutes"},"schema":{"@context":"https:\/\/schema.org","@graph":[{"@type":"Article","@id":"https:\/\/www.cc3rivieres76.com\/blog\/panne-eclairage-public-conference-les-leds-dans-leclairage-public-panne-eclairage-publicconference-les-leds-dans-leclairage-public\/#article","isPartOf":{"@id":"https:\/\/www.cc3rivieres76.com\/blog\/panne-eclairage-public-conference-les-leds-dans-leclairage-public-panne-eclairage-publicconference-les-leds-dans-leclairage-public\/"},"author":{"name":"Sylvie DE LAUZAINGHEIN","@id":"https:\/\/www.cc3rivieres76.com\/blog\/#\/schema\/person\/474d457fb7747b5218f39792dfaa5a1c"},"headline":"(panne \u00e9clairage public): Conf\u00e9rence \u00ab\u00a0Les leds dans l\u2019\u00e9clairage public\u00a0\u00bb|panne \u00e9clairage public,Conf\u00e9rence \u00ab\u00a0Les leds dans l\u2019\u00e9clairage public\u00a0\u00bb","datePublished":"2025-10-25T15:37:26+00:00","mainEntityOfPage":{"@id":"https:\/\/www.cc3rivieres76.com\/blog\/panne-eclairage-public-conference-les-leds-dans-leclairage-public-panne-eclairage-publicconference-les-leds-dans-leclairage-public\/"},"wordCount":16753,"publisher":{"@id":"https:\/\/www.cc3rivieres76.com\/blog\/#organization"},"image":{"@id":"https:\/\/www.cc3rivieres76.com\/blog\/panne-eclairage-public-conference-les-leds-dans-leclairage-public-panne-eclairage-publicconference-les-leds-dans-leclairage-public\/#primaryimage"},"thumbnailUrl":"https:\/\/www.cc3rivieres76.com\/blog\/wp-content\/uploads\/2025\/10\/panne-eclairage-public-conference-les-leds-dans-leclairage-public-panne-eclairage-publicconference-les-leds-dans-leclairage-public.jpg","articleSection":["Les 3 Rivi\u00e8res Dans La Somme:"],"inLanguage":"fr-FR"},{"@type":"WebPage","@id":"https:\/\/www.cc3rivieres76.com\/blog\/panne-eclairage-public-conference-les-leds-dans-leclairage-public-panne-eclairage-publicconference-les-leds-dans-leclairage-public\/","url":"https:\/\/www.cc3rivieres76.com\/blog\/panne-eclairage-public-conference-les-leds-dans-leclairage-public-panne-eclairage-publicconference-les-leds-dans-leclairage-public\/","name":"(panne \u00e9clairage public): Conf\u00e9rence \u00ab\u00a0Les leds dans l\u2019\u00e9clairage public\u00a0\u00bb|panne \u00e9clairage public,Conf\u00e9rence \u00ab\u00a0Les leds dans l\u2019\u00e9clairage public\u00a0\u00bb - CC3RIVIERES76","isPartOf":{"@id":"https:\/\/www.cc3rivieres76.com\/blog\/#website"},"primaryImageOfPage":{"@id":"https:\/\/www.cc3rivieres76.com\/blog\/panne-eclairage-public-conference-les-leds-dans-leclairage-public-panne-eclairage-publicconference-les-leds-dans-leclairage-public\/#primaryimage"},"image":{"@id":"https:\/\/www.cc3rivieres76.com\/blog\/panne-eclairage-public-conference-les-leds-dans-leclairage-public-panne-eclairage-publicconference-les-leds-dans-leclairage-public\/#primaryimage"},"thumbnailUrl":"https:\/\/www.cc3rivieres76.com\/blog\/wp-content\/uploads\/2025\/10\/panne-eclairage-public-conference-les-leds-dans-leclairage-public-panne-eclairage-publicconference-les-leds-dans-leclairage-public.jpg","datePublished":"2025-10-25T15:37:26+00:00","breadcrumb":{"@id":"https:\/\/www.cc3rivieres76.com\/blog\/panne-eclairage-public-conference-les-leds-dans-leclairage-public-panne-eclairage-publicconference-les-leds-dans-leclairage-public\/#breadcrumb"},"inLanguage":"fr-FR","potentialAction":[{"@type":"ReadAction","target":["https:\/\/www.cc3rivieres76.com\/blog\/panne-eclairage-public-conference-les-leds-dans-leclairage-public-panne-eclairage-publicconference-les-leds-dans-leclairage-public\/"]}]},{"@type":"ImageObject","inLanguage":"fr-FR","@id":"https:\/\/www.cc3rivieres76.com\/blog\/panne-eclairage-public-conference-les-leds-dans-leclairage-public-panne-eclairage-publicconference-les-leds-dans-leclairage-public\/#primaryimage","url":"https:\/\/www.cc3rivieres76.com\/blog\/wp-content\/uploads\/2025\/10\/panne-eclairage-public-conference-les-leds-dans-leclairage-public-panne-eclairage-publicconference-les-leds-dans-leclairage-public.jpg","contentUrl":"https:\/\/www.cc3rivieres76.com\/blog\/wp-content\/uploads\/2025\/10\/panne-eclairage-public-conference-les-leds-dans-leclairage-public-panne-eclairage-publicconference-les-leds-dans-leclairage-public.jpg","width":480,"height":360,"caption":"(panne \u00e9clairage public): Conf\u00e9rence \u00ab\u00a0Les leds dans l\u2019\u00e9clairage public\u00a0\u00bb|panne \u00e9clairage public,Conf\u00e9rence \u00ab\u00a0Les leds dans l\u2019\u00e9clairage public\u00a0\u00bb"},{"@type":"BreadcrumbList","@id":"https:\/\/www.cc3rivieres76.com\/blog\/panne-eclairage-public-conference-les-leds-dans-leclairage-public-panne-eclairage-publicconference-les-leds-dans-leclairage-public\/#breadcrumb","itemListElement":[{"@type":"ListItem","position":1,"name":"Accueil","item":"https:\/\/www.cc3rivieres76.com\/blog\/"},{"@type":"ListItem","position":2,"name":"(panne \u00e9clairage public): Conf\u00e9rence \u00ab\u00a0Les leds dans l\u2019\u00e9clairage public\u00a0\u00bb|panne \u00e9clairage public,Conf\u00e9rence \u00ab\u00a0Les leds dans l\u2019\u00e9clairage public\u00a0\u00bb"}]},{"@type":"WebSite","@id":"https:\/\/www.cc3rivieres76.com\/blog\/#website","url":"https:\/\/www.cc3rivieres76.com\/blog\/","name":"CC3RIVIERES76","description":"Les 3 rivi\u00e8res dans la Somme.","publisher":{"@id":"https:\/\/www.cc3rivieres76.com\/blog\/#organization"},"potentialAction":[{"@type":"SearchAction","target":{"@type":"EntryPoint","urlTemplate":"https:\/\/www.cc3rivieres76.com\/blog\/?s={search_term_string}"},"query-input":{"@type":"PropertyValueSpecification","valueRequired":true,"valueName":"search_term_string"}}],"inLanguage":"fr-FR"},{"@type":"Organization","@id":"https:\/\/www.cc3rivieres76.com\/blog\/#organization","name":"cc3rivieres76","url":"https:\/\/www.cc3rivieres76.com\/blog\/","logo":{"@type":"ImageObject","inLanguage":"fr-FR","@id":"https:\/\/www.cc3rivieres76.com\/blog\/#\/schema\/logo\/image\/","url":"https:\/\/www.cc3rivieres76.com\/blog\/wp-content\/uploads\/2023\/06\/logo-2.png","contentUrl":"https:\/\/www.cc3rivieres76.com\/blog\/wp-content\/uploads\/2023\/06\/logo-2.png","width":390,"height":388,"caption":"cc3rivieres76"},"image":{"@id":"https:\/\/www.cc3rivieres76.com\/blog\/#\/schema\/logo\/image\/"}},{"@type":"Person","@id":"https:\/\/www.cc3rivieres76.com\/blog\/#\/schema\/person\/474d457fb7747b5218f39792dfaa5a1c","name":"Sylvie DE LAUZAINGHEIN","image":{"@type":"ImageObject","inLanguage":"fr-FR","@id":"https:\/\/secure.gravatar.com\/avatar\/9c6a53b19e0a3431aa80de0895b9729fe665cd7e7d6cc94fc11abb152f4237d7?s=96&d=mm&r=g","url":"https:\/\/secure.gravatar.com\/avatar\/9c6a53b19e0a3431aa80de0895b9729fe665cd7e7d6cc94fc11abb152f4237d7?s=96&d=mm&r=g","contentUrl":"https:\/\/secure.gravatar.com\/avatar\/9c6a53b19e0a3431aa80de0895b9729fe665cd7e7d6cc94fc11abb152f4237d7?s=96&d=mm&r=g","caption":"Sylvie DE LAUZAINGHEIN"},"url":"https:\/\/www.cc3rivieres76.com\/blog\/author\/s76sylvie\/"}]}},"_links":{"self":[{"href":"https:\/\/www.cc3rivieres76.com\/blog\/wp-json\/wp\/v2\/posts\/954","targetHints":{"allow":["GET"]}}],"collection":[{"href":"https:\/\/www.cc3rivieres76.com\/blog\/wp-json\/wp\/v2\/posts"}],"about":[{"href":"https:\/\/www.cc3rivieres76.com\/blog\/wp-json\/wp\/v2\/types\/post"}],"author":[{"embeddable":true,"href":"https:\/\/www.cc3rivieres76.com\/blog\/wp-json\/wp\/v2\/users\/3"}],"replies":[{"embeddable":true,"href":"https:\/\/www.cc3rivieres76.com\/blog\/wp-json\/wp\/v2\/comments?post=954"}],"version-history":[{"count":0,"href":"https:\/\/www.cc3rivieres76.com\/blog\/wp-json\/wp\/v2\/posts\/954\/revisions"}],"wp:featuredmedia":[{"embeddable":true,"href":"https:\/\/www.cc3rivieres76.com\/blog\/wp-json\/wp\/v2\/media\/955"}],"wp:attachment":[{"href":"https:\/\/www.cc3rivieres76.com\/blog\/wp-json\/wp\/v2\/media?parent=954"}],"wp:term":[{"taxonomy":"category","embeddable":true,"href":"https:\/\/www.cc3rivieres76.com\/blog\/wp-json\/wp\/v2\/categories?post=954"},{"taxonomy":"post_tag","embeddable":true,"href":"https:\/\/www.cc3rivieres76.com\/blog\/wp-json\/wp\/v2\/tags?post=954"}],"curies":[{"name":"wp","href":"https:\/\/api.w.org\/{rel}","templated":true}]}}