{"id":96,"date":"2023-06-19T09:26:00","date_gmt":"2023-06-19T07:26:00","guid":{"rendered":"https:\/\/www.site.cdcl.xyz\/2023\/06\/19\/informations-francaise-peine-aggravee-pour-le-journaliste-ihsane-el-kadi-france\/"},"modified":"2023-06-19T09:26:00","modified_gmt":"2023-06-19T07:26:00","slug":"informations-francaise-peine-aggravee-pour-le-journaliste-ihsane-el-kadi-france","status":"publish","type":"post","link":"https:\/\/www.cc3rivieres76.com\/blog\/informations-francaise-peine-aggravee-pour-le-journaliste-ihsane-el-kadi-france\/","title":{"rendered":"Informations fran\u00e7aise: peine\u00a0aggrav\u00e9e pour le journaliste Ihsane El Kadi #France"},"content":{"rendered":"\n<p>Fid\u00e8le \u00e0 sa mission, ce site va porter \u00e0 votre connaissance un encart assez complet qui se propage sur internet. Le propos est \u00abActualit\u00e9 fran\u00e7aise\u00bb.<\/p>\n<p>Sachez que le journaliste (identifi\u00e9 sous la signature ) est connu et fiable pour plusieurs autres \u00e9ditoriaux qu\u2019il a publi\u00e9s sur le web.<\/p>\n<p>L\u2019encart a \u00e9t\u00e9 diffus\u00e9 \u00e0 une date not\u00e9e 2023-06-19 09:20:00.<\/p>\n<p>Livres sur un sujet concordant:<\/p>\n<p>DOS\/Edit.,<a href=\"https:\/\/fr.wikibooks.org\/wiki\/DOS\/Edit\" target=\"_blank\" rel=\"noopener noreferrer nofollow\">Redirection vers la description <\/a><span><\/span>.<\/p>\n<p>Photographie\/Personnalit\u00e9s\/M\/Gaudenzio Marconi.,<a href=\"https:\/\/fr.wikibooks.org\/wiki\/Photographie\/Personnalit%C3%A9s\/M\/Gaudenzio_Marconi\" target=\"_blank\" rel=\"noopener noreferrer nofollow\">Fiche du livre<\/a><span><\/span>.<\/p>\n<p>Photographie\/Personnalit\u00e9s\/S\/Jeanloup Sieff.,<a href=\"https:\/\/fr.wikibooks.org\/wiki\/Photographie\/Personnalit%C3%A9s\/S\/Jeanloup_Sieff\" target=\"_blank\" rel=\"noopener noreferrer nofollow\">L\u2019ouvrage <\/a><span><\/span>.<\/p>\n<p> Cet article, qui traite du th\u00e8me \u00ab\u00a0Les 3 rivi\u00e8res dans la Somme\u00a0\u00bb, vous est sp\u00e9cialement sugg\u00e9r\u00e9 par cc3rivieres76.com. La chronique est reproduite du mieux possible. Dans le cas o\u00f9 vous souhaitez apporter quelques pr\u00e9cisions concernant le domaine de \u00ab\u00a0Les 3 rivi\u00e8res dans la Somme\u00a0\u00bb vous pouvez solliciter notre r\u00e9daction. La destination de cc3rivieres76.com est de d\u00e9battre de Les 3 rivi\u00e8res dans la Somme dans la transparence en vous apportant la connaissance de tout ce qui est en lien avec ce sujet sur la toile Connectez-vous sur notre site cc3rivieres76.com et nos r\u00e9seaux sociaux dans le but d\u2019\u00eatre inform\u00e9 des futures publications.<\/p>\n","protected":false},"excerpt":{"rendered":"<p>Fid\u00e8le \u00e0 sa mission, ce site va porter \u00e0 votre connaissance un encart assez complet qui se propage sur internet. Le propos est \u00abActualit\u00e9 fran\u00e7aise\u00bb. Sachez que le journaliste (identifi\u00e9 sous la signature ) est connu et fiable pour plusieurs autres \u00e9ditoriaux qu\u2019il a publi\u00e9s sur le web. L\u2019encart a \u00e9t\u00e9 diffus\u00e9 \u00e0 une date &hellip; <\/p>\n<p class=\"link-more\"><a href=\"https:\/\/www.cc3rivieres76.com\/blog\/informations-francaise-peine-aggravee-pour-le-journaliste-ihsane-el-kadi-france\/\" class=\"more-link\">Continuer la lecture <span class=\"screen-reader-text\"> \u00ab\u00a0Informations fran\u00e7aise: peine\u00a0aggrav\u00e9e pour le journaliste Ihsane El Kadi #France\u00a0\u00bb<\/span><\/a><\/p>\n","protected":false},"author":3,"featured_media":97,"comment_status":"closed","ping_status":"closed","sticky":false,"template":"","format":"standard","meta":{"footnotes":""},"categories":[2],"tags":[],"class_list":["post-96","post","type-post","status-publish","format-standard","has-post-thumbnail","hentry","category-les-3-rivieres-dans-la-somme","entry"],"yoast_head":"<!-- This site is optimized with the Yoast SEO plugin v27.5 - https:\/\/yoast.com\/product\/yoast-seo-wordpress\/ -->\n<title>Informations fran\u00e7aise: peine\u00a0aggrav\u00e9e pour le journaliste Ihsane El Kadi #France - CC3RIVIERES76<\/title>\n<meta name=\"robots\" content=\"index, follow, max-snippet:-1, max-image-preview:large, max-video-preview:-1\" \/>\n<link rel=\"canonical\" href=\"https:\/\/www.cc3rivieres76.com\/blog\/informations-francaise-peine-aggravee-pour-le-journaliste-ihsane-el-kadi-france\/\" \/>\n<meta property=\"og:locale\" content=\"fr_FR\" \/>\n<meta property=\"og:type\" content=\"article\" \/>\n<meta property=\"og:title\" content=\"Informations fran\u00e7aise: peine\u00a0aggrav\u00e9e pour le journaliste Ihsane El Kadi #France - CC3RIVIERES76\" \/>\n<meta property=\"og:description\" content=\"Fid\u00e8le \u00e0 sa mission, ce site va porter \u00e0 votre connaissance un encart assez complet qui se propage sur internet. Le propos est \u00abActualit\u00e9 fran\u00e7aise\u00bb. Sachez que le journaliste (identifi\u00e9 sous la signature ) est connu et fiable pour plusieurs autres \u00e9ditoriaux qu\u2019il a publi\u00e9s sur le web. L\u2019encart a \u00e9t\u00e9 diffus\u00e9 \u00e0 une date &hellip; Continuer la lecture \u00ab\u00a0Informations fran\u00e7aise: peine\u00a0aggrav\u00e9e pour le journaliste Ihsane El Kadi #France\u00a0\u00bb\" \/>\n<meta property=\"og:url\" content=\"https:\/\/www.cc3rivieres76.com\/blog\/informations-francaise-peine-aggravee-pour-le-journaliste-ihsane-el-kadi-france\/\" \/>\n<meta property=\"og:site_name\" content=\"CC3RIVIERES76\" \/>\n<meta property=\"article:published_time\" content=\"2023-06-19T07:26:00+00:00\" \/>\n<meta name=\"author\" content=\"Sylvie DE LAUZAINGHEIN\" \/>\n<meta name=\"twitter:card\" content=\"summary_large_image\" \/>\n<meta name=\"twitter:label1\" content=\"\u00c9crit par\" \/>\n\t<meta name=\"twitter:data1\" content=\"Sylvie DE LAUZAINGHEIN\" \/>\n\t<meta name=\"twitter:label2\" content=\"Dur\u00e9e de lecture estim\u00e9e\" \/>\n\t<meta name=\"twitter:data2\" content=\"1 minute\" \/>\n<script type=\"application\/ld+json\" class=\"yoast-schema-graph\">{\"@context\":\"https:\\\/\\\/schema.org\",\"@graph\":[{\"@type\":\"Article\",\"@id\":\"https:\\\/\\\/www.cc3rivieres76.com\\\/blog\\\/informations-francaise-peine-aggravee-pour-le-journaliste-ihsane-el-kadi-france\\\/#article\",\"isPartOf\":{\"@id\":\"https:\\\/\\\/www.cc3rivieres76.com\\\/blog\\\/informations-francaise-peine-aggravee-pour-le-journaliste-ihsane-el-kadi-france\\\/\"},\"author\":{\"name\":\"Sylvie DE LAUZAINGHEIN\",\"@id\":\"https:\\\/\\\/www.cc3rivieres76.com\\\/blog\\\/#\\\/schema\\\/person\\\/474d457fb7747b5218f39792dfaa5a1c\"},\"headline\":\"Informations fran\u00e7aise: peine\u00a0aggrav\u00e9e pour le journaliste Ihsane El Kadi #France\",\"datePublished\":\"2023-06-19T07:26:00+00:00\",\"mainEntityOfPage\":{\"@id\":\"https:\\\/\\\/www.cc3rivieres76.com\\\/blog\\\/informations-francaise-peine-aggravee-pour-le-journaliste-ihsane-el-kadi-france\\\/\"},\"wordCount\":216,\"publisher\":{\"@id\":\"https:\\\/\\\/www.cc3rivieres76.com\\\/blog\\\/#organization\"},\"image\":{\"@id\":\"https:\\\/\\\/www.cc3rivieres76.com\\\/blog\\\/informations-francaise-peine-aggravee-pour-le-journaliste-ihsane-el-kadi-france\\\/#primaryimage\"},\"thumbnailUrl\":\"https:\\\/\\\/www.cc3rivieres76.com\\\/blog\\\/wp-content\\\/uploads\\\/2023\\\/06\\\/informations-francaise-peine-aggravee-pour-le-journaliste-ihsane-el-kadi-france.jpg\",\"articleSection\":[\"Les 3 Rivi\u00e8res Dans La Somme:\"],\"inLanguage\":\"fr-FR\"},{\"@type\":\"WebPage\",\"@id\":\"https:\\\/\\\/www.cc3rivieres76.com\\\/blog\\\/informations-francaise-peine-aggravee-pour-le-journaliste-ihsane-el-kadi-france\\\/\",\"url\":\"https:\\\/\\\/www.cc3rivieres76.com\\\/blog\\\/informations-francaise-peine-aggravee-pour-le-journaliste-ihsane-el-kadi-france\\\/\",\"name\":\"Informations fran\u00e7aise: peine\u00a0aggrav\u00e9e pour le journaliste Ihsane El Kadi #France - CC3RIVIERES76\",\"isPartOf\":{\"@id\":\"https:\\\/\\\/www.cc3rivieres76.com\\\/blog\\\/#website\"},\"primaryImageOfPage\":{\"@id\":\"https:\\\/\\\/www.cc3rivieres76.com\\\/blog\\\/informations-francaise-peine-aggravee-pour-le-journaliste-ihsane-el-kadi-france\\\/#primaryimage\"},\"image\":{\"@id\":\"https:\\\/\\\/www.cc3rivieres76.com\\\/blog\\\/informations-francaise-peine-aggravee-pour-le-journaliste-ihsane-el-kadi-france\\\/#primaryimage\"},\"thumbnailUrl\":\"https:\\\/\\\/www.cc3rivieres76.com\\\/blog\\\/wp-content\\\/uploads\\\/2023\\\/06\\\/informations-francaise-peine-aggravee-pour-le-journaliste-ihsane-el-kadi-france.jpg\",\"datePublished\":\"2023-06-19T07:26:00+00:00\",\"breadcrumb\":{\"@id\":\"https:\\\/\\\/www.cc3rivieres76.com\\\/blog\\\/informations-francaise-peine-aggravee-pour-le-journaliste-ihsane-el-kadi-france\\\/#breadcrumb\"},\"inLanguage\":\"fr-FR\",\"potentialAction\":[{\"@type\":\"ReadAction\",\"target\":[\"https:\\\/\\\/www.cc3rivieres76.com\\\/blog\\\/informations-francaise-peine-aggravee-pour-le-journaliste-ihsane-el-kadi-france\\\/\"]}]},{\"@type\":\"ImageObject\",\"inLanguage\":\"fr-FR\",\"@id\":\"https:\\\/\\\/www.cc3rivieres76.com\\\/blog\\\/informations-francaise-peine-aggravee-pour-le-journaliste-ihsane-el-kadi-france\\\/#primaryimage\",\"url\":\"https:\\\/\\\/www.cc3rivieres76.com\\\/blog\\\/wp-content\\\/uploads\\\/2023\\\/06\\\/informations-francaise-peine-aggravee-pour-le-journaliste-ihsane-el-kadi-france.jpg\",\"contentUrl\":\"https:\\\/\\\/www.cc3rivieres76.com\\\/blog\\\/wp-content\\\/uploads\\\/2023\\\/06\\\/informations-francaise-peine-aggravee-pour-le-journaliste-ihsane-el-kadi-france.jpg\",\"width\":780,\"height\":520,\"caption\":\"Informations fran\u00e7aise: peine\u00a0aggrav\u00e9e pour le journaliste Ihsane El Kadi #France\"},{\"@type\":\"BreadcrumbList\",\"@id\":\"https:\\\/\\\/www.cc3rivieres76.com\\\/blog\\\/informations-francaise-peine-aggravee-pour-le-journaliste-ihsane-el-kadi-france\\\/#breadcrumb\",\"itemListElement\":[{\"@type\":\"ListItem\",\"position\":1,\"name\":\"Accueil\",\"item\":\"https:\\\/\\\/www.cc3rivieres76.com\\\/blog\\\/\"},{\"@type\":\"ListItem\",\"position\":2,\"name\":\"Informations fran\u00e7aise: peine\u00a0aggrav\u00e9e pour le journaliste Ihsane El Kadi #France\"}]},{\"@type\":\"WebSite\",\"@id\":\"https:\\\/\\\/www.cc3rivieres76.com\\\/blog\\\/#website\",\"url\":\"https:\\\/\\\/www.cc3rivieres76.com\\\/blog\\\/\",\"name\":\"CC3RIVIERES76\",\"description\":\"Les 3 rivi\u00e8res dans la Somme.\",\"publisher\":{\"@id\":\"https:\\\/\\\/www.cc3rivieres76.com\\\/blog\\\/#organization\"},\"potentialAction\":[{\"@type\":\"SearchAction\",\"target\":{\"@type\":\"EntryPoint\",\"urlTemplate\":\"https:\\\/\\\/www.cc3rivieres76.com\\\/blog\\\/?s={search_term_string}\"},\"query-input\":{\"@type\":\"PropertyValueSpecification\",\"valueRequired\":true,\"valueName\":\"search_term_string\"}}],\"inLanguage\":\"fr-FR\"},{\"@type\":\"Organization\",\"@id\":\"https:\\\/\\\/www.cc3rivieres76.com\\\/blog\\\/#organization\",\"name\":\"cc3rivieres76\",\"url\":\"https:\\\/\\\/www.cc3rivieres76.com\\\/blog\\\/\",\"logo\":{\"@type\":\"ImageObject\",\"inLanguage\":\"fr-FR\",\"@id\":\"https:\\\/\\\/www.cc3rivieres76.com\\\/blog\\\/#\\\/schema\\\/logo\\\/image\\\/\",\"url\":\"https:\\\/\\\/www.cc3rivieres76.com\\\/blog\\\/wp-content\\\/uploads\\\/2023\\\/06\\\/logo-2.png\",\"contentUrl\":\"https:\\\/\\\/www.cc3rivieres76.com\\\/blog\\\/wp-content\\\/uploads\\\/2023\\\/06\\\/logo-2.png\",\"width\":390,\"height\":388,\"caption\":\"cc3rivieres76\"},\"image\":{\"@id\":\"https:\\\/\\\/www.cc3rivieres76.com\\\/blog\\\/#\\\/schema\\\/logo\\\/image\\\/\"}},{\"@type\":\"Person\",\"@id\":\"https:\\\/\\\/www.cc3rivieres76.com\\\/blog\\\/#\\\/schema\\\/person\\\/474d457fb7747b5218f39792dfaa5a1c\",\"name\":\"Sylvie DE LAUZAINGHEIN\",\"image\":{\"@type\":\"ImageObject\",\"inLanguage\":\"fr-FR\",\"@id\":\"https:\\\/\\\/secure.gravatar.com\\\/avatar\\\/9c6a53b19e0a3431aa80de0895b9729fe665cd7e7d6cc94fc11abb152f4237d7?s=96&d=mm&r=g\",\"url\":\"https:\\\/\\\/secure.gravatar.com\\\/avatar\\\/9c6a53b19e0a3431aa80de0895b9729fe665cd7e7d6cc94fc11abb152f4237d7?s=96&d=mm&r=g\",\"contentUrl\":\"https:\\\/\\\/secure.gravatar.com\\\/avatar\\\/9c6a53b19e0a3431aa80de0895b9729fe665cd7e7d6cc94fc11abb152f4237d7?s=96&d=mm&r=g\",\"caption\":\"Sylvie DE LAUZAINGHEIN\"},\"url\":\"https:\\\/\\\/www.cc3rivieres76.com\\\/blog\\\/author\\\/s76sylvie\\\/\"}]}<\/script>\n<!-- \/ Yoast SEO plugin. -->","yoast_head_json":{"title":"Informations fran\u00e7aise: peine\u00a0aggrav\u00e9e pour le journaliste Ihsane El Kadi #France - CC3RIVIERES76","robots":{"index":"index","follow":"follow","max-snippet":"max-snippet:-1","max-image-preview":"max-image-preview:large","max-video-preview":"max-video-preview:-1"},"canonical":"https:\/\/www.cc3rivieres76.com\/blog\/informations-francaise-peine-aggravee-pour-le-journaliste-ihsane-el-kadi-france\/","og_locale":"fr_FR","og_type":"article","og_title":"Informations fran\u00e7aise: peine\u00a0aggrav\u00e9e pour le journaliste Ihsane El Kadi #France - CC3RIVIERES76","og_description":"Fid\u00e8le \u00e0 sa mission, ce site va porter \u00e0 votre connaissance un encart assez complet qui se propage sur internet. Le propos est \u00abActualit\u00e9 fran\u00e7aise\u00bb. Sachez que le journaliste (identifi\u00e9 sous la signature ) est connu et fiable pour plusieurs autres \u00e9ditoriaux qu\u2019il a publi\u00e9s sur le web. L\u2019encart a \u00e9t\u00e9 diffus\u00e9 \u00e0 une date &hellip; Continuer la lecture \u00ab\u00a0Informations fran\u00e7aise: peine\u00a0aggrav\u00e9e pour le journaliste Ihsane El Kadi #France\u00a0\u00bb","og_url":"https:\/\/www.cc3rivieres76.com\/blog\/informations-francaise-peine-aggravee-pour-le-journaliste-ihsane-el-kadi-france\/","og_site_name":"CC3RIVIERES76","article_published_time":"2023-06-19T07:26:00+00:00","author":"Sylvie DE LAUZAINGHEIN","twitter_card":"summary_large_image","twitter_misc":{"\u00c9crit par":"Sylvie DE LAUZAINGHEIN","Dur\u00e9e de lecture estim\u00e9e":"1 minute"},"schema":{"@context":"https:\/\/schema.org","@graph":[{"@type":"Article","@id":"https:\/\/www.cc3rivieres76.com\/blog\/informations-francaise-peine-aggravee-pour-le-journaliste-ihsane-el-kadi-france\/#article","isPartOf":{"@id":"https:\/\/www.cc3rivieres76.com\/blog\/informations-francaise-peine-aggravee-pour-le-journaliste-ihsane-el-kadi-france\/"},"author":{"name":"Sylvie DE LAUZAINGHEIN","@id":"https:\/\/www.cc3rivieres76.com\/blog\/#\/schema\/person\/474d457fb7747b5218f39792dfaa5a1c"},"headline":"Informations fran\u00e7aise: peine\u00a0aggrav\u00e9e pour le journaliste Ihsane El Kadi #France","datePublished":"2023-06-19T07:26:00+00:00","mainEntityOfPage":{"@id":"https:\/\/www.cc3rivieres76.com\/blog\/informations-francaise-peine-aggravee-pour-le-journaliste-ihsane-el-kadi-france\/"},"wordCount":216,"publisher":{"@id":"https:\/\/www.cc3rivieres76.com\/blog\/#organization"},"image":{"@id":"https:\/\/www.cc3rivieres76.com\/blog\/informations-francaise-peine-aggravee-pour-le-journaliste-ihsane-el-kadi-france\/#primaryimage"},"thumbnailUrl":"https:\/\/www.cc3rivieres76.com\/blog\/wp-content\/uploads\/2023\/06\/informations-francaise-peine-aggravee-pour-le-journaliste-ihsane-el-kadi-france.jpg","articleSection":["Les 3 Rivi\u00e8res Dans La Somme:"],"inLanguage":"fr-FR"},{"@type":"WebPage","@id":"https:\/\/www.cc3rivieres76.com\/blog\/informations-francaise-peine-aggravee-pour-le-journaliste-ihsane-el-kadi-france\/","url":"https:\/\/www.cc3rivieres76.com\/blog\/informations-francaise-peine-aggravee-pour-le-journaliste-ihsane-el-kadi-france\/","name":"Informations fran\u00e7aise: peine\u00a0aggrav\u00e9e pour le journaliste Ihsane El Kadi #France - CC3RIVIERES76","isPartOf":{"@id":"https:\/\/www.cc3rivieres76.com\/blog\/#website"},"primaryImageOfPage":{"@id":"https:\/\/www.cc3rivieres76.com\/blog\/informations-francaise-peine-aggravee-pour-le-journaliste-ihsane-el-kadi-france\/#primaryimage"},"image":{"@id":"https:\/\/www.cc3rivieres76.com\/blog\/informations-francaise-peine-aggravee-pour-le-journaliste-ihsane-el-kadi-france\/#primaryimage"},"thumbnailUrl":"https:\/\/www.cc3rivieres76.com\/blog\/wp-content\/uploads\/2023\/06\/informations-francaise-peine-aggravee-pour-le-journaliste-ihsane-el-kadi-france.jpg","datePublished":"2023-06-19T07:26:00+00:00","breadcrumb":{"@id":"https:\/\/www.cc3rivieres76.com\/blog\/informations-francaise-peine-aggravee-pour-le-journaliste-ihsane-el-kadi-france\/#breadcrumb"},"inLanguage":"fr-FR","potentialAction":[{"@type":"ReadAction","target":["https:\/\/www.cc3rivieres76.com\/blog\/informations-francaise-peine-aggravee-pour-le-journaliste-ihsane-el-kadi-france\/"]}]},{"@type":"ImageObject","inLanguage":"fr-FR","@id":"https:\/\/www.cc3rivieres76.com\/blog\/informations-francaise-peine-aggravee-pour-le-journaliste-ihsane-el-kadi-france\/#primaryimage","url":"https:\/\/www.cc3rivieres76.com\/blog\/wp-content\/uploads\/2023\/06\/informations-francaise-peine-aggravee-pour-le-journaliste-ihsane-el-kadi-france.jpg","contentUrl":"https:\/\/www.cc3rivieres76.com\/blog\/wp-content\/uploads\/2023\/06\/informations-francaise-peine-aggravee-pour-le-journaliste-ihsane-el-kadi-france.jpg","width":780,"height":520,"caption":"Informations fran\u00e7aise: peine\u00a0aggrav\u00e9e pour le journaliste Ihsane El Kadi #France"},{"@type":"BreadcrumbList","@id":"https:\/\/www.cc3rivieres76.com\/blog\/informations-francaise-peine-aggravee-pour-le-journaliste-ihsane-el-kadi-france\/#breadcrumb","itemListElement":[{"@type":"ListItem","position":1,"name":"Accueil","item":"https:\/\/www.cc3rivieres76.com\/blog\/"},{"@type":"ListItem","position":2,"name":"Informations fran\u00e7aise: peine\u00a0aggrav\u00e9e pour le journaliste Ihsane El Kadi #France"}]},{"@type":"WebSite","@id":"https:\/\/www.cc3rivieres76.com\/blog\/#website","url":"https:\/\/www.cc3rivieres76.com\/blog\/","name":"CC3RIVIERES76","description":"Les 3 rivi\u00e8res dans la Somme.","publisher":{"@id":"https:\/\/www.cc3rivieres76.com\/blog\/#organization"},"potentialAction":[{"@type":"SearchAction","target":{"@type":"EntryPoint","urlTemplate":"https:\/\/www.cc3rivieres76.com\/blog\/?s={search_term_string}"},"query-input":{"@type":"PropertyValueSpecification","valueRequired":true,"valueName":"search_term_string"}}],"inLanguage":"fr-FR"},{"@type":"Organization","@id":"https:\/\/www.cc3rivieres76.com\/blog\/#organization","name":"cc3rivieres76","url":"https:\/\/www.cc3rivieres76.com\/blog\/","logo":{"@type":"ImageObject","inLanguage":"fr-FR","@id":"https:\/\/www.cc3rivieres76.com\/blog\/#\/schema\/logo\/image\/","url":"https:\/\/www.cc3rivieres76.com\/blog\/wp-content\/uploads\/2023\/06\/logo-2.png","contentUrl":"https:\/\/www.cc3rivieres76.com\/blog\/wp-content\/uploads\/2023\/06\/logo-2.png","width":390,"height":388,"caption":"cc3rivieres76"},"image":{"@id":"https:\/\/www.cc3rivieres76.com\/blog\/#\/schema\/logo\/image\/"}},{"@type":"Person","@id":"https:\/\/www.cc3rivieres76.com\/blog\/#\/schema\/person\/474d457fb7747b5218f39792dfaa5a1c","name":"Sylvie DE LAUZAINGHEIN","image":{"@type":"ImageObject","inLanguage":"fr-FR","@id":"https:\/\/secure.gravatar.com\/avatar\/9c6a53b19e0a3431aa80de0895b9729fe665cd7e7d6cc94fc11abb152f4237d7?s=96&d=mm&r=g","url":"https:\/\/secure.gravatar.com\/avatar\/9c6a53b19e0a3431aa80de0895b9729fe665cd7e7d6cc94fc11abb152f4237d7?s=96&d=mm&r=g","contentUrl":"https:\/\/secure.gravatar.com\/avatar\/9c6a53b19e0a3431aa80de0895b9729fe665cd7e7d6cc94fc11abb152f4237d7?s=96&d=mm&r=g","caption":"Sylvie DE LAUZAINGHEIN"},"url":"https:\/\/www.cc3rivieres76.com\/blog\/author\/s76sylvie\/"}]}},"_links":{"self":[{"href":"https:\/\/www.cc3rivieres76.com\/blog\/wp-json\/wp\/v2\/posts\/96","targetHints":{"allow":["GET"]}}],"collection":[{"href":"https:\/\/www.cc3rivieres76.com\/blog\/wp-json\/wp\/v2\/posts"}],"about":[{"href":"https:\/\/www.cc3rivieres76.com\/blog\/wp-json\/wp\/v2\/types\/post"}],"author":[{"embeddable":true,"href":"https:\/\/www.cc3rivieres76.com\/blog\/wp-json\/wp\/v2\/users\/3"}],"replies":[{"embeddable":true,"href":"https:\/\/www.cc3rivieres76.com\/blog\/wp-json\/wp\/v2\/comments?post=96"}],"version-history":[{"count":0,"href":"https:\/\/www.cc3rivieres76.com\/blog\/wp-json\/wp\/v2\/posts\/96\/revisions"}],"wp:featuredmedia":[{"embeddable":true,"href":"https:\/\/www.cc3rivieres76.com\/blog\/wp-json\/wp\/v2\/media\/97"}],"wp:attachment":[{"href":"https:\/\/www.cc3rivieres76.com\/blog\/wp-json\/wp\/v2\/media?parent=96"}],"wp:term":[{"taxonomy":"category","embeddable":true,"href":"https:\/\/www.cc3rivieres76.com\/blog\/wp-json\/wp\/v2\/categories?post=96"},{"taxonomy":"post_tag","embeddable":true,"href":"https:\/\/www.cc3rivieres76.com\/blog\/wp-json\/wp\/v2\/tags?post=96"}],"curies":[{"name":"wp","href":"https:\/\/api.w.org\/{rel}","templated":true}]}}