{"id":989,"date":"2025-11-06T19:05:00","date_gmt":"2025-11-06T18:05:00","guid":{"rendered":"https:\/\/v51.eu\/2025\/11\/06\/informations-francaises-lecole-elementaire-justiss-organise-la-journee-emmenez-vos-parents-a-leducation-physique\/"},"modified":"2025-11-06T19:05:00","modified_gmt":"2025-11-06T18:05:00","slug":"informations-francaises-lecole-elementaire-justiss-organise-la-journee-emmenez-vos-parents-a-leducation-physique","status":"publish","type":"post","link":"https:\/\/www.cc3rivieres76.com\/blog\/informations-francaises-lecole-elementaire-justiss-organise-la-journee-emmenez-vos-parents-a-leducation-physique\/","title":{"rendered":"Informations fran\u00e7aises: L\u2019\u00e9cole \u00e9l\u00e9mentaire Justiss organise la journ\u00e9e \u00ab\u00a0Emmenez vos parents \u00e0 l\u2019\u00e9ducation physique\u00a0\u00bb"},"content":{"rendered":"\n<p><img decoding=\"async\" src=\"https:\/\/www.cc3rivieres76.com\/blog\/wp-content\/uploads\/2025\/11\/informations-francaises-lecole-elementaire-justiss-organise-la-journee-emmenez-vos-parents-a-leducation-physique.jpg\"><br \/>L\u2019\u00e9cole \u00e9l\u00e9mentaire Justiss a r\u00e9cemment accueilli les parents sur le campus pour la journ\u00e9e \u00ab Emmenez vos parents \u00e0 l\u2019\u00e9ducation physique \u00bb, un \u00e9v\u00e9nement qui donne aux familles un aper\u00e7u direct du programme d\u2019\u00e9ducation physique de leur enfant.<\/p>\n<p>A lire:<\/p>\n<p>Histoire de France\/Les armes de la France dans l\u2019Histoire.,<a href=\"https:\/\/fr.wikibooks.org\/wiki\/Histoire_de_France\/Les_armes_de_la_France_dans_l%27Histoire\" target=\"_blank\" rel=\"noopener noreferrer nofollow\">Lien sur la fiche descriptive<\/a><span><\/span>.<\/p>\n<p>Photographie\/Personnalit\u00e9s\/M\/Gaudenzio Marconi.,<a href=\"https:\/\/fr.wikibooks.org\/wiki\/Photographie\/Personnalit%C3%A9s\/M\/Gaudenzio_Marconi\" target=\"_blank\" rel=\"noopener noreferrer nofollow\">Fiche du livre<\/a><span><\/span>. Disponible sur internet.<\/p>\n<p>Ville30\/Bibliographie.,<a href=\"https:\/\/fr.wikibooks.org\/wiki\/Ville30\/Bibliographie\" target=\"_blank\" rel=\"noopener noreferrer nofollow\">Le livre <\/a><span><\/span>. Disponible dans toutes les bonnes librairies.<\/p>\n<p> Cette chronique se veut produite du mieux possible. Afin d\u2019\u00e9mettre des observations sur ce post sur le sujet \u00ab\u00a0Les 3 rivi\u00e8res dans la Somme\u00a0\u00bb veuillez utiliser les coordonn\u00e9es indiqu\u00e9es sur notre site web. Pour vous faciliter la t\u00e2che, cc3rivieres76.com vous r\u00e9v\u00e8le ce post qui aborde le sujet \u00ab\u00a0Les 3 rivi\u00e8res dans la Somme\u00a0\u00bb. Le site cc3rivieres76.com a pour but de cr\u00e9er plusieurs posts sur la th\u00e9matique Les 3 rivi\u00e8res dans la Somme communiqu\u00e9es sur internet. D\u2019ici quelques heures, nous lancerons d&rsquo;autres informations pertinentes sur le sujet \u00ab\u00a0Les 3 rivi\u00e8res dans la Somme\u00a0\u00bb. consultez de mani\u00e8re r\u00e9guli\u00e8re notre blog.<\/p>\n","protected":false},"excerpt":{"rendered":"<p>L\u2019\u00e9cole \u00e9l\u00e9mentaire Justiss a r\u00e9cemment accueilli les parents sur le campus pour la journ\u00e9e \u00ab Emmenez vos parents \u00e0 l\u2019\u00e9ducation physique \u00bb, un \u00e9v\u00e9nement qui donne aux familles un aper\u00e7u direct du programme d\u2019\u00e9ducation physique de leur enfant. A lire: Histoire de France\/Les armes de la France dans l\u2019Histoire.,Lien sur la fiche descriptive. Photographie\/Personnalit\u00e9s\/M\/Gaudenzio Marconi.,Fiche &hellip; <\/p>\n<p class=\"link-more\"><a href=\"https:\/\/www.cc3rivieres76.com\/blog\/informations-francaises-lecole-elementaire-justiss-organise-la-journee-emmenez-vos-parents-a-leducation-physique\/\" class=\"more-link\">Continuer la lecture <span class=\"screen-reader-text\"> \u00ab\u00a0Informations fran\u00e7aises: L\u2019\u00e9cole \u00e9l\u00e9mentaire Justiss organise la journ\u00e9e \u00ab\u00a0Emmenez vos parents \u00e0 l\u2019\u00e9ducation physique\u00a0\u00bb\u00a0\u00bb<\/span><\/a><\/p>\n","protected":false},"author":2,"featured_media":990,"comment_status":"closed","ping_status":"closed","sticky":false,"template":"","format":"standard","meta":{"footnotes":""},"categories":[6],"tags":[],"class_list":["post-989","post","type-post","status-publish","format-standard","has-post-thumbnail","hentry","category-documentation-les-3-rivieres-dans-la-somme","entry"],"yoast_head":"<!-- This site is optimized with the Yoast SEO plugin v27.5 - https:\/\/yoast.com\/product\/yoast-seo-wordpress\/ -->\n<title>Informations fran\u00e7aises: L\u2019\u00e9cole \u00e9l\u00e9mentaire Justiss organise la journ\u00e9e \u00ab\u00a0Emmenez vos parents \u00e0 l\u2019\u00e9ducation physique\u00a0\u00bb - CC3RIVIERES76<\/title>\n<meta name=\"robots\" content=\"index, follow, max-snippet:-1, max-image-preview:large, max-video-preview:-1\" \/>\n<link rel=\"canonical\" href=\"https:\/\/www.cc3rivieres76.com\/blog\/informations-francaises-lecole-elementaire-justiss-organise-la-journee-emmenez-vos-parents-a-leducation-physique\/\" \/>\n<meta property=\"og:locale\" content=\"fr_FR\" \/>\n<meta property=\"og:type\" content=\"article\" \/>\n<meta property=\"og:title\" content=\"Informations fran\u00e7aises: L\u2019\u00e9cole \u00e9l\u00e9mentaire Justiss organise la journ\u00e9e \u00ab\u00a0Emmenez vos parents \u00e0 l\u2019\u00e9ducation physique\u00a0\u00bb - CC3RIVIERES76\" \/>\n<meta property=\"og:description\" content=\"L\u2019\u00e9cole \u00e9l\u00e9mentaire Justiss a r\u00e9cemment accueilli les parents sur le campus pour la journ\u00e9e \u00ab Emmenez vos parents \u00e0 l\u2019\u00e9ducation physique \u00bb, un \u00e9v\u00e9nement qui donne aux familles un aper\u00e7u direct du programme d\u2019\u00e9ducation physique de leur enfant. A lire: Histoire de France\/Les armes de la France dans l\u2019Histoire.,Lien sur la fiche descriptive. Photographie\/Personnalit\u00e9s\/M\/Gaudenzio Marconi.,Fiche &hellip; Continuer la lecture \u00ab\u00a0Informations fran\u00e7aises: L\u2019\u00e9cole \u00e9l\u00e9mentaire Justiss organise la journ\u00e9e \u00ab\u00a0Emmenez vos parents \u00e0 l\u2019\u00e9ducation physique\u00a0\u00bb\u00a0\u00bb\" \/>\n<meta property=\"og:url\" content=\"https:\/\/www.cc3rivieres76.com\/blog\/informations-francaises-lecole-elementaire-justiss-organise-la-journee-emmenez-vos-parents-a-leducation-physique\/\" \/>\n<meta property=\"og:site_name\" content=\"CC3RIVIERES76\" \/>\n<meta property=\"article:published_time\" content=\"2025-11-06T18:05:00+00:00\" \/>\n<meta property=\"og:image\" content=\"https:\/\/www.cc3rivieres76.com\/blog\/wp-content\/uploads\/2025\/11\/informations-francaises-lecole-elementaire-justiss-organise-la-journee-emmenez-vos-parents-a-leducation-physique.jpg\" \/>\n<meta name=\"author\" content=\"Frater GLORIA\" \/>\n<meta name=\"twitter:card\" content=\"summary_large_image\" \/>\n<meta name=\"twitter:label1\" content=\"\u00c9crit par\" \/>\n\t<meta name=\"twitter:data1\" content=\"Frater GLORIA\" \/>\n\t<meta name=\"twitter:label2\" content=\"Dur\u00e9e de lecture estim\u00e9e\" \/>\n\t<meta name=\"twitter:data2\" content=\"1 minute\" \/>\n<script type=\"application\/ld+json\" class=\"yoast-schema-graph\">{\"@context\":\"https:\\\/\\\/schema.org\",\"@graph\":[{\"@type\":\"Article\",\"@id\":\"https:\\\/\\\/www.cc3rivieres76.com\\\/blog\\\/informations-francaises-lecole-elementaire-justiss-organise-la-journee-emmenez-vos-parents-a-leducation-physique\\\/#article\",\"isPartOf\":{\"@id\":\"https:\\\/\\\/www.cc3rivieres76.com\\\/blog\\\/informations-francaises-lecole-elementaire-justiss-organise-la-journee-emmenez-vos-parents-a-leducation-physique\\\/\"},\"author\":{\"name\":\"Frater GLORIA\",\"@id\":\"https:\\\/\\\/www.cc3rivieres76.com\\\/blog\\\/#\\\/schema\\\/person\\\/01c3eceba6cf14200159d7c395208b79\"},\"headline\":\"Informations fran\u00e7aises: L\u2019\u00e9cole \u00e9l\u00e9mentaire Justiss organise la journ\u00e9e \u00ab\u00a0Emmenez vos parents \u00e0 l\u2019\u00e9ducation physique\u00a0\u00bb\",\"datePublished\":\"2025-11-06T18:05:00+00:00\",\"mainEntityOfPage\":{\"@id\":\"https:\\\/\\\/www.cc3rivieres76.com\\\/blog\\\/informations-francaises-lecole-elementaire-justiss-organise-la-journee-emmenez-vos-parents-a-leducation-physique\\\/\"},\"wordCount\":217,\"publisher\":{\"@id\":\"https:\\\/\\\/www.cc3rivieres76.com\\\/blog\\\/#organization\"},\"image\":{\"@id\":\"https:\\\/\\\/www.cc3rivieres76.com\\\/blog\\\/informations-francaises-lecole-elementaire-justiss-organise-la-journee-emmenez-vos-parents-a-leducation-physique\\\/#primaryimage\"},\"thumbnailUrl\":\"https:\\\/\\\/www.cc3rivieres76.com\\\/blog\\\/wp-content\\\/uploads\\\/2025\\\/11\\\/informations-francaises-lecole-elementaire-justiss-organise-la-journee-emmenez-vos-parents-a-leducation-physique.jpg\",\"articleSection\":[\"Documentation : Les 3 Rivi\u00e8res Dans La Somme:\"],\"inLanguage\":\"fr-FR\"},{\"@type\":\"WebPage\",\"@id\":\"https:\\\/\\\/www.cc3rivieres76.com\\\/blog\\\/informations-francaises-lecole-elementaire-justiss-organise-la-journee-emmenez-vos-parents-a-leducation-physique\\\/\",\"url\":\"https:\\\/\\\/www.cc3rivieres76.com\\\/blog\\\/informations-francaises-lecole-elementaire-justiss-organise-la-journee-emmenez-vos-parents-a-leducation-physique\\\/\",\"name\":\"Informations fran\u00e7aises: L\u2019\u00e9cole \u00e9l\u00e9mentaire Justiss organise la journ\u00e9e \u00ab\u00a0Emmenez vos parents \u00e0 l\u2019\u00e9ducation physique\u00a0\u00bb - CC3RIVIERES76\",\"isPartOf\":{\"@id\":\"https:\\\/\\\/www.cc3rivieres76.com\\\/blog\\\/#website\"},\"primaryImageOfPage\":{\"@id\":\"https:\\\/\\\/www.cc3rivieres76.com\\\/blog\\\/informations-francaises-lecole-elementaire-justiss-organise-la-journee-emmenez-vos-parents-a-leducation-physique\\\/#primaryimage\"},\"image\":{\"@id\":\"https:\\\/\\\/www.cc3rivieres76.com\\\/blog\\\/informations-francaises-lecole-elementaire-justiss-organise-la-journee-emmenez-vos-parents-a-leducation-physique\\\/#primaryimage\"},\"thumbnailUrl\":\"https:\\\/\\\/www.cc3rivieres76.com\\\/blog\\\/wp-content\\\/uploads\\\/2025\\\/11\\\/informations-francaises-lecole-elementaire-justiss-organise-la-journee-emmenez-vos-parents-a-leducation-physique.jpg\",\"datePublished\":\"2025-11-06T18:05:00+00:00\",\"breadcrumb\":{\"@id\":\"https:\\\/\\\/www.cc3rivieres76.com\\\/blog\\\/informations-francaises-lecole-elementaire-justiss-organise-la-journee-emmenez-vos-parents-a-leducation-physique\\\/#breadcrumb\"},\"inLanguage\":\"fr-FR\",\"potentialAction\":[{\"@type\":\"ReadAction\",\"target\":[\"https:\\\/\\\/www.cc3rivieres76.com\\\/blog\\\/informations-francaises-lecole-elementaire-justiss-organise-la-journee-emmenez-vos-parents-a-leducation-physique\\\/\"]}]},{\"@type\":\"ImageObject\",\"inLanguage\":\"fr-FR\",\"@id\":\"https:\\\/\\\/www.cc3rivieres76.com\\\/blog\\\/informations-francaises-lecole-elementaire-justiss-organise-la-journee-emmenez-vos-parents-a-leducation-physique\\\/#primaryimage\",\"url\":\"https:\\\/\\\/www.cc3rivieres76.com\\\/blog\\\/wp-content\\\/uploads\\\/2025\\\/11\\\/informations-francaises-lecole-elementaire-justiss-organise-la-journee-emmenez-vos-parents-a-leducation-physique.jpg\",\"contentUrl\":\"https:\\\/\\\/www.cc3rivieres76.com\\\/blog\\\/wp-content\\\/uploads\\\/2025\\\/11\\\/informations-francaises-lecole-elementaire-justiss-organise-la-journee-emmenez-vos-parents-a-leducation-physique.jpg\",\"width\":300,\"height\":217,\"caption\":\"Informations fran\u00e7aises: L\u2019\u00e9cole \u00e9l\u00e9mentaire Justiss organise la journ\u00e9e \u00ab\u00a0Emmenez vos parents \u00e0 l\u2019\u00e9ducation physique\u00a0\u00bb\"},{\"@type\":\"BreadcrumbList\",\"@id\":\"https:\\\/\\\/www.cc3rivieres76.com\\\/blog\\\/informations-francaises-lecole-elementaire-justiss-organise-la-journee-emmenez-vos-parents-a-leducation-physique\\\/#breadcrumb\",\"itemListElement\":[{\"@type\":\"ListItem\",\"position\":1,\"name\":\"Accueil\",\"item\":\"https:\\\/\\\/www.cc3rivieres76.com\\\/blog\\\/\"},{\"@type\":\"ListItem\",\"position\":2,\"name\":\"Informations fran\u00e7aises: L\u2019\u00e9cole \u00e9l\u00e9mentaire Justiss organise la journ\u00e9e \u00ab\u00a0Emmenez vos parents \u00e0 l\u2019\u00e9ducation physique\u00a0\u00bb\"}]},{\"@type\":\"WebSite\",\"@id\":\"https:\\\/\\\/www.cc3rivieres76.com\\\/blog\\\/#website\",\"url\":\"https:\\\/\\\/www.cc3rivieres76.com\\\/blog\\\/\",\"name\":\"CC3RIVIERES76\",\"description\":\"Les 3 rivi\u00e8res dans la Somme.\",\"publisher\":{\"@id\":\"https:\\\/\\\/www.cc3rivieres76.com\\\/blog\\\/#organization\"},\"potentialAction\":[{\"@type\":\"SearchAction\",\"target\":{\"@type\":\"EntryPoint\",\"urlTemplate\":\"https:\\\/\\\/www.cc3rivieres76.com\\\/blog\\\/?s={search_term_string}\"},\"query-input\":{\"@type\":\"PropertyValueSpecification\",\"valueRequired\":true,\"valueName\":\"search_term_string\"}}],\"inLanguage\":\"fr-FR\"},{\"@type\":\"Organization\",\"@id\":\"https:\\\/\\\/www.cc3rivieres76.com\\\/blog\\\/#organization\",\"name\":\"cc3rivieres76\",\"url\":\"https:\\\/\\\/www.cc3rivieres76.com\\\/blog\\\/\",\"logo\":{\"@type\":\"ImageObject\",\"inLanguage\":\"fr-FR\",\"@id\":\"https:\\\/\\\/www.cc3rivieres76.com\\\/blog\\\/#\\\/schema\\\/logo\\\/image\\\/\",\"url\":\"https:\\\/\\\/www.cc3rivieres76.com\\\/blog\\\/wp-content\\\/uploads\\\/2023\\\/06\\\/logo-2.png\",\"contentUrl\":\"https:\\\/\\\/www.cc3rivieres76.com\\\/blog\\\/wp-content\\\/uploads\\\/2023\\\/06\\\/logo-2.png\",\"width\":390,\"height\":388,\"caption\":\"cc3rivieres76\"},\"image\":{\"@id\":\"https:\\\/\\\/www.cc3rivieres76.com\\\/blog\\\/#\\\/schema\\\/logo\\\/image\\\/\"}},{\"@type\":\"Person\",\"@id\":\"https:\\\/\\\/www.cc3rivieres76.com\\\/blog\\\/#\\\/schema\\\/person\\\/01c3eceba6cf14200159d7c395208b79\",\"name\":\"Frater GLORIA\",\"image\":{\"@type\":\"ImageObject\",\"inLanguage\":\"fr-FR\",\"@id\":\"https:\\\/\\\/secure.gravatar.com\\\/avatar\\\/1f183720655ee40b4a8703053ad8b70d27350df35abdd097e186c62324f4ba35?s=96&d=mm&r=g\",\"url\":\"https:\\\/\\\/secure.gravatar.com\\\/avatar\\\/1f183720655ee40b4a8703053ad8b70d27350df35abdd097e186c62324f4ba35?s=96&d=mm&r=g\",\"contentUrl\":\"https:\\\/\\\/secure.gravatar.com\\\/avatar\\\/1f183720655ee40b4a8703053ad8b70d27350df35abdd097e186c62324f4ba35?s=96&d=mm&r=g\",\"caption\":\"Frater GLORIA\"},\"url\":\"https:\\\/\\\/www.cc3rivieres76.com\\\/blog\\\/author\\\/s76frater\\\/\"}]}<\/script>\n<!-- \/ Yoast SEO plugin. -->","yoast_head_json":{"title":"Informations fran\u00e7aises: L\u2019\u00e9cole \u00e9l\u00e9mentaire Justiss organise la journ\u00e9e \u00ab\u00a0Emmenez vos parents \u00e0 l\u2019\u00e9ducation physique\u00a0\u00bb - CC3RIVIERES76","robots":{"index":"index","follow":"follow","max-snippet":"max-snippet:-1","max-image-preview":"max-image-preview:large","max-video-preview":"max-video-preview:-1"},"canonical":"https:\/\/www.cc3rivieres76.com\/blog\/informations-francaises-lecole-elementaire-justiss-organise-la-journee-emmenez-vos-parents-a-leducation-physique\/","og_locale":"fr_FR","og_type":"article","og_title":"Informations fran\u00e7aises: L\u2019\u00e9cole \u00e9l\u00e9mentaire Justiss organise la journ\u00e9e \u00ab\u00a0Emmenez vos parents \u00e0 l\u2019\u00e9ducation physique\u00a0\u00bb - CC3RIVIERES76","og_description":"L\u2019\u00e9cole \u00e9l\u00e9mentaire Justiss a r\u00e9cemment accueilli les parents sur le campus pour la journ\u00e9e \u00ab Emmenez vos parents \u00e0 l\u2019\u00e9ducation physique \u00bb, un \u00e9v\u00e9nement qui donne aux familles un aper\u00e7u direct du programme d\u2019\u00e9ducation physique de leur enfant. A lire: Histoire de France\/Les armes de la France dans l\u2019Histoire.,Lien sur la fiche descriptive. Photographie\/Personnalit\u00e9s\/M\/Gaudenzio Marconi.,Fiche &hellip; Continuer la lecture \u00ab\u00a0Informations fran\u00e7aises: L\u2019\u00e9cole \u00e9l\u00e9mentaire Justiss organise la journ\u00e9e \u00ab\u00a0Emmenez vos parents \u00e0 l\u2019\u00e9ducation physique\u00a0\u00bb\u00a0\u00bb","og_url":"https:\/\/www.cc3rivieres76.com\/blog\/informations-francaises-lecole-elementaire-justiss-organise-la-journee-emmenez-vos-parents-a-leducation-physique\/","og_site_name":"CC3RIVIERES76","article_published_time":"2025-11-06T18:05:00+00:00","og_image":[{"url":"https:\/\/www.cc3rivieres76.com\/blog\/wp-content\/uploads\/2025\/11\/informations-francaises-lecole-elementaire-justiss-organise-la-journee-emmenez-vos-parents-a-leducation-physique.jpg","type":"","width":"","height":""}],"author":"Frater GLORIA","twitter_card":"summary_large_image","twitter_misc":{"\u00c9crit par":"Frater GLORIA","Dur\u00e9e de lecture estim\u00e9e":"1 minute"},"schema":{"@context":"https:\/\/schema.org","@graph":[{"@type":"Article","@id":"https:\/\/www.cc3rivieres76.com\/blog\/informations-francaises-lecole-elementaire-justiss-organise-la-journee-emmenez-vos-parents-a-leducation-physique\/#article","isPartOf":{"@id":"https:\/\/www.cc3rivieres76.com\/blog\/informations-francaises-lecole-elementaire-justiss-organise-la-journee-emmenez-vos-parents-a-leducation-physique\/"},"author":{"name":"Frater GLORIA","@id":"https:\/\/www.cc3rivieres76.com\/blog\/#\/schema\/person\/01c3eceba6cf14200159d7c395208b79"},"headline":"Informations fran\u00e7aises: L\u2019\u00e9cole \u00e9l\u00e9mentaire Justiss organise la journ\u00e9e \u00ab\u00a0Emmenez vos parents \u00e0 l\u2019\u00e9ducation physique\u00a0\u00bb","datePublished":"2025-11-06T18:05:00+00:00","mainEntityOfPage":{"@id":"https:\/\/www.cc3rivieres76.com\/blog\/informations-francaises-lecole-elementaire-justiss-organise-la-journee-emmenez-vos-parents-a-leducation-physique\/"},"wordCount":217,"publisher":{"@id":"https:\/\/www.cc3rivieres76.com\/blog\/#organization"},"image":{"@id":"https:\/\/www.cc3rivieres76.com\/blog\/informations-francaises-lecole-elementaire-justiss-organise-la-journee-emmenez-vos-parents-a-leducation-physique\/#primaryimage"},"thumbnailUrl":"https:\/\/www.cc3rivieres76.com\/blog\/wp-content\/uploads\/2025\/11\/informations-francaises-lecole-elementaire-justiss-organise-la-journee-emmenez-vos-parents-a-leducation-physique.jpg","articleSection":["Documentation : Les 3 Rivi\u00e8res Dans La Somme:"],"inLanguage":"fr-FR"},{"@type":"WebPage","@id":"https:\/\/www.cc3rivieres76.com\/blog\/informations-francaises-lecole-elementaire-justiss-organise-la-journee-emmenez-vos-parents-a-leducation-physique\/","url":"https:\/\/www.cc3rivieres76.com\/blog\/informations-francaises-lecole-elementaire-justiss-organise-la-journee-emmenez-vos-parents-a-leducation-physique\/","name":"Informations fran\u00e7aises: L\u2019\u00e9cole \u00e9l\u00e9mentaire Justiss organise la journ\u00e9e \u00ab\u00a0Emmenez vos parents \u00e0 l\u2019\u00e9ducation physique\u00a0\u00bb - CC3RIVIERES76","isPartOf":{"@id":"https:\/\/www.cc3rivieres76.com\/blog\/#website"},"primaryImageOfPage":{"@id":"https:\/\/www.cc3rivieres76.com\/blog\/informations-francaises-lecole-elementaire-justiss-organise-la-journee-emmenez-vos-parents-a-leducation-physique\/#primaryimage"},"image":{"@id":"https:\/\/www.cc3rivieres76.com\/blog\/informations-francaises-lecole-elementaire-justiss-organise-la-journee-emmenez-vos-parents-a-leducation-physique\/#primaryimage"},"thumbnailUrl":"https:\/\/www.cc3rivieres76.com\/blog\/wp-content\/uploads\/2025\/11\/informations-francaises-lecole-elementaire-justiss-organise-la-journee-emmenez-vos-parents-a-leducation-physique.jpg","datePublished":"2025-11-06T18:05:00+00:00","breadcrumb":{"@id":"https:\/\/www.cc3rivieres76.com\/blog\/informations-francaises-lecole-elementaire-justiss-organise-la-journee-emmenez-vos-parents-a-leducation-physique\/#breadcrumb"},"inLanguage":"fr-FR","potentialAction":[{"@type":"ReadAction","target":["https:\/\/www.cc3rivieres76.com\/blog\/informations-francaises-lecole-elementaire-justiss-organise-la-journee-emmenez-vos-parents-a-leducation-physique\/"]}]},{"@type":"ImageObject","inLanguage":"fr-FR","@id":"https:\/\/www.cc3rivieres76.com\/blog\/informations-francaises-lecole-elementaire-justiss-organise-la-journee-emmenez-vos-parents-a-leducation-physique\/#primaryimage","url":"https:\/\/www.cc3rivieres76.com\/blog\/wp-content\/uploads\/2025\/11\/informations-francaises-lecole-elementaire-justiss-organise-la-journee-emmenez-vos-parents-a-leducation-physique.jpg","contentUrl":"https:\/\/www.cc3rivieres76.com\/blog\/wp-content\/uploads\/2025\/11\/informations-francaises-lecole-elementaire-justiss-organise-la-journee-emmenez-vos-parents-a-leducation-physique.jpg","width":300,"height":217,"caption":"Informations fran\u00e7aises: L\u2019\u00e9cole \u00e9l\u00e9mentaire Justiss organise la journ\u00e9e \u00ab\u00a0Emmenez vos parents \u00e0 l\u2019\u00e9ducation physique\u00a0\u00bb"},{"@type":"BreadcrumbList","@id":"https:\/\/www.cc3rivieres76.com\/blog\/informations-francaises-lecole-elementaire-justiss-organise-la-journee-emmenez-vos-parents-a-leducation-physique\/#breadcrumb","itemListElement":[{"@type":"ListItem","position":1,"name":"Accueil","item":"https:\/\/www.cc3rivieres76.com\/blog\/"},{"@type":"ListItem","position":2,"name":"Informations fran\u00e7aises: L\u2019\u00e9cole \u00e9l\u00e9mentaire Justiss organise la journ\u00e9e \u00ab\u00a0Emmenez vos parents \u00e0 l\u2019\u00e9ducation physique\u00a0\u00bb"}]},{"@type":"WebSite","@id":"https:\/\/www.cc3rivieres76.com\/blog\/#website","url":"https:\/\/www.cc3rivieres76.com\/blog\/","name":"CC3RIVIERES76","description":"Les 3 rivi\u00e8res dans la Somme.","publisher":{"@id":"https:\/\/www.cc3rivieres76.com\/blog\/#organization"},"potentialAction":[{"@type":"SearchAction","target":{"@type":"EntryPoint","urlTemplate":"https:\/\/www.cc3rivieres76.com\/blog\/?s={search_term_string}"},"query-input":{"@type":"PropertyValueSpecification","valueRequired":true,"valueName":"search_term_string"}}],"inLanguage":"fr-FR"},{"@type":"Organization","@id":"https:\/\/www.cc3rivieres76.com\/blog\/#organization","name":"cc3rivieres76","url":"https:\/\/www.cc3rivieres76.com\/blog\/","logo":{"@type":"ImageObject","inLanguage":"fr-FR","@id":"https:\/\/www.cc3rivieres76.com\/blog\/#\/schema\/logo\/image\/","url":"https:\/\/www.cc3rivieres76.com\/blog\/wp-content\/uploads\/2023\/06\/logo-2.png","contentUrl":"https:\/\/www.cc3rivieres76.com\/blog\/wp-content\/uploads\/2023\/06\/logo-2.png","width":390,"height":388,"caption":"cc3rivieres76"},"image":{"@id":"https:\/\/www.cc3rivieres76.com\/blog\/#\/schema\/logo\/image\/"}},{"@type":"Person","@id":"https:\/\/www.cc3rivieres76.com\/blog\/#\/schema\/person\/01c3eceba6cf14200159d7c395208b79","name":"Frater GLORIA","image":{"@type":"ImageObject","inLanguage":"fr-FR","@id":"https:\/\/secure.gravatar.com\/avatar\/1f183720655ee40b4a8703053ad8b70d27350df35abdd097e186c62324f4ba35?s=96&d=mm&r=g","url":"https:\/\/secure.gravatar.com\/avatar\/1f183720655ee40b4a8703053ad8b70d27350df35abdd097e186c62324f4ba35?s=96&d=mm&r=g","contentUrl":"https:\/\/secure.gravatar.com\/avatar\/1f183720655ee40b4a8703053ad8b70d27350df35abdd097e186c62324f4ba35?s=96&d=mm&r=g","caption":"Frater GLORIA"},"url":"https:\/\/www.cc3rivieres76.com\/blog\/author\/s76frater\/"}]}},"_links":{"self":[{"href":"https:\/\/www.cc3rivieres76.com\/blog\/wp-json\/wp\/v2\/posts\/989","targetHints":{"allow":["GET"]}}],"collection":[{"href":"https:\/\/www.cc3rivieres76.com\/blog\/wp-json\/wp\/v2\/posts"}],"about":[{"href":"https:\/\/www.cc3rivieres76.com\/blog\/wp-json\/wp\/v2\/types\/post"}],"author":[{"embeddable":true,"href":"https:\/\/www.cc3rivieres76.com\/blog\/wp-json\/wp\/v2\/users\/2"}],"replies":[{"embeddable":true,"href":"https:\/\/www.cc3rivieres76.com\/blog\/wp-json\/wp\/v2\/comments?post=989"}],"version-history":[{"count":0,"href":"https:\/\/www.cc3rivieres76.com\/blog\/wp-json\/wp\/v2\/posts\/989\/revisions"}],"wp:featuredmedia":[{"embeddable":true,"href":"https:\/\/www.cc3rivieres76.com\/blog\/wp-json\/wp\/v2\/media\/990"}],"wp:attachment":[{"href":"https:\/\/www.cc3rivieres76.com\/blog\/wp-json\/wp\/v2\/media?parent=989"}],"wp:term":[{"taxonomy":"category","embeddable":true,"href":"https:\/\/www.cc3rivieres76.com\/blog\/wp-json\/wp\/v2\/categories?post=989"},{"taxonomy":"post_tag","embeddable":true,"href":"https:\/\/www.cc3rivieres76.com\/blog\/wp-json\/wp\/v2\/tags?post=989"}],"curies":[{"name":"wp","href":"https:\/\/api.w.org\/{rel}","templated":true}]}}